{"id":183726,"date":"2015-12-02T13:29:00","date_gmt":"2015-12-02T13:29:00","guid":{"rendered":"https:\/\/www.webdo.tn\/fr\/blog\/la-statue-de-la-liberte-serait-une-inspiration-egyptienne\/183726\/"},"modified":"2025-05-18T21:57:56","modified_gmt":"2025-05-18T21:57:56","slug":"la-statue-de-la-liberte-serait-une-inspiration-egyptienne","status":"publish","type":"post","link":"https:\/\/www.webdo.tn\/fr\/actualite\/international\/la-statue-de-la-liberte-serait-une-inspiration-egyptienne\/183726\/","title":{"rendered":"La Statue de la Libert\u00e9 serait une inspiration \u00e9gyptienne !"},"content":{"rendered":"<p>Selon l&rsquo;Institut Smithsonian, l&rsquo;architecte de la Statue de la Libert\u00e9 \u00e0 New York, le Fran\u00e7ais Fr\u00e9d\u00e9ric-Auguste Bartholdi, s&rsquo;est inspir\u00e9 d&rsquo;une silhouette de femme arabe pour r\u00e9aliser sa c\u00e9l\u00e8bre \u0153uvre.<\/p>\n<p>Fr\u00e9d\u00e9ric-Auguste Bartholdi s\u2019\u00e9tait rendu en \u00c9gypte en 1855-1856 et avait d\u00e9velopp\u00e9 une passion pour les monuments publics \u00e0 grande \u00e9chelle et les structures de colosses.<\/p>\n<p>En 1869, le gouvernement \u00e9gyptien lan\u00e7ait un appel d&rsquo;offres pour \u00e9tablir un phare au bout du Canal de Suez, c\u2019est alors que Bartholdi propose d&rsquo;\u00e9riger la statue d&rsquo;une femme drap\u00e9e portant une torche, incarnant \u00ab\u00a0l&rsquo;\u00c9gypte apportant la lumi\u00e8re \u00e0 l&rsquo;Asie\u00a0\u00bb.<\/p>\n<p>Barry Moreno, auteur de plusieurs ouvrages sur la statue, affirme, photo \u00e0 l\u2019appui, que l\u2019architecte fran\u00e7ais s&rsquo;est inspir\u00e9 des colosses d&rsquo;\u00c9gypte et de la silhouette \u00ab\u00a0d&rsquo;une femme paysanne voil\u00e9e\u00a0\u00bb.<\/p>\n<p>Pr\u00e9vu pour le Canal de Suez, le projet a \u00e9t\u00e9 recal\u00e9. Bartholdi reprendra la silhouette de cette femme pour concevoir en 1870 la Statue de la Libert\u00e9, un cadeau de 46 m\u00e8tres de haut de la France aux \u00c9tats-Unis, qui sera inaugur\u00e9e en 1886, sous le nom officiel de \u00ab\u00a0Statue de la Libert\u00e9 \u00e9clairant le monde\u00a0\u00bb.<br \/>\nC.C.<\/p>\n","protected":false},"excerpt":{"rendered":"<p>La Statue de la Libert\u00e9 serait une inspiration \u00e9gyptienne !<\/p>\n","protected":false},"author":3222,"featured_media":316267,"comment_status":"open","ping_status":"closed","sticky":false,"template":"","format":"standard","meta":{"footnotes":""},"categories":[2598],"tags":[2600],"class_list":["post-183726","post","type-post","status-publish","format-standard","has-post-thumbnail","hentry","category-international","tag-guerre"],"yoast_head":"<!-- This site is optimized with the Yoast SEO Premium plugin v27.5 (Yoast SEO v27.5) - https:\/\/yoast.com\/product\/yoast-seo-premium-wordpress\/ -->\n<title>La Statue de la Libert\u00e9 serait une inspiration \u00e9gyptienne !<\/title>\n<meta name=\"description\" content=\"La Statue de la Libert\u00e9 serait une inspiration \u00e9gyptienne !\" \/>\n<link rel=\"canonical\" href=\"https:\/\/www.webdo.tn\/fr\/actualite\/international\/la-statue-de-la-liberte-serait-une-inspiration-egyptienne\/183726\/\" \/>\n<meta property=\"og:locale\" content=\"fr_FR\" \/>\n<meta property=\"og:type\" content=\"article\" \/>\n<meta property=\"og:title\" content=\"La Statue de la Libert\u00e9 serait une inspiration \u00e9gyptienne !\" \/>\n<meta property=\"og:description\" content=\"La Statue de la Libert\u00e9 serait une inspiration \u00e9gyptienne !\" \/>\n<meta property=\"og:url\" content=\"https:\/\/www.webdo.tn\/fr\/actualite\/international\/la-statue-de-la-liberte-serait-une-inspiration-egyptienne\/183726\/\" \/>\n<meta property=\"og:site_name\" content=\"webdo\" \/>\n<meta property=\"article:publisher\" content=\"https:\/\/www.facebook.com\/webdotn\" \/>\n<meta property=\"article:published_time\" content=\"2015-12-02T13:29:00+00:00\" \/>\n<meta property=\"article:modified_time\" content=\"2025-05-18T21:57:56+00:00\" \/>\n<meta property=\"og:image\" content=\"https:\/\/www.webdo.tn\/fr\/wp-content\/uploads\/2015\/12\/statue-199x300-1.jpg\" \/>\n\t<meta property=\"og:image:width\" content=\"199\" \/>\n\t<meta property=\"og:image:height\" content=\"300\" \/>\n\t<meta property=\"og:image:type\" content=\"image\/jpeg\" \/>\n<meta name=\"author\" content=\"webdo.tn\" \/>\n<meta name=\"twitter:card\" content=\"summary_large_image\" \/>\n<meta name=\"twitter:creator\" content=\"@webdo_tn\" \/>\n<meta name=\"twitter:site\" content=\"@webdo_tn\" \/>\n<meta name=\"twitter:label1\" content=\"\u00c9crit par\" \/>\n\t<meta name=\"twitter:data1\" content=\"webdo.tn\" \/>\n\t<meta name=\"twitter:label2\" content=\"Dur\u00e9e de lecture estim\u00e9e\" \/>\n\t<meta name=\"twitter:data2\" content=\"1 minute\" \/>\n<script type=\"application\/ld+json\" class=\"yoast-schema-graph\">{\"@context\":\"https:\\\/\\\/schema.org\",\"@graph\":[{\"@type\":\"NewsArticle\",\"@id\":\"https:\\\/\\\/www.webdo.tn\\\/fr\\\/actualite\\\/international\\\/la-statue-de-la-liberte-serait-une-inspiration-egyptienne\\\/183726\\\/#article\",\"isPartOf\":{\"@id\":\"https:\\\/\\\/www.webdo.tn\\\/fr\\\/actualite\\\/international\\\/la-statue-de-la-liberte-serait-une-inspiration-egyptienne\\\/183726\\\/\"},\"author\":{\"name\":\"webdo.tn\",\"@id\":\"https:\\\/\\\/www.webdo.tn\\\/fr\\\/#\\\/schema\\\/person\\\/9a9c6118d687c117df8ef3cc36a4d175\"},\"headline\":\"La Statue de la Libert\u00e9 serait une inspiration \u00e9gyptienne !\",\"datePublished\":\"2015-12-02T13:29:00+00:00\",\"dateModified\":\"2025-05-18T21:57:56+00:00\",\"mainEntityOfPage\":{\"@id\":\"https:\\\/\\\/www.webdo.tn\\\/fr\\\/actualite\\\/international\\\/la-statue-de-la-liberte-serait-une-inspiration-egyptienne\\\/183726\\\/\"},\"wordCount\":215,\"commentCount\":0,\"publisher\":{\"@id\":\"https:\\\/\\\/www.webdo.tn\\\/fr\\\/#organization\"},\"image\":{\"@id\":\"https:\\\/\\\/www.webdo.tn\\\/fr\\\/actualite\\\/international\\\/la-statue-de-la-liberte-serait-une-inspiration-egyptienne\\\/183726\\\/#primaryimage\"},\"thumbnailUrl\":\"https:\\\/\\\/www.webdo.tn\\\/fr\\\/wp-content\\\/uploads\\\/2015\\\/12\\\/statue-199x300-1.jpg\",\"keywords\":[\"guerre\"],\"articleSection\":[\"International\"],\"inLanguage\":\"fr-FR\"},{\"@type\":\"WebPage\",\"@id\":\"https:\\\/\\\/www.webdo.tn\\\/fr\\\/actualite\\\/international\\\/la-statue-de-la-liberte-serait-une-inspiration-egyptienne\\\/183726\\\/\",\"url\":\"https:\\\/\\\/www.webdo.tn\\\/fr\\\/actualite\\\/international\\\/la-statue-de-la-liberte-serait-une-inspiration-egyptienne\\\/183726\\\/\",\"name\":\"La Statue de la Libert\u00e9 serait une inspiration \u00e9gyptienne !\",\"isPartOf\":{\"@id\":\"https:\\\/\\\/www.webdo.tn\\\/fr\\\/#website\"},\"primaryImageOfPage\":{\"@id\":\"https:\\\/\\\/www.webdo.tn\\\/fr\\\/actualite\\\/international\\\/la-statue-de-la-liberte-serait-une-inspiration-egyptienne\\\/183726\\\/#primaryimage\"},\"image\":{\"@id\":\"https:\\\/\\\/www.webdo.tn\\\/fr\\\/actualite\\\/international\\\/la-statue-de-la-liberte-serait-une-inspiration-egyptienne\\\/183726\\\/#primaryimage\"},\"thumbnailUrl\":\"https:\\\/\\\/www.webdo.tn\\\/fr\\\/wp-content\\\/uploads\\\/2015\\\/12\\\/statue-199x300-1.jpg\",\"datePublished\":\"2015-12-02T13:29:00+00:00\",\"dateModified\":\"2025-05-18T21:57:56+00:00\",\"description\":\"La Statue de la Libert\u00e9 serait une inspiration \u00e9gyptienne !\",\"breadcrumb\":{\"@id\":\"https:\\\/\\\/www.webdo.tn\\\/fr\\\/actualite\\\/international\\\/la-statue-de-la-liberte-serait-une-inspiration-egyptienne\\\/183726\\\/#breadcrumb\"},\"inLanguage\":\"fr-FR\",\"potentialAction\":[{\"@type\":\"ReadAction\",\"target\":[\"https:\\\/\\\/www.webdo.tn\\\/fr\\\/actualite\\\/international\\\/la-statue-de-la-liberte-serait-une-inspiration-egyptienne\\\/183726\\\/\"]}]},{\"@type\":\"ImageObject\",\"inLanguage\":\"fr-FR\",\"@id\":\"https:\\\/\\\/www.webdo.tn\\\/fr\\\/actualite\\\/international\\\/la-statue-de-la-liberte-serait-une-inspiration-egyptienne\\\/183726\\\/#primaryimage\",\"url\":\"https:\\\/\\\/www.webdo.tn\\\/fr\\\/wp-content\\\/uploads\\\/2015\\\/12\\\/statue-199x300-1.jpg\",\"contentUrl\":\"https:\\\/\\\/www.webdo.tn\\\/fr\\\/wp-content\\\/uploads\\\/2015\\\/12\\\/statue-199x300-1.jpg\",\"width\":199,\"height\":300,\"caption\":\"La Statue de la Libert\u00e9 serait une inspiration \u00e9gyptienne !\"},{\"@type\":\"BreadcrumbList\",\"@id\":\"https:\\\/\\\/www.webdo.tn\\\/fr\\\/actualite\\\/international\\\/la-statue-de-la-liberte-serait-une-inspiration-egyptienne\\\/183726\\\/#breadcrumb\",\"itemListElement\":[{\"@type\":\"ListItem\",\"position\":1,\"name\":\"Accueil\",\"item\":\"https:\\\/\\\/www.webdo.tn\\\/fr\\\/\"},{\"@type\":\"ListItem\",\"position\":2,\"name\":\"La Statue de la Libert\u00e9 serait une inspiration \u00e9gyptienne !\"}]},{\"@type\":\"WebSite\",\"@id\":\"https:\\\/\\\/www.webdo.tn\\\/fr\\\/#website\",\"url\":\"https:\\\/\\\/www.webdo.tn\\\/fr\\\/\",\"name\":\"webdo\",\"description\":\"Tunisie - News en Tunisie et \u00e0 l&#039;international sur Webdo.tn\",\"publisher\":{\"@id\":\"https:\\\/\\\/www.webdo.tn\\\/fr\\\/#organization\"},\"potentialAction\":[{\"@type\":\"SearchAction\",\"target\":{\"@type\":\"EntryPoint\",\"urlTemplate\":\"https:\\\/\\\/www.webdo.tn\\\/fr\\\/?s={search_term_string}\"},\"query-input\":{\"@type\":\"PropertyValueSpecification\",\"valueRequired\":true,\"valueName\":\"search_term_string\"}}],\"inLanguage\":\"fr-FR\"},{\"@type\":\"Organization\",\"@id\":\"https:\\\/\\\/www.webdo.tn\\\/fr\\\/#organization\",\"name\":\"Webdo\",\"alternateName\":\"Webdo.tn\",\"url\":\"https:\\\/\\\/www.webdo.tn\\\/fr\\\/\",\"logo\":{\"@type\":\"ImageObject\",\"inLanguage\":\"fr-FR\",\"@id\":\"https:\\\/\\\/www.webdo.tn\\\/fr\\\/#\\\/schema\\\/logo\\\/image\\\/\",\"url\":\"https:\\\/\\\/www.webdo.tn\\\/fr\\\/wp-content\\\/uploads\\\/2025\\\/06\\\/Webdo-Tunisie_168377.jpg\",\"contentUrl\":\"https:\\\/\\\/www.webdo.tn\\\/fr\\\/wp-content\\\/uploads\\\/2025\\\/06\\\/Webdo-Tunisie_168377.jpg\",\"width\":301,\"height\":301,\"caption\":\"Webdo\"},\"image\":{\"@id\":\"https:\\\/\\\/www.webdo.tn\\\/fr\\\/#\\\/schema\\\/logo\\\/image\\\/\"},\"sameAs\":[\"https:\\\/\\\/www.facebook.com\\\/webdotn\",\"https:\\\/\\\/x.com\\\/webdo_tn\"],\"description\":\"Webdo est un m\u00e9dia num\u00e9rique tunisien fond\u00e9 en 2010, sp\u00e9cialis\u00e9 dans l\u2019actualit\u00e9 nationale et internationale, l\u2019\u00e9conomie, la soci\u00e9t\u00e9 et les analyses politiques. Le site s\u2019adresse \u00e0 un large public francophone et couvre l\u2019information tunisienne en temps r\u00e9el.\",\"email\":\"redac@webdo.tn\",\"legalName\":\"YNJ SARL\",\"foundingDate\":\"2010-09-06\",\"numberOfEmployees\":{\"@type\":\"QuantitativeValue\",\"minValue\":\"11\",\"maxValue\":\"50\"}},{\"@type\":\"Person\",\"@id\":\"https:\\\/\\\/www.webdo.tn\\\/fr\\\/#\\\/schema\\\/person\\\/9a9c6118d687c117df8ef3cc36a4d175\",\"name\":\"webdo.tn\",\"image\":{\"@type\":\"ImageObject\",\"inLanguage\":\"fr-FR\",\"@id\":\"https:\\\/\\\/secure.gravatar.com\\\/avatar\\\/7ce1f28c0c3bbac99ff550b85ef8e44a6950c6ee24514fb6a5489e51d06f0298?s=96&d=mm&r=g\",\"url\":\"https:\\\/\\\/secure.gravatar.com\\\/avatar\\\/7ce1f28c0c3bbac99ff550b85ef8e44a6950c6ee24514fb6a5489e51d06f0298?s=96&d=mm&r=g\",\"contentUrl\":\"https:\\\/\\\/secure.gravatar.com\\\/avatar\\\/7ce1f28c0c3bbac99ff550b85ef8e44a6950c6ee24514fb6a5489e51d06f0298?s=96&d=mm&r=g\",\"caption\":\"webdo.tn\"},\"url\":\"https:\\\/\\\/www.webdo.tn\\\/fr\\\/actualite\\\/author\\\/webdotn\\\/\"}]}<\/script>\n<!-- \/ Yoast SEO Premium plugin. -->","yoast_head_json":{"title":"La Statue de la Libert\u00e9 serait une inspiration \u00e9gyptienne !","description":"La Statue de la Libert\u00e9 serait une inspiration \u00e9gyptienne !","canonical":"https:\/\/www.webdo.tn\/fr\/actualite\/international\/la-statue-de-la-liberte-serait-une-inspiration-egyptienne\/183726\/","og_locale":"fr_FR","og_type":"article","og_title":"La Statue de la Libert\u00e9 serait une inspiration \u00e9gyptienne !","og_description":"La Statue de la Libert\u00e9 serait une inspiration \u00e9gyptienne !","og_url":"https:\/\/www.webdo.tn\/fr\/actualite\/international\/la-statue-de-la-liberte-serait-une-inspiration-egyptienne\/183726\/","og_site_name":"webdo","article_publisher":"https:\/\/www.facebook.com\/webdotn","article_published_time":"2015-12-02T13:29:00+00:00","article_modified_time":"2025-05-18T21:57:56+00:00","og_image":[{"width":199,"height":300,"url":"https:\/\/www.webdo.tn\/fr\/wp-content\/uploads\/2015\/12\/statue-199x300-1.jpg","type":"image\/jpeg"}],"author":"webdo.tn","twitter_card":"summary_large_image","twitter_creator":"@webdo_tn","twitter_site":"@webdo_tn","twitter_misc":{"\u00c9crit par":"webdo.tn","Dur\u00e9e de lecture estim\u00e9e":"1 minute"},"schema":{"@context":"https:\/\/schema.org","@graph":[{"@type":"NewsArticle","@id":"https:\/\/www.webdo.tn\/fr\/actualite\/international\/la-statue-de-la-liberte-serait-une-inspiration-egyptienne\/183726\/#article","isPartOf":{"@id":"https:\/\/www.webdo.tn\/fr\/actualite\/international\/la-statue-de-la-liberte-serait-une-inspiration-egyptienne\/183726\/"},"author":{"name":"webdo.tn","@id":"https:\/\/www.webdo.tn\/fr\/#\/schema\/person\/9a9c6118d687c117df8ef3cc36a4d175"},"headline":"La Statue de la Libert\u00e9 serait une inspiration \u00e9gyptienne !","datePublished":"2015-12-02T13:29:00+00:00","dateModified":"2025-05-18T21:57:56+00:00","mainEntityOfPage":{"@id":"https:\/\/www.webdo.tn\/fr\/actualite\/international\/la-statue-de-la-liberte-serait-une-inspiration-egyptienne\/183726\/"},"wordCount":215,"commentCount":0,"publisher":{"@id":"https:\/\/www.webdo.tn\/fr\/#organization"},"image":{"@id":"https:\/\/www.webdo.tn\/fr\/actualite\/international\/la-statue-de-la-liberte-serait-une-inspiration-egyptienne\/183726\/#primaryimage"},"thumbnailUrl":"https:\/\/www.webdo.tn\/fr\/wp-content\/uploads\/2015\/12\/statue-199x300-1.jpg","keywords":["guerre"],"articleSection":["International"],"inLanguage":"fr-FR"},{"@type":"WebPage","@id":"https:\/\/www.webdo.tn\/fr\/actualite\/international\/la-statue-de-la-liberte-serait-une-inspiration-egyptienne\/183726\/","url":"https:\/\/www.webdo.tn\/fr\/actualite\/international\/la-statue-de-la-liberte-serait-une-inspiration-egyptienne\/183726\/","name":"La Statue de la Libert\u00e9 serait une inspiration \u00e9gyptienne !","isPartOf":{"@id":"https:\/\/www.webdo.tn\/fr\/#website"},"primaryImageOfPage":{"@id":"https:\/\/www.webdo.tn\/fr\/actualite\/international\/la-statue-de-la-liberte-serait-une-inspiration-egyptienne\/183726\/#primaryimage"},"image":{"@id":"https:\/\/www.webdo.tn\/fr\/actualite\/international\/la-statue-de-la-liberte-serait-une-inspiration-egyptienne\/183726\/#primaryimage"},"thumbnailUrl":"https:\/\/www.webdo.tn\/fr\/wp-content\/uploads\/2015\/12\/statue-199x300-1.jpg","datePublished":"2015-12-02T13:29:00+00:00","dateModified":"2025-05-18T21:57:56+00:00","description":"La Statue de la Libert\u00e9 serait une inspiration \u00e9gyptienne !","breadcrumb":{"@id":"https:\/\/www.webdo.tn\/fr\/actualite\/international\/la-statue-de-la-liberte-serait-une-inspiration-egyptienne\/183726\/#breadcrumb"},"inLanguage":"fr-FR","potentialAction":[{"@type":"ReadAction","target":["https:\/\/www.webdo.tn\/fr\/actualite\/international\/la-statue-de-la-liberte-serait-une-inspiration-egyptienne\/183726\/"]}]},{"@type":"ImageObject","inLanguage":"fr-FR","@id":"https:\/\/www.webdo.tn\/fr\/actualite\/international\/la-statue-de-la-liberte-serait-une-inspiration-egyptienne\/183726\/#primaryimage","url":"https:\/\/www.webdo.tn\/fr\/wp-content\/uploads\/2015\/12\/statue-199x300-1.jpg","contentUrl":"https:\/\/www.webdo.tn\/fr\/wp-content\/uploads\/2015\/12\/statue-199x300-1.jpg","width":199,"height":300,"caption":"La Statue de la Libert\u00e9 serait une inspiration \u00e9gyptienne !"},{"@type":"BreadcrumbList","@id":"https:\/\/www.webdo.tn\/fr\/actualite\/international\/la-statue-de-la-liberte-serait-une-inspiration-egyptienne\/183726\/#breadcrumb","itemListElement":[{"@type":"ListItem","position":1,"name":"Accueil","item":"https:\/\/www.webdo.tn\/fr\/"},{"@type":"ListItem","position":2,"name":"La Statue de la Libert\u00e9 serait une inspiration \u00e9gyptienne !"}]},{"@type":"WebSite","@id":"https:\/\/www.webdo.tn\/fr\/#website","url":"https:\/\/www.webdo.tn\/fr\/","name":"webdo","description":"Tunisie - News en Tunisie et \u00e0 l&#039;international sur Webdo.tn","publisher":{"@id":"https:\/\/www.webdo.tn\/fr\/#organization"},"potentialAction":[{"@type":"SearchAction","target":{"@type":"EntryPoint","urlTemplate":"https:\/\/www.webdo.tn\/fr\/?s={search_term_string}"},"query-input":{"@type":"PropertyValueSpecification","valueRequired":true,"valueName":"search_term_string"}}],"inLanguage":"fr-FR"},{"@type":"Organization","@id":"https:\/\/www.webdo.tn\/fr\/#organization","name":"Webdo","alternateName":"Webdo.tn","url":"https:\/\/www.webdo.tn\/fr\/","logo":{"@type":"ImageObject","inLanguage":"fr-FR","@id":"https:\/\/www.webdo.tn\/fr\/#\/schema\/logo\/image\/","url":"https:\/\/www.webdo.tn\/fr\/wp-content\/uploads\/2025\/06\/Webdo-Tunisie_168377.jpg","contentUrl":"https:\/\/www.webdo.tn\/fr\/wp-content\/uploads\/2025\/06\/Webdo-Tunisie_168377.jpg","width":301,"height":301,"caption":"Webdo"},"image":{"@id":"https:\/\/www.webdo.tn\/fr\/#\/schema\/logo\/image\/"},"sameAs":["https:\/\/www.facebook.com\/webdotn","https:\/\/x.com\/webdo_tn"],"description":"Webdo est un m\u00e9dia num\u00e9rique tunisien fond\u00e9 en 2010, sp\u00e9cialis\u00e9 dans l\u2019actualit\u00e9 nationale et internationale, l\u2019\u00e9conomie, la soci\u00e9t\u00e9 et les analyses politiques. Le site s\u2019adresse \u00e0 un large public francophone et couvre l\u2019information tunisienne en temps r\u00e9el.","email":"redac@webdo.tn","legalName":"YNJ SARL","foundingDate":"2010-09-06","numberOfEmployees":{"@type":"QuantitativeValue","minValue":"11","maxValue":"50"}},{"@type":"Person","@id":"https:\/\/www.webdo.tn\/fr\/#\/schema\/person\/9a9c6118d687c117df8ef3cc36a4d175","name":"webdo.tn","image":{"@type":"ImageObject","inLanguage":"fr-FR","@id":"https:\/\/secure.gravatar.com\/avatar\/7ce1f28c0c3bbac99ff550b85ef8e44a6950c6ee24514fb6a5489e51d06f0298?s=96&d=mm&r=g","url":"https:\/\/secure.gravatar.com\/avatar\/7ce1f28c0c3bbac99ff550b85ef8e44a6950c6ee24514fb6a5489e51d06f0298?s=96&d=mm&r=g","contentUrl":"https:\/\/secure.gravatar.com\/avatar\/7ce1f28c0c3bbac99ff550b85ef8e44a6950c6ee24514fb6a5489e51d06f0298?s=96&d=mm&r=g","caption":"webdo.tn"},"url":"https:\/\/www.webdo.tn\/fr\/actualite\/author\/webdotn\/"}]}},"_links":{"self":[{"href":"https:\/\/www.webdo.tn\/fr\/wp-json\/wp\/v2\/posts\/183726","targetHints":{"allow":["GET"]}}],"collection":[{"href":"https:\/\/www.webdo.tn\/fr\/wp-json\/wp\/v2\/posts"}],"about":[{"href":"https:\/\/www.webdo.tn\/fr\/wp-json\/wp\/v2\/types\/post"}],"author":[{"embeddable":true,"href":"https:\/\/www.webdo.tn\/fr\/wp-json\/wp\/v2\/users\/3222"}],"replies":[{"embeddable":true,"href":"https:\/\/www.webdo.tn\/fr\/wp-json\/wp\/v2\/comments?post=183726"}],"version-history":[{"count":0,"href":"https:\/\/www.webdo.tn\/fr\/wp-json\/wp\/v2\/posts\/183726\/revisions"}],"wp:featuredmedia":[{"embeddable":true,"href":"https:\/\/www.webdo.tn\/fr\/wp-json\/wp\/v2\/media\/316267"}],"wp:attachment":[{"href":"https:\/\/www.webdo.tn\/fr\/wp-json\/wp\/v2\/media?parent=183726"}],"wp:term":[{"taxonomy":"category","embeddable":true,"href":"https:\/\/www.webdo.tn\/fr\/wp-json\/wp\/v2\/categories?post=183726"},{"taxonomy":"post_tag","embeddable":true,"href":"https:\/\/www.webdo.tn\/fr\/wp-json\/wp\/v2\/tags?post=183726"}],"curies":[{"name":"wp","href":"https:\/\/api.w.org\/{rel}","templated":true}]}}