{"id":183725,"date":"2015-12-02T20:25:00","date_gmt":"2015-12-02T20:25:00","guid":{"rendered":"https:\/\/www.webdo.tn\/fr\/blog\/la-russie-devoile-les-intineraires-de-livraison-du-petrole-vole-par-daech-en-turquie\/183725\/"},"modified":"2025-05-18T21:58:05","modified_gmt":"2025-05-18T21:58:05","slug":"la-russie-devoile-les-intineraires-de-livraison-du-petrole-vole-par-daech-en-turquie","status":"publish","type":"post","link":"https:\/\/www.webdo.tn\/fr\/actualite\/international\/la-russie-devoile-les-intineraires-de-livraison-du-petrole-vole-par-daech-en-turquie\/183725\/","title":{"rendered":"La Russie d\u00e9voile les itin\u00e9raires de livraison du p\u00e9trole vol\u00e9 par Daech en Turquie"},"content":{"rendered":"<p>Depuis que la Turquie a abattu un avion militaire russe, la semaine derni\u00e8re, c&rsquo;est la guerre froide entre les deux pays. Les deux pr\u00e9sidents, Poutine et Erdogan se r\u00e9pondent du tac au tac.<\/p>\n<p>Ainsi, et apr\u00e8s que Poutine ait accus\u00e9, lundi dernier, son homologue turc de prot\u00e9ger le p\u00e9trole de Daech. Le pr\u00e9sident russe estime que la d\u00e9cision d\u2019abattre notre avion a \u00e9t\u00e9 dict\u00e9e par la volont\u00e9 de prot\u00e9ger ces chemins d\u2019acheminement de p\u00e9trole vers le territoire turc.<\/p>\n<p>Aujourd&rsquo;hui, voil\u00e0 que la Russie avance la preuve de ce qu&rsquo;elle pr\u00e9tend, selon le quotidien anglais Dailymail et certaines agences russes. Trois itin\u00e9raires de livraisons du p\u00e9trole de Daech en Turquie ont ainsi \u00e9t\u00e9 d\u00e9voil\u00e9 par le minist\u00e8re russe de la D\u00e9fense.<\/p>\n<p>Selon, le vice-minitre Anatoly Antonov, \u00ab\u00a0La Turquie est le principal consommateur du p\u00e9trole vol\u00e9 en Syrie et en Irak. Selon les informations recueillies, le pr\u00e9sident turc Erdogan et sa famille sont impliqu\u00e9s dans le syst\u00e8me de trafic de p\u00e9trole vol\u00e9 par l\u2019EI en Syrie\u00a0\u00bb.<\/p>\n<p>\u00a0<\/p>\n<p>Apr\u00e8s avoir franchi la fronti\u00e8re turco-syrienne, les camions-citernes transportent le p\u00e9trole de l&rsquo;EI vers des ports o\u00f9 l&rsquo;or noir est ensuite achemin\u00e9 vers des pays tiers en vue de son raffinage.<\/p>\n<p>La Russie a d\u00e9tect\u00e9 trois itin\u00e9raires de livraison du p\u00e9trole de l&rsquo;EI en Turquie depuis la Syrie. L\u2019itin\u00e9raire ouest est connect\u00e9 aux ports turcs de la M\u00e9diterran\u00e9e, l\u2019itin\u00e9raire nord m\u00e8ne \u00e0 Batman, et l\u2019itin\u00e9raire est \u00e0 la base de transit dans la municipalit\u00e9 de Cizre.<\/p>\n<p>Pendant ce temps-l\u00e0, la Russie a annonc\u00e9 qu&rsquo;elle continuera de frapper les sites d&rsquo;infrastructure p\u00e9troli\u00e8re de Daech<br \/>\nN.J.<\/p>\n","protected":false},"excerpt":{"rendered":"<p>La Russie d\u00e9voile les itin\u00e9raires de livraison du p\u00e9trole vol\u00e9 par Daech en Turquie<\/p>\n","protected":false},"author":3222,"featured_media":316282,"comment_status":"open","ping_status":"closed","sticky":false,"template":"","format":"standard","meta":{"footnotes":""},"categories":[2598],"tags":[2600],"class_list":["post-183725","post","type-post","status-publish","format-standard","has-post-thumbnail","hentry","category-international","tag-guerre"],"yoast_head":"<!-- This site is optimized with the Yoast SEO Premium plugin v27.5 (Yoast SEO v27.5) - https:\/\/yoast.com\/product\/yoast-seo-premium-wordpress\/ -->\n<title>La Russie d\u00e9voile les itin\u00e9raires de livraison du p\u00e9trole vol\u00e9 par Daech en Turquie<\/title>\n<meta name=\"description\" content=\"La Russie d\u00e9voile les itin\u00e9raires de livraison du p\u00e9trole vol\u00e9 par Daech en Turquie\" \/>\n<link rel=\"canonical\" href=\"https:\/\/www.webdo.tn\/fr\/actualite\/international\/la-russie-devoile-les-intineraires-de-livraison-du-petrole-vole-par-daech-en-turquie\/183725\/\" \/>\n<meta property=\"og:locale\" content=\"fr_FR\" \/>\n<meta property=\"og:type\" content=\"article\" \/>\n<meta property=\"og:title\" content=\"La Russie d\u00e9voile les itin\u00e9raires de livraison du p\u00e9trole vol\u00e9 par Daech en Turquie\" \/>\n<meta property=\"og:description\" content=\"La Russie d\u00e9voile les itin\u00e9raires de livraison du p\u00e9trole vol\u00e9 par Daech en Turquie\" \/>\n<meta property=\"og:url\" content=\"https:\/\/www.webdo.tn\/fr\/actualite\/international\/la-russie-devoile-les-intineraires-de-livraison-du-petrole-vole-par-daech-en-turquie\/183725\/\" \/>\n<meta property=\"og:site_name\" content=\"webdo\" \/>\n<meta property=\"article:publisher\" content=\"https:\/\/www.facebook.com\/webdotn\" \/>\n<meta property=\"article:published_time\" content=\"2015-12-02T20:25:00+00:00\" \/>\n<meta property=\"article:modified_time\" content=\"2025-05-18T21:58:05+00:00\" \/>\n<meta property=\"og:image\" content=\"https:\/\/www.webdo.tn\/fr\/wp-content\/uploads\/2015\/12\/1019976325-300x169-1.jpg\" \/>\n\t<meta property=\"og:image:width\" content=\"300\" \/>\n\t<meta property=\"og:image:height\" content=\"169\" \/>\n\t<meta property=\"og:image:type\" content=\"image\/jpeg\" \/>\n<meta name=\"author\" content=\"webdo.tn\" \/>\n<meta name=\"twitter:card\" content=\"summary_large_image\" \/>\n<meta name=\"twitter:creator\" content=\"@webdo_tn\" \/>\n<meta name=\"twitter:site\" content=\"@webdo_tn\" \/>\n<meta name=\"twitter:label1\" content=\"\u00c9crit par\" \/>\n\t<meta name=\"twitter:data1\" content=\"webdo.tn\" \/>\n\t<meta name=\"twitter:label2\" content=\"Dur\u00e9e de lecture estim\u00e9e\" \/>\n\t<meta name=\"twitter:data2\" content=\"1 minute\" \/>\n<script type=\"application\/ld+json\" class=\"yoast-schema-graph\">{\"@context\":\"https:\\\/\\\/schema.org\",\"@graph\":[{\"@type\":\"NewsArticle\",\"@id\":\"https:\\\/\\\/www.webdo.tn\\\/fr\\\/actualite\\\/international\\\/la-russie-devoile-les-intineraires-de-livraison-du-petrole-vole-par-daech-en-turquie\\\/183725\\\/#article\",\"isPartOf\":{\"@id\":\"https:\\\/\\\/www.webdo.tn\\\/fr\\\/actualite\\\/international\\\/la-russie-devoile-les-intineraires-de-livraison-du-petrole-vole-par-daech-en-turquie\\\/183725\\\/\"},\"author\":{\"name\":\"webdo.tn\",\"@id\":\"https:\\\/\\\/www.webdo.tn\\\/fr\\\/#\\\/schema\\\/person\\\/9a9c6118d687c117df8ef3cc36a4d175\"},\"headline\":\"La Russie d\u00e9voile les itin\u00e9raires de livraison du p\u00e9trole vol\u00e9 par Daech en Turquie\",\"datePublished\":\"2015-12-02T20:25:00+00:00\",\"dateModified\":\"2025-05-18T21:58:05+00:00\",\"mainEntityOfPage\":{\"@id\":\"https:\\\/\\\/www.webdo.tn\\\/fr\\\/actualite\\\/international\\\/la-russie-devoile-les-intineraires-de-livraison-du-petrole-vole-par-daech-en-turquie\\\/183725\\\/\"},\"wordCount\":324,\"commentCount\":0,\"publisher\":{\"@id\":\"https:\\\/\\\/www.webdo.tn\\\/fr\\\/#organization\"},\"image\":{\"@id\":\"https:\\\/\\\/www.webdo.tn\\\/fr\\\/actualite\\\/international\\\/la-russie-devoile-les-intineraires-de-livraison-du-petrole-vole-par-daech-en-turquie\\\/183725\\\/#primaryimage\"},\"thumbnailUrl\":\"https:\\\/\\\/www.webdo.tn\\\/fr\\\/wp-content\\\/uploads\\\/2015\\\/12\\\/1019976325-300x169-1.jpg\",\"keywords\":[\"guerre\"],\"articleSection\":[\"International\"],\"inLanguage\":\"fr-FR\"},{\"@type\":\"WebPage\",\"@id\":\"https:\\\/\\\/www.webdo.tn\\\/fr\\\/actualite\\\/international\\\/la-russie-devoile-les-intineraires-de-livraison-du-petrole-vole-par-daech-en-turquie\\\/183725\\\/\",\"url\":\"https:\\\/\\\/www.webdo.tn\\\/fr\\\/actualite\\\/international\\\/la-russie-devoile-les-intineraires-de-livraison-du-petrole-vole-par-daech-en-turquie\\\/183725\\\/\",\"name\":\"La Russie d\u00e9voile les itin\u00e9raires de livraison du p\u00e9trole vol\u00e9 par Daech en Turquie\",\"isPartOf\":{\"@id\":\"https:\\\/\\\/www.webdo.tn\\\/fr\\\/#website\"},\"primaryImageOfPage\":{\"@id\":\"https:\\\/\\\/www.webdo.tn\\\/fr\\\/actualite\\\/international\\\/la-russie-devoile-les-intineraires-de-livraison-du-petrole-vole-par-daech-en-turquie\\\/183725\\\/#primaryimage\"},\"image\":{\"@id\":\"https:\\\/\\\/www.webdo.tn\\\/fr\\\/actualite\\\/international\\\/la-russie-devoile-les-intineraires-de-livraison-du-petrole-vole-par-daech-en-turquie\\\/183725\\\/#primaryimage\"},\"thumbnailUrl\":\"https:\\\/\\\/www.webdo.tn\\\/fr\\\/wp-content\\\/uploads\\\/2015\\\/12\\\/1019976325-300x169-1.jpg\",\"datePublished\":\"2015-12-02T20:25:00+00:00\",\"dateModified\":\"2025-05-18T21:58:05+00:00\",\"description\":\"La Russie d\u00e9voile les itin\u00e9raires de livraison du p\u00e9trole vol\u00e9 par Daech en Turquie\",\"breadcrumb\":{\"@id\":\"https:\\\/\\\/www.webdo.tn\\\/fr\\\/actualite\\\/international\\\/la-russie-devoile-les-intineraires-de-livraison-du-petrole-vole-par-daech-en-turquie\\\/183725\\\/#breadcrumb\"},\"inLanguage\":\"fr-FR\",\"potentialAction\":[{\"@type\":\"ReadAction\",\"target\":[\"https:\\\/\\\/www.webdo.tn\\\/fr\\\/actualite\\\/international\\\/la-russie-devoile-les-intineraires-de-livraison-du-petrole-vole-par-daech-en-turquie\\\/183725\\\/\"]}]},{\"@type\":\"ImageObject\",\"inLanguage\":\"fr-FR\",\"@id\":\"https:\\\/\\\/www.webdo.tn\\\/fr\\\/actualite\\\/international\\\/la-russie-devoile-les-intineraires-de-livraison-du-petrole-vole-par-daech-en-turquie\\\/183725\\\/#primaryimage\",\"url\":\"https:\\\/\\\/www.webdo.tn\\\/fr\\\/wp-content\\\/uploads\\\/2015\\\/12\\\/1019976325-300x169-1.jpg\",\"contentUrl\":\"https:\\\/\\\/www.webdo.tn\\\/fr\\\/wp-content\\\/uploads\\\/2015\\\/12\\\/1019976325-300x169-1.jpg\",\"width\":300,\"height\":169,\"caption\":\"La Russie d\u00e9voile les itin\u00e9raires de livraison du p\u00e9trole vol\u00e9 par Daech en Turquie\"},{\"@type\":\"BreadcrumbList\",\"@id\":\"https:\\\/\\\/www.webdo.tn\\\/fr\\\/actualite\\\/international\\\/la-russie-devoile-les-intineraires-de-livraison-du-petrole-vole-par-daech-en-turquie\\\/183725\\\/#breadcrumb\",\"itemListElement\":[{\"@type\":\"ListItem\",\"position\":1,\"name\":\"Accueil\",\"item\":\"https:\\\/\\\/www.webdo.tn\\\/fr\\\/\"},{\"@type\":\"ListItem\",\"position\":2,\"name\":\"La Russie d\u00e9voile les itin\u00e9raires de livraison du p\u00e9trole vol\u00e9 par Daech en Turquie\"}]},{\"@type\":\"WebSite\",\"@id\":\"https:\\\/\\\/www.webdo.tn\\\/fr\\\/#website\",\"url\":\"https:\\\/\\\/www.webdo.tn\\\/fr\\\/\",\"name\":\"webdo\",\"description\":\"Tunisie - News en Tunisie et \u00e0 l&#039;international sur Webdo.tn\",\"publisher\":{\"@id\":\"https:\\\/\\\/www.webdo.tn\\\/fr\\\/#organization\"},\"potentialAction\":[{\"@type\":\"SearchAction\",\"target\":{\"@type\":\"EntryPoint\",\"urlTemplate\":\"https:\\\/\\\/www.webdo.tn\\\/fr\\\/?s={search_term_string}\"},\"query-input\":{\"@type\":\"PropertyValueSpecification\",\"valueRequired\":true,\"valueName\":\"search_term_string\"}}],\"inLanguage\":\"fr-FR\"},{\"@type\":\"Organization\",\"@id\":\"https:\\\/\\\/www.webdo.tn\\\/fr\\\/#organization\",\"name\":\"Webdo\",\"alternateName\":\"Webdo.tn\",\"url\":\"https:\\\/\\\/www.webdo.tn\\\/fr\\\/\",\"logo\":{\"@type\":\"ImageObject\",\"inLanguage\":\"fr-FR\",\"@id\":\"https:\\\/\\\/www.webdo.tn\\\/fr\\\/#\\\/schema\\\/logo\\\/image\\\/\",\"url\":\"https:\\\/\\\/www.webdo.tn\\\/fr\\\/wp-content\\\/uploads\\\/2025\\\/06\\\/Webdo-Tunisie_168377.jpg\",\"contentUrl\":\"https:\\\/\\\/www.webdo.tn\\\/fr\\\/wp-content\\\/uploads\\\/2025\\\/06\\\/Webdo-Tunisie_168377.jpg\",\"width\":301,\"height\":301,\"caption\":\"Webdo\"},\"image\":{\"@id\":\"https:\\\/\\\/www.webdo.tn\\\/fr\\\/#\\\/schema\\\/logo\\\/image\\\/\"},\"sameAs\":[\"https:\\\/\\\/www.facebook.com\\\/webdotn\",\"https:\\\/\\\/x.com\\\/webdo_tn\"],\"description\":\"Webdo est un m\u00e9dia num\u00e9rique tunisien fond\u00e9 en 2010, sp\u00e9cialis\u00e9 dans l\u2019actualit\u00e9 nationale et internationale, l\u2019\u00e9conomie, la soci\u00e9t\u00e9 et les analyses politiques. Le site s\u2019adresse \u00e0 un large public francophone et couvre l\u2019information tunisienne en temps r\u00e9el.\",\"email\":\"redac@webdo.tn\",\"legalName\":\"YNJ SARL\",\"foundingDate\":\"2010-09-06\",\"numberOfEmployees\":{\"@type\":\"QuantitativeValue\",\"minValue\":\"11\",\"maxValue\":\"50\"}},{\"@type\":\"Person\",\"@id\":\"https:\\\/\\\/www.webdo.tn\\\/fr\\\/#\\\/schema\\\/person\\\/9a9c6118d687c117df8ef3cc36a4d175\",\"name\":\"webdo.tn\",\"image\":{\"@type\":\"ImageObject\",\"inLanguage\":\"fr-FR\",\"@id\":\"https:\\\/\\\/secure.gravatar.com\\\/avatar\\\/7ce1f28c0c3bbac99ff550b85ef8e44a6950c6ee24514fb6a5489e51d06f0298?s=96&d=mm&r=g\",\"url\":\"https:\\\/\\\/secure.gravatar.com\\\/avatar\\\/7ce1f28c0c3bbac99ff550b85ef8e44a6950c6ee24514fb6a5489e51d06f0298?s=96&d=mm&r=g\",\"contentUrl\":\"https:\\\/\\\/secure.gravatar.com\\\/avatar\\\/7ce1f28c0c3bbac99ff550b85ef8e44a6950c6ee24514fb6a5489e51d06f0298?s=96&d=mm&r=g\",\"caption\":\"webdo.tn\"},\"url\":\"https:\\\/\\\/www.webdo.tn\\\/fr\\\/actualite\\\/author\\\/webdotn\\\/\"}]}<\/script>\n<!-- \/ Yoast SEO Premium plugin. -->","yoast_head_json":{"title":"La Russie d\u00e9voile les itin\u00e9raires de livraison du p\u00e9trole vol\u00e9 par Daech en Turquie","description":"La Russie d\u00e9voile les itin\u00e9raires de livraison du p\u00e9trole vol\u00e9 par Daech en Turquie","canonical":"https:\/\/www.webdo.tn\/fr\/actualite\/international\/la-russie-devoile-les-intineraires-de-livraison-du-petrole-vole-par-daech-en-turquie\/183725\/","og_locale":"fr_FR","og_type":"article","og_title":"La Russie d\u00e9voile les itin\u00e9raires de livraison du p\u00e9trole vol\u00e9 par Daech en Turquie","og_description":"La Russie d\u00e9voile les itin\u00e9raires de livraison du p\u00e9trole vol\u00e9 par Daech en Turquie","og_url":"https:\/\/www.webdo.tn\/fr\/actualite\/international\/la-russie-devoile-les-intineraires-de-livraison-du-petrole-vole-par-daech-en-turquie\/183725\/","og_site_name":"webdo","article_publisher":"https:\/\/www.facebook.com\/webdotn","article_published_time":"2015-12-02T20:25:00+00:00","article_modified_time":"2025-05-18T21:58:05+00:00","og_image":[{"width":300,"height":169,"url":"https:\/\/www.webdo.tn\/fr\/wp-content\/uploads\/2015\/12\/1019976325-300x169-1.jpg","type":"image\/jpeg"}],"author":"webdo.tn","twitter_card":"summary_large_image","twitter_creator":"@webdo_tn","twitter_site":"@webdo_tn","twitter_misc":{"\u00c9crit par":"webdo.tn","Dur\u00e9e de lecture estim\u00e9e":"1 minute"},"schema":{"@context":"https:\/\/schema.org","@graph":[{"@type":"NewsArticle","@id":"https:\/\/www.webdo.tn\/fr\/actualite\/international\/la-russie-devoile-les-intineraires-de-livraison-du-petrole-vole-par-daech-en-turquie\/183725\/#article","isPartOf":{"@id":"https:\/\/www.webdo.tn\/fr\/actualite\/international\/la-russie-devoile-les-intineraires-de-livraison-du-petrole-vole-par-daech-en-turquie\/183725\/"},"author":{"name":"webdo.tn","@id":"https:\/\/www.webdo.tn\/fr\/#\/schema\/person\/9a9c6118d687c117df8ef3cc36a4d175"},"headline":"La Russie d\u00e9voile les itin\u00e9raires de livraison du p\u00e9trole vol\u00e9 par Daech en Turquie","datePublished":"2015-12-02T20:25:00+00:00","dateModified":"2025-05-18T21:58:05+00:00","mainEntityOfPage":{"@id":"https:\/\/www.webdo.tn\/fr\/actualite\/international\/la-russie-devoile-les-intineraires-de-livraison-du-petrole-vole-par-daech-en-turquie\/183725\/"},"wordCount":324,"commentCount":0,"publisher":{"@id":"https:\/\/www.webdo.tn\/fr\/#organization"},"image":{"@id":"https:\/\/www.webdo.tn\/fr\/actualite\/international\/la-russie-devoile-les-intineraires-de-livraison-du-petrole-vole-par-daech-en-turquie\/183725\/#primaryimage"},"thumbnailUrl":"https:\/\/www.webdo.tn\/fr\/wp-content\/uploads\/2015\/12\/1019976325-300x169-1.jpg","keywords":["guerre"],"articleSection":["International"],"inLanguage":"fr-FR"},{"@type":"WebPage","@id":"https:\/\/www.webdo.tn\/fr\/actualite\/international\/la-russie-devoile-les-intineraires-de-livraison-du-petrole-vole-par-daech-en-turquie\/183725\/","url":"https:\/\/www.webdo.tn\/fr\/actualite\/international\/la-russie-devoile-les-intineraires-de-livraison-du-petrole-vole-par-daech-en-turquie\/183725\/","name":"La Russie d\u00e9voile les itin\u00e9raires de livraison du p\u00e9trole vol\u00e9 par Daech en Turquie","isPartOf":{"@id":"https:\/\/www.webdo.tn\/fr\/#website"},"primaryImageOfPage":{"@id":"https:\/\/www.webdo.tn\/fr\/actualite\/international\/la-russie-devoile-les-intineraires-de-livraison-du-petrole-vole-par-daech-en-turquie\/183725\/#primaryimage"},"image":{"@id":"https:\/\/www.webdo.tn\/fr\/actualite\/international\/la-russie-devoile-les-intineraires-de-livraison-du-petrole-vole-par-daech-en-turquie\/183725\/#primaryimage"},"thumbnailUrl":"https:\/\/www.webdo.tn\/fr\/wp-content\/uploads\/2015\/12\/1019976325-300x169-1.jpg","datePublished":"2015-12-02T20:25:00+00:00","dateModified":"2025-05-18T21:58:05+00:00","description":"La Russie d\u00e9voile les itin\u00e9raires de livraison du p\u00e9trole vol\u00e9 par Daech en Turquie","breadcrumb":{"@id":"https:\/\/www.webdo.tn\/fr\/actualite\/international\/la-russie-devoile-les-intineraires-de-livraison-du-petrole-vole-par-daech-en-turquie\/183725\/#breadcrumb"},"inLanguage":"fr-FR","potentialAction":[{"@type":"ReadAction","target":["https:\/\/www.webdo.tn\/fr\/actualite\/international\/la-russie-devoile-les-intineraires-de-livraison-du-petrole-vole-par-daech-en-turquie\/183725\/"]}]},{"@type":"ImageObject","inLanguage":"fr-FR","@id":"https:\/\/www.webdo.tn\/fr\/actualite\/international\/la-russie-devoile-les-intineraires-de-livraison-du-petrole-vole-par-daech-en-turquie\/183725\/#primaryimage","url":"https:\/\/www.webdo.tn\/fr\/wp-content\/uploads\/2015\/12\/1019976325-300x169-1.jpg","contentUrl":"https:\/\/www.webdo.tn\/fr\/wp-content\/uploads\/2015\/12\/1019976325-300x169-1.jpg","width":300,"height":169,"caption":"La Russie d\u00e9voile les itin\u00e9raires de livraison du p\u00e9trole vol\u00e9 par Daech en Turquie"},{"@type":"BreadcrumbList","@id":"https:\/\/www.webdo.tn\/fr\/actualite\/international\/la-russie-devoile-les-intineraires-de-livraison-du-petrole-vole-par-daech-en-turquie\/183725\/#breadcrumb","itemListElement":[{"@type":"ListItem","position":1,"name":"Accueil","item":"https:\/\/www.webdo.tn\/fr\/"},{"@type":"ListItem","position":2,"name":"La Russie d\u00e9voile les itin\u00e9raires de livraison du p\u00e9trole vol\u00e9 par Daech en Turquie"}]},{"@type":"WebSite","@id":"https:\/\/www.webdo.tn\/fr\/#website","url":"https:\/\/www.webdo.tn\/fr\/","name":"webdo","description":"Tunisie - News en Tunisie et \u00e0 l&#039;international sur Webdo.tn","publisher":{"@id":"https:\/\/www.webdo.tn\/fr\/#organization"},"potentialAction":[{"@type":"SearchAction","target":{"@type":"EntryPoint","urlTemplate":"https:\/\/www.webdo.tn\/fr\/?s={search_term_string}"},"query-input":{"@type":"PropertyValueSpecification","valueRequired":true,"valueName":"search_term_string"}}],"inLanguage":"fr-FR"},{"@type":"Organization","@id":"https:\/\/www.webdo.tn\/fr\/#organization","name":"Webdo","alternateName":"Webdo.tn","url":"https:\/\/www.webdo.tn\/fr\/","logo":{"@type":"ImageObject","inLanguage":"fr-FR","@id":"https:\/\/www.webdo.tn\/fr\/#\/schema\/logo\/image\/","url":"https:\/\/www.webdo.tn\/fr\/wp-content\/uploads\/2025\/06\/Webdo-Tunisie_168377.jpg","contentUrl":"https:\/\/www.webdo.tn\/fr\/wp-content\/uploads\/2025\/06\/Webdo-Tunisie_168377.jpg","width":301,"height":301,"caption":"Webdo"},"image":{"@id":"https:\/\/www.webdo.tn\/fr\/#\/schema\/logo\/image\/"},"sameAs":["https:\/\/www.facebook.com\/webdotn","https:\/\/x.com\/webdo_tn"],"description":"Webdo est un m\u00e9dia num\u00e9rique tunisien fond\u00e9 en 2010, sp\u00e9cialis\u00e9 dans l\u2019actualit\u00e9 nationale et internationale, l\u2019\u00e9conomie, la soci\u00e9t\u00e9 et les analyses politiques. Le site s\u2019adresse \u00e0 un large public francophone et couvre l\u2019information tunisienne en temps r\u00e9el.","email":"redac@webdo.tn","legalName":"YNJ SARL","foundingDate":"2010-09-06","numberOfEmployees":{"@type":"QuantitativeValue","minValue":"11","maxValue":"50"}},{"@type":"Person","@id":"https:\/\/www.webdo.tn\/fr\/#\/schema\/person\/9a9c6118d687c117df8ef3cc36a4d175","name":"webdo.tn","image":{"@type":"ImageObject","inLanguage":"fr-FR","@id":"https:\/\/secure.gravatar.com\/avatar\/7ce1f28c0c3bbac99ff550b85ef8e44a6950c6ee24514fb6a5489e51d06f0298?s=96&d=mm&r=g","url":"https:\/\/secure.gravatar.com\/avatar\/7ce1f28c0c3bbac99ff550b85ef8e44a6950c6ee24514fb6a5489e51d06f0298?s=96&d=mm&r=g","contentUrl":"https:\/\/secure.gravatar.com\/avatar\/7ce1f28c0c3bbac99ff550b85ef8e44a6950c6ee24514fb6a5489e51d06f0298?s=96&d=mm&r=g","caption":"webdo.tn"},"url":"https:\/\/www.webdo.tn\/fr\/actualite\/author\/webdotn\/"}]}},"_links":{"self":[{"href":"https:\/\/www.webdo.tn\/fr\/wp-json\/wp\/v2\/posts\/183725","targetHints":{"allow":["GET"]}}],"collection":[{"href":"https:\/\/www.webdo.tn\/fr\/wp-json\/wp\/v2\/posts"}],"about":[{"href":"https:\/\/www.webdo.tn\/fr\/wp-json\/wp\/v2\/types\/post"}],"author":[{"embeddable":true,"href":"https:\/\/www.webdo.tn\/fr\/wp-json\/wp\/v2\/users\/3222"}],"replies":[{"embeddable":true,"href":"https:\/\/www.webdo.tn\/fr\/wp-json\/wp\/v2\/comments?post=183725"}],"version-history":[{"count":0,"href":"https:\/\/www.webdo.tn\/fr\/wp-json\/wp\/v2\/posts\/183725\/revisions"}],"wp:featuredmedia":[{"embeddable":true,"href":"https:\/\/www.webdo.tn\/fr\/wp-json\/wp\/v2\/media\/316282"}],"wp:attachment":[{"href":"https:\/\/www.webdo.tn\/fr\/wp-json\/wp\/v2\/media?parent=183725"}],"wp:term":[{"taxonomy":"category","embeddable":true,"href":"https:\/\/www.webdo.tn\/fr\/wp-json\/wp\/v2\/categories?post=183725"},{"taxonomy":"post_tag","embeddable":true,"href":"https:\/\/www.webdo.tn\/fr\/wp-json\/wp\/v2\/tags?post=183725"}],"curies":[{"name":"wp","href":"https:\/\/api.w.org\/{rel}","templated":true}]}}