{"id":183722,"date":"2015-12-03T09:22:00","date_gmt":"2015-12-03T09:22:00","guid":{"rendered":"https:\/\/www.webdo.tn\/fr\/blog\/fusillade-a-san-bernardino-attaque-terroriste-vengeance\/183722\/"},"modified":"2025-05-18T21:58:06","modified_gmt":"2025-05-18T21:58:06","slug":"fusillade-a-san-bernardino-attaque-terroriste-vengeance","status":"publish","type":"post","link":"https:\/\/www.webdo.tn\/fr\/actualite\/international\/fusillade-a-san-bernardino-attaque-terroriste-vengeance\/183722\/","title":{"rendered":"Fusillade \u00e0 San Bernardino : Attaque terroriste ou vengeance ?"},"content":{"rendered":"<p>La fusillade qui a eu lieu, hier, mercredi 2 d\u00e9cembre, \u00e0 San Bernardino, en Californie, a fait 14 morts et 17 bless\u00e9s dont 10 dans un \u00e9tat critique selon un dernier bilan.<\/p>\n<p>Les auteurs de cette attaque arm\u00e9e sont un homme et une femme, identifi\u00e9s comme \u00e9tant Sayed Farouk, 28 ans, et Tashfeen Malik, 27ans. Ils \u00e9taient mari\u00e9s et avaient un b\u00e9b\u00e9 de 6 mois, selon le beau-fr\u00e8re de Sayed Farook.<\/p>\n<p>Selon la police, l\u2019homme, n\u00e9 aux Etats-Unis, a travaill\u00e9 pendant cinq ans en tant que fonctionnaire du comt\u00e9 dans le centre des services sociaux qu\u2019il a mitraill\u00e9. Le FBI a dit au Washington Post que l\u2019homme ne faisait pas l\u2019objet de surveillance.<\/p>\n<p>Quelques heures apr\u00e8s la fusillade, les policiers ont identifi\u00e9 une maison de la commune voisine de Redlands. Une voiture sortant de la propri\u00e9t\u00e9 est alors prise en chasse. De retour \u00e0 San Bernardino, celle-ci est arr\u00eat\u00e9e et des tirs sont \u00e9chang\u00e9s entre ses occupants et les policiers.<\/p>\n<p>Piste terroriste<\/p>\n<p>Les deux passagers du v\u00e9hicule, l&rsquo;homme et la femme, sont morts, arm\u00e9s de fusils d\u2019assaut, d\u2019armes de poing et v\u00eatus d\u2019une tenue paramilitaire semblable \u00e0 celles des tireurs du centre social.<\/p>\n<p>Une source f\u00e9d\u00e9rale, cit\u00e9e par le Los Angeles Times, a \u00e9mis l\u2019hypoth\u00e8se que Sayed Farook ait \u00e9t\u00e9 pr\u00e9sent lors de la r\u00e9union avec des coll\u00e8gues, soit parti apr\u00e8s une dispute avant de revenir se venger.<\/p>\n<p>La police locale a confirm\u00e9 que Sayed Farook \u00e9tait pr\u00e9sent \u00e0 ce rassemblement et qu\u2019il a quitt\u00e9 les lieux \u00ab dans des conditions d\u00e9crites comme \u00e9tant de col\u00e8re \u00bb. L\u2019hypoth\u00e8se d\u2019un troisi\u00e8me tireur, un temps \u00e9voqu\u00e9e, a \u00e9t\u00e9 \u00e9cart\u00e9e.<\/p>\n<p>La piste terroriste a bien entendu \u00e9t\u00e9 \u00e9voqu\u00e9e mais reste \u00e0 l&rsquo;\u00e9tat d&rsquo;hypoth\u00e8se, selon le FBI. \u00ab\u00a0Je sais que l&rsquo;une des grandes questions qui va revenir est &lsquo;s&rsquo;agit-il de terrorisme ?&rsquo; mais je ne veux pas encore dire si nous en sommes certains\u00a0\u00bb, a d\u00e9clar\u00e9 un responsable du FBI, David Bowdich.<\/p>\n<p>\u00ab\u00a0Nous agissons en prenant en compte cette possibilit\u00e9. [&#8230;] C&rsquo;est une possibilit\u00e9 mais nous ne le savons pas encore\u00a0\u00bb, a ajout\u00e9 ce responsable de la police f\u00e9d\u00e9rale, soulignant que l&rsquo;enqu\u00eate \u00e9tait encore en cours&#8230;<br \/>\nA.B.<\/p>\n","protected":false},"excerpt":{"rendered":"<p>Fusillade \u00e0 San Bernardino : Attaque terroriste ou vengeance ?<\/p>\n","protected":false},"author":3222,"featured_media":316284,"comment_status":"open","ping_status":"closed","sticky":false,"template":"","format":"standard","meta":{"footnotes":""},"categories":[2598],"tags":[2600],"class_list":["post-183722","post","type-post","status-publish","format-standard","has-post-thumbnail","hentry","category-international","tag-guerre"],"yoast_head":"<!-- This site is optimized with the Yoast SEO Premium plugin v27.5 (Yoast SEO v27.5) - https:\/\/yoast.com\/product\/yoast-seo-premium-wordpress\/ -->\n<title>Fusillade \u00e0 San Bernardino : Attaque terroriste ou vengeance ?<\/title>\n<meta name=\"description\" content=\"Fusillade \u00e0 San Bernardino : Attaque terroriste ou vengeance ?\" \/>\n<link rel=\"canonical\" href=\"https:\/\/www.webdo.tn\/fr\/actualite\/international\/fusillade-a-san-bernardino-attaque-terroriste-vengeance\/183722\/\" \/>\n<meta property=\"og:locale\" content=\"fr_FR\" \/>\n<meta property=\"og:type\" content=\"article\" \/>\n<meta property=\"og:title\" content=\"Fusillade \u00e0 San Bernardino : Attaque terroriste ou vengeance ?\" \/>\n<meta property=\"og:description\" content=\"Fusillade \u00e0 San Bernardino : Attaque terroriste ou vengeance ?\" \/>\n<meta property=\"og:url\" content=\"https:\/\/www.webdo.tn\/fr\/actualite\/international\/fusillade-a-san-bernardino-attaque-terroriste-vengeance\/183722\/\" \/>\n<meta property=\"og:site_name\" content=\"webdo\" \/>\n<meta property=\"article:publisher\" content=\"https:\/\/www.facebook.com\/webdotn\" \/>\n<meta property=\"article:published_time\" content=\"2015-12-03T09:22:00+00:00\" \/>\n<meta property=\"article:modified_time\" content=\"2025-05-18T21:58:06+00:00\" \/>\n<meta property=\"og:image\" content=\"https:\/\/www.webdo.tn\/fr\/wp-content\/uploads\/2015\/12\/San-Bernardino-300x169-2.jpg\" \/>\n\t<meta property=\"og:image:width\" content=\"300\" \/>\n\t<meta property=\"og:image:height\" content=\"169\" \/>\n\t<meta property=\"og:image:type\" content=\"image\/jpeg\" \/>\n<meta name=\"author\" content=\"webdo.tn\" \/>\n<meta name=\"twitter:card\" content=\"summary_large_image\" \/>\n<meta name=\"twitter:creator\" content=\"@webdo_tn\" \/>\n<meta name=\"twitter:site\" content=\"@webdo_tn\" \/>\n<meta name=\"twitter:label1\" content=\"\u00c9crit par\" \/>\n\t<meta name=\"twitter:data1\" content=\"webdo.tn\" \/>\n\t<meta name=\"twitter:label2\" content=\"Dur\u00e9e de lecture estim\u00e9e\" \/>\n\t<meta name=\"twitter:data2\" content=\"2 minutes\" \/>\n<script type=\"application\/ld+json\" class=\"yoast-schema-graph\">{\"@context\":\"https:\\\/\\\/schema.org\",\"@graph\":[{\"@type\":\"NewsArticle\",\"@id\":\"https:\\\/\\\/www.webdo.tn\\\/fr\\\/actualite\\\/international\\\/fusillade-a-san-bernardino-attaque-terroriste-vengeance\\\/183722\\\/#article\",\"isPartOf\":{\"@id\":\"https:\\\/\\\/www.webdo.tn\\\/fr\\\/actualite\\\/international\\\/fusillade-a-san-bernardino-attaque-terroriste-vengeance\\\/183722\\\/\"},\"author\":{\"name\":\"webdo.tn\",\"@id\":\"https:\\\/\\\/www.webdo.tn\\\/fr\\\/#\\\/schema\\\/person\\\/9a9c6118d687c117df8ef3cc36a4d175\"},\"headline\":\"Fusillade \u00e0 San Bernardino : Attaque terroriste ou vengeance ?\",\"datePublished\":\"2015-12-03T09:22:00+00:00\",\"dateModified\":\"2025-05-18T21:58:06+00:00\",\"mainEntityOfPage\":{\"@id\":\"https:\\\/\\\/www.webdo.tn\\\/fr\\\/actualite\\\/international\\\/fusillade-a-san-bernardino-attaque-terroriste-vengeance\\\/183722\\\/\"},\"wordCount\":400,\"commentCount\":0,\"publisher\":{\"@id\":\"https:\\\/\\\/www.webdo.tn\\\/fr\\\/#organization\"},\"image\":{\"@id\":\"https:\\\/\\\/www.webdo.tn\\\/fr\\\/actualite\\\/international\\\/fusillade-a-san-bernardino-attaque-terroriste-vengeance\\\/183722\\\/#primaryimage\"},\"thumbnailUrl\":\"https:\\\/\\\/www.webdo.tn\\\/fr\\\/wp-content\\\/uploads\\\/2015\\\/12\\\/San-Bernardino-300x169-2.jpg\",\"keywords\":[\"guerre\"],\"articleSection\":[\"International\"],\"inLanguage\":\"fr-FR\"},{\"@type\":\"WebPage\",\"@id\":\"https:\\\/\\\/www.webdo.tn\\\/fr\\\/actualite\\\/international\\\/fusillade-a-san-bernardino-attaque-terroriste-vengeance\\\/183722\\\/\",\"url\":\"https:\\\/\\\/www.webdo.tn\\\/fr\\\/actualite\\\/international\\\/fusillade-a-san-bernardino-attaque-terroriste-vengeance\\\/183722\\\/\",\"name\":\"Fusillade \u00e0 San Bernardino : Attaque terroriste ou vengeance ?\",\"isPartOf\":{\"@id\":\"https:\\\/\\\/www.webdo.tn\\\/fr\\\/#website\"},\"primaryImageOfPage\":{\"@id\":\"https:\\\/\\\/www.webdo.tn\\\/fr\\\/actualite\\\/international\\\/fusillade-a-san-bernardino-attaque-terroriste-vengeance\\\/183722\\\/#primaryimage\"},\"image\":{\"@id\":\"https:\\\/\\\/www.webdo.tn\\\/fr\\\/actualite\\\/international\\\/fusillade-a-san-bernardino-attaque-terroriste-vengeance\\\/183722\\\/#primaryimage\"},\"thumbnailUrl\":\"https:\\\/\\\/www.webdo.tn\\\/fr\\\/wp-content\\\/uploads\\\/2015\\\/12\\\/San-Bernardino-300x169-2.jpg\",\"datePublished\":\"2015-12-03T09:22:00+00:00\",\"dateModified\":\"2025-05-18T21:58:06+00:00\",\"description\":\"Fusillade \u00e0 San Bernardino : Attaque terroriste ou vengeance ?\",\"breadcrumb\":{\"@id\":\"https:\\\/\\\/www.webdo.tn\\\/fr\\\/actualite\\\/international\\\/fusillade-a-san-bernardino-attaque-terroriste-vengeance\\\/183722\\\/#breadcrumb\"},\"inLanguage\":\"fr-FR\",\"potentialAction\":[{\"@type\":\"ReadAction\",\"target\":[\"https:\\\/\\\/www.webdo.tn\\\/fr\\\/actualite\\\/international\\\/fusillade-a-san-bernardino-attaque-terroriste-vengeance\\\/183722\\\/\"]}]},{\"@type\":\"ImageObject\",\"inLanguage\":\"fr-FR\",\"@id\":\"https:\\\/\\\/www.webdo.tn\\\/fr\\\/actualite\\\/international\\\/fusillade-a-san-bernardino-attaque-terroriste-vengeance\\\/183722\\\/#primaryimage\",\"url\":\"https:\\\/\\\/www.webdo.tn\\\/fr\\\/wp-content\\\/uploads\\\/2015\\\/12\\\/San-Bernardino-300x169-2.jpg\",\"contentUrl\":\"https:\\\/\\\/www.webdo.tn\\\/fr\\\/wp-content\\\/uploads\\\/2015\\\/12\\\/San-Bernardino-300x169-2.jpg\",\"width\":300,\"height\":169,\"caption\":\"Fusillade \u00e0 San Bernardino : Attaque terroriste ou vengeance ?\"},{\"@type\":\"BreadcrumbList\",\"@id\":\"https:\\\/\\\/www.webdo.tn\\\/fr\\\/actualite\\\/international\\\/fusillade-a-san-bernardino-attaque-terroriste-vengeance\\\/183722\\\/#breadcrumb\",\"itemListElement\":[{\"@type\":\"ListItem\",\"position\":1,\"name\":\"Accueil\",\"item\":\"https:\\\/\\\/www.webdo.tn\\\/fr\\\/\"},{\"@type\":\"ListItem\",\"position\":2,\"name\":\"Fusillade \u00e0 San Bernardino : Attaque terroriste ou vengeance ?\"}]},{\"@type\":\"WebSite\",\"@id\":\"https:\\\/\\\/www.webdo.tn\\\/fr\\\/#website\",\"url\":\"https:\\\/\\\/www.webdo.tn\\\/fr\\\/\",\"name\":\"webdo\",\"description\":\"Tunisie - News en Tunisie et \u00e0 l&#039;international sur Webdo.tn\",\"publisher\":{\"@id\":\"https:\\\/\\\/www.webdo.tn\\\/fr\\\/#organization\"},\"potentialAction\":[{\"@type\":\"SearchAction\",\"target\":{\"@type\":\"EntryPoint\",\"urlTemplate\":\"https:\\\/\\\/www.webdo.tn\\\/fr\\\/?s={search_term_string}\"},\"query-input\":{\"@type\":\"PropertyValueSpecification\",\"valueRequired\":true,\"valueName\":\"search_term_string\"}}],\"inLanguage\":\"fr-FR\"},{\"@type\":\"Organization\",\"@id\":\"https:\\\/\\\/www.webdo.tn\\\/fr\\\/#organization\",\"name\":\"Webdo\",\"alternateName\":\"Webdo.tn\",\"url\":\"https:\\\/\\\/www.webdo.tn\\\/fr\\\/\",\"logo\":{\"@type\":\"ImageObject\",\"inLanguage\":\"fr-FR\",\"@id\":\"https:\\\/\\\/www.webdo.tn\\\/fr\\\/#\\\/schema\\\/logo\\\/image\\\/\",\"url\":\"https:\\\/\\\/www.webdo.tn\\\/fr\\\/wp-content\\\/uploads\\\/2025\\\/06\\\/Webdo-Tunisie_168377.jpg\",\"contentUrl\":\"https:\\\/\\\/www.webdo.tn\\\/fr\\\/wp-content\\\/uploads\\\/2025\\\/06\\\/Webdo-Tunisie_168377.jpg\",\"width\":301,\"height\":301,\"caption\":\"Webdo\"},\"image\":{\"@id\":\"https:\\\/\\\/www.webdo.tn\\\/fr\\\/#\\\/schema\\\/logo\\\/image\\\/\"},\"sameAs\":[\"https:\\\/\\\/www.facebook.com\\\/webdotn\",\"https:\\\/\\\/x.com\\\/webdo_tn\"],\"description\":\"Webdo est un m\u00e9dia num\u00e9rique tunisien fond\u00e9 en 2010, sp\u00e9cialis\u00e9 dans l\u2019actualit\u00e9 nationale et internationale, l\u2019\u00e9conomie, la soci\u00e9t\u00e9 et les analyses politiques. Le site s\u2019adresse \u00e0 un large public francophone et couvre l\u2019information tunisienne en temps r\u00e9el.\",\"email\":\"redac@webdo.tn\",\"legalName\":\"YNJ SARL\",\"foundingDate\":\"2010-09-06\",\"numberOfEmployees\":{\"@type\":\"QuantitativeValue\",\"minValue\":\"11\",\"maxValue\":\"50\"}},{\"@type\":\"Person\",\"@id\":\"https:\\\/\\\/www.webdo.tn\\\/fr\\\/#\\\/schema\\\/person\\\/9a9c6118d687c117df8ef3cc36a4d175\",\"name\":\"webdo.tn\",\"image\":{\"@type\":\"ImageObject\",\"inLanguage\":\"fr-FR\",\"@id\":\"https:\\\/\\\/secure.gravatar.com\\\/avatar\\\/7ce1f28c0c3bbac99ff550b85ef8e44a6950c6ee24514fb6a5489e51d06f0298?s=96&d=mm&r=g\",\"url\":\"https:\\\/\\\/secure.gravatar.com\\\/avatar\\\/7ce1f28c0c3bbac99ff550b85ef8e44a6950c6ee24514fb6a5489e51d06f0298?s=96&d=mm&r=g\",\"contentUrl\":\"https:\\\/\\\/secure.gravatar.com\\\/avatar\\\/7ce1f28c0c3bbac99ff550b85ef8e44a6950c6ee24514fb6a5489e51d06f0298?s=96&d=mm&r=g\",\"caption\":\"webdo.tn\"},\"url\":\"https:\\\/\\\/www.webdo.tn\\\/fr\\\/actualite\\\/author\\\/webdotn\\\/\"}]}<\/script>\n<!-- \/ Yoast SEO Premium plugin. -->","yoast_head_json":{"title":"Fusillade \u00e0 San Bernardino : Attaque terroriste ou vengeance ?","description":"Fusillade \u00e0 San Bernardino : Attaque terroriste ou vengeance ?","canonical":"https:\/\/www.webdo.tn\/fr\/actualite\/international\/fusillade-a-san-bernardino-attaque-terroriste-vengeance\/183722\/","og_locale":"fr_FR","og_type":"article","og_title":"Fusillade \u00e0 San Bernardino : Attaque terroriste ou vengeance ?","og_description":"Fusillade \u00e0 San Bernardino : Attaque terroriste ou vengeance ?","og_url":"https:\/\/www.webdo.tn\/fr\/actualite\/international\/fusillade-a-san-bernardino-attaque-terroriste-vengeance\/183722\/","og_site_name":"webdo","article_publisher":"https:\/\/www.facebook.com\/webdotn","article_published_time":"2015-12-03T09:22:00+00:00","article_modified_time":"2025-05-18T21:58:06+00:00","og_image":[{"width":300,"height":169,"url":"https:\/\/www.webdo.tn\/fr\/wp-content\/uploads\/2015\/12\/San-Bernardino-300x169-2.jpg","type":"image\/jpeg"}],"author":"webdo.tn","twitter_card":"summary_large_image","twitter_creator":"@webdo_tn","twitter_site":"@webdo_tn","twitter_misc":{"\u00c9crit par":"webdo.tn","Dur\u00e9e de lecture estim\u00e9e":"2 minutes"},"schema":{"@context":"https:\/\/schema.org","@graph":[{"@type":"NewsArticle","@id":"https:\/\/www.webdo.tn\/fr\/actualite\/international\/fusillade-a-san-bernardino-attaque-terroriste-vengeance\/183722\/#article","isPartOf":{"@id":"https:\/\/www.webdo.tn\/fr\/actualite\/international\/fusillade-a-san-bernardino-attaque-terroriste-vengeance\/183722\/"},"author":{"name":"webdo.tn","@id":"https:\/\/www.webdo.tn\/fr\/#\/schema\/person\/9a9c6118d687c117df8ef3cc36a4d175"},"headline":"Fusillade \u00e0 San Bernardino : Attaque terroriste ou vengeance ?","datePublished":"2015-12-03T09:22:00+00:00","dateModified":"2025-05-18T21:58:06+00:00","mainEntityOfPage":{"@id":"https:\/\/www.webdo.tn\/fr\/actualite\/international\/fusillade-a-san-bernardino-attaque-terroriste-vengeance\/183722\/"},"wordCount":400,"commentCount":0,"publisher":{"@id":"https:\/\/www.webdo.tn\/fr\/#organization"},"image":{"@id":"https:\/\/www.webdo.tn\/fr\/actualite\/international\/fusillade-a-san-bernardino-attaque-terroriste-vengeance\/183722\/#primaryimage"},"thumbnailUrl":"https:\/\/www.webdo.tn\/fr\/wp-content\/uploads\/2015\/12\/San-Bernardino-300x169-2.jpg","keywords":["guerre"],"articleSection":["International"],"inLanguage":"fr-FR"},{"@type":"WebPage","@id":"https:\/\/www.webdo.tn\/fr\/actualite\/international\/fusillade-a-san-bernardino-attaque-terroriste-vengeance\/183722\/","url":"https:\/\/www.webdo.tn\/fr\/actualite\/international\/fusillade-a-san-bernardino-attaque-terroriste-vengeance\/183722\/","name":"Fusillade \u00e0 San Bernardino : Attaque terroriste ou vengeance ?","isPartOf":{"@id":"https:\/\/www.webdo.tn\/fr\/#website"},"primaryImageOfPage":{"@id":"https:\/\/www.webdo.tn\/fr\/actualite\/international\/fusillade-a-san-bernardino-attaque-terroriste-vengeance\/183722\/#primaryimage"},"image":{"@id":"https:\/\/www.webdo.tn\/fr\/actualite\/international\/fusillade-a-san-bernardino-attaque-terroriste-vengeance\/183722\/#primaryimage"},"thumbnailUrl":"https:\/\/www.webdo.tn\/fr\/wp-content\/uploads\/2015\/12\/San-Bernardino-300x169-2.jpg","datePublished":"2015-12-03T09:22:00+00:00","dateModified":"2025-05-18T21:58:06+00:00","description":"Fusillade \u00e0 San Bernardino : Attaque terroriste ou vengeance ?","breadcrumb":{"@id":"https:\/\/www.webdo.tn\/fr\/actualite\/international\/fusillade-a-san-bernardino-attaque-terroriste-vengeance\/183722\/#breadcrumb"},"inLanguage":"fr-FR","potentialAction":[{"@type":"ReadAction","target":["https:\/\/www.webdo.tn\/fr\/actualite\/international\/fusillade-a-san-bernardino-attaque-terroriste-vengeance\/183722\/"]}]},{"@type":"ImageObject","inLanguage":"fr-FR","@id":"https:\/\/www.webdo.tn\/fr\/actualite\/international\/fusillade-a-san-bernardino-attaque-terroriste-vengeance\/183722\/#primaryimage","url":"https:\/\/www.webdo.tn\/fr\/wp-content\/uploads\/2015\/12\/San-Bernardino-300x169-2.jpg","contentUrl":"https:\/\/www.webdo.tn\/fr\/wp-content\/uploads\/2015\/12\/San-Bernardino-300x169-2.jpg","width":300,"height":169,"caption":"Fusillade \u00e0 San Bernardino : Attaque terroriste ou vengeance ?"},{"@type":"BreadcrumbList","@id":"https:\/\/www.webdo.tn\/fr\/actualite\/international\/fusillade-a-san-bernardino-attaque-terroriste-vengeance\/183722\/#breadcrumb","itemListElement":[{"@type":"ListItem","position":1,"name":"Accueil","item":"https:\/\/www.webdo.tn\/fr\/"},{"@type":"ListItem","position":2,"name":"Fusillade \u00e0 San Bernardino : Attaque terroriste ou vengeance ?"}]},{"@type":"WebSite","@id":"https:\/\/www.webdo.tn\/fr\/#website","url":"https:\/\/www.webdo.tn\/fr\/","name":"webdo","description":"Tunisie - News en Tunisie et \u00e0 l&#039;international sur Webdo.tn","publisher":{"@id":"https:\/\/www.webdo.tn\/fr\/#organization"},"potentialAction":[{"@type":"SearchAction","target":{"@type":"EntryPoint","urlTemplate":"https:\/\/www.webdo.tn\/fr\/?s={search_term_string}"},"query-input":{"@type":"PropertyValueSpecification","valueRequired":true,"valueName":"search_term_string"}}],"inLanguage":"fr-FR"},{"@type":"Organization","@id":"https:\/\/www.webdo.tn\/fr\/#organization","name":"Webdo","alternateName":"Webdo.tn","url":"https:\/\/www.webdo.tn\/fr\/","logo":{"@type":"ImageObject","inLanguage":"fr-FR","@id":"https:\/\/www.webdo.tn\/fr\/#\/schema\/logo\/image\/","url":"https:\/\/www.webdo.tn\/fr\/wp-content\/uploads\/2025\/06\/Webdo-Tunisie_168377.jpg","contentUrl":"https:\/\/www.webdo.tn\/fr\/wp-content\/uploads\/2025\/06\/Webdo-Tunisie_168377.jpg","width":301,"height":301,"caption":"Webdo"},"image":{"@id":"https:\/\/www.webdo.tn\/fr\/#\/schema\/logo\/image\/"},"sameAs":["https:\/\/www.facebook.com\/webdotn","https:\/\/x.com\/webdo_tn"],"description":"Webdo est un m\u00e9dia num\u00e9rique tunisien fond\u00e9 en 2010, sp\u00e9cialis\u00e9 dans l\u2019actualit\u00e9 nationale et internationale, l\u2019\u00e9conomie, la soci\u00e9t\u00e9 et les analyses politiques. Le site s\u2019adresse \u00e0 un large public francophone et couvre l\u2019information tunisienne en temps r\u00e9el.","email":"redac@webdo.tn","legalName":"YNJ SARL","foundingDate":"2010-09-06","numberOfEmployees":{"@type":"QuantitativeValue","minValue":"11","maxValue":"50"}},{"@type":"Person","@id":"https:\/\/www.webdo.tn\/fr\/#\/schema\/person\/9a9c6118d687c117df8ef3cc36a4d175","name":"webdo.tn","image":{"@type":"ImageObject","inLanguage":"fr-FR","@id":"https:\/\/secure.gravatar.com\/avatar\/7ce1f28c0c3bbac99ff550b85ef8e44a6950c6ee24514fb6a5489e51d06f0298?s=96&d=mm&r=g","url":"https:\/\/secure.gravatar.com\/avatar\/7ce1f28c0c3bbac99ff550b85ef8e44a6950c6ee24514fb6a5489e51d06f0298?s=96&d=mm&r=g","contentUrl":"https:\/\/secure.gravatar.com\/avatar\/7ce1f28c0c3bbac99ff550b85ef8e44a6950c6ee24514fb6a5489e51d06f0298?s=96&d=mm&r=g","caption":"webdo.tn"},"url":"https:\/\/www.webdo.tn\/fr\/actualite\/author\/webdotn\/"}]}},"_links":{"self":[{"href":"https:\/\/www.webdo.tn\/fr\/wp-json\/wp\/v2\/posts\/183722","targetHints":{"allow":["GET"]}}],"collection":[{"href":"https:\/\/www.webdo.tn\/fr\/wp-json\/wp\/v2\/posts"}],"about":[{"href":"https:\/\/www.webdo.tn\/fr\/wp-json\/wp\/v2\/types\/post"}],"author":[{"embeddable":true,"href":"https:\/\/www.webdo.tn\/fr\/wp-json\/wp\/v2\/users\/3222"}],"replies":[{"embeddable":true,"href":"https:\/\/www.webdo.tn\/fr\/wp-json\/wp\/v2\/comments?post=183722"}],"version-history":[{"count":0,"href":"https:\/\/www.webdo.tn\/fr\/wp-json\/wp\/v2\/posts\/183722\/revisions"}],"wp:featuredmedia":[{"embeddable":true,"href":"https:\/\/www.webdo.tn\/fr\/wp-json\/wp\/v2\/media\/316284"}],"wp:attachment":[{"href":"https:\/\/www.webdo.tn\/fr\/wp-json\/wp\/v2\/media?parent=183722"}],"wp:term":[{"taxonomy":"category","embeddable":true,"href":"https:\/\/www.webdo.tn\/fr\/wp-json\/wp\/v2\/categories?post=183722"},{"taxonomy":"post_tag","embeddable":true,"href":"https:\/\/www.webdo.tn\/fr\/wp-json\/wp\/v2\/tags?post=183722"}],"curies":[{"name":"wp","href":"https:\/\/api.w.org\/{rel}","templated":true}]}}