{"id":183720,"date":"2015-12-03T12:56:00","date_gmt":"2015-12-03T12:56:00","guid":{"rendered":"https:\/\/www.webdo.tn\/fr\/blog\/erdogan-replique-a-poutine-promet-revelations-russie-daech\/183720\/"},"modified":"2015-12-03T12:56:00","modified_gmt":"2015-12-03T12:56:00","slug":"erdogan-replique-a-poutine-promet-revelations-russie-daech","status":"publish","type":"post","link":"https:\/\/www.webdo.tn\/fr\/actualite\/international\/erdogan-replique-a-poutine-promet-revelations-russie-daech\/183720\/","title":{"rendered":"Erdogan r\u00e9plique \u00e0 Poutine et promet des r\u00e9v\u00e9lations sur la Russie et Daech"},"content":{"rendered":"<p>Le pr\u00e9sident turc Recep Tayyip Erdogan affirme avoir des \u00ab\u00a0preuves\u00a0\u00bb de l&rsquo;implication de la Russie dans le trafic de p\u00e9trole de l&rsquo;Etat islamique (EI) en Syrie, selon l&rsquo;AFP.<\/p>\n<p>Il a affirm\u00e9, ce jeudi 3 d\u00e9cembre, qu&rsquo;il d\u00e9tenait des \u00ab\u00a0preuves\u00a0\u00bb de cette implication : \u00ab\u00a0Nous avons des preuves. Nous allons commencer \u00e0 les r\u00e9v\u00e9ler au monde\u00a0\u00bb, a-t-il dit lors d&rsquo;une allocution devant des syndicalistes \u00e0 Ankara, citant notamment le nom de l&rsquo;homme d&rsquo;affaires syrien George Haswani, \u00ab\u00a0titulaire d&rsquo;un passeport russe\u00a0\u00bb.<\/p>\n<p>Cette r\u00e9plique du pr\u00e9sident turc vient en r\u00e9action \u00e0 plusieurs accusations du pr\u00e9sident russe Vladimir Poutine \u00e0 l&rsquo;adresse de la Turquie apr\u00e8s l&rsquo;incident du bombardier russe abattu par l&rsquo;arm\u00e9e turque sur la fronti\u00e8re syrienne.<\/p>\n<p>Ce matin, Vladimir Poutine a lanc\u00e9 que la Turquie allait regretter d\u2019avoir abattu un bombardier Soukho\u00ef russe. \u00ab\u00a0Nous n\u2019oublierons jamais (\u2026) ceux qui ont tir\u00e9 dans le dos de nos pilotes\u00a0\u00bb, a d\u00e9clar\u00e9 le pr\u00e9sident lors de son adresse annuelle devant les parlementaires, le gouvernement et les gouverneurs des r\u00e9gions de Russie.<\/p>\n<p>La Russie a mis en place une s\u00e9rie de sanctions \u00e9conomiques contre la Turquie, visant principalement les secteurs de l\u2019agriculture, des travaux publics, de l\u2019\u00e9nergie et du tourisme, en r\u00e9torsion \u00e0 la destruction d\u2019un avion russe le 24 novembre au-dessus de la fronti\u00e8re syrienne.<\/p>\n<p>Rappelons que Poutine a accus\u00e9, lundi dernier, son homologue turc de prot\u00e9ger le p\u00e9trole de Daech. Le pr\u00e9sident russe estimant que la d\u00e9cision d\u2019abattre le bombardier russe a \u00e9t\u00e9 dict\u00e9e par la volont\u00e9 de prot\u00e9ger ces chemins d\u2019acheminement de p\u00e9trole vers le territoire turc.<\/p>\n<p>La Russie a m\u00eame avanc\u00e9 la preuve de ce qu\u2019elle pr\u00e9tend, selon le quotidien anglais Dailymail et certaines agences russes. Trois itin\u00e9raires de livraisons du p\u00e9trole de Daech en Turquie ont ainsi \u00e9t\u00e9 d\u00e9voil\u00e9s par le minist\u00e8re russe de la D\u00e9fense.<\/p>\n<p>Selon, le vice-ministre Anatoly Antonov, \u00ab\u00a0La Turquie est le principal consommateur du p\u00e9trole vol\u00e9 en Syrie et en Irak. Selon les informations recueillies, le pr\u00e9sident turc Erdogan et sa famille sont impliqu\u00e9s dans le syst\u00e8me de trafic de p\u00e9trole vol\u00e9 par l\u2019EI en Syrie\u00a0\u00bb.<br \/>\nA.B.<\/p>\n","protected":false},"excerpt":{"rendered":"<p>Erdogan r\u00e9plique \u00e0 Poutine et promet des r\u00e9v\u00e9lations sur la Russie et Daech<\/p>\n","protected":false},"author":3222,"featured_media":336552,"comment_status":"open","ping_status":"closed","sticky":false,"template":"","format":"standard","meta":{"footnotes":""},"categories":[2598],"tags":[2600],"class_list":["post-183720","post","type-post","status-publish","format-standard","has-post-thumbnail","hentry","category-international","tag-guerre"],"yoast_head":"<!-- This site is optimized with the Yoast SEO Premium plugin v27.5 (Yoast SEO v27.5) - https:\/\/yoast.com\/product\/yoast-seo-premium-wordpress\/ -->\n<title>Erdogan r\u00e9plique \u00e0 Poutine et promet des r\u00e9v\u00e9lations sur la Russie et Daech<\/title>\n<meta name=\"description\" content=\"Erdogan r\u00e9plique \u00e0 Poutine et promet des r\u00e9v\u00e9lations sur la Russie et Daech\" \/>\n<link rel=\"canonical\" href=\"https:\/\/www.webdo.tn\/fr\/actualite\/international\/erdogan-replique-a-poutine-promet-revelations-russie-daech\/183720\/\" \/>\n<meta property=\"og:locale\" content=\"fr_FR\" \/>\n<meta property=\"og:type\" content=\"article\" \/>\n<meta property=\"og:title\" content=\"Erdogan r\u00e9plique \u00e0 Poutine et promet des r\u00e9v\u00e9lations sur la Russie et Daech\" \/>\n<meta property=\"og:description\" content=\"Erdogan r\u00e9plique \u00e0 Poutine et promet des r\u00e9v\u00e9lations sur la Russie et Daech\" \/>\n<meta property=\"og:url\" content=\"https:\/\/www.webdo.tn\/fr\/actualite\/international\/erdogan-replique-a-poutine-promet-revelations-russie-daech\/183720\/\" \/>\n<meta property=\"og:site_name\" content=\"webdo\" \/>\n<meta property=\"article:publisher\" content=\"https:\/\/www.facebook.com\/webdotn\" \/>\n<meta property=\"article:published_time\" content=\"2015-12-03T12:56:00+00:00\" \/>\n<meta property=\"og:image\" content=\"https:\/\/www.webdo.tn\/fr\/wp-content\/uploads\/2015\/12\/erdogan-300x199-1.jpg\" \/>\n\t<meta property=\"og:image:width\" content=\"300\" \/>\n\t<meta property=\"og:image:height\" content=\"199\" \/>\n\t<meta property=\"og:image:type\" content=\"image\/jpeg\" \/>\n<meta name=\"author\" content=\"webdo.tn\" \/>\n<meta name=\"twitter:card\" content=\"summary_large_image\" \/>\n<meta name=\"twitter:creator\" content=\"@webdo_tn\" \/>\n<meta name=\"twitter:site\" content=\"@webdo_tn\" \/>\n<meta name=\"twitter:label1\" content=\"\u00c9crit par\" \/>\n\t<meta name=\"twitter:data1\" content=\"webdo.tn\" \/>\n\t<meta name=\"twitter:label2\" content=\"Dur\u00e9e de lecture estim\u00e9e\" \/>\n\t<meta name=\"twitter:data2\" content=\"2 minutes\" \/>\n<script type=\"application\/ld+json\" class=\"yoast-schema-graph\">{\"@context\":\"https:\\\/\\\/schema.org\",\"@graph\":[{\"@type\":\"NewsArticle\",\"@id\":\"https:\\\/\\\/www.webdo.tn\\\/fr\\\/actualite\\\/international\\\/erdogan-replique-a-poutine-promet-revelations-russie-daech\\\/183720\\\/#article\",\"isPartOf\":{\"@id\":\"https:\\\/\\\/www.webdo.tn\\\/fr\\\/actualite\\\/international\\\/erdogan-replique-a-poutine-promet-revelations-russie-daech\\\/183720\\\/\"},\"author\":{\"name\":\"webdo.tn\",\"@id\":\"https:\\\/\\\/www.webdo.tn\\\/fr\\\/#\\\/schema\\\/person\\\/9a9c6118d687c117df8ef3cc36a4d175\"},\"headline\":\"Erdogan r\u00e9plique \u00e0 Poutine et promet des r\u00e9v\u00e9lations sur la Russie et Daech\",\"datePublished\":\"2015-12-03T12:56:00+00:00\",\"mainEntityOfPage\":{\"@id\":\"https:\\\/\\\/www.webdo.tn\\\/fr\\\/actualite\\\/international\\\/erdogan-replique-a-poutine-promet-revelations-russie-daech\\\/183720\\\/\"},\"wordCount\":405,\"commentCount\":0,\"publisher\":{\"@id\":\"https:\\\/\\\/www.webdo.tn\\\/fr\\\/#organization\"},\"image\":{\"@id\":\"https:\\\/\\\/www.webdo.tn\\\/fr\\\/actualite\\\/international\\\/erdogan-replique-a-poutine-promet-revelations-russie-daech\\\/183720\\\/#primaryimage\"},\"thumbnailUrl\":\"https:\\\/\\\/www.webdo.tn\\\/fr\\\/wp-content\\\/uploads\\\/2015\\\/12\\\/erdogan-300x199-1.jpg\",\"keywords\":[\"guerre\"],\"articleSection\":[\"International\"],\"inLanguage\":\"fr-FR\"},{\"@type\":\"WebPage\",\"@id\":\"https:\\\/\\\/www.webdo.tn\\\/fr\\\/actualite\\\/international\\\/erdogan-replique-a-poutine-promet-revelations-russie-daech\\\/183720\\\/\",\"url\":\"https:\\\/\\\/www.webdo.tn\\\/fr\\\/actualite\\\/international\\\/erdogan-replique-a-poutine-promet-revelations-russie-daech\\\/183720\\\/\",\"name\":\"Erdogan r\u00e9plique \u00e0 Poutine et promet des r\u00e9v\u00e9lations sur la Russie et Daech\",\"isPartOf\":{\"@id\":\"https:\\\/\\\/www.webdo.tn\\\/fr\\\/#website\"},\"primaryImageOfPage\":{\"@id\":\"https:\\\/\\\/www.webdo.tn\\\/fr\\\/actualite\\\/international\\\/erdogan-replique-a-poutine-promet-revelations-russie-daech\\\/183720\\\/#primaryimage\"},\"image\":{\"@id\":\"https:\\\/\\\/www.webdo.tn\\\/fr\\\/actualite\\\/international\\\/erdogan-replique-a-poutine-promet-revelations-russie-daech\\\/183720\\\/#primaryimage\"},\"thumbnailUrl\":\"https:\\\/\\\/www.webdo.tn\\\/fr\\\/wp-content\\\/uploads\\\/2015\\\/12\\\/erdogan-300x199-1.jpg\",\"datePublished\":\"2015-12-03T12:56:00+00:00\",\"description\":\"Erdogan r\u00e9plique \u00e0 Poutine et promet des r\u00e9v\u00e9lations sur la Russie et Daech\",\"breadcrumb\":{\"@id\":\"https:\\\/\\\/www.webdo.tn\\\/fr\\\/actualite\\\/international\\\/erdogan-replique-a-poutine-promet-revelations-russie-daech\\\/183720\\\/#breadcrumb\"},\"inLanguage\":\"fr-FR\",\"potentialAction\":[{\"@type\":\"ReadAction\",\"target\":[\"https:\\\/\\\/www.webdo.tn\\\/fr\\\/actualite\\\/international\\\/erdogan-replique-a-poutine-promet-revelations-russie-daech\\\/183720\\\/\"]}]},{\"@type\":\"ImageObject\",\"inLanguage\":\"fr-FR\",\"@id\":\"https:\\\/\\\/www.webdo.tn\\\/fr\\\/actualite\\\/international\\\/erdogan-replique-a-poutine-promet-revelations-russie-daech\\\/183720\\\/#primaryimage\",\"url\":\"https:\\\/\\\/www.webdo.tn\\\/fr\\\/wp-content\\\/uploads\\\/2015\\\/12\\\/erdogan-300x199-1.jpg\",\"contentUrl\":\"https:\\\/\\\/www.webdo.tn\\\/fr\\\/wp-content\\\/uploads\\\/2015\\\/12\\\/erdogan-300x199-1.jpg\",\"width\":300,\"height\":199,\"caption\":\"Erdogan r\u00e9plique \u00e0 Poutine et promet des r\u00e9v\u00e9lations sur la Russie et Daech\"},{\"@type\":\"BreadcrumbList\",\"@id\":\"https:\\\/\\\/www.webdo.tn\\\/fr\\\/actualite\\\/international\\\/erdogan-replique-a-poutine-promet-revelations-russie-daech\\\/183720\\\/#breadcrumb\",\"itemListElement\":[{\"@type\":\"ListItem\",\"position\":1,\"name\":\"Accueil\",\"item\":\"https:\\\/\\\/www.webdo.tn\\\/fr\\\/\"},{\"@type\":\"ListItem\",\"position\":2,\"name\":\"Erdogan r\u00e9plique \u00e0 Poutine et promet des r\u00e9v\u00e9lations sur la Russie et Daech\"}]},{\"@type\":\"WebSite\",\"@id\":\"https:\\\/\\\/www.webdo.tn\\\/fr\\\/#website\",\"url\":\"https:\\\/\\\/www.webdo.tn\\\/fr\\\/\",\"name\":\"webdo\",\"description\":\"Tunisie - News en Tunisie et \u00e0 l&#039;international sur Webdo.tn\",\"publisher\":{\"@id\":\"https:\\\/\\\/www.webdo.tn\\\/fr\\\/#organization\"},\"potentialAction\":[{\"@type\":\"SearchAction\",\"target\":{\"@type\":\"EntryPoint\",\"urlTemplate\":\"https:\\\/\\\/www.webdo.tn\\\/fr\\\/?s={search_term_string}\"},\"query-input\":{\"@type\":\"PropertyValueSpecification\",\"valueRequired\":true,\"valueName\":\"search_term_string\"}}],\"inLanguage\":\"fr-FR\"},{\"@type\":\"Organization\",\"@id\":\"https:\\\/\\\/www.webdo.tn\\\/fr\\\/#organization\",\"name\":\"Webdo\",\"alternateName\":\"Webdo.tn\",\"url\":\"https:\\\/\\\/www.webdo.tn\\\/fr\\\/\",\"logo\":{\"@type\":\"ImageObject\",\"inLanguage\":\"fr-FR\",\"@id\":\"https:\\\/\\\/www.webdo.tn\\\/fr\\\/#\\\/schema\\\/logo\\\/image\\\/\",\"url\":\"https:\\\/\\\/www.webdo.tn\\\/fr\\\/wp-content\\\/uploads\\\/2025\\\/06\\\/Webdo-Tunisie_168377.jpg\",\"contentUrl\":\"https:\\\/\\\/www.webdo.tn\\\/fr\\\/wp-content\\\/uploads\\\/2025\\\/06\\\/Webdo-Tunisie_168377.jpg\",\"width\":301,\"height\":301,\"caption\":\"Webdo\"},\"image\":{\"@id\":\"https:\\\/\\\/www.webdo.tn\\\/fr\\\/#\\\/schema\\\/logo\\\/image\\\/\"},\"sameAs\":[\"https:\\\/\\\/www.facebook.com\\\/webdotn\",\"https:\\\/\\\/x.com\\\/webdo_tn\"],\"description\":\"Webdo est un m\u00e9dia num\u00e9rique tunisien fond\u00e9 en 2010, sp\u00e9cialis\u00e9 dans l\u2019actualit\u00e9 nationale et internationale, l\u2019\u00e9conomie, la soci\u00e9t\u00e9 et les analyses politiques. Le site s\u2019adresse \u00e0 un large public francophone et couvre l\u2019information tunisienne en temps r\u00e9el.\",\"email\":\"redac@webdo.tn\",\"legalName\":\"YNJ SARL\",\"foundingDate\":\"2010-09-06\",\"numberOfEmployees\":{\"@type\":\"QuantitativeValue\",\"minValue\":\"11\",\"maxValue\":\"50\"}},{\"@type\":\"Person\",\"@id\":\"https:\\\/\\\/www.webdo.tn\\\/fr\\\/#\\\/schema\\\/person\\\/9a9c6118d687c117df8ef3cc36a4d175\",\"name\":\"webdo.tn\",\"image\":{\"@type\":\"ImageObject\",\"inLanguage\":\"fr-FR\",\"@id\":\"https:\\\/\\\/secure.gravatar.com\\\/avatar\\\/7ce1f28c0c3bbac99ff550b85ef8e44a6950c6ee24514fb6a5489e51d06f0298?s=96&d=mm&r=g\",\"url\":\"https:\\\/\\\/secure.gravatar.com\\\/avatar\\\/7ce1f28c0c3bbac99ff550b85ef8e44a6950c6ee24514fb6a5489e51d06f0298?s=96&d=mm&r=g\",\"contentUrl\":\"https:\\\/\\\/secure.gravatar.com\\\/avatar\\\/7ce1f28c0c3bbac99ff550b85ef8e44a6950c6ee24514fb6a5489e51d06f0298?s=96&d=mm&r=g\",\"caption\":\"webdo.tn\"},\"url\":\"https:\\\/\\\/www.webdo.tn\\\/fr\\\/actualite\\\/author\\\/webdotn\\\/\"}]}<\/script>\n<!-- \/ Yoast SEO Premium plugin. -->","yoast_head_json":{"title":"Erdogan r\u00e9plique \u00e0 Poutine et promet des r\u00e9v\u00e9lations sur la Russie et Daech","description":"Erdogan r\u00e9plique \u00e0 Poutine et promet des r\u00e9v\u00e9lations sur la Russie et Daech","canonical":"https:\/\/www.webdo.tn\/fr\/actualite\/international\/erdogan-replique-a-poutine-promet-revelations-russie-daech\/183720\/","og_locale":"fr_FR","og_type":"article","og_title":"Erdogan r\u00e9plique \u00e0 Poutine et promet des r\u00e9v\u00e9lations sur la Russie et Daech","og_description":"Erdogan r\u00e9plique \u00e0 Poutine et promet des r\u00e9v\u00e9lations sur la Russie et Daech","og_url":"https:\/\/www.webdo.tn\/fr\/actualite\/international\/erdogan-replique-a-poutine-promet-revelations-russie-daech\/183720\/","og_site_name":"webdo","article_publisher":"https:\/\/www.facebook.com\/webdotn","article_published_time":"2015-12-03T12:56:00+00:00","og_image":[{"width":300,"height":199,"url":"https:\/\/www.webdo.tn\/fr\/wp-content\/uploads\/2015\/12\/erdogan-300x199-1.jpg","type":"image\/jpeg"}],"author":"webdo.tn","twitter_card":"summary_large_image","twitter_creator":"@webdo_tn","twitter_site":"@webdo_tn","twitter_misc":{"\u00c9crit par":"webdo.tn","Dur\u00e9e de lecture estim\u00e9e":"2 minutes"},"schema":{"@context":"https:\/\/schema.org","@graph":[{"@type":"NewsArticle","@id":"https:\/\/www.webdo.tn\/fr\/actualite\/international\/erdogan-replique-a-poutine-promet-revelations-russie-daech\/183720\/#article","isPartOf":{"@id":"https:\/\/www.webdo.tn\/fr\/actualite\/international\/erdogan-replique-a-poutine-promet-revelations-russie-daech\/183720\/"},"author":{"name":"webdo.tn","@id":"https:\/\/www.webdo.tn\/fr\/#\/schema\/person\/9a9c6118d687c117df8ef3cc36a4d175"},"headline":"Erdogan r\u00e9plique \u00e0 Poutine et promet des r\u00e9v\u00e9lations sur la Russie et Daech","datePublished":"2015-12-03T12:56:00+00:00","mainEntityOfPage":{"@id":"https:\/\/www.webdo.tn\/fr\/actualite\/international\/erdogan-replique-a-poutine-promet-revelations-russie-daech\/183720\/"},"wordCount":405,"commentCount":0,"publisher":{"@id":"https:\/\/www.webdo.tn\/fr\/#organization"},"image":{"@id":"https:\/\/www.webdo.tn\/fr\/actualite\/international\/erdogan-replique-a-poutine-promet-revelations-russie-daech\/183720\/#primaryimage"},"thumbnailUrl":"https:\/\/www.webdo.tn\/fr\/wp-content\/uploads\/2015\/12\/erdogan-300x199-1.jpg","keywords":["guerre"],"articleSection":["International"],"inLanguage":"fr-FR"},{"@type":"WebPage","@id":"https:\/\/www.webdo.tn\/fr\/actualite\/international\/erdogan-replique-a-poutine-promet-revelations-russie-daech\/183720\/","url":"https:\/\/www.webdo.tn\/fr\/actualite\/international\/erdogan-replique-a-poutine-promet-revelations-russie-daech\/183720\/","name":"Erdogan r\u00e9plique \u00e0 Poutine et promet des r\u00e9v\u00e9lations sur la Russie et Daech","isPartOf":{"@id":"https:\/\/www.webdo.tn\/fr\/#website"},"primaryImageOfPage":{"@id":"https:\/\/www.webdo.tn\/fr\/actualite\/international\/erdogan-replique-a-poutine-promet-revelations-russie-daech\/183720\/#primaryimage"},"image":{"@id":"https:\/\/www.webdo.tn\/fr\/actualite\/international\/erdogan-replique-a-poutine-promet-revelations-russie-daech\/183720\/#primaryimage"},"thumbnailUrl":"https:\/\/www.webdo.tn\/fr\/wp-content\/uploads\/2015\/12\/erdogan-300x199-1.jpg","datePublished":"2015-12-03T12:56:00+00:00","description":"Erdogan r\u00e9plique \u00e0 Poutine et promet des r\u00e9v\u00e9lations sur la Russie et Daech","breadcrumb":{"@id":"https:\/\/www.webdo.tn\/fr\/actualite\/international\/erdogan-replique-a-poutine-promet-revelations-russie-daech\/183720\/#breadcrumb"},"inLanguage":"fr-FR","potentialAction":[{"@type":"ReadAction","target":["https:\/\/www.webdo.tn\/fr\/actualite\/international\/erdogan-replique-a-poutine-promet-revelations-russie-daech\/183720\/"]}]},{"@type":"ImageObject","inLanguage":"fr-FR","@id":"https:\/\/www.webdo.tn\/fr\/actualite\/international\/erdogan-replique-a-poutine-promet-revelations-russie-daech\/183720\/#primaryimage","url":"https:\/\/www.webdo.tn\/fr\/wp-content\/uploads\/2015\/12\/erdogan-300x199-1.jpg","contentUrl":"https:\/\/www.webdo.tn\/fr\/wp-content\/uploads\/2015\/12\/erdogan-300x199-1.jpg","width":300,"height":199,"caption":"Erdogan r\u00e9plique \u00e0 Poutine et promet des r\u00e9v\u00e9lations sur la Russie et Daech"},{"@type":"BreadcrumbList","@id":"https:\/\/www.webdo.tn\/fr\/actualite\/international\/erdogan-replique-a-poutine-promet-revelations-russie-daech\/183720\/#breadcrumb","itemListElement":[{"@type":"ListItem","position":1,"name":"Accueil","item":"https:\/\/www.webdo.tn\/fr\/"},{"@type":"ListItem","position":2,"name":"Erdogan r\u00e9plique \u00e0 Poutine et promet des r\u00e9v\u00e9lations sur la Russie et Daech"}]},{"@type":"WebSite","@id":"https:\/\/www.webdo.tn\/fr\/#website","url":"https:\/\/www.webdo.tn\/fr\/","name":"webdo","description":"Tunisie - News en Tunisie et \u00e0 l&#039;international sur Webdo.tn","publisher":{"@id":"https:\/\/www.webdo.tn\/fr\/#organization"},"potentialAction":[{"@type":"SearchAction","target":{"@type":"EntryPoint","urlTemplate":"https:\/\/www.webdo.tn\/fr\/?s={search_term_string}"},"query-input":{"@type":"PropertyValueSpecification","valueRequired":true,"valueName":"search_term_string"}}],"inLanguage":"fr-FR"},{"@type":"Organization","@id":"https:\/\/www.webdo.tn\/fr\/#organization","name":"Webdo","alternateName":"Webdo.tn","url":"https:\/\/www.webdo.tn\/fr\/","logo":{"@type":"ImageObject","inLanguage":"fr-FR","@id":"https:\/\/www.webdo.tn\/fr\/#\/schema\/logo\/image\/","url":"https:\/\/www.webdo.tn\/fr\/wp-content\/uploads\/2025\/06\/Webdo-Tunisie_168377.jpg","contentUrl":"https:\/\/www.webdo.tn\/fr\/wp-content\/uploads\/2025\/06\/Webdo-Tunisie_168377.jpg","width":301,"height":301,"caption":"Webdo"},"image":{"@id":"https:\/\/www.webdo.tn\/fr\/#\/schema\/logo\/image\/"},"sameAs":["https:\/\/www.facebook.com\/webdotn","https:\/\/x.com\/webdo_tn"],"description":"Webdo est un m\u00e9dia num\u00e9rique tunisien fond\u00e9 en 2010, sp\u00e9cialis\u00e9 dans l\u2019actualit\u00e9 nationale et internationale, l\u2019\u00e9conomie, la soci\u00e9t\u00e9 et les analyses politiques. Le site s\u2019adresse \u00e0 un large public francophone et couvre l\u2019information tunisienne en temps r\u00e9el.","email":"redac@webdo.tn","legalName":"YNJ SARL","foundingDate":"2010-09-06","numberOfEmployees":{"@type":"QuantitativeValue","minValue":"11","maxValue":"50"}},{"@type":"Person","@id":"https:\/\/www.webdo.tn\/fr\/#\/schema\/person\/9a9c6118d687c117df8ef3cc36a4d175","name":"webdo.tn","image":{"@type":"ImageObject","inLanguage":"fr-FR","@id":"https:\/\/secure.gravatar.com\/avatar\/7ce1f28c0c3bbac99ff550b85ef8e44a6950c6ee24514fb6a5489e51d06f0298?s=96&d=mm&r=g","url":"https:\/\/secure.gravatar.com\/avatar\/7ce1f28c0c3bbac99ff550b85ef8e44a6950c6ee24514fb6a5489e51d06f0298?s=96&d=mm&r=g","contentUrl":"https:\/\/secure.gravatar.com\/avatar\/7ce1f28c0c3bbac99ff550b85ef8e44a6950c6ee24514fb6a5489e51d06f0298?s=96&d=mm&r=g","caption":"webdo.tn"},"url":"https:\/\/www.webdo.tn\/fr\/actualite\/author\/webdotn\/"}]}},"_links":{"self":[{"href":"https:\/\/www.webdo.tn\/fr\/wp-json\/wp\/v2\/posts\/183720","targetHints":{"allow":["GET"]}}],"collection":[{"href":"https:\/\/www.webdo.tn\/fr\/wp-json\/wp\/v2\/posts"}],"about":[{"href":"https:\/\/www.webdo.tn\/fr\/wp-json\/wp\/v2\/types\/post"}],"author":[{"embeddable":true,"href":"https:\/\/www.webdo.tn\/fr\/wp-json\/wp\/v2\/users\/3222"}],"replies":[{"embeddable":true,"href":"https:\/\/www.webdo.tn\/fr\/wp-json\/wp\/v2\/comments?post=183720"}],"version-history":[{"count":0,"href":"https:\/\/www.webdo.tn\/fr\/wp-json\/wp\/v2\/posts\/183720\/revisions"}],"wp:featuredmedia":[{"embeddable":true,"href":"https:\/\/www.webdo.tn\/fr\/wp-json\/wp\/v2\/media\/336552"}],"wp:attachment":[{"href":"https:\/\/www.webdo.tn\/fr\/wp-json\/wp\/v2\/media?parent=183720"}],"wp:term":[{"taxonomy":"category","embeddable":true,"href":"https:\/\/www.webdo.tn\/fr\/wp-json\/wp\/v2\/categories?post=183720"},{"taxonomy":"post_tag","embeddable":true,"href":"https:\/\/www.webdo.tn\/fr\/wp-json\/wp\/v2\/tags?post=183720"}],"curies":[{"name":"wp","href":"https:\/\/api.w.org\/{rel}","templated":true}]}}