{"id":183717,"date":"2015-12-03T21:35:00","date_gmt":"2015-12-03T21:35:00","guid":{"rendered":"https:\/\/www.webdo.tn\/fr\/blog\/malaisie-lepave-mh370-point-detre-retrouvee\/183717\/"},"modified":"2025-05-18T21:57:49","modified_gmt":"2025-05-18T21:57:49","slug":"malaisie-lepave-mh370-point-detre-retrouvee","status":"publish","type":"post","link":"https:\/\/www.webdo.tn\/fr\/actualite\/international\/malaisie-lepave-mh370-point-detre-retrouvee\/183717\/","title":{"rendered":"Malaisie : L&rsquo;\u00e9pave du MH370 sur le point d&rsquo;\u00eatre retrouv\u00e9e ?"},"content":{"rendered":"<p>Les recherches pour retrouver l&rsquo;\u00e9pave du Boeing 777 de Malaysia Airlines, du vol MH370, devraient bient\u00f4t porter leurs fruits, selon Arren Truss, le vice-Premier ministre australien que cite l&rsquo;AFP.<\/p>\n<p>L&rsquo;Australie, qui conduit actuellement les recherches pour retrouver l&rsquo;avion du vol MH370, s&rsquo;est bas\u00e9 sur des donn\u00e9es satellitaires reproduisant la trajectoire potentielle de l&rsquo;avion qui s&rsquo;est crash\u00e9 dans l&rsquo;oc\u00e9an Indien, au large de la c\u00f4te ouest de l&rsquo;Australie.<\/p>\n<p>Selon ces donn\u00e9es, la zone de recherche est de 120.000\u00a0Km2. A l&rsquo;heure actuelle, les bateaux qui explorent les fonds sous-marins ont ratiss\u00e9 une surface de 75.000 Km2.<\/p>\n<p>Warren Truss a expliqu\u00e9 que le Groupe des sciences et de la technologie de l&rsquo;arm\u00e9e australienne avait \u00e9t\u00e9 charg\u00e9 de croiser \u00e0 nouveau toutes les donn\u00e9es disponibles, afin d&rsquo;\u00eatre s\u00fbr que rien n&rsquo;avait \u00e9t\u00e9 mal interpr\u00e9t\u00e9, ont conclu que les recherches soient bien orient\u00e9es et, comme nous l&rsquo;esp\u00e8re les familles des victimes, porteront un jour leurs fruits.<\/p>\n<p>Rappelons que la disparition du MH370 a suscit\u00e9 une multitude de sp\u00e9culations. L&rsquo;avion s&rsquo;est volatilis\u00e9 le 8 mars 2014 peu apr\u00e8s son d\u00e9collage de Kuala Lumpur pour P\u00e9kin, avec 239 personnes \u00e0 bord.<br \/>\nN.J.<\/p>\n","protected":false},"excerpt":{"rendered":"<p>Malaisie : L&rsquo;\u00e9pave du MH370 sur le point d&rsquo;\u00eatre retrouv\u00e9e ?<\/p>\n","protected":false},"author":3222,"featured_media":316246,"comment_status":"open","ping_status":"closed","sticky":false,"template":"","format":"standard","meta":{"footnotes":""},"categories":[2598],"tags":[2600],"class_list":["post-183717","post","type-post","status-publish","format-standard","has-post-thumbnail","hentry","category-international","tag-guerre"],"yoast_head":"<!-- This site is optimized with the Yoast SEO Premium plugin v27.5 (Yoast SEO v27.5) - https:\/\/yoast.com\/product\/yoast-seo-premium-wordpress\/ -->\n<title>Malaisie : L&#039;\u00e9pave du MH370 sur le point d&#039;\u00eatre retrouv\u00e9e ?<\/title>\n<meta name=\"description\" content=\"Malaisie : L&#039;\u00e9pave du MH370 sur le point d&#039;\u00eatre retrouv\u00e9e ?\" \/>\n<link rel=\"canonical\" href=\"https:\/\/www.webdo.tn\/fr\/actualite\/international\/malaisie-lepave-mh370-point-detre-retrouvee\/183717\/\" \/>\n<meta property=\"og:locale\" content=\"fr_FR\" \/>\n<meta property=\"og:type\" content=\"article\" \/>\n<meta property=\"og:title\" content=\"Malaisie : L&#039;\u00e9pave du MH370 sur le point d&#039;\u00eatre retrouv\u00e9e ?\" \/>\n<meta property=\"og:description\" content=\"Malaisie : L&#039;\u00e9pave du MH370 sur le point d&#039;\u00eatre retrouv\u00e9e ?\" \/>\n<meta property=\"og:url\" content=\"https:\/\/www.webdo.tn\/fr\/actualite\/international\/malaisie-lepave-mh370-point-detre-retrouvee\/183717\/\" \/>\n<meta property=\"og:site_name\" content=\"webdo\" \/>\n<meta property=\"article:publisher\" content=\"https:\/\/www.facebook.com\/webdotn\" \/>\n<meta property=\"article:published_time\" content=\"2015-12-03T21:35:00+00:00\" \/>\n<meta property=\"article:modified_time\" content=\"2025-05-18T21:57:49+00:00\" \/>\n<meta property=\"og:image\" content=\"https:\/\/www.webdo.tn\/fr\/wp-content\/uploads\/2015\/12\/Vol-MH370-300x197-1.jpg\" \/>\n\t<meta property=\"og:image:width\" content=\"300\" \/>\n\t<meta property=\"og:image:height\" content=\"197\" \/>\n\t<meta property=\"og:image:type\" content=\"image\/jpeg\" \/>\n<meta name=\"author\" content=\"webdo.tn\" \/>\n<meta name=\"twitter:card\" content=\"summary_large_image\" \/>\n<meta name=\"twitter:creator\" content=\"@webdo_tn\" \/>\n<meta name=\"twitter:site\" content=\"@webdo_tn\" \/>\n<meta name=\"twitter:label1\" content=\"\u00c9crit par\" \/>\n\t<meta name=\"twitter:data1\" content=\"webdo.tn\" \/>\n\t<meta name=\"twitter:label2\" content=\"Dur\u00e9e de lecture estim\u00e9e\" \/>\n\t<meta name=\"twitter:data2\" content=\"1 minute\" \/>\n<script type=\"application\/ld+json\" class=\"yoast-schema-graph\">{\"@context\":\"https:\\\/\\\/schema.org\",\"@graph\":[{\"@type\":\"NewsArticle\",\"@id\":\"https:\\\/\\\/www.webdo.tn\\\/fr\\\/actualite\\\/international\\\/malaisie-lepave-mh370-point-detre-retrouvee\\\/183717\\\/#article\",\"isPartOf\":{\"@id\":\"https:\\\/\\\/www.webdo.tn\\\/fr\\\/actualite\\\/international\\\/malaisie-lepave-mh370-point-detre-retrouvee\\\/183717\\\/\"},\"author\":{\"name\":\"webdo.tn\",\"@id\":\"https:\\\/\\\/www.webdo.tn\\\/fr\\\/#\\\/schema\\\/person\\\/9a9c6118d687c117df8ef3cc36a4d175\"},\"headline\":\"Malaisie : L&rsquo;\u00e9pave du MH370 sur le point d&rsquo;\u00eatre retrouv\u00e9e ?\",\"datePublished\":\"2015-12-03T21:35:00+00:00\",\"dateModified\":\"2025-05-18T21:57:49+00:00\",\"mainEntityOfPage\":{\"@id\":\"https:\\\/\\\/www.webdo.tn\\\/fr\\\/actualite\\\/international\\\/malaisie-lepave-mh370-point-detre-retrouvee\\\/183717\\\/\"},\"wordCount\":222,\"commentCount\":0,\"publisher\":{\"@id\":\"https:\\\/\\\/www.webdo.tn\\\/fr\\\/#organization\"},\"image\":{\"@id\":\"https:\\\/\\\/www.webdo.tn\\\/fr\\\/actualite\\\/international\\\/malaisie-lepave-mh370-point-detre-retrouvee\\\/183717\\\/#primaryimage\"},\"thumbnailUrl\":\"https:\\\/\\\/www.webdo.tn\\\/fr\\\/wp-content\\\/uploads\\\/2015\\\/12\\\/Vol-MH370-300x197-1.jpg\",\"keywords\":[\"guerre\"],\"articleSection\":[\"International\"],\"inLanguage\":\"fr-FR\"},{\"@type\":\"WebPage\",\"@id\":\"https:\\\/\\\/www.webdo.tn\\\/fr\\\/actualite\\\/international\\\/malaisie-lepave-mh370-point-detre-retrouvee\\\/183717\\\/\",\"url\":\"https:\\\/\\\/www.webdo.tn\\\/fr\\\/actualite\\\/international\\\/malaisie-lepave-mh370-point-detre-retrouvee\\\/183717\\\/\",\"name\":\"Malaisie : L'\u00e9pave du MH370 sur le point d'\u00eatre retrouv\u00e9e ?\",\"isPartOf\":{\"@id\":\"https:\\\/\\\/www.webdo.tn\\\/fr\\\/#website\"},\"primaryImageOfPage\":{\"@id\":\"https:\\\/\\\/www.webdo.tn\\\/fr\\\/actualite\\\/international\\\/malaisie-lepave-mh370-point-detre-retrouvee\\\/183717\\\/#primaryimage\"},\"image\":{\"@id\":\"https:\\\/\\\/www.webdo.tn\\\/fr\\\/actualite\\\/international\\\/malaisie-lepave-mh370-point-detre-retrouvee\\\/183717\\\/#primaryimage\"},\"thumbnailUrl\":\"https:\\\/\\\/www.webdo.tn\\\/fr\\\/wp-content\\\/uploads\\\/2015\\\/12\\\/Vol-MH370-300x197-1.jpg\",\"datePublished\":\"2015-12-03T21:35:00+00:00\",\"dateModified\":\"2025-05-18T21:57:49+00:00\",\"description\":\"Malaisie : L'\u00e9pave du MH370 sur le point d'\u00eatre retrouv\u00e9e ?\",\"breadcrumb\":{\"@id\":\"https:\\\/\\\/www.webdo.tn\\\/fr\\\/actualite\\\/international\\\/malaisie-lepave-mh370-point-detre-retrouvee\\\/183717\\\/#breadcrumb\"},\"inLanguage\":\"fr-FR\",\"potentialAction\":[{\"@type\":\"ReadAction\",\"target\":[\"https:\\\/\\\/www.webdo.tn\\\/fr\\\/actualite\\\/international\\\/malaisie-lepave-mh370-point-detre-retrouvee\\\/183717\\\/\"]}]},{\"@type\":\"ImageObject\",\"inLanguage\":\"fr-FR\",\"@id\":\"https:\\\/\\\/www.webdo.tn\\\/fr\\\/actualite\\\/international\\\/malaisie-lepave-mh370-point-detre-retrouvee\\\/183717\\\/#primaryimage\",\"url\":\"https:\\\/\\\/www.webdo.tn\\\/fr\\\/wp-content\\\/uploads\\\/2015\\\/12\\\/Vol-MH370-300x197-1.jpg\",\"contentUrl\":\"https:\\\/\\\/www.webdo.tn\\\/fr\\\/wp-content\\\/uploads\\\/2015\\\/12\\\/Vol-MH370-300x197-1.jpg\",\"width\":300,\"height\":197,\"caption\":\"Malaisie : L'\u00e9pave du MH370 sur le point d'\u00eatre retrouv\u00e9e ?\"},{\"@type\":\"BreadcrumbList\",\"@id\":\"https:\\\/\\\/www.webdo.tn\\\/fr\\\/actualite\\\/international\\\/malaisie-lepave-mh370-point-detre-retrouvee\\\/183717\\\/#breadcrumb\",\"itemListElement\":[{\"@type\":\"ListItem\",\"position\":1,\"name\":\"Accueil\",\"item\":\"https:\\\/\\\/www.webdo.tn\\\/fr\\\/\"},{\"@type\":\"ListItem\",\"position\":2,\"name\":\"Malaisie : L&rsquo;\u00e9pave du MH370 sur le point d&rsquo;\u00eatre retrouv\u00e9e ?\"}]},{\"@type\":\"WebSite\",\"@id\":\"https:\\\/\\\/www.webdo.tn\\\/fr\\\/#website\",\"url\":\"https:\\\/\\\/www.webdo.tn\\\/fr\\\/\",\"name\":\"webdo\",\"description\":\"Tunisie - News en Tunisie et \u00e0 l&#039;international sur Webdo.tn\",\"publisher\":{\"@id\":\"https:\\\/\\\/www.webdo.tn\\\/fr\\\/#organization\"},\"potentialAction\":[{\"@type\":\"SearchAction\",\"target\":{\"@type\":\"EntryPoint\",\"urlTemplate\":\"https:\\\/\\\/www.webdo.tn\\\/fr\\\/?s={search_term_string}\"},\"query-input\":{\"@type\":\"PropertyValueSpecification\",\"valueRequired\":true,\"valueName\":\"search_term_string\"}}],\"inLanguage\":\"fr-FR\"},{\"@type\":\"Organization\",\"@id\":\"https:\\\/\\\/www.webdo.tn\\\/fr\\\/#organization\",\"name\":\"Webdo\",\"alternateName\":\"Webdo.tn\",\"url\":\"https:\\\/\\\/www.webdo.tn\\\/fr\\\/\",\"logo\":{\"@type\":\"ImageObject\",\"inLanguage\":\"fr-FR\",\"@id\":\"https:\\\/\\\/www.webdo.tn\\\/fr\\\/#\\\/schema\\\/logo\\\/image\\\/\",\"url\":\"https:\\\/\\\/www.webdo.tn\\\/fr\\\/wp-content\\\/uploads\\\/2025\\\/06\\\/Webdo-Tunisie_168377.jpg\",\"contentUrl\":\"https:\\\/\\\/www.webdo.tn\\\/fr\\\/wp-content\\\/uploads\\\/2025\\\/06\\\/Webdo-Tunisie_168377.jpg\",\"width\":301,\"height\":301,\"caption\":\"Webdo\"},\"image\":{\"@id\":\"https:\\\/\\\/www.webdo.tn\\\/fr\\\/#\\\/schema\\\/logo\\\/image\\\/\"},\"sameAs\":[\"https:\\\/\\\/www.facebook.com\\\/webdotn\",\"https:\\\/\\\/x.com\\\/webdo_tn\"],\"description\":\"Webdo est un m\u00e9dia num\u00e9rique tunisien fond\u00e9 en 2010, sp\u00e9cialis\u00e9 dans l\u2019actualit\u00e9 nationale et internationale, l\u2019\u00e9conomie, la soci\u00e9t\u00e9 et les analyses politiques. Le site s\u2019adresse \u00e0 un large public francophone et couvre l\u2019information tunisienne en temps r\u00e9el.\",\"email\":\"redac@webdo.tn\",\"legalName\":\"YNJ SARL\",\"foundingDate\":\"2010-09-06\",\"numberOfEmployees\":{\"@type\":\"QuantitativeValue\",\"minValue\":\"11\",\"maxValue\":\"50\"}},{\"@type\":\"Person\",\"@id\":\"https:\\\/\\\/www.webdo.tn\\\/fr\\\/#\\\/schema\\\/person\\\/9a9c6118d687c117df8ef3cc36a4d175\",\"name\":\"webdo.tn\",\"image\":{\"@type\":\"ImageObject\",\"inLanguage\":\"fr-FR\",\"@id\":\"https:\\\/\\\/secure.gravatar.com\\\/avatar\\\/7ce1f28c0c3bbac99ff550b85ef8e44a6950c6ee24514fb6a5489e51d06f0298?s=96&d=mm&r=g\",\"url\":\"https:\\\/\\\/secure.gravatar.com\\\/avatar\\\/7ce1f28c0c3bbac99ff550b85ef8e44a6950c6ee24514fb6a5489e51d06f0298?s=96&d=mm&r=g\",\"contentUrl\":\"https:\\\/\\\/secure.gravatar.com\\\/avatar\\\/7ce1f28c0c3bbac99ff550b85ef8e44a6950c6ee24514fb6a5489e51d06f0298?s=96&d=mm&r=g\",\"caption\":\"webdo.tn\"},\"url\":\"https:\\\/\\\/www.webdo.tn\\\/fr\\\/actualite\\\/author\\\/webdotn\\\/\"}]}<\/script>\n<!-- \/ Yoast SEO Premium plugin. -->","yoast_head_json":{"title":"Malaisie : L'\u00e9pave du MH370 sur le point d'\u00eatre retrouv\u00e9e ?","description":"Malaisie : L'\u00e9pave du MH370 sur le point d'\u00eatre retrouv\u00e9e ?","canonical":"https:\/\/www.webdo.tn\/fr\/actualite\/international\/malaisie-lepave-mh370-point-detre-retrouvee\/183717\/","og_locale":"fr_FR","og_type":"article","og_title":"Malaisie : L'\u00e9pave du MH370 sur le point d'\u00eatre retrouv\u00e9e ?","og_description":"Malaisie : L'\u00e9pave du MH370 sur le point d'\u00eatre retrouv\u00e9e ?","og_url":"https:\/\/www.webdo.tn\/fr\/actualite\/international\/malaisie-lepave-mh370-point-detre-retrouvee\/183717\/","og_site_name":"webdo","article_publisher":"https:\/\/www.facebook.com\/webdotn","article_published_time":"2015-12-03T21:35:00+00:00","article_modified_time":"2025-05-18T21:57:49+00:00","og_image":[{"width":300,"height":197,"url":"https:\/\/www.webdo.tn\/fr\/wp-content\/uploads\/2015\/12\/Vol-MH370-300x197-1.jpg","type":"image\/jpeg"}],"author":"webdo.tn","twitter_card":"summary_large_image","twitter_creator":"@webdo_tn","twitter_site":"@webdo_tn","twitter_misc":{"\u00c9crit par":"webdo.tn","Dur\u00e9e de lecture estim\u00e9e":"1 minute"},"schema":{"@context":"https:\/\/schema.org","@graph":[{"@type":"NewsArticle","@id":"https:\/\/www.webdo.tn\/fr\/actualite\/international\/malaisie-lepave-mh370-point-detre-retrouvee\/183717\/#article","isPartOf":{"@id":"https:\/\/www.webdo.tn\/fr\/actualite\/international\/malaisie-lepave-mh370-point-detre-retrouvee\/183717\/"},"author":{"name":"webdo.tn","@id":"https:\/\/www.webdo.tn\/fr\/#\/schema\/person\/9a9c6118d687c117df8ef3cc36a4d175"},"headline":"Malaisie : L&rsquo;\u00e9pave du MH370 sur le point d&rsquo;\u00eatre retrouv\u00e9e ?","datePublished":"2015-12-03T21:35:00+00:00","dateModified":"2025-05-18T21:57:49+00:00","mainEntityOfPage":{"@id":"https:\/\/www.webdo.tn\/fr\/actualite\/international\/malaisie-lepave-mh370-point-detre-retrouvee\/183717\/"},"wordCount":222,"commentCount":0,"publisher":{"@id":"https:\/\/www.webdo.tn\/fr\/#organization"},"image":{"@id":"https:\/\/www.webdo.tn\/fr\/actualite\/international\/malaisie-lepave-mh370-point-detre-retrouvee\/183717\/#primaryimage"},"thumbnailUrl":"https:\/\/www.webdo.tn\/fr\/wp-content\/uploads\/2015\/12\/Vol-MH370-300x197-1.jpg","keywords":["guerre"],"articleSection":["International"],"inLanguage":"fr-FR"},{"@type":"WebPage","@id":"https:\/\/www.webdo.tn\/fr\/actualite\/international\/malaisie-lepave-mh370-point-detre-retrouvee\/183717\/","url":"https:\/\/www.webdo.tn\/fr\/actualite\/international\/malaisie-lepave-mh370-point-detre-retrouvee\/183717\/","name":"Malaisie : L'\u00e9pave du MH370 sur le point d'\u00eatre retrouv\u00e9e ?","isPartOf":{"@id":"https:\/\/www.webdo.tn\/fr\/#website"},"primaryImageOfPage":{"@id":"https:\/\/www.webdo.tn\/fr\/actualite\/international\/malaisie-lepave-mh370-point-detre-retrouvee\/183717\/#primaryimage"},"image":{"@id":"https:\/\/www.webdo.tn\/fr\/actualite\/international\/malaisie-lepave-mh370-point-detre-retrouvee\/183717\/#primaryimage"},"thumbnailUrl":"https:\/\/www.webdo.tn\/fr\/wp-content\/uploads\/2015\/12\/Vol-MH370-300x197-1.jpg","datePublished":"2015-12-03T21:35:00+00:00","dateModified":"2025-05-18T21:57:49+00:00","description":"Malaisie : L'\u00e9pave du MH370 sur le point d'\u00eatre retrouv\u00e9e ?","breadcrumb":{"@id":"https:\/\/www.webdo.tn\/fr\/actualite\/international\/malaisie-lepave-mh370-point-detre-retrouvee\/183717\/#breadcrumb"},"inLanguage":"fr-FR","potentialAction":[{"@type":"ReadAction","target":["https:\/\/www.webdo.tn\/fr\/actualite\/international\/malaisie-lepave-mh370-point-detre-retrouvee\/183717\/"]}]},{"@type":"ImageObject","inLanguage":"fr-FR","@id":"https:\/\/www.webdo.tn\/fr\/actualite\/international\/malaisie-lepave-mh370-point-detre-retrouvee\/183717\/#primaryimage","url":"https:\/\/www.webdo.tn\/fr\/wp-content\/uploads\/2015\/12\/Vol-MH370-300x197-1.jpg","contentUrl":"https:\/\/www.webdo.tn\/fr\/wp-content\/uploads\/2015\/12\/Vol-MH370-300x197-1.jpg","width":300,"height":197,"caption":"Malaisie : L'\u00e9pave du MH370 sur le point d'\u00eatre retrouv\u00e9e ?"},{"@type":"BreadcrumbList","@id":"https:\/\/www.webdo.tn\/fr\/actualite\/international\/malaisie-lepave-mh370-point-detre-retrouvee\/183717\/#breadcrumb","itemListElement":[{"@type":"ListItem","position":1,"name":"Accueil","item":"https:\/\/www.webdo.tn\/fr\/"},{"@type":"ListItem","position":2,"name":"Malaisie : L&rsquo;\u00e9pave du MH370 sur le point d&rsquo;\u00eatre retrouv\u00e9e ?"}]},{"@type":"WebSite","@id":"https:\/\/www.webdo.tn\/fr\/#website","url":"https:\/\/www.webdo.tn\/fr\/","name":"webdo","description":"Tunisie - News en Tunisie et \u00e0 l&#039;international sur Webdo.tn","publisher":{"@id":"https:\/\/www.webdo.tn\/fr\/#organization"},"potentialAction":[{"@type":"SearchAction","target":{"@type":"EntryPoint","urlTemplate":"https:\/\/www.webdo.tn\/fr\/?s={search_term_string}"},"query-input":{"@type":"PropertyValueSpecification","valueRequired":true,"valueName":"search_term_string"}}],"inLanguage":"fr-FR"},{"@type":"Organization","@id":"https:\/\/www.webdo.tn\/fr\/#organization","name":"Webdo","alternateName":"Webdo.tn","url":"https:\/\/www.webdo.tn\/fr\/","logo":{"@type":"ImageObject","inLanguage":"fr-FR","@id":"https:\/\/www.webdo.tn\/fr\/#\/schema\/logo\/image\/","url":"https:\/\/www.webdo.tn\/fr\/wp-content\/uploads\/2025\/06\/Webdo-Tunisie_168377.jpg","contentUrl":"https:\/\/www.webdo.tn\/fr\/wp-content\/uploads\/2025\/06\/Webdo-Tunisie_168377.jpg","width":301,"height":301,"caption":"Webdo"},"image":{"@id":"https:\/\/www.webdo.tn\/fr\/#\/schema\/logo\/image\/"},"sameAs":["https:\/\/www.facebook.com\/webdotn","https:\/\/x.com\/webdo_tn"],"description":"Webdo est un m\u00e9dia num\u00e9rique tunisien fond\u00e9 en 2010, sp\u00e9cialis\u00e9 dans l\u2019actualit\u00e9 nationale et internationale, l\u2019\u00e9conomie, la soci\u00e9t\u00e9 et les analyses politiques. Le site s\u2019adresse \u00e0 un large public francophone et couvre l\u2019information tunisienne en temps r\u00e9el.","email":"redac@webdo.tn","legalName":"YNJ SARL","foundingDate":"2010-09-06","numberOfEmployees":{"@type":"QuantitativeValue","minValue":"11","maxValue":"50"}},{"@type":"Person","@id":"https:\/\/www.webdo.tn\/fr\/#\/schema\/person\/9a9c6118d687c117df8ef3cc36a4d175","name":"webdo.tn","image":{"@type":"ImageObject","inLanguage":"fr-FR","@id":"https:\/\/secure.gravatar.com\/avatar\/7ce1f28c0c3bbac99ff550b85ef8e44a6950c6ee24514fb6a5489e51d06f0298?s=96&d=mm&r=g","url":"https:\/\/secure.gravatar.com\/avatar\/7ce1f28c0c3bbac99ff550b85ef8e44a6950c6ee24514fb6a5489e51d06f0298?s=96&d=mm&r=g","contentUrl":"https:\/\/secure.gravatar.com\/avatar\/7ce1f28c0c3bbac99ff550b85ef8e44a6950c6ee24514fb6a5489e51d06f0298?s=96&d=mm&r=g","caption":"webdo.tn"},"url":"https:\/\/www.webdo.tn\/fr\/actualite\/author\/webdotn\/"}]}},"_links":{"self":[{"href":"https:\/\/www.webdo.tn\/fr\/wp-json\/wp\/v2\/posts\/183717","targetHints":{"allow":["GET"]}}],"collection":[{"href":"https:\/\/www.webdo.tn\/fr\/wp-json\/wp\/v2\/posts"}],"about":[{"href":"https:\/\/www.webdo.tn\/fr\/wp-json\/wp\/v2\/types\/post"}],"author":[{"embeddable":true,"href":"https:\/\/www.webdo.tn\/fr\/wp-json\/wp\/v2\/users\/3222"}],"replies":[{"embeddable":true,"href":"https:\/\/www.webdo.tn\/fr\/wp-json\/wp\/v2\/comments?post=183717"}],"version-history":[{"count":0,"href":"https:\/\/www.webdo.tn\/fr\/wp-json\/wp\/v2\/posts\/183717\/revisions"}],"wp:featuredmedia":[{"embeddable":true,"href":"https:\/\/www.webdo.tn\/fr\/wp-json\/wp\/v2\/media\/316246"}],"wp:attachment":[{"href":"https:\/\/www.webdo.tn\/fr\/wp-json\/wp\/v2\/media?parent=183717"}],"wp:term":[{"taxonomy":"category","embeddable":true,"href":"https:\/\/www.webdo.tn\/fr\/wp-json\/wp\/v2\/categories?post=183717"},{"taxonomy":"post_tag","embeddable":true,"href":"https:\/\/www.webdo.tn\/fr\/wp-json\/wp\/v2\/tags?post=183717"}],"curies":[{"name":"wp","href":"https:\/\/api.w.org\/{rel}","templated":true}]}}