{"id":183713,"date":"2015-12-04T18:12:00","date_gmt":"2015-12-04T18:12:00","guid":{"rendered":"https:\/\/www.webdo.tn\/fr\/blog\/de-refugie-vendant-stylos-rue-devient-chef-dentreprise\/183713\/"},"modified":"2025-05-19T10:00:13","modified_gmt":"2025-05-19T10:00:13","slug":"de-refugie-vendant-stylos-rue-devient-chef-dentreprise","status":"publish","type":"post","link":"https:\/\/www.webdo.tn\/fr\/actualite\/international\/de-refugie-vendant-stylos-rue-devient-chef-dentreprise\/183713\/","title":{"rendered":"De r\u00e9fugi\u00e9 vendant des stylos dans la rue, il devient chef d&rsquo;entreprise"},"content":{"rendered":"<p>Il y a parfois de tr\u00e8s jolies histoires de solidarit\u00e9 et de g\u00e9n\u00e9rosit\u00e9 qui redonnent foi en une humanit\u00e9 qu&rsquo;on a tendance \u00e0 croire perdue. Comme ce v\u00e9ritable conte de f\u00e9es, qu&rsquo;a v\u00e9cu un r\u00e9fugi\u00e9 syrien.<br \/>\nAbdul, d&rsquo;origine palestinienne a 33 ans et avec ses deux enfants de 9 et 4 ans, il a fui les bombardements en Syrie pour se r\u00e9fugier \u00e0 Beyrouth, au Liban.<br \/>\nPour survivre, il vendait des stylos dans la rue, sa petite fille souvent endormie dans ses bras. Leur photo a \u00e9t\u00e9 publi\u00e9e sur le net par Associated Press.<br \/>\nEt c&rsquo;est l\u00e0 que le conte de f\u00e9es commence. Un journaliste libanais tombe sur la photo et se souvient d&rsquo;avoir vu ce r\u00e9fugi\u00e9 en bas de chez lui.<br \/>\nBoulevers\u00e9, il d\u00e9cide de cr\u00e9er un compte Twitter \u00ab\u00a0Buy pens\u00a0\u00bb (\u00ab\u00a0Achetez ses stylos\u00a0\u00bb) et lance un\u00a0crowdfunding pour r\u00e9colter des fonds pour aider la petite famille. En moins d&rsquo;une journ\u00e9e, plus de 50.000 euros sont r\u00e9colt\u00e9s. Et ce n&rsquo;est que le d\u00e9but.<br \/>\nGr\u00e2ce \u00e0 l&rsquo;incroyable g\u00e9n\u00e9rosit\u00e9 des internautes, Abdul a r\u00e9colt\u00e9 174.000 euros en tout, ce qui lui a permis d&rsquo;ouvrir une boulangerie, une sandwicherie et tout derni\u00e8rement un petit restaurant. Dans les 3, il emploie des r\u00e9fugi\u00e9s syriens.<br \/>\nDepuis le d\u00e9but de la guerre civile en Syrie, plus de 4 millions de r\u00e9fugi\u00e9s ont fui le pays. 1,2 million d&rsquo;entre eux se trouvent au Liban.<br \/>\nCombien auront une f\u00e9e pour les sortir de la rue?<br \/>\nS.B<\/p>\n","protected":false},"excerpt":{"rendered":"<p>De r\u00e9fugi\u00e9 vendant des stylos dans la rue, il devient chef d&rsquo;entreprise<\/p>\n","protected":false},"author":3222,"featured_media":372747,"comment_status":"open","ping_status":"closed","sticky":false,"template":"","format":"standard","meta":{"footnotes":""},"categories":[2598],"tags":[2600],"class_list":["post-183713","post","type-post","status-publish","format-standard","has-post-thumbnail","hentry","category-international","tag-guerre"],"yoast_head":"<!-- This site is optimized with the Yoast SEO Premium plugin v27.5 (Yoast SEO v27.5) - https:\/\/yoast.com\/product\/yoast-seo-premium-wordpress\/ -->\n<title>De r\u00e9fugi\u00e9 vendant des stylos dans la rue, il devient chef d&#039;entreprise<\/title>\n<meta name=\"description\" content=\"De r\u00e9fugi\u00e9 vendant des stylos dans la rue, il devient chef d&#039;entreprise\" \/>\n<link rel=\"canonical\" href=\"https:\/\/www.webdo.tn\/fr\/actualite\/international\/de-refugie-vendant-stylos-rue-devient-chef-dentreprise\/183713\/\" \/>\n<meta property=\"og:locale\" content=\"fr_FR\" \/>\n<meta property=\"og:type\" content=\"article\" \/>\n<meta property=\"og:title\" content=\"De r\u00e9fugi\u00e9 vendant des stylos dans la rue, il devient chef d&#039;entreprise\" \/>\n<meta property=\"og:description\" content=\"De r\u00e9fugi\u00e9 vendant des stylos dans la rue, il devient chef d&#039;entreprise\" \/>\n<meta property=\"og:url\" content=\"https:\/\/www.webdo.tn\/fr\/actualite\/international\/de-refugie-vendant-stylos-rue-devient-chef-dentreprise\/183713\/\" \/>\n<meta property=\"og:site_name\" content=\"webdo\" \/>\n<meta property=\"article:publisher\" content=\"https:\/\/www.facebook.com\/webdotn\" \/>\n<meta property=\"article:published_time\" content=\"2015-12-04T18:12:00+00:00\" \/>\n<meta property=\"article:modified_time\" content=\"2025-05-19T10:00:13+00:00\" \/>\n<meta name=\"author\" content=\"webdo.tn\" \/>\n<meta name=\"twitter:card\" content=\"summary_large_image\" \/>\n<meta name=\"twitter:creator\" content=\"@webdo_tn\" \/>\n<meta name=\"twitter:site\" content=\"@webdo_tn\" \/>\n<meta name=\"twitter:label1\" content=\"\u00c9crit par\" \/>\n\t<meta name=\"twitter:data1\" content=\"webdo.tn\" \/>\n\t<meta name=\"twitter:label2\" content=\"Dur\u00e9e de lecture estim\u00e9e\" \/>\n\t<meta name=\"twitter:data2\" content=\"1 minute\" \/>\n<script type=\"application\/ld+json\" class=\"yoast-schema-graph\">{\"@context\":\"https:\\\/\\\/schema.org\",\"@graph\":[{\"@type\":\"NewsArticle\",\"@id\":\"https:\\\/\\\/www.webdo.tn\\\/fr\\\/actualite\\\/international\\\/de-refugie-vendant-stylos-rue-devient-chef-dentreprise\\\/183713\\\/#article\",\"isPartOf\":{\"@id\":\"https:\\\/\\\/www.webdo.tn\\\/fr\\\/actualite\\\/international\\\/de-refugie-vendant-stylos-rue-devient-chef-dentreprise\\\/183713\\\/\"},\"author\":{\"name\":\"webdo.tn\",\"@id\":\"https:\\\/\\\/www.webdo.tn\\\/fr\\\/#\\\/schema\\\/person\\\/9a9c6118d687c117df8ef3cc36a4d175\"},\"headline\":\"De r\u00e9fugi\u00e9 vendant des stylos dans la rue, il devient chef d&rsquo;entreprise\",\"datePublished\":\"2015-12-04T18:12:00+00:00\",\"dateModified\":\"2025-05-19T10:00:13+00:00\",\"mainEntityOfPage\":{\"@id\":\"https:\\\/\\\/www.webdo.tn\\\/fr\\\/actualite\\\/international\\\/de-refugie-vendant-stylos-rue-devient-chef-dentreprise\\\/183713\\\/\"},\"wordCount\":282,\"commentCount\":0,\"publisher\":{\"@id\":\"https:\\\/\\\/www.webdo.tn\\\/fr\\\/#organization\"},\"image\":{\"@id\":\"https:\\\/\\\/www.webdo.tn\\\/fr\\\/actualite\\\/international\\\/de-refugie-vendant-stylos-rue-devient-chef-dentreprise\\\/183713\\\/#primaryimage\"},\"thumbnailUrl\":\"https:\\\/\\\/www.webdo.tn\\\/fr\\\/wp-content\\\/uploads\\\/2025\\\/06\\\/refugie-syrien-200x300_183713.jpg\",\"keywords\":[\"guerre\"],\"articleSection\":[\"International\"],\"inLanguage\":\"fr-FR\"},{\"@type\":\"WebPage\",\"@id\":\"https:\\\/\\\/www.webdo.tn\\\/fr\\\/actualite\\\/international\\\/de-refugie-vendant-stylos-rue-devient-chef-dentreprise\\\/183713\\\/\",\"url\":\"https:\\\/\\\/www.webdo.tn\\\/fr\\\/actualite\\\/international\\\/de-refugie-vendant-stylos-rue-devient-chef-dentreprise\\\/183713\\\/\",\"name\":\"De r\u00e9fugi\u00e9 vendant des stylos dans la rue, il devient chef d'entreprise\",\"isPartOf\":{\"@id\":\"https:\\\/\\\/www.webdo.tn\\\/fr\\\/#website\"},\"primaryImageOfPage\":{\"@id\":\"https:\\\/\\\/www.webdo.tn\\\/fr\\\/actualite\\\/international\\\/de-refugie-vendant-stylos-rue-devient-chef-dentreprise\\\/183713\\\/#primaryimage\"},\"image\":{\"@id\":\"https:\\\/\\\/www.webdo.tn\\\/fr\\\/actualite\\\/international\\\/de-refugie-vendant-stylos-rue-devient-chef-dentreprise\\\/183713\\\/#primaryimage\"},\"thumbnailUrl\":\"https:\\\/\\\/www.webdo.tn\\\/fr\\\/wp-content\\\/uploads\\\/2025\\\/06\\\/refugie-syrien-200x300_183713.jpg\",\"datePublished\":\"2015-12-04T18:12:00+00:00\",\"dateModified\":\"2025-05-19T10:00:13+00:00\",\"description\":\"De r\u00e9fugi\u00e9 vendant des stylos dans la rue, il devient chef d'entreprise\",\"breadcrumb\":{\"@id\":\"https:\\\/\\\/www.webdo.tn\\\/fr\\\/actualite\\\/international\\\/de-refugie-vendant-stylos-rue-devient-chef-dentreprise\\\/183713\\\/#breadcrumb\"},\"inLanguage\":\"fr-FR\",\"potentialAction\":[{\"@type\":\"ReadAction\",\"target\":[\"https:\\\/\\\/www.webdo.tn\\\/fr\\\/actualite\\\/international\\\/de-refugie-vendant-stylos-rue-devient-chef-dentreprise\\\/183713\\\/\"]}]},{\"@type\":\"ImageObject\",\"inLanguage\":\"fr-FR\",\"@id\":\"https:\\\/\\\/www.webdo.tn\\\/fr\\\/actualite\\\/international\\\/de-refugie-vendant-stylos-rue-devient-chef-dentreprise\\\/183713\\\/#primaryimage\",\"url\":\"https:\\\/\\\/www.webdo.tn\\\/fr\\\/wp-content\\\/uploads\\\/2025\\\/06\\\/refugie-syrien-200x300_183713.jpg\",\"contentUrl\":\"https:\\\/\\\/www.webdo.tn\\\/fr\\\/wp-content\\\/uploads\\\/2025\\\/06\\\/refugie-syrien-200x300_183713.jpg\",\"width\":200,\"height\":300,\"caption\":\"De r\u00e9fugi\u00e9 vendant des stylos dans la rue, il devient chef d'entreprise\"},{\"@type\":\"BreadcrumbList\",\"@id\":\"https:\\\/\\\/www.webdo.tn\\\/fr\\\/actualite\\\/international\\\/de-refugie-vendant-stylos-rue-devient-chef-dentreprise\\\/183713\\\/#breadcrumb\",\"itemListElement\":[{\"@type\":\"ListItem\",\"position\":1,\"name\":\"Accueil\",\"item\":\"https:\\\/\\\/www.webdo.tn\\\/fr\\\/\"},{\"@type\":\"ListItem\",\"position\":2,\"name\":\"De r\u00e9fugi\u00e9 vendant des stylos dans la rue, il devient chef d&rsquo;entreprise\"}]},{\"@type\":\"WebSite\",\"@id\":\"https:\\\/\\\/www.webdo.tn\\\/fr\\\/#website\",\"url\":\"https:\\\/\\\/www.webdo.tn\\\/fr\\\/\",\"name\":\"webdo\",\"description\":\"Tunisie - News en Tunisie et \u00e0 l&#039;international sur Webdo.tn\",\"publisher\":{\"@id\":\"https:\\\/\\\/www.webdo.tn\\\/fr\\\/#organization\"},\"potentialAction\":[{\"@type\":\"SearchAction\",\"target\":{\"@type\":\"EntryPoint\",\"urlTemplate\":\"https:\\\/\\\/www.webdo.tn\\\/fr\\\/?s={search_term_string}\"},\"query-input\":{\"@type\":\"PropertyValueSpecification\",\"valueRequired\":true,\"valueName\":\"search_term_string\"}}],\"inLanguage\":\"fr-FR\"},{\"@type\":\"Organization\",\"@id\":\"https:\\\/\\\/www.webdo.tn\\\/fr\\\/#organization\",\"name\":\"Webdo\",\"alternateName\":\"Webdo.tn\",\"url\":\"https:\\\/\\\/www.webdo.tn\\\/fr\\\/\",\"logo\":{\"@type\":\"ImageObject\",\"inLanguage\":\"fr-FR\",\"@id\":\"https:\\\/\\\/www.webdo.tn\\\/fr\\\/#\\\/schema\\\/logo\\\/image\\\/\",\"url\":\"https:\\\/\\\/www.webdo.tn\\\/fr\\\/wp-content\\\/uploads\\\/2025\\\/06\\\/Webdo-Tunisie_168377.jpg\",\"contentUrl\":\"https:\\\/\\\/www.webdo.tn\\\/fr\\\/wp-content\\\/uploads\\\/2025\\\/06\\\/Webdo-Tunisie_168377.jpg\",\"width\":301,\"height\":301,\"caption\":\"Webdo\"},\"image\":{\"@id\":\"https:\\\/\\\/www.webdo.tn\\\/fr\\\/#\\\/schema\\\/logo\\\/image\\\/\"},\"sameAs\":[\"https:\\\/\\\/www.facebook.com\\\/webdotn\",\"https:\\\/\\\/x.com\\\/webdo_tn\"],\"description\":\"Webdo est un m\u00e9dia num\u00e9rique tunisien fond\u00e9 en 2010, sp\u00e9cialis\u00e9 dans l\u2019actualit\u00e9 nationale et internationale, l\u2019\u00e9conomie, la soci\u00e9t\u00e9 et les analyses politiques. Le site s\u2019adresse \u00e0 un large public francophone et couvre l\u2019information tunisienne en temps r\u00e9el.\",\"email\":\"redac@webdo.tn\",\"legalName\":\"YNJ SARL\",\"foundingDate\":\"2010-09-06\",\"numberOfEmployees\":{\"@type\":\"QuantitativeValue\",\"minValue\":\"11\",\"maxValue\":\"50\"}},{\"@type\":\"Person\",\"@id\":\"https:\\\/\\\/www.webdo.tn\\\/fr\\\/#\\\/schema\\\/person\\\/9a9c6118d687c117df8ef3cc36a4d175\",\"name\":\"webdo.tn\",\"image\":{\"@type\":\"ImageObject\",\"inLanguage\":\"fr-FR\",\"@id\":\"https:\\\/\\\/secure.gravatar.com\\\/avatar\\\/7ce1f28c0c3bbac99ff550b85ef8e44a6950c6ee24514fb6a5489e51d06f0298?s=96&d=mm&r=g\",\"url\":\"https:\\\/\\\/secure.gravatar.com\\\/avatar\\\/7ce1f28c0c3bbac99ff550b85ef8e44a6950c6ee24514fb6a5489e51d06f0298?s=96&d=mm&r=g\",\"contentUrl\":\"https:\\\/\\\/secure.gravatar.com\\\/avatar\\\/7ce1f28c0c3bbac99ff550b85ef8e44a6950c6ee24514fb6a5489e51d06f0298?s=96&d=mm&r=g\",\"caption\":\"webdo.tn\"},\"url\":\"https:\\\/\\\/www.webdo.tn\\\/fr\\\/actualite\\\/author\\\/webdotn\\\/\"}]}<\/script>\n<!-- \/ Yoast SEO Premium plugin. -->","yoast_head_json":{"title":"De r\u00e9fugi\u00e9 vendant des stylos dans la rue, il devient chef d'entreprise","description":"De r\u00e9fugi\u00e9 vendant des stylos dans la rue, il devient chef d'entreprise","canonical":"https:\/\/www.webdo.tn\/fr\/actualite\/international\/de-refugie-vendant-stylos-rue-devient-chef-dentreprise\/183713\/","og_locale":"fr_FR","og_type":"article","og_title":"De r\u00e9fugi\u00e9 vendant des stylos dans la rue, il devient chef d'entreprise","og_description":"De r\u00e9fugi\u00e9 vendant des stylos dans la rue, il devient chef d'entreprise","og_url":"https:\/\/www.webdo.tn\/fr\/actualite\/international\/de-refugie-vendant-stylos-rue-devient-chef-dentreprise\/183713\/","og_site_name":"webdo","article_publisher":"https:\/\/www.facebook.com\/webdotn","article_published_time":"2015-12-04T18:12:00+00:00","article_modified_time":"2025-05-19T10:00:13+00:00","author":"webdo.tn","twitter_card":"summary_large_image","twitter_creator":"@webdo_tn","twitter_site":"@webdo_tn","twitter_misc":{"\u00c9crit par":"webdo.tn","Dur\u00e9e de lecture estim\u00e9e":"1 minute"},"schema":{"@context":"https:\/\/schema.org","@graph":[{"@type":"NewsArticle","@id":"https:\/\/www.webdo.tn\/fr\/actualite\/international\/de-refugie-vendant-stylos-rue-devient-chef-dentreprise\/183713\/#article","isPartOf":{"@id":"https:\/\/www.webdo.tn\/fr\/actualite\/international\/de-refugie-vendant-stylos-rue-devient-chef-dentreprise\/183713\/"},"author":{"name":"webdo.tn","@id":"https:\/\/www.webdo.tn\/fr\/#\/schema\/person\/9a9c6118d687c117df8ef3cc36a4d175"},"headline":"De r\u00e9fugi\u00e9 vendant des stylos dans la rue, il devient chef d&rsquo;entreprise","datePublished":"2015-12-04T18:12:00+00:00","dateModified":"2025-05-19T10:00:13+00:00","mainEntityOfPage":{"@id":"https:\/\/www.webdo.tn\/fr\/actualite\/international\/de-refugie-vendant-stylos-rue-devient-chef-dentreprise\/183713\/"},"wordCount":282,"commentCount":0,"publisher":{"@id":"https:\/\/www.webdo.tn\/fr\/#organization"},"image":{"@id":"https:\/\/www.webdo.tn\/fr\/actualite\/international\/de-refugie-vendant-stylos-rue-devient-chef-dentreprise\/183713\/#primaryimage"},"thumbnailUrl":"https:\/\/www.webdo.tn\/fr\/wp-content\/uploads\/2025\/06\/refugie-syrien-200x300_183713.jpg","keywords":["guerre"],"articleSection":["International"],"inLanguage":"fr-FR"},{"@type":"WebPage","@id":"https:\/\/www.webdo.tn\/fr\/actualite\/international\/de-refugie-vendant-stylos-rue-devient-chef-dentreprise\/183713\/","url":"https:\/\/www.webdo.tn\/fr\/actualite\/international\/de-refugie-vendant-stylos-rue-devient-chef-dentreprise\/183713\/","name":"De r\u00e9fugi\u00e9 vendant des stylos dans la rue, il devient chef d'entreprise","isPartOf":{"@id":"https:\/\/www.webdo.tn\/fr\/#website"},"primaryImageOfPage":{"@id":"https:\/\/www.webdo.tn\/fr\/actualite\/international\/de-refugie-vendant-stylos-rue-devient-chef-dentreprise\/183713\/#primaryimage"},"image":{"@id":"https:\/\/www.webdo.tn\/fr\/actualite\/international\/de-refugie-vendant-stylos-rue-devient-chef-dentreprise\/183713\/#primaryimage"},"thumbnailUrl":"https:\/\/www.webdo.tn\/fr\/wp-content\/uploads\/2025\/06\/refugie-syrien-200x300_183713.jpg","datePublished":"2015-12-04T18:12:00+00:00","dateModified":"2025-05-19T10:00:13+00:00","description":"De r\u00e9fugi\u00e9 vendant des stylos dans la rue, il devient chef d'entreprise","breadcrumb":{"@id":"https:\/\/www.webdo.tn\/fr\/actualite\/international\/de-refugie-vendant-stylos-rue-devient-chef-dentreprise\/183713\/#breadcrumb"},"inLanguage":"fr-FR","potentialAction":[{"@type":"ReadAction","target":["https:\/\/www.webdo.tn\/fr\/actualite\/international\/de-refugie-vendant-stylos-rue-devient-chef-dentreprise\/183713\/"]}]},{"@type":"ImageObject","inLanguage":"fr-FR","@id":"https:\/\/www.webdo.tn\/fr\/actualite\/international\/de-refugie-vendant-stylos-rue-devient-chef-dentreprise\/183713\/#primaryimage","url":"https:\/\/www.webdo.tn\/fr\/wp-content\/uploads\/2025\/06\/refugie-syrien-200x300_183713.jpg","contentUrl":"https:\/\/www.webdo.tn\/fr\/wp-content\/uploads\/2025\/06\/refugie-syrien-200x300_183713.jpg","width":200,"height":300,"caption":"De r\u00e9fugi\u00e9 vendant des stylos dans la rue, il devient chef d'entreprise"},{"@type":"BreadcrumbList","@id":"https:\/\/www.webdo.tn\/fr\/actualite\/international\/de-refugie-vendant-stylos-rue-devient-chef-dentreprise\/183713\/#breadcrumb","itemListElement":[{"@type":"ListItem","position":1,"name":"Accueil","item":"https:\/\/www.webdo.tn\/fr\/"},{"@type":"ListItem","position":2,"name":"De r\u00e9fugi\u00e9 vendant des stylos dans la rue, il devient chef d&rsquo;entreprise"}]},{"@type":"WebSite","@id":"https:\/\/www.webdo.tn\/fr\/#website","url":"https:\/\/www.webdo.tn\/fr\/","name":"webdo","description":"Tunisie - News en Tunisie et \u00e0 l&#039;international sur Webdo.tn","publisher":{"@id":"https:\/\/www.webdo.tn\/fr\/#organization"},"potentialAction":[{"@type":"SearchAction","target":{"@type":"EntryPoint","urlTemplate":"https:\/\/www.webdo.tn\/fr\/?s={search_term_string}"},"query-input":{"@type":"PropertyValueSpecification","valueRequired":true,"valueName":"search_term_string"}}],"inLanguage":"fr-FR"},{"@type":"Organization","@id":"https:\/\/www.webdo.tn\/fr\/#organization","name":"Webdo","alternateName":"Webdo.tn","url":"https:\/\/www.webdo.tn\/fr\/","logo":{"@type":"ImageObject","inLanguage":"fr-FR","@id":"https:\/\/www.webdo.tn\/fr\/#\/schema\/logo\/image\/","url":"https:\/\/www.webdo.tn\/fr\/wp-content\/uploads\/2025\/06\/Webdo-Tunisie_168377.jpg","contentUrl":"https:\/\/www.webdo.tn\/fr\/wp-content\/uploads\/2025\/06\/Webdo-Tunisie_168377.jpg","width":301,"height":301,"caption":"Webdo"},"image":{"@id":"https:\/\/www.webdo.tn\/fr\/#\/schema\/logo\/image\/"},"sameAs":["https:\/\/www.facebook.com\/webdotn","https:\/\/x.com\/webdo_tn"],"description":"Webdo est un m\u00e9dia num\u00e9rique tunisien fond\u00e9 en 2010, sp\u00e9cialis\u00e9 dans l\u2019actualit\u00e9 nationale et internationale, l\u2019\u00e9conomie, la soci\u00e9t\u00e9 et les analyses politiques. Le site s\u2019adresse \u00e0 un large public francophone et couvre l\u2019information tunisienne en temps r\u00e9el.","email":"redac@webdo.tn","legalName":"YNJ SARL","foundingDate":"2010-09-06","numberOfEmployees":{"@type":"QuantitativeValue","minValue":"11","maxValue":"50"}},{"@type":"Person","@id":"https:\/\/www.webdo.tn\/fr\/#\/schema\/person\/9a9c6118d687c117df8ef3cc36a4d175","name":"webdo.tn","image":{"@type":"ImageObject","inLanguage":"fr-FR","@id":"https:\/\/secure.gravatar.com\/avatar\/7ce1f28c0c3bbac99ff550b85ef8e44a6950c6ee24514fb6a5489e51d06f0298?s=96&d=mm&r=g","url":"https:\/\/secure.gravatar.com\/avatar\/7ce1f28c0c3bbac99ff550b85ef8e44a6950c6ee24514fb6a5489e51d06f0298?s=96&d=mm&r=g","contentUrl":"https:\/\/secure.gravatar.com\/avatar\/7ce1f28c0c3bbac99ff550b85ef8e44a6950c6ee24514fb6a5489e51d06f0298?s=96&d=mm&r=g","caption":"webdo.tn"},"url":"https:\/\/www.webdo.tn\/fr\/actualite\/author\/webdotn\/"}]}},"_links":{"self":[{"href":"https:\/\/www.webdo.tn\/fr\/wp-json\/wp\/v2\/posts\/183713","targetHints":{"allow":["GET"]}}],"collection":[{"href":"https:\/\/www.webdo.tn\/fr\/wp-json\/wp\/v2\/posts"}],"about":[{"href":"https:\/\/www.webdo.tn\/fr\/wp-json\/wp\/v2\/types\/post"}],"author":[{"embeddable":true,"href":"https:\/\/www.webdo.tn\/fr\/wp-json\/wp\/v2\/users\/3222"}],"replies":[{"embeddable":true,"href":"https:\/\/www.webdo.tn\/fr\/wp-json\/wp\/v2\/comments?post=183713"}],"version-history":[{"count":0,"href":"https:\/\/www.webdo.tn\/fr\/wp-json\/wp\/v2\/posts\/183713\/revisions"}],"wp:featuredmedia":[{"embeddable":true,"href":"https:\/\/www.webdo.tn\/fr\/wp-json\/wp\/v2\/media\/372747"}],"wp:attachment":[{"href":"https:\/\/www.webdo.tn\/fr\/wp-json\/wp\/v2\/media?parent=183713"}],"wp:term":[{"taxonomy":"category","embeddable":true,"href":"https:\/\/www.webdo.tn\/fr\/wp-json\/wp\/v2\/categories?post=183713"},{"taxonomy":"post_tag","embeddable":true,"href":"https:\/\/www.webdo.tn\/fr\/wp-json\/wp\/v2\/tags?post=183713"}],"curies":[{"name":"wp","href":"https:\/\/api.w.org\/{rel}","templated":true}]}}