{"id":183712,"date":"2015-12-04T23:01:00","date_gmt":"2015-12-04T23:01:00","guid":{"rendered":"https:\/\/www.webdo.tn\/fr\/blog\/fusillade-de-californie-il-sagirait-bien-dun-acte-terroriste\/183712\/"},"modified":"2025-05-19T10:00:18","modified_gmt":"2025-05-19T10:00:18","slug":"fusillade-de-californie-il-sagirait-bien-dun-acte-terroriste","status":"publish","type":"post","link":"https:\/\/www.webdo.tn\/fr\/actualite\/international\/fusillade-de-californie-il-sagirait-bien-dun-acte-terroriste\/183712\/","title":{"rendered":"Fusillade de San Bernardino : Il s&rsquo;agirait bien d&rsquo;un acte terroriste"},"content":{"rendered":"<p>L&rsquo;enqu\u00eate sur l&rsquo;attaque de San Bernardino (Californie) est requalifi\u00e9e en \u00ab\u00a0acte de terrorisme\u00a0\u00bb, par le FBI. Les investigations men\u00e9es sur le couple de tireurs abattus par la police ont montr\u00e9 que la femme aurait pr\u00eat\u00e9 all\u00e9geance \u00e0 Daesh.<\/p>\n<p>Deux jours apr\u00e8s la tuerie dans un centre des services sociaux de San Bernardino, en Californie, la piste terroriste devient ind\u00e9niable pour le FBI. Tashfeen Malik, qui a tu\u00e9 14 personnes avec son mari Syed Rizwan Farook, a fait all\u00e9geance \u00e0 Daech sous un nom d&#8217;emprunt.<\/p>\n<p>C&rsquo;est ce qu&rsquo;a indiqu\u00e9 une source gouvernementale am\u00e9ricain, aujourd&rsquo;hui, \u00e0 la cha\u00eene CNN. CNN avait en effet indiqu\u00e9 que l&rsquo;un des deux tireurs abattus s&rsquo;\u00e9tait radicalis\u00e9. Le mari de Tashfeen, Syed Rizwan Farook, \u00e9tait aussi en contact t\u00e9l\u00e9phonique et via les r\u00e9seaux sociaux avec plusieurs entit\u00e9s li\u00e9es au terrorisme international sur lesquelles le FBI enqu\u00eatait d\u00e9j\u00e0.<\/p>\n<p>Par ailleurs, Le chef de la police de San Bernardino indique que 12 engins explosifs ont \u00e9t\u00e9 trouv\u00e9s au domicile des tueurs abattus. Il pr\u00e9cise que le d\u00e9clenchement d&rsquo;une bombe artisanale a \u00e9chou\u00e9 hier.<\/p>\n<p>Rappelons que le couple avaient ouvert le feu dans un centre d&rsquo;aide aux personnes handicap\u00e9es de San Bernardino, en Californie, faisant 14 morts et 17 bless\u00e9s.<br \/>\nN.J.<\/p>\n","protected":false},"excerpt":{"rendered":"<p>Fusillade de San Bernardino : Il s&rsquo;agirait bien d&rsquo;un acte terroriste<\/p>\n","protected":false},"author":3222,"featured_media":316237,"comment_status":"open","ping_status":"closed","sticky":false,"template":"","format":"standard","meta":{"footnotes":""},"categories":[2598],"tags":[2600],"class_list":["post-183712","post","type-post","status-publish","format-standard","has-post-thumbnail","hentry","category-international","tag-guerre"],"yoast_head":"<!-- This site is optimized with the Yoast SEO Premium plugin v27.5 (Yoast SEO v27.5) - https:\/\/yoast.com\/product\/yoast-seo-premium-wordpress\/ -->\n<title>Fusillade de San Bernardino : Il s&#039;agirait bien d&#039;un acte terroriste<\/title>\n<meta name=\"description\" content=\"Fusillade de San Bernardino : Il s&#039;agirait bien d&#039;un acte terroriste\" \/>\n<link rel=\"canonical\" href=\"https:\/\/www.webdo.tn\/fr\/actualite\/international\/fusillade-de-californie-il-sagirait-bien-dun-acte-terroriste\/183712\/\" \/>\n<meta property=\"og:locale\" content=\"fr_FR\" \/>\n<meta property=\"og:type\" content=\"article\" \/>\n<meta property=\"og:title\" content=\"Fusillade de San Bernardino : Il s&#039;agirait bien d&#039;un acte terroriste\" \/>\n<meta property=\"og:description\" content=\"Fusillade de San Bernardino : Il s&#039;agirait bien d&#039;un acte terroriste\" \/>\n<meta property=\"og:url\" content=\"https:\/\/www.webdo.tn\/fr\/actualite\/international\/fusillade-de-californie-il-sagirait-bien-dun-acte-terroriste\/183712\/\" \/>\n<meta property=\"og:site_name\" content=\"webdo\" \/>\n<meta property=\"article:publisher\" content=\"https:\/\/www.facebook.com\/webdotn\" \/>\n<meta property=\"article:published_time\" content=\"2015-12-04T23:01:00+00:00\" \/>\n<meta property=\"article:modified_time\" content=\"2025-05-19T10:00:18+00:00\" \/>\n<meta property=\"og:image\" content=\"https:\/\/www.webdo.tn\/fr\/wp-content\/uploads\/2015\/12\/San-Bernardino-300x169-1.jpg\" \/>\n\t<meta property=\"og:image:width\" content=\"300\" \/>\n\t<meta property=\"og:image:height\" content=\"169\" \/>\n\t<meta property=\"og:image:type\" content=\"image\/jpeg\" \/>\n<meta name=\"author\" content=\"webdo.tn\" \/>\n<meta name=\"twitter:card\" content=\"summary_large_image\" \/>\n<meta name=\"twitter:creator\" content=\"@webdo_tn\" \/>\n<meta name=\"twitter:site\" content=\"@webdo_tn\" \/>\n<meta name=\"twitter:label1\" content=\"\u00c9crit par\" \/>\n\t<meta name=\"twitter:data1\" content=\"webdo.tn\" \/>\n\t<meta name=\"twitter:label2\" content=\"Dur\u00e9e de lecture estim\u00e9e\" \/>\n\t<meta name=\"twitter:data2\" content=\"1 minute\" \/>\n<script type=\"application\/ld+json\" class=\"yoast-schema-graph\">{\"@context\":\"https:\\\/\\\/schema.org\",\"@graph\":[{\"@type\":\"NewsArticle\",\"@id\":\"https:\\\/\\\/www.webdo.tn\\\/fr\\\/actualite\\\/international\\\/fusillade-de-californie-il-sagirait-bien-dun-acte-terroriste\\\/183712\\\/#article\",\"isPartOf\":{\"@id\":\"https:\\\/\\\/www.webdo.tn\\\/fr\\\/actualite\\\/international\\\/fusillade-de-californie-il-sagirait-bien-dun-acte-terroriste\\\/183712\\\/\"},\"author\":{\"name\":\"webdo.tn\",\"@id\":\"https:\\\/\\\/www.webdo.tn\\\/fr\\\/#\\\/schema\\\/person\\\/9a9c6118d687c117df8ef3cc36a4d175\"},\"headline\":\"Fusillade de San Bernardino : Il s&rsquo;agirait bien d&rsquo;un acte terroriste\",\"datePublished\":\"2015-12-04T23:01:00+00:00\",\"dateModified\":\"2025-05-19T10:00:18+00:00\",\"mainEntityOfPage\":{\"@id\":\"https:\\\/\\\/www.webdo.tn\\\/fr\\\/actualite\\\/international\\\/fusillade-de-californie-il-sagirait-bien-dun-acte-terroriste\\\/183712\\\/\"},\"wordCount\":239,\"commentCount\":0,\"publisher\":{\"@id\":\"https:\\\/\\\/www.webdo.tn\\\/fr\\\/#organization\"},\"image\":{\"@id\":\"https:\\\/\\\/www.webdo.tn\\\/fr\\\/actualite\\\/international\\\/fusillade-de-californie-il-sagirait-bien-dun-acte-terroriste\\\/183712\\\/#primaryimage\"},\"thumbnailUrl\":\"https:\\\/\\\/www.webdo.tn\\\/fr\\\/wp-content\\\/uploads\\\/2015\\\/12\\\/San-Bernardino-300x169-1.jpg\",\"keywords\":[\"guerre\"],\"articleSection\":[\"International\"],\"inLanguage\":\"fr-FR\"},{\"@type\":\"WebPage\",\"@id\":\"https:\\\/\\\/www.webdo.tn\\\/fr\\\/actualite\\\/international\\\/fusillade-de-californie-il-sagirait-bien-dun-acte-terroriste\\\/183712\\\/\",\"url\":\"https:\\\/\\\/www.webdo.tn\\\/fr\\\/actualite\\\/international\\\/fusillade-de-californie-il-sagirait-bien-dun-acte-terroriste\\\/183712\\\/\",\"name\":\"Fusillade de San Bernardino : Il s'agirait bien d'un acte terroriste\",\"isPartOf\":{\"@id\":\"https:\\\/\\\/www.webdo.tn\\\/fr\\\/#website\"},\"primaryImageOfPage\":{\"@id\":\"https:\\\/\\\/www.webdo.tn\\\/fr\\\/actualite\\\/international\\\/fusillade-de-californie-il-sagirait-bien-dun-acte-terroriste\\\/183712\\\/#primaryimage\"},\"image\":{\"@id\":\"https:\\\/\\\/www.webdo.tn\\\/fr\\\/actualite\\\/international\\\/fusillade-de-californie-il-sagirait-bien-dun-acte-terroriste\\\/183712\\\/#primaryimage\"},\"thumbnailUrl\":\"https:\\\/\\\/www.webdo.tn\\\/fr\\\/wp-content\\\/uploads\\\/2015\\\/12\\\/San-Bernardino-300x169-1.jpg\",\"datePublished\":\"2015-12-04T23:01:00+00:00\",\"dateModified\":\"2025-05-19T10:00:18+00:00\",\"description\":\"Fusillade de San Bernardino : Il s'agirait bien d'un acte terroriste\",\"breadcrumb\":{\"@id\":\"https:\\\/\\\/www.webdo.tn\\\/fr\\\/actualite\\\/international\\\/fusillade-de-californie-il-sagirait-bien-dun-acte-terroriste\\\/183712\\\/#breadcrumb\"},\"inLanguage\":\"fr-FR\",\"potentialAction\":[{\"@type\":\"ReadAction\",\"target\":[\"https:\\\/\\\/www.webdo.tn\\\/fr\\\/actualite\\\/international\\\/fusillade-de-californie-il-sagirait-bien-dun-acte-terroriste\\\/183712\\\/\"]}]},{\"@type\":\"ImageObject\",\"inLanguage\":\"fr-FR\",\"@id\":\"https:\\\/\\\/www.webdo.tn\\\/fr\\\/actualite\\\/international\\\/fusillade-de-californie-il-sagirait-bien-dun-acte-terroriste\\\/183712\\\/#primaryimage\",\"url\":\"https:\\\/\\\/www.webdo.tn\\\/fr\\\/wp-content\\\/uploads\\\/2015\\\/12\\\/San-Bernardino-300x169-1.jpg\",\"contentUrl\":\"https:\\\/\\\/www.webdo.tn\\\/fr\\\/wp-content\\\/uploads\\\/2015\\\/12\\\/San-Bernardino-300x169-1.jpg\",\"width\":300,\"height\":169,\"caption\":\"Fusillade de San Bernardino : Il s'agirait bien d'un acte terroriste\"},{\"@type\":\"BreadcrumbList\",\"@id\":\"https:\\\/\\\/www.webdo.tn\\\/fr\\\/actualite\\\/international\\\/fusillade-de-californie-il-sagirait-bien-dun-acte-terroriste\\\/183712\\\/#breadcrumb\",\"itemListElement\":[{\"@type\":\"ListItem\",\"position\":1,\"name\":\"Accueil\",\"item\":\"https:\\\/\\\/www.webdo.tn\\\/fr\\\/\"},{\"@type\":\"ListItem\",\"position\":2,\"name\":\"Fusillade de San Bernardino : Il s&rsquo;agirait bien d&rsquo;un acte terroriste\"}]},{\"@type\":\"WebSite\",\"@id\":\"https:\\\/\\\/www.webdo.tn\\\/fr\\\/#website\",\"url\":\"https:\\\/\\\/www.webdo.tn\\\/fr\\\/\",\"name\":\"webdo\",\"description\":\"Tunisie - News en Tunisie et \u00e0 l&#039;international sur Webdo.tn\",\"publisher\":{\"@id\":\"https:\\\/\\\/www.webdo.tn\\\/fr\\\/#organization\"},\"potentialAction\":[{\"@type\":\"SearchAction\",\"target\":{\"@type\":\"EntryPoint\",\"urlTemplate\":\"https:\\\/\\\/www.webdo.tn\\\/fr\\\/?s={search_term_string}\"},\"query-input\":{\"@type\":\"PropertyValueSpecification\",\"valueRequired\":true,\"valueName\":\"search_term_string\"}}],\"inLanguage\":\"fr-FR\"},{\"@type\":\"Organization\",\"@id\":\"https:\\\/\\\/www.webdo.tn\\\/fr\\\/#organization\",\"name\":\"Webdo\",\"alternateName\":\"Webdo.tn\",\"url\":\"https:\\\/\\\/www.webdo.tn\\\/fr\\\/\",\"logo\":{\"@type\":\"ImageObject\",\"inLanguage\":\"fr-FR\",\"@id\":\"https:\\\/\\\/www.webdo.tn\\\/fr\\\/#\\\/schema\\\/logo\\\/image\\\/\",\"url\":\"https:\\\/\\\/www.webdo.tn\\\/fr\\\/wp-content\\\/uploads\\\/2025\\\/06\\\/Webdo-Tunisie_168377.jpg\",\"contentUrl\":\"https:\\\/\\\/www.webdo.tn\\\/fr\\\/wp-content\\\/uploads\\\/2025\\\/06\\\/Webdo-Tunisie_168377.jpg\",\"width\":301,\"height\":301,\"caption\":\"Webdo\"},\"image\":{\"@id\":\"https:\\\/\\\/www.webdo.tn\\\/fr\\\/#\\\/schema\\\/logo\\\/image\\\/\"},\"sameAs\":[\"https:\\\/\\\/www.facebook.com\\\/webdotn\",\"https:\\\/\\\/x.com\\\/webdo_tn\"],\"description\":\"Webdo est un m\u00e9dia num\u00e9rique tunisien fond\u00e9 en 2010, sp\u00e9cialis\u00e9 dans l\u2019actualit\u00e9 nationale et internationale, l\u2019\u00e9conomie, la soci\u00e9t\u00e9 et les analyses politiques. Le site s\u2019adresse \u00e0 un large public francophone et couvre l\u2019information tunisienne en temps r\u00e9el.\",\"email\":\"redac@webdo.tn\",\"legalName\":\"YNJ SARL\",\"foundingDate\":\"2010-09-06\",\"numberOfEmployees\":{\"@type\":\"QuantitativeValue\",\"minValue\":\"11\",\"maxValue\":\"50\"}},{\"@type\":\"Person\",\"@id\":\"https:\\\/\\\/www.webdo.tn\\\/fr\\\/#\\\/schema\\\/person\\\/9a9c6118d687c117df8ef3cc36a4d175\",\"name\":\"webdo.tn\",\"image\":{\"@type\":\"ImageObject\",\"inLanguage\":\"fr-FR\",\"@id\":\"https:\\\/\\\/secure.gravatar.com\\\/avatar\\\/7ce1f28c0c3bbac99ff550b85ef8e44a6950c6ee24514fb6a5489e51d06f0298?s=96&d=mm&r=g\",\"url\":\"https:\\\/\\\/secure.gravatar.com\\\/avatar\\\/7ce1f28c0c3bbac99ff550b85ef8e44a6950c6ee24514fb6a5489e51d06f0298?s=96&d=mm&r=g\",\"contentUrl\":\"https:\\\/\\\/secure.gravatar.com\\\/avatar\\\/7ce1f28c0c3bbac99ff550b85ef8e44a6950c6ee24514fb6a5489e51d06f0298?s=96&d=mm&r=g\",\"caption\":\"webdo.tn\"},\"url\":\"https:\\\/\\\/www.webdo.tn\\\/fr\\\/actualite\\\/author\\\/webdotn\\\/\"}]}<\/script>\n<!-- \/ Yoast SEO Premium plugin. -->","yoast_head_json":{"title":"Fusillade de San Bernardino : Il s'agirait bien d'un acte terroriste","description":"Fusillade de San Bernardino : Il s'agirait bien d'un acte terroriste","canonical":"https:\/\/www.webdo.tn\/fr\/actualite\/international\/fusillade-de-californie-il-sagirait-bien-dun-acte-terroriste\/183712\/","og_locale":"fr_FR","og_type":"article","og_title":"Fusillade de San Bernardino : Il s'agirait bien d'un acte terroriste","og_description":"Fusillade de San Bernardino : Il s'agirait bien d'un acte terroriste","og_url":"https:\/\/www.webdo.tn\/fr\/actualite\/international\/fusillade-de-californie-il-sagirait-bien-dun-acte-terroriste\/183712\/","og_site_name":"webdo","article_publisher":"https:\/\/www.facebook.com\/webdotn","article_published_time":"2015-12-04T23:01:00+00:00","article_modified_time":"2025-05-19T10:00:18+00:00","og_image":[{"width":300,"height":169,"url":"https:\/\/www.webdo.tn\/fr\/wp-content\/uploads\/2015\/12\/San-Bernardino-300x169-1.jpg","type":"image\/jpeg"}],"author":"webdo.tn","twitter_card":"summary_large_image","twitter_creator":"@webdo_tn","twitter_site":"@webdo_tn","twitter_misc":{"\u00c9crit par":"webdo.tn","Dur\u00e9e de lecture estim\u00e9e":"1 minute"},"schema":{"@context":"https:\/\/schema.org","@graph":[{"@type":"NewsArticle","@id":"https:\/\/www.webdo.tn\/fr\/actualite\/international\/fusillade-de-californie-il-sagirait-bien-dun-acte-terroriste\/183712\/#article","isPartOf":{"@id":"https:\/\/www.webdo.tn\/fr\/actualite\/international\/fusillade-de-californie-il-sagirait-bien-dun-acte-terroriste\/183712\/"},"author":{"name":"webdo.tn","@id":"https:\/\/www.webdo.tn\/fr\/#\/schema\/person\/9a9c6118d687c117df8ef3cc36a4d175"},"headline":"Fusillade de San Bernardino : Il s&rsquo;agirait bien d&rsquo;un acte terroriste","datePublished":"2015-12-04T23:01:00+00:00","dateModified":"2025-05-19T10:00:18+00:00","mainEntityOfPage":{"@id":"https:\/\/www.webdo.tn\/fr\/actualite\/international\/fusillade-de-californie-il-sagirait-bien-dun-acte-terroriste\/183712\/"},"wordCount":239,"commentCount":0,"publisher":{"@id":"https:\/\/www.webdo.tn\/fr\/#organization"},"image":{"@id":"https:\/\/www.webdo.tn\/fr\/actualite\/international\/fusillade-de-californie-il-sagirait-bien-dun-acte-terroriste\/183712\/#primaryimage"},"thumbnailUrl":"https:\/\/www.webdo.tn\/fr\/wp-content\/uploads\/2015\/12\/San-Bernardino-300x169-1.jpg","keywords":["guerre"],"articleSection":["International"],"inLanguage":"fr-FR"},{"@type":"WebPage","@id":"https:\/\/www.webdo.tn\/fr\/actualite\/international\/fusillade-de-californie-il-sagirait-bien-dun-acte-terroriste\/183712\/","url":"https:\/\/www.webdo.tn\/fr\/actualite\/international\/fusillade-de-californie-il-sagirait-bien-dun-acte-terroriste\/183712\/","name":"Fusillade de San Bernardino : Il s'agirait bien d'un acte terroriste","isPartOf":{"@id":"https:\/\/www.webdo.tn\/fr\/#website"},"primaryImageOfPage":{"@id":"https:\/\/www.webdo.tn\/fr\/actualite\/international\/fusillade-de-californie-il-sagirait-bien-dun-acte-terroriste\/183712\/#primaryimage"},"image":{"@id":"https:\/\/www.webdo.tn\/fr\/actualite\/international\/fusillade-de-californie-il-sagirait-bien-dun-acte-terroriste\/183712\/#primaryimage"},"thumbnailUrl":"https:\/\/www.webdo.tn\/fr\/wp-content\/uploads\/2015\/12\/San-Bernardino-300x169-1.jpg","datePublished":"2015-12-04T23:01:00+00:00","dateModified":"2025-05-19T10:00:18+00:00","description":"Fusillade de San Bernardino : Il s'agirait bien d'un acte terroriste","breadcrumb":{"@id":"https:\/\/www.webdo.tn\/fr\/actualite\/international\/fusillade-de-californie-il-sagirait-bien-dun-acte-terroriste\/183712\/#breadcrumb"},"inLanguage":"fr-FR","potentialAction":[{"@type":"ReadAction","target":["https:\/\/www.webdo.tn\/fr\/actualite\/international\/fusillade-de-californie-il-sagirait-bien-dun-acte-terroriste\/183712\/"]}]},{"@type":"ImageObject","inLanguage":"fr-FR","@id":"https:\/\/www.webdo.tn\/fr\/actualite\/international\/fusillade-de-californie-il-sagirait-bien-dun-acte-terroriste\/183712\/#primaryimage","url":"https:\/\/www.webdo.tn\/fr\/wp-content\/uploads\/2015\/12\/San-Bernardino-300x169-1.jpg","contentUrl":"https:\/\/www.webdo.tn\/fr\/wp-content\/uploads\/2015\/12\/San-Bernardino-300x169-1.jpg","width":300,"height":169,"caption":"Fusillade de San Bernardino : Il s'agirait bien d'un acte terroriste"},{"@type":"BreadcrumbList","@id":"https:\/\/www.webdo.tn\/fr\/actualite\/international\/fusillade-de-californie-il-sagirait-bien-dun-acte-terroriste\/183712\/#breadcrumb","itemListElement":[{"@type":"ListItem","position":1,"name":"Accueil","item":"https:\/\/www.webdo.tn\/fr\/"},{"@type":"ListItem","position":2,"name":"Fusillade de San Bernardino : Il s&rsquo;agirait bien d&rsquo;un acte terroriste"}]},{"@type":"WebSite","@id":"https:\/\/www.webdo.tn\/fr\/#website","url":"https:\/\/www.webdo.tn\/fr\/","name":"webdo","description":"Tunisie - News en Tunisie et \u00e0 l&#039;international sur Webdo.tn","publisher":{"@id":"https:\/\/www.webdo.tn\/fr\/#organization"},"potentialAction":[{"@type":"SearchAction","target":{"@type":"EntryPoint","urlTemplate":"https:\/\/www.webdo.tn\/fr\/?s={search_term_string}"},"query-input":{"@type":"PropertyValueSpecification","valueRequired":true,"valueName":"search_term_string"}}],"inLanguage":"fr-FR"},{"@type":"Organization","@id":"https:\/\/www.webdo.tn\/fr\/#organization","name":"Webdo","alternateName":"Webdo.tn","url":"https:\/\/www.webdo.tn\/fr\/","logo":{"@type":"ImageObject","inLanguage":"fr-FR","@id":"https:\/\/www.webdo.tn\/fr\/#\/schema\/logo\/image\/","url":"https:\/\/www.webdo.tn\/fr\/wp-content\/uploads\/2025\/06\/Webdo-Tunisie_168377.jpg","contentUrl":"https:\/\/www.webdo.tn\/fr\/wp-content\/uploads\/2025\/06\/Webdo-Tunisie_168377.jpg","width":301,"height":301,"caption":"Webdo"},"image":{"@id":"https:\/\/www.webdo.tn\/fr\/#\/schema\/logo\/image\/"},"sameAs":["https:\/\/www.facebook.com\/webdotn","https:\/\/x.com\/webdo_tn"],"description":"Webdo est un m\u00e9dia num\u00e9rique tunisien fond\u00e9 en 2010, sp\u00e9cialis\u00e9 dans l\u2019actualit\u00e9 nationale et internationale, l\u2019\u00e9conomie, la soci\u00e9t\u00e9 et les analyses politiques. Le site s\u2019adresse \u00e0 un large public francophone et couvre l\u2019information tunisienne en temps r\u00e9el.","email":"redac@webdo.tn","legalName":"YNJ SARL","foundingDate":"2010-09-06","numberOfEmployees":{"@type":"QuantitativeValue","minValue":"11","maxValue":"50"}},{"@type":"Person","@id":"https:\/\/www.webdo.tn\/fr\/#\/schema\/person\/9a9c6118d687c117df8ef3cc36a4d175","name":"webdo.tn","image":{"@type":"ImageObject","inLanguage":"fr-FR","@id":"https:\/\/secure.gravatar.com\/avatar\/7ce1f28c0c3bbac99ff550b85ef8e44a6950c6ee24514fb6a5489e51d06f0298?s=96&d=mm&r=g","url":"https:\/\/secure.gravatar.com\/avatar\/7ce1f28c0c3bbac99ff550b85ef8e44a6950c6ee24514fb6a5489e51d06f0298?s=96&d=mm&r=g","contentUrl":"https:\/\/secure.gravatar.com\/avatar\/7ce1f28c0c3bbac99ff550b85ef8e44a6950c6ee24514fb6a5489e51d06f0298?s=96&d=mm&r=g","caption":"webdo.tn"},"url":"https:\/\/www.webdo.tn\/fr\/actualite\/author\/webdotn\/"}]}},"_links":{"self":[{"href":"https:\/\/www.webdo.tn\/fr\/wp-json\/wp\/v2\/posts\/183712","targetHints":{"allow":["GET"]}}],"collection":[{"href":"https:\/\/www.webdo.tn\/fr\/wp-json\/wp\/v2\/posts"}],"about":[{"href":"https:\/\/www.webdo.tn\/fr\/wp-json\/wp\/v2\/types\/post"}],"author":[{"embeddable":true,"href":"https:\/\/www.webdo.tn\/fr\/wp-json\/wp\/v2\/users\/3222"}],"replies":[{"embeddable":true,"href":"https:\/\/www.webdo.tn\/fr\/wp-json\/wp\/v2\/comments?post=183712"}],"version-history":[{"count":0,"href":"https:\/\/www.webdo.tn\/fr\/wp-json\/wp\/v2\/posts\/183712\/revisions"}],"wp:featuredmedia":[{"embeddable":true,"href":"https:\/\/www.webdo.tn\/fr\/wp-json\/wp\/v2\/media\/316237"}],"wp:attachment":[{"href":"https:\/\/www.webdo.tn\/fr\/wp-json\/wp\/v2\/media?parent=183712"}],"wp:term":[{"taxonomy":"category","embeddable":true,"href":"https:\/\/www.webdo.tn\/fr\/wp-json\/wp\/v2\/categories?post=183712"},{"taxonomy":"post_tag","embeddable":true,"href":"https:\/\/www.webdo.tn\/fr\/wp-json\/wp\/v2\/tags?post=183712"}],"curies":[{"name":"wp","href":"https:\/\/api.w.org\/{rel}","templated":true}]}}