{"id":183704,"date":"2015-12-08T12:04:00","date_gmt":"2015-12-08T12:04:00","guid":{"rendered":"https:\/\/www.webdo.tn\/fr\/blog\/larsenal-militaire-de-letat-islamique-selon-amnesty-international\/183704\/"},"modified":"2015-12-08T12:04:00","modified_gmt":"2015-12-08T12:04:00","slug":"larsenal-militaire-de-letat-islamique-selon-amnesty-international","status":"publish","type":"post","link":"https:\/\/www.webdo.tn\/fr\/actualite\/international\/larsenal-militaire-de-letat-islamique-selon-amnesty-international\/183704\/","title":{"rendered":"L&rsquo;arsenal militaire de l&rsquo;Etat islamique, selon Amnesty International"},"content":{"rendered":"<p>Amnesty International dresse un rapport sur l\u2019armement de l\u2019\u00c9tat islamique, estimant que ses stocks d&rsquo;armes sont pleins.<br \/>\nDans son rapport, Amnesty International dresse la liste de plus de 100 types d\u2019armes et munitions achet\u00e9es au d\u00e9part \u00e0 pas moins de 25 pays, qui sont utilis\u00e9es en Irak et en Syrie par le groupe arm\u00e9 se d\u00e9signant sous le nom d\u2019\u00c9tat islamique (EI).<\/p>\n<p>L\u2019EI utilise cet arsenal pour commettre de tr\u00e8s nombreuses atteintes aux droits humains et violations du droit international humanitaire. Les combattants de l\u2019EI enl\u00e8vent des civils, notamment des militants pacifiques et des professionnels des m\u00e9dias, et commettent des actes de torture et des mauvais traitements, y compris des viols et d\u2019autres violences sexuelles et fond\u00e9es sur le genre. Ils ex\u00e9cutent sommairement les soldats gouvernementaux captur\u00e9s et les membres d\u2019autres groupes arm\u00e9s, et enr\u00f4lent des enfants soldats.<br \/>\nLes armes am\u00e9ricaines de l&rsquo;arm\u00e9e irakienne<br \/>\nL\u2019EI s\u2019est procur\u00e9 la majeure partie de son armement en s\u2019emparant des stocks de l\u2019arm\u00e9e irakienne. Il en a acquis \u00e9galement sur les champs de bataille, par le commerce illicite et par les d\u00e9fections de combattants en Irak et en Syrie.<\/p>\n<p>Apr\u00e8s avoir pris le contr\u00f4le de Mossoul, la deuxi\u00e8me ville irakienne, en juin 2014, les combattants de l\u2019EI ont pris possession de tout un arsenal d\u2019armes de fabrication internationale appartenant aux forces arm\u00e9es irakiennes, notamment des armes et des v\u00e9hicules militaires de fabrication am\u00e9ricaine, qu\u2019ils ont exhib\u00e9s sur les r\u00e9seaux sociaux.<\/p>\n<p>Une grande partie des armements de l\u2019EI ont \u00e9t\u00e9 achet\u00e9s au d\u00e9part par l\u2019arm\u00e9e irakienne aux \u00c9tats-Unis, \u00e0 la Russie et aux \u00c9tats de l\u2019ancien bloc sovi\u00e9tique, dans les ann\u00e9es 1970 et 1990. En Syrie, la plupart des armes viennent de Russie, des \u00c9tats de l\u2019ancien bloc sovi\u00e9tique et d\u2019Iran.<\/p>\n<p>La guerre Iran-Irak (1980-88) a marqu\u00e9 un tournant dans le d\u00e9veloppement du march\u00e9 mondial moderne de l\u2019armement : au moins 34 pays diff\u00e9rents fournissaient des armes \u00e0 l\u2019Irak, dont 28 \u00e9quipaient \u00e9galement l\u2019Iran.<\/p>\n<p>Apr\u00e8s une accalmie dans les transferts d\u2019armes \u00e0 destination de l\u2019Irak en raison de l\u2019embargo d\u00e9cr\u00e9t\u00e9 par l\u2019ONU en 1990, on a constat\u00e9 une forte hausse des importations d\u2019armes en Irak \u00e0 la suite de l\u2019intervention militaire dirig\u00e9e par les \u00c9tats-Unis en 2003.<\/p>\n<p>Plus de 30 pays \u2013 dont tous les membres permanents du Conseil de s\u00e9curit\u00e9 de l\u2019ONU \u2013 ont fourni des \u00e9quipements militaires \u00e0 l\u2019arm\u00e9e irakienne au cours des 10 derni\u00e8res ann\u00e9es, p\u00e9riode pendant laquelle des quantit\u00e9s importantes d\u2019\u00e9quipements militaires se sont retrouv\u00e9s entre les mains des groupes d\u2019insurg\u00e9s, notamment de l\u2019EI et de ses pr\u00e9curseurs.<br \/>\nSyst\u00e8mes de d\u00e9fense antia\u00e9riens Sol-Air<br \/>\nEntre 2011 et 2013, les \u00c9tats-Unis ont sign\u00e9 des contrats d\u2019armements de plusieurs milliards de dollars avec le gouvernement irakien. En 2014, ils avaient livr\u00e9 plus de 500 millions de dollars d\u2019armes l\u00e9g\u00e8res et de munitions. Les livraisons se poursuivent dans le cadre de la r\u00e9alisation du fonds de formation et d\u2019\u00e9quipement pour l\u2019Irak initi\u00e9 par le minist\u00e8re am\u00e9ricain de la D\u00e9fense, \u00e0 hauteur de 1,6 milliard de dollars, qui englobe 43 200 fusils M4.<\/p>\n<p>Le 15 ao\u00fbt 2014, la r\u00e9solution 2170 du Conseil de s\u00e9curit\u00e9 de l\u2019ONU a r\u00e9affirm\u00e9 l\u2019embargo existant sur les armes \u00e0 destination de l\u2019EI et du groupe arm\u00e9 Front al Nosra, affili\u00e9 \u00e0 al Qa\u00efda.<\/p>\n<p>S\u2019appuyant sur les analyses d\u2019experts de milliers de vid\u00e9os et d\u2019images v\u00e9rifi\u00e9es, le rapport d&rsquo;Amnesty International indique que dans les armements sophistiqu\u00e9s de l\u2019EI figurent les syst\u00e8mes de d\u00e9fense antia\u00e9riens Sol-Air \u00c0 Tr\u00e8s Courte Port\u00e9e (SATCP), les missiles guid\u00e9s antichars et les v\u00e9hicules blind\u00e9s de combat, ainsi que les fusils d\u2019assaut tels que les AK russes et les M16 et Bushmaster am\u00e9ricains.<\/p>\n<p>La plupart des armes classiques utilis\u00e9es par les combattants de l\u2019EI datent des ann\u00e9es 1970 et 1990, notamment les pistolets, les armes de poing et autres armes de petit calibre, les mitrailleuses, les armes antichars, les mortiers et l\u2019artillerie. Les fusils d\u2019assaut de type Kalachnikov de l\u2019\u00e8re sovi\u00e9tique sont l\u00e9gion, principalement fabriqu\u00e9s par des entreprises russes et chinoises.<\/p>\n<p>Les combattants de l\u2019EI et d\u2019autres groupes arm\u00e9s fabriquent \u00e9galement des armements improvis\u00e9s dans des ateliers sommaires. Il s\u2019agit notamment de mortiers et de roquettes, de grenades \u00e0 main improvis\u00e9es, d\u2019engins explosifs improvis\u00e9s tels que des voitures et des objets pi\u00e9g\u00e9s, et m\u00eame de bombes \u00e0 sous-munitions remani\u00e9es, une arme prohib\u00e9e par le droit international. Dans certains cas, les engins explosifs improvis\u00e9s constituent des mines terrestres prohib\u00e9es par le trait\u00e9 international sur l\u2019interdiction des mines.<br \/>\nA.B.<\/p>\n","protected":false},"excerpt":{"rendered":"<p>L&rsquo;arsenal militaire de l&rsquo;Etat islamique, selon Amnesty International<\/p>\n","protected":false},"author":3222,"featured_media":328914,"comment_status":"open","ping_status":"closed","sticky":false,"template":"","format":"standard","meta":{"footnotes":""},"categories":[2598],"tags":[2600],"class_list":["post-183704","post","type-post","status-publish","format-standard","has-post-thumbnail","hentry","category-international","tag-guerre"],"yoast_head":"<!-- This site is optimized with the Yoast SEO Premium plugin v27.5 (Yoast SEO v27.5) - https:\/\/yoast.com\/product\/yoast-seo-premium-wordpress\/ -->\n<title>L&#039;arsenal militaire de l&#039;Etat islamique, selon Amnesty International<\/title>\n<meta name=\"description\" content=\"L&#039;arsenal militaire de l&#039;Etat islamique, selon Amnesty International\" \/>\n<link rel=\"canonical\" href=\"https:\/\/www.webdo.tn\/fr\/actualite\/international\/larsenal-militaire-de-letat-islamique-selon-amnesty-international\/183704\/\" \/>\n<meta property=\"og:locale\" content=\"fr_FR\" \/>\n<meta property=\"og:type\" content=\"article\" \/>\n<meta property=\"og:title\" content=\"L&#039;arsenal militaire de l&#039;Etat islamique, selon Amnesty International\" \/>\n<meta property=\"og:description\" content=\"L&#039;arsenal militaire de l&#039;Etat islamique, selon Amnesty International\" \/>\n<meta property=\"og:url\" content=\"https:\/\/www.webdo.tn\/fr\/actualite\/international\/larsenal-militaire-de-letat-islamique-selon-amnesty-international\/183704\/\" \/>\n<meta property=\"og:site_name\" content=\"webdo\" \/>\n<meta property=\"article:publisher\" content=\"https:\/\/www.facebook.com\/webdotn\" \/>\n<meta property=\"article:published_time\" content=\"2015-12-08T12:04:00+00:00\" \/>\n<meta property=\"og:image\" content=\"https:\/\/www.webdo.tn\/fr\/wp-content\/uploads\/2015\/12\/EI-1.jpg\" \/>\n\t<meta property=\"og:image:width\" content=\"911\" \/>\n\t<meta property=\"og:image:height\" content=\"467\" \/>\n\t<meta property=\"og:image:type\" content=\"image\/jpeg\" \/>\n<meta name=\"author\" content=\"webdo.tn\" \/>\n<meta name=\"twitter:card\" content=\"summary_large_image\" \/>\n<meta name=\"twitter:creator\" content=\"@webdo_tn\" \/>\n<meta name=\"twitter:site\" content=\"@webdo_tn\" \/>\n<meta name=\"twitter:label1\" content=\"\u00c9crit par\" \/>\n\t<meta name=\"twitter:data1\" content=\"webdo.tn\" \/>\n\t<meta name=\"twitter:label2\" content=\"Dur\u00e9e de lecture estim\u00e9e\" \/>\n\t<meta name=\"twitter:data2\" content=\"4 minutes\" \/>\n<script type=\"application\/ld+json\" class=\"yoast-schema-graph\">{\"@context\":\"https:\\\/\\\/schema.org\",\"@graph\":[{\"@type\":\"NewsArticle\",\"@id\":\"https:\\\/\\\/www.webdo.tn\\\/fr\\\/actualite\\\/international\\\/larsenal-militaire-de-letat-islamique-selon-amnesty-international\\\/183704\\\/#article\",\"isPartOf\":{\"@id\":\"https:\\\/\\\/www.webdo.tn\\\/fr\\\/actualite\\\/international\\\/larsenal-militaire-de-letat-islamique-selon-amnesty-international\\\/183704\\\/\"},\"author\":{\"name\":\"webdo.tn\",\"@id\":\"https:\\\/\\\/www.webdo.tn\\\/fr\\\/#\\\/schema\\\/person\\\/9a9c6118d687c117df8ef3cc36a4d175\"},\"headline\":\"L&rsquo;arsenal militaire de l&rsquo;Etat islamique, selon Amnesty International\",\"datePublished\":\"2015-12-08T12:04:00+00:00\",\"mainEntityOfPage\":{\"@id\":\"https:\\\/\\\/www.webdo.tn\\\/fr\\\/actualite\\\/international\\\/larsenal-militaire-de-letat-islamique-selon-amnesty-international\\\/183704\\\/\"},\"wordCount\":847,\"commentCount\":0,\"publisher\":{\"@id\":\"https:\\\/\\\/www.webdo.tn\\\/fr\\\/#organization\"},\"image\":{\"@id\":\"https:\\\/\\\/www.webdo.tn\\\/fr\\\/actualite\\\/international\\\/larsenal-militaire-de-letat-islamique-selon-amnesty-international\\\/183704\\\/#primaryimage\"},\"thumbnailUrl\":\"https:\\\/\\\/www.webdo.tn\\\/fr\\\/wp-content\\\/uploads\\\/2015\\\/12\\\/EI-1.jpg\",\"keywords\":[\"guerre\"],\"articleSection\":[\"International\"],\"inLanguage\":\"fr-FR\"},{\"@type\":\"WebPage\",\"@id\":\"https:\\\/\\\/www.webdo.tn\\\/fr\\\/actualite\\\/international\\\/larsenal-militaire-de-letat-islamique-selon-amnesty-international\\\/183704\\\/\",\"url\":\"https:\\\/\\\/www.webdo.tn\\\/fr\\\/actualite\\\/international\\\/larsenal-militaire-de-letat-islamique-selon-amnesty-international\\\/183704\\\/\",\"name\":\"L'arsenal militaire de l'Etat islamique, selon Amnesty International\",\"isPartOf\":{\"@id\":\"https:\\\/\\\/www.webdo.tn\\\/fr\\\/#website\"},\"primaryImageOfPage\":{\"@id\":\"https:\\\/\\\/www.webdo.tn\\\/fr\\\/actualite\\\/international\\\/larsenal-militaire-de-letat-islamique-selon-amnesty-international\\\/183704\\\/#primaryimage\"},\"image\":{\"@id\":\"https:\\\/\\\/www.webdo.tn\\\/fr\\\/actualite\\\/international\\\/larsenal-militaire-de-letat-islamique-selon-amnesty-international\\\/183704\\\/#primaryimage\"},\"thumbnailUrl\":\"https:\\\/\\\/www.webdo.tn\\\/fr\\\/wp-content\\\/uploads\\\/2015\\\/12\\\/EI-1.jpg\",\"datePublished\":\"2015-12-08T12:04:00+00:00\",\"description\":\"L'arsenal militaire de l'Etat islamique, selon Amnesty International\",\"breadcrumb\":{\"@id\":\"https:\\\/\\\/www.webdo.tn\\\/fr\\\/actualite\\\/international\\\/larsenal-militaire-de-letat-islamique-selon-amnesty-international\\\/183704\\\/#breadcrumb\"},\"inLanguage\":\"fr-FR\",\"potentialAction\":[{\"@type\":\"ReadAction\",\"target\":[\"https:\\\/\\\/www.webdo.tn\\\/fr\\\/actualite\\\/international\\\/larsenal-militaire-de-letat-islamique-selon-amnesty-international\\\/183704\\\/\"]}]},{\"@type\":\"ImageObject\",\"inLanguage\":\"fr-FR\",\"@id\":\"https:\\\/\\\/www.webdo.tn\\\/fr\\\/actualite\\\/international\\\/larsenal-militaire-de-letat-islamique-selon-amnesty-international\\\/183704\\\/#primaryimage\",\"url\":\"https:\\\/\\\/www.webdo.tn\\\/fr\\\/wp-content\\\/uploads\\\/2015\\\/12\\\/EI-1.jpg\",\"contentUrl\":\"https:\\\/\\\/www.webdo.tn\\\/fr\\\/wp-content\\\/uploads\\\/2015\\\/12\\\/EI-1.jpg\",\"width\":911,\"height\":467,\"caption\":\"L'arsenal militaire de l'Etat islamique, selon Amnesty International\"},{\"@type\":\"BreadcrumbList\",\"@id\":\"https:\\\/\\\/www.webdo.tn\\\/fr\\\/actualite\\\/international\\\/larsenal-militaire-de-letat-islamique-selon-amnesty-international\\\/183704\\\/#breadcrumb\",\"itemListElement\":[{\"@type\":\"ListItem\",\"position\":1,\"name\":\"Accueil\",\"item\":\"https:\\\/\\\/www.webdo.tn\\\/fr\\\/\"},{\"@type\":\"ListItem\",\"position\":2,\"name\":\"L&rsquo;arsenal militaire de l&rsquo;Etat islamique, selon Amnesty International\"}]},{\"@type\":\"WebSite\",\"@id\":\"https:\\\/\\\/www.webdo.tn\\\/fr\\\/#website\",\"url\":\"https:\\\/\\\/www.webdo.tn\\\/fr\\\/\",\"name\":\"webdo\",\"description\":\"Tunisie - News en Tunisie et \u00e0 l&#039;international sur Webdo.tn\",\"publisher\":{\"@id\":\"https:\\\/\\\/www.webdo.tn\\\/fr\\\/#organization\"},\"potentialAction\":[{\"@type\":\"SearchAction\",\"target\":{\"@type\":\"EntryPoint\",\"urlTemplate\":\"https:\\\/\\\/www.webdo.tn\\\/fr\\\/?s={search_term_string}\"},\"query-input\":{\"@type\":\"PropertyValueSpecification\",\"valueRequired\":true,\"valueName\":\"search_term_string\"}}],\"inLanguage\":\"fr-FR\"},{\"@type\":\"Organization\",\"@id\":\"https:\\\/\\\/www.webdo.tn\\\/fr\\\/#organization\",\"name\":\"Webdo\",\"alternateName\":\"Webdo.tn\",\"url\":\"https:\\\/\\\/www.webdo.tn\\\/fr\\\/\",\"logo\":{\"@type\":\"ImageObject\",\"inLanguage\":\"fr-FR\",\"@id\":\"https:\\\/\\\/www.webdo.tn\\\/fr\\\/#\\\/schema\\\/logo\\\/image\\\/\",\"url\":\"https:\\\/\\\/www.webdo.tn\\\/fr\\\/wp-content\\\/uploads\\\/2025\\\/06\\\/Webdo-Tunisie_168377.jpg\",\"contentUrl\":\"https:\\\/\\\/www.webdo.tn\\\/fr\\\/wp-content\\\/uploads\\\/2025\\\/06\\\/Webdo-Tunisie_168377.jpg\",\"width\":301,\"height\":301,\"caption\":\"Webdo\"},\"image\":{\"@id\":\"https:\\\/\\\/www.webdo.tn\\\/fr\\\/#\\\/schema\\\/logo\\\/image\\\/\"},\"sameAs\":[\"https:\\\/\\\/www.facebook.com\\\/webdotn\",\"https:\\\/\\\/x.com\\\/webdo_tn\"],\"description\":\"Webdo est un m\u00e9dia num\u00e9rique tunisien fond\u00e9 en 2010, sp\u00e9cialis\u00e9 dans l\u2019actualit\u00e9 nationale et internationale, l\u2019\u00e9conomie, la soci\u00e9t\u00e9 et les analyses politiques. Le site s\u2019adresse \u00e0 un large public francophone et couvre l\u2019information tunisienne en temps r\u00e9el.\",\"email\":\"redac@webdo.tn\",\"legalName\":\"YNJ SARL\",\"foundingDate\":\"2010-09-06\",\"numberOfEmployees\":{\"@type\":\"QuantitativeValue\",\"minValue\":\"11\",\"maxValue\":\"50\"}},{\"@type\":\"Person\",\"@id\":\"https:\\\/\\\/www.webdo.tn\\\/fr\\\/#\\\/schema\\\/person\\\/9a9c6118d687c117df8ef3cc36a4d175\",\"name\":\"webdo.tn\",\"image\":{\"@type\":\"ImageObject\",\"inLanguage\":\"fr-FR\",\"@id\":\"https:\\\/\\\/secure.gravatar.com\\\/avatar\\\/7ce1f28c0c3bbac99ff550b85ef8e44a6950c6ee24514fb6a5489e51d06f0298?s=96&d=mm&r=g\",\"url\":\"https:\\\/\\\/secure.gravatar.com\\\/avatar\\\/7ce1f28c0c3bbac99ff550b85ef8e44a6950c6ee24514fb6a5489e51d06f0298?s=96&d=mm&r=g\",\"contentUrl\":\"https:\\\/\\\/secure.gravatar.com\\\/avatar\\\/7ce1f28c0c3bbac99ff550b85ef8e44a6950c6ee24514fb6a5489e51d06f0298?s=96&d=mm&r=g\",\"caption\":\"webdo.tn\"},\"url\":\"https:\\\/\\\/www.webdo.tn\\\/fr\\\/actualite\\\/author\\\/webdotn\\\/\"}]}<\/script>\n<!-- \/ Yoast SEO Premium plugin. -->","yoast_head_json":{"title":"L'arsenal militaire de l'Etat islamique, selon Amnesty International","description":"L'arsenal militaire de l'Etat islamique, selon Amnesty International","canonical":"https:\/\/www.webdo.tn\/fr\/actualite\/international\/larsenal-militaire-de-letat-islamique-selon-amnesty-international\/183704\/","og_locale":"fr_FR","og_type":"article","og_title":"L'arsenal militaire de l'Etat islamique, selon Amnesty International","og_description":"L'arsenal militaire de l'Etat islamique, selon Amnesty International","og_url":"https:\/\/www.webdo.tn\/fr\/actualite\/international\/larsenal-militaire-de-letat-islamique-selon-amnesty-international\/183704\/","og_site_name":"webdo","article_publisher":"https:\/\/www.facebook.com\/webdotn","article_published_time":"2015-12-08T12:04:00+00:00","og_image":[{"width":911,"height":467,"url":"https:\/\/www.webdo.tn\/fr\/wp-content\/uploads\/2015\/12\/EI-1.jpg","type":"image\/jpeg"}],"author":"webdo.tn","twitter_card":"summary_large_image","twitter_creator":"@webdo_tn","twitter_site":"@webdo_tn","twitter_misc":{"\u00c9crit par":"webdo.tn","Dur\u00e9e de lecture estim\u00e9e":"4 minutes"},"schema":{"@context":"https:\/\/schema.org","@graph":[{"@type":"NewsArticle","@id":"https:\/\/www.webdo.tn\/fr\/actualite\/international\/larsenal-militaire-de-letat-islamique-selon-amnesty-international\/183704\/#article","isPartOf":{"@id":"https:\/\/www.webdo.tn\/fr\/actualite\/international\/larsenal-militaire-de-letat-islamique-selon-amnesty-international\/183704\/"},"author":{"name":"webdo.tn","@id":"https:\/\/www.webdo.tn\/fr\/#\/schema\/person\/9a9c6118d687c117df8ef3cc36a4d175"},"headline":"L&rsquo;arsenal militaire de l&rsquo;Etat islamique, selon Amnesty International","datePublished":"2015-12-08T12:04:00+00:00","mainEntityOfPage":{"@id":"https:\/\/www.webdo.tn\/fr\/actualite\/international\/larsenal-militaire-de-letat-islamique-selon-amnesty-international\/183704\/"},"wordCount":847,"commentCount":0,"publisher":{"@id":"https:\/\/www.webdo.tn\/fr\/#organization"},"image":{"@id":"https:\/\/www.webdo.tn\/fr\/actualite\/international\/larsenal-militaire-de-letat-islamique-selon-amnesty-international\/183704\/#primaryimage"},"thumbnailUrl":"https:\/\/www.webdo.tn\/fr\/wp-content\/uploads\/2015\/12\/EI-1.jpg","keywords":["guerre"],"articleSection":["International"],"inLanguage":"fr-FR"},{"@type":"WebPage","@id":"https:\/\/www.webdo.tn\/fr\/actualite\/international\/larsenal-militaire-de-letat-islamique-selon-amnesty-international\/183704\/","url":"https:\/\/www.webdo.tn\/fr\/actualite\/international\/larsenal-militaire-de-letat-islamique-selon-amnesty-international\/183704\/","name":"L'arsenal militaire de l'Etat islamique, selon Amnesty International","isPartOf":{"@id":"https:\/\/www.webdo.tn\/fr\/#website"},"primaryImageOfPage":{"@id":"https:\/\/www.webdo.tn\/fr\/actualite\/international\/larsenal-militaire-de-letat-islamique-selon-amnesty-international\/183704\/#primaryimage"},"image":{"@id":"https:\/\/www.webdo.tn\/fr\/actualite\/international\/larsenal-militaire-de-letat-islamique-selon-amnesty-international\/183704\/#primaryimage"},"thumbnailUrl":"https:\/\/www.webdo.tn\/fr\/wp-content\/uploads\/2015\/12\/EI-1.jpg","datePublished":"2015-12-08T12:04:00+00:00","description":"L'arsenal militaire de l'Etat islamique, selon Amnesty International","breadcrumb":{"@id":"https:\/\/www.webdo.tn\/fr\/actualite\/international\/larsenal-militaire-de-letat-islamique-selon-amnesty-international\/183704\/#breadcrumb"},"inLanguage":"fr-FR","potentialAction":[{"@type":"ReadAction","target":["https:\/\/www.webdo.tn\/fr\/actualite\/international\/larsenal-militaire-de-letat-islamique-selon-amnesty-international\/183704\/"]}]},{"@type":"ImageObject","inLanguage":"fr-FR","@id":"https:\/\/www.webdo.tn\/fr\/actualite\/international\/larsenal-militaire-de-letat-islamique-selon-amnesty-international\/183704\/#primaryimage","url":"https:\/\/www.webdo.tn\/fr\/wp-content\/uploads\/2015\/12\/EI-1.jpg","contentUrl":"https:\/\/www.webdo.tn\/fr\/wp-content\/uploads\/2015\/12\/EI-1.jpg","width":911,"height":467,"caption":"L'arsenal militaire de l'Etat islamique, selon Amnesty International"},{"@type":"BreadcrumbList","@id":"https:\/\/www.webdo.tn\/fr\/actualite\/international\/larsenal-militaire-de-letat-islamique-selon-amnesty-international\/183704\/#breadcrumb","itemListElement":[{"@type":"ListItem","position":1,"name":"Accueil","item":"https:\/\/www.webdo.tn\/fr\/"},{"@type":"ListItem","position":2,"name":"L&rsquo;arsenal militaire de l&rsquo;Etat islamique, selon Amnesty International"}]},{"@type":"WebSite","@id":"https:\/\/www.webdo.tn\/fr\/#website","url":"https:\/\/www.webdo.tn\/fr\/","name":"webdo","description":"Tunisie - News en Tunisie et \u00e0 l&#039;international sur Webdo.tn","publisher":{"@id":"https:\/\/www.webdo.tn\/fr\/#organization"},"potentialAction":[{"@type":"SearchAction","target":{"@type":"EntryPoint","urlTemplate":"https:\/\/www.webdo.tn\/fr\/?s={search_term_string}"},"query-input":{"@type":"PropertyValueSpecification","valueRequired":true,"valueName":"search_term_string"}}],"inLanguage":"fr-FR"},{"@type":"Organization","@id":"https:\/\/www.webdo.tn\/fr\/#organization","name":"Webdo","alternateName":"Webdo.tn","url":"https:\/\/www.webdo.tn\/fr\/","logo":{"@type":"ImageObject","inLanguage":"fr-FR","@id":"https:\/\/www.webdo.tn\/fr\/#\/schema\/logo\/image\/","url":"https:\/\/www.webdo.tn\/fr\/wp-content\/uploads\/2025\/06\/Webdo-Tunisie_168377.jpg","contentUrl":"https:\/\/www.webdo.tn\/fr\/wp-content\/uploads\/2025\/06\/Webdo-Tunisie_168377.jpg","width":301,"height":301,"caption":"Webdo"},"image":{"@id":"https:\/\/www.webdo.tn\/fr\/#\/schema\/logo\/image\/"},"sameAs":["https:\/\/www.facebook.com\/webdotn","https:\/\/x.com\/webdo_tn"],"description":"Webdo est un m\u00e9dia num\u00e9rique tunisien fond\u00e9 en 2010, sp\u00e9cialis\u00e9 dans l\u2019actualit\u00e9 nationale et internationale, l\u2019\u00e9conomie, la soci\u00e9t\u00e9 et les analyses politiques. Le site s\u2019adresse \u00e0 un large public francophone et couvre l\u2019information tunisienne en temps r\u00e9el.","email":"redac@webdo.tn","legalName":"YNJ SARL","foundingDate":"2010-09-06","numberOfEmployees":{"@type":"QuantitativeValue","minValue":"11","maxValue":"50"}},{"@type":"Person","@id":"https:\/\/www.webdo.tn\/fr\/#\/schema\/person\/9a9c6118d687c117df8ef3cc36a4d175","name":"webdo.tn","image":{"@type":"ImageObject","inLanguage":"fr-FR","@id":"https:\/\/secure.gravatar.com\/avatar\/7ce1f28c0c3bbac99ff550b85ef8e44a6950c6ee24514fb6a5489e51d06f0298?s=96&d=mm&r=g","url":"https:\/\/secure.gravatar.com\/avatar\/7ce1f28c0c3bbac99ff550b85ef8e44a6950c6ee24514fb6a5489e51d06f0298?s=96&d=mm&r=g","contentUrl":"https:\/\/secure.gravatar.com\/avatar\/7ce1f28c0c3bbac99ff550b85ef8e44a6950c6ee24514fb6a5489e51d06f0298?s=96&d=mm&r=g","caption":"webdo.tn"},"url":"https:\/\/www.webdo.tn\/fr\/actualite\/author\/webdotn\/"}]}},"_links":{"self":[{"href":"https:\/\/www.webdo.tn\/fr\/wp-json\/wp\/v2\/posts\/183704","targetHints":{"allow":["GET"]}}],"collection":[{"href":"https:\/\/www.webdo.tn\/fr\/wp-json\/wp\/v2\/posts"}],"about":[{"href":"https:\/\/www.webdo.tn\/fr\/wp-json\/wp\/v2\/types\/post"}],"author":[{"embeddable":true,"href":"https:\/\/www.webdo.tn\/fr\/wp-json\/wp\/v2\/users\/3222"}],"replies":[{"embeddable":true,"href":"https:\/\/www.webdo.tn\/fr\/wp-json\/wp\/v2\/comments?post=183704"}],"version-history":[{"count":0,"href":"https:\/\/www.webdo.tn\/fr\/wp-json\/wp\/v2\/posts\/183704\/revisions"}],"wp:featuredmedia":[{"embeddable":true,"href":"https:\/\/www.webdo.tn\/fr\/wp-json\/wp\/v2\/media\/328914"}],"wp:attachment":[{"href":"https:\/\/www.webdo.tn\/fr\/wp-json\/wp\/v2\/media?parent=183704"}],"wp:term":[{"taxonomy":"category","embeddable":true,"href":"https:\/\/www.webdo.tn\/fr\/wp-json\/wp\/v2\/categories?post=183704"},{"taxonomy":"post_tag","embeddable":true,"href":"https:\/\/www.webdo.tn\/fr\/wp-json\/wp\/v2\/tags?post=183704"}],"curies":[{"name":"wp","href":"https:\/\/api.w.org\/{rel}","templated":true}]}}