{"id":183700,"date":"2015-12-09T14:13:00","date_gmt":"2015-12-09T14:13:00","guid":{"rendered":"https:\/\/www.webdo.tn\/fr\/blog\/decouverte-dun-portrait-cache-sous-la-joconde\/183700\/"},"modified":"2015-12-09T14:13:00","modified_gmt":"2015-12-09T14:13:00","slug":"decouverte-dun-portrait-cache-sous-la-joconde","status":"publish","type":"post","link":"https:\/\/www.webdo.tn\/fr\/actualite\/international\/decouverte-dun-portrait-cache-sous-la-joconde\/183700\/","title":{"rendered":"D\u00e9couverte d&rsquo;un portrait cach\u00e9 sous la Joconde"},"content":{"rendered":"<p>Pascal Cotte est un scientifique fran\u00e7ais qui a eu acc\u00e8s au tableau de la Joconde en 2004. Apr\u00e8s dix ans de recherche sur l&rsquo;oeuvre de Da Vinci, il a conclu que le portrait de la Joconde cache un autre portrait d&rsquo;une autre femme, selon la BBC.<\/p>\n<p>Pour \u00e9tayer sa th\u00e8se, le chercheur fran\u00e7ais s&rsquo;est bas\u00e9e sur la technologie Layer Amplification Method. Cette derni\u00e8re, bas\u00e9e sur la lumi\u00e8re, permet d&rsquo;analyser les couches de peintures et de pinceau sous le portrait final.<\/p>\n<p>En reconstituant les donn\u00e9es obtenues, Pascal Cotte a obtenu une image qui fait appara\u00eetre les traits d\u2019une jeune femme au teint de peau diff\u00e9rent, au visage plus fin, le regard dans le vide et sans sourire. \u00abIl s\u2019agit pour moi d\u2019une autre personne, ce n\u2019est pas Mona Lisa\u00bb, a affirm\u00e9 le scientifique \u00e0 la BBC.<\/p>\n<p>Le mus\u00e9e du Louvre, o\u00f9 est expos\u00e9 le tableau, a refus\u00e9 de commenter l\u2019information et parmi les experts de L\u00e9onard de Vinci, on se montre tr\u00e8s sceptique.\u00a0Pour Martin Kemp, par exemple, professeur \u00e9m\u00e9rite d\u2019art \u00e0 l\u2019universit\u00e9 d\u2019Oxford, c&rsquo;est difficile de dire qu&rsquo;il s&rsquo;agit de deux portraits diff\u00e9rents. Il s\u2019agirait plut\u00f4t d\u2019un processus d\u2019\u00e9volution de la peinture jusqu\u2019au r\u00e9sultat final.<br \/>\nN.J.<\/p>\n","protected":false},"excerpt":{"rendered":"<p>D\u00e9couverte d&rsquo;un portrait cach\u00e9 sous la Joconde<\/p>\n","protected":false},"author":3222,"featured_media":336579,"comment_status":"open","ping_status":"closed","sticky":false,"template":"","format":"standard","meta":{"footnotes":""},"categories":[2598],"tags":[2600],"class_list":["post-183700","post","type-post","status-publish","format-standard","has-post-thumbnail","hentry","category-international","tag-guerre"],"yoast_head":"<!-- This site is optimized with the Yoast SEO Premium plugin v27.5 (Yoast SEO v27.5) - https:\/\/yoast.com\/product\/yoast-seo-premium-wordpress\/ -->\n<title>D\u00e9couverte d&#039;un portrait cach\u00e9 sous la Joconde<\/title>\n<meta name=\"description\" content=\"D\u00e9couverte d&#039;un portrait cach\u00e9 sous la Joconde\" \/>\n<link rel=\"canonical\" href=\"https:\/\/www.webdo.tn\/fr\/actualite\/international\/decouverte-dun-portrait-cache-sous-la-joconde\/183700\/\" \/>\n<meta property=\"og:locale\" content=\"fr_FR\" \/>\n<meta property=\"og:type\" content=\"article\" \/>\n<meta property=\"og:title\" content=\"D\u00e9couverte d&#039;un portrait cach\u00e9 sous la Joconde\" \/>\n<meta property=\"og:description\" content=\"D\u00e9couverte d&#039;un portrait cach\u00e9 sous la Joconde\" \/>\n<meta property=\"og:url\" content=\"https:\/\/www.webdo.tn\/fr\/actualite\/international\/decouverte-dun-portrait-cache-sous-la-joconde\/183700\/\" \/>\n<meta property=\"og:site_name\" content=\"webdo\" \/>\n<meta property=\"article:publisher\" content=\"https:\/\/www.facebook.com\/webdotn\" \/>\n<meta property=\"article:published_time\" content=\"2015-12-09T14:13:00+00:00\" \/>\n<meta property=\"og:image\" content=\"https:\/\/www.webdo.tn\/fr\/wp-content\/uploads\/2015\/12\/6ba7cc3c-9e6d-11e5-bbd9-a05173d6396d_web_scale_0.9477124_0.9477124__.jpg\" \/>\n\t<meta property=\"og:image:width\" content=\"767\" \/>\n\t<meta property=\"og:image:height\" content=\"432\" \/>\n\t<meta property=\"og:image:type\" content=\"image\/jpeg\" \/>\n<meta name=\"author\" content=\"webdo.tn\" \/>\n<meta name=\"twitter:card\" content=\"summary_large_image\" \/>\n<meta name=\"twitter:creator\" content=\"@webdo_tn\" \/>\n<meta name=\"twitter:site\" content=\"@webdo_tn\" \/>\n<meta name=\"twitter:label1\" content=\"\u00c9crit par\" \/>\n\t<meta name=\"twitter:data1\" content=\"webdo.tn\" \/>\n\t<meta name=\"twitter:label2\" content=\"Dur\u00e9e de lecture estim\u00e9e\" \/>\n\t<meta name=\"twitter:data2\" content=\"1 minute\" \/>\n<script type=\"application\/ld+json\" class=\"yoast-schema-graph\">{\"@context\":\"https:\\\/\\\/schema.org\",\"@graph\":[{\"@type\":\"NewsArticle\",\"@id\":\"https:\\\/\\\/www.webdo.tn\\\/fr\\\/actualite\\\/international\\\/decouverte-dun-portrait-cache-sous-la-joconde\\\/183700\\\/#article\",\"isPartOf\":{\"@id\":\"https:\\\/\\\/www.webdo.tn\\\/fr\\\/actualite\\\/international\\\/decouverte-dun-portrait-cache-sous-la-joconde\\\/183700\\\/\"},\"author\":{\"name\":\"webdo.tn\",\"@id\":\"https:\\\/\\\/www.webdo.tn\\\/fr\\\/#\\\/schema\\\/person\\\/9a9c6118d687c117df8ef3cc36a4d175\"},\"headline\":\"D\u00e9couverte d&rsquo;un portrait cach\u00e9 sous la Joconde\",\"datePublished\":\"2015-12-09T14:13:00+00:00\",\"mainEntityOfPage\":{\"@id\":\"https:\\\/\\\/www.webdo.tn\\\/fr\\\/actualite\\\/international\\\/decouverte-dun-portrait-cache-sous-la-joconde\\\/183700\\\/\"},\"wordCount\":241,\"commentCount\":0,\"publisher\":{\"@id\":\"https:\\\/\\\/www.webdo.tn\\\/fr\\\/#organization\"},\"image\":{\"@id\":\"https:\\\/\\\/www.webdo.tn\\\/fr\\\/actualite\\\/international\\\/decouverte-dun-portrait-cache-sous-la-joconde\\\/183700\\\/#primaryimage\"},\"thumbnailUrl\":\"https:\\\/\\\/www.webdo.tn\\\/fr\\\/wp-content\\\/uploads\\\/2015\\\/12\\\/6ba7cc3c-9e6d-11e5-bbd9-a05173d6396d_web_scale_0.9477124_0.9477124__.jpg\",\"keywords\":[\"guerre\"],\"articleSection\":[\"International\"],\"inLanguage\":\"fr-FR\"},{\"@type\":\"WebPage\",\"@id\":\"https:\\\/\\\/www.webdo.tn\\\/fr\\\/actualite\\\/international\\\/decouverte-dun-portrait-cache-sous-la-joconde\\\/183700\\\/\",\"url\":\"https:\\\/\\\/www.webdo.tn\\\/fr\\\/actualite\\\/international\\\/decouverte-dun-portrait-cache-sous-la-joconde\\\/183700\\\/\",\"name\":\"D\u00e9couverte d'un portrait cach\u00e9 sous la Joconde\",\"isPartOf\":{\"@id\":\"https:\\\/\\\/www.webdo.tn\\\/fr\\\/#website\"},\"primaryImageOfPage\":{\"@id\":\"https:\\\/\\\/www.webdo.tn\\\/fr\\\/actualite\\\/international\\\/decouverte-dun-portrait-cache-sous-la-joconde\\\/183700\\\/#primaryimage\"},\"image\":{\"@id\":\"https:\\\/\\\/www.webdo.tn\\\/fr\\\/actualite\\\/international\\\/decouverte-dun-portrait-cache-sous-la-joconde\\\/183700\\\/#primaryimage\"},\"thumbnailUrl\":\"https:\\\/\\\/www.webdo.tn\\\/fr\\\/wp-content\\\/uploads\\\/2015\\\/12\\\/6ba7cc3c-9e6d-11e5-bbd9-a05173d6396d_web_scale_0.9477124_0.9477124__.jpg\",\"datePublished\":\"2015-12-09T14:13:00+00:00\",\"description\":\"D\u00e9couverte d'un portrait cach\u00e9 sous la Joconde\",\"breadcrumb\":{\"@id\":\"https:\\\/\\\/www.webdo.tn\\\/fr\\\/actualite\\\/international\\\/decouverte-dun-portrait-cache-sous-la-joconde\\\/183700\\\/#breadcrumb\"},\"inLanguage\":\"fr-FR\",\"potentialAction\":[{\"@type\":\"ReadAction\",\"target\":[\"https:\\\/\\\/www.webdo.tn\\\/fr\\\/actualite\\\/international\\\/decouverte-dun-portrait-cache-sous-la-joconde\\\/183700\\\/\"]}]},{\"@type\":\"ImageObject\",\"inLanguage\":\"fr-FR\",\"@id\":\"https:\\\/\\\/www.webdo.tn\\\/fr\\\/actualite\\\/international\\\/decouverte-dun-portrait-cache-sous-la-joconde\\\/183700\\\/#primaryimage\",\"url\":\"https:\\\/\\\/www.webdo.tn\\\/fr\\\/wp-content\\\/uploads\\\/2015\\\/12\\\/6ba7cc3c-9e6d-11e5-bbd9-a05173d6396d_web_scale_0.9477124_0.9477124__.jpg\",\"contentUrl\":\"https:\\\/\\\/www.webdo.tn\\\/fr\\\/wp-content\\\/uploads\\\/2015\\\/12\\\/6ba7cc3c-9e6d-11e5-bbd9-a05173d6396d_web_scale_0.9477124_0.9477124__.jpg\",\"width\":767,\"height\":432,\"caption\":\"D\u00e9couverte d'un portrait cach\u00e9 sous la Joconde\"},{\"@type\":\"BreadcrumbList\",\"@id\":\"https:\\\/\\\/www.webdo.tn\\\/fr\\\/actualite\\\/international\\\/decouverte-dun-portrait-cache-sous-la-joconde\\\/183700\\\/#breadcrumb\",\"itemListElement\":[{\"@type\":\"ListItem\",\"position\":1,\"name\":\"Accueil\",\"item\":\"https:\\\/\\\/www.webdo.tn\\\/fr\\\/\"},{\"@type\":\"ListItem\",\"position\":2,\"name\":\"D\u00e9couverte d&rsquo;un portrait cach\u00e9 sous la Joconde\"}]},{\"@type\":\"WebSite\",\"@id\":\"https:\\\/\\\/www.webdo.tn\\\/fr\\\/#website\",\"url\":\"https:\\\/\\\/www.webdo.tn\\\/fr\\\/\",\"name\":\"webdo\",\"description\":\"Tunisie - News en Tunisie et \u00e0 l&#039;international sur Webdo.tn\",\"publisher\":{\"@id\":\"https:\\\/\\\/www.webdo.tn\\\/fr\\\/#organization\"},\"potentialAction\":[{\"@type\":\"SearchAction\",\"target\":{\"@type\":\"EntryPoint\",\"urlTemplate\":\"https:\\\/\\\/www.webdo.tn\\\/fr\\\/?s={search_term_string}\"},\"query-input\":{\"@type\":\"PropertyValueSpecification\",\"valueRequired\":true,\"valueName\":\"search_term_string\"}}],\"inLanguage\":\"fr-FR\"},{\"@type\":\"Organization\",\"@id\":\"https:\\\/\\\/www.webdo.tn\\\/fr\\\/#organization\",\"name\":\"Webdo\",\"alternateName\":\"Webdo.tn\",\"url\":\"https:\\\/\\\/www.webdo.tn\\\/fr\\\/\",\"logo\":{\"@type\":\"ImageObject\",\"inLanguage\":\"fr-FR\",\"@id\":\"https:\\\/\\\/www.webdo.tn\\\/fr\\\/#\\\/schema\\\/logo\\\/image\\\/\",\"url\":\"https:\\\/\\\/www.webdo.tn\\\/fr\\\/wp-content\\\/uploads\\\/2025\\\/06\\\/Webdo-Tunisie_168377.jpg\",\"contentUrl\":\"https:\\\/\\\/www.webdo.tn\\\/fr\\\/wp-content\\\/uploads\\\/2025\\\/06\\\/Webdo-Tunisie_168377.jpg\",\"width\":301,\"height\":301,\"caption\":\"Webdo\"},\"image\":{\"@id\":\"https:\\\/\\\/www.webdo.tn\\\/fr\\\/#\\\/schema\\\/logo\\\/image\\\/\"},\"sameAs\":[\"https:\\\/\\\/www.facebook.com\\\/webdotn\",\"https:\\\/\\\/x.com\\\/webdo_tn\"],\"description\":\"Webdo est un m\u00e9dia num\u00e9rique tunisien fond\u00e9 en 2010, sp\u00e9cialis\u00e9 dans l\u2019actualit\u00e9 nationale et internationale, l\u2019\u00e9conomie, la soci\u00e9t\u00e9 et les analyses politiques. Le site s\u2019adresse \u00e0 un large public francophone et couvre l\u2019information tunisienne en temps r\u00e9el.\",\"email\":\"redac@webdo.tn\",\"legalName\":\"YNJ SARL\",\"foundingDate\":\"2010-09-06\",\"numberOfEmployees\":{\"@type\":\"QuantitativeValue\",\"minValue\":\"11\",\"maxValue\":\"50\"}},{\"@type\":\"Person\",\"@id\":\"https:\\\/\\\/www.webdo.tn\\\/fr\\\/#\\\/schema\\\/person\\\/9a9c6118d687c117df8ef3cc36a4d175\",\"name\":\"webdo.tn\",\"image\":{\"@type\":\"ImageObject\",\"inLanguage\":\"fr-FR\",\"@id\":\"https:\\\/\\\/secure.gravatar.com\\\/avatar\\\/7ce1f28c0c3bbac99ff550b85ef8e44a6950c6ee24514fb6a5489e51d06f0298?s=96&d=mm&r=g\",\"url\":\"https:\\\/\\\/secure.gravatar.com\\\/avatar\\\/7ce1f28c0c3bbac99ff550b85ef8e44a6950c6ee24514fb6a5489e51d06f0298?s=96&d=mm&r=g\",\"contentUrl\":\"https:\\\/\\\/secure.gravatar.com\\\/avatar\\\/7ce1f28c0c3bbac99ff550b85ef8e44a6950c6ee24514fb6a5489e51d06f0298?s=96&d=mm&r=g\",\"caption\":\"webdo.tn\"},\"url\":\"https:\\\/\\\/www.webdo.tn\\\/fr\\\/actualite\\\/author\\\/webdotn\\\/\"}]}<\/script>\n<!-- \/ Yoast SEO Premium plugin. -->","yoast_head_json":{"title":"D\u00e9couverte d'un portrait cach\u00e9 sous la Joconde","description":"D\u00e9couverte d'un portrait cach\u00e9 sous la Joconde","canonical":"https:\/\/www.webdo.tn\/fr\/actualite\/international\/decouverte-dun-portrait-cache-sous-la-joconde\/183700\/","og_locale":"fr_FR","og_type":"article","og_title":"D\u00e9couverte d'un portrait cach\u00e9 sous la Joconde","og_description":"D\u00e9couverte d'un portrait cach\u00e9 sous la Joconde","og_url":"https:\/\/www.webdo.tn\/fr\/actualite\/international\/decouverte-dun-portrait-cache-sous-la-joconde\/183700\/","og_site_name":"webdo","article_publisher":"https:\/\/www.facebook.com\/webdotn","article_published_time":"2015-12-09T14:13:00+00:00","og_image":[{"width":767,"height":432,"url":"https:\/\/www.webdo.tn\/fr\/wp-content\/uploads\/2015\/12\/6ba7cc3c-9e6d-11e5-bbd9-a05173d6396d_web_scale_0.9477124_0.9477124__.jpg","type":"image\/jpeg"}],"author":"webdo.tn","twitter_card":"summary_large_image","twitter_creator":"@webdo_tn","twitter_site":"@webdo_tn","twitter_misc":{"\u00c9crit par":"webdo.tn","Dur\u00e9e de lecture estim\u00e9e":"1 minute"},"schema":{"@context":"https:\/\/schema.org","@graph":[{"@type":"NewsArticle","@id":"https:\/\/www.webdo.tn\/fr\/actualite\/international\/decouverte-dun-portrait-cache-sous-la-joconde\/183700\/#article","isPartOf":{"@id":"https:\/\/www.webdo.tn\/fr\/actualite\/international\/decouverte-dun-portrait-cache-sous-la-joconde\/183700\/"},"author":{"name":"webdo.tn","@id":"https:\/\/www.webdo.tn\/fr\/#\/schema\/person\/9a9c6118d687c117df8ef3cc36a4d175"},"headline":"D\u00e9couverte d&rsquo;un portrait cach\u00e9 sous la Joconde","datePublished":"2015-12-09T14:13:00+00:00","mainEntityOfPage":{"@id":"https:\/\/www.webdo.tn\/fr\/actualite\/international\/decouverte-dun-portrait-cache-sous-la-joconde\/183700\/"},"wordCount":241,"commentCount":0,"publisher":{"@id":"https:\/\/www.webdo.tn\/fr\/#organization"},"image":{"@id":"https:\/\/www.webdo.tn\/fr\/actualite\/international\/decouverte-dun-portrait-cache-sous-la-joconde\/183700\/#primaryimage"},"thumbnailUrl":"https:\/\/www.webdo.tn\/fr\/wp-content\/uploads\/2015\/12\/6ba7cc3c-9e6d-11e5-bbd9-a05173d6396d_web_scale_0.9477124_0.9477124__.jpg","keywords":["guerre"],"articleSection":["International"],"inLanguage":"fr-FR"},{"@type":"WebPage","@id":"https:\/\/www.webdo.tn\/fr\/actualite\/international\/decouverte-dun-portrait-cache-sous-la-joconde\/183700\/","url":"https:\/\/www.webdo.tn\/fr\/actualite\/international\/decouverte-dun-portrait-cache-sous-la-joconde\/183700\/","name":"D\u00e9couverte d'un portrait cach\u00e9 sous la Joconde","isPartOf":{"@id":"https:\/\/www.webdo.tn\/fr\/#website"},"primaryImageOfPage":{"@id":"https:\/\/www.webdo.tn\/fr\/actualite\/international\/decouverte-dun-portrait-cache-sous-la-joconde\/183700\/#primaryimage"},"image":{"@id":"https:\/\/www.webdo.tn\/fr\/actualite\/international\/decouverte-dun-portrait-cache-sous-la-joconde\/183700\/#primaryimage"},"thumbnailUrl":"https:\/\/www.webdo.tn\/fr\/wp-content\/uploads\/2015\/12\/6ba7cc3c-9e6d-11e5-bbd9-a05173d6396d_web_scale_0.9477124_0.9477124__.jpg","datePublished":"2015-12-09T14:13:00+00:00","description":"D\u00e9couverte d'un portrait cach\u00e9 sous la Joconde","breadcrumb":{"@id":"https:\/\/www.webdo.tn\/fr\/actualite\/international\/decouverte-dun-portrait-cache-sous-la-joconde\/183700\/#breadcrumb"},"inLanguage":"fr-FR","potentialAction":[{"@type":"ReadAction","target":["https:\/\/www.webdo.tn\/fr\/actualite\/international\/decouverte-dun-portrait-cache-sous-la-joconde\/183700\/"]}]},{"@type":"ImageObject","inLanguage":"fr-FR","@id":"https:\/\/www.webdo.tn\/fr\/actualite\/international\/decouverte-dun-portrait-cache-sous-la-joconde\/183700\/#primaryimage","url":"https:\/\/www.webdo.tn\/fr\/wp-content\/uploads\/2015\/12\/6ba7cc3c-9e6d-11e5-bbd9-a05173d6396d_web_scale_0.9477124_0.9477124__.jpg","contentUrl":"https:\/\/www.webdo.tn\/fr\/wp-content\/uploads\/2015\/12\/6ba7cc3c-9e6d-11e5-bbd9-a05173d6396d_web_scale_0.9477124_0.9477124__.jpg","width":767,"height":432,"caption":"D\u00e9couverte d'un portrait cach\u00e9 sous la Joconde"},{"@type":"BreadcrumbList","@id":"https:\/\/www.webdo.tn\/fr\/actualite\/international\/decouverte-dun-portrait-cache-sous-la-joconde\/183700\/#breadcrumb","itemListElement":[{"@type":"ListItem","position":1,"name":"Accueil","item":"https:\/\/www.webdo.tn\/fr\/"},{"@type":"ListItem","position":2,"name":"D\u00e9couverte d&rsquo;un portrait cach\u00e9 sous la Joconde"}]},{"@type":"WebSite","@id":"https:\/\/www.webdo.tn\/fr\/#website","url":"https:\/\/www.webdo.tn\/fr\/","name":"webdo","description":"Tunisie - News en Tunisie et \u00e0 l&#039;international sur Webdo.tn","publisher":{"@id":"https:\/\/www.webdo.tn\/fr\/#organization"},"potentialAction":[{"@type":"SearchAction","target":{"@type":"EntryPoint","urlTemplate":"https:\/\/www.webdo.tn\/fr\/?s={search_term_string}"},"query-input":{"@type":"PropertyValueSpecification","valueRequired":true,"valueName":"search_term_string"}}],"inLanguage":"fr-FR"},{"@type":"Organization","@id":"https:\/\/www.webdo.tn\/fr\/#organization","name":"Webdo","alternateName":"Webdo.tn","url":"https:\/\/www.webdo.tn\/fr\/","logo":{"@type":"ImageObject","inLanguage":"fr-FR","@id":"https:\/\/www.webdo.tn\/fr\/#\/schema\/logo\/image\/","url":"https:\/\/www.webdo.tn\/fr\/wp-content\/uploads\/2025\/06\/Webdo-Tunisie_168377.jpg","contentUrl":"https:\/\/www.webdo.tn\/fr\/wp-content\/uploads\/2025\/06\/Webdo-Tunisie_168377.jpg","width":301,"height":301,"caption":"Webdo"},"image":{"@id":"https:\/\/www.webdo.tn\/fr\/#\/schema\/logo\/image\/"},"sameAs":["https:\/\/www.facebook.com\/webdotn","https:\/\/x.com\/webdo_tn"],"description":"Webdo est un m\u00e9dia num\u00e9rique tunisien fond\u00e9 en 2010, sp\u00e9cialis\u00e9 dans l\u2019actualit\u00e9 nationale et internationale, l\u2019\u00e9conomie, la soci\u00e9t\u00e9 et les analyses politiques. Le site s\u2019adresse \u00e0 un large public francophone et couvre l\u2019information tunisienne en temps r\u00e9el.","email":"redac@webdo.tn","legalName":"YNJ SARL","foundingDate":"2010-09-06","numberOfEmployees":{"@type":"QuantitativeValue","minValue":"11","maxValue":"50"}},{"@type":"Person","@id":"https:\/\/www.webdo.tn\/fr\/#\/schema\/person\/9a9c6118d687c117df8ef3cc36a4d175","name":"webdo.tn","image":{"@type":"ImageObject","inLanguage":"fr-FR","@id":"https:\/\/secure.gravatar.com\/avatar\/7ce1f28c0c3bbac99ff550b85ef8e44a6950c6ee24514fb6a5489e51d06f0298?s=96&d=mm&r=g","url":"https:\/\/secure.gravatar.com\/avatar\/7ce1f28c0c3bbac99ff550b85ef8e44a6950c6ee24514fb6a5489e51d06f0298?s=96&d=mm&r=g","contentUrl":"https:\/\/secure.gravatar.com\/avatar\/7ce1f28c0c3bbac99ff550b85ef8e44a6950c6ee24514fb6a5489e51d06f0298?s=96&d=mm&r=g","caption":"webdo.tn"},"url":"https:\/\/www.webdo.tn\/fr\/actualite\/author\/webdotn\/"}]}},"_links":{"self":[{"href":"https:\/\/www.webdo.tn\/fr\/wp-json\/wp\/v2\/posts\/183700","targetHints":{"allow":["GET"]}}],"collection":[{"href":"https:\/\/www.webdo.tn\/fr\/wp-json\/wp\/v2\/posts"}],"about":[{"href":"https:\/\/www.webdo.tn\/fr\/wp-json\/wp\/v2\/types\/post"}],"author":[{"embeddable":true,"href":"https:\/\/www.webdo.tn\/fr\/wp-json\/wp\/v2\/users\/3222"}],"replies":[{"embeddable":true,"href":"https:\/\/www.webdo.tn\/fr\/wp-json\/wp\/v2\/comments?post=183700"}],"version-history":[{"count":0,"href":"https:\/\/www.webdo.tn\/fr\/wp-json\/wp\/v2\/posts\/183700\/revisions"}],"wp:featuredmedia":[{"embeddable":true,"href":"https:\/\/www.webdo.tn\/fr\/wp-json\/wp\/v2\/media\/336579"}],"wp:attachment":[{"href":"https:\/\/www.webdo.tn\/fr\/wp-json\/wp\/v2\/media?parent=183700"}],"wp:term":[{"taxonomy":"category","embeddable":true,"href":"https:\/\/www.webdo.tn\/fr\/wp-json\/wp\/v2\/categories?post=183700"},{"taxonomy":"post_tag","embeddable":true,"href":"https:\/\/www.webdo.tn\/fr\/wp-json\/wp\/v2\/tags?post=183700"}],"curies":[{"name":"wp","href":"https:\/\/api.w.org\/{rel}","templated":true}]}}