{"id":183699,"date":"2015-12-10T11:29:00","date_gmt":"2015-12-10T11:29:00","guid":{"rendered":"https:\/\/www.webdo.tn\/fr\/blog\/afghanistan-50-morts-lattaque-de-laeroport-de-kandahar-11-talibans\/183699\/"},"modified":"2015-12-10T11:29:00","modified_gmt":"2015-12-10T11:29:00","slug":"afghanistan-50-morts-lattaque-de-laeroport-de-kandahar-11-talibans","status":"publish","type":"post","link":"https:\/\/www.webdo.tn\/fr\/actualite\/international\/afghanistan-50-morts-lattaque-de-laeroport-de-kandahar-11-talibans\/183699\/","title":{"rendered":"Afghanistan : 50 morts dans l\u2019attaque de l\u2019a\u00e9roport de Kandahar par 11 talibans"},"content":{"rendered":"<p>Cinquante personnes, trente-huit civils, dix soldats et deux policiers ont \u00e9t\u00e9 tu\u00e9s, ce jeudi 10 d\u00e9cembre 2015, dans l\u2019attaque de l&rsquo;a\u00e9roport de Kandahar par des talibans, tandis que 37 autres personnes dont 17 militaires et quatre policiers ont \u00e9t\u00e9 bless\u00e9es.<\/p>\n<p>L&rsquo;offensive lanc\u00e9e, mardi soir par onze assaillants contre la plus importante installation militaire du sud du pays co\u00efncide avec la visite au Pakistan voisin du pr\u00e9sident afghan, Ashraf Ghan. L&rsquo;attaque aura dur\u00e9 27 heures.<\/p>\n<p>Les onze assaillants, qui ont tous \u00e9t\u00e9 tu\u00e9s, sont parvenus \u00e0 entrer dans la premi\u00e8re enceinte du complexe hautement s\u00e9curis\u00e9 qui abrite, outre l&rsquo;a\u00e9roport et une zone r\u00e9sidentielle civile, une base militaire partag\u00e9e par l&rsquo;Otan et l&rsquo;arm\u00e9e afghane. Le site est consid\u00e9r\u00e9 la plus importante installation militaire du sud de l&rsquo;Afghanistan.<br \/>\nA.B.<\/p>\n","protected":false},"excerpt":{"rendered":"<p>Afghanistan : 50 morts dans l\u2019attaque de l\u2019a\u00e9roport de Kandahar par 11 talibans<\/p>\n","protected":false},"author":3222,"featured_media":336584,"comment_status":"open","ping_status":"closed","sticky":false,"template":"","format":"standard","meta":{"footnotes":""},"categories":[2598],"tags":[2600],"class_list":["post-183699","post","type-post","status-publish","format-standard","has-post-thumbnail","hentry","category-international","tag-guerre"],"yoast_head":"<!-- This site is optimized with the Yoast SEO Premium plugin v27.5 (Yoast SEO v27.5) - https:\/\/yoast.com\/product\/yoast-seo-premium-wordpress\/ -->\n<title>Afghanistan : 50 morts dans l\u2019attaque de l\u2019a\u00e9roport de Kandahar par 11 talibans<\/title>\n<meta name=\"description\" content=\"Afghanistan : 50 morts dans l\u2019attaque de l\u2019a\u00e9roport de Kandahar par 11 talibans\" \/>\n<link rel=\"canonical\" href=\"https:\/\/www.webdo.tn\/fr\/actualite\/international\/afghanistan-50-morts-lattaque-de-laeroport-de-kandahar-11-talibans\/183699\/\" \/>\n<meta property=\"og:locale\" content=\"fr_FR\" \/>\n<meta property=\"og:type\" content=\"article\" \/>\n<meta property=\"og:title\" content=\"Afghanistan : 50 morts dans l\u2019attaque de l\u2019a\u00e9roport de Kandahar par 11 talibans\" \/>\n<meta property=\"og:description\" content=\"Afghanistan : 50 morts dans l\u2019attaque de l\u2019a\u00e9roport de Kandahar par 11 talibans\" \/>\n<meta property=\"og:url\" content=\"https:\/\/www.webdo.tn\/fr\/actualite\/international\/afghanistan-50-morts-lattaque-de-laeroport-de-kandahar-11-talibans\/183699\/\" \/>\n<meta property=\"og:site_name\" content=\"webdo\" \/>\n<meta property=\"article:publisher\" content=\"https:\/\/www.facebook.com\/webdotn\" \/>\n<meta property=\"article:published_time\" content=\"2015-12-10T11:29:00+00:00\" \/>\n<meta property=\"og:image\" content=\"https:\/\/www.webdo.tn\/fr\/wp-content\/uploads\/2015\/12\/Afghanistan-Reuters-300x169-1.jpg\" \/>\n\t<meta property=\"og:image:width\" content=\"300\" \/>\n\t<meta property=\"og:image:height\" content=\"169\" \/>\n\t<meta property=\"og:image:type\" content=\"image\/jpeg\" \/>\n<meta name=\"author\" content=\"webdo.tn\" \/>\n<meta name=\"twitter:card\" content=\"summary_large_image\" \/>\n<meta name=\"twitter:creator\" content=\"@webdo_tn\" \/>\n<meta name=\"twitter:site\" content=\"@webdo_tn\" \/>\n<meta name=\"twitter:label1\" content=\"\u00c9crit par\" \/>\n\t<meta name=\"twitter:data1\" content=\"webdo.tn\" \/>\n\t<meta name=\"twitter:label2\" content=\"Dur\u00e9e de lecture estim\u00e9e\" \/>\n\t<meta name=\"twitter:data2\" content=\"1 minute\" \/>\n<script type=\"application\/ld+json\" class=\"yoast-schema-graph\">{\"@context\":\"https:\\\/\\\/schema.org\",\"@graph\":[{\"@type\":\"NewsArticle\",\"@id\":\"https:\\\/\\\/www.webdo.tn\\\/fr\\\/actualite\\\/international\\\/afghanistan-50-morts-lattaque-de-laeroport-de-kandahar-11-talibans\\\/183699\\\/#article\",\"isPartOf\":{\"@id\":\"https:\\\/\\\/www.webdo.tn\\\/fr\\\/actualite\\\/international\\\/afghanistan-50-morts-lattaque-de-laeroport-de-kandahar-11-talibans\\\/183699\\\/\"},\"author\":{\"name\":\"webdo.tn\",\"@id\":\"https:\\\/\\\/www.webdo.tn\\\/fr\\\/#\\\/schema\\\/person\\\/9a9c6118d687c117df8ef3cc36a4d175\"},\"headline\":\"Afghanistan : 50 morts dans l\u2019attaque de l\u2019a\u00e9roport de Kandahar par 11 talibans\",\"datePublished\":\"2015-12-10T11:29:00+00:00\",\"mainEntityOfPage\":{\"@id\":\"https:\\\/\\\/www.webdo.tn\\\/fr\\\/actualite\\\/international\\\/afghanistan-50-morts-lattaque-de-laeroport-de-kandahar-11-talibans\\\/183699\\\/\"},\"wordCount\":157,\"commentCount\":0,\"publisher\":{\"@id\":\"https:\\\/\\\/www.webdo.tn\\\/fr\\\/#organization\"},\"image\":{\"@id\":\"https:\\\/\\\/www.webdo.tn\\\/fr\\\/actualite\\\/international\\\/afghanistan-50-morts-lattaque-de-laeroport-de-kandahar-11-talibans\\\/183699\\\/#primaryimage\"},\"thumbnailUrl\":\"https:\\\/\\\/www.webdo.tn\\\/fr\\\/wp-content\\\/uploads\\\/2015\\\/12\\\/Afghanistan-Reuters-300x169-1.jpg\",\"keywords\":[\"guerre\"],\"articleSection\":[\"International\"],\"inLanguage\":\"fr-FR\"},{\"@type\":\"WebPage\",\"@id\":\"https:\\\/\\\/www.webdo.tn\\\/fr\\\/actualite\\\/international\\\/afghanistan-50-morts-lattaque-de-laeroport-de-kandahar-11-talibans\\\/183699\\\/\",\"url\":\"https:\\\/\\\/www.webdo.tn\\\/fr\\\/actualite\\\/international\\\/afghanistan-50-morts-lattaque-de-laeroport-de-kandahar-11-talibans\\\/183699\\\/\",\"name\":\"Afghanistan : 50 morts dans l\u2019attaque de l\u2019a\u00e9roport de Kandahar par 11 talibans\",\"isPartOf\":{\"@id\":\"https:\\\/\\\/www.webdo.tn\\\/fr\\\/#website\"},\"primaryImageOfPage\":{\"@id\":\"https:\\\/\\\/www.webdo.tn\\\/fr\\\/actualite\\\/international\\\/afghanistan-50-morts-lattaque-de-laeroport-de-kandahar-11-talibans\\\/183699\\\/#primaryimage\"},\"image\":{\"@id\":\"https:\\\/\\\/www.webdo.tn\\\/fr\\\/actualite\\\/international\\\/afghanistan-50-morts-lattaque-de-laeroport-de-kandahar-11-talibans\\\/183699\\\/#primaryimage\"},\"thumbnailUrl\":\"https:\\\/\\\/www.webdo.tn\\\/fr\\\/wp-content\\\/uploads\\\/2015\\\/12\\\/Afghanistan-Reuters-300x169-1.jpg\",\"datePublished\":\"2015-12-10T11:29:00+00:00\",\"description\":\"Afghanistan : 50 morts dans l\u2019attaque de l\u2019a\u00e9roport de Kandahar par 11 talibans\",\"breadcrumb\":{\"@id\":\"https:\\\/\\\/www.webdo.tn\\\/fr\\\/actualite\\\/international\\\/afghanistan-50-morts-lattaque-de-laeroport-de-kandahar-11-talibans\\\/183699\\\/#breadcrumb\"},\"inLanguage\":\"fr-FR\",\"potentialAction\":[{\"@type\":\"ReadAction\",\"target\":[\"https:\\\/\\\/www.webdo.tn\\\/fr\\\/actualite\\\/international\\\/afghanistan-50-morts-lattaque-de-laeroport-de-kandahar-11-talibans\\\/183699\\\/\"]}]},{\"@type\":\"ImageObject\",\"inLanguage\":\"fr-FR\",\"@id\":\"https:\\\/\\\/www.webdo.tn\\\/fr\\\/actualite\\\/international\\\/afghanistan-50-morts-lattaque-de-laeroport-de-kandahar-11-talibans\\\/183699\\\/#primaryimage\",\"url\":\"https:\\\/\\\/www.webdo.tn\\\/fr\\\/wp-content\\\/uploads\\\/2015\\\/12\\\/Afghanistan-Reuters-300x169-1.jpg\",\"contentUrl\":\"https:\\\/\\\/www.webdo.tn\\\/fr\\\/wp-content\\\/uploads\\\/2015\\\/12\\\/Afghanistan-Reuters-300x169-1.jpg\",\"width\":300,\"height\":169,\"caption\":\"Afghanistan : 50 morts dans l\u2019attaque de l\u2019a\u00e9roport de Kandahar par 11 talibans\"},{\"@type\":\"BreadcrumbList\",\"@id\":\"https:\\\/\\\/www.webdo.tn\\\/fr\\\/actualite\\\/international\\\/afghanistan-50-morts-lattaque-de-laeroport-de-kandahar-11-talibans\\\/183699\\\/#breadcrumb\",\"itemListElement\":[{\"@type\":\"ListItem\",\"position\":1,\"name\":\"Accueil\",\"item\":\"https:\\\/\\\/www.webdo.tn\\\/fr\\\/\"},{\"@type\":\"ListItem\",\"position\":2,\"name\":\"Afghanistan : 50 morts dans l\u2019attaque de l\u2019a\u00e9roport de Kandahar par 11 talibans\"}]},{\"@type\":\"WebSite\",\"@id\":\"https:\\\/\\\/www.webdo.tn\\\/fr\\\/#website\",\"url\":\"https:\\\/\\\/www.webdo.tn\\\/fr\\\/\",\"name\":\"webdo\",\"description\":\"Tunisie - News en Tunisie et \u00e0 l&#039;international sur Webdo.tn\",\"publisher\":{\"@id\":\"https:\\\/\\\/www.webdo.tn\\\/fr\\\/#organization\"},\"potentialAction\":[{\"@type\":\"SearchAction\",\"target\":{\"@type\":\"EntryPoint\",\"urlTemplate\":\"https:\\\/\\\/www.webdo.tn\\\/fr\\\/?s={search_term_string}\"},\"query-input\":{\"@type\":\"PropertyValueSpecification\",\"valueRequired\":true,\"valueName\":\"search_term_string\"}}],\"inLanguage\":\"fr-FR\"},{\"@type\":\"Organization\",\"@id\":\"https:\\\/\\\/www.webdo.tn\\\/fr\\\/#organization\",\"name\":\"Webdo\",\"alternateName\":\"Webdo.tn\",\"url\":\"https:\\\/\\\/www.webdo.tn\\\/fr\\\/\",\"logo\":{\"@type\":\"ImageObject\",\"inLanguage\":\"fr-FR\",\"@id\":\"https:\\\/\\\/www.webdo.tn\\\/fr\\\/#\\\/schema\\\/logo\\\/image\\\/\",\"url\":\"https:\\\/\\\/www.webdo.tn\\\/fr\\\/wp-content\\\/uploads\\\/2025\\\/06\\\/Webdo-Tunisie_168377.jpg\",\"contentUrl\":\"https:\\\/\\\/www.webdo.tn\\\/fr\\\/wp-content\\\/uploads\\\/2025\\\/06\\\/Webdo-Tunisie_168377.jpg\",\"width\":301,\"height\":301,\"caption\":\"Webdo\"},\"image\":{\"@id\":\"https:\\\/\\\/www.webdo.tn\\\/fr\\\/#\\\/schema\\\/logo\\\/image\\\/\"},\"sameAs\":[\"https:\\\/\\\/www.facebook.com\\\/webdotn\",\"https:\\\/\\\/x.com\\\/webdo_tn\"],\"description\":\"Webdo est un m\u00e9dia num\u00e9rique tunisien fond\u00e9 en 2010, sp\u00e9cialis\u00e9 dans l\u2019actualit\u00e9 nationale et internationale, l\u2019\u00e9conomie, la soci\u00e9t\u00e9 et les analyses politiques. Le site s\u2019adresse \u00e0 un large public francophone et couvre l\u2019information tunisienne en temps r\u00e9el.\",\"email\":\"redac@webdo.tn\",\"legalName\":\"YNJ SARL\",\"foundingDate\":\"2010-09-06\",\"numberOfEmployees\":{\"@type\":\"QuantitativeValue\",\"minValue\":\"11\",\"maxValue\":\"50\"}},{\"@type\":\"Person\",\"@id\":\"https:\\\/\\\/www.webdo.tn\\\/fr\\\/#\\\/schema\\\/person\\\/9a9c6118d687c117df8ef3cc36a4d175\",\"name\":\"webdo.tn\",\"image\":{\"@type\":\"ImageObject\",\"inLanguage\":\"fr-FR\",\"@id\":\"https:\\\/\\\/secure.gravatar.com\\\/avatar\\\/7ce1f28c0c3bbac99ff550b85ef8e44a6950c6ee24514fb6a5489e51d06f0298?s=96&d=mm&r=g\",\"url\":\"https:\\\/\\\/secure.gravatar.com\\\/avatar\\\/7ce1f28c0c3bbac99ff550b85ef8e44a6950c6ee24514fb6a5489e51d06f0298?s=96&d=mm&r=g\",\"contentUrl\":\"https:\\\/\\\/secure.gravatar.com\\\/avatar\\\/7ce1f28c0c3bbac99ff550b85ef8e44a6950c6ee24514fb6a5489e51d06f0298?s=96&d=mm&r=g\",\"caption\":\"webdo.tn\"},\"url\":\"https:\\\/\\\/www.webdo.tn\\\/fr\\\/actualite\\\/author\\\/webdotn\\\/\"}]}<\/script>\n<!-- \/ Yoast SEO Premium plugin. -->","yoast_head_json":{"title":"Afghanistan : 50 morts dans l\u2019attaque de l\u2019a\u00e9roport de Kandahar par 11 talibans","description":"Afghanistan : 50 morts dans l\u2019attaque de l\u2019a\u00e9roport de Kandahar par 11 talibans","canonical":"https:\/\/www.webdo.tn\/fr\/actualite\/international\/afghanistan-50-morts-lattaque-de-laeroport-de-kandahar-11-talibans\/183699\/","og_locale":"fr_FR","og_type":"article","og_title":"Afghanistan : 50 morts dans l\u2019attaque de l\u2019a\u00e9roport de Kandahar par 11 talibans","og_description":"Afghanistan : 50 morts dans l\u2019attaque de l\u2019a\u00e9roport de Kandahar par 11 talibans","og_url":"https:\/\/www.webdo.tn\/fr\/actualite\/international\/afghanistan-50-morts-lattaque-de-laeroport-de-kandahar-11-talibans\/183699\/","og_site_name":"webdo","article_publisher":"https:\/\/www.facebook.com\/webdotn","article_published_time":"2015-12-10T11:29:00+00:00","og_image":[{"width":300,"height":169,"url":"https:\/\/www.webdo.tn\/fr\/wp-content\/uploads\/2015\/12\/Afghanistan-Reuters-300x169-1.jpg","type":"image\/jpeg"}],"author":"webdo.tn","twitter_card":"summary_large_image","twitter_creator":"@webdo_tn","twitter_site":"@webdo_tn","twitter_misc":{"\u00c9crit par":"webdo.tn","Dur\u00e9e de lecture estim\u00e9e":"1 minute"},"schema":{"@context":"https:\/\/schema.org","@graph":[{"@type":"NewsArticle","@id":"https:\/\/www.webdo.tn\/fr\/actualite\/international\/afghanistan-50-morts-lattaque-de-laeroport-de-kandahar-11-talibans\/183699\/#article","isPartOf":{"@id":"https:\/\/www.webdo.tn\/fr\/actualite\/international\/afghanistan-50-morts-lattaque-de-laeroport-de-kandahar-11-talibans\/183699\/"},"author":{"name":"webdo.tn","@id":"https:\/\/www.webdo.tn\/fr\/#\/schema\/person\/9a9c6118d687c117df8ef3cc36a4d175"},"headline":"Afghanistan : 50 morts dans l\u2019attaque de l\u2019a\u00e9roport de Kandahar par 11 talibans","datePublished":"2015-12-10T11:29:00+00:00","mainEntityOfPage":{"@id":"https:\/\/www.webdo.tn\/fr\/actualite\/international\/afghanistan-50-morts-lattaque-de-laeroport-de-kandahar-11-talibans\/183699\/"},"wordCount":157,"commentCount":0,"publisher":{"@id":"https:\/\/www.webdo.tn\/fr\/#organization"},"image":{"@id":"https:\/\/www.webdo.tn\/fr\/actualite\/international\/afghanistan-50-morts-lattaque-de-laeroport-de-kandahar-11-talibans\/183699\/#primaryimage"},"thumbnailUrl":"https:\/\/www.webdo.tn\/fr\/wp-content\/uploads\/2015\/12\/Afghanistan-Reuters-300x169-1.jpg","keywords":["guerre"],"articleSection":["International"],"inLanguage":"fr-FR"},{"@type":"WebPage","@id":"https:\/\/www.webdo.tn\/fr\/actualite\/international\/afghanistan-50-morts-lattaque-de-laeroport-de-kandahar-11-talibans\/183699\/","url":"https:\/\/www.webdo.tn\/fr\/actualite\/international\/afghanistan-50-morts-lattaque-de-laeroport-de-kandahar-11-talibans\/183699\/","name":"Afghanistan : 50 morts dans l\u2019attaque de l\u2019a\u00e9roport de Kandahar par 11 talibans","isPartOf":{"@id":"https:\/\/www.webdo.tn\/fr\/#website"},"primaryImageOfPage":{"@id":"https:\/\/www.webdo.tn\/fr\/actualite\/international\/afghanistan-50-morts-lattaque-de-laeroport-de-kandahar-11-talibans\/183699\/#primaryimage"},"image":{"@id":"https:\/\/www.webdo.tn\/fr\/actualite\/international\/afghanistan-50-morts-lattaque-de-laeroport-de-kandahar-11-talibans\/183699\/#primaryimage"},"thumbnailUrl":"https:\/\/www.webdo.tn\/fr\/wp-content\/uploads\/2015\/12\/Afghanistan-Reuters-300x169-1.jpg","datePublished":"2015-12-10T11:29:00+00:00","description":"Afghanistan : 50 morts dans l\u2019attaque de l\u2019a\u00e9roport de Kandahar par 11 talibans","breadcrumb":{"@id":"https:\/\/www.webdo.tn\/fr\/actualite\/international\/afghanistan-50-morts-lattaque-de-laeroport-de-kandahar-11-talibans\/183699\/#breadcrumb"},"inLanguage":"fr-FR","potentialAction":[{"@type":"ReadAction","target":["https:\/\/www.webdo.tn\/fr\/actualite\/international\/afghanistan-50-morts-lattaque-de-laeroport-de-kandahar-11-talibans\/183699\/"]}]},{"@type":"ImageObject","inLanguage":"fr-FR","@id":"https:\/\/www.webdo.tn\/fr\/actualite\/international\/afghanistan-50-morts-lattaque-de-laeroport-de-kandahar-11-talibans\/183699\/#primaryimage","url":"https:\/\/www.webdo.tn\/fr\/wp-content\/uploads\/2015\/12\/Afghanistan-Reuters-300x169-1.jpg","contentUrl":"https:\/\/www.webdo.tn\/fr\/wp-content\/uploads\/2015\/12\/Afghanistan-Reuters-300x169-1.jpg","width":300,"height":169,"caption":"Afghanistan : 50 morts dans l\u2019attaque de l\u2019a\u00e9roport de Kandahar par 11 talibans"},{"@type":"BreadcrumbList","@id":"https:\/\/www.webdo.tn\/fr\/actualite\/international\/afghanistan-50-morts-lattaque-de-laeroport-de-kandahar-11-talibans\/183699\/#breadcrumb","itemListElement":[{"@type":"ListItem","position":1,"name":"Accueil","item":"https:\/\/www.webdo.tn\/fr\/"},{"@type":"ListItem","position":2,"name":"Afghanistan : 50 morts dans l\u2019attaque de l\u2019a\u00e9roport de Kandahar par 11 talibans"}]},{"@type":"WebSite","@id":"https:\/\/www.webdo.tn\/fr\/#website","url":"https:\/\/www.webdo.tn\/fr\/","name":"webdo","description":"Tunisie - News en Tunisie et \u00e0 l&#039;international sur Webdo.tn","publisher":{"@id":"https:\/\/www.webdo.tn\/fr\/#organization"},"potentialAction":[{"@type":"SearchAction","target":{"@type":"EntryPoint","urlTemplate":"https:\/\/www.webdo.tn\/fr\/?s={search_term_string}"},"query-input":{"@type":"PropertyValueSpecification","valueRequired":true,"valueName":"search_term_string"}}],"inLanguage":"fr-FR"},{"@type":"Organization","@id":"https:\/\/www.webdo.tn\/fr\/#organization","name":"Webdo","alternateName":"Webdo.tn","url":"https:\/\/www.webdo.tn\/fr\/","logo":{"@type":"ImageObject","inLanguage":"fr-FR","@id":"https:\/\/www.webdo.tn\/fr\/#\/schema\/logo\/image\/","url":"https:\/\/www.webdo.tn\/fr\/wp-content\/uploads\/2025\/06\/Webdo-Tunisie_168377.jpg","contentUrl":"https:\/\/www.webdo.tn\/fr\/wp-content\/uploads\/2025\/06\/Webdo-Tunisie_168377.jpg","width":301,"height":301,"caption":"Webdo"},"image":{"@id":"https:\/\/www.webdo.tn\/fr\/#\/schema\/logo\/image\/"},"sameAs":["https:\/\/www.facebook.com\/webdotn","https:\/\/x.com\/webdo_tn"],"description":"Webdo est un m\u00e9dia num\u00e9rique tunisien fond\u00e9 en 2010, sp\u00e9cialis\u00e9 dans l\u2019actualit\u00e9 nationale et internationale, l\u2019\u00e9conomie, la soci\u00e9t\u00e9 et les analyses politiques. Le site s\u2019adresse \u00e0 un large public francophone et couvre l\u2019information tunisienne en temps r\u00e9el.","email":"redac@webdo.tn","legalName":"YNJ SARL","foundingDate":"2010-09-06","numberOfEmployees":{"@type":"QuantitativeValue","minValue":"11","maxValue":"50"}},{"@type":"Person","@id":"https:\/\/www.webdo.tn\/fr\/#\/schema\/person\/9a9c6118d687c117df8ef3cc36a4d175","name":"webdo.tn","image":{"@type":"ImageObject","inLanguage":"fr-FR","@id":"https:\/\/secure.gravatar.com\/avatar\/7ce1f28c0c3bbac99ff550b85ef8e44a6950c6ee24514fb6a5489e51d06f0298?s=96&d=mm&r=g","url":"https:\/\/secure.gravatar.com\/avatar\/7ce1f28c0c3bbac99ff550b85ef8e44a6950c6ee24514fb6a5489e51d06f0298?s=96&d=mm&r=g","contentUrl":"https:\/\/secure.gravatar.com\/avatar\/7ce1f28c0c3bbac99ff550b85ef8e44a6950c6ee24514fb6a5489e51d06f0298?s=96&d=mm&r=g","caption":"webdo.tn"},"url":"https:\/\/www.webdo.tn\/fr\/actualite\/author\/webdotn\/"}]}},"_links":{"self":[{"href":"https:\/\/www.webdo.tn\/fr\/wp-json\/wp\/v2\/posts\/183699","targetHints":{"allow":["GET"]}}],"collection":[{"href":"https:\/\/www.webdo.tn\/fr\/wp-json\/wp\/v2\/posts"}],"about":[{"href":"https:\/\/www.webdo.tn\/fr\/wp-json\/wp\/v2\/types\/post"}],"author":[{"embeddable":true,"href":"https:\/\/www.webdo.tn\/fr\/wp-json\/wp\/v2\/users\/3222"}],"replies":[{"embeddable":true,"href":"https:\/\/www.webdo.tn\/fr\/wp-json\/wp\/v2\/comments?post=183699"}],"version-history":[{"count":0,"href":"https:\/\/www.webdo.tn\/fr\/wp-json\/wp\/v2\/posts\/183699\/revisions"}],"wp:featuredmedia":[{"embeddable":true,"href":"https:\/\/www.webdo.tn\/fr\/wp-json\/wp\/v2\/media\/336584"}],"wp:attachment":[{"href":"https:\/\/www.webdo.tn\/fr\/wp-json\/wp\/v2\/media?parent=183699"}],"wp:term":[{"taxonomy":"category","embeddable":true,"href":"https:\/\/www.webdo.tn\/fr\/wp-json\/wp\/v2\/categories?post=183699"},{"taxonomy":"post_tag","embeddable":true,"href":"https:\/\/www.webdo.tn\/fr\/wp-json\/wp\/v2\/tags?post=183699"}],"curies":[{"name":"wp","href":"https:\/\/api.w.org\/{rel}","templated":true}]}}