{"id":183698,"date":"2015-12-10T14:31:00","date_gmt":"2015-12-10T14:31:00","guid":{"rendered":"https:\/\/www.webdo.tn\/fr\/blog\/abou-bakr-al-baghdadi-2eme-personnalite-de-lannee-2015-derriere-merkel\/183698\/"},"modified":"2025-05-18T21:57:25","modified_gmt":"2025-05-18T21:57:25","slug":"abou-bakr-al-baghdadi-2eme-personnalite-de-lannee-2015-derriere-merkel","status":"publish","type":"post","link":"https:\/\/www.webdo.tn\/fr\/actualite\/international\/abou-bakr-al-baghdadi-2eme-personnalite-de-lannee-2015-derriere-merkel\/183698\/","title":{"rendered":"Abou Bakr al-Baghdadi, 2\u00e8me personnalit\u00e9 de l\u2019ann\u00e9e 2015 derri\u00e8re Merkel !"},"content":{"rendered":"<p>Le magazine am\u00e9ricain Time a \u00e9lu hier, mercredi 9 d\u00e9cembre, la chanceli\u00e8re allemande, Angela Merkel, comme personnalit\u00e9 de l\u2019ann\u00e9e 2015, devan\u00e7ant le chef de l\u2019organisation EI, Abou Bakr al-Baghdadi !<\/p>\n<p>La directrice de publication de Time, Nancy Gibbs, a expliqu\u00e9 la premi\u00e8re place d\u00e9cern\u00e9e \u00e0 Merkel \u00e0 sa capacit\u00e9 \u00e0 \u00ab faire face \u00bb aux d\u00e9fis qui se sont pr\u00e9sent\u00e9s \u00e0 l\u2019Europe tout au long de l\u2019ann\u00e9e, \u00e9voquant la r\u00e9action de la chanceli\u00e8re allemande face \u00e0 la crise grecque, \u00e0 celle des migrants et sa r\u00e9ponse face \u00e0 la menace de Daech.<\/p>\n<p>Mais ce qui \u00e9tonne dans ce classement, c\u2019est la position dont a h\u00e9rit\u00e9 le chef de l\u2019organisation de l\u2019EI, Abou Bakr al-Baghdadi, qui vient \u00e0 la seconde place\u2026<\/p>\n<p>Interrog\u00e9e \u00e0 ce sujet sur la cha\u00eene NBC, Nancy Gibbs a assur\u00e9 que Time n\u2019avait pas \u00e9cart\u00e9 d\u2019office Abou Bakr al-Baghdadi du fait de l\u2019impact qu\u2019aurait eu sa d\u00e9signation.<\/p>\n<p>\u201cRien n\u2019est impossible. Nous avons d\u00e9sign\u00e9 de grands m\u00e9chants par le pass\u00e9\u201d, a expliqu\u00e9 la directrice de publication, rappelant qu\u2019Adolf Hitler avait \u00e9t\u00e9 nomm\u00e9 personnalit\u00e9 de l\u2019ann\u00e9e. Pour Nancy Gibbs, \u00ab\u00a02015 a \u00e9t\u00e9 une ann\u00e9e lors de laquelle il a perdu du terrain\u00a0\u00bb.<\/p>\n<p>Reste que la directrice de la publication, Nancy Gibbs, n\u2019a pas appuy\u00e9, comme pour Angela Merkel les raisons qui ont fait que le chef de Daech occupe la deuxi\u00e8me position. Si c\u2019est pour les massacres qu\u2019il perp\u00e9tue un peu partout dans le monde, nous pensons qu\u2019il m\u00e9rite largement la premi\u00e8re place pour l\u2019ensemble de son \u0153uvre !<\/p>\n<p>Notons que le candidat r\u00e9publicain \u00e0 la pr\u00e9sidentielle am\u00e9ricaine Donald Trump est venu en troisi\u00e8me position !<br \/>\nC.C.<\/p>\n","protected":false},"excerpt":{"rendered":"<p>Abou Bakr al-Baghdadi, 2\u00e8me personnalit\u00e9 de l\u2019ann\u00e9e 2015 derri\u00e8re Merkel !<\/p>\n","protected":false},"author":3222,"featured_media":316207,"comment_status":"open","ping_status":"closed","sticky":false,"template":"","format":"standard","meta":{"footnotes":""},"categories":[2598],"tags":[2600],"class_list":["post-183698","post","type-post","status-publish","format-standard","has-post-thumbnail","hentry","category-international","tag-guerre"],"yoast_head":"<!-- This site is optimized with the Yoast SEO Premium plugin v27.5 (Yoast SEO v27.5) - https:\/\/yoast.com\/product\/yoast-seo-premium-wordpress\/ -->\n<title>Abou Bakr al-Baghdadi, 2\u00e8me personnalit\u00e9 de l\u2019ann\u00e9e 2015 derri\u00e8re Merkel !<\/title>\n<meta name=\"description\" content=\"Abou Bakr al-Baghdadi, 2\u00e8me personnalit\u00e9 de l\u2019ann\u00e9e 2015 derri\u00e8re Merkel !\" \/>\n<link rel=\"canonical\" href=\"https:\/\/www.webdo.tn\/fr\/actualite\/international\/abou-bakr-al-baghdadi-2eme-personnalite-de-lannee-2015-derriere-merkel\/183698\/\" \/>\n<meta property=\"og:locale\" content=\"fr_FR\" \/>\n<meta property=\"og:type\" content=\"article\" \/>\n<meta property=\"og:title\" content=\"Abou Bakr al-Baghdadi, 2\u00e8me personnalit\u00e9 de l\u2019ann\u00e9e 2015 derri\u00e8re Merkel !\" \/>\n<meta property=\"og:description\" content=\"Abou Bakr al-Baghdadi, 2\u00e8me personnalit\u00e9 de l\u2019ann\u00e9e 2015 derri\u00e8re Merkel !\" \/>\n<meta property=\"og:url\" content=\"https:\/\/www.webdo.tn\/fr\/actualite\/international\/abou-bakr-al-baghdadi-2eme-personnalite-de-lannee-2015-derriere-merkel\/183698\/\" \/>\n<meta property=\"og:site_name\" content=\"webdo\" \/>\n<meta property=\"article:publisher\" content=\"https:\/\/www.facebook.com\/webdotn\" \/>\n<meta property=\"article:published_time\" content=\"2015-12-10T14:31:00+00:00\" \/>\n<meta property=\"article:modified_time\" content=\"2025-05-18T21:57:25+00:00\" \/>\n<meta property=\"og:image\" content=\"https:\/\/www.webdo.tn\/fr\/wp-content\/uploads\/2015\/12\/al-baghdadi-300x150-1.jpg\" \/>\n\t<meta property=\"og:image:width\" content=\"300\" \/>\n\t<meta property=\"og:image:height\" content=\"150\" \/>\n\t<meta property=\"og:image:type\" content=\"image\/jpeg\" \/>\n<meta name=\"author\" content=\"webdo.tn\" \/>\n<meta name=\"twitter:card\" content=\"summary_large_image\" \/>\n<meta name=\"twitter:creator\" content=\"@webdo_tn\" \/>\n<meta name=\"twitter:site\" content=\"@webdo_tn\" \/>\n<meta name=\"twitter:label1\" content=\"\u00c9crit par\" \/>\n\t<meta name=\"twitter:data1\" content=\"webdo.tn\" \/>\n\t<meta name=\"twitter:label2\" content=\"Dur\u00e9e de lecture estim\u00e9e\" \/>\n\t<meta name=\"twitter:data2\" content=\"2 minutes\" \/>\n<script type=\"application\/ld+json\" class=\"yoast-schema-graph\">{\"@context\":\"https:\\\/\\\/schema.org\",\"@graph\":[{\"@type\":\"NewsArticle\",\"@id\":\"https:\\\/\\\/www.webdo.tn\\\/fr\\\/actualite\\\/international\\\/abou-bakr-al-baghdadi-2eme-personnalite-de-lannee-2015-derriere-merkel\\\/183698\\\/#article\",\"isPartOf\":{\"@id\":\"https:\\\/\\\/www.webdo.tn\\\/fr\\\/actualite\\\/international\\\/abou-bakr-al-baghdadi-2eme-personnalite-de-lannee-2015-derriere-merkel\\\/183698\\\/\"},\"author\":{\"name\":\"webdo.tn\",\"@id\":\"https:\\\/\\\/www.webdo.tn\\\/fr\\\/#\\\/schema\\\/person\\\/9a9c6118d687c117df8ef3cc36a4d175\"},\"headline\":\"Abou Bakr al-Baghdadi, 2\u00e8me personnalit\u00e9 de l\u2019ann\u00e9e 2015 derri\u00e8re Merkel !\",\"datePublished\":\"2015-12-10T14:31:00+00:00\",\"dateModified\":\"2025-05-18T21:57:25+00:00\",\"mainEntityOfPage\":{\"@id\":\"https:\\\/\\\/www.webdo.tn\\\/fr\\\/actualite\\\/international\\\/abou-bakr-al-baghdadi-2eme-personnalite-de-lannee-2015-derriere-merkel\\\/183698\\\/\"},\"wordCount\":312,\"commentCount\":0,\"publisher\":{\"@id\":\"https:\\\/\\\/www.webdo.tn\\\/fr\\\/#organization\"},\"image\":{\"@id\":\"https:\\\/\\\/www.webdo.tn\\\/fr\\\/actualite\\\/international\\\/abou-bakr-al-baghdadi-2eme-personnalite-de-lannee-2015-derriere-merkel\\\/183698\\\/#primaryimage\"},\"thumbnailUrl\":\"https:\\\/\\\/www.webdo.tn\\\/fr\\\/wp-content\\\/uploads\\\/2015\\\/12\\\/al-baghdadi-300x150-1.jpg\",\"keywords\":[\"guerre\"],\"articleSection\":[\"International\"],\"inLanguage\":\"fr-FR\"},{\"@type\":\"WebPage\",\"@id\":\"https:\\\/\\\/www.webdo.tn\\\/fr\\\/actualite\\\/international\\\/abou-bakr-al-baghdadi-2eme-personnalite-de-lannee-2015-derriere-merkel\\\/183698\\\/\",\"url\":\"https:\\\/\\\/www.webdo.tn\\\/fr\\\/actualite\\\/international\\\/abou-bakr-al-baghdadi-2eme-personnalite-de-lannee-2015-derriere-merkel\\\/183698\\\/\",\"name\":\"Abou Bakr al-Baghdadi, 2\u00e8me personnalit\u00e9 de l\u2019ann\u00e9e 2015 derri\u00e8re Merkel !\",\"isPartOf\":{\"@id\":\"https:\\\/\\\/www.webdo.tn\\\/fr\\\/#website\"},\"primaryImageOfPage\":{\"@id\":\"https:\\\/\\\/www.webdo.tn\\\/fr\\\/actualite\\\/international\\\/abou-bakr-al-baghdadi-2eme-personnalite-de-lannee-2015-derriere-merkel\\\/183698\\\/#primaryimage\"},\"image\":{\"@id\":\"https:\\\/\\\/www.webdo.tn\\\/fr\\\/actualite\\\/international\\\/abou-bakr-al-baghdadi-2eme-personnalite-de-lannee-2015-derriere-merkel\\\/183698\\\/#primaryimage\"},\"thumbnailUrl\":\"https:\\\/\\\/www.webdo.tn\\\/fr\\\/wp-content\\\/uploads\\\/2015\\\/12\\\/al-baghdadi-300x150-1.jpg\",\"datePublished\":\"2015-12-10T14:31:00+00:00\",\"dateModified\":\"2025-05-18T21:57:25+00:00\",\"description\":\"Abou Bakr al-Baghdadi, 2\u00e8me personnalit\u00e9 de l\u2019ann\u00e9e 2015 derri\u00e8re Merkel !\",\"breadcrumb\":{\"@id\":\"https:\\\/\\\/www.webdo.tn\\\/fr\\\/actualite\\\/international\\\/abou-bakr-al-baghdadi-2eme-personnalite-de-lannee-2015-derriere-merkel\\\/183698\\\/#breadcrumb\"},\"inLanguage\":\"fr-FR\",\"potentialAction\":[{\"@type\":\"ReadAction\",\"target\":[\"https:\\\/\\\/www.webdo.tn\\\/fr\\\/actualite\\\/international\\\/abou-bakr-al-baghdadi-2eme-personnalite-de-lannee-2015-derriere-merkel\\\/183698\\\/\"]}]},{\"@type\":\"ImageObject\",\"inLanguage\":\"fr-FR\",\"@id\":\"https:\\\/\\\/www.webdo.tn\\\/fr\\\/actualite\\\/international\\\/abou-bakr-al-baghdadi-2eme-personnalite-de-lannee-2015-derriere-merkel\\\/183698\\\/#primaryimage\",\"url\":\"https:\\\/\\\/www.webdo.tn\\\/fr\\\/wp-content\\\/uploads\\\/2015\\\/12\\\/al-baghdadi-300x150-1.jpg\",\"contentUrl\":\"https:\\\/\\\/www.webdo.tn\\\/fr\\\/wp-content\\\/uploads\\\/2015\\\/12\\\/al-baghdadi-300x150-1.jpg\",\"width\":300,\"height\":150,\"caption\":\"Abou Bakr al-Baghdadi, 2\u00e8me personnalit\u00e9 de l\u2019ann\u00e9e 2015 derri\u00e8re Merkel !\"},{\"@type\":\"BreadcrumbList\",\"@id\":\"https:\\\/\\\/www.webdo.tn\\\/fr\\\/actualite\\\/international\\\/abou-bakr-al-baghdadi-2eme-personnalite-de-lannee-2015-derriere-merkel\\\/183698\\\/#breadcrumb\",\"itemListElement\":[{\"@type\":\"ListItem\",\"position\":1,\"name\":\"Accueil\",\"item\":\"https:\\\/\\\/www.webdo.tn\\\/fr\\\/\"},{\"@type\":\"ListItem\",\"position\":2,\"name\":\"Abou Bakr al-Baghdadi, 2\u00e8me personnalit\u00e9 de l\u2019ann\u00e9e 2015 derri\u00e8re Merkel !\"}]},{\"@type\":\"WebSite\",\"@id\":\"https:\\\/\\\/www.webdo.tn\\\/fr\\\/#website\",\"url\":\"https:\\\/\\\/www.webdo.tn\\\/fr\\\/\",\"name\":\"webdo\",\"description\":\"Tunisie - News en Tunisie et \u00e0 l&#039;international sur Webdo.tn\",\"publisher\":{\"@id\":\"https:\\\/\\\/www.webdo.tn\\\/fr\\\/#organization\"},\"potentialAction\":[{\"@type\":\"SearchAction\",\"target\":{\"@type\":\"EntryPoint\",\"urlTemplate\":\"https:\\\/\\\/www.webdo.tn\\\/fr\\\/?s={search_term_string}\"},\"query-input\":{\"@type\":\"PropertyValueSpecification\",\"valueRequired\":true,\"valueName\":\"search_term_string\"}}],\"inLanguage\":\"fr-FR\"},{\"@type\":\"Organization\",\"@id\":\"https:\\\/\\\/www.webdo.tn\\\/fr\\\/#organization\",\"name\":\"Webdo\",\"alternateName\":\"Webdo.tn\",\"url\":\"https:\\\/\\\/www.webdo.tn\\\/fr\\\/\",\"logo\":{\"@type\":\"ImageObject\",\"inLanguage\":\"fr-FR\",\"@id\":\"https:\\\/\\\/www.webdo.tn\\\/fr\\\/#\\\/schema\\\/logo\\\/image\\\/\",\"url\":\"https:\\\/\\\/www.webdo.tn\\\/fr\\\/wp-content\\\/uploads\\\/2025\\\/06\\\/Webdo-Tunisie_168377.jpg\",\"contentUrl\":\"https:\\\/\\\/www.webdo.tn\\\/fr\\\/wp-content\\\/uploads\\\/2025\\\/06\\\/Webdo-Tunisie_168377.jpg\",\"width\":301,\"height\":301,\"caption\":\"Webdo\"},\"image\":{\"@id\":\"https:\\\/\\\/www.webdo.tn\\\/fr\\\/#\\\/schema\\\/logo\\\/image\\\/\"},\"sameAs\":[\"https:\\\/\\\/www.facebook.com\\\/webdotn\",\"https:\\\/\\\/x.com\\\/webdo_tn\"],\"description\":\"Webdo est un m\u00e9dia num\u00e9rique tunisien fond\u00e9 en 2010, sp\u00e9cialis\u00e9 dans l\u2019actualit\u00e9 nationale et internationale, l\u2019\u00e9conomie, la soci\u00e9t\u00e9 et les analyses politiques. Le site s\u2019adresse \u00e0 un large public francophone et couvre l\u2019information tunisienne en temps r\u00e9el.\",\"email\":\"redac@webdo.tn\",\"legalName\":\"YNJ SARL\",\"foundingDate\":\"2010-09-06\",\"numberOfEmployees\":{\"@type\":\"QuantitativeValue\",\"minValue\":\"11\",\"maxValue\":\"50\"}},{\"@type\":\"Person\",\"@id\":\"https:\\\/\\\/www.webdo.tn\\\/fr\\\/#\\\/schema\\\/person\\\/9a9c6118d687c117df8ef3cc36a4d175\",\"name\":\"webdo.tn\",\"image\":{\"@type\":\"ImageObject\",\"inLanguage\":\"fr-FR\",\"@id\":\"https:\\\/\\\/secure.gravatar.com\\\/avatar\\\/7ce1f28c0c3bbac99ff550b85ef8e44a6950c6ee24514fb6a5489e51d06f0298?s=96&d=mm&r=g\",\"url\":\"https:\\\/\\\/secure.gravatar.com\\\/avatar\\\/7ce1f28c0c3bbac99ff550b85ef8e44a6950c6ee24514fb6a5489e51d06f0298?s=96&d=mm&r=g\",\"contentUrl\":\"https:\\\/\\\/secure.gravatar.com\\\/avatar\\\/7ce1f28c0c3bbac99ff550b85ef8e44a6950c6ee24514fb6a5489e51d06f0298?s=96&d=mm&r=g\",\"caption\":\"webdo.tn\"},\"url\":\"https:\\\/\\\/www.webdo.tn\\\/fr\\\/actualite\\\/author\\\/webdotn\\\/\"}]}<\/script>\n<!-- \/ Yoast SEO Premium plugin. -->","yoast_head_json":{"title":"Abou Bakr al-Baghdadi, 2\u00e8me personnalit\u00e9 de l\u2019ann\u00e9e 2015 derri\u00e8re Merkel !","description":"Abou Bakr al-Baghdadi, 2\u00e8me personnalit\u00e9 de l\u2019ann\u00e9e 2015 derri\u00e8re Merkel !","canonical":"https:\/\/www.webdo.tn\/fr\/actualite\/international\/abou-bakr-al-baghdadi-2eme-personnalite-de-lannee-2015-derriere-merkel\/183698\/","og_locale":"fr_FR","og_type":"article","og_title":"Abou Bakr al-Baghdadi, 2\u00e8me personnalit\u00e9 de l\u2019ann\u00e9e 2015 derri\u00e8re Merkel !","og_description":"Abou Bakr al-Baghdadi, 2\u00e8me personnalit\u00e9 de l\u2019ann\u00e9e 2015 derri\u00e8re Merkel !","og_url":"https:\/\/www.webdo.tn\/fr\/actualite\/international\/abou-bakr-al-baghdadi-2eme-personnalite-de-lannee-2015-derriere-merkel\/183698\/","og_site_name":"webdo","article_publisher":"https:\/\/www.facebook.com\/webdotn","article_published_time":"2015-12-10T14:31:00+00:00","article_modified_time":"2025-05-18T21:57:25+00:00","og_image":[{"width":300,"height":150,"url":"https:\/\/www.webdo.tn\/fr\/wp-content\/uploads\/2015\/12\/al-baghdadi-300x150-1.jpg","type":"image\/jpeg"}],"author":"webdo.tn","twitter_card":"summary_large_image","twitter_creator":"@webdo_tn","twitter_site":"@webdo_tn","twitter_misc":{"\u00c9crit par":"webdo.tn","Dur\u00e9e de lecture estim\u00e9e":"2 minutes"},"schema":{"@context":"https:\/\/schema.org","@graph":[{"@type":"NewsArticle","@id":"https:\/\/www.webdo.tn\/fr\/actualite\/international\/abou-bakr-al-baghdadi-2eme-personnalite-de-lannee-2015-derriere-merkel\/183698\/#article","isPartOf":{"@id":"https:\/\/www.webdo.tn\/fr\/actualite\/international\/abou-bakr-al-baghdadi-2eme-personnalite-de-lannee-2015-derriere-merkel\/183698\/"},"author":{"name":"webdo.tn","@id":"https:\/\/www.webdo.tn\/fr\/#\/schema\/person\/9a9c6118d687c117df8ef3cc36a4d175"},"headline":"Abou Bakr al-Baghdadi, 2\u00e8me personnalit\u00e9 de l\u2019ann\u00e9e 2015 derri\u00e8re Merkel !","datePublished":"2015-12-10T14:31:00+00:00","dateModified":"2025-05-18T21:57:25+00:00","mainEntityOfPage":{"@id":"https:\/\/www.webdo.tn\/fr\/actualite\/international\/abou-bakr-al-baghdadi-2eme-personnalite-de-lannee-2015-derriere-merkel\/183698\/"},"wordCount":312,"commentCount":0,"publisher":{"@id":"https:\/\/www.webdo.tn\/fr\/#organization"},"image":{"@id":"https:\/\/www.webdo.tn\/fr\/actualite\/international\/abou-bakr-al-baghdadi-2eme-personnalite-de-lannee-2015-derriere-merkel\/183698\/#primaryimage"},"thumbnailUrl":"https:\/\/www.webdo.tn\/fr\/wp-content\/uploads\/2015\/12\/al-baghdadi-300x150-1.jpg","keywords":["guerre"],"articleSection":["International"],"inLanguage":"fr-FR"},{"@type":"WebPage","@id":"https:\/\/www.webdo.tn\/fr\/actualite\/international\/abou-bakr-al-baghdadi-2eme-personnalite-de-lannee-2015-derriere-merkel\/183698\/","url":"https:\/\/www.webdo.tn\/fr\/actualite\/international\/abou-bakr-al-baghdadi-2eme-personnalite-de-lannee-2015-derriere-merkel\/183698\/","name":"Abou Bakr al-Baghdadi, 2\u00e8me personnalit\u00e9 de l\u2019ann\u00e9e 2015 derri\u00e8re Merkel !","isPartOf":{"@id":"https:\/\/www.webdo.tn\/fr\/#website"},"primaryImageOfPage":{"@id":"https:\/\/www.webdo.tn\/fr\/actualite\/international\/abou-bakr-al-baghdadi-2eme-personnalite-de-lannee-2015-derriere-merkel\/183698\/#primaryimage"},"image":{"@id":"https:\/\/www.webdo.tn\/fr\/actualite\/international\/abou-bakr-al-baghdadi-2eme-personnalite-de-lannee-2015-derriere-merkel\/183698\/#primaryimage"},"thumbnailUrl":"https:\/\/www.webdo.tn\/fr\/wp-content\/uploads\/2015\/12\/al-baghdadi-300x150-1.jpg","datePublished":"2015-12-10T14:31:00+00:00","dateModified":"2025-05-18T21:57:25+00:00","description":"Abou Bakr al-Baghdadi, 2\u00e8me personnalit\u00e9 de l\u2019ann\u00e9e 2015 derri\u00e8re Merkel !","breadcrumb":{"@id":"https:\/\/www.webdo.tn\/fr\/actualite\/international\/abou-bakr-al-baghdadi-2eme-personnalite-de-lannee-2015-derriere-merkel\/183698\/#breadcrumb"},"inLanguage":"fr-FR","potentialAction":[{"@type":"ReadAction","target":["https:\/\/www.webdo.tn\/fr\/actualite\/international\/abou-bakr-al-baghdadi-2eme-personnalite-de-lannee-2015-derriere-merkel\/183698\/"]}]},{"@type":"ImageObject","inLanguage":"fr-FR","@id":"https:\/\/www.webdo.tn\/fr\/actualite\/international\/abou-bakr-al-baghdadi-2eme-personnalite-de-lannee-2015-derriere-merkel\/183698\/#primaryimage","url":"https:\/\/www.webdo.tn\/fr\/wp-content\/uploads\/2015\/12\/al-baghdadi-300x150-1.jpg","contentUrl":"https:\/\/www.webdo.tn\/fr\/wp-content\/uploads\/2015\/12\/al-baghdadi-300x150-1.jpg","width":300,"height":150,"caption":"Abou Bakr al-Baghdadi, 2\u00e8me personnalit\u00e9 de l\u2019ann\u00e9e 2015 derri\u00e8re Merkel !"},{"@type":"BreadcrumbList","@id":"https:\/\/www.webdo.tn\/fr\/actualite\/international\/abou-bakr-al-baghdadi-2eme-personnalite-de-lannee-2015-derriere-merkel\/183698\/#breadcrumb","itemListElement":[{"@type":"ListItem","position":1,"name":"Accueil","item":"https:\/\/www.webdo.tn\/fr\/"},{"@type":"ListItem","position":2,"name":"Abou Bakr al-Baghdadi, 2\u00e8me personnalit\u00e9 de l\u2019ann\u00e9e 2015 derri\u00e8re Merkel !"}]},{"@type":"WebSite","@id":"https:\/\/www.webdo.tn\/fr\/#website","url":"https:\/\/www.webdo.tn\/fr\/","name":"webdo","description":"Tunisie - News en Tunisie et \u00e0 l&#039;international sur Webdo.tn","publisher":{"@id":"https:\/\/www.webdo.tn\/fr\/#organization"},"potentialAction":[{"@type":"SearchAction","target":{"@type":"EntryPoint","urlTemplate":"https:\/\/www.webdo.tn\/fr\/?s={search_term_string}"},"query-input":{"@type":"PropertyValueSpecification","valueRequired":true,"valueName":"search_term_string"}}],"inLanguage":"fr-FR"},{"@type":"Organization","@id":"https:\/\/www.webdo.tn\/fr\/#organization","name":"Webdo","alternateName":"Webdo.tn","url":"https:\/\/www.webdo.tn\/fr\/","logo":{"@type":"ImageObject","inLanguage":"fr-FR","@id":"https:\/\/www.webdo.tn\/fr\/#\/schema\/logo\/image\/","url":"https:\/\/www.webdo.tn\/fr\/wp-content\/uploads\/2025\/06\/Webdo-Tunisie_168377.jpg","contentUrl":"https:\/\/www.webdo.tn\/fr\/wp-content\/uploads\/2025\/06\/Webdo-Tunisie_168377.jpg","width":301,"height":301,"caption":"Webdo"},"image":{"@id":"https:\/\/www.webdo.tn\/fr\/#\/schema\/logo\/image\/"},"sameAs":["https:\/\/www.facebook.com\/webdotn","https:\/\/x.com\/webdo_tn"],"description":"Webdo est un m\u00e9dia num\u00e9rique tunisien fond\u00e9 en 2010, sp\u00e9cialis\u00e9 dans l\u2019actualit\u00e9 nationale et internationale, l\u2019\u00e9conomie, la soci\u00e9t\u00e9 et les analyses politiques. Le site s\u2019adresse \u00e0 un large public francophone et couvre l\u2019information tunisienne en temps r\u00e9el.","email":"redac@webdo.tn","legalName":"YNJ SARL","foundingDate":"2010-09-06","numberOfEmployees":{"@type":"QuantitativeValue","minValue":"11","maxValue":"50"}},{"@type":"Person","@id":"https:\/\/www.webdo.tn\/fr\/#\/schema\/person\/9a9c6118d687c117df8ef3cc36a4d175","name":"webdo.tn","image":{"@type":"ImageObject","inLanguage":"fr-FR","@id":"https:\/\/secure.gravatar.com\/avatar\/7ce1f28c0c3bbac99ff550b85ef8e44a6950c6ee24514fb6a5489e51d06f0298?s=96&d=mm&r=g","url":"https:\/\/secure.gravatar.com\/avatar\/7ce1f28c0c3bbac99ff550b85ef8e44a6950c6ee24514fb6a5489e51d06f0298?s=96&d=mm&r=g","contentUrl":"https:\/\/secure.gravatar.com\/avatar\/7ce1f28c0c3bbac99ff550b85ef8e44a6950c6ee24514fb6a5489e51d06f0298?s=96&d=mm&r=g","caption":"webdo.tn"},"url":"https:\/\/www.webdo.tn\/fr\/actualite\/author\/webdotn\/"}]}},"_links":{"self":[{"href":"https:\/\/www.webdo.tn\/fr\/wp-json\/wp\/v2\/posts\/183698","targetHints":{"allow":["GET"]}}],"collection":[{"href":"https:\/\/www.webdo.tn\/fr\/wp-json\/wp\/v2\/posts"}],"about":[{"href":"https:\/\/www.webdo.tn\/fr\/wp-json\/wp\/v2\/types\/post"}],"author":[{"embeddable":true,"href":"https:\/\/www.webdo.tn\/fr\/wp-json\/wp\/v2\/users\/3222"}],"replies":[{"embeddable":true,"href":"https:\/\/www.webdo.tn\/fr\/wp-json\/wp\/v2\/comments?post=183698"}],"version-history":[{"count":0,"href":"https:\/\/www.webdo.tn\/fr\/wp-json\/wp\/v2\/posts\/183698\/revisions"}],"wp:featuredmedia":[{"embeddable":true,"href":"https:\/\/www.webdo.tn\/fr\/wp-json\/wp\/v2\/media\/316207"}],"wp:attachment":[{"href":"https:\/\/www.webdo.tn\/fr\/wp-json\/wp\/v2\/media?parent=183698"}],"wp:term":[{"taxonomy":"category","embeddable":true,"href":"https:\/\/www.webdo.tn\/fr\/wp-json\/wp\/v2\/categories?post=183698"},{"taxonomy":"post_tag","embeddable":true,"href":"https:\/\/www.webdo.tn\/fr\/wp-json\/wp\/v2\/tags?post=183698"}],"curies":[{"name":"wp","href":"https:\/\/api.w.org\/{rel}","templated":true}]}}