{"id":183689,"date":"2015-12-15T11:24:00","date_gmt":"2015-12-15T11:24:00","guid":{"rendered":"https:\/\/www.webdo.tn\/fr\/blog\/larabie-saoudite-lance-une-coalition-de-34-pays-dont-la-tunisie-contre-le-terrorisme\/183689\/"},"modified":"2015-12-15T11:24:00","modified_gmt":"2015-12-15T11:24:00","slug":"larabie-saoudite-lance-une-coalition-de-34-pays-dont-la-tunisie-contre-le-terrorisme","status":"publish","type":"post","link":"https:\/\/www.webdo.tn\/fr\/actualite\/international\/larabie-saoudite-lance-une-coalition-de-34-pays-dont-la-tunisie-contre-le-terrorisme\/183689\/","title":{"rendered":"L&rsquo;Arabie Saoudite lance une coalition de 34 pays dont la Tunisie contre le terrorisme"},"content":{"rendered":"<p>L\u2019Arabie Saoudite a annonc\u00e9, hier, la formation d\u2019une coalition militaire antiterroriste compos\u00e9e de 34 pays, dont la Tunisie.<\/p>\n<p>Selon l&rsquo;agence de presse officielle saoudienne SPA la coalition dot\u00e9e d&rsquo;un centre de commandement bas\u00e9 \u00e0 Ryad aura pour principal objectif de combattre \u00ab\u00a0toute organisation terroriste\u00a0\u00bb par des op\u00e9rations militaires.<\/p>\n<p>L&rsquo;Arabie saoudite s&rsquo;affirme comme le chef de file de cette nouvelle force arm\u00e9e islamique dont font partie l&rsquo;Egypte, la Turquie, le Pakistan le S\u00e9n\u00e9gal, la Jordanie, les Emirats Arabes Unis, le Qatar, la Libye, le Maroc, la Tunisie mais sans l&rsquo;Iran ou l&rsquo;Irak.<br \/>\nA.B.<\/p>\n","protected":false},"excerpt":{"rendered":"<p>L&rsquo;Arabie Saoudite lance une coalition de 34 pays dont la Tunisie contre le terrorisme<\/p>\n","protected":false},"author":3222,"featured_media":336608,"comment_status":"open","ping_status":"closed","sticky":false,"template":"","format":"standard","meta":{"footnotes":""},"categories":[2598],"tags":[2600],"class_list":["post-183689","post","type-post","status-publish","format-standard","has-post-thumbnail","hentry","category-international","tag-guerre"],"yoast_head":"<!-- This site is optimized with the Yoast SEO Premium plugin v27.5 (Yoast SEO v27.5) - https:\/\/yoast.com\/product\/yoast-seo-premium-wordpress\/ -->\n<title>L&#039;Arabie Saoudite lance une coalition de 34 pays dont la Tunisie contre le terrorisme<\/title>\n<meta name=\"description\" content=\"L&#039;Arabie Saoudite lance une coalition de 34 pays dont la Tunisie contre le terrorisme\" \/>\n<link rel=\"canonical\" href=\"https:\/\/www.webdo.tn\/fr\/actualite\/international\/larabie-saoudite-lance-une-coalition-de-34-pays-dont-la-tunisie-contre-le-terrorisme\/183689\/\" \/>\n<meta property=\"og:locale\" content=\"fr_FR\" \/>\n<meta property=\"og:type\" content=\"article\" \/>\n<meta property=\"og:title\" content=\"L&#039;Arabie Saoudite lance une coalition de 34 pays dont la Tunisie contre le terrorisme\" \/>\n<meta property=\"og:description\" content=\"L&#039;Arabie Saoudite lance une coalition de 34 pays dont la Tunisie contre le terrorisme\" \/>\n<meta property=\"og:url\" content=\"https:\/\/www.webdo.tn\/fr\/actualite\/international\/larabie-saoudite-lance-une-coalition-de-34-pays-dont-la-tunisie-contre-le-terrorisme\/183689\/\" \/>\n<meta property=\"og:site_name\" content=\"webdo\" \/>\n<meta property=\"article:publisher\" content=\"https:\/\/www.facebook.com\/webdotn\" \/>\n<meta property=\"article:published_time\" content=\"2015-12-15T11:24:00+00:00\" \/>\n<meta property=\"og:image\" content=\"https:\/\/www.webdo.tn\/fr\/wp-content\/uploads\/2015\/12\/daech-300x139-1.jpg\" \/>\n\t<meta property=\"og:image:width\" content=\"300\" \/>\n\t<meta property=\"og:image:height\" content=\"139\" \/>\n\t<meta property=\"og:image:type\" content=\"image\/jpeg\" \/>\n<meta name=\"author\" content=\"webdo.tn\" \/>\n<meta name=\"twitter:card\" content=\"summary_large_image\" \/>\n<meta name=\"twitter:creator\" content=\"@webdo_tn\" \/>\n<meta name=\"twitter:site\" content=\"@webdo_tn\" \/>\n<meta name=\"twitter:label1\" content=\"\u00c9crit par\" \/>\n\t<meta name=\"twitter:data1\" content=\"webdo.tn\" \/>\n<script type=\"application\/ld+json\" class=\"yoast-schema-graph\">{\"@context\":\"https:\\\/\\\/schema.org\",\"@graph\":[{\"@type\":\"NewsArticle\",\"@id\":\"https:\\\/\\\/www.webdo.tn\\\/fr\\\/actualite\\\/international\\\/larabie-saoudite-lance-une-coalition-de-34-pays-dont-la-tunisie-contre-le-terrorisme\\\/183689\\\/#article\",\"isPartOf\":{\"@id\":\"https:\\\/\\\/www.webdo.tn\\\/fr\\\/actualite\\\/international\\\/larabie-saoudite-lance-une-coalition-de-34-pays-dont-la-tunisie-contre-le-terrorisme\\\/183689\\\/\"},\"author\":{\"name\":\"webdo.tn\",\"@id\":\"https:\\\/\\\/www.webdo.tn\\\/fr\\\/#\\\/schema\\\/person\\\/9a9c6118d687c117df8ef3cc36a4d175\"},\"headline\":\"L&rsquo;Arabie Saoudite lance une coalition de 34 pays dont la Tunisie contre le terrorisme\",\"datePublished\":\"2015-12-15T11:24:00+00:00\",\"mainEntityOfPage\":{\"@id\":\"https:\\\/\\\/www.webdo.tn\\\/fr\\\/actualite\\\/international\\\/larabie-saoudite-lance-une-coalition-de-34-pays-dont-la-tunisie-contre-le-terrorisme\\\/183689\\\/\"},\"wordCount\":120,\"commentCount\":0,\"publisher\":{\"@id\":\"https:\\\/\\\/www.webdo.tn\\\/fr\\\/#organization\"},\"image\":{\"@id\":\"https:\\\/\\\/www.webdo.tn\\\/fr\\\/actualite\\\/international\\\/larabie-saoudite-lance-une-coalition-de-34-pays-dont-la-tunisie-contre-le-terrorisme\\\/183689\\\/#primaryimage\"},\"thumbnailUrl\":\"https:\\\/\\\/www.webdo.tn\\\/fr\\\/wp-content\\\/uploads\\\/2015\\\/12\\\/daech-300x139-1.jpg\",\"keywords\":[\"guerre\"],\"articleSection\":[\"International\"],\"inLanguage\":\"fr-FR\"},{\"@type\":\"WebPage\",\"@id\":\"https:\\\/\\\/www.webdo.tn\\\/fr\\\/actualite\\\/international\\\/larabie-saoudite-lance-une-coalition-de-34-pays-dont-la-tunisie-contre-le-terrorisme\\\/183689\\\/\",\"url\":\"https:\\\/\\\/www.webdo.tn\\\/fr\\\/actualite\\\/international\\\/larabie-saoudite-lance-une-coalition-de-34-pays-dont-la-tunisie-contre-le-terrorisme\\\/183689\\\/\",\"name\":\"L'Arabie Saoudite lance une coalition de 34 pays dont la Tunisie contre le terrorisme\",\"isPartOf\":{\"@id\":\"https:\\\/\\\/www.webdo.tn\\\/fr\\\/#website\"},\"primaryImageOfPage\":{\"@id\":\"https:\\\/\\\/www.webdo.tn\\\/fr\\\/actualite\\\/international\\\/larabie-saoudite-lance-une-coalition-de-34-pays-dont-la-tunisie-contre-le-terrorisme\\\/183689\\\/#primaryimage\"},\"image\":{\"@id\":\"https:\\\/\\\/www.webdo.tn\\\/fr\\\/actualite\\\/international\\\/larabie-saoudite-lance-une-coalition-de-34-pays-dont-la-tunisie-contre-le-terrorisme\\\/183689\\\/#primaryimage\"},\"thumbnailUrl\":\"https:\\\/\\\/www.webdo.tn\\\/fr\\\/wp-content\\\/uploads\\\/2015\\\/12\\\/daech-300x139-1.jpg\",\"datePublished\":\"2015-12-15T11:24:00+00:00\",\"description\":\"L'Arabie Saoudite lance une coalition de 34 pays dont la Tunisie contre le terrorisme\",\"breadcrumb\":{\"@id\":\"https:\\\/\\\/www.webdo.tn\\\/fr\\\/actualite\\\/international\\\/larabie-saoudite-lance-une-coalition-de-34-pays-dont-la-tunisie-contre-le-terrorisme\\\/183689\\\/#breadcrumb\"},\"inLanguage\":\"fr-FR\",\"potentialAction\":[{\"@type\":\"ReadAction\",\"target\":[\"https:\\\/\\\/www.webdo.tn\\\/fr\\\/actualite\\\/international\\\/larabie-saoudite-lance-une-coalition-de-34-pays-dont-la-tunisie-contre-le-terrorisme\\\/183689\\\/\"]}]},{\"@type\":\"ImageObject\",\"inLanguage\":\"fr-FR\",\"@id\":\"https:\\\/\\\/www.webdo.tn\\\/fr\\\/actualite\\\/international\\\/larabie-saoudite-lance-une-coalition-de-34-pays-dont-la-tunisie-contre-le-terrorisme\\\/183689\\\/#primaryimage\",\"url\":\"https:\\\/\\\/www.webdo.tn\\\/fr\\\/wp-content\\\/uploads\\\/2015\\\/12\\\/daech-300x139-1.jpg\",\"contentUrl\":\"https:\\\/\\\/www.webdo.tn\\\/fr\\\/wp-content\\\/uploads\\\/2015\\\/12\\\/daech-300x139-1.jpg\",\"width\":300,\"height\":139,\"caption\":\"L'Arabie Saoudite lance une coalition de 34 pays dont la Tunisie contre le terrorisme\"},{\"@type\":\"BreadcrumbList\",\"@id\":\"https:\\\/\\\/www.webdo.tn\\\/fr\\\/actualite\\\/international\\\/larabie-saoudite-lance-une-coalition-de-34-pays-dont-la-tunisie-contre-le-terrorisme\\\/183689\\\/#breadcrumb\",\"itemListElement\":[{\"@type\":\"ListItem\",\"position\":1,\"name\":\"Accueil\",\"item\":\"https:\\\/\\\/www.webdo.tn\\\/fr\\\/\"},{\"@type\":\"ListItem\",\"position\":2,\"name\":\"L&rsquo;Arabie Saoudite lance une coalition de 34 pays dont la Tunisie contre le terrorisme\"}]},{\"@type\":\"WebSite\",\"@id\":\"https:\\\/\\\/www.webdo.tn\\\/fr\\\/#website\",\"url\":\"https:\\\/\\\/www.webdo.tn\\\/fr\\\/\",\"name\":\"webdo\",\"description\":\"Tunisie - News en Tunisie et \u00e0 l&#039;international sur Webdo.tn\",\"publisher\":{\"@id\":\"https:\\\/\\\/www.webdo.tn\\\/fr\\\/#organization\"},\"potentialAction\":[{\"@type\":\"SearchAction\",\"target\":{\"@type\":\"EntryPoint\",\"urlTemplate\":\"https:\\\/\\\/www.webdo.tn\\\/fr\\\/?s={search_term_string}\"},\"query-input\":{\"@type\":\"PropertyValueSpecification\",\"valueRequired\":true,\"valueName\":\"search_term_string\"}}],\"inLanguage\":\"fr-FR\"},{\"@type\":\"Organization\",\"@id\":\"https:\\\/\\\/www.webdo.tn\\\/fr\\\/#organization\",\"name\":\"Webdo\",\"alternateName\":\"Webdo.tn\",\"url\":\"https:\\\/\\\/www.webdo.tn\\\/fr\\\/\",\"logo\":{\"@type\":\"ImageObject\",\"inLanguage\":\"fr-FR\",\"@id\":\"https:\\\/\\\/www.webdo.tn\\\/fr\\\/#\\\/schema\\\/logo\\\/image\\\/\",\"url\":\"https:\\\/\\\/www.webdo.tn\\\/fr\\\/wp-content\\\/uploads\\\/2025\\\/06\\\/Webdo-Tunisie_168377.jpg\",\"contentUrl\":\"https:\\\/\\\/www.webdo.tn\\\/fr\\\/wp-content\\\/uploads\\\/2025\\\/06\\\/Webdo-Tunisie_168377.jpg\",\"width\":301,\"height\":301,\"caption\":\"Webdo\"},\"image\":{\"@id\":\"https:\\\/\\\/www.webdo.tn\\\/fr\\\/#\\\/schema\\\/logo\\\/image\\\/\"},\"sameAs\":[\"https:\\\/\\\/www.facebook.com\\\/webdotn\",\"https:\\\/\\\/x.com\\\/webdo_tn\"],\"description\":\"Webdo est un m\u00e9dia num\u00e9rique tunisien fond\u00e9 en 2010, sp\u00e9cialis\u00e9 dans l\u2019actualit\u00e9 nationale et internationale, l\u2019\u00e9conomie, la soci\u00e9t\u00e9 et les analyses politiques. Le site s\u2019adresse \u00e0 un large public francophone et couvre l\u2019information tunisienne en temps r\u00e9el.\",\"email\":\"redac@webdo.tn\",\"legalName\":\"YNJ SARL\",\"foundingDate\":\"2010-09-06\",\"numberOfEmployees\":{\"@type\":\"QuantitativeValue\",\"minValue\":\"11\",\"maxValue\":\"50\"}},{\"@type\":\"Person\",\"@id\":\"https:\\\/\\\/www.webdo.tn\\\/fr\\\/#\\\/schema\\\/person\\\/9a9c6118d687c117df8ef3cc36a4d175\",\"name\":\"webdo.tn\",\"image\":{\"@type\":\"ImageObject\",\"inLanguage\":\"fr-FR\",\"@id\":\"https:\\\/\\\/secure.gravatar.com\\\/avatar\\\/7ce1f28c0c3bbac99ff550b85ef8e44a6950c6ee24514fb6a5489e51d06f0298?s=96&d=mm&r=g\",\"url\":\"https:\\\/\\\/secure.gravatar.com\\\/avatar\\\/7ce1f28c0c3bbac99ff550b85ef8e44a6950c6ee24514fb6a5489e51d06f0298?s=96&d=mm&r=g\",\"contentUrl\":\"https:\\\/\\\/secure.gravatar.com\\\/avatar\\\/7ce1f28c0c3bbac99ff550b85ef8e44a6950c6ee24514fb6a5489e51d06f0298?s=96&d=mm&r=g\",\"caption\":\"webdo.tn\"},\"url\":\"https:\\\/\\\/www.webdo.tn\\\/fr\\\/actualite\\\/author\\\/webdotn\\\/\"}]}<\/script>\n<!-- \/ Yoast SEO Premium plugin. -->","yoast_head_json":{"title":"L'Arabie Saoudite lance une coalition de 34 pays dont la Tunisie contre le terrorisme","description":"L'Arabie Saoudite lance une coalition de 34 pays dont la Tunisie contre le terrorisme","canonical":"https:\/\/www.webdo.tn\/fr\/actualite\/international\/larabie-saoudite-lance-une-coalition-de-34-pays-dont-la-tunisie-contre-le-terrorisme\/183689\/","og_locale":"fr_FR","og_type":"article","og_title":"L'Arabie Saoudite lance une coalition de 34 pays dont la Tunisie contre le terrorisme","og_description":"L'Arabie Saoudite lance une coalition de 34 pays dont la Tunisie contre le terrorisme","og_url":"https:\/\/www.webdo.tn\/fr\/actualite\/international\/larabie-saoudite-lance-une-coalition-de-34-pays-dont-la-tunisie-contre-le-terrorisme\/183689\/","og_site_name":"webdo","article_publisher":"https:\/\/www.facebook.com\/webdotn","article_published_time":"2015-12-15T11:24:00+00:00","og_image":[{"width":300,"height":139,"url":"https:\/\/www.webdo.tn\/fr\/wp-content\/uploads\/2015\/12\/daech-300x139-1.jpg","type":"image\/jpeg"}],"author":"webdo.tn","twitter_card":"summary_large_image","twitter_creator":"@webdo_tn","twitter_site":"@webdo_tn","twitter_misc":{"\u00c9crit par":"webdo.tn"},"schema":{"@context":"https:\/\/schema.org","@graph":[{"@type":"NewsArticle","@id":"https:\/\/www.webdo.tn\/fr\/actualite\/international\/larabie-saoudite-lance-une-coalition-de-34-pays-dont-la-tunisie-contre-le-terrorisme\/183689\/#article","isPartOf":{"@id":"https:\/\/www.webdo.tn\/fr\/actualite\/international\/larabie-saoudite-lance-une-coalition-de-34-pays-dont-la-tunisie-contre-le-terrorisme\/183689\/"},"author":{"name":"webdo.tn","@id":"https:\/\/www.webdo.tn\/fr\/#\/schema\/person\/9a9c6118d687c117df8ef3cc36a4d175"},"headline":"L&rsquo;Arabie Saoudite lance une coalition de 34 pays dont la Tunisie contre le terrorisme","datePublished":"2015-12-15T11:24:00+00:00","mainEntityOfPage":{"@id":"https:\/\/www.webdo.tn\/fr\/actualite\/international\/larabie-saoudite-lance-une-coalition-de-34-pays-dont-la-tunisie-contre-le-terrorisme\/183689\/"},"wordCount":120,"commentCount":0,"publisher":{"@id":"https:\/\/www.webdo.tn\/fr\/#organization"},"image":{"@id":"https:\/\/www.webdo.tn\/fr\/actualite\/international\/larabie-saoudite-lance-une-coalition-de-34-pays-dont-la-tunisie-contre-le-terrorisme\/183689\/#primaryimage"},"thumbnailUrl":"https:\/\/www.webdo.tn\/fr\/wp-content\/uploads\/2015\/12\/daech-300x139-1.jpg","keywords":["guerre"],"articleSection":["International"],"inLanguage":"fr-FR"},{"@type":"WebPage","@id":"https:\/\/www.webdo.tn\/fr\/actualite\/international\/larabie-saoudite-lance-une-coalition-de-34-pays-dont-la-tunisie-contre-le-terrorisme\/183689\/","url":"https:\/\/www.webdo.tn\/fr\/actualite\/international\/larabie-saoudite-lance-une-coalition-de-34-pays-dont-la-tunisie-contre-le-terrorisme\/183689\/","name":"L'Arabie Saoudite lance une coalition de 34 pays dont la Tunisie contre le terrorisme","isPartOf":{"@id":"https:\/\/www.webdo.tn\/fr\/#website"},"primaryImageOfPage":{"@id":"https:\/\/www.webdo.tn\/fr\/actualite\/international\/larabie-saoudite-lance-une-coalition-de-34-pays-dont-la-tunisie-contre-le-terrorisme\/183689\/#primaryimage"},"image":{"@id":"https:\/\/www.webdo.tn\/fr\/actualite\/international\/larabie-saoudite-lance-une-coalition-de-34-pays-dont-la-tunisie-contre-le-terrorisme\/183689\/#primaryimage"},"thumbnailUrl":"https:\/\/www.webdo.tn\/fr\/wp-content\/uploads\/2015\/12\/daech-300x139-1.jpg","datePublished":"2015-12-15T11:24:00+00:00","description":"L'Arabie Saoudite lance une coalition de 34 pays dont la Tunisie contre le terrorisme","breadcrumb":{"@id":"https:\/\/www.webdo.tn\/fr\/actualite\/international\/larabie-saoudite-lance-une-coalition-de-34-pays-dont-la-tunisie-contre-le-terrorisme\/183689\/#breadcrumb"},"inLanguage":"fr-FR","potentialAction":[{"@type":"ReadAction","target":["https:\/\/www.webdo.tn\/fr\/actualite\/international\/larabie-saoudite-lance-une-coalition-de-34-pays-dont-la-tunisie-contre-le-terrorisme\/183689\/"]}]},{"@type":"ImageObject","inLanguage":"fr-FR","@id":"https:\/\/www.webdo.tn\/fr\/actualite\/international\/larabie-saoudite-lance-une-coalition-de-34-pays-dont-la-tunisie-contre-le-terrorisme\/183689\/#primaryimage","url":"https:\/\/www.webdo.tn\/fr\/wp-content\/uploads\/2015\/12\/daech-300x139-1.jpg","contentUrl":"https:\/\/www.webdo.tn\/fr\/wp-content\/uploads\/2015\/12\/daech-300x139-1.jpg","width":300,"height":139,"caption":"L'Arabie Saoudite lance une coalition de 34 pays dont la Tunisie contre le terrorisme"},{"@type":"BreadcrumbList","@id":"https:\/\/www.webdo.tn\/fr\/actualite\/international\/larabie-saoudite-lance-une-coalition-de-34-pays-dont-la-tunisie-contre-le-terrorisme\/183689\/#breadcrumb","itemListElement":[{"@type":"ListItem","position":1,"name":"Accueil","item":"https:\/\/www.webdo.tn\/fr\/"},{"@type":"ListItem","position":2,"name":"L&rsquo;Arabie Saoudite lance une coalition de 34 pays dont la Tunisie contre le terrorisme"}]},{"@type":"WebSite","@id":"https:\/\/www.webdo.tn\/fr\/#website","url":"https:\/\/www.webdo.tn\/fr\/","name":"webdo","description":"Tunisie - News en Tunisie et \u00e0 l&#039;international sur Webdo.tn","publisher":{"@id":"https:\/\/www.webdo.tn\/fr\/#organization"},"potentialAction":[{"@type":"SearchAction","target":{"@type":"EntryPoint","urlTemplate":"https:\/\/www.webdo.tn\/fr\/?s={search_term_string}"},"query-input":{"@type":"PropertyValueSpecification","valueRequired":true,"valueName":"search_term_string"}}],"inLanguage":"fr-FR"},{"@type":"Organization","@id":"https:\/\/www.webdo.tn\/fr\/#organization","name":"Webdo","alternateName":"Webdo.tn","url":"https:\/\/www.webdo.tn\/fr\/","logo":{"@type":"ImageObject","inLanguage":"fr-FR","@id":"https:\/\/www.webdo.tn\/fr\/#\/schema\/logo\/image\/","url":"https:\/\/www.webdo.tn\/fr\/wp-content\/uploads\/2025\/06\/Webdo-Tunisie_168377.jpg","contentUrl":"https:\/\/www.webdo.tn\/fr\/wp-content\/uploads\/2025\/06\/Webdo-Tunisie_168377.jpg","width":301,"height":301,"caption":"Webdo"},"image":{"@id":"https:\/\/www.webdo.tn\/fr\/#\/schema\/logo\/image\/"},"sameAs":["https:\/\/www.facebook.com\/webdotn","https:\/\/x.com\/webdo_tn"],"description":"Webdo est un m\u00e9dia num\u00e9rique tunisien fond\u00e9 en 2010, sp\u00e9cialis\u00e9 dans l\u2019actualit\u00e9 nationale et internationale, l\u2019\u00e9conomie, la soci\u00e9t\u00e9 et les analyses politiques. Le site s\u2019adresse \u00e0 un large public francophone et couvre l\u2019information tunisienne en temps r\u00e9el.","email":"redac@webdo.tn","legalName":"YNJ SARL","foundingDate":"2010-09-06","numberOfEmployees":{"@type":"QuantitativeValue","minValue":"11","maxValue":"50"}},{"@type":"Person","@id":"https:\/\/www.webdo.tn\/fr\/#\/schema\/person\/9a9c6118d687c117df8ef3cc36a4d175","name":"webdo.tn","image":{"@type":"ImageObject","inLanguage":"fr-FR","@id":"https:\/\/secure.gravatar.com\/avatar\/7ce1f28c0c3bbac99ff550b85ef8e44a6950c6ee24514fb6a5489e51d06f0298?s=96&d=mm&r=g","url":"https:\/\/secure.gravatar.com\/avatar\/7ce1f28c0c3bbac99ff550b85ef8e44a6950c6ee24514fb6a5489e51d06f0298?s=96&d=mm&r=g","contentUrl":"https:\/\/secure.gravatar.com\/avatar\/7ce1f28c0c3bbac99ff550b85ef8e44a6950c6ee24514fb6a5489e51d06f0298?s=96&d=mm&r=g","caption":"webdo.tn"},"url":"https:\/\/www.webdo.tn\/fr\/actualite\/author\/webdotn\/"}]}},"_links":{"self":[{"href":"https:\/\/www.webdo.tn\/fr\/wp-json\/wp\/v2\/posts\/183689","targetHints":{"allow":["GET"]}}],"collection":[{"href":"https:\/\/www.webdo.tn\/fr\/wp-json\/wp\/v2\/posts"}],"about":[{"href":"https:\/\/www.webdo.tn\/fr\/wp-json\/wp\/v2\/types\/post"}],"author":[{"embeddable":true,"href":"https:\/\/www.webdo.tn\/fr\/wp-json\/wp\/v2\/users\/3222"}],"replies":[{"embeddable":true,"href":"https:\/\/www.webdo.tn\/fr\/wp-json\/wp\/v2\/comments?post=183689"}],"version-history":[{"count":0,"href":"https:\/\/www.webdo.tn\/fr\/wp-json\/wp\/v2\/posts\/183689\/revisions"}],"wp:featuredmedia":[{"embeddable":true,"href":"https:\/\/www.webdo.tn\/fr\/wp-json\/wp\/v2\/media\/336608"}],"wp:attachment":[{"href":"https:\/\/www.webdo.tn\/fr\/wp-json\/wp\/v2\/media?parent=183689"}],"wp:term":[{"taxonomy":"category","embeddable":true,"href":"https:\/\/www.webdo.tn\/fr\/wp-json\/wp\/v2\/categories?post=183689"},{"taxonomy":"post_tag","embeddable":true,"href":"https:\/\/www.webdo.tn\/fr\/wp-json\/wp\/v2\/tags?post=183689"}],"curies":[{"name":"wp","href":"https:\/\/api.w.org\/{rel}","templated":true}]}}