{"id":183687,"date":"2015-12-15T16:38:00","date_gmt":"2015-12-15T16:38:00","guid":{"rendered":"https:\/\/www.webdo.tn\/fr\/blog\/norvege-des-images-dexecutions-commises-par-daech-dans-les-portables-des-migrants\/183687\/"},"modified":"2025-05-19T09:59:18","modified_gmt":"2025-05-19T09:59:18","slug":"norvege-des-images-dexecutions-commises-par-daech-dans-les-portables-des-migrants","status":"publish","type":"post","link":"https:\/\/www.webdo.tn\/fr\/actualite\/international\/norvege-des-images-dexecutions-commises-par-daech-dans-les-portables-des-migrants\/183687\/","title":{"rendered":"Norv\u00e8ge : Des images d\u2019ex\u00e9cutions commises par Daech dans les portables des migrants !"},"content":{"rendered":"<p>La police norv\u00e9gienne a r\u00e9v\u00e9l\u00e9 que des centaines de migrants syriens arriv\u00e9s en Norv\u00e8ge avaient dans leurs portables des images troublantes d\u2019exactions et crimes commis par le groupe terroriste Daech.<\/p>\n<p>Les portables contenaient des images de t\u00eates coup\u00e9es, d\u2019enfants morts et des drapeaux de l\u2019EI. La police a exprim\u00e9 sa crainte que Daech exploite le flux migratoire des r\u00e9fugi\u00e9s syriens en Europe pour faire la propagande de son organisation.<\/p>\n<p>Alors que le Service de police de l&rsquo;immigration (PU) en Norv\u00e8ge a \u00e9t\u00e9 forc\u00e9 de travailler des heures suppl\u00e9mentaires pour contenir le nombre massif de demandeurs d&rsquo;asile, la police a reconnu que les contr\u00f4les de s\u00e9curit\u00e9 \u00e9taient moins approfondis qu\u2019ils ne devaient \u00eatre\u2026<\/p>\n<p>Erik Haugland, chef du programme d&rsquo;asile de la Norv\u00e8ge a soulign\u00e9, pour sa part, qu&rsquo;il est possible que les images que la police a trouv\u00e9es dans les portables des migrants \u00e9taient pour des raisons innocentes.<\/p>\n<p>Il a expliqu\u00e9 que les demandeurs d&rsquo;asile pourraient avoir les photographies afin de t\u00e9moigner de la guerre et les horreurs qu&rsquo;ils ont subies\u2026<br \/>\nC.C.<\/p>\n","protected":false},"excerpt":{"rendered":"<p>Norv\u00e8ge : Des images d\u2019ex\u00e9cutions commises par Daech dans les portables des migrants !<\/p>\n","protected":false},"author":3222,"featured_media":328860,"comment_status":"open","ping_status":"closed","sticky":false,"template":"","format":"standard","meta":{"footnotes":""},"categories":[2598],"tags":[2600],"class_list":["post-183687","post","type-post","status-publish","format-standard","has-post-thumbnail","hentry","category-international","tag-guerre"],"yoast_head":"<!-- This site is optimized with the Yoast SEO Premium plugin v27.5 (Yoast SEO v27.5) - https:\/\/yoast.com\/product\/yoast-seo-premium-wordpress\/ -->\n<title>Norv\u00e8ge : Des images d\u2019ex\u00e9cutions commises par Daech dans les portables des migrants !<\/title>\n<meta name=\"description\" content=\"Norv\u00e8ge : Des images d\u2019ex\u00e9cutions commises par Daech dans les portables des migrants !\" \/>\n<link rel=\"canonical\" href=\"https:\/\/www.webdo.tn\/fr\/actualite\/international\/norvege-des-images-dexecutions-commises-par-daech-dans-les-portables-des-migrants\/183687\/\" \/>\n<meta property=\"og:locale\" content=\"fr_FR\" \/>\n<meta property=\"og:type\" content=\"article\" \/>\n<meta property=\"og:title\" content=\"Norv\u00e8ge : Des images d\u2019ex\u00e9cutions commises par Daech dans les portables des migrants !\" \/>\n<meta property=\"og:description\" content=\"Norv\u00e8ge : Des images d\u2019ex\u00e9cutions commises par Daech dans les portables des migrants !\" \/>\n<meta property=\"og:url\" content=\"https:\/\/www.webdo.tn\/fr\/actualite\/international\/norvege-des-images-dexecutions-commises-par-daech-dans-les-portables-des-migrants\/183687\/\" \/>\n<meta property=\"og:site_name\" content=\"webdo\" \/>\n<meta property=\"article:publisher\" content=\"https:\/\/www.facebook.com\/webdotn\" \/>\n<meta property=\"article:published_time\" content=\"2015-12-15T16:38:00+00:00\" \/>\n<meta property=\"article:modified_time\" content=\"2025-05-19T09:59:18+00:00\" \/>\n<meta property=\"og:image\" content=\"https:\/\/www.webdo.tn\/fr\/wp-content\/uploads\/2015\/12\/migrants-300x212-1.jpg\" \/>\n\t<meta property=\"og:image:width\" content=\"300\" \/>\n\t<meta property=\"og:image:height\" content=\"212\" \/>\n\t<meta property=\"og:image:type\" content=\"image\/jpeg\" \/>\n<meta name=\"author\" content=\"webdo.tn\" \/>\n<meta name=\"twitter:card\" content=\"summary_large_image\" \/>\n<meta name=\"twitter:creator\" content=\"@webdo_tn\" \/>\n<meta name=\"twitter:site\" content=\"@webdo_tn\" \/>\n<meta name=\"twitter:label1\" content=\"\u00c9crit par\" \/>\n\t<meta name=\"twitter:data1\" content=\"webdo.tn\" \/>\n\t<meta name=\"twitter:label2\" content=\"Dur\u00e9e de lecture estim\u00e9e\" \/>\n\t<meta name=\"twitter:data2\" content=\"1 minute\" \/>\n<script type=\"application\/ld+json\" class=\"yoast-schema-graph\">{\"@context\":\"https:\\\/\\\/schema.org\",\"@graph\":[{\"@type\":\"NewsArticle\",\"@id\":\"https:\\\/\\\/www.webdo.tn\\\/fr\\\/actualite\\\/international\\\/norvege-des-images-dexecutions-commises-par-daech-dans-les-portables-des-migrants\\\/183687\\\/#article\",\"isPartOf\":{\"@id\":\"https:\\\/\\\/www.webdo.tn\\\/fr\\\/actualite\\\/international\\\/norvege-des-images-dexecutions-commises-par-daech-dans-les-portables-des-migrants\\\/183687\\\/\"},\"author\":{\"name\":\"webdo.tn\",\"@id\":\"https:\\\/\\\/www.webdo.tn\\\/fr\\\/#\\\/schema\\\/person\\\/9a9c6118d687c117df8ef3cc36a4d175\"},\"headline\":\"Norv\u00e8ge : Des images d\u2019ex\u00e9cutions commises par Daech dans les portables des migrants !\",\"datePublished\":\"2015-12-15T16:38:00+00:00\",\"dateModified\":\"2025-05-19T09:59:18+00:00\",\"mainEntityOfPage\":{\"@id\":\"https:\\\/\\\/www.webdo.tn\\\/fr\\\/actualite\\\/international\\\/norvege-des-images-dexecutions-commises-par-daech-dans-les-portables-des-migrants\\\/183687\\\/\"},\"wordCount\":213,\"commentCount\":0,\"publisher\":{\"@id\":\"https:\\\/\\\/www.webdo.tn\\\/fr\\\/#organization\"},\"image\":{\"@id\":\"https:\\\/\\\/www.webdo.tn\\\/fr\\\/actualite\\\/international\\\/norvege-des-images-dexecutions-commises-par-daech-dans-les-portables-des-migrants\\\/183687\\\/#primaryimage\"},\"thumbnailUrl\":\"https:\\\/\\\/www.webdo.tn\\\/fr\\\/wp-content\\\/uploads\\\/2015\\\/12\\\/migrants-300x212-1.jpg\",\"keywords\":[\"guerre\"],\"articleSection\":[\"International\"],\"inLanguage\":\"fr-FR\"},{\"@type\":\"WebPage\",\"@id\":\"https:\\\/\\\/www.webdo.tn\\\/fr\\\/actualite\\\/international\\\/norvege-des-images-dexecutions-commises-par-daech-dans-les-portables-des-migrants\\\/183687\\\/\",\"url\":\"https:\\\/\\\/www.webdo.tn\\\/fr\\\/actualite\\\/international\\\/norvege-des-images-dexecutions-commises-par-daech-dans-les-portables-des-migrants\\\/183687\\\/\",\"name\":\"Norv\u00e8ge : Des images d\u2019ex\u00e9cutions commises par Daech dans les portables des migrants !\",\"isPartOf\":{\"@id\":\"https:\\\/\\\/www.webdo.tn\\\/fr\\\/#website\"},\"primaryImageOfPage\":{\"@id\":\"https:\\\/\\\/www.webdo.tn\\\/fr\\\/actualite\\\/international\\\/norvege-des-images-dexecutions-commises-par-daech-dans-les-portables-des-migrants\\\/183687\\\/#primaryimage\"},\"image\":{\"@id\":\"https:\\\/\\\/www.webdo.tn\\\/fr\\\/actualite\\\/international\\\/norvege-des-images-dexecutions-commises-par-daech-dans-les-portables-des-migrants\\\/183687\\\/#primaryimage\"},\"thumbnailUrl\":\"https:\\\/\\\/www.webdo.tn\\\/fr\\\/wp-content\\\/uploads\\\/2015\\\/12\\\/migrants-300x212-1.jpg\",\"datePublished\":\"2015-12-15T16:38:00+00:00\",\"dateModified\":\"2025-05-19T09:59:18+00:00\",\"description\":\"Norv\u00e8ge : Des images d\u2019ex\u00e9cutions commises par Daech dans les portables des migrants !\",\"breadcrumb\":{\"@id\":\"https:\\\/\\\/www.webdo.tn\\\/fr\\\/actualite\\\/international\\\/norvege-des-images-dexecutions-commises-par-daech-dans-les-portables-des-migrants\\\/183687\\\/#breadcrumb\"},\"inLanguage\":\"fr-FR\",\"potentialAction\":[{\"@type\":\"ReadAction\",\"target\":[\"https:\\\/\\\/www.webdo.tn\\\/fr\\\/actualite\\\/international\\\/norvege-des-images-dexecutions-commises-par-daech-dans-les-portables-des-migrants\\\/183687\\\/\"]}]},{\"@type\":\"ImageObject\",\"inLanguage\":\"fr-FR\",\"@id\":\"https:\\\/\\\/www.webdo.tn\\\/fr\\\/actualite\\\/international\\\/norvege-des-images-dexecutions-commises-par-daech-dans-les-portables-des-migrants\\\/183687\\\/#primaryimage\",\"url\":\"https:\\\/\\\/www.webdo.tn\\\/fr\\\/wp-content\\\/uploads\\\/2015\\\/12\\\/migrants-300x212-1.jpg\",\"contentUrl\":\"https:\\\/\\\/www.webdo.tn\\\/fr\\\/wp-content\\\/uploads\\\/2015\\\/12\\\/migrants-300x212-1.jpg\",\"width\":300,\"height\":212,\"caption\":\"Norv\u00e8ge : Des images d\u2019ex\u00e9cutions commises par Daech dans les portables des migrants !\"},{\"@type\":\"BreadcrumbList\",\"@id\":\"https:\\\/\\\/www.webdo.tn\\\/fr\\\/actualite\\\/international\\\/norvege-des-images-dexecutions-commises-par-daech-dans-les-portables-des-migrants\\\/183687\\\/#breadcrumb\",\"itemListElement\":[{\"@type\":\"ListItem\",\"position\":1,\"name\":\"Accueil\",\"item\":\"https:\\\/\\\/www.webdo.tn\\\/fr\\\/\"},{\"@type\":\"ListItem\",\"position\":2,\"name\":\"Norv\u00e8ge : Des images d\u2019ex\u00e9cutions commises par Daech dans les portables des migrants !\"}]},{\"@type\":\"WebSite\",\"@id\":\"https:\\\/\\\/www.webdo.tn\\\/fr\\\/#website\",\"url\":\"https:\\\/\\\/www.webdo.tn\\\/fr\\\/\",\"name\":\"webdo\",\"description\":\"Tunisie - News en Tunisie et \u00e0 l&#039;international sur Webdo.tn\",\"publisher\":{\"@id\":\"https:\\\/\\\/www.webdo.tn\\\/fr\\\/#organization\"},\"potentialAction\":[{\"@type\":\"SearchAction\",\"target\":{\"@type\":\"EntryPoint\",\"urlTemplate\":\"https:\\\/\\\/www.webdo.tn\\\/fr\\\/?s={search_term_string}\"},\"query-input\":{\"@type\":\"PropertyValueSpecification\",\"valueRequired\":true,\"valueName\":\"search_term_string\"}}],\"inLanguage\":\"fr-FR\"},{\"@type\":\"Organization\",\"@id\":\"https:\\\/\\\/www.webdo.tn\\\/fr\\\/#organization\",\"name\":\"Webdo\",\"alternateName\":\"Webdo.tn\",\"url\":\"https:\\\/\\\/www.webdo.tn\\\/fr\\\/\",\"logo\":{\"@type\":\"ImageObject\",\"inLanguage\":\"fr-FR\",\"@id\":\"https:\\\/\\\/www.webdo.tn\\\/fr\\\/#\\\/schema\\\/logo\\\/image\\\/\",\"url\":\"https:\\\/\\\/www.webdo.tn\\\/fr\\\/wp-content\\\/uploads\\\/2025\\\/06\\\/Webdo-Tunisie_168377.jpg\",\"contentUrl\":\"https:\\\/\\\/www.webdo.tn\\\/fr\\\/wp-content\\\/uploads\\\/2025\\\/06\\\/Webdo-Tunisie_168377.jpg\",\"width\":301,\"height\":301,\"caption\":\"Webdo\"},\"image\":{\"@id\":\"https:\\\/\\\/www.webdo.tn\\\/fr\\\/#\\\/schema\\\/logo\\\/image\\\/\"},\"sameAs\":[\"https:\\\/\\\/www.facebook.com\\\/webdotn\",\"https:\\\/\\\/x.com\\\/webdo_tn\"],\"description\":\"Webdo est un m\u00e9dia num\u00e9rique tunisien fond\u00e9 en 2010, sp\u00e9cialis\u00e9 dans l\u2019actualit\u00e9 nationale et internationale, l\u2019\u00e9conomie, la soci\u00e9t\u00e9 et les analyses politiques. Le site s\u2019adresse \u00e0 un large public francophone et couvre l\u2019information tunisienne en temps r\u00e9el.\",\"email\":\"redac@webdo.tn\",\"legalName\":\"YNJ SARL\",\"foundingDate\":\"2010-09-06\",\"numberOfEmployees\":{\"@type\":\"QuantitativeValue\",\"minValue\":\"11\",\"maxValue\":\"50\"}},{\"@type\":\"Person\",\"@id\":\"https:\\\/\\\/www.webdo.tn\\\/fr\\\/#\\\/schema\\\/person\\\/9a9c6118d687c117df8ef3cc36a4d175\",\"name\":\"webdo.tn\",\"image\":{\"@type\":\"ImageObject\",\"inLanguage\":\"fr-FR\",\"@id\":\"https:\\\/\\\/secure.gravatar.com\\\/avatar\\\/7ce1f28c0c3bbac99ff550b85ef8e44a6950c6ee24514fb6a5489e51d06f0298?s=96&d=mm&r=g\",\"url\":\"https:\\\/\\\/secure.gravatar.com\\\/avatar\\\/7ce1f28c0c3bbac99ff550b85ef8e44a6950c6ee24514fb6a5489e51d06f0298?s=96&d=mm&r=g\",\"contentUrl\":\"https:\\\/\\\/secure.gravatar.com\\\/avatar\\\/7ce1f28c0c3bbac99ff550b85ef8e44a6950c6ee24514fb6a5489e51d06f0298?s=96&d=mm&r=g\",\"caption\":\"webdo.tn\"},\"url\":\"https:\\\/\\\/www.webdo.tn\\\/fr\\\/actualite\\\/author\\\/webdotn\\\/\"}]}<\/script>\n<!-- \/ Yoast SEO Premium plugin. -->","yoast_head_json":{"title":"Norv\u00e8ge : Des images d\u2019ex\u00e9cutions commises par Daech dans les portables des migrants !","description":"Norv\u00e8ge : Des images d\u2019ex\u00e9cutions commises par Daech dans les portables des migrants !","canonical":"https:\/\/www.webdo.tn\/fr\/actualite\/international\/norvege-des-images-dexecutions-commises-par-daech-dans-les-portables-des-migrants\/183687\/","og_locale":"fr_FR","og_type":"article","og_title":"Norv\u00e8ge : Des images d\u2019ex\u00e9cutions commises par Daech dans les portables des migrants !","og_description":"Norv\u00e8ge : Des images d\u2019ex\u00e9cutions commises par Daech dans les portables des migrants !","og_url":"https:\/\/www.webdo.tn\/fr\/actualite\/international\/norvege-des-images-dexecutions-commises-par-daech-dans-les-portables-des-migrants\/183687\/","og_site_name":"webdo","article_publisher":"https:\/\/www.facebook.com\/webdotn","article_published_time":"2015-12-15T16:38:00+00:00","article_modified_time":"2025-05-19T09:59:18+00:00","og_image":[{"width":300,"height":212,"url":"https:\/\/www.webdo.tn\/fr\/wp-content\/uploads\/2015\/12\/migrants-300x212-1.jpg","type":"image\/jpeg"}],"author":"webdo.tn","twitter_card":"summary_large_image","twitter_creator":"@webdo_tn","twitter_site":"@webdo_tn","twitter_misc":{"\u00c9crit par":"webdo.tn","Dur\u00e9e de lecture estim\u00e9e":"1 minute"},"schema":{"@context":"https:\/\/schema.org","@graph":[{"@type":"NewsArticle","@id":"https:\/\/www.webdo.tn\/fr\/actualite\/international\/norvege-des-images-dexecutions-commises-par-daech-dans-les-portables-des-migrants\/183687\/#article","isPartOf":{"@id":"https:\/\/www.webdo.tn\/fr\/actualite\/international\/norvege-des-images-dexecutions-commises-par-daech-dans-les-portables-des-migrants\/183687\/"},"author":{"name":"webdo.tn","@id":"https:\/\/www.webdo.tn\/fr\/#\/schema\/person\/9a9c6118d687c117df8ef3cc36a4d175"},"headline":"Norv\u00e8ge : Des images d\u2019ex\u00e9cutions commises par Daech dans les portables des migrants !","datePublished":"2015-12-15T16:38:00+00:00","dateModified":"2025-05-19T09:59:18+00:00","mainEntityOfPage":{"@id":"https:\/\/www.webdo.tn\/fr\/actualite\/international\/norvege-des-images-dexecutions-commises-par-daech-dans-les-portables-des-migrants\/183687\/"},"wordCount":213,"commentCount":0,"publisher":{"@id":"https:\/\/www.webdo.tn\/fr\/#organization"},"image":{"@id":"https:\/\/www.webdo.tn\/fr\/actualite\/international\/norvege-des-images-dexecutions-commises-par-daech-dans-les-portables-des-migrants\/183687\/#primaryimage"},"thumbnailUrl":"https:\/\/www.webdo.tn\/fr\/wp-content\/uploads\/2015\/12\/migrants-300x212-1.jpg","keywords":["guerre"],"articleSection":["International"],"inLanguage":"fr-FR"},{"@type":"WebPage","@id":"https:\/\/www.webdo.tn\/fr\/actualite\/international\/norvege-des-images-dexecutions-commises-par-daech-dans-les-portables-des-migrants\/183687\/","url":"https:\/\/www.webdo.tn\/fr\/actualite\/international\/norvege-des-images-dexecutions-commises-par-daech-dans-les-portables-des-migrants\/183687\/","name":"Norv\u00e8ge : Des images d\u2019ex\u00e9cutions commises par Daech dans les portables des migrants !","isPartOf":{"@id":"https:\/\/www.webdo.tn\/fr\/#website"},"primaryImageOfPage":{"@id":"https:\/\/www.webdo.tn\/fr\/actualite\/international\/norvege-des-images-dexecutions-commises-par-daech-dans-les-portables-des-migrants\/183687\/#primaryimage"},"image":{"@id":"https:\/\/www.webdo.tn\/fr\/actualite\/international\/norvege-des-images-dexecutions-commises-par-daech-dans-les-portables-des-migrants\/183687\/#primaryimage"},"thumbnailUrl":"https:\/\/www.webdo.tn\/fr\/wp-content\/uploads\/2015\/12\/migrants-300x212-1.jpg","datePublished":"2015-12-15T16:38:00+00:00","dateModified":"2025-05-19T09:59:18+00:00","description":"Norv\u00e8ge : Des images d\u2019ex\u00e9cutions commises par Daech dans les portables des migrants !","breadcrumb":{"@id":"https:\/\/www.webdo.tn\/fr\/actualite\/international\/norvege-des-images-dexecutions-commises-par-daech-dans-les-portables-des-migrants\/183687\/#breadcrumb"},"inLanguage":"fr-FR","potentialAction":[{"@type":"ReadAction","target":["https:\/\/www.webdo.tn\/fr\/actualite\/international\/norvege-des-images-dexecutions-commises-par-daech-dans-les-portables-des-migrants\/183687\/"]}]},{"@type":"ImageObject","inLanguage":"fr-FR","@id":"https:\/\/www.webdo.tn\/fr\/actualite\/international\/norvege-des-images-dexecutions-commises-par-daech-dans-les-portables-des-migrants\/183687\/#primaryimage","url":"https:\/\/www.webdo.tn\/fr\/wp-content\/uploads\/2015\/12\/migrants-300x212-1.jpg","contentUrl":"https:\/\/www.webdo.tn\/fr\/wp-content\/uploads\/2015\/12\/migrants-300x212-1.jpg","width":300,"height":212,"caption":"Norv\u00e8ge : Des images d\u2019ex\u00e9cutions commises par Daech dans les portables des migrants !"},{"@type":"BreadcrumbList","@id":"https:\/\/www.webdo.tn\/fr\/actualite\/international\/norvege-des-images-dexecutions-commises-par-daech-dans-les-portables-des-migrants\/183687\/#breadcrumb","itemListElement":[{"@type":"ListItem","position":1,"name":"Accueil","item":"https:\/\/www.webdo.tn\/fr\/"},{"@type":"ListItem","position":2,"name":"Norv\u00e8ge : Des images d\u2019ex\u00e9cutions commises par Daech dans les portables des migrants !"}]},{"@type":"WebSite","@id":"https:\/\/www.webdo.tn\/fr\/#website","url":"https:\/\/www.webdo.tn\/fr\/","name":"webdo","description":"Tunisie - News en Tunisie et \u00e0 l&#039;international sur Webdo.tn","publisher":{"@id":"https:\/\/www.webdo.tn\/fr\/#organization"},"potentialAction":[{"@type":"SearchAction","target":{"@type":"EntryPoint","urlTemplate":"https:\/\/www.webdo.tn\/fr\/?s={search_term_string}"},"query-input":{"@type":"PropertyValueSpecification","valueRequired":true,"valueName":"search_term_string"}}],"inLanguage":"fr-FR"},{"@type":"Organization","@id":"https:\/\/www.webdo.tn\/fr\/#organization","name":"Webdo","alternateName":"Webdo.tn","url":"https:\/\/www.webdo.tn\/fr\/","logo":{"@type":"ImageObject","inLanguage":"fr-FR","@id":"https:\/\/www.webdo.tn\/fr\/#\/schema\/logo\/image\/","url":"https:\/\/www.webdo.tn\/fr\/wp-content\/uploads\/2025\/06\/Webdo-Tunisie_168377.jpg","contentUrl":"https:\/\/www.webdo.tn\/fr\/wp-content\/uploads\/2025\/06\/Webdo-Tunisie_168377.jpg","width":301,"height":301,"caption":"Webdo"},"image":{"@id":"https:\/\/www.webdo.tn\/fr\/#\/schema\/logo\/image\/"},"sameAs":["https:\/\/www.facebook.com\/webdotn","https:\/\/x.com\/webdo_tn"],"description":"Webdo est un m\u00e9dia num\u00e9rique tunisien fond\u00e9 en 2010, sp\u00e9cialis\u00e9 dans l\u2019actualit\u00e9 nationale et internationale, l\u2019\u00e9conomie, la soci\u00e9t\u00e9 et les analyses politiques. Le site s\u2019adresse \u00e0 un large public francophone et couvre l\u2019information tunisienne en temps r\u00e9el.","email":"redac@webdo.tn","legalName":"YNJ SARL","foundingDate":"2010-09-06","numberOfEmployees":{"@type":"QuantitativeValue","minValue":"11","maxValue":"50"}},{"@type":"Person","@id":"https:\/\/www.webdo.tn\/fr\/#\/schema\/person\/9a9c6118d687c117df8ef3cc36a4d175","name":"webdo.tn","image":{"@type":"ImageObject","inLanguage":"fr-FR","@id":"https:\/\/secure.gravatar.com\/avatar\/7ce1f28c0c3bbac99ff550b85ef8e44a6950c6ee24514fb6a5489e51d06f0298?s=96&d=mm&r=g","url":"https:\/\/secure.gravatar.com\/avatar\/7ce1f28c0c3bbac99ff550b85ef8e44a6950c6ee24514fb6a5489e51d06f0298?s=96&d=mm&r=g","contentUrl":"https:\/\/secure.gravatar.com\/avatar\/7ce1f28c0c3bbac99ff550b85ef8e44a6950c6ee24514fb6a5489e51d06f0298?s=96&d=mm&r=g","caption":"webdo.tn"},"url":"https:\/\/www.webdo.tn\/fr\/actualite\/author\/webdotn\/"}]}},"_links":{"self":[{"href":"https:\/\/www.webdo.tn\/fr\/wp-json\/wp\/v2\/posts\/183687","targetHints":{"allow":["GET"]}}],"collection":[{"href":"https:\/\/www.webdo.tn\/fr\/wp-json\/wp\/v2\/posts"}],"about":[{"href":"https:\/\/www.webdo.tn\/fr\/wp-json\/wp\/v2\/types\/post"}],"author":[{"embeddable":true,"href":"https:\/\/www.webdo.tn\/fr\/wp-json\/wp\/v2\/users\/3222"}],"replies":[{"embeddable":true,"href":"https:\/\/www.webdo.tn\/fr\/wp-json\/wp\/v2\/comments?post=183687"}],"version-history":[{"count":0,"href":"https:\/\/www.webdo.tn\/fr\/wp-json\/wp\/v2\/posts\/183687\/revisions"}],"wp:featuredmedia":[{"embeddable":true,"href":"https:\/\/www.webdo.tn\/fr\/wp-json\/wp\/v2\/media\/328860"}],"wp:attachment":[{"href":"https:\/\/www.webdo.tn\/fr\/wp-json\/wp\/v2\/media?parent=183687"}],"wp:term":[{"taxonomy":"category","embeddable":true,"href":"https:\/\/www.webdo.tn\/fr\/wp-json\/wp\/v2\/categories?post=183687"},{"taxonomy":"post_tag","embeddable":true,"href":"https:\/\/www.webdo.tn\/fr\/wp-json\/wp\/v2\/tags?post=183687"}],"curies":[{"name":"wp","href":"https:\/\/api.w.org\/{rel}","templated":true}]}}