{"id":183686,"date":"2015-12-15T18:15:00","date_gmt":"2015-12-15T18:15:00","guid":{"rendered":"https:\/\/www.webdo.tn\/fr\/blog\/daech-remet-la-chasse-aux-sorcieres-a-lordre-du-jour\/183686\/"},"modified":"2025-05-19T09:59:18","modified_gmt":"2025-05-19T09:59:18","slug":"daech-remet-la-chasse-aux-sorcieres-a-lordre-du-jour","status":"publish","type":"post","link":"https:\/\/www.webdo.tn\/fr\/actualite\/international\/daech-remet-la-chasse-aux-sorcieres-a-lordre-du-jour\/183686\/","title":{"rendered":"Daech remet la chasse aux sorci\u00e8res \u00e0 l&rsquo;ordre du jour"},"content":{"rendered":"<p>Depuis l&rsquo;inquisition pendant laquelle les femmes suspect\u00e9es de sorcellerie \u00e9taient br\u00fbl\u00e9es sur le b\u00fbcher, on ne faisait plus de mal aux \u00ab\u00a0sorci\u00e8res\u00a0\u00bb, g\u00e9n\u00e9ralement.<\/p>\n<p>L\u2019\u00c9tat islamique vient de d\u00e9cider de reprendre la chasse aux sorci\u00e8res \u00e0 la sauce \u00ab\u00a0daechienne\u00a0\u00bb. Il ne s&rsquo;agit plus de b\u00fbcher mais de d\u00e9capitation.<\/p>\n<p>Une Marocaine r\u00e9sidant \u00e0 Syrte, en Libye, aurait \u00e9t\u00e9 d\u00e9capit\u00e9e sur la place publique, pour sorcellerie, selon une agence de presse libyenne, cit\u00e9e par Direct Info.<\/p>\n<p>L&rsquo;obscurantisme a encore de beaux jours devant lui.<br \/>\nS.B<\/p>\n","protected":false},"excerpt":{"rendered":"<p>Daech remet la chasse aux sorci\u00e8res \u00e0 l&rsquo;ordre du jour<\/p>\n","protected":false},"author":3222,"featured_media":372738,"comment_status":"open","ping_status":"closed","sticky":false,"template":"","format":"standard","meta":{"footnotes":""},"categories":[2598],"tags":[2600],"class_list":["post-183686","post","type-post","status-publish","format-standard","has-post-thumbnail","hentry","category-international","tag-guerre"],"yoast_head":"<!-- This site is optimized with the Yoast SEO Premium plugin v27.5 (Yoast SEO v27.5) - https:\/\/yoast.com\/product\/yoast-seo-premium-wordpress\/ -->\n<title>Daech remet la chasse aux sorci\u00e8res \u00e0 l&#039;ordre du jour<\/title>\n<meta name=\"description\" content=\"Daech remet la chasse aux sorci\u00e8res \u00e0 l&#039;ordre du jour\" \/>\n<link rel=\"canonical\" href=\"https:\/\/www.webdo.tn\/fr\/actualite\/international\/daech-remet-la-chasse-aux-sorcieres-a-lordre-du-jour\/183686\/\" \/>\n<meta property=\"og:locale\" content=\"fr_FR\" \/>\n<meta property=\"og:type\" content=\"article\" \/>\n<meta property=\"og:title\" content=\"Daech remet la chasse aux sorci\u00e8res \u00e0 l&#039;ordre du jour\" \/>\n<meta property=\"og:description\" content=\"Daech remet la chasse aux sorci\u00e8res \u00e0 l&#039;ordre du jour\" \/>\n<meta property=\"og:url\" content=\"https:\/\/www.webdo.tn\/fr\/actualite\/international\/daech-remet-la-chasse-aux-sorcieres-a-lordre-du-jour\/183686\/\" \/>\n<meta property=\"og:site_name\" content=\"webdo\" \/>\n<meta property=\"article:publisher\" content=\"https:\/\/www.facebook.com\/webdotn\" \/>\n<meta property=\"article:published_time\" content=\"2015-12-15T18:15:00+00:00\" \/>\n<meta property=\"article:modified_time\" content=\"2025-05-19T09:59:18+00:00\" \/>\n<meta name=\"author\" content=\"webdo.tn\" \/>\n<meta name=\"twitter:card\" content=\"summary_large_image\" \/>\n<meta name=\"twitter:creator\" content=\"@webdo_tn\" \/>\n<meta name=\"twitter:site\" content=\"@webdo_tn\" \/>\n<meta name=\"twitter:label1\" content=\"\u00c9crit par\" \/>\n\t<meta name=\"twitter:data1\" content=\"webdo.tn\" \/>\n<script type=\"application\/ld+json\" class=\"yoast-schema-graph\">{\"@context\":\"https:\\\/\\\/schema.org\",\"@graph\":[{\"@type\":\"NewsArticle\",\"@id\":\"https:\\\/\\\/www.webdo.tn\\\/fr\\\/actualite\\\/international\\\/daech-remet-la-chasse-aux-sorcieres-a-lordre-du-jour\\\/183686\\\/#article\",\"isPartOf\":{\"@id\":\"https:\\\/\\\/www.webdo.tn\\\/fr\\\/actualite\\\/international\\\/daech-remet-la-chasse-aux-sorcieres-a-lordre-du-jour\\\/183686\\\/\"},\"author\":{\"name\":\"webdo.tn\",\"@id\":\"https:\\\/\\\/www.webdo.tn\\\/fr\\\/#\\\/schema\\\/person\\\/9a9c6118d687c117df8ef3cc36a4d175\"},\"headline\":\"Daech remet la chasse aux sorci\u00e8res \u00e0 l&rsquo;ordre du jour\",\"datePublished\":\"2015-12-15T18:15:00+00:00\",\"dateModified\":\"2025-05-19T09:59:18+00:00\",\"mainEntityOfPage\":{\"@id\":\"https:\\\/\\\/www.webdo.tn\\\/fr\\\/actualite\\\/international\\\/daech-remet-la-chasse-aux-sorcieres-a-lordre-du-jour\\\/183686\\\/\"},\"wordCount\":111,\"commentCount\":0,\"publisher\":{\"@id\":\"https:\\\/\\\/www.webdo.tn\\\/fr\\\/#organization\"},\"image\":{\"@id\":\"https:\\\/\\\/www.webdo.tn\\\/fr\\\/actualite\\\/international\\\/daech-remet-la-chasse-aux-sorcieres-a-lordre-du-jour\\\/183686\\\/#primaryimage\"},\"thumbnailUrl\":\"https:\\\/\\\/www.webdo.tn\\\/fr\\\/wp-content\\\/uploads\\\/2025\\\/06\\\/sorciere-300x251_183686.jpg\",\"keywords\":[\"guerre\"],\"articleSection\":[\"International\"],\"inLanguage\":\"fr-FR\"},{\"@type\":\"WebPage\",\"@id\":\"https:\\\/\\\/www.webdo.tn\\\/fr\\\/actualite\\\/international\\\/daech-remet-la-chasse-aux-sorcieres-a-lordre-du-jour\\\/183686\\\/\",\"url\":\"https:\\\/\\\/www.webdo.tn\\\/fr\\\/actualite\\\/international\\\/daech-remet-la-chasse-aux-sorcieres-a-lordre-du-jour\\\/183686\\\/\",\"name\":\"Daech remet la chasse aux sorci\u00e8res \u00e0 l'ordre du jour\",\"isPartOf\":{\"@id\":\"https:\\\/\\\/www.webdo.tn\\\/fr\\\/#website\"},\"primaryImageOfPage\":{\"@id\":\"https:\\\/\\\/www.webdo.tn\\\/fr\\\/actualite\\\/international\\\/daech-remet-la-chasse-aux-sorcieres-a-lordre-du-jour\\\/183686\\\/#primaryimage\"},\"image\":{\"@id\":\"https:\\\/\\\/www.webdo.tn\\\/fr\\\/actualite\\\/international\\\/daech-remet-la-chasse-aux-sorcieres-a-lordre-du-jour\\\/183686\\\/#primaryimage\"},\"thumbnailUrl\":\"https:\\\/\\\/www.webdo.tn\\\/fr\\\/wp-content\\\/uploads\\\/2025\\\/06\\\/sorciere-300x251_183686.jpg\",\"datePublished\":\"2015-12-15T18:15:00+00:00\",\"dateModified\":\"2025-05-19T09:59:18+00:00\",\"description\":\"Daech remet la chasse aux sorci\u00e8res \u00e0 l'ordre du jour\",\"breadcrumb\":{\"@id\":\"https:\\\/\\\/www.webdo.tn\\\/fr\\\/actualite\\\/international\\\/daech-remet-la-chasse-aux-sorcieres-a-lordre-du-jour\\\/183686\\\/#breadcrumb\"},\"inLanguage\":\"fr-FR\",\"potentialAction\":[{\"@type\":\"ReadAction\",\"target\":[\"https:\\\/\\\/www.webdo.tn\\\/fr\\\/actualite\\\/international\\\/daech-remet-la-chasse-aux-sorcieres-a-lordre-du-jour\\\/183686\\\/\"]}]},{\"@type\":\"ImageObject\",\"inLanguage\":\"fr-FR\",\"@id\":\"https:\\\/\\\/www.webdo.tn\\\/fr\\\/actualite\\\/international\\\/daech-remet-la-chasse-aux-sorcieres-a-lordre-du-jour\\\/183686\\\/#primaryimage\",\"url\":\"https:\\\/\\\/www.webdo.tn\\\/fr\\\/wp-content\\\/uploads\\\/2025\\\/06\\\/sorciere-300x251_183686.jpg\",\"contentUrl\":\"https:\\\/\\\/www.webdo.tn\\\/fr\\\/wp-content\\\/uploads\\\/2025\\\/06\\\/sorciere-300x251_183686.jpg\",\"width\":300,\"height\":251,\"caption\":\"Daech remet la chasse aux sorci\u00e8res \u00e0 l'ordre du jour\"},{\"@type\":\"BreadcrumbList\",\"@id\":\"https:\\\/\\\/www.webdo.tn\\\/fr\\\/actualite\\\/international\\\/daech-remet-la-chasse-aux-sorcieres-a-lordre-du-jour\\\/183686\\\/#breadcrumb\",\"itemListElement\":[{\"@type\":\"ListItem\",\"position\":1,\"name\":\"Accueil\",\"item\":\"https:\\\/\\\/www.webdo.tn\\\/fr\\\/\"},{\"@type\":\"ListItem\",\"position\":2,\"name\":\"Daech remet la chasse aux sorci\u00e8res \u00e0 l&rsquo;ordre du jour\"}]},{\"@type\":\"WebSite\",\"@id\":\"https:\\\/\\\/www.webdo.tn\\\/fr\\\/#website\",\"url\":\"https:\\\/\\\/www.webdo.tn\\\/fr\\\/\",\"name\":\"webdo\",\"description\":\"Tunisie - News en Tunisie et \u00e0 l&#039;international sur Webdo.tn\",\"publisher\":{\"@id\":\"https:\\\/\\\/www.webdo.tn\\\/fr\\\/#organization\"},\"potentialAction\":[{\"@type\":\"SearchAction\",\"target\":{\"@type\":\"EntryPoint\",\"urlTemplate\":\"https:\\\/\\\/www.webdo.tn\\\/fr\\\/?s={search_term_string}\"},\"query-input\":{\"@type\":\"PropertyValueSpecification\",\"valueRequired\":true,\"valueName\":\"search_term_string\"}}],\"inLanguage\":\"fr-FR\"},{\"@type\":\"Organization\",\"@id\":\"https:\\\/\\\/www.webdo.tn\\\/fr\\\/#organization\",\"name\":\"Webdo\",\"alternateName\":\"Webdo.tn\",\"url\":\"https:\\\/\\\/www.webdo.tn\\\/fr\\\/\",\"logo\":{\"@type\":\"ImageObject\",\"inLanguage\":\"fr-FR\",\"@id\":\"https:\\\/\\\/www.webdo.tn\\\/fr\\\/#\\\/schema\\\/logo\\\/image\\\/\",\"url\":\"https:\\\/\\\/www.webdo.tn\\\/fr\\\/wp-content\\\/uploads\\\/2025\\\/06\\\/Webdo-Tunisie_168377.jpg\",\"contentUrl\":\"https:\\\/\\\/www.webdo.tn\\\/fr\\\/wp-content\\\/uploads\\\/2025\\\/06\\\/Webdo-Tunisie_168377.jpg\",\"width\":301,\"height\":301,\"caption\":\"Webdo\"},\"image\":{\"@id\":\"https:\\\/\\\/www.webdo.tn\\\/fr\\\/#\\\/schema\\\/logo\\\/image\\\/\"},\"sameAs\":[\"https:\\\/\\\/www.facebook.com\\\/webdotn\",\"https:\\\/\\\/x.com\\\/webdo_tn\"],\"description\":\"Webdo est un m\u00e9dia num\u00e9rique tunisien fond\u00e9 en 2010, sp\u00e9cialis\u00e9 dans l\u2019actualit\u00e9 nationale et internationale, l\u2019\u00e9conomie, la soci\u00e9t\u00e9 et les analyses politiques. Le site s\u2019adresse \u00e0 un large public francophone et couvre l\u2019information tunisienne en temps r\u00e9el.\",\"email\":\"redac@webdo.tn\",\"legalName\":\"YNJ SARL\",\"foundingDate\":\"2010-09-06\",\"numberOfEmployees\":{\"@type\":\"QuantitativeValue\",\"minValue\":\"11\",\"maxValue\":\"50\"}},{\"@type\":\"Person\",\"@id\":\"https:\\\/\\\/www.webdo.tn\\\/fr\\\/#\\\/schema\\\/person\\\/9a9c6118d687c117df8ef3cc36a4d175\",\"name\":\"webdo.tn\",\"image\":{\"@type\":\"ImageObject\",\"inLanguage\":\"fr-FR\",\"@id\":\"https:\\\/\\\/secure.gravatar.com\\\/avatar\\\/7ce1f28c0c3bbac99ff550b85ef8e44a6950c6ee24514fb6a5489e51d06f0298?s=96&d=mm&r=g\",\"url\":\"https:\\\/\\\/secure.gravatar.com\\\/avatar\\\/7ce1f28c0c3bbac99ff550b85ef8e44a6950c6ee24514fb6a5489e51d06f0298?s=96&d=mm&r=g\",\"contentUrl\":\"https:\\\/\\\/secure.gravatar.com\\\/avatar\\\/7ce1f28c0c3bbac99ff550b85ef8e44a6950c6ee24514fb6a5489e51d06f0298?s=96&d=mm&r=g\",\"caption\":\"webdo.tn\"},\"url\":\"https:\\\/\\\/www.webdo.tn\\\/fr\\\/actualite\\\/author\\\/webdotn\\\/\"}]}<\/script>\n<!-- \/ Yoast SEO Premium plugin. -->","yoast_head_json":{"title":"Daech remet la chasse aux sorci\u00e8res \u00e0 l'ordre du jour","description":"Daech remet la chasse aux sorci\u00e8res \u00e0 l'ordre du jour","canonical":"https:\/\/www.webdo.tn\/fr\/actualite\/international\/daech-remet-la-chasse-aux-sorcieres-a-lordre-du-jour\/183686\/","og_locale":"fr_FR","og_type":"article","og_title":"Daech remet la chasse aux sorci\u00e8res \u00e0 l'ordre du jour","og_description":"Daech remet la chasse aux sorci\u00e8res \u00e0 l'ordre du jour","og_url":"https:\/\/www.webdo.tn\/fr\/actualite\/international\/daech-remet-la-chasse-aux-sorcieres-a-lordre-du-jour\/183686\/","og_site_name":"webdo","article_publisher":"https:\/\/www.facebook.com\/webdotn","article_published_time":"2015-12-15T18:15:00+00:00","article_modified_time":"2025-05-19T09:59:18+00:00","author":"webdo.tn","twitter_card":"summary_large_image","twitter_creator":"@webdo_tn","twitter_site":"@webdo_tn","twitter_misc":{"\u00c9crit par":"webdo.tn"},"schema":{"@context":"https:\/\/schema.org","@graph":[{"@type":"NewsArticle","@id":"https:\/\/www.webdo.tn\/fr\/actualite\/international\/daech-remet-la-chasse-aux-sorcieres-a-lordre-du-jour\/183686\/#article","isPartOf":{"@id":"https:\/\/www.webdo.tn\/fr\/actualite\/international\/daech-remet-la-chasse-aux-sorcieres-a-lordre-du-jour\/183686\/"},"author":{"name":"webdo.tn","@id":"https:\/\/www.webdo.tn\/fr\/#\/schema\/person\/9a9c6118d687c117df8ef3cc36a4d175"},"headline":"Daech remet la chasse aux sorci\u00e8res \u00e0 l&rsquo;ordre du jour","datePublished":"2015-12-15T18:15:00+00:00","dateModified":"2025-05-19T09:59:18+00:00","mainEntityOfPage":{"@id":"https:\/\/www.webdo.tn\/fr\/actualite\/international\/daech-remet-la-chasse-aux-sorcieres-a-lordre-du-jour\/183686\/"},"wordCount":111,"commentCount":0,"publisher":{"@id":"https:\/\/www.webdo.tn\/fr\/#organization"},"image":{"@id":"https:\/\/www.webdo.tn\/fr\/actualite\/international\/daech-remet-la-chasse-aux-sorcieres-a-lordre-du-jour\/183686\/#primaryimage"},"thumbnailUrl":"https:\/\/www.webdo.tn\/fr\/wp-content\/uploads\/2025\/06\/sorciere-300x251_183686.jpg","keywords":["guerre"],"articleSection":["International"],"inLanguage":"fr-FR"},{"@type":"WebPage","@id":"https:\/\/www.webdo.tn\/fr\/actualite\/international\/daech-remet-la-chasse-aux-sorcieres-a-lordre-du-jour\/183686\/","url":"https:\/\/www.webdo.tn\/fr\/actualite\/international\/daech-remet-la-chasse-aux-sorcieres-a-lordre-du-jour\/183686\/","name":"Daech remet la chasse aux sorci\u00e8res \u00e0 l'ordre du jour","isPartOf":{"@id":"https:\/\/www.webdo.tn\/fr\/#website"},"primaryImageOfPage":{"@id":"https:\/\/www.webdo.tn\/fr\/actualite\/international\/daech-remet-la-chasse-aux-sorcieres-a-lordre-du-jour\/183686\/#primaryimage"},"image":{"@id":"https:\/\/www.webdo.tn\/fr\/actualite\/international\/daech-remet-la-chasse-aux-sorcieres-a-lordre-du-jour\/183686\/#primaryimage"},"thumbnailUrl":"https:\/\/www.webdo.tn\/fr\/wp-content\/uploads\/2025\/06\/sorciere-300x251_183686.jpg","datePublished":"2015-12-15T18:15:00+00:00","dateModified":"2025-05-19T09:59:18+00:00","description":"Daech remet la chasse aux sorci\u00e8res \u00e0 l'ordre du jour","breadcrumb":{"@id":"https:\/\/www.webdo.tn\/fr\/actualite\/international\/daech-remet-la-chasse-aux-sorcieres-a-lordre-du-jour\/183686\/#breadcrumb"},"inLanguage":"fr-FR","potentialAction":[{"@type":"ReadAction","target":["https:\/\/www.webdo.tn\/fr\/actualite\/international\/daech-remet-la-chasse-aux-sorcieres-a-lordre-du-jour\/183686\/"]}]},{"@type":"ImageObject","inLanguage":"fr-FR","@id":"https:\/\/www.webdo.tn\/fr\/actualite\/international\/daech-remet-la-chasse-aux-sorcieres-a-lordre-du-jour\/183686\/#primaryimage","url":"https:\/\/www.webdo.tn\/fr\/wp-content\/uploads\/2025\/06\/sorciere-300x251_183686.jpg","contentUrl":"https:\/\/www.webdo.tn\/fr\/wp-content\/uploads\/2025\/06\/sorciere-300x251_183686.jpg","width":300,"height":251,"caption":"Daech remet la chasse aux sorci\u00e8res \u00e0 l'ordre du jour"},{"@type":"BreadcrumbList","@id":"https:\/\/www.webdo.tn\/fr\/actualite\/international\/daech-remet-la-chasse-aux-sorcieres-a-lordre-du-jour\/183686\/#breadcrumb","itemListElement":[{"@type":"ListItem","position":1,"name":"Accueil","item":"https:\/\/www.webdo.tn\/fr\/"},{"@type":"ListItem","position":2,"name":"Daech remet la chasse aux sorci\u00e8res \u00e0 l&rsquo;ordre du jour"}]},{"@type":"WebSite","@id":"https:\/\/www.webdo.tn\/fr\/#website","url":"https:\/\/www.webdo.tn\/fr\/","name":"webdo","description":"Tunisie - News en Tunisie et \u00e0 l&#039;international sur Webdo.tn","publisher":{"@id":"https:\/\/www.webdo.tn\/fr\/#organization"},"potentialAction":[{"@type":"SearchAction","target":{"@type":"EntryPoint","urlTemplate":"https:\/\/www.webdo.tn\/fr\/?s={search_term_string}"},"query-input":{"@type":"PropertyValueSpecification","valueRequired":true,"valueName":"search_term_string"}}],"inLanguage":"fr-FR"},{"@type":"Organization","@id":"https:\/\/www.webdo.tn\/fr\/#organization","name":"Webdo","alternateName":"Webdo.tn","url":"https:\/\/www.webdo.tn\/fr\/","logo":{"@type":"ImageObject","inLanguage":"fr-FR","@id":"https:\/\/www.webdo.tn\/fr\/#\/schema\/logo\/image\/","url":"https:\/\/www.webdo.tn\/fr\/wp-content\/uploads\/2025\/06\/Webdo-Tunisie_168377.jpg","contentUrl":"https:\/\/www.webdo.tn\/fr\/wp-content\/uploads\/2025\/06\/Webdo-Tunisie_168377.jpg","width":301,"height":301,"caption":"Webdo"},"image":{"@id":"https:\/\/www.webdo.tn\/fr\/#\/schema\/logo\/image\/"},"sameAs":["https:\/\/www.facebook.com\/webdotn","https:\/\/x.com\/webdo_tn"],"description":"Webdo est un m\u00e9dia num\u00e9rique tunisien fond\u00e9 en 2010, sp\u00e9cialis\u00e9 dans l\u2019actualit\u00e9 nationale et internationale, l\u2019\u00e9conomie, la soci\u00e9t\u00e9 et les analyses politiques. Le site s\u2019adresse \u00e0 un large public francophone et couvre l\u2019information tunisienne en temps r\u00e9el.","email":"redac@webdo.tn","legalName":"YNJ SARL","foundingDate":"2010-09-06","numberOfEmployees":{"@type":"QuantitativeValue","minValue":"11","maxValue":"50"}},{"@type":"Person","@id":"https:\/\/www.webdo.tn\/fr\/#\/schema\/person\/9a9c6118d687c117df8ef3cc36a4d175","name":"webdo.tn","image":{"@type":"ImageObject","inLanguage":"fr-FR","@id":"https:\/\/secure.gravatar.com\/avatar\/7ce1f28c0c3bbac99ff550b85ef8e44a6950c6ee24514fb6a5489e51d06f0298?s=96&d=mm&r=g","url":"https:\/\/secure.gravatar.com\/avatar\/7ce1f28c0c3bbac99ff550b85ef8e44a6950c6ee24514fb6a5489e51d06f0298?s=96&d=mm&r=g","contentUrl":"https:\/\/secure.gravatar.com\/avatar\/7ce1f28c0c3bbac99ff550b85ef8e44a6950c6ee24514fb6a5489e51d06f0298?s=96&d=mm&r=g","caption":"webdo.tn"},"url":"https:\/\/www.webdo.tn\/fr\/actualite\/author\/webdotn\/"}]}},"_links":{"self":[{"href":"https:\/\/www.webdo.tn\/fr\/wp-json\/wp\/v2\/posts\/183686","targetHints":{"allow":["GET"]}}],"collection":[{"href":"https:\/\/www.webdo.tn\/fr\/wp-json\/wp\/v2\/posts"}],"about":[{"href":"https:\/\/www.webdo.tn\/fr\/wp-json\/wp\/v2\/types\/post"}],"author":[{"embeddable":true,"href":"https:\/\/www.webdo.tn\/fr\/wp-json\/wp\/v2\/users\/3222"}],"replies":[{"embeddable":true,"href":"https:\/\/www.webdo.tn\/fr\/wp-json\/wp\/v2\/comments?post=183686"}],"version-history":[{"count":0,"href":"https:\/\/www.webdo.tn\/fr\/wp-json\/wp\/v2\/posts\/183686\/revisions"}],"wp:featuredmedia":[{"embeddable":true,"href":"https:\/\/www.webdo.tn\/fr\/wp-json\/wp\/v2\/media\/372738"}],"wp:attachment":[{"href":"https:\/\/www.webdo.tn\/fr\/wp-json\/wp\/v2\/media?parent=183686"}],"wp:term":[{"taxonomy":"category","embeddable":true,"href":"https:\/\/www.webdo.tn\/fr\/wp-json\/wp\/v2\/categories?post=183686"},{"taxonomy":"post_tag","embeddable":true,"href":"https:\/\/www.webdo.tn\/fr\/wp-json\/wp\/v2\/tags?post=183686"}],"curies":[{"name":"wp","href":"https:\/\/api.w.org\/{rel}","templated":true}]}}