{"id":183684,"date":"2015-12-15T19:53:00","date_gmt":"2015-12-15T19:53:00","guid":{"rendered":"https:\/\/www.webdo.tn\/fr\/blog\/toutes-ecoles-fermees-a-los-angeles-apres-alerte-terroriste\/183684\/"},"modified":"2015-12-15T19:53:00","modified_gmt":"2015-12-15T19:53:00","slug":"toutes-ecoles-fermees-a-los-angeles-apres-alerte-terroriste","status":"publish","type":"post","link":"https:\/\/www.webdo.tn\/fr\/actualite\/international\/toutes-ecoles-fermees-a-los-angeles-apres-alerte-terroriste\/183684\/","title":{"rendered":"Toutes les \u00e9coles ferm\u00e9es \u00e0 Los Angeles apr\u00e8s une alerte terroriste"},"content":{"rendered":"<p>Toutes \u00e9coles publiques ont \u00e9t\u00e9 ferm\u00e9es aujourd&rsquo;hui, 15 d\u00e9cembre dans la ville de Los Angeles, suite \u00e0 des menaces d&rsquo;attentat qui ont \u00e9t\u00e9 prises tr\u00e8s au s\u00e9rieux par les autorit\u00e9s.<\/p>\n<p>Les menaces parlaient de sacs pi\u00e9g\u00e9s diss\u00e9min\u00e9s dans plusieurs \u00e9tablissements scolaires.<\/p>\n<p>La ville compte 900 \u00e9coles. La menace est arriv\u00e9e alors que les \u00e9l\u00e8ves \u00e9taient d\u00e9j\u00e0 sur place. Il a donc fallu proc\u00e9der \u00e0 l&rsquo;\u00e9vacuation de plus de 600 000 \u00e9l\u00e8ves.<\/p>\n<p>Les \u00e9coles et leurs alentours sont en train d&rsquo;\u00eatre fouill\u00e9s par les sp\u00e9cialistes.<\/p>\n<p>On rappelle que le dernier attentat terroriste sur le sol des \u00c9tats-Unis a fait 14 morts \u00e0 San Bernardino, le 2 d\u00e9cembre dernier. Il s&rsquo;agit de la plus grave attaque terroristesur le sol am\u00e9ricain depuis celle du 11 septembre.<br \/>\nS.B<\/p>\n","protected":false},"excerpt":{"rendered":"<p>Toutes les \u00e9coles ferm\u00e9es \u00e0 Los Angeles apr\u00e8s une alerte terroriste<\/p>\n","protected":false},"author":3222,"featured_media":336613,"comment_status":"open","ping_status":"closed","sticky":false,"template":"","format":"standard","meta":{"footnotes":""},"categories":[2598],"tags":[2600],"class_list":["post-183684","post","type-post","status-publish","format-standard","has-post-thumbnail","hentry","category-international","tag-guerre"],"yoast_head":"<!-- This site is optimized with the Yoast SEO Premium plugin v27.5 (Yoast SEO v27.5) - https:\/\/yoast.com\/product\/yoast-seo-premium-wordpress\/ -->\n<title>Toutes les \u00e9coles ferm\u00e9es \u00e0 Los Angeles apr\u00e8s une alerte terroriste<\/title>\n<meta name=\"description\" content=\"Toutes les \u00e9coles ferm\u00e9es \u00e0 Los Angeles apr\u00e8s une alerte terroriste\" \/>\n<link rel=\"canonical\" href=\"https:\/\/www.webdo.tn\/fr\/actualite\/international\/toutes-ecoles-fermees-a-los-angeles-apres-alerte-terroriste\/183684\/\" \/>\n<meta property=\"og:locale\" content=\"fr_FR\" \/>\n<meta property=\"og:type\" content=\"article\" \/>\n<meta property=\"og:title\" content=\"Toutes les \u00e9coles ferm\u00e9es \u00e0 Los Angeles apr\u00e8s une alerte terroriste\" \/>\n<meta property=\"og:description\" content=\"Toutes les \u00e9coles ferm\u00e9es \u00e0 Los Angeles apr\u00e8s une alerte terroriste\" \/>\n<meta property=\"og:url\" content=\"https:\/\/www.webdo.tn\/fr\/actualite\/international\/toutes-ecoles-fermees-a-los-angeles-apres-alerte-terroriste\/183684\/\" \/>\n<meta property=\"og:site_name\" content=\"webdo\" \/>\n<meta property=\"article:publisher\" content=\"https:\/\/www.facebook.com\/webdotn\" \/>\n<meta property=\"article:published_time\" content=\"2015-12-15T19:53:00+00:00\" \/>\n<meta property=\"og:image\" content=\"https:\/\/www.webdo.tn\/fr\/wp-content\/uploads\/2015\/12\/ecolebus-300x137-1.jpg\" \/>\n\t<meta property=\"og:image:width\" content=\"300\" \/>\n\t<meta property=\"og:image:height\" content=\"137\" \/>\n\t<meta property=\"og:image:type\" content=\"image\/jpeg\" \/>\n<meta name=\"author\" content=\"webdo.tn\" \/>\n<meta name=\"twitter:card\" content=\"summary_large_image\" \/>\n<meta name=\"twitter:creator\" content=\"@webdo_tn\" \/>\n<meta name=\"twitter:site\" content=\"@webdo_tn\" \/>\n<meta name=\"twitter:label1\" content=\"\u00c9crit par\" \/>\n\t<meta name=\"twitter:data1\" content=\"webdo.tn\" \/>\n\t<meta name=\"twitter:label2\" content=\"Dur\u00e9e de lecture estim\u00e9e\" \/>\n\t<meta name=\"twitter:data2\" content=\"1 minute\" \/>\n<script type=\"application\/ld+json\" class=\"yoast-schema-graph\">{\"@context\":\"https:\\\/\\\/schema.org\",\"@graph\":[{\"@type\":\"NewsArticle\",\"@id\":\"https:\\\/\\\/www.webdo.tn\\\/fr\\\/actualite\\\/international\\\/toutes-ecoles-fermees-a-los-angeles-apres-alerte-terroriste\\\/183684\\\/#article\",\"isPartOf\":{\"@id\":\"https:\\\/\\\/www.webdo.tn\\\/fr\\\/actualite\\\/international\\\/toutes-ecoles-fermees-a-los-angeles-apres-alerte-terroriste\\\/183684\\\/\"},\"author\":{\"name\":\"webdo.tn\",\"@id\":\"https:\\\/\\\/www.webdo.tn\\\/fr\\\/#\\\/schema\\\/person\\\/9a9c6118d687c117df8ef3cc36a4d175\"},\"headline\":\"Toutes les \u00e9coles ferm\u00e9es \u00e0 Los Angeles apr\u00e8s une alerte terroriste\",\"datePublished\":\"2015-12-15T19:53:00+00:00\",\"mainEntityOfPage\":{\"@id\":\"https:\\\/\\\/www.webdo.tn\\\/fr\\\/actualite\\\/international\\\/toutes-ecoles-fermees-a-los-angeles-apres-alerte-terroriste\\\/183684\\\/\"},\"wordCount\":150,\"commentCount\":0,\"publisher\":{\"@id\":\"https:\\\/\\\/www.webdo.tn\\\/fr\\\/#organization\"},\"image\":{\"@id\":\"https:\\\/\\\/www.webdo.tn\\\/fr\\\/actualite\\\/international\\\/toutes-ecoles-fermees-a-los-angeles-apres-alerte-terroriste\\\/183684\\\/#primaryimage\"},\"thumbnailUrl\":\"https:\\\/\\\/www.webdo.tn\\\/fr\\\/wp-content\\\/uploads\\\/2015\\\/12\\\/ecolebus-300x137-1.jpg\",\"keywords\":[\"guerre\"],\"articleSection\":[\"International\"],\"inLanguage\":\"fr-FR\"},{\"@type\":\"WebPage\",\"@id\":\"https:\\\/\\\/www.webdo.tn\\\/fr\\\/actualite\\\/international\\\/toutes-ecoles-fermees-a-los-angeles-apres-alerte-terroriste\\\/183684\\\/\",\"url\":\"https:\\\/\\\/www.webdo.tn\\\/fr\\\/actualite\\\/international\\\/toutes-ecoles-fermees-a-los-angeles-apres-alerte-terroriste\\\/183684\\\/\",\"name\":\"Toutes les \u00e9coles ferm\u00e9es \u00e0 Los Angeles apr\u00e8s une alerte terroriste\",\"isPartOf\":{\"@id\":\"https:\\\/\\\/www.webdo.tn\\\/fr\\\/#website\"},\"primaryImageOfPage\":{\"@id\":\"https:\\\/\\\/www.webdo.tn\\\/fr\\\/actualite\\\/international\\\/toutes-ecoles-fermees-a-los-angeles-apres-alerte-terroriste\\\/183684\\\/#primaryimage\"},\"image\":{\"@id\":\"https:\\\/\\\/www.webdo.tn\\\/fr\\\/actualite\\\/international\\\/toutes-ecoles-fermees-a-los-angeles-apres-alerte-terroriste\\\/183684\\\/#primaryimage\"},\"thumbnailUrl\":\"https:\\\/\\\/www.webdo.tn\\\/fr\\\/wp-content\\\/uploads\\\/2015\\\/12\\\/ecolebus-300x137-1.jpg\",\"datePublished\":\"2015-12-15T19:53:00+00:00\",\"description\":\"Toutes les \u00e9coles ferm\u00e9es \u00e0 Los Angeles apr\u00e8s une alerte terroriste\",\"breadcrumb\":{\"@id\":\"https:\\\/\\\/www.webdo.tn\\\/fr\\\/actualite\\\/international\\\/toutes-ecoles-fermees-a-los-angeles-apres-alerte-terroriste\\\/183684\\\/#breadcrumb\"},\"inLanguage\":\"fr-FR\",\"potentialAction\":[{\"@type\":\"ReadAction\",\"target\":[\"https:\\\/\\\/www.webdo.tn\\\/fr\\\/actualite\\\/international\\\/toutes-ecoles-fermees-a-los-angeles-apres-alerte-terroriste\\\/183684\\\/\"]}]},{\"@type\":\"ImageObject\",\"inLanguage\":\"fr-FR\",\"@id\":\"https:\\\/\\\/www.webdo.tn\\\/fr\\\/actualite\\\/international\\\/toutes-ecoles-fermees-a-los-angeles-apres-alerte-terroriste\\\/183684\\\/#primaryimage\",\"url\":\"https:\\\/\\\/www.webdo.tn\\\/fr\\\/wp-content\\\/uploads\\\/2015\\\/12\\\/ecolebus-300x137-1.jpg\",\"contentUrl\":\"https:\\\/\\\/www.webdo.tn\\\/fr\\\/wp-content\\\/uploads\\\/2015\\\/12\\\/ecolebus-300x137-1.jpg\",\"width\":300,\"height\":137,\"caption\":\"Toutes les \u00e9coles ferm\u00e9es \u00e0 Los Angeles apr\u00e8s une alerte terroriste\"},{\"@type\":\"BreadcrumbList\",\"@id\":\"https:\\\/\\\/www.webdo.tn\\\/fr\\\/actualite\\\/international\\\/toutes-ecoles-fermees-a-los-angeles-apres-alerte-terroriste\\\/183684\\\/#breadcrumb\",\"itemListElement\":[{\"@type\":\"ListItem\",\"position\":1,\"name\":\"Accueil\",\"item\":\"https:\\\/\\\/www.webdo.tn\\\/fr\\\/\"},{\"@type\":\"ListItem\",\"position\":2,\"name\":\"Toutes les \u00e9coles ferm\u00e9es \u00e0 Los Angeles apr\u00e8s une alerte terroriste\"}]},{\"@type\":\"WebSite\",\"@id\":\"https:\\\/\\\/www.webdo.tn\\\/fr\\\/#website\",\"url\":\"https:\\\/\\\/www.webdo.tn\\\/fr\\\/\",\"name\":\"webdo\",\"description\":\"Tunisie - News en Tunisie et \u00e0 l&#039;international sur Webdo.tn\",\"publisher\":{\"@id\":\"https:\\\/\\\/www.webdo.tn\\\/fr\\\/#organization\"},\"potentialAction\":[{\"@type\":\"SearchAction\",\"target\":{\"@type\":\"EntryPoint\",\"urlTemplate\":\"https:\\\/\\\/www.webdo.tn\\\/fr\\\/?s={search_term_string}\"},\"query-input\":{\"@type\":\"PropertyValueSpecification\",\"valueRequired\":true,\"valueName\":\"search_term_string\"}}],\"inLanguage\":\"fr-FR\"},{\"@type\":\"Organization\",\"@id\":\"https:\\\/\\\/www.webdo.tn\\\/fr\\\/#organization\",\"name\":\"Webdo\",\"alternateName\":\"Webdo.tn\",\"url\":\"https:\\\/\\\/www.webdo.tn\\\/fr\\\/\",\"logo\":{\"@type\":\"ImageObject\",\"inLanguage\":\"fr-FR\",\"@id\":\"https:\\\/\\\/www.webdo.tn\\\/fr\\\/#\\\/schema\\\/logo\\\/image\\\/\",\"url\":\"https:\\\/\\\/www.webdo.tn\\\/fr\\\/wp-content\\\/uploads\\\/2025\\\/06\\\/Webdo-Tunisie_168377.jpg\",\"contentUrl\":\"https:\\\/\\\/www.webdo.tn\\\/fr\\\/wp-content\\\/uploads\\\/2025\\\/06\\\/Webdo-Tunisie_168377.jpg\",\"width\":301,\"height\":301,\"caption\":\"Webdo\"},\"image\":{\"@id\":\"https:\\\/\\\/www.webdo.tn\\\/fr\\\/#\\\/schema\\\/logo\\\/image\\\/\"},\"sameAs\":[\"https:\\\/\\\/www.facebook.com\\\/webdotn\",\"https:\\\/\\\/x.com\\\/webdo_tn\"],\"description\":\"Webdo est un m\u00e9dia num\u00e9rique tunisien fond\u00e9 en 2010, sp\u00e9cialis\u00e9 dans l\u2019actualit\u00e9 nationale et internationale, l\u2019\u00e9conomie, la soci\u00e9t\u00e9 et les analyses politiques. Le site s\u2019adresse \u00e0 un large public francophone et couvre l\u2019information tunisienne en temps r\u00e9el.\",\"email\":\"redac@webdo.tn\",\"legalName\":\"YNJ SARL\",\"foundingDate\":\"2010-09-06\",\"numberOfEmployees\":{\"@type\":\"QuantitativeValue\",\"minValue\":\"11\",\"maxValue\":\"50\"}},{\"@type\":\"Person\",\"@id\":\"https:\\\/\\\/www.webdo.tn\\\/fr\\\/#\\\/schema\\\/person\\\/9a9c6118d687c117df8ef3cc36a4d175\",\"name\":\"webdo.tn\",\"image\":{\"@type\":\"ImageObject\",\"inLanguage\":\"fr-FR\",\"@id\":\"https:\\\/\\\/secure.gravatar.com\\\/avatar\\\/7ce1f28c0c3bbac99ff550b85ef8e44a6950c6ee24514fb6a5489e51d06f0298?s=96&d=mm&r=g\",\"url\":\"https:\\\/\\\/secure.gravatar.com\\\/avatar\\\/7ce1f28c0c3bbac99ff550b85ef8e44a6950c6ee24514fb6a5489e51d06f0298?s=96&d=mm&r=g\",\"contentUrl\":\"https:\\\/\\\/secure.gravatar.com\\\/avatar\\\/7ce1f28c0c3bbac99ff550b85ef8e44a6950c6ee24514fb6a5489e51d06f0298?s=96&d=mm&r=g\",\"caption\":\"webdo.tn\"},\"url\":\"https:\\\/\\\/www.webdo.tn\\\/fr\\\/actualite\\\/author\\\/webdotn\\\/\"}]}<\/script>\n<!-- \/ Yoast SEO Premium plugin. -->","yoast_head_json":{"title":"Toutes les \u00e9coles ferm\u00e9es \u00e0 Los Angeles apr\u00e8s une alerte terroriste","description":"Toutes les \u00e9coles ferm\u00e9es \u00e0 Los Angeles apr\u00e8s une alerte terroriste","canonical":"https:\/\/www.webdo.tn\/fr\/actualite\/international\/toutes-ecoles-fermees-a-los-angeles-apres-alerte-terroriste\/183684\/","og_locale":"fr_FR","og_type":"article","og_title":"Toutes les \u00e9coles ferm\u00e9es \u00e0 Los Angeles apr\u00e8s une alerte terroriste","og_description":"Toutes les \u00e9coles ferm\u00e9es \u00e0 Los Angeles apr\u00e8s une alerte terroriste","og_url":"https:\/\/www.webdo.tn\/fr\/actualite\/international\/toutes-ecoles-fermees-a-los-angeles-apres-alerte-terroriste\/183684\/","og_site_name":"webdo","article_publisher":"https:\/\/www.facebook.com\/webdotn","article_published_time":"2015-12-15T19:53:00+00:00","og_image":[{"width":300,"height":137,"url":"https:\/\/www.webdo.tn\/fr\/wp-content\/uploads\/2015\/12\/ecolebus-300x137-1.jpg","type":"image\/jpeg"}],"author":"webdo.tn","twitter_card":"summary_large_image","twitter_creator":"@webdo_tn","twitter_site":"@webdo_tn","twitter_misc":{"\u00c9crit par":"webdo.tn","Dur\u00e9e de lecture estim\u00e9e":"1 minute"},"schema":{"@context":"https:\/\/schema.org","@graph":[{"@type":"NewsArticle","@id":"https:\/\/www.webdo.tn\/fr\/actualite\/international\/toutes-ecoles-fermees-a-los-angeles-apres-alerte-terroriste\/183684\/#article","isPartOf":{"@id":"https:\/\/www.webdo.tn\/fr\/actualite\/international\/toutes-ecoles-fermees-a-los-angeles-apres-alerte-terroriste\/183684\/"},"author":{"name":"webdo.tn","@id":"https:\/\/www.webdo.tn\/fr\/#\/schema\/person\/9a9c6118d687c117df8ef3cc36a4d175"},"headline":"Toutes les \u00e9coles ferm\u00e9es \u00e0 Los Angeles apr\u00e8s une alerte terroriste","datePublished":"2015-12-15T19:53:00+00:00","mainEntityOfPage":{"@id":"https:\/\/www.webdo.tn\/fr\/actualite\/international\/toutes-ecoles-fermees-a-los-angeles-apres-alerte-terroriste\/183684\/"},"wordCount":150,"commentCount":0,"publisher":{"@id":"https:\/\/www.webdo.tn\/fr\/#organization"},"image":{"@id":"https:\/\/www.webdo.tn\/fr\/actualite\/international\/toutes-ecoles-fermees-a-los-angeles-apres-alerte-terroriste\/183684\/#primaryimage"},"thumbnailUrl":"https:\/\/www.webdo.tn\/fr\/wp-content\/uploads\/2015\/12\/ecolebus-300x137-1.jpg","keywords":["guerre"],"articleSection":["International"],"inLanguage":"fr-FR"},{"@type":"WebPage","@id":"https:\/\/www.webdo.tn\/fr\/actualite\/international\/toutes-ecoles-fermees-a-los-angeles-apres-alerte-terroriste\/183684\/","url":"https:\/\/www.webdo.tn\/fr\/actualite\/international\/toutes-ecoles-fermees-a-los-angeles-apres-alerte-terroriste\/183684\/","name":"Toutes les \u00e9coles ferm\u00e9es \u00e0 Los Angeles apr\u00e8s une alerte terroriste","isPartOf":{"@id":"https:\/\/www.webdo.tn\/fr\/#website"},"primaryImageOfPage":{"@id":"https:\/\/www.webdo.tn\/fr\/actualite\/international\/toutes-ecoles-fermees-a-los-angeles-apres-alerte-terroriste\/183684\/#primaryimage"},"image":{"@id":"https:\/\/www.webdo.tn\/fr\/actualite\/international\/toutes-ecoles-fermees-a-los-angeles-apres-alerte-terroriste\/183684\/#primaryimage"},"thumbnailUrl":"https:\/\/www.webdo.tn\/fr\/wp-content\/uploads\/2015\/12\/ecolebus-300x137-1.jpg","datePublished":"2015-12-15T19:53:00+00:00","description":"Toutes les \u00e9coles ferm\u00e9es \u00e0 Los Angeles apr\u00e8s une alerte terroriste","breadcrumb":{"@id":"https:\/\/www.webdo.tn\/fr\/actualite\/international\/toutes-ecoles-fermees-a-los-angeles-apres-alerte-terroriste\/183684\/#breadcrumb"},"inLanguage":"fr-FR","potentialAction":[{"@type":"ReadAction","target":["https:\/\/www.webdo.tn\/fr\/actualite\/international\/toutes-ecoles-fermees-a-los-angeles-apres-alerte-terroriste\/183684\/"]}]},{"@type":"ImageObject","inLanguage":"fr-FR","@id":"https:\/\/www.webdo.tn\/fr\/actualite\/international\/toutes-ecoles-fermees-a-los-angeles-apres-alerte-terroriste\/183684\/#primaryimage","url":"https:\/\/www.webdo.tn\/fr\/wp-content\/uploads\/2015\/12\/ecolebus-300x137-1.jpg","contentUrl":"https:\/\/www.webdo.tn\/fr\/wp-content\/uploads\/2015\/12\/ecolebus-300x137-1.jpg","width":300,"height":137,"caption":"Toutes les \u00e9coles ferm\u00e9es \u00e0 Los Angeles apr\u00e8s une alerte terroriste"},{"@type":"BreadcrumbList","@id":"https:\/\/www.webdo.tn\/fr\/actualite\/international\/toutes-ecoles-fermees-a-los-angeles-apres-alerte-terroriste\/183684\/#breadcrumb","itemListElement":[{"@type":"ListItem","position":1,"name":"Accueil","item":"https:\/\/www.webdo.tn\/fr\/"},{"@type":"ListItem","position":2,"name":"Toutes les \u00e9coles ferm\u00e9es \u00e0 Los Angeles apr\u00e8s une alerte terroriste"}]},{"@type":"WebSite","@id":"https:\/\/www.webdo.tn\/fr\/#website","url":"https:\/\/www.webdo.tn\/fr\/","name":"webdo","description":"Tunisie - News en Tunisie et \u00e0 l&#039;international sur Webdo.tn","publisher":{"@id":"https:\/\/www.webdo.tn\/fr\/#organization"},"potentialAction":[{"@type":"SearchAction","target":{"@type":"EntryPoint","urlTemplate":"https:\/\/www.webdo.tn\/fr\/?s={search_term_string}"},"query-input":{"@type":"PropertyValueSpecification","valueRequired":true,"valueName":"search_term_string"}}],"inLanguage":"fr-FR"},{"@type":"Organization","@id":"https:\/\/www.webdo.tn\/fr\/#organization","name":"Webdo","alternateName":"Webdo.tn","url":"https:\/\/www.webdo.tn\/fr\/","logo":{"@type":"ImageObject","inLanguage":"fr-FR","@id":"https:\/\/www.webdo.tn\/fr\/#\/schema\/logo\/image\/","url":"https:\/\/www.webdo.tn\/fr\/wp-content\/uploads\/2025\/06\/Webdo-Tunisie_168377.jpg","contentUrl":"https:\/\/www.webdo.tn\/fr\/wp-content\/uploads\/2025\/06\/Webdo-Tunisie_168377.jpg","width":301,"height":301,"caption":"Webdo"},"image":{"@id":"https:\/\/www.webdo.tn\/fr\/#\/schema\/logo\/image\/"},"sameAs":["https:\/\/www.facebook.com\/webdotn","https:\/\/x.com\/webdo_tn"],"description":"Webdo est un m\u00e9dia num\u00e9rique tunisien fond\u00e9 en 2010, sp\u00e9cialis\u00e9 dans l\u2019actualit\u00e9 nationale et internationale, l\u2019\u00e9conomie, la soci\u00e9t\u00e9 et les analyses politiques. Le site s\u2019adresse \u00e0 un large public francophone et couvre l\u2019information tunisienne en temps r\u00e9el.","email":"redac@webdo.tn","legalName":"YNJ SARL","foundingDate":"2010-09-06","numberOfEmployees":{"@type":"QuantitativeValue","minValue":"11","maxValue":"50"}},{"@type":"Person","@id":"https:\/\/www.webdo.tn\/fr\/#\/schema\/person\/9a9c6118d687c117df8ef3cc36a4d175","name":"webdo.tn","image":{"@type":"ImageObject","inLanguage":"fr-FR","@id":"https:\/\/secure.gravatar.com\/avatar\/7ce1f28c0c3bbac99ff550b85ef8e44a6950c6ee24514fb6a5489e51d06f0298?s=96&d=mm&r=g","url":"https:\/\/secure.gravatar.com\/avatar\/7ce1f28c0c3bbac99ff550b85ef8e44a6950c6ee24514fb6a5489e51d06f0298?s=96&d=mm&r=g","contentUrl":"https:\/\/secure.gravatar.com\/avatar\/7ce1f28c0c3bbac99ff550b85ef8e44a6950c6ee24514fb6a5489e51d06f0298?s=96&d=mm&r=g","caption":"webdo.tn"},"url":"https:\/\/www.webdo.tn\/fr\/actualite\/author\/webdotn\/"}]}},"_links":{"self":[{"href":"https:\/\/www.webdo.tn\/fr\/wp-json\/wp\/v2\/posts\/183684","targetHints":{"allow":["GET"]}}],"collection":[{"href":"https:\/\/www.webdo.tn\/fr\/wp-json\/wp\/v2\/posts"}],"about":[{"href":"https:\/\/www.webdo.tn\/fr\/wp-json\/wp\/v2\/types\/post"}],"author":[{"embeddable":true,"href":"https:\/\/www.webdo.tn\/fr\/wp-json\/wp\/v2\/users\/3222"}],"replies":[{"embeddable":true,"href":"https:\/\/www.webdo.tn\/fr\/wp-json\/wp\/v2\/comments?post=183684"}],"version-history":[{"count":0,"href":"https:\/\/www.webdo.tn\/fr\/wp-json\/wp\/v2\/posts\/183684\/revisions"}],"wp:featuredmedia":[{"embeddable":true,"href":"https:\/\/www.webdo.tn\/fr\/wp-json\/wp\/v2\/media\/336613"}],"wp:attachment":[{"href":"https:\/\/www.webdo.tn\/fr\/wp-json\/wp\/v2\/media?parent=183684"}],"wp:term":[{"taxonomy":"category","embeddable":true,"href":"https:\/\/www.webdo.tn\/fr\/wp-json\/wp\/v2\/categories?post=183684"},{"taxonomy":"post_tag","embeddable":true,"href":"https:\/\/www.webdo.tn\/fr\/wp-json\/wp\/v2\/tags?post=183684"}],"curies":[{"name":"wp","href":"https:\/\/api.w.org\/{rel}","templated":true}]}}