{"id":183681,"date":"2015-12-17T21:57:00","date_gmt":"2015-12-17T21:57:00","guid":{"rendered":"https:\/\/www.webdo.tn\/fr\/blog\/eric-zemmour-presentateur-francais-condamne-pour-ses-propos-sur-les-musulmans\/183681\/"},"modified":"2025-05-19T09:58:51","modified_gmt":"2025-05-19T09:58:51","slug":"eric-zemmour-presentateur-francais-condamne-pour-ses-propos-sur-les-musulmans","status":"publish","type":"post","link":"https:\/\/www.webdo.tn\/fr\/actualite\/international\/eric-zemmour-presentateur-francais-condamne-pour-ses-propos-sur-les-musulmans\/183681\/","title":{"rendered":"Eric Zemmour, pr\u00e9sentateur fran\u00e7ais, condamn\u00e9 pour ses propos sur les musulmans"},"content":{"rendered":"<p>Eric Zemmour a \u00e9t\u00e9 condamn\u00e9 ce jeudi 17 d\u00e9cembre \u00e0 3000 euros d&rsquo;amende pour provocation \u00e0 la haine envers les musulmans. Il avait entre autres d\u00e9clar\u00e9:<br \/>\n\u00ab\u00a0Les musulmans vivent entre eux, dans les banlieues. Les Fran\u00e7ais ont \u00e9t\u00e9 oblig\u00e9s de s&rsquo;en aller\u00a0\u00bb.<\/p>\n<p>\u00ab\u00a0Je pense que nous nous dirigeons vers le chaos. Cette situation de peuple dans le peuple, des musulmans dans le peuple fran\u00e7ais, nous conduira au chaos et \u00e0 la guerre civile\u00a0\u00bb.<br \/>\nCe n&rsquo;est pas une premi\u00e8re pour Zemmour qui s&rsquo;\u00e9tait d\u00e9j\u00e0 distingu\u00e9 par son amour et son respect pour la diff\u00e9rence en d\u00e9clarant publiquement \u00e0 la t\u00e9l\u00e9vision, en 2011 que:<br \/>\n\u00ab\u00a0la plupart des trafiquants sont noirs et arabes, c&rsquo;est comme \u00e7a, c&rsquo;est un fait\u00a0\u00bb.<br \/>\nL&rsquo;amalgame et le racisme primaire sont des faits \u00e9galement.<br \/>\nS.B<\/p>\n","protected":false},"excerpt":{"rendered":"<p>Eric Zemmour, pr\u00e9sentateur fran\u00e7ais, condamn\u00e9 pour ses propos sur les musulmans<\/p>\n","protected":false},"author":3222,"featured_media":328797,"comment_status":"open","ping_status":"closed","sticky":false,"template":"","format":"standard","meta":{"footnotes":""},"categories":[2598],"tags":[2600],"class_list":["post-183681","post","type-post","status-publish","format-standard","has-post-thumbnail","hentry","category-international","tag-guerre"],"yoast_head":"<!-- This site is optimized with the Yoast SEO Premium plugin v27.5 (Yoast SEO v27.5) - https:\/\/yoast.com\/product\/yoast-seo-premium-wordpress\/ -->\n<title>Eric Zemmour, pr\u00e9sentateur fran\u00e7ais, condamn\u00e9 pour ses propos sur les musulmans<\/title>\n<meta name=\"description\" content=\"Eric Zemmour, pr\u00e9sentateur fran\u00e7ais, condamn\u00e9 pour ses propos sur les musulmans\" \/>\n<link rel=\"canonical\" href=\"https:\/\/www.webdo.tn\/fr\/actualite\/international\/eric-zemmour-presentateur-francais-condamne-pour-ses-propos-sur-les-musulmans\/183681\/\" \/>\n<meta property=\"og:locale\" content=\"fr_FR\" \/>\n<meta property=\"og:type\" content=\"article\" \/>\n<meta property=\"og:title\" content=\"Eric Zemmour, pr\u00e9sentateur fran\u00e7ais, condamn\u00e9 pour ses propos sur les musulmans\" \/>\n<meta property=\"og:description\" content=\"Eric Zemmour, pr\u00e9sentateur fran\u00e7ais, condamn\u00e9 pour ses propos sur les musulmans\" \/>\n<meta property=\"og:url\" content=\"https:\/\/www.webdo.tn\/fr\/actualite\/international\/eric-zemmour-presentateur-francais-condamne-pour-ses-propos-sur-les-musulmans\/183681\/\" \/>\n<meta property=\"og:site_name\" content=\"webdo\" \/>\n<meta property=\"article:publisher\" content=\"https:\/\/www.facebook.com\/webdotn\" \/>\n<meta property=\"article:published_time\" content=\"2015-12-17T21:57:00+00:00\" \/>\n<meta property=\"article:modified_time\" content=\"2025-05-19T09:58:51+00:00\" \/>\n<meta property=\"og:image\" content=\"https:\/\/www.webdo.tn\/fr\/wp-content\/uploads\/2015\/12\/eric-zemmour-300x130-1.jpg\" \/>\n\t<meta property=\"og:image:width\" content=\"300\" \/>\n\t<meta property=\"og:image:height\" content=\"130\" \/>\n\t<meta property=\"og:image:type\" content=\"image\/jpeg\" \/>\n<meta name=\"author\" content=\"webdo.tn\" \/>\n<meta name=\"twitter:card\" content=\"summary_large_image\" \/>\n<meta name=\"twitter:creator\" content=\"@webdo_tn\" \/>\n<meta name=\"twitter:site\" content=\"@webdo_tn\" \/>\n<meta name=\"twitter:label1\" content=\"\u00c9crit par\" \/>\n\t<meta name=\"twitter:data1\" content=\"webdo.tn\" \/>\n\t<meta name=\"twitter:label2\" content=\"Dur\u00e9e de lecture estim\u00e9e\" \/>\n\t<meta name=\"twitter:data2\" content=\"1 minute\" \/>\n<script type=\"application\/ld+json\" class=\"yoast-schema-graph\">{\"@context\":\"https:\\\/\\\/schema.org\",\"@graph\":[{\"@type\":\"NewsArticle\",\"@id\":\"https:\\\/\\\/www.webdo.tn\\\/fr\\\/actualite\\\/international\\\/eric-zemmour-presentateur-francais-condamne-pour-ses-propos-sur-les-musulmans\\\/183681\\\/#article\",\"isPartOf\":{\"@id\":\"https:\\\/\\\/www.webdo.tn\\\/fr\\\/actualite\\\/international\\\/eric-zemmour-presentateur-francais-condamne-pour-ses-propos-sur-les-musulmans\\\/183681\\\/\"},\"author\":{\"name\":\"webdo.tn\",\"@id\":\"https:\\\/\\\/www.webdo.tn\\\/fr\\\/#\\\/schema\\\/person\\\/9a9c6118d687c117df8ef3cc36a4d175\"},\"headline\":\"Eric Zemmour, pr\u00e9sentateur fran\u00e7ais, condamn\u00e9 pour ses propos sur les musulmans\",\"datePublished\":\"2015-12-17T21:57:00+00:00\",\"dateModified\":\"2025-05-19T09:58:51+00:00\",\"mainEntityOfPage\":{\"@id\":\"https:\\\/\\\/www.webdo.tn\\\/fr\\\/actualite\\\/international\\\/eric-zemmour-presentateur-francais-condamne-pour-ses-propos-sur-les-musulmans\\\/183681\\\/\"},\"wordCount\":151,\"commentCount\":0,\"publisher\":{\"@id\":\"https:\\\/\\\/www.webdo.tn\\\/fr\\\/#organization\"},\"image\":{\"@id\":\"https:\\\/\\\/www.webdo.tn\\\/fr\\\/actualite\\\/international\\\/eric-zemmour-presentateur-francais-condamne-pour-ses-propos-sur-les-musulmans\\\/183681\\\/#primaryimage\"},\"thumbnailUrl\":\"https:\\\/\\\/www.webdo.tn\\\/fr\\\/wp-content\\\/uploads\\\/2015\\\/12\\\/eric-zemmour-300x130-1.jpg\",\"keywords\":[\"guerre\"],\"articleSection\":[\"International\"],\"inLanguage\":\"fr-FR\"},{\"@type\":\"WebPage\",\"@id\":\"https:\\\/\\\/www.webdo.tn\\\/fr\\\/actualite\\\/international\\\/eric-zemmour-presentateur-francais-condamne-pour-ses-propos-sur-les-musulmans\\\/183681\\\/\",\"url\":\"https:\\\/\\\/www.webdo.tn\\\/fr\\\/actualite\\\/international\\\/eric-zemmour-presentateur-francais-condamne-pour-ses-propos-sur-les-musulmans\\\/183681\\\/\",\"name\":\"Eric Zemmour, pr\u00e9sentateur fran\u00e7ais, condamn\u00e9 pour ses propos sur les musulmans\",\"isPartOf\":{\"@id\":\"https:\\\/\\\/www.webdo.tn\\\/fr\\\/#website\"},\"primaryImageOfPage\":{\"@id\":\"https:\\\/\\\/www.webdo.tn\\\/fr\\\/actualite\\\/international\\\/eric-zemmour-presentateur-francais-condamne-pour-ses-propos-sur-les-musulmans\\\/183681\\\/#primaryimage\"},\"image\":{\"@id\":\"https:\\\/\\\/www.webdo.tn\\\/fr\\\/actualite\\\/international\\\/eric-zemmour-presentateur-francais-condamne-pour-ses-propos-sur-les-musulmans\\\/183681\\\/#primaryimage\"},\"thumbnailUrl\":\"https:\\\/\\\/www.webdo.tn\\\/fr\\\/wp-content\\\/uploads\\\/2015\\\/12\\\/eric-zemmour-300x130-1.jpg\",\"datePublished\":\"2015-12-17T21:57:00+00:00\",\"dateModified\":\"2025-05-19T09:58:51+00:00\",\"description\":\"Eric Zemmour, pr\u00e9sentateur fran\u00e7ais, condamn\u00e9 pour ses propos sur les musulmans\",\"breadcrumb\":{\"@id\":\"https:\\\/\\\/www.webdo.tn\\\/fr\\\/actualite\\\/international\\\/eric-zemmour-presentateur-francais-condamne-pour-ses-propos-sur-les-musulmans\\\/183681\\\/#breadcrumb\"},\"inLanguage\":\"fr-FR\",\"potentialAction\":[{\"@type\":\"ReadAction\",\"target\":[\"https:\\\/\\\/www.webdo.tn\\\/fr\\\/actualite\\\/international\\\/eric-zemmour-presentateur-francais-condamne-pour-ses-propos-sur-les-musulmans\\\/183681\\\/\"]}]},{\"@type\":\"ImageObject\",\"inLanguage\":\"fr-FR\",\"@id\":\"https:\\\/\\\/www.webdo.tn\\\/fr\\\/actualite\\\/international\\\/eric-zemmour-presentateur-francais-condamne-pour-ses-propos-sur-les-musulmans\\\/183681\\\/#primaryimage\",\"url\":\"https:\\\/\\\/www.webdo.tn\\\/fr\\\/wp-content\\\/uploads\\\/2015\\\/12\\\/eric-zemmour-300x130-1.jpg\",\"contentUrl\":\"https:\\\/\\\/www.webdo.tn\\\/fr\\\/wp-content\\\/uploads\\\/2015\\\/12\\\/eric-zemmour-300x130-1.jpg\",\"width\":300,\"height\":130,\"caption\":\"Eric Zemmour, pr\u00e9sentateur fran\u00e7ais, condamn\u00e9 pour ses propos sur les musulmans\"},{\"@type\":\"BreadcrumbList\",\"@id\":\"https:\\\/\\\/www.webdo.tn\\\/fr\\\/actualite\\\/international\\\/eric-zemmour-presentateur-francais-condamne-pour-ses-propos-sur-les-musulmans\\\/183681\\\/#breadcrumb\",\"itemListElement\":[{\"@type\":\"ListItem\",\"position\":1,\"name\":\"Accueil\",\"item\":\"https:\\\/\\\/www.webdo.tn\\\/fr\\\/\"},{\"@type\":\"ListItem\",\"position\":2,\"name\":\"Eric Zemmour, pr\u00e9sentateur fran\u00e7ais, condamn\u00e9 pour ses propos sur les musulmans\"}]},{\"@type\":\"WebSite\",\"@id\":\"https:\\\/\\\/www.webdo.tn\\\/fr\\\/#website\",\"url\":\"https:\\\/\\\/www.webdo.tn\\\/fr\\\/\",\"name\":\"webdo\",\"description\":\"Tunisie - News en Tunisie et \u00e0 l&#039;international sur Webdo.tn\",\"publisher\":{\"@id\":\"https:\\\/\\\/www.webdo.tn\\\/fr\\\/#organization\"},\"potentialAction\":[{\"@type\":\"SearchAction\",\"target\":{\"@type\":\"EntryPoint\",\"urlTemplate\":\"https:\\\/\\\/www.webdo.tn\\\/fr\\\/?s={search_term_string}\"},\"query-input\":{\"@type\":\"PropertyValueSpecification\",\"valueRequired\":true,\"valueName\":\"search_term_string\"}}],\"inLanguage\":\"fr-FR\"},{\"@type\":\"Organization\",\"@id\":\"https:\\\/\\\/www.webdo.tn\\\/fr\\\/#organization\",\"name\":\"Webdo\",\"alternateName\":\"Webdo.tn\",\"url\":\"https:\\\/\\\/www.webdo.tn\\\/fr\\\/\",\"logo\":{\"@type\":\"ImageObject\",\"inLanguage\":\"fr-FR\",\"@id\":\"https:\\\/\\\/www.webdo.tn\\\/fr\\\/#\\\/schema\\\/logo\\\/image\\\/\",\"url\":\"https:\\\/\\\/www.webdo.tn\\\/fr\\\/wp-content\\\/uploads\\\/2025\\\/06\\\/Webdo-Tunisie_168377.jpg\",\"contentUrl\":\"https:\\\/\\\/www.webdo.tn\\\/fr\\\/wp-content\\\/uploads\\\/2025\\\/06\\\/Webdo-Tunisie_168377.jpg\",\"width\":301,\"height\":301,\"caption\":\"Webdo\"},\"image\":{\"@id\":\"https:\\\/\\\/www.webdo.tn\\\/fr\\\/#\\\/schema\\\/logo\\\/image\\\/\"},\"sameAs\":[\"https:\\\/\\\/www.facebook.com\\\/webdotn\",\"https:\\\/\\\/x.com\\\/webdo_tn\"],\"description\":\"Webdo est un m\u00e9dia num\u00e9rique tunisien fond\u00e9 en 2010, sp\u00e9cialis\u00e9 dans l\u2019actualit\u00e9 nationale et internationale, l\u2019\u00e9conomie, la soci\u00e9t\u00e9 et les analyses politiques. Le site s\u2019adresse \u00e0 un large public francophone et couvre l\u2019information tunisienne en temps r\u00e9el.\",\"email\":\"redac@webdo.tn\",\"legalName\":\"YNJ SARL\",\"foundingDate\":\"2010-09-06\",\"numberOfEmployees\":{\"@type\":\"QuantitativeValue\",\"minValue\":\"11\",\"maxValue\":\"50\"}},{\"@type\":\"Person\",\"@id\":\"https:\\\/\\\/www.webdo.tn\\\/fr\\\/#\\\/schema\\\/person\\\/9a9c6118d687c117df8ef3cc36a4d175\",\"name\":\"webdo.tn\",\"image\":{\"@type\":\"ImageObject\",\"inLanguage\":\"fr-FR\",\"@id\":\"https:\\\/\\\/secure.gravatar.com\\\/avatar\\\/7ce1f28c0c3bbac99ff550b85ef8e44a6950c6ee24514fb6a5489e51d06f0298?s=96&d=mm&r=g\",\"url\":\"https:\\\/\\\/secure.gravatar.com\\\/avatar\\\/7ce1f28c0c3bbac99ff550b85ef8e44a6950c6ee24514fb6a5489e51d06f0298?s=96&d=mm&r=g\",\"contentUrl\":\"https:\\\/\\\/secure.gravatar.com\\\/avatar\\\/7ce1f28c0c3bbac99ff550b85ef8e44a6950c6ee24514fb6a5489e51d06f0298?s=96&d=mm&r=g\",\"caption\":\"webdo.tn\"},\"url\":\"https:\\\/\\\/www.webdo.tn\\\/fr\\\/actualite\\\/author\\\/webdotn\\\/\"}]}<\/script>\n<!-- \/ Yoast SEO Premium plugin. -->","yoast_head_json":{"title":"Eric Zemmour, pr\u00e9sentateur fran\u00e7ais, condamn\u00e9 pour ses propos sur les musulmans","description":"Eric Zemmour, pr\u00e9sentateur fran\u00e7ais, condamn\u00e9 pour ses propos sur les musulmans","canonical":"https:\/\/www.webdo.tn\/fr\/actualite\/international\/eric-zemmour-presentateur-francais-condamne-pour-ses-propos-sur-les-musulmans\/183681\/","og_locale":"fr_FR","og_type":"article","og_title":"Eric Zemmour, pr\u00e9sentateur fran\u00e7ais, condamn\u00e9 pour ses propos sur les musulmans","og_description":"Eric Zemmour, pr\u00e9sentateur fran\u00e7ais, condamn\u00e9 pour ses propos sur les musulmans","og_url":"https:\/\/www.webdo.tn\/fr\/actualite\/international\/eric-zemmour-presentateur-francais-condamne-pour-ses-propos-sur-les-musulmans\/183681\/","og_site_name":"webdo","article_publisher":"https:\/\/www.facebook.com\/webdotn","article_published_time":"2015-12-17T21:57:00+00:00","article_modified_time":"2025-05-19T09:58:51+00:00","og_image":[{"width":300,"height":130,"url":"https:\/\/www.webdo.tn\/fr\/wp-content\/uploads\/2015\/12\/eric-zemmour-300x130-1.jpg","type":"image\/jpeg"}],"author":"webdo.tn","twitter_card":"summary_large_image","twitter_creator":"@webdo_tn","twitter_site":"@webdo_tn","twitter_misc":{"\u00c9crit par":"webdo.tn","Dur\u00e9e de lecture estim\u00e9e":"1 minute"},"schema":{"@context":"https:\/\/schema.org","@graph":[{"@type":"NewsArticle","@id":"https:\/\/www.webdo.tn\/fr\/actualite\/international\/eric-zemmour-presentateur-francais-condamne-pour-ses-propos-sur-les-musulmans\/183681\/#article","isPartOf":{"@id":"https:\/\/www.webdo.tn\/fr\/actualite\/international\/eric-zemmour-presentateur-francais-condamne-pour-ses-propos-sur-les-musulmans\/183681\/"},"author":{"name":"webdo.tn","@id":"https:\/\/www.webdo.tn\/fr\/#\/schema\/person\/9a9c6118d687c117df8ef3cc36a4d175"},"headline":"Eric Zemmour, pr\u00e9sentateur fran\u00e7ais, condamn\u00e9 pour ses propos sur les musulmans","datePublished":"2015-12-17T21:57:00+00:00","dateModified":"2025-05-19T09:58:51+00:00","mainEntityOfPage":{"@id":"https:\/\/www.webdo.tn\/fr\/actualite\/international\/eric-zemmour-presentateur-francais-condamne-pour-ses-propos-sur-les-musulmans\/183681\/"},"wordCount":151,"commentCount":0,"publisher":{"@id":"https:\/\/www.webdo.tn\/fr\/#organization"},"image":{"@id":"https:\/\/www.webdo.tn\/fr\/actualite\/international\/eric-zemmour-presentateur-francais-condamne-pour-ses-propos-sur-les-musulmans\/183681\/#primaryimage"},"thumbnailUrl":"https:\/\/www.webdo.tn\/fr\/wp-content\/uploads\/2015\/12\/eric-zemmour-300x130-1.jpg","keywords":["guerre"],"articleSection":["International"],"inLanguage":"fr-FR"},{"@type":"WebPage","@id":"https:\/\/www.webdo.tn\/fr\/actualite\/international\/eric-zemmour-presentateur-francais-condamne-pour-ses-propos-sur-les-musulmans\/183681\/","url":"https:\/\/www.webdo.tn\/fr\/actualite\/international\/eric-zemmour-presentateur-francais-condamne-pour-ses-propos-sur-les-musulmans\/183681\/","name":"Eric Zemmour, pr\u00e9sentateur fran\u00e7ais, condamn\u00e9 pour ses propos sur les musulmans","isPartOf":{"@id":"https:\/\/www.webdo.tn\/fr\/#website"},"primaryImageOfPage":{"@id":"https:\/\/www.webdo.tn\/fr\/actualite\/international\/eric-zemmour-presentateur-francais-condamne-pour-ses-propos-sur-les-musulmans\/183681\/#primaryimage"},"image":{"@id":"https:\/\/www.webdo.tn\/fr\/actualite\/international\/eric-zemmour-presentateur-francais-condamne-pour-ses-propos-sur-les-musulmans\/183681\/#primaryimage"},"thumbnailUrl":"https:\/\/www.webdo.tn\/fr\/wp-content\/uploads\/2015\/12\/eric-zemmour-300x130-1.jpg","datePublished":"2015-12-17T21:57:00+00:00","dateModified":"2025-05-19T09:58:51+00:00","description":"Eric Zemmour, pr\u00e9sentateur fran\u00e7ais, condamn\u00e9 pour ses propos sur les musulmans","breadcrumb":{"@id":"https:\/\/www.webdo.tn\/fr\/actualite\/international\/eric-zemmour-presentateur-francais-condamne-pour-ses-propos-sur-les-musulmans\/183681\/#breadcrumb"},"inLanguage":"fr-FR","potentialAction":[{"@type":"ReadAction","target":["https:\/\/www.webdo.tn\/fr\/actualite\/international\/eric-zemmour-presentateur-francais-condamne-pour-ses-propos-sur-les-musulmans\/183681\/"]}]},{"@type":"ImageObject","inLanguage":"fr-FR","@id":"https:\/\/www.webdo.tn\/fr\/actualite\/international\/eric-zemmour-presentateur-francais-condamne-pour-ses-propos-sur-les-musulmans\/183681\/#primaryimage","url":"https:\/\/www.webdo.tn\/fr\/wp-content\/uploads\/2015\/12\/eric-zemmour-300x130-1.jpg","contentUrl":"https:\/\/www.webdo.tn\/fr\/wp-content\/uploads\/2015\/12\/eric-zemmour-300x130-1.jpg","width":300,"height":130,"caption":"Eric Zemmour, pr\u00e9sentateur fran\u00e7ais, condamn\u00e9 pour ses propos sur les musulmans"},{"@type":"BreadcrumbList","@id":"https:\/\/www.webdo.tn\/fr\/actualite\/international\/eric-zemmour-presentateur-francais-condamne-pour-ses-propos-sur-les-musulmans\/183681\/#breadcrumb","itemListElement":[{"@type":"ListItem","position":1,"name":"Accueil","item":"https:\/\/www.webdo.tn\/fr\/"},{"@type":"ListItem","position":2,"name":"Eric Zemmour, pr\u00e9sentateur fran\u00e7ais, condamn\u00e9 pour ses propos sur les musulmans"}]},{"@type":"WebSite","@id":"https:\/\/www.webdo.tn\/fr\/#website","url":"https:\/\/www.webdo.tn\/fr\/","name":"webdo","description":"Tunisie - News en Tunisie et \u00e0 l&#039;international sur Webdo.tn","publisher":{"@id":"https:\/\/www.webdo.tn\/fr\/#organization"},"potentialAction":[{"@type":"SearchAction","target":{"@type":"EntryPoint","urlTemplate":"https:\/\/www.webdo.tn\/fr\/?s={search_term_string}"},"query-input":{"@type":"PropertyValueSpecification","valueRequired":true,"valueName":"search_term_string"}}],"inLanguage":"fr-FR"},{"@type":"Organization","@id":"https:\/\/www.webdo.tn\/fr\/#organization","name":"Webdo","alternateName":"Webdo.tn","url":"https:\/\/www.webdo.tn\/fr\/","logo":{"@type":"ImageObject","inLanguage":"fr-FR","@id":"https:\/\/www.webdo.tn\/fr\/#\/schema\/logo\/image\/","url":"https:\/\/www.webdo.tn\/fr\/wp-content\/uploads\/2025\/06\/Webdo-Tunisie_168377.jpg","contentUrl":"https:\/\/www.webdo.tn\/fr\/wp-content\/uploads\/2025\/06\/Webdo-Tunisie_168377.jpg","width":301,"height":301,"caption":"Webdo"},"image":{"@id":"https:\/\/www.webdo.tn\/fr\/#\/schema\/logo\/image\/"},"sameAs":["https:\/\/www.facebook.com\/webdotn","https:\/\/x.com\/webdo_tn"],"description":"Webdo est un m\u00e9dia num\u00e9rique tunisien fond\u00e9 en 2010, sp\u00e9cialis\u00e9 dans l\u2019actualit\u00e9 nationale et internationale, l\u2019\u00e9conomie, la soci\u00e9t\u00e9 et les analyses politiques. Le site s\u2019adresse \u00e0 un large public francophone et couvre l\u2019information tunisienne en temps r\u00e9el.","email":"redac@webdo.tn","legalName":"YNJ SARL","foundingDate":"2010-09-06","numberOfEmployees":{"@type":"QuantitativeValue","minValue":"11","maxValue":"50"}},{"@type":"Person","@id":"https:\/\/www.webdo.tn\/fr\/#\/schema\/person\/9a9c6118d687c117df8ef3cc36a4d175","name":"webdo.tn","image":{"@type":"ImageObject","inLanguage":"fr-FR","@id":"https:\/\/secure.gravatar.com\/avatar\/7ce1f28c0c3bbac99ff550b85ef8e44a6950c6ee24514fb6a5489e51d06f0298?s=96&d=mm&r=g","url":"https:\/\/secure.gravatar.com\/avatar\/7ce1f28c0c3bbac99ff550b85ef8e44a6950c6ee24514fb6a5489e51d06f0298?s=96&d=mm&r=g","contentUrl":"https:\/\/secure.gravatar.com\/avatar\/7ce1f28c0c3bbac99ff550b85ef8e44a6950c6ee24514fb6a5489e51d06f0298?s=96&d=mm&r=g","caption":"webdo.tn"},"url":"https:\/\/www.webdo.tn\/fr\/actualite\/author\/webdotn\/"}]}},"_links":{"self":[{"href":"https:\/\/www.webdo.tn\/fr\/wp-json\/wp\/v2\/posts\/183681","targetHints":{"allow":["GET"]}}],"collection":[{"href":"https:\/\/www.webdo.tn\/fr\/wp-json\/wp\/v2\/posts"}],"about":[{"href":"https:\/\/www.webdo.tn\/fr\/wp-json\/wp\/v2\/types\/post"}],"author":[{"embeddable":true,"href":"https:\/\/www.webdo.tn\/fr\/wp-json\/wp\/v2\/users\/3222"}],"replies":[{"embeddable":true,"href":"https:\/\/www.webdo.tn\/fr\/wp-json\/wp\/v2\/comments?post=183681"}],"version-history":[{"count":0,"href":"https:\/\/www.webdo.tn\/fr\/wp-json\/wp\/v2\/posts\/183681\/revisions"}],"wp:featuredmedia":[{"embeddable":true,"href":"https:\/\/www.webdo.tn\/fr\/wp-json\/wp\/v2\/media\/328797"}],"wp:attachment":[{"href":"https:\/\/www.webdo.tn\/fr\/wp-json\/wp\/v2\/media?parent=183681"}],"wp:term":[{"taxonomy":"category","embeddable":true,"href":"https:\/\/www.webdo.tn\/fr\/wp-json\/wp\/v2\/categories?post=183681"},{"taxonomy":"post_tag","embeddable":true,"href":"https:\/\/www.webdo.tn\/fr\/wp-json\/wp\/v2\/tags?post=183681"}],"curies":[{"name":"wp","href":"https:\/\/api.w.org\/{rel}","templated":true}]}}