{"id":183680,"date":"2015-12-19T11:14:00","date_gmt":"2015-12-19T11:14:00","guid":{"rendered":"https:\/\/www.webdo.tn\/fr\/blog\/cessez-feu-plan-de-paix-syrie-adoptes-lonu\/183680\/"},"modified":"2015-12-19T11:14:00","modified_gmt":"2015-12-19T11:14:00","slug":"cessez-feu-plan-de-paix-syrie-adoptes-lonu","status":"publish","type":"post","link":"https:\/\/www.webdo.tn\/fr\/actualite\/international\/cessez-feu-plan-de-paix-syrie-adoptes-lonu\/183680\/","title":{"rendered":"Un cessez-le-feu et un plan de paix en Syrie adopt\u00e9s par l&rsquo;ONU"},"content":{"rendered":"<p>Les grandes puissances ont fait adopter \u00e0 l\u2019ONU vendredi 18 d\u00e9cembre une r\u00e9solution appelant \u00e0 un cessez-le-feu et \u00e0 des n\u00e9gociations de paix, annonce l&rsquo;AFP.<\/p>\n<p>Le Conseil de s\u00e9curit\u00e9 de l&rsquo;ONU a vot\u00e9 \u00e0 l\u2019unanimit\u00e9 en faveur d\u2019une r\u00e9solution qui pr\u00e9voit des n\u00e9gociations de paix entre pouvoir et opposition \u00abd\u00e9but janvier\u00bb.<\/p>\n<p>La r\u00e9solution a \u00e9t\u00e9 adopt\u00e9e \u00e0 l\u2019unanimit\u00e9 des quinze membres du Conseil, y compris la Russie. Ils se sont r\u00e9unis au niveau des chefs de la diplomatie sous la pr\u00e9sidence de l\u2019Am\u00e9ricain John Kerry.<\/p>\n<p>Ce texte \u00abenvoie un message clair \u00e0 tous pour dire qu\u2019il est temps de mettre fin aux tueries en Syrie\u00bb, a affirm\u00e9 John Kerry. Il s\u2019est dit \u00absans illusions\u00bb sur la difficult\u00e9 de la t\u00e2che mais a salu\u00e9 l&rsquo;\u00abunit\u00e9 sans pr\u00e9c\u00e9dent\u00bb des grandes puissances.<br \/>\n250.000 morts et des millions de r\u00e9fugi\u00e9s<br \/>\nDans un nouvel effort pour mettre fin \u00e0 un conflit qui a fait plus de 250.000 morts et des millions de r\u00e9fugi\u00e9s en quatre ans et demi, le Conseil a demand\u00e9 au secr\u00e9taire g\u00e9n\u00e9ral de l\u2019ONU Ban Ki-moon d\u2019organiser entre le gouvernement syrien et l\u2019opposition des \u00abn\u00e9gociations officielles sur un processus de transition politique\u00bb.<\/p>\n<p>L\u2019objectif est que ces discussions commencent \u00abau d\u00e9but janvier 2016\u00bb et co\u00efncident avec un cessez-le-feu sur l\u2019ensemble du territoire syrien, que l\u2019ONU devra aider \u00e0 mettre en place et \u00e0 surveiller.<\/p>\n<p>La r\u00e9solution pr\u00e9cise toutefois que ce cessez-le-feu ne s\u2019appliquera pas aux op\u00e9rations contre les groupes extr\u00e9mistes comme l\u2019Etat islamique (EI) et le front Al-Nosra. Le Conseil appelle \u00e0 \u00ab\u00e9liminer le sanctuaire qu\u2019ils ont cr\u00e9\u00e9 sur une grande partie\u00bb de la Syrie.<br \/>\nLe sort de Bachar al-Assad pas encore d\u00e9cid\u00e9<br \/>\nMais la r\u00e9solution ne dit rien du sort qui serait r\u00e9serv\u00e9 au pr\u00e9sident Bachar al-Assad. Les Occidentaux souhaitent son d\u00e9part, sans dire \u00e0 quel moment, contrairement \u00e0 la Russie, et cette divergence est un des principaux obstacles \u00e0 un r\u00e8glement.<\/p>\n<p>Pour John Kerry, le pr\u00e9sident Assad \u00aba perdu la capacit\u00e9 et la cr\u00e9dibilit\u00e9 n\u00e9cessaires pour unir et diriger son pays\u00bb. Mais son homologue russe Sergue\u00ef Lavrov a r\u00e9affirm\u00e9 que pour Moscou, c\u2019est aux Syriens d\u2019en d\u00e9cider.<br \/>\nA.B.<\/p>\n","protected":false},"excerpt":{"rendered":"<p>Un cessez-le-feu et un plan de paix en Syrie adopt\u00e9s par l&rsquo;ONU<\/p>\n","protected":false},"author":3222,"featured_media":336632,"comment_status":"open","ping_status":"closed","sticky":false,"template":"","format":"standard","meta":{"footnotes":""},"categories":[2598],"tags":[2600],"class_list":["post-183680","post","type-post","status-publish","format-standard","has-post-thumbnail","hentry","category-international","tag-guerre"],"yoast_head":"<!-- This site is optimized with the Yoast SEO Premium plugin v27.5 (Yoast SEO v27.5) - https:\/\/yoast.com\/product\/yoast-seo-premium-wordpress\/ -->\n<title>Un cessez-le-feu et un plan de paix en Syrie adopt\u00e9s par l&#039;ONU<\/title>\n<meta name=\"description\" content=\"Un cessez-le-feu et un plan de paix en Syrie adopt\u00e9s par l&#039;ONU\" \/>\n<link rel=\"canonical\" href=\"https:\/\/www.webdo.tn\/fr\/actualite\/international\/cessez-feu-plan-de-paix-syrie-adoptes-lonu\/183680\/\" \/>\n<meta property=\"og:locale\" content=\"fr_FR\" \/>\n<meta property=\"og:type\" content=\"article\" \/>\n<meta property=\"og:title\" content=\"Un cessez-le-feu et un plan de paix en Syrie adopt\u00e9s par l&#039;ONU\" \/>\n<meta property=\"og:description\" content=\"Un cessez-le-feu et un plan de paix en Syrie adopt\u00e9s par l&#039;ONU\" \/>\n<meta property=\"og:url\" content=\"https:\/\/www.webdo.tn\/fr\/actualite\/international\/cessez-feu-plan-de-paix-syrie-adoptes-lonu\/183680\/\" \/>\n<meta property=\"og:site_name\" content=\"webdo\" \/>\n<meta property=\"article:publisher\" content=\"https:\/\/www.facebook.com\/webdotn\" \/>\n<meta property=\"article:published_time\" content=\"2015-12-19T11:14:00+00:00\" \/>\n<meta property=\"og:image\" content=\"https:\/\/www.webdo.tn\/fr\/wp-content\/uploads\/2015\/12\/Syrie-Sputnik-300x162-1.jpg\" \/>\n\t<meta property=\"og:image:width\" content=\"300\" \/>\n\t<meta property=\"og:image:height\" content=\"162\" \/>\n\t<meta property=\"og:image:type\" content=\"image\/jpeg\" \/>\n<meta name=\"author\" content=\"webdo.tn\" \/>\n<meta name=\"twitter:card\" content=\"summary_large_image\" \/>\n<meta name=\"twitter:creator\" content=\"@webdo_tn\" \/>\n<meta name=\"twitter:site\" content=\"@webdo_tn\" \/>\n<meta name=\"twitter:label1\" content=\"\u00c9crit par\" \/>\n\t<meta name=\"twitter:data1\" content=\"webdo.tn\" \/>\n\t<meta name=\"twitter:label2\" content=\"Dur\u00e9e de lecture estim\u00e9e\" \/>\n\t<meta name=\"twitter:data2\" content=\"2 minutes\" \/>\n<script type=\"application\/ld+json\" class=\"yoast-schema-graph\">{\"@context\":\"https:\\\/\\\/schema.org\",\"@graph\":[{\"@type\":\"NewsArticle\",\"@id\":\"https:\\\/\\\/www.webdo.tn\\\/fr\\\/actualite\\\/international\\\/cessez-feu-plan-de-paix-syrie-adoptes-lonu\\\/183680\\\/#article\",\"isPartOf\":{\"@id\":\"https:\\\/\\\/www.webdo.tn\\\/fr\\\/actualite\\\/international\\\/cessez-feu-plan-de-paix-syrie-adoptes-lonu\\\/183680\\\/\"},\"author\":{\"name\":\"webdo.tn\",\"@id\":\"https:\\\/\\\/www.webdo.tn\\\/fr\\\/#\\\/schema\\\/person\\\/9a9c6118d687c117df8ef3cc36a4d175\"},\"headline\":\"Un cessez-le-feu et un plan de paix en Syrie adopt\u00e9s par l&rsquo;ONU\",\"datePublished\":\"2015-12-19T11:14:00+00:00\",\"mainEntityOfPage\":{\"@id\":\"https:\\\/\\\/www.webdo.tn\\\/fr\\\/actualite\\\/international\\\/cessez-feu-plan-de-paix-syrie-adoptes-lonu\\\/183680\\\/\"},\"wordCount\":407,\"commentCount\":0,\"publisher\":{\"@id\":\"https:\\\/\\\/www.webdo.tn\\\/fr\\\/#organization\"},\"image\":{\"@id\":\"https:\\\/\\\/www.webdo.tn\\\/fr\\\/actualite\\\/international\\\/cessez-feu-plan-de-paix-syrie-adoptes-lonu\\\/183680\\\/#primaryimage\"},\"thumbnailUrl\":\"https:\\\/\\\/www.webdo.tn\\\/fr\\\/wp-content\\\/uploads\\\/2015\\\/12\\\/Syrie-Sputnik-300x162-1.jpg\",\"keywords\":[\"guerre\"],\"articleSection\":[\"International\"],\"inLanguage\":\"fr-FR\"},{\"@type\":\"WebPage\",\"@id\":\"https:\\\/\\\/www.webdo.tn\\\/fr\\\/actualite\\\/international\\\/cessez-feu-plan-de-paix-syrie-adoptes-lonu\\\/183680\\\/\",\"url\":\"https:\\\/\\\/www.webdo.tn\\\/fr\\\/actualite\\\/international\\\/cessez-feu-plan-de-paix-syrie-adoptes-lonu\\\/183680\\\/\",\"name\":\"Un cessez-le-feu et un plan de paix en Syrie adopt\u00e9s par l'ONU\",\"isPartOf\":{\"@id\":\"https:\\\/\\\/www.webdo.tn\\\/fr\\\/#website\"},\"primaryImageOfPage\":{\"@id\":\"https:\\\/\\\/www.webdo.tn\\\/fr\\\/actualite\\\/international\\\/cessez-feu-plan-de-paix-syrie-adoptes-lonu\\\/183680\\\/#primaryimage\"},\"image\":{\"@id\":\"https:\\\/\\\/www.webdo.tn\\\/fr\\\/actualite\\\/international\\\/cessez-feu-plan-de-paix-syrie-adoptes-lonu\\\/183680\\\/#primaryimage\"},\"thumbnailUrl\":\"https:\\\/\\\/www.webdo.tn\\\/fr\\\/wp-content\\\/uploads\\\/2015\\\/12\\\/Syrie-Sputnik-300x162-1.jpg\",\"datePublished\":\"2015-12-19T11:14:00+00:00\",\"description\":\"Un cessez-le-feu et un plan de paix en Syrie adopt\u00e9s par l'ONU\",\"breadcrumb\":{\"@id\":\"https:\\\/\\\/www.webdo.tn\\\/fr\\\/actualite\\\/international\\\/cessez-feu-plan-de-paix-syrie-adoptes-lonu\\\/183680\\\/#breadcrumb\"},\"inLanguage\":\"fr-FR\",\"potentialAction\":[{\"@type\":\"ReadAction\",\"target\":[\"https:\\\/\\\/www.webdo.tn\\\/fr\\\/actualite\\\/international\\\/cessez-feu-plan-de-paix-syrie-adoptes-lonu\\\/183680\\\/\"]}]},{\"@type\":\"ImageObject\",\"inLanguage\":\"fr-FR\",\"@id\":\"https:\\\/\\\/www.webdo.tn\\\/fr\\\/actualite\\\/international\\\/cessez-feu-plan-de-paix-syrie-adoptes-lonu\\\/183680\\\/#primaryimage\",\"url\":\"https:\\\/\\\/www.webdo.tn\\\/fr\\\/wp-content\\\/uploads\\\/2015\\\/12\\\/Syrie-Sputnik-300x162-1.jpg\",\"contentUrl\":\"https:\\\/\\\/www.webdo.tn\\\/fr\\\/wp-content\\\/uploads\\\/2015\\\/12\\\/Syrie-Sputnik-300x162-1.jpg\",\"width\":300,\"height\":162,\"caption\":\"Un cessez-le-feu et un plan de paix en Syrie adopt\u00e9s par l'ONU\"},{\"@type\":\"BreadcrumbList\",\"@id\":\"https:\\\/\\\/www.webdo.tn\\\/fr\\\/actualite\\\/international\\\/cessez-feu-plan-de-paix-syrie-adoptes-lonu\\\/183680\\\/#breadcrumb\",\"itemListElement\":[{\"@type\":\"ListItem\",\"position\":1,\"name\":\"Accueil\",\"item\":\"https:\\\/\\\/www.webdo.tn\\\/fr\\\/\"},{\"@type\":\"ListItem\",\"position\":2,\"name\":\"Un cessez-le-feu et un plan de paix en Syrie adopt\u00e9s par l&rsquo;ONU\"}]},{\"@type\":\"WebSite\",\"@id\":\"https:\\\/\\\/www.webdo.tn\\\/fr\\\/#website\",\"url\":\"https:\\\/\\\/www.webdo.tn\\\/fr\\\/\",\"name\":\"webdo\",\"description\":\"Tunisie - News en Tunisie et \u00e0 l&#039;international sur Webdo.tn\",\"publisher\":{\"@id\":\"https:\\\/\\\/www.webdo.tn\\\/fr\\\/#organization\"},\"potentialAction\":[{\"@type\":\"SearchAction\",\"target\":{\"@type\":\"EntryPoint\",\"urlTemplate\":\"https:\\\/\\\/www.webdo.tn\\\/fr\\\/?s={search_term_string}\"},\"query-input\":{\"@type\":\"PropertyValueSpecification\",\"valueRequired\":true,\"valueName\":\"search_term_string\"}}],\"inLanguage\":\"fr-FR\"},{\"@type\":\"Organization\",\"@id\":\"https:\\\/\\\/www.webdo.tn\\\/fr\\\/#organization\",\"name\":\"Webdo\",\"alternateName\":\"Webdo.tn\",\"url\":\"https:\\\/\\\/www.webdo.tn\\\/fr\\\/\",\"logo\":{\"@type\":\"ImageObject\",\"inLanguage\":\"fr-FR\",\"@id\":\"https:\\\/\\\/www.webdo.tn\\\/fr\\\/#\\\/schema\\\/logo\\\/image\\\/\",\"url\":\"https:\\\/\\\/www.webdo.tn\\\/fr\\\/wp-content\\\/uploads\\\/2025\\\/06\\\/Webdo-Tunisie_168377.jpg\",\"contentUrl\":\"https:\\\/\\\/www.webdo.tn\\\/fr\\\/wp-content\\\/uploads\\\/2025\\\/06\\\/Webdo-Tunisie_168377.jpg\",\"width\":301,\"height\":301,\"caption\":\"Webdo\"},\"image\":{\"@id\":\"https:\\\/\\\/www.webdo.tn\\\/fr\\\/#\\\/schema\\\/logo\\\/image\\\/\"},\"sameAs\":[\"https:\\\/\\\/www.facebook.com\\\/webdotn\",\"https:\\\/\\\/x.com\\\/webdo_tn\"],\"description\":\"Webdo est un m\u00e9dia num\u00e9rique tunisien fond\u00e9 en 2010, sp\u00e9cialis\u00e9 dans l\u2019actualit\u00e9 nationale et internationale, l\u2019\u00e9conomie, la soci\u00e9t\u00e9 et les analyses politiques. Le site s\u2019adresse \u00e0 un large public francophone et couvre l\u2019information tunisienne en temps r\u00e9el.\",\"email\":\"redac@webdo.tn\",\"legalName\":\"YNJ SARL\",\"foundingDate\":\"2010-09-06\",\"numberOfEmployees\":{\"@type\":\"QuantitativeValue\",\"minValue\":\"11\",\"maxValue\":\"50\"}},{\"@type\":\"Person\",\"@id\":\"https:\\\/\\\/www.webdo.tn\\\/fr\\\/#\\\/schema\\\/person\\\/9a9c6118d687c117df8ef3cc36a4d175\",\"name\":\"webdo.tn\",\"image\":{\"@type\":\"ImageObject\",\"inLanguage\":\"fr-FR\",\"@id\":\"https:\\\/\\\/secure.gravatar.com\\\/avatar\\\/7ce1f28c0c3bbac99ff550b85ef8e44a6950c6ee24514fb6a5489e51d06f0298?s=96&d=mm&r=g\",\"url\":\"https:\\\/\\\/secure.gravatar.com\\\/avatar\\\/7ce1f28c0c3bbac99ff550b85ef8e44a6950c6ee24514fb6a5489e51d06f0298?s=96&d=mm&r=g\",\"contentUrl\":\"https:\\\/\\\/secure.gravatar.com\\\/avatar\\\/7ce1f28c0c3bbac99ff550b85ef8e44a6950c6ee24514fb6a5489e51d06f0298?s=96&d=mm&r=g\",\"caption\":\"webdo.tn\"},\"url\":\"https:\\\/\\\/www.webdo.tn\\\/fr\\\/actualite\\\/author\\\/webdotn\\\/\"}]}<\/script>\n<!-- \/ Yoast SEO Premium plugin. -->","yoast_head_json":{"title":"Un cessez-le-feu et un plan de paix en Syrie adopt\u00e9s par l'ONU","description":"Un cessez-le-feu et un plan de paix en Syrie adopt\u00e9s par l'ONU","canonical":"https:\/\/www.webdo.tn\/fr\/actualite\/international\/cessez-feu-plan-de-paix-syrie-adoptes-lonu\/183680\/","og_locale":"fr_FR","og_type":"article","og_title":"Un cessez-le-feu et un plan de paix en Syrie adopt\u00e9s par l'ONU","og_description":"Un cessez-le-feu et un plan de paix en Syrie adopt\u00e9s par l'ONU","og_url":"https:\/\/www.webdo.tn\/fr\/actualite\/international\/cessez-feu-plan-de-paix-syrie-adoptes-lonu\/183680\/","og_site_name":"webdo","article_publisher":"https:\/\/www.facebook.com\/webdotn","article_published_time":"2015-12-19T11:14:00+00:00","og_image":[{"width":300,"height":162,"url":"https:\/\/www.webdo.tn\/fr\/wp-content\/uploads\/2015\/12\/Syrie-Sputnik-300x162-1.jpg","type":"image\/jpeg"}],"author":"webdo.tn","twitter_card":"summary_large_image","twitter_creator":"@webdo_tn","twitter_site":"@webdo_tn","twitter_misc":{"\u00c9crit par":"webdo.tn","Dur\u00e9e de lecture estim\u00e9e":"2 minutes"},"schema":{"@context":"https:\/\/schema.org","@graph":[{"@type":"NewsArticle","@id":"https:\/\/www.webdo.tn\/fr\/actualite\/international\/cessez-feu-plan-de-paix-syrie-adoptes-lonu\/183680\/#article","isPartOf":{"@id":"https:\/\/www.webdo.tn\/fr\/actualite\/international\/cessez-feu-plan-de-paix-syrie-adoptes-lonu\/183680\/"},"author":{"name":"webdo.tn","@id":"https:\/\/www.webdo.tn\/fr\/#\/schema\/person\/9a9c6118d687c117df8ef3cc36a4d175"},"headline":"Un cessez-le-feu et un plan de paix en Syrie adopt\u00e9s par l&rsquo;ONU","datePublished":"2015-12-19T11:14:00+00:00","mainEntityOfPage":{"@id":"https:\/\/www.webdo.tn\/fr\/actualite\/international\/cessez-feu-plan-de-paix-syrie-adoptes-lonu\/183680\/"},"wordCount":407,"commentCount":0,"publisher":{"@id":"https:\/\/www.webdo.tn\/fr\/#organization"},"image":{"@id":"https:\/\/www.webdo.tn\/fr\/actualite\/international\/cessez-feu-plan-de-paix-syrie-adoptes-lonu\/183680\/#primaryimage"},"thumbnailUrl":"https:\/\/www.webdo.tn\/fr\/wp-content\/uploads\/2015\/12\/Syrie-Sputnik-300x162-1.jpg","keywords":["guerre"],"articleSection":["International"],"inLanguage":"fr-FR"},{"@type":"WebPage","@id":"https:\/\/www.webdo.tn\/fr\/actualite\/international\/cessez-feu-plan-de-paix-syrie-adoptes-lonu\/183680\/","url":"https:\/\/www.webdo.tn\/fr\/actualite\/international\/cessez-feu-plan-de-paix-syrie-adoptes-lonu\/183680\/","name":"Un cessez-le-feu et un plan de paix en Syrie adopt\u00e9s par l'ONU","isPartOf":{"@id":"https:\/\/www.webdo.tn\/fr\/#website"},"primaryImageOfPage":{"@id":"https:\/\/www.webdo.tn\/fr\/actualite\/international\/cessez-feu-plan-de-paix-syrie-adoptes-lonu\/183680\/#primaryimage"},"image":{"@id":"https:\/\/www.webdo.tn\/fr\/actualite\/international\/cessez-feu-plan-de-paix-syrie-adoptes-lonu\/183680\/#primaryimage"},"thumbnailUrl":"https:\/\/www.webdo.tn\/fr\/wp-content\/uploads\/2015\/12\/Syrie-Sputnik-300x162-1.jpg","datePublished":"2015-12-19T11:14:00+00:00","description":"Un cessez-le-feu et un plan de paix en Syrie adopt\u00e9s par l'ONU","breadcrumb":{"@id":"https:\/\/www.webdo.tn\/fr\/actualite\/international\/cessez-feu-plan-de-paix-syrie-adoptes-lonu\/183680\/#breadcrumb"},"inLanguage":"fr-FR","potentialAction":[{"@type":"ReadAction","target":["https:\/\/www.webdo.tn\/fr\/actualite\/international\/cessez-feu-plan-de-paix-syrie-adoptes-lonu\/183680\/"]}]},{"@type":"ImageObject","inLanguage":"fr-FR","@id":"https:\/\/www.webdo.tn\/fr\/actualite\/international\/cessez-feu-plan-de-paix-syrie-adoptes-lonu\/183680\/#primaryimage","url":"https:\/\/www.webdo.tn\/fr\/wp-content\/uploads\/2015\/12\/Syrie-Sputnik-300x162-1.jpg","contentUrl":"https:\/\/www.webdo.tn\/fr\/wp-content\/uploads\/2015\/12\/Syrie-Sputnik-300x162-1.jpg","width":300,"height":162,"caption":"Un cessez-le-feu et un plan de paix en Syrie adopt\u00e9s par l'ONU"},{"@type":"BreadcrumbList","@id":"https:\/\/www.webdo.tn\/fr\/actualite\/international\/cessez-feu-plan-de-paix-syrie-adoptes-lonu\/183680\/#breadcrumb","itemListElement":[{"@type":"ListItem","position":1,"name":"Accueil","item":"https:\/\/www.webdo.tn\/fr\/"},{"@type":"ListItem","position":2,"name":"Un cessez-le-feu et un plan de paix en Syrie adopt\u00e9s par l&rsquo;ONU"}]},{"@type":"WebSite","@id":"https:\/\/www.webdo.tn\/fr\/#website","url":"https:\/\/www.webdo.tn\/fr\/","name":"webdo","description":"Tunisie - News en Tunisie et \u00e0 l&#039;international sur Webdo.tn","publisher":{"@id":"https:\/\/www.webdo.tn\/fr\/#organization"},"potentialAction":[{"@type":"SearchAction","target":{"@type":"EntryPoint","urlTemplate":"https:\/\/www.webdo.tn\/fr\/?s={search_term_string}"},"query-input":{"@type":"PropertyValueSpecification","valueRequired":true,"valueName":"search_term_string"}}],"inLanguage":"fr-FR"},{"@type":"Organization","@id":"https:\/\/www.webdo.tn\/fr\/#organization","name":"Webdo","alternateName":"Webdo.tn","url":"https:\/\/www.webdo.tn\/fr\/","logo":{"@type":"ImageObject","inLanguage":"fr-FR","@id":"https:\/\/www.webdo.tn\/fr\/#\/schema\/logo\/image\/","url":"https:\/\/www.webdo.tn\/fr\/wp-content\/uploads\/2025\/06\/Webdo-Tunisie_168377.jpg","contentUrl":"https:\/\/www.webdo.tn\/fr\/wp-content\/uploads\/2025\/06\/Webdo-Tunisie_168377.jpg","width":301,"height":301,"caption":"Webdo"},"image":{"@id":"https:\/\/www.webdo.tn\/fr\/#\/schema\/logo\/image\/"},"sameAs":["https:\/\/www.facebook.com\/webdotn","https:\/\/x.com\/webdo_tn"],"description":"Webdo est un m\u00e9dia num\u00e9rique tunisien fond\u00e9 en 2010, sp\u00e9cialis\u00e9 dans l\u2019actualit\u00e9 nationale et internationale, l\u2019\u00e9conomie, la soci\u00e9t\u00e9 et les analyses politiques. Le site s\u2019adresse \u00e0 un large public francophone et couvre l\u2019information tunisienne en temps r\u00e9el.","email":"redac@webdo.tn","legalName":"YNJ SARL","foundingDate":"2010-09-06","numberOfEmployees":{"@type":"QuantitativeValue","minValue":"11","maxValue":"50"}},{"@type":"Person","@id":"https:\/\/www.webdo.tn\/fr\/#\/schema\/person\/9a9c6118d687c117df8ef3cc36a4d175","name":"webdo.tn","image":{"@type":"ImageObject","inLanguage":"fr-FR","@id":"https:\/\/secure.gravatar.com\/avatar\/7ce1f28c0c3bbac99ff550b85ef8e44a6950c6ee24514fb6a5489e51d06f0298?s=96&d=mm&r=g","url":"https:\/\/secure.gravatar.com\/avatar\/7ce1f28c0c3bbac99ff550b85ef8e44a6950c6ee24514fb6a5489e51d06f0298?s=96&d=mm&r=g","contentUrl":"https:\/\/secure.gravatar.com\/avatar\/7ce1f28c0c3bbac99ff550b85ef8e44a6950c6ee24514fb6a5489e51d06f0298?s=96&d=mm&r=g","caption":"webdo.tn"},"url":"https:\/\/www.webdo.tn\/fr\/actualite\/author\/webdotn\/"}]}},"_links":{"self":[{"href":"https:\/\/www.webdo.tn\/fr\/wp-json\/wp\/v2\/posts\/183680","targetHints":{"allow":["GET"]}}],"collection":[{"href":"https:\/\/www.webdo.tn\/fr\/wp-json\/wp\/v2\/posts"}],"about":[{"href":"https:\/\/www.webdo.tn\/fr\/wp-json\/wp\/v2\/types\/post"}],"author":[{"embeddable":true,"href":"https:\/\/www.webdo.tn\/fr\/wp-json\/wp\/v2\/users\/3222"}],"replies":[{"embeddable":true,"href":"https:\/\/www.webdo.tn\/fr\/wp-json\/wp\/v2\/comments?post=183680"}],"version-history":[{"count":0,"href":"https:\/\/www.webdo.tn\/fr\/wp-json\/wp\/v2\/posts\/183680\/revisions"}],"wp:featuredmedia":[{"embeddable":true,"href":"https:\/\/www.webdo.tn\/fr\/wp-json\/wp\/v2\/media\/336632"}],"wp:attachment":[{"href":"https:\/\/www.webdo.tn\/fr\/wp-json\/wp\/v2\/media?parent=183680"}],"wp:term":[{"taxonomy":"category","embeddable":true,"href":"https:\/\/www.webdo.tn\/fr\/wp-json\/wp\/v2\/categories?post=183680"},{"taxonomy":"post_tag","embeddable":true,"href":"https:\/\/www.webdo.tn\/fr\/wp-json\/wp\/v2\/tags?post=183680"}],"curies":[{"name":"wp","href":"https:\/\/api.w.org\/{rel}","templated":true}]}}