{"id":183672,"date":"2015-12-22T11:52:00","date_gmt":"2015-12-22T11:52:00","guid":{"rendered":"https:\/\/www.webdo.tn\/fr\/blog\/plus-dun-million-de-migrants-sont-arrives-en-europe-au-cours-de-lannee-2015\/183672\/"},"modified":"2015-12-22T11:52:00","modified_gmt":"2015-12-22T11:52:00","slug":"plus-dun-million-de-migrants-sont-arrives-en-europe-au-cours-de-lannee-2015","status":"publish","type":"post","link":"https:\/\/www.webdo.tn\/fr\/actualite\/international\/plus-dun-million-de-migrants-sont-arrives-en-europe-au-cours-de-lannee-2015\/183672\/","title":{"rendered":"Plus d\u2019un million de migrants sont arriv\u00e9s en Europe au cours de l&rsquo;ann\u00e9e 2015"},"content":{"rendered":"<p>Selon les donn\u00e9es publi\u00e9es ce mardi 22 d\u00e9cembre par l&rsquo;Organisation internationale pour les migrations (OIM), plus d\u2019un million de migrants sont arriv\u00e9s en Europe depuis le d\u00e9but de l\u2019ann\u00e9e 2015.<\/p>\n<p>L&rsquo;OIM estime que le nombre de migrants et r\u00e9fugi\u00e9s arriv\u00e9s par voies maritime et terrestre dans six pays situ\u00e9s aux fronti\u00e8res ext\u00e9rieures de l&rsquo;Union europ\u00e9enne a d\u00e9pass\u00e9 la barre du million cette ann\u00e9e.<\/p>\n<p>Les six pays concern\u00e9s sont la Gr\u00e8ce, la Bulgarie, l&rsquo;Italie, l&rsquo;Espagne, Malte et Chypre. La Gr\u00e8ce a totalis\u00e9 l&rsquo;immense majorit\u00e9 (816.752) des 1.005.504 arriv\u00e9es enregistr\u00e9es au 21 d\u00e9cembre.<br \/>\nA.B.<\/p>\n","protected":false},"excerpt":{"rendered":"<p>Plus d\u2019un million de migrants sont arriv\u00e9s en Europe au cours de l&rsquo;ann\u00e9e 2015<\/p>\n","protected":false},"author":3222,"featured_media":375497,"comment_status":"open","ping_status":"closed","sticky":false,"template":"","format":"standard","meta":{"footnotes":""},"categories":[2598],"tags":[2600],"class_list":["post-183672","post","type-post","status-publish","format-standard","has-post-thumbnail","hentry","category-international","tag-guerre"],"yoast_head":"<!-- This site is optimized with the Yoast SEO Premium plugin v27.5 (Yoast SEO v27.5) - https:\/\/yoast.com\/product\/yoast-seo-premium-wordpress\/ -->\n<title>Plus d\u2019un million de migrants sont arriv\u00e9s en Europe au cours de l&#039;ann\u00e9e 2015<\/title>\n<meta name=\"description\" content=\"Plus d\u2019un million de migrants sont arriv\u00e9s en Europe au cours de l&#039;ann\u00e9e 2015\" \/>\n<link rel=\"canonical\" href=\"https:\/\/www.webdo.tn\/fr\/actualite\/international\/plus-dun-million-de-migrants-sont-arrives-en-europe-au-cours-de-lannee-2015\/183672\/\" \/>\n<meta property=\"og:locale\" content=\"fr_FR\" \/>\n<meta property=\"og:type\" content=\"article\" \/>\n<meta property=\"og:title\" content=\"Plus d\u2019un million de migrants sont arriv\u00e9s en Europe au cours de l&#039;ann\u00e9e 2015\" \/>\n<meta property=\"og:description\" content=\"Plus d\u2019un million de migrants sont arriv\u00e9s en Europe au cours de l&#039;ann\u00e9e 2015\" \/>\n<meta property=\"og:url\" content=\"https:\/\/www.webdo.tn\/fr\/actualite\/international\/plus-dun-million-de-migrants-sont-arrives-en-europe-au-cours-de-lannee-2015\/183672\/\" \/>\n<meta property=\"og:site_name\" content=\"webdo\" \/>\n<meta property=\"article:publisher\" content=\"https:\/\/www.facebook.com\/webdotn\" \/>\n<meta property=\"article:published_time\" content=\"2015-12-22T11:52:00+00:00\" \/>\n<meta name=\"author\" content=\"webdo.tn\" \/>\n<meta name=\"twitter:card\" content=\"summary_large_image\" \/>\n<meta name=\"twitter:creator\" content=\"@webdo_tn\" \/>\n<meta name=\"twitter:site\" content=\"@webdo_tn\" \/>\n<meta name=\"twitter:label1\" content=\"\u00c9crit par\" \/>\n\t<meta name=\"twitter:data1\" content=\"webdo.tn\" \/>\n\t<meta name=\"twitter:label2\" content=\"Dur\u00e9e de lecture estim\u00e9e\" \/>\n\t<meta name=\"twitter:data2\" content=\"1 minute\" \/>\n<script type=\"application\/ld+json\" class=\"yoast-schema-graph\">{\"@context\":\"https:\\\/\\\/schema.org\",\"@graph\":[{\"@type\":\"NewsArticle\",\"@id\":\"https:\\\/\\\/www.webdo.tn\\\/fr\\\/actualite\\\/international\\\/plus-dun-million-de-migrants-sont-arrives-en-europe-au-cours-de-lannee-2015\\\/183672\\\/#article\",\"isPartOf\":{\"@id\":\"https:\\\/\\\/www.webdo.tn\\\/fr\\\/actualite\\\/international\\\/plus-dun-million-de-migrants-sont-arrives-en-europe-au-cours-de-lannee-2015\\\/183672\\\/\"},\"author\":{\"name\":\"webdo.tn\",\"@id\":\"https:\\\/\\\/www.webdo.tn\\\/fr\\\/#\\\/schema\\\/person\\\/9a9c6118d687c117df8ef3cc36a4d175\"},\"headline\":\"Plus d\u2019un million de migrants sont arriv\u00e9s en Europe au cours de l&rsquo;ann\u00e9e 2015\",\"datePublished\":\"2015-12-22T11:52:00+00:00\",\"mainEntityOfPage\":{\"@id\":\"https:\\\/\\\/www.webdo.tn\\\/fr\\\/actualite\\\/international\\\/plus-dun-million-de-migrants-sont-arrives-en-europe-au-cours-de-lannee-2015\\\/183672\\\/\"},\"wordCount\":134,\"commentCount\":0,\"publisher\":{\"@id\":\"https:\\\/\\\/www.webdo.tn\\\/fr\\\/#organization\"},\"image\":{\"@id\":\"https:\\\/\\\/www.webdo.tn\\\/fr\\\/actualite\\\/international\\\/plus-dun-million-de-migrants-sont-arrives-en-europe-au-cours-de-lannee-2015\\\/183672\\\/#primaryimage\"},\"thumbnailUrl\":\"https:\\\/\\\/www.webdo.tn\\\/fr\\\/wp-content\\\/uploads\\\/2025\\\/06\\\/refugies-syriens-300x199_183672.jpg\",\"keywords\":[\"guerre\"],\"articleSection\":[\"International\"],\"inLanguage\":\"fr-FR\"},{\"@type\":\"WebPage\",\"@id\":\"https:\\\/\\\/www.webdo.tn\\\/fr\\\/actualite\\\/international\\\/plus-dun-million-de-migrants-sont-arrives-en-europe-au-cours-de-lannee-2015\\\/183672\\\/\",\"url\":\"https:\\\/\\\/www.webdo.tn\\\/fr\\\/actualite\\\/international\\\/plus-dun-million-de-migrants-sont-arrives-en-europe-au-cours-de-lannee-2015\\\/183672\\\/\",\"name\":\"Plus d\u2019un million de migrants sont arriv\u00e9s en Europe au cours de l'ann\u00e9e 2015\",\"isPartOf\":{\"@id\":\"https:\\\/\\\/www.webdo.tn\\\/fr\\\/#website\"},\"primaryImageOfPage\":{\"@id\":\"https:\\\/\\\/www.webdo.tn\\\/fr\\\/actualite\\\/international\\\/plus-dun-million-de-migrants-sont-arrives-en-europe-au-cours-de-lannee-2015\\\/183672\\\/#primaryimage\"},\"image\":{\"@id\":\"https:\\\/\\\/www.webdo.tn\\\/fr\\\/actualite\\\/international\\\/plus-dun-million-de-migrants-sont-arrives-en-europe-au-cours-de-lannee-2015\\\/183672\\\/#primaryimage\"},\"thumbnailUrl\":\"https:\\\/\\\/www.webdo.tn\\\/fr\\\/wp-content\\\/uploads\\\/2025\\\/06\\\/refugies-syriens-300x199_183672.jpg\",\"datePublished\":\"2015-12-22T11:52:00+00:00\",\"description\":\"Plus d\u2019un million de migrants sont arriv\u00e9s en Europe au cours de l'ann\u00e9e 2015\",\"breadcrumb\":{\"@id\":\"https:\\\/\\\/www.webdo.tn\\\/fr\\\/actualite\\\/international\\\/plus-dun-million-de-migrants-sont-arrives-en-europe-au-cours-de-lannee-2015\\\/183672\\\/#breadcrumb\"},\"inLanguage\":\"fr-FR\",\"potentialAction\":[{\"@type\":\"ReadAction\",\"target\":[\"https:\\\/\\\/www.webdo.tn\\\/fr\\\/actualite\\\/international\\\/plus-dun-million-de-migrants-sont-arrives-en-europe-au-cours-de-lannee-2015\\\/183672\\\/\"]}]},{\"@type\":\"ImageObject\",\"inLanguage\":\"fr-FR\",\"@id\":\"https:\\\/\\\/www.webdo.tn\\\/fr\\\/actualite\\\/international\\\/plus-dun-million-de-migrants-sont-arrives-en-europe-au-cours-de-lannee-2015\\\/183672\\\/#primaryimage\",\"url\":\"https:\\\/\\\/www.webdo.tn\\\/fr\\\/wp-content\\\/uploads\\\/2025\\\/06\\\/refugies-syriens-300x199_183672.jpg\",\"contentUrl\":\"https:\\\/\\\/www.webdo.tn\\\/fr\\\/wp-content\\\/uploads\\\/2025\\\/06\\\/refugies-syriens-300x199_183672.jpg\",\"width\":300,\"height\":199,\"caption\":\"Plus d\u2019un million de migrants sont arriv\u00e9s en Europe au cours de l'ann\u00e9e 2015\"},{\"@type\":\"BreadcrumbList\",\"@id\":\"https:\\\/\\\/www.webdo.tn\\\/fr\\\/actualite\\\/international\\\/plus-dun-million-de-migrants-sont-arrives-en-europe-au-cours-de-lannee-2015\\\/183672\\\/#breadcrumb\",\"itemListElement\":[{\"@type\":\"ListItem\",\"position\":1,\"name\":\"Accueil\",\"item\":\"https:\\\/\\\/www.webdo.tn\\\/fr\\\/\"},{\"@type\":\"ListItem\",\"position\":2,\"name\":\"Plus d\u2019un million de migrants sont arriv\u00e9s en Europe au cours de l&rsquo;ann\u00e9e 2015\"}]},{\"@type\":\"WebSite\",\"@id\":\"https:\\\/\\\/www.webdo.tn\\\/fr\\\/#website\",\"url\":\"https:\\\/\\\/www.webdo.tn\\\/fr\\\/\",\"name\":\"webdo\",\"description\":\"Tunisie - News en Tunisie et \u00e0 l&#039;international sur Webdo.tn\",\"publisher\":{\"@id\":\"https:\\\/\\\/www.webdo.tn\\\/fr\\\/#organization\"},\"potentialAction\":[{\"@type\":\"SearchAction\",\"target\":{\"@type\":\"EntryPoint\",\"urlTemplate\":\"https:\\\/\\\/www.webdo.tn\\\/fr\\\/?s={search_term_string}\"},\"query-input\":{\"@type\":\"PropertyValueSpecification\",\"valueRequired\":true,\"valueName\":\"search_term_string\"}}],\"inLanguage\":\"fr-FR\"},{\"@type\":\"Organization\",\"@id\":\"https:\\\/\\\/www.webdo.tn\\\/fr\\\/#organization\",\"name\":\"Webdo\",\"alternateName\":\"Webdo.tn\",\"url\":\"https:\\\/\\\/www.webdo.tn\\\/fr\\\/\",\"logo\":{\"@type\":\"ImageObject\",\"inLanguage\":\"fr-FR\",\"@id\":\"https:\\\/\\\/www.webdo.tn\\\/fr\\\/#\\\/schema\\\/logo\\\/image\\\/\",\"url\":\"https:\\\/\\\/www.webdo.tn\\\/fr\\\/wp-content\\\/uploads\\\/2025\\\/06\\\/Webdo-Tunisie_168377.jpg\",\"contentUrl\":\"https:\\\/\\\/www.webdo.tn\\\/fr\\\/wp-content\\\/uploads\\\/2025\\\/06\\\/Webdo-Tunisie_168377.jpg\",\"width\":301,\"height\":301,\"caption\":\"Webdo\"},\"image\":{\"@id\":\"https:\\\/\\\/www.webdo.tn\\\/fr\\\/#\\\/schema\\\/logo\\\/image\\\/\"},\"sameAs\":[\"https:\\\/\\\/www.facebook.com\\\/webdotn\",\"https:\\\/\\\/x.com\\\/webdo_tn\"],\"description\":\"Webdo est un m\u00e9dia num\u00e9rique tunisien fond\u00e9 en 2010, sp\u00e9cialis\u00e9 dans l\u2019actualit\u00e9 nationale et internationale, l\u2019\u00e9conomie, la soci\u00e9t\u00e9 et les analyses politiques. Le site s\u2019adresse \u00e0 un large public francophone et couvre l\u2019information tunisienne en temps r\u00e9el.\",\"email\":\"redac@webdo.tn\",\"legalName\":\"YNJ SARL\",\"foundingDate\":\"2010-09-06\",\"numberOfEmployees\":{\"@type\":\"QuantitativeValue\",\"minValue\":\"11\",\"maxValue\":\"50\"}},{\"@type\":\"Person\",\"@id\":\"https:\\\/\\\/www.webdo.tn\\\/fr\\\/#\\\/schema\\\/person\\\/9a9c6118d687c117df8ef3cc36a4d175\",\"name\":\"webdo.tn\",\"image\":{\"@type\":\"ImageObject\",\"inLanguage\":\"fr-FR\",\"@id\":\"https:\\\/\\\/secure.gravatar.com\\\/avatar\\\/7ce1f28c0c3bbac99ff550b85ef8e44a6950c6ee24514fb6a5489e51d06f0298?s=96&d=mm&r=g\",\"url\":\"https:\\\/\\\/secure.gravatar.com\\\/avatar\\\/7ce1f28c0c3bbac99ff550b85ef8e44a6950c6ee24514fb6a5489e51d06f0298?s=96&d=mm&r=g\",\"contentUrl\":\"https:\\\/\\\/secure.gravatar.com\\\/avatar\\\/7ce1f28c0c3bbac99ff550b85ef8e44a6950c6ee24514fb6a5489e51d06f0298?s=96&d=mm&r=g\",\"caption\":\"webdo.tn\"},\"url\":\"https:\\\/\\\/www.webdo.tn\\\/fr\\\/actualite\\\/author\\\/webdotn\\\/\"}]}<\/script>\n<!-- \/ Yoast SEO Premium plugin. -->","yoast_head_json":{"title":"Plus d\u2019un million de migrants sont arriv\u00e9s en Europe au cours de l'ann\u00e9e 2015","description":"Plus d\u2019un million de migrants sont arriv\u00e9s en Europe au cours de l'ann\u00e9e 2015","canonical":"https:\/\/www.webdo.tn\/fr\/actualite\/international\/plus-dun-million-de-migrants-sont-arrives-en-europe-au-cours-de-lannee-2015\/183672\/","og_locale":"fr_FR","og_type":"article","og_title":"Plus d\u2019un million de migrants sont arriv\u00e9s en Europe au cours de l'ann\u00e9e 2015","og_description":"Plus d\u2019un million de migrants sont arriv\u00e9s en Europe au cours de l'ann\u00e9e 2015","og_url":"https:\/\/www.webdo.tn\/fr\/actualite\/international\/plus-dun-million-de-migrants-sont-arrives-en-europe-au-cours-de-lannee-2015\/183672\/","og_site_name":"webdo","article_publisher":"https:\/\/www.facebook.com\/webdotn","article_published_time":"2015-12-22T11:52:00+00:00","author":"webdo.tn","twitter_card":"summary_large_image","twitter_creator":"@webdo_tn","twitter_site":"@webdo_tn","twitter_misc":{"\u00c9crit par":"webdo.tn","Dur\u00e9e de lecture estim\u00e9e":"1 minute"},"schema":{"@context":"https:\/\/schema.org","@graph":[{"@type":"NewsArticle","@id":"https:\/\/www.webdo.tn\/fr\/actualite\/international\/plus-dun-million-de-migrants-sont-arrives-en-europe-au-cours-de-lannee-2015\/183672\/#article","isPartOf":{"@id":"https:\/\/www.webdo.tn\/fr\/actualite\/international\/plus-dun-million-de-migrants-sont-arrives-en-europe-au-cours-de-lannee-2015\/183672\/"},"author":{"name":"webdo.tn","@id":"https:\/\/www.webdo.tn\/fr\/#\/schema\/person\/9a9c6118d687c117df8ef3cc36a4d175"},"headline":"Plus d\u2019un million de migrants sont arriv\u00e9s en Europe au cours de l&rsquo;ann\u00e9e 2015","datePublished":"2015-12-22T11:52:00+00:00","mainEntityOfPage":{"@id":"https:\/\/www.webdo.tn\/fr\/actualite\/international\/plus-dun-million-de-migrants-sont-arrives-en-europe-au-cours-de-lannee-2015\/183672\/"},"wordCount":134,"commentCount":0,"publisher":{"@id":"https:\/\/www.webdo.tn\/fr\/#organization"},"image":{"@id":"https:\/\/www.webdo.tn\/fr\/actualite\/international\/plus-dun-million-de-migrants-sont-arrives-en-europe-au-cours-de-lannee-2015\/183672\/#primaryimage"},"thumbnailUrl":"https:\/\/www.webdo.tn\/fr\/wp-content\/uploads\/2025\/06\/refugies-syriens-300x199_183672.jpg","keywords":["guerre"],"articleSection":["International"],"inLanguage":"fr-FR"},{"@type":"WebPage","@id":"https:\/\/www.webdo.tn\/fr\/actualite\/international\/plus-dun-million-de-migrants-sont-arrives-en-europe-au-cours-de-lannee-2015\/183672\/","url":"https:\/\/www.webdo.tn\/fr\/actualite\/international\/plus-dun-million-de-migrants-sont-arrives-en-europe-au-cours-de-lannee-2015\/183672\/","name":"Plus d\u2019un million de migrants sont arriv\u00e9s en Europe au cours de l'ann\u00e9e 2015","isPartOf":{"@id":"https:\/\/www.webdo.tn\/fr\/#website"},"primaryImageOfPage":{"@id":"https:\/\/www.webdo.tn\/fr\/actualite\/international\/plus-dun-million-de-migrants-sont-arrives-en-europe-au-cours-de-lannee-2015\/183672\/#primaryimage"},"image":{"@id":"https:\/\/www.webdo.tn\/fr\/actualite\/international\/plus-dun-million-de-migrants-sont-arrives-en-europe-au-cours-de-lannee-2015\/183672\/#primaryimage"},"thumbnailUrl":"https:\/\/www.webdo.tn\/fr\/wp-content\/uploads\/2025\/06\/refugies-syriens-300x199_183672.jpg","datePublished":"2015-12-22T11:52:00+00:00","description":"Plus d\u2019un million de migrants sont arriv\u00e9s en Europe au cours de l'ann\u00e9e 2015","breadcrumb":{"@id":"https:\/\/www.webdo.tn\/fr\/actualite\/international\/plus-dun-million-de-migrants-sont-arrives-en-europe-au-cours-de-lannee-2015\/183672\/#breadcrumb"},"inLanguage":"fr-FR","potentialAction":[{"@type":"ReadAction","target":["https:\/\/www.webdo.tn\/fr\/actualite\/international\/plus-dun-million-de-migrants-sont-arrives-en-europe-au-cours-de-lannee-2015\/183672\/"]}]},{"@type":"ImageObject","inLanguage":"fr-FR","@id":"https:\/\/www.webdo.tn\/fr\/actualite\/international\/plus-dun-million-de-migrants-sont-arrives-en-europe-au-cours-de-lannee-2015\/183672\/#primaryimage","url":"https:\/\/www.webdo.tn\/fr\/wp-content\/uploads\/2025\/06\/refugies-syriens-300x199_183672.jpg","contentUrl":"https:\/\/www.webdo.tn\/fr\/wp-content\/uploads\/2025\/06\/refugies-syriens-300x199_183672.jpg","width":300,"height":199,"caption":"Plus d\u2019un million de migrants sont arriv\u00e9s en Europe au cours de l'ann\u00e9e 2015"},{"@type":"BreadcrumbList","@id":"https:\/\/www.webdo.tn\/fr\/actualite\/international\/plus-dun-million-de-migrants-sont-arrives-en-europe-au-cours-de-lannee-2015\/183672\/#breadcrumb","itemListElement":[{"@type":"ListItem","position":1,"name":"Accueil","item":"https:\/\/www.webdo.tn\/fr\/"},{"@type":"ListItem","position":2,"name":"Plus d\u2019un million de migrants sont arriv\u00e9s en Europe au cours de l&rsquo;ann\u00e9e 2015"}]},{"@type":"WebSite","@id":"https:\/\/www.webdo.tn\/fr\/#website","url":"https:\/\/www.webdo.tn\/fr\/","name":"webdo","description":"Tunisie - News en Tunisie et \u00e0 l&#039;international sur Webdo.tn","publisher":{"@id":"https:\/\/www.webdo.tn\/fr\/#organization"},"potentialAction":[{"@type":"SearchAction","target":{"@type":"EntryPoint","urlTemplate":"https:\/\/www.webdo.tn\/fr\/?s={search_term_string}"},"query-input":{"@type":"PropertyValueSpecification","valueRequired":true,"valueName":"search_term_string"}}],"inLanguage":"fr-FR"},{"@type":"Organization","@id":"https:\/\/www.webdo.tn\/fr\/#organization","name":"Webdo","alternateName":"Webdo.tn","url":"https:\/\/www.webdo.tn\/fr\/","logo":{"@type":"ImageObject","inLanguage":"fr-FR","@id":"https:\/\/www.webdo.tn\/fr\/#\/schema\/logo\/image\/","url":"https:\/\/www.webdo.tn\/fr\/wp-content\/uploads\/2025\/06\/Webdo-Tunisie_168377.jpg","contentUrl":"https:\/\/www.webdo.tn\/fr\/wp-content\/uploads\/2025\/06\/Webdo-Tunisie_168377.jpg","width":301,"height":301,"caption":"Webdo"},"image":{"@id":"https:\/\/www.webdo.tn\/fr\/#\/schema\/logo\/image\/"},"sameAs":["https:\/\/www.facebook.com\/webdotn","https:\/\/x.com\/webdo_tn"],"description":"Webdo est un m\u00e9dia num\u00e9rique tunisien fond\u00e9 en 2010, sp\u00e9cialis\u00e9 dans l\u2019actualit\u00e9 nationale et internationale, l\u2019\u00e9conomie, la soci\u00e9t\u00e9 et les analyses politiques. Le site s\u2019adresse \u00e0 un large public francophone et couvre l\u2019information tunisienne en temps r\u00e9el.","email":"redac@webdo.tn","legalName":"YNJ SARL","foundingDate":"2010-09-06","numberOfEmployees":{"@type":"QuantitativeValue","minValue":"11","maxValue":"50"}},{"@type":"Person","@id":"https:\/\/www.webdo.tn\/fr\/#\/schema\/person\/9a9c6118d687c117df8ef3cc36a4d175","name":"webdo.tn","image":{"@type":"ImageObject","inLanguage":"fr-FR","@id":"https:\/\/secure.gravatar.com\/avatar\/7ce1f28c0c3bbac99ff550b85ef8e44a6950c6ee24514fb6a5489e51d06f0298?s=96&d=mm&r=g","url":"https:\/\/secure.gravatar.com\/avatar\/7ce1f28c0c3bbac99ff550b85ef8e44a6950c6ee24514fb6a5489e51d06f0298?s=96&d=mm&r=g","contentUrl":"https:\/\/secure.gravatar.com\/avatar\/7ce1f28c0c3bbac99ff550b85ef8e44a6950c6ee24514fb6a5489e51d06f0298?s=96&d=mm&r=g","caption":"webdo.tn"},"url":"https:\/\/www.webdo.tn\/fr\/actualite\/author\/webdotn\/"}]}},"_links":{"self":[{"href":"https:\/\/www.webdo.tn\/fr\/wp-json\/wp\/v2\/posts\/183672","targetHints":{"allow":["GET"]}}],"collection":[{"href":"https:\/\/www.webdo.tn\/fr\/wp-json\/wp\/v2\/posts"}],"about":[{"href":"https:\/\/www.webdo.tn\/fr\/wp-json\/wp\/v2\/types\/post"}],"author":[{"embeddable":true,"href":"https:\/\/www.webdo.tn\/fr\/wp-json\/wp\/v2\/users\/3222"}],"replies":[{"embeddable":true,"href":"https:\/\/www.webdo.tn\/fr\/wp-json\/wp\/v2\/comments?post=183672"}],"version-history":[{"count":0,"href":"https:\/\/www.webdo.tn\/fr\/wp-json\/wp\/v2\/posts\/183672\/revisions"}],"wp:featuredmedia":[{"embeddable":true,"href":"https:\/\/www.webdo.tn\/fr\/wp-json\/wp\/v2\/media\/375497"}],"wp:attachment":[{"href":"https:\/\/www.webdo.tn\/fr\/wp-json\/wp\/v2\/media?parent=183672"}],"wp:term":[{"taxonomy":"category","embeddable":true,"href":"https:\/\/www.webdo.tn\/fr\/wp-json\/wp\/v2\/categories?post=183672"},{"taxonomy":"post_tag","embeddable":true,"href":"https:\/\/www.webdo.tn\/fr\/wp-json\/wp\/v2\/tags?post=183672"}],"curies":[{"name":"wp","href":"https:\/\/api.w.org\/{rel}","templated":true}]}}