{"id":183670,"date":"2015-12-23T14:24:00","date_gmt":"2015-12-23T14:24:00","guid":{"rendered":"https:\/\/www.webdo.tn\/fr\/blog\/empeches-de-se-rendre-a-disneyland-parce-quils-sont-musulmans\/183670\/"},"modified":"2015-12-23T14:24:00","modified_gmt":"2015-12-23T14:24:00","slug":"empeches-de-se-rendre-a-disneyland-parce-quils-sont-musulmans","status":"publish","type":"post","link":"https:\/\/www.webdo.tn\/fr\/actualite\/international\/empeches-de-se-rendre-a-disneyland-parce-quils-sont-musulmans\/183670\/","title":{"rendered":"Emp\u00each\u00e9s de se rendre \u00e0 Disneyland parce qu\u2019ils sont musulmans !"},"content":{"rendered":"<p>Fureur d\u2019un p\u00e8re britannique, de confession musulmane, arr\u00eat\u00e9 \u00e0 la salle d\u2019embarquement de l\u2019a\u00e9roport Gatwick de Londres avec 11 membres de sa famille alors qu\u2019ils s\u2019appr\u00eataient \u00e0 joindre Los Angeles pour aller \u00e0 Disneyland.<\/p>\n<p>Les Am\u00e9ricains pensent que chaque musulman est une menace. Mohammad Tariq Mahmood tentait de se rendre de l&rsquo;a\u00e9roport de Gatwick \u00e0 Los Angeles avec son fr\u00e8re et neuf de leurs enfants lorsque les responsables de la s\u00e9curit\u00e9 int\u00e9rieure ont approch\u00e9, le 15 d\u00e9cembre, Mahmood, son fr\u00e8re et les enfants qui sont \u00e2g\u00e9s entre 8 et 19 ans.<\/p>\n<p>Ils ont \u00e9t\u00e9 inform\u00e9s qu\u2019ils ne sont pas autoris\u00e9s \u00e0 monter \u00e0 bord de l\u2019avion. Les billets d\u2019avions ont \u00e9t\u00e9 r\u00e9voqu\u00e9s et les 13.340 dollars, le prix des billets, n\u2019ont pas \u00e9t\u00e9 rembours\u00e9s. Ils ont d\u00fb \u00e9galement retourner les articles qu&rsquo;ils ont achet\u00e9s au magasin hors taxes. Toute la famille a \u00e9t\u00e9 boulevers\u00e9e parce qu\u2019elle n\u2019a pas pu voyager pour voir Disneyland.<\/p>\n<p>Stella Creasy, d\u00e9put\u00e9e travailliste, a appel\u00e9 le Premier ministre, David Cameron, \u00e0 intervenir parce que l&rsquo;ambassade des \u00c9tats-Unis n&rsquo;a pas r\u00e9pondu. Un porte-parole de Cameron a dit qu&rsquo;il allait examiner la lettre de Creasy et \u00abr\u00e9pondre en temps voulu\u00bb.<br \/>\nC.C.<\/p>\n","protected":false},"excerpt":{"rendered":"<p>Emp\u00each\u00e9s de se rendre \u00e0 Disneyland parce qu\u2019ils sont musulmans !<\/p>\n","protected":false},"author":3222,"featured_media":336645,"comment_status":"open","ping_status":"closed","sticky":false,"template":"","format":"standard","meta":{"footnotes":""},"categories":[2598],"tags":[2600],"class_list":["post-183670","post","type-post","status-publish","format-standard","has-post-thumbnail","hentry","category-international","tag-guerre"],"yoast_head":"<!-- This site is optimized with the Yoast SEO Premium plugin v27.5 (Yoast SEO v27.5) - https:\/\/yoast.com\/product\/yoast-seo-premium-wordpress\/ -->\n<title>Emp\u00each\u00e9s de se rendre \u00e0 Disneyland parce qu\u2019ils sont musulmans !<\/title>\n<meta name=\"description\" content=\"Emp\u00each\u00e9s de se rendre \u00e0 Disneyland parce qu\u2019ils sont musulmans !\" \/>\n<link rel=\"canonical\" href=\"https:\/\/www.webdo.tn\/fr\/actualite\/international\/empeches-de-se-rendre-a-disneyland-parce-quils-sont-musulmans\/183670\/\" \/>\n<meta property=\"og:locale\" content=\"fr_FR\" \/>\n<meta property=\"og:type\" content=\"article\" \/>\n<meta property=\"og:title\" content=\"Emp\u00each\u00e9s de se rendre \u00e0 Disneyland parce qu\u2019ils sont musulmans !\" \/>\n<meta property=\"og:description\" content=\"Emp\u00each\u00e9s de se rendre \u00e0 Disneyland parce qu\u2019ils sont musulmans !\" \/>\n<meta property=\"og:url\" content=\"https:\/\/www.webdo.tn\/fr\/actualite\/international\/empeches-de-se-rendre-a-disneyland-parce-quils-sont-musulmans\/183670\/\" \/>\n<meta property=\"og:site_name\" content=\"webdo\" \/>\n<meta property=\"article:publisher\" content=\"https:\/\/www.facebook.com\/webdotn\" \/>\n<meta property=\"article:published_time\" content=\"2015-12-23T14:24:00+00:00\" \/>\n<meta property=\"og:image\" content=\"https:\/\/www.webdo.tn\/fr\/wp-content\/uploads\/2015\/12\/tarek-197x300-1.jpg\" \/>\n\t<meta property=\"og:image:width\" content=\"197\" \/>\n\t<meta property=\"og:image:height\" content=\"300\" \/>\n\t<meta property=\"og:image:type\" content=\"image\/jpeg\" \/>\n<meta name=\"author\" content=\"webdo.tn\" \/>\n<meta name=\"twitter:card\" content=\"summary_large_image\" \/>\n<meta name=\"twitter:creator\" content=\"@webdo_tn\" \/>\n<meta name=\"twitter:site\" content=\"@webdo_tn\" \/>\n<meta name=\"twitter:label1\" content=\"\u00c9crit par\" \/>\n\t<meta name=\"twitter:data1\" content=\"webdo.tn\" \/>\n\t<meta name=\"twitter:label2\" content=\"Dur\u00e9e de lecture estim\u00e9e\" \/>\n\t<meta name=\"twitter:data2\" content=\"1 minute\" \/>\n<script type=\"application\/ld+json\" class=\"yoast-schema-graph\">{\"@context\":\"https:\\\/\\\/schema.org\",\"@graph\":[{\"@type\":\"NewsArticle\",\"@id\":\"https:\\\/\\\/www.webdo.tn\\\/fr\\\/actualite\\\/international\\\/empeches-de-se-rendre-a-disneyland-parce-quils-sont-musulmans\\\/183670\\\/#article\",\"isPartOf\":{\"@id\":\"https:\\\/\\\/www.webdo.tn\\\/fr\\\/actualite\\\/international\\\/empeches-de-se-rendre-a-disneyland-parce-quils-sont-musulmans\\\/183670\\\/\"},\"author\":{\"name\":\"webdo.tn\",\"@id\":\"https:\\\/\\\/www.webdo.tn\\\/fr\\\/#\\\/schema\\\/person\\\/9a9c6118d687c117df8ef3cc36a4d175\"},\"headline\":\"Emp\u00each\u00e9s de se rendre \u00e0 Disneyland parce qu\u2019ils sont musulmans !\",\"datePublished\":\"2015-12-23T14:24:00+00:00\",\"mainEntityOfPage\":{\"@id\":\"https:\\\/\\\/www.webdo.tn\\\/fr\\\/actualite\\\/international\\\/empeches-de-se-rendre-a-disneyland-parce-quils-sont-musulmans\\\/183670\\\/\"},\"wordCount\":233,\"commentCount\":0,\"publisher\":{\"@id\":\"https:\\\/\\\/www.webdo.tn\\\/fr\\\/#organization\"},\"image\":{\"@id\":\"https:\\\/\\\/www.webdo.tn\\\/fr\\\/actualite\\\/international\\\/empeches-de-se-rendre-a-disneyland-parce-quils-sont-musulmans\\\/183670\\\/#primaryimage\"},\"thumbnailUrl\":\"https:\\\/\\\/www.webdo.tn\\\/fr\\\/wp-content\\\/uploads\\\/2015\\\/12\\\/tarek-197x300-1.jpg\",\"keywords\":[\"guerre\"],\"articleSection\":[\"International\"],\"inLanguage\":\"fr-FR\"},{\"@type\":\"WebPage\",\"@id\":\"https:\\\/\\\/www.webdo.tn\\\/fr\\\/actualite\\\/international\\\/empeches-de-se-rendre-a-disneyland-parce-quils-sont-musulmans\\\/183670\\\/\",\"url\":\"https:\\\/\\\/www.webdo.tn\\\/fr\\\/actualite\\\/international\\\/empeches-de-se-rendre-a-disneyland-parce-quils-sont-musulmans\\\/183670\\\/\",\"name\":\"Emp\u00each\u00e9s de se rendre \u00e0 Disneyland parce qu\u2019ils sont musulmans !\",\"isPartOf\":{\"@id\":\"https:\\\/\\\/www.webdo.tn\\\/fr\\\/#website\"},\"primaryImageOfPage\":{\"@id\":\"https:\\\/\\\/www.webdo.tn\\\/fr\\\/actualite\\\/international\\\/empeches-de-se-rendre-a-disneyland-parce-quils-sont-musulmans\\\/183670\\\/#primaryimage\"},\"image\":{\"@id\":\"https:\\\/\\\/www.webdo.tn\\\/fr\\\/actualite\\\/international\\\/empeches-de-se-rendre-a-disneyland-parce-quils-sont-musulmans\\\/183670\\\/#primaryimage\"},\"thumbnailUrl\":\"https:\\\/\\\/www.webdo.tn\\\/fr\\\/wp-content\\\/uploads\\\/2015\\\/12\\\/tarek-197x300-1.jpg\",\"datePublished\":\"2015-12-23T14:24:00+00:00\",\"description\":\"Emp\u00each\u00e9s de se rendre \u00e0 Disneyland parce qu\u2019ils sont musulmans !\",\"breadcrumb\":{\"@id\":\"https:\\\/\\\/www.webdo.tn\\\/fr\\\/actualite\\\/international\\\/empeches-de-se-rendre-a-disneyland-parce-quils-sont-musulmans\\\/183670\\\/#breadcrumb\"},\"inLanguage\":\"fr-FR\",\"potentialAction\":[{\"@type\":\"ReadAction\",\"target\":[\"https:\\\/\\\/www.webdo.tn\\\/fr\\\/actualite\\\/international\\\/empeches-de-se-rendre-a-disneyland-parce-quils-sont-musulmans\\\/183670\\\/\"]}]},{\"@type\":\"ImageObject\",\"inLanguage\":\"fr-FR\",\"@id\":\"https:\\\/\\\/www.webdo.tn\\\/fr\\\/actualite\\\/international\\\/empeches-de-se-rendre-a-disneyland-parce-quils-sont-musulmans\\\/183670\\\/#primaryimage\",\"url\":\"https:\\\/\\\/www.webdo.tn\\\/fr\\\/wp-content\\\/uploads\\\/2015\\\/12\\\/tarek-197x300-1.jpg\",\"contentUrl\":\"https:\\\/\\\/www.webdo.tn\\\/fr\\\/wp-content\\\/uploads\\\/2015\\\/12\\\/tarek-197x300-1.jpg\",\"width\":197,\"height\":300,\"caption\":\"Emp\u00each\u00e9s de se rendre \u00e0 Disneyland parce qu\u2019ils sont musulmans !\"},{\"@type\":\"BreadcrumbList\",\"@id\":\"https:\\\/\\\/www.webdo.tn\\\/fr\\\/actualite\\\/international\\\/empeches-de-se-rendre-a-disneyland-parce-quils-sont-musulmans\\\/183670\\\/#breadcrumb\",\"itemListElement\":[{\"@type\":\"ListItem\",\"position\":1,\"name\":\"Accueil\",\"item\":\"https:\\\/\\\/www.webdo.tn\\\/fr\\\/\"},{\"@type\":\"ListItem\",\"position\":2,\"name\":\"Emp\u00each\u00e9s de se rendre \u00e0 Disneyland parce qu\u2019ils sont musulmans !\"}]},{\"@type\":\"WebSite\",\"@id\":\"https:\\\/\\\/www.webdo.tn\\\/fr\\\/#website\",\"url\":\"https:\\\/\\\/www.webdo.tn\\\/fr\\\/\",\"name\":\"webdo\",\"description\":\"Tunisie - News en Tunisie et \u00e0 l&#039;international sur Webdo.tn\",\"publisher\":{\"@id\":\"https:\\\/\\\/www.webdo.tn\\\/fr\\\/#organization\"},\"potentialAction\":[{\"@type\":\"SearchAction\",\"target\":{\"@type\":\"EntryPoint\",\"urlTemplate\":\"https:\\\/\\\/www.webdo.tn\\\/fr\\\/?s={search_term_string}\"},\"query-input\":{\"@type\":\"PropertyValueSpecification\",\"valueRequired\":true,\"valueName\":\"search_term_string\"}}],\"inLanguage\":\"fr-FR\"},{\"@type\":\"Organization\",\"@id\":\"https:\\\/\\\/www.webdo.tn\\\/fr\\\/#organization\",\"name\":\"Webdo\",\"alternateName\":\"Webdo.tn\",\"url\":\"https:\\\/\\\/www.webdo.tn\\\/fr\\\/\",\"logo\":{\"@type\":\"ImageObject\",\"inLanguage\":\"fr-FR\",\"@id\":\"https:\\\/\\\/www.webdo.tn\\\/fr\\\/#\\\/schema\\\/logo\\\/image\\\/\",\"url\":\"https:\\\/\\\/www.webdo.tn\\\/fr\\\/wp-content\\\/uploads\\\/2025\\\/06\\\/Webdo-Tunisie_168377.jpg\",\"contentUrl\":\"https:\\\/\\\/www.webdo.tn\\\/fr\\\/wp-content\\\/uploads\\\/2025\\\/06\\\/Webdo-Tunisie_168377.jpg\",\"width\":301,\"height\":301,\"caption\":\"Webdo\"},\"image\":{\"@id\":\"https:\\\/\\\/www.webdo.tn\\\/fr\\\/#\\\/schema\\\/logo\\\/image\\\/\"},\"sameAs\":[\"https:\\\/\\\/www.facebook.com\\\/webdotn\",\"https:\\\/\\\/x.com\\\/webdo_tn\"],\"description\":\"Webdo est un m\u00e9dia num\u00e9rique tunisien fond\u00e9 en 2010, sp\u00e9cialis\u00e9 dans l\u2019actualit\u00e9 nationale et internationale, l\u2019\u00e9conomie, la soci\u00e9t\u00e9 et les analyses politiques. Le site s\u2019adresse \u00e0 un large public francophone et couvre l\u2019information tunisienne en temps r\u00e9el.\",\"email\":\"redac@webdo.tn\",\"legalName\":\"YNJ SARL\",\"foundingDate\":\"2010-09-06\",\"numberOfEmployees\":{\"@type\":\"QuantitativeValue\",\"minValue\":\"11\",\"maxValue\":\"50\"}},{\"@type\":\"Person\",\"@id\":\"https:\\\/\\\/www.webdo.tn\\\/fr\\\/#\\\/schema\\\/person\\\/9a9c6118d687c117df8ef3cc36a4d175\",\"name\":\"webdo.tn\",\"image\":{\"@type\":\"ImageObject\",\"inLanguage\":\"fr-FR\",\"@id\":\"https:\\\/\\\/secure.gravatar.com\\\/avatar\\\/7ce1f28c0c3bbac99ff550b85ef8e44a6950c6ee24514fb6a5489e51d06f0298?s=96&d=mm&r=g\",\"url\":\"https:\\\/\\\/secure.gravatar.com\\\/avatar\\\/7ce1f28c0c3bbac99ff550b85ef8e44a6950c6ee24514fb6a5489e51d06f0298?s=96&d=mm&r=g\",\"contentUrl\":\"https:\\\/\\\/secure.gravatar.com\\\/avatar\\\/7ce1f28c0c3bbac99ff550b85ef8e44a6950c6ee24514fb6a5489e51d06f0298?s=96&d=mm&r=g\",\"caption\":\"webdo.tn\"},\"url\":\"https:\\\/\\\/www.webdo.tn\\\/fr\\\/actualite\\\/author\\\/webdotn\\\/\"}]}<\/script>\n<!-- \/ Yoast SEO Premium plugin. -->","yoast_head_json":{"title":"Emp\u00each\u00e9s de se rendre \u00e0 Disneyland parce qu\u2019ils sont musulmans !","description":"Emp\u00each\u00e9s de se rendre \u00e0 Disneyland parce qu\u2019ils sont musulmans !","canonical":"https:\/\/www.webdo.tn\/fr\/actualite\/international\/empeches-de-se-rendre-a-disneyland-parce-quils-sont-musulmans\/183670\/","og_locale":"fr_FR","og_type":"article","og_title":"Emp\u00each\u00e9s de se rendre \u00e0 Disneyland parce qu\u2019ils sont musulmans !","og_description":"Emp\u00each\u00e9s de se rendre \u00e0 Disneyland parce qu\u2019ils sont musulmans !","og_url":"https:\/\/www.webdo.tn\/fr\/actualite\/international\/empeches-de-se-rendre-a-disneyland-parce-quils-sont-musulmans\/183670\/","og_site_name":"webdo","article_publisher":"https:\/\/www.facebook.com\/webdotn","article_published_time":"2015-12-23T14:24:00+00:00","og_image":[{"width":197,"height":300,"url":"https:\/\/www.webdo.tn\/fr\/wp-content\/uploads\/2015\/12\/tarek-197x300-1.jpg","type":"image\/jpeg"}],"author":"webdo.tn","twitter_card":"summary_large_image","twitter_creator":"@webdo_tn","twitter_site":"@webdo_tn","twitter_misc":{"\u00c9crit par":"webdo.tn","Dur\u00e9e de lecture estim\u00e9e":"1 minute"},"schema":{"@context":"https:\/\/schema.org","@graph":[{"@type":"NewsArticle","@id":"https:\/\/www.webdo.tn\/fr\/actualite\/international\/empeches-de-se-rendre-a-disneyland-parce-quils-sont-musulmans\/183670\/#article","isPartOf":{"@id":"https:\/\/www.webdo.tn\/fr\/actualite\/international\/empeches-de-se-rendre-a-disneyland-parce-quils-sont-musulmans\/183670\/"},"author":{"name":"webdo.tn","@id":"https:\/\/www.webdo.tn\/fr\/#\/schema\/person\/9a9c6118d687c117df8ef3cc36a4d175"},"headline":"Emp\u00each\u00e9s de se rendre \u00e0 Disneyland parce qu\u2019ils sont musulmans !","datePublished":"2015-12-23T14:24:00+00:00","mainEntityOfPage":{"@id":"https:\/\/www.webdo.tn\/fr\/actualite\/international\/empeches-de-se-rendre-a-disneyland-parce-quils-sont-musulmans\/183670\/"},"wordCount":233,"commentCount":0,"publisher":{"@id":"https:\/\/www.webdo.tn\/fr\/#organization"},"image":{"@id":"https:\/\/www.webdo.tn\/fr\/actualite\/international\/empeches-de-se-rendre-a-disneyland-parce-quils-sont-musulmans\/183670\/#primaryimage"},"thumbnailUrl":"https:\/\/www.webdo.tn\/fr\/wp-content\/uploads\/2015\/12\/tarek-197x300-1.jpg","keywords":["guerre"],"articleSection":["International"],"inLanguage":"fr-FR"},{"@type":"WebPage","@id":"https:\/\/www.webdo.tn\/fr\/actualite\/international\/empeches-de-se-rendre-a-disneyland-parce-quils-sont-musulmans\/183670\/","url":"https:\/\/www.webdo.tn\/fr\/actualite\/international\/empeches-de-se-rendre-a-disneyland-parce-quils-sont-musulmans\/183670\/","name":"Emp\u00each\u00e9s de se rendre \u00e0 Disneyland parce qu\u2019ils sont musulmans !","isPartOf":{"@id":"https:\/\/www.webdo.tn\/fr\/#website"},"primaryImageOfPage":{"@id":"https:\/\/www.webdo.tn\/fr\/actualite\/international\/empeches-de-se-rendre-a-disneyland-parce-quils-sont-musulmans\/183670\/#primaryimage"},"image":{"@id":"https:\/\/www.webdo.tn\/fr\/actualite\/international\/empeches-de-se-rendre-a-disneyland-parce-quils-sont-musulmans\/183670\/#primaryimage"},"thumbnailUrl":"https:\/\/www.webdo.tn\/fr\/wp-content\/uploads\/2015\/12\/tarek-197x300-1.jpg","datePublished":"2015-12-23T14:24:00+00:00","description":"Emp\u00each\u00e9s de se rendre \u00e0 Disneyland parce qu\u2019ils sont musulmans !","breadcrumb":{"@id":"https:\/\/www.webdo.tn\/fr\/actualite\/international\/empeches-de-se-rendre-a-disneyland-parce-quils-sont-musulmans\/183670\/#breadcrumb"},"inLanguage":"fr-FR","potentialAction":[{"@type":"ReadAction","target":["https:\/\/www.webdo.tn\/fr\/actualite\/international\/empeches-de-se-rendre-a-disneyland-parce-quils-sont-musulmans\/183670\/"]}]},{"@type":"ImageObject","inLanguage":"fr-FR","@id":"https:\/\/www.webdo.tn\/fr\/actualite\/international\/empeches-de-se-rendre-a-disneyland-parce-quils-sont-musulmans\/183670\/#primaryimage","url":"https:\/\/www.webdo.tn\/fr\/wp-content\/uploads\/2015\/12\/tarek-197x300-1.jpg","contentUrl":"https:\/\/www.webdo.tn\/fr\/wp-content\/uploads\/2015\/12\/tarek-197x300-1.jpg","width":197,"height":300,"caption":"Emp\u00each\u00e9s de se rendre \u00e0 Disneyland parce qu\u2019ils sont musulmans !"},{"@type":"BreadcrumbList","@id":"https:\/\/www.webdo.tn\/fr\/actualite\/international\/empeches-de-se-rendre-a-disneyland-parce-quils-sont-musulmans\/183670\/#breadcrumb","itemListElement":[{"@type":"ListItem","position":1,"name":"Accueil","item":"https:\/\/www.webdo.tn\/fr\/"},{"@type":"ListItem","position":2,"name":"Emp\u00each\u00e9s de se rendre \u00e0 Disneyland parce qu\u2019ils sont musulmans !"}]},{"@type":"WebSite","@id":"https:\/\/www.webdo.tn\/fr\/#website","url":"https:\/\/www.webdo.tn\/fr\/","name":"webdo","description":"Tunisie - News en Tunisie et \u00e0 l&#039;international sur Webdo.tn","publisher":{"@id":"https:\/\/www.webdo.tn\/fr\/#organization"},"potentialAction":[{"@type":"SearchAction","target":{"@type":"EntryPoint","urlTemplate":"https:\/\/www.webdo.tn\/fr\/?s={search_term_string}"},"query-input":{"@type":"PropertyValueSpecification","valueRequired":true,"valueName":"search_term_string"}}],"inLanguage":"fr-FR"},{"@type":"Organization","@id":"https:\/\/www.webdo.tn\/fr\/#organization","name":"Webdo","alternateName":"Webdo.tn","url":"https:\/\/www.webdo.tn\/fr\/","logo":{"@type":"ImageObject","inLanguage":"fr-FR","@id":"https:\/\/www.webdo.tn\/fr\/#\/schema\/logo\/image\/","url":"https:\/\/www.webdo.tn\/fr\/wp-content\/uploads\/2025\/06\/Webdo-Tunisie_168377.jpg","contentUrl":"https:\/\/www.webdo.tn\/fr\/wp-content\/uploads\/2025\/06\/Webdo-Tunisie_168377.jpg","width":301,"height":301,"caption":"Webdo"},"image":{"@id":"https:\/\/www.webdo.tn\/fr\/#\/schema\/logo\/image\/"},"sameAs":["https:\/\/www.facebook.com\/webdotn","https:\/\/x.com\/webdo_tn"],"description":"Webdo est un m\u00e9dia num\u00e9rique tunisien fond\u00e9 en 2010, sp\u00e9cialis\u00e9 dans l\u2019actualit\u00e9 nationale et internationale, l\u2019\u00e9conomie, la soci\u00e9t\u00e9 et les analyses politiques. Le site s\u2019adresse \u00e0 un large public francophone et couvre l\u2019information tunisienne en temps r\u00e9el.","email":"redac@webdo.tn","legalName":"YNJ SARL","foundingDate":"2010-09-06","numberOfEmployees":{"@type":"QuantitativeValue","minValue":"11","maxValue":"50"}},{"@type":"Person","@id":"https:\/\/www.webdo.tn\/fr\/#\/schema\/person\/9a9c6118d687c117df8ef3cc36a4d175","name":"webdo.tn","image":{"@type":"ImageObject","inLanguage":"fr-FR","@id":"https:\/\/secure.gravatar.com\/avatar\/7ce1f28c0c3bbac99ff550b85ef8e44a6950c6ee24514fb6a5489e51d06f0298?s=96&d=mm&r=g","url":"https:\/\/secure.gravatar.com\/avatar\/7ce1f28c0c3bbac99ff550b85ef8e44a6950c6ee24514fb6a5489e51d06f0298?s=96&d=mm&r=g","contentUrl":"https:\/\/secure.gravatar.com\/avatar\/7ce1f28c0c3bbac99ff550b85ef8e44a6950c6ee24514fb6a5489e51d06f0298?s=96&d=mm&r=g","caption":"webdo.tn"},"url":"https:\/\/www.webdo.tn\/fr\/actualite\/author\/webdotn\/"}]}},"_links":{"self":[{"href":"https:\/\/www.webdo.tn\/fr\/wp-json\/wp\/v2\/posts\/183670","targetHints":{"allow":["GET"]}}],"collection":[{"href":"https:\/\/www.webdo.tn\/fr\/wp-json\/wp\/v2\/posts"}],"about":[{"href":"https:\/\/www.webdo.tn\/fr\/wp-json\/wp\/v2\/types\/post"}],"author":[{"embeddable":true,"href":"https:\/\/www.webdo.tn\/fr\/wp-json\/wp\/v2\/users\/3222"}],"replies":[{"embeddable":true,"href":"https:\/\/www.webdo.tn\/fr\/wp-json\/wp\/v2\/comments?post=183670"}],"version-history":[{"count":0,"href":"https:\/\/www.webdo.tn\/fr\/wp-json\/wp\/v2\/posts\/183670\/revisions"}],"wp:featuredmedia":[{"embeddable":true,"href":"https:\/\/www.webdo.tn\/fr\/wp-json\/wp\/v2\/media\/336645"}],"wp:attachment":[{"href":"https:\/\/www.webdo.tn\/fr\/wp-json\/wp\/v2\/media?parent=183670"}],"wp:term":[{"taxonomy":"category","embeddable":true,"href":"https:\/\/www.webdo.tn\/fr\/wp-json\/wp\/v2\/categories?post=183670"},{"taxonomy":"post_tag","embeddable":true,"href":"https:\/\/www.webdo.tn\/fr\/wp-json\/wp\/v2\/tags?post=183670"}],"curies":[{"name":"wp","href":"https:\/\/api.w.org\/{rel}","templated":true}]}}