{"id":182451,"date":"2017-06-30T11:39:00","date_gmt":"2017-06-30T11:39:00","guid":{"rendered":"https:\/\/www.webdo.tn\/fr\/blog\/soixante-imams-dont-des-tunisiens-a-bord-du-bus-de-paix-a-travers-leurope\/182451\/"},"modified":"2017-06-30T11:39:00","modified_gmt":"2017-06-30T11:39:00","slug":"soixante-imams-dont-des-tunisiens-a-bord-du-bus-de-paix-a-travers-leurope","status":"publish","type":"post","link":"https:\/\/www.webdo.tn\/fr\/actualite\/international\/soixante-imams-dont-des-tunisiens-a-bord-du-bus-de-paix-a-travers-leurope\/182451\/","title":{"rendered":"Soixante imams, dont des Tunisiens, \u00e0 bord du \u00ab\u00a0bus de la paix\u00a0\u00bb \u00e0 travers l&rsquo;Europe"},"content":{"rendered":"<p>Une initiative assez int\u00e9ressante a \u00e9t\u00e9 lanc\u00e9e en France : Un bus d&rsquo;imams fera le tour de plusieurs villes europ\u00e9ennes touch\u00e9es par le terrorisme, \u00e0 savoir\u00a0Nice, Paris, Bruxelles et Berlin.<\/p>\n<p>Deux personnes sont \u00e0 l&rsquo;origine de cette id\u00e9e, intitul\u00e9e \u00ab\u00a0Marche des musulmans contre le terrorisme\u00a0\u00bb : Le franco-tunisien Hassen Chalghoumi, imam de\u00a0Drancy (Seine-Saint-Denis) et\u00a0Marek Halter, l&rsquo;\u00e9crivain juif et ap\u00f4tre du dialogue interreligieux.<\/p>\n<p>Le bus, \u00e0 bord duquel une soixantaine d&rsquo;imams venus de France, Allemagne, Italie, Belgique et Tunisie se retrouveront, parcourra des centaines de kilom\u00e8tres\u00a0entre le 8 et le 14 juillet, afin d&rsquo;appeler au dialogue et \u00e0 la paix, \u00e9liminer les pr\u00e9judices et les id\u00e9es re\u00e7ues et prier \u00e0 la m\u00e9moire des victimes.<\/p>\n<p>Selon les deux organisateurs, cit\u00e9s par Le Parisien, \u00ab\u00a0cet \u00e9v\u00e9nement doit, en cr\u00e9ant le contact, permettre d&rsquo;absorber la col\u00e8re des gens. Le rejet existe, il y a une m\u00e9fiance \u00e0 l&rsquo;\u00e9gard de l&rsquo;islam\u00a0\u00bb, d&rsquo;o\u00f9 \u00ab\u00a0une mont\u00e9e de la haine et des affrontements intercommunautaires\u00a0\u00bb qu&rsquo;il faut \u00e9viter.<\/p>\n<p>\u00ab\u00a0On s&rsquo;affiche publiquement face \u00e0 Daech, face \u00e0 la barbarie et ce n&rsquo;est facile. [&#8230;] Mais quand notre religion est prise en otage, on doit r\u00e9agir\u00a0\u00bb a d\u00e9clar\u00e9 l&rsquo;imam Hassen Chalghoumi.<br \/>\nI.B.<\/p>\n","protected":false},"excerpt":{"rendered":"<p>Soixante imams, dont des Tunisiens, \u00e0 bord du  bus de la paix  \u00e0 travers l&rsquo;Europe<\/p>\n","protected":false},"author":3222,"featured_media":339317,"comment_status":"open","ping_status":"closed","sticky":false,"template":"","format":"standard","meta":{"footnotes":""},"categories":[2598],"tags":[2600],"class_list":["post-182451","post","type-post","status-publish","format-standard","has-post-thumbnail","hentry","category-international","tag-guerre"],"yoast_head":"<!-- This site is optimized with the Yoast SEO Premium plugin v27.5 (Yoast SEO v27.5) - https:\/\/yoast.com\/product\/yoast-seo-premium-wordpress\/ -->\n<title>Soixante imams, dont des Tunisiens, \u00e0 bord du bus de la paix \u00e0 travers l&#039;Europe<\/title>\n<meta name=\"description\" content=\"Soixante imams, dont des Tunisiens, \u00e0 bord du bus de la paix \u00e0 travers l&#039;Europe\" \/>\n<link rel=\"canonical\" href=\"https:\/\/www.webdo.tn\/fr\/actualite\/international\/soixante-imams-dont-des-tunisiens-a-bord-du-bus-de-paix-a-travers-leurope\/182451\/\" \/>\n<meta property=\"og:locale\" content=\"fr_FR\" \/>\n<meta property=\"og:type\" content=\"article\" \/>\n<meta property=\"og:title\" content=\"Soixante imams, dont des Tunisiens, \u00e0 bord du &quot;bus de la paix&quot; \u00e0 travers l&#039;Europe\" \/>\n<meta property=\"og:description\" content=\"Soixante imams, dont des Tunisiens, \u00e0 bord du bus de la paix \u00e0 travers l&#039;Europe\" \/>\n<meta property=\"og:url\" content=\"https:\/\/www.webdo.tn\/fr\/actualite\/international\/soixante-imams-dont-des-tunisiens-a-bord-du-bus-de-paix-a-travers-leurope\/182451\/\" \/>\n<meta property=\"og:site_name\" content=\"webdo\" \/>\n<meta property=\"article:publisher\" content=\"https:\/\/www.facebook.com\/webdotn\" \/>\n<meta property=\"article:published_time\" content=\"2017-06-30T11:39:00+00:00\" \/>\n<meta property=\"og:image\" content=\"https:\/\/www.webdo.tn\/fr\/wp-content\/uploads\/2017\/06\/hassen-chalghoumi.jpg\" \/>\n\t<meta property=\"og:image:width\" content=\"660\" \/>\n\t<meta property=\"og:image:height\" content=\"325\" \/>\n\t<meta property=\"og:image:type\" content=\"image\/jpeg\" \/>\n<meta name=\"author\" content=\"webdo.tn\" \/>\n<meta name=\"twitter:card\" content=\"summary_large_image\" \/>\n<meta name=\"twitter:creator\" content=\"@webdo_tn\" \/>\n<meta name=\"twitter:site\" content=\"@webdo_tn\" \/>\n<meta name=\"twitter:label1\" content=\"\u00c9crit par\" \/>\n\t<meta name=\"twitter:data1\" content=\"webdo.tn\" \/>\n\t<meta name=\"twitter:label2\" content=\"Dur\u00e9e de lecture estim\u00e9e\" \/>\n\t<meta name=\"twitter:data2\" content=\"1 minute\" \/>\n<script type=\"application\/ld+json\" class=\"yoast-schema-graph\">{\"@context\":\"https:\\\/\\\/schema.org\",\"@graph\":[{\"@type\":\"NewsArticle\",\"@id\":\"https:\\\/\\\/www.webdo.tn\\\/fr\\\/actualite\\\/international\\\/soixante-imams-dont-des-tunisiens-a-bord-du-bus-de-paix-a-travers-leurope\\\/182451\\\/#article\",\"isPartOf\":{\"@id\":\"https:\\\/\\\/www.webdo.tn\\\/fr\\\/actualite\\\/international\\\/soixante-imams-dont-des-tunisiens-a-bord-du-bus-de-paix-a-travers-leurope\\\/182451\\\/\"},\"author\":{\"name\":\"webdo.tn\",\"@id\":\"https:\\\/\\\/www.webdo.tn\\\/fr\\\/#\\\/schema\\\/person\\\/9a9c6118d687c117df8ef3cc36a4d175\"},\"headline\":\"Soixante imams, dont des Tunisiens, \u00e0 bord du \u00ab\u00a0bus de la paix\u00a0\u00bb \u00e0 travers l&rsquo;Europe\",\"datePublished\":\"2017-06-30T11:39:00+00:00\",\"mainEntityOfPage\":{\"@id\":\"https:\\\/\\\/www.webdo.tn\\\/fr\\\/actualite\\\/international\\\/soixante-imams-dont-des-tunisiens-a-bord-du-bus-de-paix-a-travers-leurope\\\/182451\\\/\"},\"wordCount\":230,\"commentCount\":0,\"publisher\":{\"@id\":\"https:\\\/\\\/www.webdo.tn\\\/fr\\\/#organization\"},\"image\":{\"@id\":\"https:\\\/\\\/www.webdo.tn\\\/fr\\\/actualite\\\/international\\\/soixante-imams-dont-des-tunisiens-a-bord-du-bus-de-paix-a-travers-leurope\\\/182451\\\/#primaryimage\"},\"thumbnailUrl\":\"https:\\\/\\\/www.webdo.tn\\\/fr\\\/wp-content\\\/uploads\\\/2017\\\/06\\\/hassen-chalghoumi.jpg\",\"keywords\":[\"guerre\"],\"articleSection\":[\"International\"],\"inLanguage\":\"fr-FR\"},{\"@type\":\"WebPage\",\"@id\":\"https:\\\/\\\/www.webdo.tn\\\/fr\\\/actualite\\\/international\\\/soixante-imams-dont-des-tunisiens-a-bord-du-bus-de-paix-a-travers-leurope\\\/182451\\\/\",\"url\":\"https:\\\/\\\/www.webdo.tn\\\/fr\\\/actualite\\\/international\\\/soixante-imams-dont-des-tunisiens-a-bord-du-bus-de-paix-a-travers-leurope\\\/182451\\\/\",\"name\":\"Soixante imams, dont des Tunisiens, \u00e0 bord du bus de la paix \u00e0 travers l'Europe\",\"isPartOf\":{\"@id\":\"https:\\\/\\\/www.webdo.tn\\\/fr\\\/#website\"},\"primaryImageOfPage\":{\"@id\":\"https:\\\/\\\/www.webdo.tn\\\/fr\\\/actualite\\\/international\\\/soixante-imams-dont-des-tunisiens-a-bord-du-bus-de-paix-a-travers-leurope\\\/182451\\\/#primaryimage\"},\"image\":{\"@id\":\"https:\\\/\\\/www.webdo.tn\\\/fr\\\/actualite\\\/international\\\/soixante-imams-dont-des-tunisiens-a-bord-du-bus-de-paix-a-travers-leurope\\\/182451\\\/#primaryimage\"},\"thumbnailUrl\":\"https:\\\/\\\/www.webdo.tn\\\/fr\\\/wp-content\\\/uploads\\\/2017\\\/06\\\/hassen-chalghoumi.jpg\",\"datePublished\":\"2017-06-30T11:39:00+00:00\",\"description\":\"Soixante imams, dont des Tunisiens, \u00e0 bord du bus de la paix \u00e0 travers l'Europe\",\"breadcrumb\":{\"@id\":\"https:\\\/\\\/www.webdo.tn\\\/fr\\\/actualite\\\/international\\\/soixante-imams-dont-des-tunisiens-a-bord-du-bus-de-paix-a-travers-leurope\\\/182451\\\/#breadcrumb\"},\"inLanguage\":\"fr-FR\",\"potentialAction\":[{\"@type\":\"ReadAction\",\"target\":[\"https:\\\/\\\/www.webdo.tn\\\/fr\\\/actualite\\\/international\\\/soixante-imams-dont-des-tunisiens-a-bord-du-bus-de-paix-a-travers-leurope\\\/182451\\\/\"]}]},{\"@type\":\"ImageObject\",\"inLanguage\":\"fr-FR\",\"@id\":\"https:\\\/\\\/www.webdo.tn\\\/fr\\\/actualite\\\/international\\\/soixante-imams-dont-des-tunisiens-a-bord-du-bus-de-paix-a-travers-leurope\\\/182451\\\/#primaryimage\",\"url\":\"https:\\\/\\\/www.webdo.tn\\\/fr\\\/wp-content\\\/uploads\\\/2017\\\/06\\\/hassen-chalghoumi.jpg\",\"contentUrl\":\"https:\\\/\\\/www.webdo.tn\\\/fr\\\/wp-content\\\/uploads\\\/2017\\\/06\\\/hassen-chalghoumi.jpg\",\"width\":660,\"height\":325,\"caption\":\"Soixante imams, dont des Tunisiens, \u00e0 bord du \\\"bus de la paix\\\" \u00e0 travers l'Europe\"},{\"@type\":\"BreadcrumbList\",\"@id\":\"https:\\\/\\\/www.webdo.tn\\\/fr\\\/actualite\\\/international\\\/soixante-imams-dont-des-tunisiens-a-bord-du-bus-de-paix-a-travers-leurope\\\/182451\\\/#breadcrumb\",\"itemListElement\":[{\"@type\":\"ListItem\",\"position\":1,\"name\":\"Accueil\",\"item\":\"https:\\\/\\\/www.webdo.tn\\\/fr\\\/\"},{\"@type\":\"ListItem\",\"position\":2,\"name\":\"Soixante imams, dont des Tunisiens, \u00e0 bord du \u00ab\u00a0bus de la paix\u00a0\u00bb \u00e0 travers l&rsquo;Europe\"}]},{\"@type\":\"WebSite\",\"@id\":\"https:\\\/\\\/www.webdo.tn\\\/fr\\\/#website\",\"url\":\"https:\\\/\\\/www.webdo.tn\\\/fr\\\/\",\"name\":\"webdo\",\"description\":\"Tunisie - News en Tunisie et \u00e0 l&#039;international sur Webdo.tn\",\"publisher\":{\"@id\":\"https:\\\/\\\/www.webdo.tn\\\/fr\\\/#organization\"},\"potentialAction\":[{\"@type\":\"SearchAction\",\"target\":{\"@type\":\"EntryPoint\",\"urlTemplate\":\"https:\\\/\\\/www.webdo.tn\\\/fr\\\/?s={search_term_string}\"},\"query-input\":{\"@type\":\"PropertyValueSpecification\",\"valueRequired\":true,\"valueName\":\"search_term_string\"}}],\"inLanguage\":\"fr-FR\"},{\"@type\":\"Organization\",\"@id\":\"https:\\\/\\\/www.webdo.tn\\\/fr\\\/#organization\",\"name\":\"Webdo\",\"alternateName\":\"Webdo.tn\",\"url\":\"https:\\\/\\\/www.webdo.tn\\\/fr\\\/\",\"logo\":{\"@type\":\"ImageObject\",\"inLanguage\":\"fr-FR\",\"@id\":\"https:\\\/\\\/www.webdo.tn\\\/fr\\\/#\\\/schema\\\/logo\\\/image\\\/\",\"url\":\"https:\\\/\\\/www.webdo.tn\\\/fr\\\/wp-content\\\/uploads\\\/2025\\\/06\\\/Webdo-Tunisie_168377.jpg\",\"contentUrl\":\"https:\\\/\\\/www.webdo.tn\\\/fr\\\/wp-content\\\/uploads\\\/2025\\\/06\\\/Webdo-Tunisie_168377.jpg\",\"width\":301,\"height\":301,\"caption\":\"Webdo\"},\"image\":{\"@id\":\"https:\\\/\\\/www.webdo.tn\\\/fr\\\/#\\\/schema\\\/logo\\\/image\\\/\"},\"sameAs\":[\"https:\\\/\\\/www.facebook.com\\\/webdotn\",\"https:\\\/\\\/x.com\\\/webdo_tn\"],\"description\":\"Webdo est un m\u00e9dia num\u00e9rique tunisien fond\u00e9 en 2010, sp\u00e9cialis\u00e9 dans l\u2019actualit\u00e9 nationale et internationale, l\u2019\u00e9conomie, la soci\u00e9t\u00e9 et les analyses politiques. Le site s\u2019adresse \u00e0 un large public francophone et couvre l\u2019information tunisienne en temps r\u00e9el.\",\"email\":\"redac@webdo.tn\",\"legalName\":\"YNJ SARL\",\"foundingDate\":\"2010-09-06\",\"numberOfEmployees\":{\"@type\":\"QuantitativeValue\",\"minValue\":\"11\",\"maxValue\":\"50\"}},{\"@type\":\"Person\",\"@id\":\"https:\\\/\\\/www.webdo.tn\\\/fr\\\/#\\\/schema\\\/person\\\/9a9c6118d687c117df8ef3cc36a4d175\",\"name\":\"webdo.tn\",\"image\":{\"@type\":\"ImageObject\",\"inLanguage\":\"fr-FR\",\"@id\":\"https:\\\/\\\/secure.gravatar.com\\\/avatar\\\/7ce1f28c0c3bbac99ff550b85ef8e44a6950c6ee24514fb6a5489e51d06f0298?s=96&d=mm&r=g\",\"url\":\"https:\\\/\\\/secure.gravatar.com\\\/avatar\\\/7ce1f28c0c3bbac99ff550b85ef8e44a6950c6ee24514fb6a5489e51d06f0298?s=96&d=mm&r=g\",\"contentUrl\":\"https:\\\/\\\/secure.gravatar.com\\\/avatar\\\/7ce1f28c0c3bbac99ff550b85ef8e44a6950c6ee24514fb6a5489e51d06f0298?s=96&d=mm&r=g\",\"caption\":\"webdo.tn\"},\"url\":\"https:\\\/\\\/www.webdo.tn\\\/fr\\\/actualite\\\/author\\\/webdotn\\\/\"}]}<\/script>\n<!-- \/ Yoast SEO Premium plugin. -->","yoast_head_json":{"title":"Soixante imams, dont des Tunisiens, \u00e0 bord du bus de la paix \u00e0 travers l'Europe","description":"Soixante imams, dont des Tunisiens, \u00e0 bord du bus de la paix \u00e0 travers l'Europe","canonical":"https:\/\/www.webdo.tn\/fr\/actualite\/international\/soixante-imams-dont-des-tunisiens-a-bord-du-bus-de-paix-a-travers-leurope\/182451\/","og_locale":"fr_FR","og_type":"article","og_title":"Soixante imams, dont des Tunisiens, \u00e0 bord du \"bus de la paix\" \u00e0 travers l'Europe","og_description":"Soixante imams, dont des Tunisiens, \u00e0 bord du bus de la paix \u00e0 travers l'Europe","og_url":"https:\/\/www.webdo.tn\/fr\/actualite\/international\/soixante-imams-dont-des-tunisiens-a-bord-du-bus-de-paix-a-travers-leurope\/182451\/","og_site_name":"webdo","article_publisher":"https:\/\/www.facebook.com\/webdotn","article_published_time":"2017-06-30T11:39:00+00:00","og_image":[{"width":660,"height":325,"url":"https:\/\/www.webdo.tn\/fr\/wp-content\/uploads\/2017\/06\/hassen-chalghoumi.jpg","type":"image\/jpeg"}],"author":"webdo.tn","twitter_card":"summary_large_image","twitter_creator":"@webdo_tn","twitter_site":"@webdo_tn","twitter_misc":{"\u00c9crit par":"webdo.tn","Dur\u00e9e de lecture estim\u00e9e":"1 minute"},"schema":{"@context":"https:\/\/schema.org","@graph":[{"@type":"NewsArticle","@id":"https:\/\/www.webdo.tn\/fr\/actualite\/international\/soixante-imams-dont-des-tunisiens-a-bord-du-bus-de-paix-a-travers-leurope\/182451\/#article","isPartOf":{"@id":"https:\/\/www.webdo.tn\/fr\/actualite\/international\/soixante-imams-dont-des-tunisiens-a-bord-du-bus-de-paix-a-travers-leurope\/182451\/"},"author":{"name":"webdo.tn","@id":"https:\/\/www.webdo.tn\/fr\/#\/schema\/person\/9a9c6118d687c117df8ef3cc36a4d175"},"headline":"Soixante imams, dont des Tunisiens, \u00e0 bord du \u00ab\u00a0bus de la paix\u00a0\u00bb \u00e0 travers l&rsquo;Europe","datePublished":"2017-06-30T11:39:00+00:00","mainEntityOfPage":{"@id":"https:\/\/www.webdo.tn\/fr\/actualite\/international\/soixante-imams-dont-des-tunisiens-a-bord-du-bus-de-paix-a-travers-leurope\/182451\/"},"wordCount":230,"commentCount":0,"publisher":{"@id":"https:\/\/www.webdo.tn\/fr\/#organization"},"image":{"@id":"https:\/\/www.webdo.tn\/fr\/actualite\/international\/soixante-imams-dont-des-tunisiens-a-bord-du-bus-de-paix-a-travers-leurope\/182451\/#primaryimage"},"thumbnailUrl":"https:\/\/www.webdo.tn\/fr\/wp-content\/uploads\/2017\/06\/hassen-chalghoumi.jpg","keywords":["guerre"],"articleSection":["International"],"inLanguage":"fr-FR"},{"@type":"WebPage","@id":"https:\/\/www.webdo.tn\/fr\/actualite\/international\/soixante-imams-dont-des-tunisiens-a-bord-du-bus-de-paix-a-travers-leurope\/182451\/","url":"https:\/\/www.webdo.tn\/fr\/actualite\/international\/soixante-imams-dont-des-tunisiens-a-bord-du-bus-de-paix-a-travers-leurope\/182451\/","name":"Soixante imams, dont des Tunisiens, \u00e0 bord du bus de la paix \u00e0 travers l'Europe","isPartOf":{"@id":"https:\/\/www.webdo.tn\/fr\/#website"},"primaryImageOfPage":{"@id":"https:\/\/www.webdo.tn\/fr\/actualite\/international\/soixante-imams-dont-des-tunisiens-a-bord-du-bus-de-paix-a-travers-leurope\/182451\/#primaryimage"},"image":{"@id":"https:\/\/www.webdo.tn\/fr\/actualite\/international\/soixante-imams-dont-des-tunisiens-a-bord-du-bus-de-paix-a-travers-leurope\/182451\/#primaryimage"},"thumbnailUrl":"https:\/\/www.webdo.tn\/fr\/wp-content\/uploads\/2017\/06\/hassen-chalghoumi.jpg","datePublished":"2017-06-30T11:39:00+00:00","description":"Soixante imams, dont des Tunisiens, \u00e0 bord du bus de la paix \u00e0 travers l'Europe","breadcrumb":{"@id":"https:\/\/www.webdo.tn\/fr\/actualite\/international\/soixante-imams-dont-des-tunisiens-a-bord-du-bus-de-paix-a-travers-leurope\/182451\/#breadcrumb"},"inLanguage":"fr-FR","potentialAction":[{"@type":"ReadAction","target":["https:\/\/www.webdo.tn\/fr\/actualite\/international\/soixante-imams-dont-des-tunisiens-a-bord-du-bus-de-paix-a-travers-leurope\/182451\/"]}]},{"@type":"ImageObject","inLanguage":"fr-FR","@id":"https:\/\/www.webdo.tn\/fr\/actualite\/international\/soixante-imams-dont-des-tunisiens-a-bord-du-bus-de-paix-a-travers-leurope\/182451\/#primaryimage","url":"https:\/\/www.webdo.tn\/fr\/wp-content\/uploads\/2017\/06\/hassen-chalghoumi.jpg","contentUrl":"https:\/\/www.webdo.tn\/fr\/wp-content\/uploads\/2017\/06\/hassen-chalghoumi.jpg","width":660,"height":325,"caption":"Soixante imams, dont des Tunisiens, \u00e0 bord du \"bus de la paix\" \u00e0 travers l'Europe"},{"@type":"BreadcrumbList","@id":"https:\/\/www.webdo.tn\/fr\/actualite\/international\/soixante-imams-dont-des-tunisiens-a-bord-du-bus-de-paix-a-travers-leurope\/182451\/#breadcrumb","itemListElement":[{"@type":"ListItem","position":1,"name":"Accueil","item":"https:\/\/www.webdo.tn\/fr\/"},{"@type":"ListItem","position":2,"name":"Soixante imams, dont des Tunisiens, \u00e0 bord du \u00ab\u00a0bus de la paix\u00a0\u00bb \u00e0 travers l&rsquo;Europe"}]},{"@type":"WebSite","@id":"https:\/\/www.webdo.tn\/fr\/#website","url":"https:\/\/www.webdo.tn\/fr\/","name":"webdo","description":"Tunisie - News en Tunisie et \u00e0 l&#039;international sur Webdo.tn","publisher":{"@id":"https:\/\/www.webdo.tn\/fr\/#organization"},"potentialAction":[{"@type":"SearchAction","target":{"@type":"EntryPoint","urlTemplate":"https:\/\/www.webdo.tn\/fr\/?s={search_term_string}"},"query-input":{"@type":"PropertyValueSpecification","valueRequired":true,"valueName":"search_term_string"}}],"inLanguage":"fr-FR"},{"@type":"Organization","@id":"https:\/\/www.webdo.tn\/fr\/#organization","name":"Webdo","alternateName":"Webdo.tn","url":"https:\/\/www.webdo.tn\/fr\/","logo":{"@type":"ImageObject","inLanguage":"fr-FR","@id":"https:\/\/www.webdo.tn\/fr\/#\/schema\/logo\/image\/","url":"https:\/\/www.webdo.tn\/fr\/wp-content\/uploads\/2025\/06\/Webdo-Tunisie_168377.jpg","contentUrl":"https:\/\/www.webdo.tn\/fr\/wp-content\/uploads\/2025\/06\/Webdo-Tunisie_168377.jpg","width":301,"height":301,"caption":"Webdo"},"image":{"@id":"https:\/\/www.webdo.tn\/fr\/#\/schema\/logo\/image\/"},"sameAs":["https:\/\/www.facebook.com\/webdotn","https:\/\/x.com\/webdo_tn"],"description":"Webdo est un m\u00e9dia num\u00e9rique tunisien fond\u00e9 en 2010, sp\u00e9cialis\u00e9 dans l\u2019actualit\u00e9 nationale et internationale, l\u2019\u00e9conomie, la soci\u00e9t\u00e9 et les analyses politiques. Le site s\u2019adresse \u00e0 un large public francophone et couvre l\u2019information tunisienne en temps r\u00e9el.","email":"redac@webdo.tn","legalName":"YNJ SARL","foundingDate":"2010-09-06","numberOfEmployees":{"@type":"QuantitativeValue","minValue":"11","maxValue":"50"}},{"@type":"Person","@id":"https:\/\/www.webdo.tn\/fr\/#\/schema\/person\/9a9c6118d687c117df8ef3cc36a4d175","name":"webdo.tn","image":{"@type":"ImageObject","inLanguage":"fr-FR","@id":"https:\/\/secure.gravatar.com\/avatar\/7ce1f28c0c3bbac99ff550b85ef8e44a6950c6ee24514fb6a5489e51d06f0298?s=96&d=mm&r=g","url":"https:\/\/secure.gravatar.com\/avatar\/7ce1f28c0c3bbac99ff550b85ef8e44a6950c6ee24514fb6a5489e51d06f0298?s=96&d=mm&r=g","contentUrl":"https:\/\/secure.gravatar.com\/avatar\/7ce1f28c0c3bbac99ff550b85ef8e44a6950c6ee24514fb6a5489e51d06f0298?s=96&d=mm&r=g","caption":"webdo.tn"},"url":"https:\/\/www.webdo.tn\/fr\/actualite\/author\/webdotn\/"}]}},"_links":{"self":[{"href":"https:\/\/www.webdo.tn\/fr\/wp-json\/wp\/v2\/posts\/182451","targetHints":{"allow":["GET"]}}],"collection":[{"href":"https:\/\/www.webdo.tn\/fr\/wp-json\/wp\/v2\/posts"}],"about":[{"href":"https:\/\/www.webdo.tn\/fr\/wp-json\/wp\/v2\/types\/post"}],"author":[{"embeddable":true,"href":"https:\/\/www.webdo.tn\/fr\/wp-json\/wp\/v2\/users\/3222"}],"replies":[{"embeddable":true,"href":"https:\/\/www.webdo.tn\/fr\/wp-json\/wp\/v2\/comments?post=182451"}],"version-history":[{"count":0,"href":"https:\/\/www.webdo.tn\/fr\/wp-json\/wp\/v2\/posts\/182451\/revisions"}],"wp:featuredmedia":[{"embeddable":true,"href":"https:\/\/www.webdo.tn\/fr\/wp-json\/wp\/v2\/media\/339317"}],"wp:attachment":[{"href":"https:\/\/www.webdo.tn\/fr\/wp-json\/wp\/v2\/media?parent=182451"}],"wp:term":[{"taxonomy":"category","embeddable":true,"href":"https:\/\/www.webdo.tn\/fr\/wp-json\/wp\/v2\/categories?post=182451"},{"taxonomy":"post_tag","embeddable":true,"href":"https:\/\/www.webdo.tn\/fr\/wp-json\/wp\/v2\/tags?post=182451"}],"curies":[{"name":"wp","href":"https:\/\/api.w.org\/{rel}","templated":true}]}}