{"id":181997,"date":"2018-12-11T22:08:00","date_gmt":"2018-12-11T22:08:00","guid":{"rendered":"https:\/\/www.webdo.tn\/fr\/blog\/coups-de-feu-a-strasbourg-en-france-2-morts-11-blesses-le-tireur-toujours-en-fuite\/181997\/"},"modified":"2025-05-18T23:15:24","modified_gmt":"2025-05-18T23:15:24","slug":"coups-de-feu-a-strasbourg-en-france-2-morts-11-blesses-le-tireur-toujours-en-fuite","status":"publish","type":"post","link":"https:\/\/www.webdo.tn\/fr\/actualite\/international\/coups-de-feu-a-strasbourg-en-france-2-morts-11-blesses-le-tireur-toujours-en-fuite\/181997\/","title":{"rendered":"Coups de feu \u00e0 Strasbourg en France: 2 morts, 11 bless\u00e9s, le tireur toujours en fuite"},"content":{"rendered":"<p>Des coups de feu ont \u00e9t\u00e9 tir\u00e9s pr\u00e8s du march\u00e9 de No\u00ebl dans le centre-ville de Strasbourg en France ce mardi soir. Le bilan provisoire de la fusillade qui serait terroriste selon les autorit\u00e9s s\u00e9curitaires, est de deux morts et 11 bless\u00e9s.<\/p>\n<p>Plusieurs sources locales indiquent que la police a bel et bien identifi\u00e9 l&rsquo;assaillant, qui est toujours en fuite. Le pr\u00e9sident fran\u00e7ais Emmanuel Macron a envoy\u00e9 le ministre de l&rsquo;Int\u00e9rieur \u00e0 Strasboug.<\/p>\n<p>\u00ab Il faut rester tr\u00e8s prudent \u00e0 ce stade. On ne sait pas encore les circonstances de ces coups de feu. Impossible de dire \u00e0 ce stade s\u2019il s\u2019agit d\u2019un r\u00e8glement de compte ou d\u2019un acte de nature terroriste \u00bb, pr\u00e9cise au Monde, le minist\u00e8re de l\u2019int\u00e9rieur.<\/p>\n<p>Un grand dispositif s\u00e9curitaire a \u00e9t\u00e9 aussit\u00f4t install\u00e9\u00a0dans le centre-ville de Strasbourg, situ\u00e9e sur la fronti\u00e8re allemande, rapportent pluisuers sources fran\u00e7aises.<\/p>\n<p>Selon le quotidien r\u00e9gional Derni\u00e8res Nouvelles d&rsquo;Alsace, l&rsquo;auteur de la fusillade serait fich\u00e9 S pour radicalisation.<\/p>\n","protected":false},"excerpt":{"rendered":"<p>Coups de feu \u00e0 Strasbourg en France: 2 morts, 11 bless\u00e9s, le tireur toujours en fuite<\/p>\n","protected":false},"author":3222,"featured_media":296946,"comment_status":"open","ping_status":"closed","sticky":false,"template":"","format":"standard","meta":{"footnotes":""},"categories":[2598],"tags":[2600],"class_list":["post-181997","post","type-post","status-publish","format-standard","has-post-thumbnail","hentry","category-international","tag-guerre"],"yoast_head":"<!-- This site is optimized with the Yoast SEO Premium plugin v27.4 (Yoast SEO v27.4) - https:\/\/yoast.com\/product\/yoast-seo-premium-wordpress\/ -->\n<title>Coups de feu \u00e0 Strasbourg en France: 2 morts, 11 bless\u00e9s, le tireur toujours en fuite<\/title>\n<meta name=\"description\" content=\"Coups de feu \u00e0 Strasbourg en France: 2 morts, 11 bless\u00e9s, le tireur toujours en fuite\" \/>\n<link rel=\"canonical\" href=\"https:\/\/www.webdo.tn\/fr\/actualite\/international\/coups-de-feu-a-strasbourg-en-france-2-morts-11-blesses-le-tireur-toujours-en-fuite\/181997\/\" \/>\n<meta property=\"og:locale\" content=\"fr_FR\" \/>\n<meta property=\"og:type\" content=\"article\" \/>\n<meta property=\"og:title\" content=\"Coups de feu \u00e0 Strasbourg en France: 2 morts, 11 bless\u00e9s, le tireur toujours en fuite\" \/>\n<meta property=\"og:description\" content=\"Coups de feu \u00e0 Strasbourg en France: 2 morts, 11 bless\u00e9s, le tireur toujours en fuite\" \/>\n<meta property=\"og:url\" content=\"https:\/\/www.webdo.tn\/fr\/actualite\/international\/coups-de-feu-a-strasbourg-en-france-2-morts-11-blesses-le-tireur-toujours-en-fuite\/181997\/\" \/>\n<meta property=\"og:site_name\" content=\"webdo\" \/>\n<meta property=\"article:publisher\" content=\"https:\/\/www.facebook.com\/webdotn\" \/>\n<meta property=\"article:published_time\" content=\"2018-12-11T22:08:00+00:00\" \/>\n<meta property=\"article:modified_time\" content=\"2025-05-18T23:15:24+00:00\" \/>\n<meta property=\"og:image\" content=\"https:\/\/www.webdo.tn\/fr\/wp-content\/uploads\/2018\/12\/sn.png\" \/>\n\t<meta property=\"og:image:width\" content=\"554\" \/>\n\t<meta property=\"og:image:height\" content=\"343\" \/>\n\t<meta property=\"og:image:type\" content=\"image\/png\" \/>\n<meta name=\"author\" content=\"webdo.tn\" \/>\n<meta name=\"twitter:card\" content=\"summary_large_image\" \/>\n<meta name=\"twitter:creator\" content=\"@webdo_tn\" \/>\n<meta name=\"twitter:site\" content=\"@webdo_tn\" \/>\n<meta name=\"twitter:label1\" content=\"\u00c9crit par\" \/>\n\t<meta name=\"twitter:data1\" content=\"webdo.tn\" \/>\n\t<meta name=\"twitter:label2\" content=\"Dur\u00e9e de lecture estim\u00e9e\" \/>\n\t<meta name=\"twitter:data2\" content=\"1 minute\" \/>\n<script type=\"application\/ld+json\" class=\"yoast-schema-graph\">{\"@context\":\"https:\\\/\\\/schema.org\",\"@graph\":[{\"@type\":\"NewsArticle\",\"@id\":\"https:\\\/\\\/www.webdo.tn\\\/fr\\\/actualite\\\/international\\\/coups-de-feu-a-strasbourg-en-france-2-morts-11-blesses-le-tireur-toujours-en-fuite\\\/181997\\\/#article\",\"isPartOf\":{\"@id\":\"https:\\\/\\\/www.webdo.tn\\\/fr\\\/actualite\\\/international\\\/coups-de-feu-a-strasbourg-en-france-2-morts-11-blesses-le-tireur-toujours-en-fuite\\\/181997\\\/\"},\"author\":{\"name\":\"webdo.tn\",\"@id\":\"https:\\\/\\\/www.webdo.tn\\\/fr\\\/#\\\/schema\\\/person\\\/9a9c6118d687c117df8ef3cc36a4d175\"},\"headline\":\"Coups de feu \u00e0 Strasbourg en France: 2 morts, 11 bless\u00e9s, le tireur toujours en fuite\",\"datePublished\":\"2018-12-11T22:08:00+00:00\",\"dateModified\":\"2025-05-18T23:15:24+00:00\",\"mainEntityOfPage\":{\"@id\":\"https:\\\/\\\/www.webdo.tn\\\/fr\\\/actualite\\\/international\\\/coups-de-feu-a-strasbourg-en-france-2-morts-11-blesses-le-tireur-toujours-en-fuite\\\/181997\\\/\"},\"wordCount\":196,\"commentCount\":0,\"publisher\":{\"@id\":\"https:\\\/\\\/www.webdo.tn\\\/fr\\\/#organization\"},\"image\":{\"@id\":\"https:\\\/\\\/www.webdo.tn\\\/fr\\\/actualite\\\/international\\\/coups-de-feu-a-strasbourg-en-france-2-morts-11-blesses-le-tireur-toujours-en-fuite\\\/181997\\\/#primaryimage\"},\"thumbnailUrl\":\"https:\\\/\\\/www.webdo.tn\\\/fr\\\/wp-content\\\/uploads\\\/2018\\\/12\\\/sn.png\",\"keywords\":[\"guerre\"],\"articleSection\":[\"International\"],\"inLanguage\":\"fr-FR\"},{\"@type\":\"WebPage\",\"@id\":\"https:\\\/\\\/www.webdo.tn\\\/fr\\\/actualite\\\/international\\\/coups-de-feu-a-strasbourg-en-france-2-morts-11-blesses-le-tireur-toujours-en-fuite\\\/181997\\\/\",\"url\":\"https:\\\/\\\/www.webdo.tn\\\/fr\\\/actualite\\\/international\\\/coups-de-feu-a-strasbourg-en-france-2-morts-11-blesses-le-tireur-toujours-en-fuite\\\/181997\\\/\",\"name\":\"Coups de feu \u00e0 Strasbourg en France: 2 morts, 11 bless\u00e9s, le tireur toujours en fuite\",\"isPartOf\":{\"@id\":\"https:\\\/\\\/www.webdo.tn\\\/fr\\\/#website\"},\"primaryImageOfPage\":{\"@id\":\"https:\\\/\\\/www.webdo.tn\\\/fr\\\/actualite\\\/international\\\/coups-de-feu-a-strasbourg-en-france-2-morts-11-blesses-le-tireur-toujours-en-fuite\\\/181997\\\/#primaryimage\"},\"image\":{\"@id\":\"https:\\\/\\\/www.webdo.tn\\\/fr\\\/actualite\\\/international\\\/coups-de-feu-a-strasbourg-en-france-2-morts-11-blesses-le-tireur-toujours-en-fuite\\\/181997\\\/#primaryimage\"},\"thumbnailUrl\":\"https:\\\/\\\/www.webdo.tn\\\/fr\\\/wp-content\\\/uploads\\\/2018\\\/12\\\/sn.png\",\"datePublished\":\"2018-12-11T22:08:00+00:00\",\"dateModified\":\"2025-05-18T23:15:24+00:00\",\"description\":\"Coups de feu \u00e0 Strasbourg en France: 2 morts, 11 bless\u00e9s, le tireur toujours en fuite\",\"breadcrumb\":{\"@id\":\"https:\\\/\\\/www.webdo.tn\\\/fr\\\/actualite\\\/international\\\/coups-de-feu-a-strasbourg-en-france-2-morts-11-blesses-le-tireur-toujours-en-fuite\\\/181997\\\/#breadcrumb\"},\"inLanguage\":\"fr-FR\",\"potentialAction\":[{\"@type\":\"ReadAction\",\"target\":[\"https:\\\/\\\/www.webdo.tn\\\/fr\\\/actualite\\\/international\\\/coups-de-feu-a-strasbourg-en-france-2-morts-11-blesses-le-tireur-toujours-en-fuite\\\/181997\\\/\"]}]},{\"@type\":\"ImageObject\",\"inLanguage\":\"fr-FR\",\"@id\":\"https:\\\/\\\/www.webdo.tn\\\/fr\\\/actualite\\\/international\\\/coups-de-feu-a-strasbourg-en-france-2-morts-11-blesses-le-tireur-toujours-en-fuite\\\/181997\\\/#primaryimage\",\"url\":\"https:\\\/\\\/www.webdo.tn\\\/fr\\\/wp-content\\\/uploads\\\/2018\\\/12\\\/sn.png\",\"contentUrl\":\"https:\\\/\\\/www.webdo.tn\\\/fr\\\/wp-content\\\/uploads\\\/2018\\\/12\\\/sn.png\",\"width\":554,\"height\":343,\"caption\":\"Coups de feu \u00e0 Strasbourg en France: 2 morts, 11 bless\u00e9s, le tireur toujours en fuite\"},{\"@type\":\"BreadcrumbList\",\"@id\":\"https:\\\/\\\/www.webdo.tn\\\/fr\\\/actualite\\\/international\\\/coups-de-feu-a-strasbourg-en-france-2-morts-11-blesses-le-tireur-toujours-en-fuite\\\/181997\\\/#breadcrumb\",\"itemListElement\":[{\"@type\":\"ListItem\",\"position\":1,\"name\":\"Accueil\",\"item\":\"https:\\\/\\\/www.webdo.tn\\\/fr\\\/\"},{\"@type\":\"ListItem\",\"position\":2,\"name\":\"Coups de feu \u00e0 Strasbourg en France: 2 morts, 11 bless\u00e9s, le tireur toujours en fuite\"}]},{\"@type\":\"WebSite\",\"@id\":\"https:\\\/\\\/www.webdo.tn\\\/fr\\\/#website\",\"url\":\"https:\\\/\\\/www.webdo.tn\\\/fr\\\/\",\"name\":\"webdo\",\"description\":\"Tunisie - News en Tunisie et \u00e0 l&#039;international sur Webdo.tn\",\"publisher\":{\"@id\":\"https:\\\/\\\/www.webdo.tn\\\/fr\\\/#organization\"},\"potentialAction\":[{\"@type\":\"SearchAction\",\"target\":{\"@type\":\"EntryPoint\",\"urlTemplate\":\"https:\\\/\\\/www.webdo.tn\\\/fr\\\/?s={search_term_string}\"},\"query-input\":{\"@type\":\"PropertyValueSpecification\",\"valueRequired\":true,\"valueName\":\"search_term_string\"}}],\"inLanguage\":\"fr-FR\"},{\"@type\":\"Organization\",\"@id\":\"https:\\\/\\\/www.webdo.tn\\\/fr\\\/#organization\",\"name\":\"Webdo\",\"alternateName\":\"Webdo.tn\",\"url\":\"https:\\\/\\\/www.webdo.tn\\\/fr\\\/\",\"logo\":{\"@type\":\"ImageObject\",\"inLanguage\":\"fr-FR\",\"@id\":\"https:\\\/\\\/www.webdo.tn\\\/fr\\\/#\\\/schema\\\/logo\\\/image\\\/\",\"url\":\"https:\\\/\\\/www.webdo.tn\\\/fr\\\/wp-content\\\/uploads\\\/2025\\\/06\\\/Webdo-Tunisie_168377.jpg\",\"contentUrl\":\"https:\\\/\\\/www.webdo.tn\\\/fr\\\/wp-content\\\/uploads\\\/2025\\\/06\\\/Webdo-Tunisie_168377.jpg\",\"width\":301,\"height\":301,\"caption\":\"Webdo\"},\"image\":{\"@id\":\"https:\\\/\\\/www.webdo.tn\\\/fr\\\/#\\\/schema\\\/logo\\\/image\\\/\"},\"sameAs\":[\"https:\\\/\\\/www.facebook.com\\\/webdotn\",\"https:\\\/\\\/x.com\\\/webdo_tn\"],\"description\":\"Webdo est un m\u00e9dia num\u00e9rique tunisien fond\u00e9 en 2010, sp\u00e9cialis\u00e9 dans l\u2019actualit\u00e9 nationale et internationale, l\u2019\u00e9conomie, la soci\u00e9t\u00e9 et les analyses politiques. Le site s\u2019adresse \u00e0 un large public francophone et couvre l\u2019information tunisienne en temps r\u00e9el.\",\"email\":\"redac@webdo.tn\",\"legalName\":\"YNJ SARL\",\"foundingDate\":\"2010-09-06\",\"numberOfEmployees\":{\"@type\":\"QuantitativeValue\",\"minValue\":\"11\",\"maxValue\":\"50\"}},{\"@type\":\"Person\",\"@id\":\"https:\\\/\\\/www.webdo.tn\\\/fr\\\/#\\\/schema\\\/person\\\/9a9c6118d687c117df8ef3cc36a4d175\",\"name\":\"webdo.tn\",\"image\":{\"@type\":\"ImageObject\",\"inLanguage\":\"fr-FR\",\"@id\":\"https:\\\/\\\/secure.gravatar.com\\\/avatar\\\/7ce1f28c0c3bbac99ff550b85ef8e44a6950c6ee24514fb6a5489e51d06f0298?s=96&d=mm&r=g\",\"url\":\"https:\\\/\\\/secure.gravatar.com\\\/avatar\\\/7ce1f28c0c3bbac99ff550b85ef8e44a6950c6ee24514fb6a5489e51d06f0298?s=96&d=mm&r=g\",\"contentUrl\":\"https:\\\/\\\/secure.gravatar.com\\\/avatar\\\/7ce1f28c0c3bbac99ff550b85ef8e44a6950c6ee24514fb6a5489e51d06f0298?s=96&d=mm&r=g\",\"caption\":\"webdo.tn\"},\"url\":\"https:\\\/\\\/www.webdo.tn\\\/fr\\\/actualite\\\/author\\\/webdotn\\\/\"}]}<\/script>\n<!-- \/ Yoast SEO Premium plugin. -->","yoast_head_json":{"title":"Coups de feu \u00e0 Strasbourg en France: 2 morts, 11 bless\u00e9s, le tireur toujours en fuite","description":"Coups de feu \u00e0 Strasbourg en France: 2 morts, 11 bless\u00e9s, le tireur toujours en fuite","canonical":"https:\/\/www.webdo.tn\/fr\/actualite\/international\/coups-de-feu-a-strasbourg-en-france-2-morts-11-blesses-le-tireur-toujours-en-fuite\/181997\/","og_locale":"fr_FR","og_type":"article","og_title":"Coups de feu \u00e0 Strasbourg en France: 2 morts, 11 bless\u00e9s, le tireur toujours en fuite","og_description":"Coups de feu \u00e0 Strasbourg en France: 2 morts, 11 bless\u00e9s, le tireur toujours en fuite","og_url":"https:\/\/www.webdo.tn\/fr\/actualite\/international\/coups-de-feu-a-strasbourg-en-france-2-morts-11-blesses-le-tireur-toujours-en-fuite\/181997\/","og_site_name":"webdo","article_publisher":"https:\/\/www.facebook.com\/webdotn","article_published_time":"2018-12-11T22:08:00+00:00","article_modified_time":"2025-05-18T23:15:24+00:00","og_image":[{"width":554,"height":343,"url":"https:\/\/www.webdo.tn\/fr\/wp-content\/uploads\/2018\/12\/sn.png","type":"image\/png"}],"author":"webdo.tn","twitter_card":"summary_large_image","twitter_creator":"@webdo_tn","twitter_site":"@webdo_tn","twitter_misc":{"\u00c9crit par":"webdo.tn","Dur\u00e9e de lecture estim\u00e9e":"1 minute"},"schema":{"@context":"https:\/\/schema.org","@graph":[{"@type":"NewsArticle","@id":"https:\/\/www.webdo.tn\/fr\/actualite\/international\/coups-de-feu-a-strasbourg-en-france-2-morts-11-blesses-le-tireur-toujours-en-fuite\/181997\/#article","isPartOf":{"@id":"https:\/\/www.webdo.tn\/fr\/actualite\/international\/coups-de-feu-a-strasbourg-en-france-2-morts-11-blesses-le-tireur-toujours-en-fuite\/181997\/"},"author":{"name":"webdo.tn","@id":"https:\/\/www.webdo.tn\/fr\/#\/schema\/person\/9a9c6118d687c117df8ef3cc36a4d175"},"headline":"Coups de feu \u00e0 Strasbourg en France: 2 morts, 11 bless\u00e9s, le tireur toujours en fuite","datePublished":"2018-12-11T22:08:00+00:00","dateModified":"2025-05-18T23:15:24+00:00","mainEntityOfPage":{"@id":"https:\/\/www.webdo.tn\/fr\/actualite\/international\/coups-de-feu-a-strasbourg-en-france-2-morts-11-blesses-le-tireur-toujours-en-fuite\/181997\/"},"wordCount":196,"commentCount":0,"publisher":{"@id":"https:\/\/www.webdo.tn\/fr\/#organization"},"image":{"@id":"https:\/\/www.webdo.tn\/fr\/actualite\/international\/coups-de-feu-a-strasbourg-en-france-2-morts-11-blesses-le-tireur-toujours-en-fuite\/181997\/#primaryimage"},"thumbnailUrl":"https:\/\/www.webdo.tn\/fr\/wp-content\/uploads\/2018\/12\/sn.png","keywords":["guerre"],"articleSection":["International"],"inLanguage":"fr-FR"},{"@type":"WebPage","@id":"https:\/\/www.webdo.tn\/fr\/actualite\/international\/coups-de-feu-a-strasbourg-en-france-2-morts-11-blesses-le-tireur-toujours-en-fuite\/181997\/","url":"https:\/\/www.webdo.tn\/fr\/actualite\/international\/coups-de-feu-a-strasbourg-en-france-2-morts-11-blesses-le-tireur-toujours-en-fuite\/181997\/","name":"Coups de feu \u00e0 Strasbourg en France: 2 morts, 11 bless\u00e9s, le tireur toujours en fuite","isPartOf":{"@id":"https:\/\/www.webdo.tn\/fr\/#website"},"primaryImageOfPage":{"@id":"https:\/\/www.webdo.tn\/fr\/actualite\/international\/coups-de-feu-a-strasbourg-en-france-2-morts-11-blesses-le-tireur-toujours-en-fuite\/181997\/#primaryimage"},"image":{"@id":"https:\/\/www.webdo.tn\/fr\/actualite\/international\/coups-de-feu-a-strasbourg-en-france-2-morts-11-blesses-le-tireur-toujours-en-fuite\/181997\/#primaryimage"},"thumbnailUrl":"https:\/\/www.webdo.tn\/fr\/wp-content\/uploads\/2018\/12\/sn.png","datePublished":"2018-12-11T22:08:00+00:00","dateModified":"2025-05-18T23:15:24+00:00","description":"Coups de feu \u00e0 Strasbourg en France: 2 morts, 11 bless\u00e9s, le tireur toujours en fuite","breadcrumb":{"@id":"https:\/\/www.webdo.tn\/fr\/actualite\/international\/coups-de-feu-a-strasbourg-en-france-2-morts-11-blesses-le-tireur-toujours-en-fuite\/181997\/#breadcrumb"},"inLanguage":"fr-FR","potentialAction":[{"@type":"ReadAction","target":["https:\/\/www.webdo.tn\/fr\/actualite\/international\/coups-de-feu-a-strasbourg-en-france-2-morts-11-blesses-le-tireur-toujours-en-fuite\/181997\/"]}]},{"@type":"ImageObject","inLanguage":"fr-FR","@id":"https:\/\/www.webdo.tn\/fr\/actualite\/international\/coups-de-feu-a-strasbourg-en-france-2-morts-11-blesses-le-tireur-toujours-en-fuite\/181997\/#primaryimage","url":"https:\/\/www.webdo.tn\/fr\/wp-content\/uploads\/2018\/12\/sn.png","contentUrl":"https:\/\/www.webdo.tn\/fr\/wp-content\/uploads\/2018\/12\/sn.png","width":554,"height":343,"caption":"Coups de feu \u00e0 Strasbourg en France: 2 morts, 11 bless\u00e9s, le tireur toujours en fuite"},{"@type":"BreadcrumbList","@id":"https:\/\/www.webdo.tn\/fr\/actualite\/international\/coups-de-feu-a-strasbourg-en-france-2-morts-11-blesses-le-tireur-toujours-en-fuite\/181997\/#breadcrumb","itemListElement":[{"@type":"ListItem","position":1,"name":"Accueil","item":"https:\/\/www.webdo.tn\/fr\/"},{"@type":"ListItem","position":2,"name":"Coups de feu \u00e0 Strasbourg en France: 2 morts, 11 bless\u00e9s, le tireur toujours en fuite"}]},{"@type":"WebSite","@id":"https:\/\/www.webdo.tn\/fr\/#website","url":"https:\/\/www.webdo.tn\/fr\/","name":"webdo","description":"Tunisie - News en Tunisie et \u00e0 l&#039;international sur Webdo.tn","publisher":{"@id":"https:\/\/www.webdo.tn\/fr\/#organization"},"potentialAction":[{"@type":"SearchAction","target":{"@type":"EntryPoint","urlTemplate":"https:\/\/www.webdo.tn\/fr\/?s={search_term_string}"},"query-input":{"@type":"PropertyValueSpecification","valueRequired":true,"valueName":"search_term_string"}}],"inLanguage":"fr-FR"},{"@type":"Organization","@id":"https:\/\/www.webdo.tn\/fr\/#organization","name":"Webdo","alternateName":"Webdo.tn","url":"https:\/\/www.webdo.tn\/fr\/","logo":{"@type":"ImageObject","inLanguage":"fr-FR","@id":"https:\/\/www.webdo.tn\/fr\/#\/schema\/logo\/image\/","url":"https:\/\/www.webdo.tn\/fr\/wp-content\/uploads\/2025\/06\/Webdo-Tunisie_168377.jpg","contentUrl":"https:\/\/www.webdo.tn\/fr\/wp-content\/uploads\/2025\/06\/Webdo-Tunisie_168377.jpg","width":301,"height":301,"caption":"Webdo"},"image":{"@id":"https:\/\/www.webdo.tn\/fr\/#\/schema\/logo\/image\/"},"sameAs":["https:\/\/www.facebook.com\/webdotn","https:\/\/x.com\/webdo_tn"],"description":"Webdo est un m\u00e9dia num\u00e9rique tunisien fond\u00e9 en 2010, sp\u00e9cialis\u00e9 dans l\u2019actualit\u00e9 nationale et internationale, l\u2019\u00e9conomie, la soci\u00e9t\u00e9 et les analyses politiques. Le site s\u2019adresse \u00e0 un large public francophone et couvre l\u2019information tunisienne en temps r\u00e9el.","email":"redac@webdo.tn","legalName":"YNJ SARL","foundingDate":"2010-09-06","numberOfEmployees":{"@type":"QuantitativeValue","minValue":"11","maxValue":"50"}},{"@type":"Person","@id":"https:\/\/www.webdo.tn\/fr\/#\/schema\/person\/9a9c6118d687c117df8ef3cc36a4d175","name":"webdo.tn","image":{"@type":"ImageObject","inLanguage":"fr-FR","@id":"https:\/\/secure.gravatar.com\/avatar\/7ce1f28c0c3bbac99ff550b85ef8e44a6950c6ee24514fb6a5489e51d06f0298?s=96&d=mm&r=g","url":"https:\/\/secure.gravatar.com\/avatar\/7ce1f28c0c3bbac99ff550b85ef8e44a6950c6ee24514fb6a5489e51d06f0298?s=96&d=mm&r=g","contentUrl":"https:\/\/secure.gravatar.com\/avatar\/7ce1f28c0c3bbac99ff550b85ef8e44a6950c6ee24514fb6a5489e51d06f0298?s=96&d=mm&r=g","caption":"webdo.tn"},"url":"https:\/\/www.webdo.tn\/fr\/actualite\/author\/webdotn\/"}]}},"_links":{"self":[{"href":"https:\/\/www.webdo.tn\/fr\/wp-json\/wp\/v2\/posts\/181997","targetHints":{"allow":["GET"]}}],"collection":[{"href":"https:\/\/www.webdo.tn\/fr\/wp-json\/wp\/v2\/posts"}],"about":[{"href":"https:\/\/www.webdo.tn\/fr\/wp-json\/wp\/v2\/types\/post"}],"author":[{"embeddable":true,"href":"https:\/\/www.webdo.tn\/fr\/wp-json\/wp\/v2\/users\/3222"}],"replies":[{"embeddable":true,"href":"https:\/\/www.webdo.tn\/fr\/wp-json\/wp\/v2\/comments?post=181997"}],"version-history":[{"count":0,"href":"https:\/\/www.webdo.tn\/fr\/wp-json\/wp\/v2\/posts\/181997\/revisions"}],"wp:featuredmedia":[{"embeddable":true,"href":"https:\/\/www.webdo.tn\/fr\/wp-json\/wp\/v2\/media\/296946"}],"wp:attachment":[{"href":"https:\/\/www.webdo.tn\/fr\/wp-json\/wp\/v2\/media?parent=181997"}],"wp:term":[{"taxonomy":"category","embeddable":true,"href":"https:\/\/www.webdo.tn\/fr\/wp-json\/wp\/v2\/categories?post=181997"},{"taxonomy":"post_tag","embeddable":true,"href":"https:\/\/www.webdo.tn\/fr\/wp-json\/wp\/v2\/tags?post=181997"}],"curies":[{"name":"wp","href":"https:\/\/api.w.org\/{rel}","templated":true}]}}