{"id":181678,"date":"2020-08-18T11:21:00","date_gmt":"2020-08-18T11:21:00","guid":{"rendered":"https:\/\/www.webdo.tn\/fr\/blog\/coronavirus-la-chine-annonce-un-vaccin-pour-la-fin-de-lannee\/181678\/"},"modified":"2025-05-17T19:30:49","modified_gmt":"2025-05-17T19:30:49","slug":"coronavirus-la-chine-annonce-un-vaccin-pour-la-fin-de-lannee","status":"publish","type":"post","link":"https:\/\/www.webdo.tn\/fr\/actualite\/international\/coronavirus-la-chine-annonce-un-vaccin-pour-la-fin-de-lannee\/181678\/","title":{"rendered":"Coronavirus : La Chine annonce un vaccin pour la fin de l&rsquo;ann\u00e9e"},"content":{"rendered":"<p>Ravag\u00e9e par le coronavirus, la plan\u00e8te reste d\u00e9sormais suspendue \u00e0 la d\u00e9couverte d&rsquo;un vaccin anti-Covid-19. Et malgr\u00e9 les annonces spectaculaires, aucun vaccin n&rsquo;est, pour l&rsquo;heure disponible.<\/p>\n<p>Parmi les 200 projets de recherche \u00e0 travers le monde, 139 sont pour l&rsquo;instant test\u00e9s sur les animaux, 27 sont au stade clinique, test\u00e9s sur les humains, et 6 restent aujourd&rsquo;hui les plus avanc\u00e9s.<\/p>\n<p>Mais un vaccin chinois sera probablement disponible sur le march\u00e9 en d\u00e9cembre 2020, ont annonc\u00e9, ce lundi 17 ao\u00fbt 2020, l&rsquo;agence de presse chinoise Xinhua et des m\u00e9dias locaux.<\/p>\n<p>Le vaccin d\u00e9velopp\u00e9 par deux entreprises du China National Pharmaceutical Group (Sinopharm) a \u00e9t\u00e9 test\u00e9, en juin, aux Emirats arabes unis, pour ensuite \u00eatre brevet\u00e9. Il devrait \u00eatre commercialis\u00e9 \u00e0 144 dollars pour deux doses.<\/p>\n<p>Le pr\u00e9sident de Sinopharm, Liu Jingzhen, a d\u00e9clar\u00e9 au journal Guangming Daily que le vaccin Covid-19 de la soci\u00e9t\u00e9 \u00e9tait entr\u00e9 dans la troisi\u00e8me et derni\u00e8re \u00e9tape des essais cliniques \u2013 au cours desquels l\u2019efficacit\u00e9 et l\u2019innocuit\u00e9 d\u2019un nouveau m\u00e9dicament sont test\u00e9es sur un grand groupe de personnes atteintes d\u2019une maladie.<\/p>\n","protected":false},"excerpt":{"rendered":"<p>Coronavirus : La Chine annonce un vaccin pour la fin de l&rsquo;ann\u00e9e<\/p>\n","protected":false},"author":3222,"featured_media":264258,"comment_status":"open","ping_status":"closed","sticky":false,"template":"","format":"standard","meta":{"footnotes":""},"categories":[2598],"tags":[],"class_list":["post-181678","post","type-post","status-publish","format-standard","has-post-thumbnail","hentry","category-international"],"yoast_head":"<!-- This site is optimized with the Yoast SEO Premium plugin v27.4 (Yoast SEO v27.4) - https:\/\/yoast.com\/product\/yoast-seo-premium-wordpress\/ -->\n<title>Coronavirus : La Chine annonce un vaccin pour la fin de l&#039;ann\u00e9e<\/title>\n<meta name=\"description\" content=\"Coronavirus : La Chine annonce un vaccin pour la fin de l&#039;ann\u00e9e\" \/>\n<link rel=\"canonical\" href=\"https:\/\/www.webdo.tn\/fr\/actualite\/international\/coronavirus-la-chine-annonce-un-vaccin-pour-la-fin-de-lannee\/181678\/\" \/>\n<meta property=\"og:locale\" content=\"fr_FR\" \/>\n<meta property=\"og:type\" content=\"article\" \/>\n<meta property=\"og:title\" content=\"Coronavirus : La Chine annonce un vaccin pour la fin de l&#039;ann\u00e9e\" \/>\n<meta property=\"og:description\" content=\"Coronavirus : La Chine annonce un vaccin pour la fin de l&#039;ann\u00e9e\" \/>\n<meta property=\"og:url\" content=\"https:\/\/www.webdo.tn\/fr\/actualite\/international\/coronavirus-la-chine-annonce-un-vaccin-pour-la-fin-de-lannee\/181678\/\" \/>\n<meta property=\"og:site_name\" content=\"webdo\" \/>\n<meta property=\"article:publisher\" content=\"https:\/\/www.facebook.com\/webdotn\" \/>\n<meta property=\"article:published_time\" content=\"2020-08-18T11:21:00+00:00\" \/>\n<meta property=\"article:modified_time\" content=\"2025-05-17T19:30:49+00:00\" \/>\n<meta property=\"og:image\" content=\"https:\/\/www.webdo.tn\/fr\/wp-content\/uploads\/2020\/08\/vaccin-covid-1.jpg\" \/>\n\t<meta property=\"og:image:width\" content=\"813\" \/>\n\t<meta property=\"og:image:height\" content=\"558\" \/>\n\t<meta property=\"og:image:type\" content=\"image\/jpeg\" \/>\n<meta name=\"author\" content=\"webdo.tn\" \/>\n<meta name=\"twitter:card\" content=\"summary_large_image\" \/>\n<meta name=\"twitter:creator\" content=\"@webdo_tn\" \/>\n<meta name=\"twitter:site\" content=\"@webdo_tn\" \/>\n<meta name=\"twitter:label1\" content=\"\u00c9crit par\" \/>\n\t<meta name=\"twitter:data1\" content=\"webdo.tn\" \/>\n\t<meta name=\"twitter:label2\" content=\"Dur\u00e9e de lecture estim\u00e9e\" \/>\n\t<meta name=\"twitter:data2\" content=\"1 minute\" \/>\n<script type=\"application\/ld+json\" class=\"yoast-schema-graph\">{\"@context\":\"https:\\\/\\\/schema.org\",\"@graph\":[{\"@type\":\"NewsArticle\",\"@id\":\"https:\\\/\\\/www.webdo.tn\\\/fr\\\/actualite\\\/international\\\/coronavirus-la-chine-annonce-un-vaccin-pour-la-fin-de-lannee\\\/181678\\\/#article\",\"isPartOf\":{\"@id\":\"https:\\\/\\\/www.webdo.tn\\\/fr\\\/actualite\\\/international\\\/coronavirus-la-chine-annonce-un-vaccin-pour-la-fin-de-lannee\\\/181678\\\/\"},\"author\":{\"name\":\"webdo.tn\",\"@id\":\"https:\\\/\\\/www.webdo.tn\\\/fr\\\/#\\\/schema\\\/person\\\/9a9c6118d687c117df8ef3cc36a4d175\"},\"headline\":\"Coronavirus : La Chine annonce un vaccin pour la fin de l&rsquo;ann\u00e9e\",\"datePublished\":\"2020-08-18T11:21:00+00:00\",\"dateModified\":\"2025-05-17T19:30:49+00:00\",\"mainEntityOfPage\":{\"@id\":\"https:\\\/\\\/www.webdo.tn\\\/fr\\\/actualite\\\/international\\\/coronavirus-la-chine-annonce-un-vaccin-pour-la-fin-de-lannee\\\/181678\\\/\"},\"wordCount\":204,\"commentCount\":0,\"publisher\":{\"@id\":\"https:\\\/\\\/www.webdo.tn\\\/fr\\\/#organization\"},\"image\":{\"@id\":\"https:\\\/\\\/www.webdo.tn\\\/fr\\\/actualite\\\/international\\\/coronavirus-la-chine-annonce-un-vaccin-pour-la-fin-de-lannee\\\/181678\\\/#primaryimage\"},\"thumbnailUrl\":\"https:\\\/\\\/www.webdo.tn\\\/fr\\\/wp-content\\\/uploads\\\/2020\\\/08\\\/vaccin-covid-1.jpg\",\"articleSection\":[\"International\"],\"inLanguage\":\"fr-FR\"},{\"@type\":\"WebPage\",\"@id\":\"https:\\\/\\\/www.webdo.tn\\\/fr\\\/actualite\\\/international\\\/coronavirus-la-chine-annonce-un-vaccin-pour-la-fin-de-lannee\\\/181678\\\/\",\"url\":\"https:\\\/\\\/www.webdo.tn\\\/fr\\\/actualite\\\/international\\\/coronavirus-la-chine-annonce-un-vaccin-pour-la-fin-de-lannee\\\/181678\\\/\",\"name\":\"Coronavirus : La Chine annonce un vaccin pour la fin de l'ann\u00e9e\",\"isPartOf\":{\"@id\":\"https:\\\/\\\/www.webdo.tn\\\/fr\\\/#website\"},\"primaryImageOfPage\":{\"@id\":\"https:\\\/\\\/www.webdo.tn\\\/fr\\\/actualite\\\/international\\\/coronavirus-la-chine-annonce-un-vaccin-pour-la-fin-de-lannee\\\/181678\\\/#primaryimage\"},\"image\":{\"@id\":\"https:\\\/\\\/www.webdo.tn\\\/fr\\\/actualite\\\/international\\\/coronavirus-la-chine-annonce-un-vaccin-pour-la-fin-de-lannee\\\/181678\\\/#primaryimage\"},\"thumbnailUrl\":\"https:\\\/\\\/www.webdo.tn\\\/fr\\\/wp-content\\\/uploads\\\/2020\\\/08\\\/vaccin-covid-1.jpg\",\"datePublished\":\"2020-08-18T11:21:00+00:00\",\"dateModified\":\"2025-05-17T19:30:49+00:00\",\"description\":\"Coronavirus : La Chine annonce un vaccin pour la fin de l'ann\u00e9e\",\"breadcrumb\":{\"@id\":\"https:\\\/\\\/www.webdo.tn\\\/fr\\\/actualite\\\/international\\\/coronavirus-la-chine-annonce-un-vaccin-pour-la-fin-de-lannee\\\/181678\\\/#breadcrumb\"},\"inLanguage\":\"fr-FR\",\"potentialAction\":[{\"@type\":\"ReadAction\",\"target\":[\"https:\\\/\\\/www.webdo.tn\\\/fr\\\/actualite\\\/international\\\/coronavirus-la-chine-annonce-un-vaccin-pour-la-fin-de-lannee\\\/181678\\\/\"]}]},{\"@type\":\"ImageObject\",\"inLanguage\":\"fr-FR\",\"@id\":\"https:\\\/\\\/www.webdo.tn\\\/fr\\\/actualite\\\/international\\\/coronavirus-la-chine-annonce-un-vaccin-pour-la-fin-de-lannee\\\/181678\\\/#primaryimage\",\"url\":\"https:\\\/\\\/www.webdo.tn\\\/fr\\\/wp-content\\\/uploads\\\/2020\\\/08\\\/vaccin-covid-1.jpg\",\"contentUrl\":\"https:\\\/\\\/www.webdo.tn\\\/fr\\\/wp-content\\\/uploads\\\/2020\\\/08\\\/vaccin-covid-1.jpg\",\"width\":813,\"height\":558,\"caption\":\"Coronavirus : La Chine annonce un vaccin pour la fin de l'ann\u00e9e\"},{\"@type\":\"BreadcrumbList\",\"@id\":\"https:\\\/\\\/www.webdo.tn\\\/fr\\\/actualite\\\/international\\\/coronavirus-la-chine-annonce-un-vaccin-pour-la-fin-de-lannee\\\/181678\\\/#breadcrumb\",\"itemListElement\":[{\"@type\":\"ListItem\",\"position\":1,\"name\":\"Accueil\",\"item\":\"https:\\\/\\\/www.webdo.tn\\\/fr\\\/\"},{\"@type\":\"ListItem\",\"position\":2,\"name\":\"Coronavirus : La Chine annonce un vaccin pour la fin de l&rsquo;ann\u00e9e\"}]},{\"@type\":\"WebSite\",\"@id\":\"https:\\\/\\\/www.webdo.tn\\\/fr\\\/#website\",\"url\":\"https:\\\/\\\/www.webdo.tn\\\/fr\\\/\",\"name\":\"webdo\",\"description\":\"Tunisie - News en Tunisie et \u00e0 l&#039;international sur Webdo.tn\",\"publisher\":{\"@id\":\"https:\\\/\\\/www.webdo.tn\\\/fr\\\/#organization\"},\"potentialAction\":[{\"@type\":\"SearchAction\",\"target\":{\"@type\":\"EntryPoint\",\"urlTemplate\":\"https:\\\/\\\/www.webdo.tn\\\/fr\\\/?s={search_term_string}\"},\"query-input\":{\"@type\":\"PropertyValueSpecification\",\"valueRequired\":true,\"valueName\":\"search_term_string\"}}],\"inLanguage\":\"fr-FR\"},{\"@type\":\"Organization\",\"@id\":\"https:\\\/\\\/www.webdo.tn\\\/fr\\\/#organization\",\"name\":\"Webdo\",\"alternateName\":\"Webdo.tn\",\"url\":\"https:\\\/\\\/www.webdo.tn\\\/fr\\\/\",\"logo\":{\"@type\":\"ImageObject\",\"inLanguage\":\"fr-FR\",\"@id\":\"https:\\\/\\\/www.webdo.tn\\\/fr\\\/#\\\/schema\\\/logo\\\/image\\\/\",\"url\":\"https:\\\/\\\/www.webdo.tn\\\/fr\\\/wp-content\\\/uploads\\\/2025\\\/06\\\/Webdo-Tunisie_168377.jpg\",\"contentUrl\":\"https:\\\/\\\/www.webdo.tn\\\/fr\\\/wp-content\\\/uploads\\\/2025\\\/06\\\/Webdo-Tunisie_168377.jpg\",\"width\":301,\"height\":301,\"caption\":\"Webdo\"},\"image\":{\"@id\":\"https:\\\/\\\/www.webdo.tn\\\/fr\\\/#\\\/schema\\\/logo\\\/image\\\/\"},\"sameAs\":[\"https:\\\/\\\/www.facebook.com\\\/webdotn\",\"https:\\\/\\\/x.com\\\/webdo_tn\"],\"description\":\"Webdo est un m\u00e9dia num\u00e9rique tunisien fond\u00e9 en 2010, sp\u00e9cialis\u00e9 dans l\u2019actualit\u00e9 nationale et internationale, l\u2019\u00e9conomie, la soci\u00e9t\u00e9 et les analyses politiques. Le site s\u2019adresse \u00e0 un large public francophone et couvre l\u2019information tunisienne en temps r\u00e9el.\",\"email\":\"redac@webdo.tn\",\"legalName\":\"YNJ SARL\",\"foundingDate\":\"2010-09-06\",\"numberOfEmployees\":{\"@type\":\"QuantitativeValue\",\"minValue\":\"11\",\"maxValue\":\"50\"}},{\"@type\":\"Person\",\"@id\":\"https:\\\/\\\/www.webdo.tn\\\/fr\\\/#\\\/schema\\\/person\\\/9a9c6118d687c117df8ef3cc36a4d175\",\"name\":\"webdo.tn\",\"image\":{\"@type\":\"ImageObject\",\"inLanguage\":\"fr-FR\",\"@id\":\"https:\\\/\\\/secure.gravatar.com\\\/avatar\\\/7ce1f28c0c3bbac99ff550b85ef8e44a6950c6ee24514fb6a5489e51d06f0298?s=96&d=mm&r=g\",\"url\":\"https:\\\/\\\/secure.gravatar.com\\\/avatar\\\/7ce1f28c0c3bbac99ff550b85ef8e44a6950c6ee24514fb6a5489e51d06f0298?s=96&d=mm&r=g\",\"contentUrl\":\"https:\\\/\\\/secure.gravatar.com\\\/avatar\\\/7ce1f28c0c3bbac99ff550b85ef8e44a6950c6ee24514fb6a5489e51d06f0298?s=96&d=mm&r=g\",\"caption\":\"webdo.tn\"},\"url\":\"https:\\\/\\\/www.webdo.tn\\\/fr\\\/actualite\\\/author\\\/webdotn\\\/\"}]}<\/script>\n<!-- \/ Yoast SEO Premium plugin. -->","yoast_head_json":{"title":"Coronavirus : La Chine annonce un vaccin pour la fin de l'ann\u00e9e","description":"Coronavirus : La Chine annonce un vaccin pour la fin de l'ann\u00e9e","canonical":"https:\/\/www.webdo.tn\/fr\/actualite\/international\/coronavirus-la-chine-annonce-un-vaccin-pour-la-fin-de-lannee\/181678\/","og_locale":"fr_FR","og_type":"article","og_title":"Coronavirus : La Chine annonce un vaccin pour la fin de l'ann\u00e9e","og_description":"Coronavirus : La Chine annonce un vaccin pour la fin de l'ann\u00e9e","og_url":"https:\/\/www.webdo.tn\/fr\/actualite\/international\/coronavirus-la-chine-annonce-un-vaccin-pour-la-fin-de-lannee\/181678\/","og_site_name":"webdo","article_publisher":"https:\/\/www.facebook.com\/webdotn","article_published_time":"2020-08-18T11:21:00+00:00","article_modified_time":"2025-05-17T19:30:49+00:00","og_image":[{"width":813,"height":558,"url":"https:\/\/www.webdo.tn\/fr\/wp-content\/uploads\/2020\/08\/vaccin-covid-1.jpg","type":"image\/jpeg"}],"author":"webdo.tn","twitter_card":"summary_large_image","twitter_creator":"@webdo_tn","twitter_site":"@webdo_tn","twitter_misc":{"\u00c9crit par":"webdo.tn","Dur\u00e9e de lecture estim\u00e9e":"1 minute"},"schema":{"@context":"https:\/\/schema.org","@graph":[{"@type":"NewsArticle","@id":"https:\/\/www.webdo.tn\/fr\/actualite\/international\/coronavirus-la-chine-annonce-un-vaccin-pour-la-fin-de-lannee\/181678\/#article","isPartOf":{"@id":"https:\/\/www.webdo.tn\/fr\/actualite\/international\/coronavirus-la-chine-annonce-un-vaccin-pour-la-fin-de-lannee\/181678\/"},"author":{"name":"webdo.tn","@id":"https:\/\/www.webdo.tn\/fr\/#\/schema\/person\/9a9c6118d687c117df8ef3cc36a4d175"},"headline":"Coronavirus : La Chine annonce un vaccin pour la fin de l&rsquo;ann\u00e9e","datePublished":"2020-08-18T11:21:00+00:00","dateModified":"2025-05-17T19:30:49+00:00","mainEntityOfPage":{"@id":"https:\/\/www.webdo.tn\/fr\/actualite\/international\/coronavirus-la-chine-annonce-un-vaccin-pour-la-fin-de-lannee\/181678\/"},"wordCount":204,"commentCount":0,"publisher":{"@id":"https:\/\/www.webdo.tn\/fr\/#organization"},"image":{"@id":"https:\/\/www.webdo.tn\/fr\/actualite\/international\/coronavirus-la-chine-annonce-un-vaccin-pour-la-fin-de-lannee\/181678\/#primaryimage"},"thumbnailUrl":"https:\/\/www.webdo.tn\/fr\/wp-content\/uploads\/2020\/08\/vaccin-covid-1.jpg","articleSection":["International"],"inLanguage":"fr-FR"},{"@type":"WebPage","@id":"https:\/\/www.webdo.tn\/fr\/actualite\/international\/coronavirus-la-chine-annonce-un-vaccin-pour-la-fin-de-lannee\/181678\/","url":"https:\/\/www.webdo.tn\/fr\/actualite\/international\/coronavirus-la-chine-annonce-un-vaccin-pour-la-fin-de-lannee\/181678\/","name":"Coronavirus : La Chine annonce un vaccin pour la fin de l'ann\u00e9e","isPartOf":{"@id":"https:\/\/www.webdo.tn\/fr\/#website"},"primaryImageOfPage":{"@id":"https:\/\/www.webdo.tn\/fr\/actualite\/international\/coronavirus-la-chine-annonce-un-vaccin-pour-la-fin-de-lannee\/181678\/#primaryimage"},"image":{"@id":"https:\/\/www.webdo.tn\/fr\/actualite\/international\/coronavirus-la-chine-annonce-un-vaccin-pour-la-fin-de-lannee\/181678\/#primaryimage"},"thumbnailUrl":"https:\/\/www.webdo.tn\/fr\/wp-content\/uploads\/2020\/08\/vaccin-covid-1.jpg","datePublished":"2020-08-18T11:21:00+00:00","dateModified":"2025-05-17T19:30:49+00:00","description":"Coronavirus : La Chine annonce un vaccin pour la fin de l'ann\u00e9e","breadcrumb":{"@id":"https:\/\/www.webdo.tn\/fr\/actualite\/international\/coronavirus-la-chine-annonce-un-vaccin-pour-la-fin-de-lannee\/181678\/#breadcrumb"},"inLanguage":"fr-FR","potentialAction":[{"@type":"ReadAction","target":["https:\/\/www.webdo.tn\/fr\/actualite\/international\/coronavirus-la-chine-annonce-un-vaccin-pour-la-fin-de-lannee\/181678\/"]}]},{"@type":"ImageObject","inLanguage":"fr-FR","@id":"https:\/\/www.webdo.tn\/fr\/actualite\/international\/coronavirus-la-chine-annonce-un-vaccin-pour-la-fin-de-lannee\/181678\/#primaryimage","url":"https:\/\/www.webdo.tn\/fr\/wp-content\/uploads\/2020\/08\/vaccin-covid-1.jpg","contentUrl":"https:\/\/www.webdo.tn\/fr\/wp-content\/uploads\/2020\/08\/vaccin-covid-1.jpg","width":813,"height":558,"caption":"Coronavirus : La Chine annonce un vaccin pour la fin de l'ann\u00e9e"},{"@type":"BreadcrumbList","@id":"https:\/\/www.webdo.tn\/fr\/actualite\/international\/coronavirus-la-chine-annonce-un-vaccin-pour-la-fin-de-lannee\/181678\/#breadcrumb","itemListElement":[{"@type":"ListItem","position":1,"name":"Accueil","item":"https:\/\/www.webdo.tn\/fr\/"},{"@type":"ListItem","position":2,"name":"Coronavirus : La Chine annonce un vaccin pour la fin de l&rsquo;ann\u00e9e"}]},{"@type":"WebSite","@id":"https:\/\/www.webdo.tn\/fr\/#website","url":"https:\/\/www.webdo.tn\/fr\/","name":"webdo","description":"Tunisie - News en Tunisie et \u00e0 l&#039;international sur Webdo.tn","publisher":{"@id":"https:\/\/www.webdo.tn\/fr\/#organization"},"potentialAction":[{"@type":"SearchAction","target":{"@type":"EntryPoint","urlTemplate":"https:\/\/www.webdo.tn\/fr\/?s={search_term_string}"},"query-input":{"@type":"PropertyValueSpecification","valueRequired":true,"valueName":"search_term_string"}}],"inLanguage":"fr-FR"},{"@type":"Organization","@id":"https:\/\/www.webdo.tn\/fr\/#organization","name":"Webdo","alternateName":"Webdo.tn","url":"https:\/\/www.webdo.tn\/fr\/","logo":{"@type":"ImageObject","inLanguage":"fr-FR","@id":"https:\/\/www.webdo.tn\/fr\/#\/schema\/logo\/image\/","url":"https:\/\/www.webdo.tn\/fr\/wp-content\/uploads\/2025\/06\/Webdo-Tunisie_168377.jpg","contentUrl":"https:\/\/www.webdo.tn\/fr\/wp-content\/uploads\/2025\/06\/Webdo-Tunisie_168377.jpg","width":301,"height":301,"caption":"Webdo"},"image":{"@id":"https:\/\/www.webdo.tn\/fr\/#\/schema\/logo\/image\/"},"sameAs":["https:\/\/www.facebook.com\/webdotn","https:\/\/x.com\/webdo_tn"],"description":"Webdo est un m\u00e9dia num\u00e9rique tunisien fond\u00e9 en 2010, sp\u00e9cialis\u00e9 dans l\u2019actualit\u00e9 nationale et internationale, l\u2019\u00e9conomie, la soci\u00e9t\u00e9 et les analyses politiques. Le site s\u2019adresse \u00e0 un large public francophone et couvre l\u2019information tunisienne en temps r\u00e9el.","email":"redac@webdo.tn","legalName":"YNJ SARL","foundingDate":"2010-09-06","numberOfEmployees":{"@type":"QuantitativeValue","minValue":"11","maxValue":"50"}},{"@type":"Person","@id":"https:\/\/www.webdo.tn\/fr\/#\/schema\/person\/9a9c6118d687c117df8ef3cc36a4d175","name":"webdo.tn","image":{"@type":"ImageObject","inLanguage":"fr-FR","@id":"https:\/\/secure.gravatar.com\/avatar\/7ce1f28c0c3bbac99ff550b85ef8e44a6950c6ee24514fb6a5489e51d06f0298?s=96&d=mm&r=g","url":"https:\/\/secure.gravatar.com\/avatar\/7ce1f28c0c3bbac99ff550b85ef8e44a6950c6ee24514fb6a5489e51d06f0298?s=96&d=mm&r=g","contentUrl":"https:\/\/secure.gravatar.com\/avatar\/7ce1f28c0c3bbac99ff550b85ef8e44a6950c6ee24514fb6a5489e51d06f0298?s=96&d=mm&r=g","caption":"webdo.tn"},"url":"https:\/\/www.webdo.tn\/fr\/actualite\/author\/webdotn\/"}]}},"_links":{"self":[{"href":"https:\/\/www.webdo.tn\/fr\/wp-json\/wp\/v2\/posts\/181678","targetHints":{"allow":["GET"]}}],"collection":[{"href":"https:\/\/www.webdo.tn\/fr\/wp-json\/wp\/v2\/posts"}],"about":[{"href":"https:\/\/www.webdo.tn\/fr\/wp-json\/wp\/v2\/types\/post"}],"author":[{"embeddable":true,"href":"https:\/\/www.webdo.tn\/fr\/wp-json\/wp\/v2\/users\/3222"}],"replies":[{"embeddable":true,"href":"https:\/\/www.webdo.tn\/fr\/wp-json\/wp\/v2\/comments?post=181678"}],"version-history":[{"count":0,"href":"https:\/\/www.webdo.tn\/fr\/wp-json\/wp\/v2\/posts\/181678\/revisions"}],"wp:featuredmedia":[{"embeddable":true,"href":"https:\/\/www.webdo.tn\/fr\/wp-json\/wp\/v2\/media\/264258"}],"wp:attachment":[{"href":"https:\/\/www.webdo.tn\/fr\/wp-json\/wp\/v2\/media?parent=181678"}],"wp:term":[{"taxonomy":"category","embeddable":true,"href":"https:\/\/www.webdo.tn\/fr\/wp-json\/wp\/v2\/categories?post=181678"},{"taxonomy":"post_tag","embeddable":true,"href":"https:\/\/www.webdo.tn\/fr\/wp-json\/wp\/v2\/tags?post=181678"}],"curies":[{"name":"wp","href":"https:\/\/api.w.org\/{rel}","templated":true}]}}