{"id":181434,"date":"2021-05-22T12:25:00","date_gmt":"2021-05-22T12:25:00","guid":{"rendered":"https:\/\/www.webdo.tn\/fr\/blog\/le-covid-19-a-fait-entre-6-et-8-millions-de-morts-dans-le-monde-selon-loms\/181434\/"},"modified":"2025-05-17T17:26:31","modified_gmt":"2025-05-17T17:26:31","slug":"le-covid-19-a-fait-entre-6-et-8-millions-de-morts-dans-le-monde-selon-loms","status":"publish","type":"post","link":"https:\/\/www.webdo.tn\/fr\/actualite\/international\/le-covid-19-a-fait-entre-6-et-8-millions-de-morts-dans-le-monde-selon-loms\/181434\/","title":{"rendered":"Le Covid-19 a fait entre 6 et 8 millions de morts dans le monde, selon l&rsquo;OMS"},"content":{"rendered":"<p>L\u2019Organisation mondiale de la sant\u00e9 (OMS) estime que la mortalit\u00e9 r\u00e9elle li\u00e9e au coronavirus dans le monde serait deux \u00e0 trois fois sup\u00e9rieure aux chiffres officiels fournis par les Etats.<\/p>\n<p>Dans un rapport publi\u00e9, ce vendredi 21 mai, l&rsquo;OMS estime que le la mortalit\u00e9 r\u00e9elle li\u00e9e au nouveau coronavirus dont le bilan officiel fait \u00e9tat d&rsquo;un peu plus de trois millions de morts dans le monde, serait deux \u00e0 trois fois sup\u00e9rieure.<\/p>\n<p>Selon Samira Asma, sous-directrice g\u00e9n\u00e9rale charg\u00e9e des donn\u00e9es \u00e0 l\u2019OMS, \u00ab\u00a0il y aurait environ six \u00e0 huit millions de personnes qui ont d\u00e9j\u00e0 succomb\u00e9 au Covid-19 ou \u00e0 ses effets collat\u00e9raux\u00a0\u00bb.<\/p>\n<p>L&rsquo;analyse de l&rsquo;OMS rejoint et confirme d\u2019autres analyses rendues publiques au cours des derni\u00e8res semaines, \u00e0 l\u2019instar de celle de l\u2019Institute for Health Metrics and Evaluation (IHME) de l\u2019universit\u00e9 de Washington, qui avait estim\u00e9 le nombre de morts \u00e0 environ 7,1 millions, le 13 mai dernier.<\/p>\n","protected":false},"excerpt":{"rendered":"<p>Le Covid-19 a fait entre 6 et 8 millions de morts dans le monde, selon l&rsquo;OMS<\/p>\n","protected":false},"author":3222,"featured_media":274558,"comment_status":"open","ping_status":"closed","sticky":false,"template":"","format":"standard","meta":{"footnotes":""},"categories":[2598],"tags":[],"class_list":["post-181434","post","type-post","status-publish","format-standard","has-post-thumbnail","hentry","category-international"],"yoast_head":"<!-- This site is optimized with the Yoast SEO Premium plugin v27.4 (Yoast SEO v27.5) - https:\/\/yoast.com\/product\/yoast-seo-premium-wordpress\/ -->\n<title>Le Covid-19 a fait entre 6 et 8 millions de morts dans le monde, selon l&#039;OMS<\/title>\n<meta name=\"description\" content=\"Le Covid-19 a fait entre 6 et 8 millions de morts dans le monde, selon l&#039;OMS\" \/>\n<link rel=\"canonical\" href=\"https:\/\/www.webdo.tn\/fr\/actualite\/international\/le-covid-19-a-fait-entre-6-et-8-millions-de-morts-dans-le-monde-selon-loms\/181434\/\" \/>\n<meta property=\"og:locale\" content=\"fr_FR\" \/>\n<meta property=\"og:type\" content=\"article\" \/>\n<meta property=\"og:title\" content=\"Le Covid-19 a fait entre 6 et 8 millions de morts dans le monde, selon l&#039;OMS\" \/>\n<meta property=\"og:description\" content=\"Le Covid-19 a fait entre 6 et 8 millions de morts dans le monde, selon l&#039;OMS\" \/>\n<meta property=\"og:url\" content=\"https:\/\/www.webdo.tn\/fr\/actualite\/international\/le-covid-19-a-fait-entre-6-et-8-millions-de-morts-dans-le-monde-selon-loms\/181434\/\" \/>\n<meta property=\"og:site_name\" content=\"webdo\" \/>\n<meta property=\"article:publisher\" content=\"https:\/\/www.facebook.com\/webdotn\" \/>\n<meta property=\"article:published_time\" content=\"2021-05-22T12:25:00+00:00\" \/>\n<meta property=\"article:modified_time\" content=\"2025-05-17T17:26:31+00:00\" \/>\n<meta property=\"og:image\" content=\"https:\/\/www.webdo.tn\/fr\/wp-content\/uploads\/2021\/05\/morts-covid.jpg\" \/>\n\t<meta property=\"og:image:width\" content=\"800\" \/>\n\t<meta property=\"og:image:height\" content=\"450\" \/>\n\t<meta property=\"og:image:type\" content=\"image\/jpeg\" \/>\n<meta name=\"author\" content=\"webdo.tn\" \/>\n<meta name=\"twitter:card\" content=\"summary_large_image\" \/>\n<meta name=\"twitter:creator\" content=\"@webdo_tn\" \/>\n<meta name=\"twitter:site\" content=\"@webdo_tn\" \/>\n<meta name=\"twitter:label1\" content=\"\u00c9crit par\" \/>\n\t<meta name=\"twitter:data1\" content=\"webdo.tn\" \/>\n\t<meta name=\"twitter:label2\" content=\"Dur\u00e9e de lecture estim\u00e9e\" \/>\n\t<meta name=\"twitter:data2\" content=\"1 minute\" \/>\n<script type=\"application\/ld+json\" class=\"yoast-schema-graph\">{\"@context\":\"https:\\\/\\\/schema.org\",\"@graph\":[{\"@type\":\"NewsArticle\",\"@id\":\"https:\\\/\\\/www.webdo.tn\\\/fr\\\/actualite\\\/international\\\/le-covid-19-a-fait-entre-6-et-8-millions-de-morts-dans-le-monde-selon-loms\\\/181434\\\/#article\",\"isPartOf\":{\"@id\":\"https:\\\/\\\/www.webdo.tn\\\/fr\\\/actualite\\\/international\\\/le-covid-19-a-fait-entre-6-et-8-millions-de-morts-dans-le-monde-selon-loms\\\/181434\\\/\"},\"author\":{\"name\":\"webdo.tn\",\"@id\":\"https:\\\/\\\/www.webdo.tn\\\/fr\\\/#\\\/schema\\\/person\\\/9a9c6118d687c117df8ef3cc36a4d175\"},\"headline\":\"Le Covid-19 a fait entre 6 et 8 millions de morts dans le monde, selon l&rsquo;OMS\",\"datePublished\":\"2021-05-22T12:25:00+00:00\",\"dateModified\":\"2025-05-17T17:26:31+00:00\",\"mainEntityOfPage\":{\"@id\":\"https:\\\/\\\/www.webdo.tn\\\/fr\\\/actualite\\\/international\\\/le-covid-19-a-fait-entre-6-et-8-millions-de-morts-dans-le-monde-selon-loms\\\/181434\\\/\"},\"wordCount\":177,\"commentCount\":0,\"publisher\":{\"@id\":\"https:\\\/\\\/www.webdo.tn\\\/fr\\\/#organization\"},\"image\":{\"@id\":\"https:\\\/\\\/www.webdo.tn\\\/fr\\\/actualite\\\/international\\\/le-covid-19-a-fait-entre-6-et-8-millions-de-morts-dans-le-monde-selon-loms\\\/181434\\\/#primaryimage\"},\"thumbnailUrl\":\"https:\\\/\\\/www.webdo.tn\\\/fr\\\/wp-content\\\/uploads\\\/2021\\\/05\\\/morts-covid.jpg\",\"articleSection\":[\"International\"],\"inLanguage\":\"fr-FR\"},{\"@type\":\"WebPage\",\"@id\":\"https:\\\/\\\/www.webdo.tn\\\/fr\\\/actualite\\\/international\\\/le-covid-19-a-fait-entre-6-et-8-millions-de-morts-dans-le-monde-selon-loms\\\/181434\\\/\",\"url\":\"https:\\\/\\\/www.webdo.tn\\\/fr\\\/actualite\\\/international\\\/le-covid-19-a-fait-entre-6-et-8-millions-de-morts-dans-le-monde-selon-loms\\\/181434\\\/\",\"name\":\"Le Covid-19 a fait entre 6 et 8 millions de morts dans le monde, selon l'OMS\",\"isPartOf\":{\"@id\":\"https:\\\/\\\/www.webdo.tn\\\/fr\\\/#website\"},\"primaryImageOfPage\":{\"@id\":\"https:\\\/\\\/www.webdo.tn\\\/fr\\\/actualite\\\/international\\\/le-covid-19-a-fait-entre-6-et-8-millions-de-morts-dans-le-monde-selon-loms\\\/181434\\\/#primaryimage\"},\"image\":{\"@id\":\"https:\\\/\\\/www.webdo.tn\\\/fr\\\/actualite\\\/international\\\/le-covid-19-a-fait-entre-6-et-8-millions-de-morts-dans-le-monde-selon-loms\\\/181434\\\/#primaryimage\"},\"thumbnailUrl\":\"https:\\\/\\\/www.webdo.tn\\\/fr\\\/wp-content\\\/uploads\\\/2021\\\/05\\\/morts-covid.jpg\",\"datePublished\":\"2021-05-22T12:25:00+00:00\",\"dateModified\":\"2025-05-17T17:26:31+00:00\",\"description\":\"Le Covid-19 a fait entre 6 et 8 millions de morts dans le monde, selon l'OMS\",\"breadcrumb\":{\"@id\":\"https:\\\/\\\/www.webdo.tn\\\/fr\\\/actualite\\\/international\\\/le-covid-19-a-fait-entre-6-et-8-millions-de-morts-dans-le-monde-selon-loms\\\/181434\\\/#breadcrumb\"},\"inLanguage\":\"fr-FR\",\"potentialAction\":[{\"@type\":\"ReadAction\",\"target\":[\"https:\\\/\\\/www.webdo.tn\\\/fr\\\/actualite\\\/international\\\/le-covid-19-a-fait-entre-6-et-8-millions-de-morts-dans-le-monde-selon-loms\\\/181434\\\/\"]}]},{\"@type\":\"ImageObject\",\"inLanguage\":\"fr-FR\",\"@id\":\"https:\\\/\\\/www.webdo.tn\\\/fr\\\/actualite\\\/international\\\/le-covid-19-a-fait-entre-6-et-8-millions-de-morts-dans-le-monde-selon-loms\\\/181434\\\/#primaryimage\",\"url\":\"https:\\\/\\\/www.webdo.tn\\\/fr\\\/wp-content\\\/uploads\\\/2021\\\/05\\\/morts-covid.jpg\",\"contentUrl\":\"https:\\\/\\\/www.webdo.tn\\\/fr\\\/wp-content\\\/uploads\\\/2021\\\/05\\\/morts-covid.jpg\",\"width\":800,\"height\":450,\"caption\":\"Le Covid-19 a fait entre 6 et 8 millions de morts dans le monde, selon l'OMS\"},{\"@type\":\"BreadcrumbList\",\"@id\":\"https:\\\/\\\/www.webdo.tn\\\/fr\\\/actualite\\\/international\\\/le-covid-19-a-fait-entre-6-et-8-millions-de-morts-dans-le-monde-selon-loms\\\/181434\\\/#breadcrumb\",\"itemListElement\":[{\"@type\":\"ListItem\",\"position\":1,\"name\":\"Accueil\",\"item\":\"https:\\\/\\\/www.webdo.tn\\\/fr\\\/\"},{\"@type\":\"ListItem\",\"position\":2,\"name\":\"Le Covid-19 a fait entre 6 et 8 millions de morts dans le monde, selon l&rsquo;OMS\"}]},{\"@type\":\"WebSite\",\"@id\":\"https:\\\/\\\/www.webdo.tn\\\/fr\\\/#website\",\"url\":\"https:\\\/\\\/www.webdo.tn\\\/fr\\\/\",\"name\":\"webdo\",\"description\":\"Tunisie - News en Tunisie et \u00e0 l&#039;international sur Webdo.tn\",\"publisher\":{\"@id\":\"https:\\\/\\\/www.webdo.tn\\\/fr\\\/#organization\"},\"potentialAction\":[{\"@type\":\"SearchAction\",\"target\":{\"@type\":\"EntryPoint\",\"urlTemplate\":\"https:\\\/\\\/www.webdo.tn\\\/fr\\\/?s={search_term_string}\"},\"query-input\":{\"@type\":\"PropertyValueSpecification\",\"valueRequired\":true,\"valueName\":\"search_term_string\"}}],\"inLanguage\":\"fr-FR\"},{\"@type\":\"Organization\",\"@id\":\"https:\\\/\\\/www.webdo.tn\\\/fr\\\/#organization\",\"name\":\"Webdo\",\"alternateName\":\"Webdo.tn\",\"url\":\"https:\\\/\\\/www.webdo.tn\\\/fr\\\/\",\"logo\":{\"@type\":\"ImageObject\",\"inLanguage\":\"fr-FR\",\"@id\":\"https:\\\/\\\/www.webdo.tn\\\/fr\\\/#\\\/schema\\\/logo\\\/image\\\/\",\"url\":\"https:\\\/\\\/www.webdo.tn\\\/fr\\\/wp-content\\\/uploads\\\/2025\\\/06\\\/Webdo-Tunisie_168377.jpg\",\"contentUrl\":\"https:\\\/\\\/www.webdo.tn\\\/fr\\\/wp-content\\\/uploads\\\/2025\\\/06\\\/Webdo-Tunisie_168377.jpg\",\"width\":301,\"height\":301,\"caption\":\"Webdo\"},\"image\":{\"@id\":\"https:\\\/\\\/www.webdo.tn\\\/fr\\\/#\\\/schema\\\/logo\\\/image\\\/\"},\"sameAs\":[\"https:\\\/\\\/www.facebook.com\\\/webdotn\",\"https:\\\/\\\/x.com\\\/webdo_tn\"],\"description\":\"Webdo est un m\u00e9dia num\u00e9rique tunisien fond\u00e9 en 2010, sp\u00e9cialis\u00e9 dans l\u2019actualit\u00e9 nationale et internationale, l\u2019\u00e9conomie, la soci\u00e9t\u00e9 et les analyses politiques. Le site s\u2019adresse \u00e0 un large public francophone et couvre l\u2019information tunisienne en temps r\u00e9el.\",\"email\":\"redac@webdo.tn\",\"legalName\":\"YNJ SARL\",\"foundingDate\":\"2010-09-06\",\"numberOfEmployees\":{\"@type\":\"QuantitativeValue\",\"minValue\":\"11\",\"maxValue\":\"50\"}},{\"@type\":\"Person\",\"@id\":\"https:\\\/\\\/www.webdo.tn\\\/fr\\\/#\\\/schema\\\/person\\\/9a9c6118d687c117df8ef3cc36a4d175\",\"name\":\"webdo.tn\",\"image\":{\"@type\":\"ImageObject\",\"inLanguage\":\"fr-FR\",\"@id\":\"https:\\\/\\\/secure.gravatar.com\\\/avatar\\\/7ce1f28c0c3bbac99ff550b85ef8e44a6950c6ee24514fb6a5489e51d06f0298?s=96&d=mm&r=g\",\"url\":\"https:\\\/\\\/secure.gravatar.com\\\/avatar\\\/7ce1f28c0c3bbac99ff550b85ef8e44a6950c6ee24514fb6a5489e51d06f0298?s=96&d=mm&r=g\",\"contentUrl\":\"https:\\\/\\\/secure.gravatar.com\\\/avatar\\\/7ce1f28c0c3bbac99ff550b85ef8e44a6950c6ee24514fb6a5489e51d06f0298?s=96&d=mm&r=g\",\"caption\":\"webdo.tn\"},\"url\":\"https:\\\/\\\/www.webdo.tn\\\/fr\\\/actualite\\\/author\\\/webdotn\\\/\"}]}<\/script>\n<!-- \/ Yoast SEO Premium plugin. -->","yoast_head_json":{"title":"Le Covid-19 a fait entre 6 et 8 millions de morts dans le monde, selon l'OMS","description":"Le Covid-19 a fait entre 6 et 8 millions de morts dans le monde, selon l'OMS","canonical":"https:\/\/www.webdo.tn\/fr\/actualite\/international\/le-covid-19-a-fait-entre-6-et-8-millions-de-morts-dans-le-monde-selon-loms\/181434\/","og_locale":"fr_FR","og_type":"article","og_title":"Le Covid-19 a fait entre 6 et 8 millions de morts dans le monde, selon l'OMS","og_description":"Le Covid-19 a fait entre 6 et 8 millions de morts dans le monde, selon l'OMS","og_url":"https:\/\/www.webdo.tn\/fr\/actualite\/international\/le-covid-19-a-fait-entre-6-et-8-millions-de-morts-dans-le-monde-selon-loms\/181434\/","og_site_name":"webdo","article_publisher":"https:\/\/www.facebook.com\/webdotn","article_published_time":"2021-05-22T12:25:00+00:00","article_modified_time":"2025-05-17T17:26:31+00:00","og_image":[{"width":800,"height":450,"url":"https:\/\/www.webdo.tn\/fr\/wp-content\/uploads\/2021\/05\/morts-covid.jpg","type":"image\/jpeg"}],"author":"webdo.tn","twitter_card":"summary_large_image","twitter_creator":"@webdo_tn","twitter_site":"@webdo_tn","twitter_misc":{"\u00c9crit par":"webdo.tn","Dur\u00e9e de lecture estim\u00e9e":"1 minute"},"schema":{"@context":"https:\/\/schema.org","@graph":[{"@type":"NewsArticle","@id":"https:\/\/www.webdo.tn\/fr\/actualite\/international\/le-covid-19-a-fait-entre-6-et-8-millions-de-morts-dans-le-monde-selon-loms\/181434\/#article","isPartOf":{"@id":"https:\/\/www.webdo.tn\/fr\/actualite\/international\/le-covid-19-a-fait-entre-6-et-8-millions-de-morts-dans-le-monde-selon-loms\/181434\/"},"author":{"name":"webdo.tn","@id":"https:\/\/www.webdo.tn\/fr\/#\/schema\/person\/9a9c6118d687c117df8ef3cc36a4d175"},"headline":"Le Covid-19 a fait entre 6 et 8 millions de morts dans le monde, selon l&rsquo;OMS","datePublished":"2021-05-22T12:25:00+00:00","dateModified":"2025-05-17T17:26:31+00:00","mainEntityOfPage":{"@id":"https:\/\/www.webdo.tn\/fr\/actualite\/international\/le-covid-19-a-fait-entre-6-et-8-millions-de-morts-dans-le-monde-selon-loms\/181434\/"},"wordCount":177,"commentCount":0,"publisher":{"@id":"https:\/\/www.webdo.tn\/fr\/#organization"},"image":{"@id":"https:\/\/www.webdo.tn\/fr\/actualite\/international\/le-covid-19-a-fait-entre-6-et-8-millions-de-morts-dans-le-monde-selon-loms\/181434\/#primaryimage"},"thumbnailUrl":"https:\/\/www.webdo.tn\/fr\/wp-content\/uploads\/2021\/05\/morts-covid.jpg","articleSection":["International"],"inLanguage":"fr-FR"},{"@type":"WebPage","@id":"https:\/\/www.webdo.tn\/fr\/actualite\/international\/le-covid-19-a-fait-entre-6-et-8-millions-de-morts-dans-le-monde-selon-loms\/181434\/","url":"https:\/\/www.webdo.tn\/fr\/actualite\/international\/le-covid-19-a-fait-entre-6-et-8-millions-de-morts-dans-le-monde-selon-loms\/181434\/","name":"Le Covid-19 a fait entre 6 et 8 millions de morts dans le monde, selon l'OMS","isPartOf":{"@id":"https:\/\/www.webdo.tn\/fr\/#website"},"primaryImageOfPage":{"@id":"https:\/\/www.webdo.tn\/fr\/actualite\/international\/le-covid-19-a-fait-entre-6-et-8-millions-de-morts-dans-le-monde-selon-loms\/181434\/#primaryimage"},"image":{"@id":"https:\/\/www.webdo.tn\/fr\/actualite\/international\/le-covid-19-a-fait-entre-6-et-8-millions-de-morts-dans-le-monde-selon-loms\/181434\/#primaryimage"},"thumbnailUrl":"https:\/\/www.webdo.tn\/fr\/wp-content\/uploads\/2021\/05\/morts-covid.jpg","datePublished":"2021-05-22T12:25:00+00:00","dateModified":"2025-05-17T17:26:31+00:00","description":"Le Covid-19 a fait entre 6 et 8 millions de morts dans le monde, selon l'OMS","breadcrumb":{"@id":"https:\/\/www.webdo.tn\/fr\/actualite\/international\/le-covid-19-a-fait-entre-6-et-8-millions-de-morts-dans-le-monde-selon-loms\/181434\/#breadcrumb"},"inLanguage":"fr-FR","potentialAction":[{"@type":"ReadAction","target":["https:\/\/www.webdo.tn\/fr\/actualite\/international\/le-covid-19-a-fait-entre-6-et-8-millions-de-morts-dans-le-monde-selon-loms\/181434\/"]}]},{"@type":"ImageObject","inLanguage":"fr-FR","@id":"https:\/\/www.webdo.tn\/fr\/actualite\/international\/le-covid-19-a-fait-entre-6-et-8-millions-de-morts-dans-le-monde-selon-loms\/181434\/#primaryimage","url":"https:\/\/www.webdo.tn\/fr\/wp-content\/uploads\/2021\/05\/morts-covid.jpg","contentUrl":"https:\/\/www.webdo.tn\/fr\/wp-content\/uploads\/2021\/05\/morts-covid.jpg","width":800,"height":450,"caption":"Le Covid-19 a fait entre 6 et 8 millions de morts dans le monde, selon l'OMS"},{"@type":"BreadcrumbList","@id":"https:\/\/www.webdo.tn\/fr\/actualite\/international\/le-covid-19-a-fait-entre-6-et-8-millions-de-morts-dans-le-monde-selon-loms\/181434\/#breadcrumb","itemListElement":[{"@type":"ListItem","position":1,"name":"Accueil","item":"https:\/\/www.webdo.tn\/fr\/"},{"@type":"ListItem","position":2,"name":"Le Covid-19 a fait entre 6 et 8 millions de morts dans le monde, selon l&rsquo;OMS"}]},{"@type":"WebSite","@id":"https:\/\/www.webdo.tn\/fr\/#website","url":"https:\/\/www.webdo.tn\/fr\/","name":"webdo","description":"Tunisie - News en Tunisie et \u00e0 l&#039;international sur Webdo.tn","publisher":{"@id":"https:\/\/www.webdo.tn\/fr\/#organization"},"potentialAction":[{"@type":"SearchAction","target":{"@type":"EntryPoint","urlTemplate":"https:\/\/www.webdo.tn\/fr\/?s={search_term_string}"},"query-input":{"@type":"PropertyValueSpecification","valueRequired":true,"valueName":"search_term_string"}}],"inLanguage":"fr-FR"},{"@type":"Organization","@id":"https:\/\/www.webdo.tn\/fr\/#organization","name":"Webdo","alternateName":"Webdo.tn","url":"https:\/\/www.webdo.tn\/fr\/","logo":{"@type":"ImageObject","inLanguage":"fr-FR","@id":"https:\/\/www.webdo.tn\/fr\/#\/schema\/logo\/image\/","url":"https:\/\/www.webdo.tn\/fr\/wp-content\/uploads\/2025\/06\/Webdo-Tunisie_168377.jpg","contentUrl":"https:\/\/www.webdo.tn\/fr\/wp-content\/uploads\/2025\/06\/Webdo-Tunisie_168377.jpg","width":301,"height":301,"caption":"Webdo"},"image":{"@id":"https:\/\/www.webdo.tn\/fr\/#\/schema\/logo\/image\/"},"sameAs":["https:\/\/www.facebook.com\/webdotn","https:\/\/x.com\/webdo_tn"],"description":"Webdo est un m\u00e9dia num\u00e9rique tunisien fond\u00e9 en 2010, sp\u00e9cialis\u00e9 dans l\u2019actualit\u00e9 nationale et internationale, l\u2019\u00e9conomie, la soci\u00e9t\u00e9 et les analyses politiques. Le site s\u2019adresse \u00e0 un large public francophone et couvre l\u2019information tunisienne en temps r\u00e9el.","email":"redac@webdo.tn","legalName":"YNJ SARL","foundingDate":"2010-09-06","numberOfEmployees":{"@type":"QuantitativeValue","minValue":"11","maxValue":"50"}},{"@type":"Person","@id":"https:\/\/www.webdo.tn\/fr\/#\/schema\/person\/9a9c6118d687c117df8ef3cc36a4d175","name":"webdo.tn","image":{"@type":"ImageObject","inLanguage":"fr-FR","@id":"https:\/\/secure.gravatar.com\/avatar\/7ce1f28c0c3bbac99ff550b85ef8e44a6950c6ee24514fb6a5489e51d06f0298?s=96&d=mm&r=g","url":"https:\/\/secure.gravatar.com\/avatar\/7ce1f28c0c3bbac99ff550b85ef8e44a6950c6ee24514fb6a5489e51d06f0298?s=96&d=mm&r=g","contentUrl":"https:\/\/secure.gravatar.com\/avatar\/7ce1f28c0c3bbac99ff550b85ef8e44a6950c6ee24514fb6a5489e51d06f0298?s=96&d=mm&r=g","caption":"webdo.tn"},"url":"https:\/\/www.webdo.tn\/fr\/actualite\/author\/webdotn\/"}]}},"_links":{"self":[{"href":"https:\/\/www.webdo.tn\/fr\/wp-json\/wp\/v2\/posts\/181434","targetHints":{"allow":["GET"]}}],"collection":[{"href":"https:\/\/www.webdo.tn\/fr\/wp-json\/wp\/v2\/posts"}],"about":[{"href":"https:\/\/www.webdo.tn\/fr\/wp-json\/wp\/v2\/types\/post"}],"author":[{"embeddable":true,"href":"https:\/\/www.webdo.tn\/fr\/wp-json\/wp\/v2\/users\/3222"}],"replies":[{"embeddable":true,"href":"https:\/\/www.webdo.tn\/fr\/wp-json\/wp\/v2\/comments?post=181434"}],"version-history":[{"count":0,"href":"https:\/\/www.webdo.tn\/fr\/wp-json\/wp\/v2\/posts\/181434\/revisions"}],"wp:featuredmedia":[{"embeddable":true,"href":"https:\/\/www.webdo.tn\/fr\/wp-json\/wp\/v2\/media\/274558"}],"wp:attachment":[{"href":"https:\/\/www.webdo.tn\/fr\/wp-json\/wp\/v2\/media?parent=181434"}],"wp:term":[{"taxonomy":"category","embeddable":true,"href":"https:\/\/www.webdo.tn\/fr\/wp-json\/wp\/v2\/categories?post=181434"},{"taxonomy":"post_tag","embeddable":true,"href":"https:\/\/www.webdo.tn\/fr\/wp-json\/wp\/v2\/tags?post=181434"}],"curies":[{"name":"wp","href":"https:\/\/api.w.org\/{rel}","templated":true}]}}