{"id":180395,"date":"2016-10-12T15:31:00","date_gmt":"2016-10-12T13:31:00","guid":{"rendered":"https:\/\/www.webdo.tn\/fr\/actualite\/evenement\/sousse-exposition-photos-jasmin-histoires-dune-repression\/180395"},"modified":"2016-10-12T15:31:00","modified_gmt":"2016-10-12T13:31:00","slug":"sousse-exposition-photos-jasmin-histoires-dune-repression","status":"publish","type":"post","link":"https:\/\/www.webdo.tn\/fr\/actualite\/evenement\/sousse-exposition-photos-jasmin-histoires-dune-repression\/180395\/","title":{"rendered":"Sousse : Exposition photos \u00ab\u00a0Sous le jasmin, histoires d&rsquo;une r\u00e9pression\u00a0\u00bb"},"content":{"rendered":"<p>La galerie d&rsquo;art El Birou et le Relais culturel fran\u00e7ais organisent, du mardi 18 au jeudi 27 octobre, l&rsquo;exposition \u00ab\u00a0Sous le jasmin, histoires d&rsquo;une r\u00e9pression\u00a0\u00bb du photographe Augustin Le Gall. Le vernissage aura lieu le mardi 18 octobre \u00e0 17h.<\/p>\n<p>Sur une id\u00e9e originale de l&rsquo;artiste, l&rsquo;Organisation mondiale contre la torture (OMTC) et le photojournaliste se sont associ\u00e9s pour r\u00e9aliser ce projet, une premi\u00e8re en Tunisie, qui pr\u00e9sente les t\u00e9moignages de 35 hommes et femmes de divers horizons (politiques, d\u00e9fenseurs des droits de l&rsquo;Homme, journalistes, \u00e9tudiants ou encore citoyens) qui ont subi la torture et la r\u00e9pression.<\/p>\n<p>Traversant l&rsquo;histoire de la Tunisie, depuis son ind\u00e9pendance en 1956 jusqu&rsquo;\u00e0 aujourd&rsquo;hui, ces 35 victimes livrent leur histoire, \u00e0 la fois singuli\u00e8re et collective.<\/p>\n<p>En marge de l&rsquo;exposition, une rencontre-d\u00e9bat sur le th\u00e8me \u00ab\u00a0La torture, \u00e9tat des lieux aujourd&rsquo;hui\u00a0\u00bb, anim\u00e9e par l&rsquo;\u00e9quipe de l&rsquo;OMTC, sera \u00e9galement propos\u00e9e au public, le samedi 22 octobre \u00e0 10h, \u00e0 la galerie d&rsquo;art El Birou, annonce l&rsquo;Institut Fran\u00e7ais de Tunisie.<\/p>\n","protected":false},"excerpt":{"rendered":"<p>La galerie d&rsquo;art El Birou et le Relais culturel fran\u00e7ais organisent, du mardi 18 au jeudi 27 octobre, l&rsquo;exposition \u00ab\u00a0Sous le jasmin, histoires d&rsquo;une r\u00e9pre<\/p>\n","protected":false},"author":3222,"featured_media":372395,"comment_status":"open","ping_status":"open","sticky":false,"template":"","format":"standard","meta":{"footnotes":""},"categories":[9106],"tags":[],"class_list":["post-180395","post","type-post","status-publish","format-standard","has-post-thumbnail","hentry","category-evenement"],"yoast_head":"<!-- This site is optimized with the Yoast SEO Premium plugin v27.4 (Yoast SEO v27.5) - https:\/\/yoast.com\/product\/yoast-seo-premium-wordpress\/ -->\n<title>Sousse : Exposition photos Sous le jasmin, histoires d&#039;une r\u00e9pression<\/title>\n<meta name=\"description\" content=\"Sousse : Exposition photos Sous le jasmin, histoires d&#039;une r\u00e9pression\" \/>\n<link rel=\"canonical\" href=\"https:\/\/www.webdo.tn\/fr\/actualite\/evenement\/sousse-exposition-photos-jasmin-histoires-dune-repression\/180395\/\" \/>\n<meta property=\"og:locale\" content=\"fr_FR\" \/>\n<meta property=\"og:type\" content=\"article\" \/>\n<meta property=\"og:title\" content=\"Sousse : Exposition photos &quot;Sous le jasmin, histoires d&#039;une r\u00e9pression&quot;\" \/>\n<meta property=\"og:description\" content=\"Sousse : Exposition photos Sous le jasmin, histoires d&#039;une r\u00e9pression\" \/>\n<meta property=\"og:url\" content=\"https:\/\/www.webdo.tn\/fr\/actualite\/evenement\/sousse-exposition-photos-jasmin-histoires-dune-repression\/180395\/\" \/>\n<meta property=\"og:site_name\" content=\"webdo\" \/>\n<meta property=\"article:publisher\" content=\"https:\/\/www.facebook.com\/webdotn\" \/>\n<meta property=\"article:published_time\" content=\"2016-10-12T13:31:00+00:00\" \/>\n<meta property=\"og:image\" content=\"https:\/\/www.webdo.tn\/fr\/wp-content\/uploads\/2025\/06\/Credit-photo-Augustin-Le-Gall-300x215_180395.jpg\" \/>\n\t<meta property=\"og:image:width\" content=\"300\" \/>\n\t<meta property=\"og:image:height\" content=\"215\" \/>\n\t<meta property=\"og:image:type\" content=\"image\/jpeg\" \/>\n<meta name=\"author\" content=\"webdo.tn\" \/>\n<meta name=\"twitter:card\" content=\"summary_large_image\" \/>\n<meta name=\"twitter:creator\" content=\"@webdo_tn\" \/>\n<meta name=\"twitter:site\" content=\"@webdo_tn\" \/>\n<meta name=\"twitter:label1\" content=\"\u00c9crit par\" \/>\n\t<meta name=\"twitter:data1\" content=\"webdo.tn\" \/>\n\t<meta name=\"twitter:label2\" content=\"Dur\u00e9e de lecture estim\u00e9e\" \/>\n\t<meta name=\"twitter:data2\" content=\"1 minute\" \/>\n<script type=\"application\/ld+json\" class=\"yoast-schema-graph\">{\"@context\":\"https:\\\/\\\/schema.org\",\"@graph\":[{\"@type\":\"NewsArticle\",\"@id\":\"https:\\\/\\\/www.webdo.tn\\\/fr\\\/actualite\\\/evenement\\\/sousse-exposition-photos-jasmin-histoires-dune-repression\\\/180395\\\/#article\",\"isPartOf\":{\"@id\":\"https:\\\/\\\/www.webdo.tn\\\/fr\\\/actualite\\\/evenement\\\/sousse-exposition-photos-jasmin-histoires-dune-repression\\\/180395\\\/\"},\"author\":{\"name\":\"webdo.tn\",\"@id\":\"https:\\\/\\\/www.webdo.tn\\\/fr\\\/#\\\/schema\\\/person\\\/9a9c6118d687c117df8ef3cc36a4d175\"},\"headline\":\"Sousse : Exposition photos \u00ab\u00a0Sous le jasmin, histoires d&rsquo;une r\u00e9pression\u00a0\u00bb\",\"datePublished\":\"2016-10-12T13:31:00+00:00\",\"mainEntityOfPage\":{\"@id\":\"https:\\\/\\\/www.webdo.tn\\\/fr\\\/actualite\\\/evenement\\\/sousse-exposition-photos-jasmin-histoires-dune-repression\\\/180395\\\/\"},\"wordCount\":194,\"commentCount\":0,\"publisher\":{\"@id\":\"https:\\\/\\\/www.webdo.tn\\\/fr\\\/#organization\"},\"image\":{\"@id\":\"https:\\\/\\\/www.webdo.tn\\\/fr\\\/actualite\\\/evenement\\\/sousse-exposition-photos-jasmin-histoires-dune-repression\\\/180395\\\/#primaryimage\"},\"thumbnailUrl\":\"https:\\\/\\\/www.webdo.tn\\\/fr\\\/wp-content\\\/uploads\\\/2025\\\/06\\\/Credit-photo-Augustin-Le-Gall-300x215_180395.jpg\",\"articleSection\":[\"Ev\u00e8nement\"],\"inLanguage\":\"fr-FR\"},{\"@type\":\"WebPage\",\"@id\":\"https:\\\/\\\/www.webdo.tn\\\/fr\\\/actualite\\\/evenement\\\/sousse-exposition-photos-jasmin-histoires-dune-repression\\\/180395\\\/\",\"url\":\"https:\\\/\\\/www.webdo.tn\\\/fr\\\/actualite\\\/evenement\\\/sousse-exposition-photos-jasmin-histoires-dune-repression\\\/180395\\\/\",\"name\":\"Sousse : Exposition photos Sous le jasmin, histoires d'une r\u00e9pression\",\"isPartOf\":{\"@id\":\"https:\\\/\\\/www.webdo.tn\\\/fr\\\/#website\"},\"primaryImageOfPage\":{\"@id\":\"https:\\\/\\\/www.webdo.tn\\\/fr\\\/actualite\\\/evenement\\\/sousse-exposition-photos-jasmin-histoires-dune-repression\\\/180395\\\/#primaryimage\"},\"image\":{\"@id\":\"https:\\\/\\\/www.webdo.tn\\\/fr\\\/actualite\\\/evenement\\\/sousse-exposition-photos-jasmin-histoires-dune-repression\\\/180395\\\/#primaryimage\"},\"thumbnailUrl\":\"https:\\\/\\\/www.webdo.tn\\\/fr\\\/wp-content\\\/uploads\\\/2025\\\/06\\\/Credit-photo-Augustin-Le-Gall-300x215_180395.jpg\",\"datePublished\":\"2016-10-12T13:31:00+00:00\",\"description\":\"Sousse : Exposition photos Sous le jasmin, histoires d'une r\u00e9pression\",\"breadcrumb\":{\"@id\":\"https:\\\/\\\/www.webdo.tn\\\/fr\\\/actualite\\\/evenement\\\/sousse-exposition-photos-jasmin-histoires-dune-repression\\\/180395\\\/#breadcrumb\"},\"inLanguage\":\"fr-FR\",\"potentialAction\":[{\"@type\":\"ReadAction\",\"target\":[\"https:\\\/\\\/www.webdo.tn\\\/fr\\\/actualite\\\/evenement\\\/sousse-exposition-photos-jasmin-histoires-dune-repression\\\/180395\\\/\"]}]},{\"@type\":\"ImageObject\",\"inLanguage\":\"fr-FR\",\"@id\":\"https:\\\/\\\/www.webdo.tn\\\/fr\\\/actualite\\\/evenement\\\/sousse-exposition-photos-jasmin-histoires-dune-repression\\\/180395\\\/#primaryimage\",\"url\":\"https:\\\/\\\/www.webdo.tn\\\/fr\\\/wp-content\\\/uploads\\\/2025\\\/06\\\/Credit-photo-Augustin-Le-Gall-300x215_180395.jpg\",\"contentUrl\":\"https:\\\/\\\/www.webdo.tn\\\/fr\\\/wp-content\\\/uploads\\\/2025\\\/06\\\/Credit-photo-Augustin-Le-Gall-300x215_180395.jpg\",\"width\":300,\"height\":215,\"caption\":\"Sousse : Exposition photos \\\"Sous le jasmin, histoires d'une r\u00e9pression\\\"\"},{\"@type\":\"BreadcrumbList\",\"@id\":\"https:\\\/\\\/www.webdo.tn\\\/fr\\\/actualite\\\/evenement\\\/sousse-exposition-photos-jasmin-histoires-dune-repression\\\/180395\\\/#breadcrumb\",\"itemListElement\":[{\"@type\":\"ListItem\",\"position\":1,\"name\":\"Accueil\",\"item\":\"https:\\\/\\\/www.webdo.tn\\\/fr\\\/\"},{\"@type\":\"ListItem\",\"position\":2,\"name\":\"Sousse : Exposition photos \u00ab\u00a0Sous le jasmin, histoires d&rsquo;une r\u00e9pression\u00a0\u00bb\"}]},{\"@type\":\"WebSite\",\"@id\":\"https:\\\/\\\/www.webdo.tn\\\/fr\\\/#website\",\"url\":\"https:\\\/\\\/www.webdo.tn\\\/fr\\\/\",\"name\":\"webdo\",\"description\":\"Tunisie - News en Tunisie et \u00e0 l&#039;international sur Webdo.tn\",\"publisher\":{\"@id\":\"https:\\\/\\\/www.webdo.tn\\\/fr\\\/#organization\"},\"potentialAction\":[{\"@type\":\"SearchAction\",\"target\":{\"@type\":\"EntryPoint\",\"urlTemplate\":\"https:\\\/\\\/www.webdo.tn\\\/fr\\\/?s={search_term_string}\"},\"query-input\":{\"@type\":\"PropertyValueSpecification\",\"valueRequired\":true,\"valueName\":\"search_term_string\"}}],\"inLanguage\":\"fr-FR\"},{\"@type\":\"Organization\",\"@id\":\"https:\\\/\\\/www.webdo.tn\\\/fr\\\/#organization\",\"name\":\"Webdo\",\"alternateName\":\"Webdo.tn\",\"url\":\"https:\\\/\\\/www.webdo.tn\\\/fr\\\/\",\"logo\":{\"@type\":\"ImageObject\",\"inLanguage\":\"fr-FR\",\"@id\":\"https:\\\/\\\/www.webdo.tn\\\/fr\\\/#\\\/schema\\\/logo\\\/image\\\/\",\"url\":\"https:\\\/\\\/www.webdo.tn\\\/fr\\\/wp-content\\\/uploads\\\/2025\\\/06\\\/Webdo-Tunisie_168377.jpg\",\"contentUrl\":\"https:\\\/\\\/www.webdo.tn\\\/fr\\\/wp-content\\\/uploads\\\/2025\\\/06\\\/Webdo-Tunisie_168377.jpg\",\"width\":301,\"height\":301,\"caption\":\"Webdo\"},\"image\":{\"@id\":\"https:\\\/\\\/www.webdo.tn\\\/fr\\\/#\\\/schema\\\/logo\\\/image\\\/\"},\"sameAs\":[\"https:\\\/\\\/www.facebook.com\\\/webdotn\",\"https:\\\/\\\/x.com\\\/webdo_tn\"],\"description\":\"Webdo est un m\u00e9dia num\u00e9rique tunisien fond\u00e9 en 2010, sp\u00e9cialis\u00e9 dans l\u2019actualit\u00e9 nationale et internationale, l\u2019\u00e9conomie, la soci\u00e9t\u00e9 et les analyses politiques. Le site s\u2019adresse \u00e0 un large public francophone et couvre l\u2019information tunisienne en temps r\u00e9el.\",\"email\":\"redac@webdo.tn\",\"legalName\":\"YNJ SARL\",\"foundingDate\":\"2010-09-06\",\"numberOfEmployees\":{\"@type\":\"QuantitativeValue\",\"minValue\":\"11\",\"maxValue\":\"50\"}},{\"@type\":\"Person\",\"@id\":\"https:\\\/\\\/www.webdo.tn\\\/fr\\\/#\\\/schema\\\/person\\\/9a9c6118d687c117df8ef3cc36a4d175\",\"name\":\"webdo.tn\",\"image\":{\"@type\":\"ImageObject\",\"inLanguage\":\"fr-FR\",\"@id\":\"https:\\\/\\\/secure.gravatar.com\\\/avatar\\\/7ce1f28c0c3bbac99ff550b85ef8e44a6950c6ee24514fb6a5489e51d06f0298?s=96&d=mm&r=g\",\"url\":\"https:\\\/\\\/secure.gravatar.com\\\/avatar\\\/7ce1f28c0c3bbac99ff550b85ef8e44a6950c6ee24514fb6a5489e51d06f0298?s=96&d=mm&r=g\",\"contentUrl\":\"https:\\\/\\\/secure.gravatar.com\\\/avatar\\\/7ce1f28c0c3bbac99ff550b85ef8e44a6950c6ee24514fb6a5489e51d06f0298?s=96&d=mm&r=g\",\"caption\":\"webdo.tn\"},\"url\":\"https:\\\/\\\/www.webdo.tn\\\/fr\\\/actualite\\\/author\\\/webdotn\\\/\"}]}<\/script>\n<!-- \/ Yoast SEO Premium plugin. -->","yoast_head_json":{"title":"Sousse : Exposition photos Sous le jasmin, histoires d'une r\u00e9pression","description":"Sousse : Exposition photos Sous le jasmin, histoires d'une r\u00e9pression","canonical":"https:\/\/www.webdo.tn\/fr\/actualite\/evenement\/sousse-exposition-photos-jasmin-histoires-dune-repression\/180395\/","og_locale":"fr_FR","og_type":"article","og_title":"Sousse : Exposition photos \"Sous le jasmin, histoires d'une r\u00e9pression\"","og_description":"Sousse : Exposition photos Sous le jasmin, histoires d'une r\u00e9pression","og_url":"https:\/\/www.webdo.tn\/fr\/actualite\/evenement\/sousse-exposition-photos-jasmin-histoires-dune-repression\/180395\/","og_site_name":"webdo","article_publisher":"https:\/\/www.facebook.com\/webdotn","article_published_time":"2016-10-12T13:31:00+00:00","og_image":[{"width":300,"height":215,"url":"https:\/\/www.webdo.tn\/fr\/wp-content\/uploads\/2025\/06\/Credit-photo-Augustin-Le-Gall-300x215_180395.jpg","type":"image\/jpeg"}],"author":"webdo.tn","twitter_card":"summary_large_image","twitter_creator":"@webdo_tn","twitter_site":"@webdo_tn","twitter_misc":{"\u00c9crit par":"webdo.tn","Dur\u00e9e de lecture estim\u00e9e":"1 minute"},"schema":{"@context":"https:\/\/schema.org","@graph":[{"@type":"NewsArticle","@id":"https:\/\/www.webdo.tn\/fr\/actualite\/evenement\/sousse-exposition-photos-jasmin-histoires-dune-repression\/180395\/#article","isPartOf":{"@id":"https:\/\/www.webdo.tn\/fr\/actualite\/evenement\/sousse-exposition-photos-jasmin-histoires-dune-repression\/180395\/"},"author":{"name":"webdo.tn","@id":"https:\/\/www.webdo.tn\/fr\/#\/schema\/person\/9a9c6118d687c117df8ef3cc36a4d175"},"headline":"Sousse : Exposition photos \u00ab\u00a0Sous le jasmin, histoires d&rsquo;une r\u00e9pression\u00a0\u00bb","datePublished":"2016-10-12T13:31:00+00:00","mainEntityOfPage":{"@id":"https:\/\/www.webdo.tn\/fr\/actualite\/evenement\/sousse-exposition-photos-jasmin-histoires-dune-repression\/180395\/"},"wordCount":194,"commentCount":0,"publisher":{"@id":"https:\/\/www.webdo.tn\/fr\/#organization"},"image":{"@id":"https:\/\/www.webdo.tn\/fr\/actualite\/evenement\/sousse-exposition-photos-jasmin-histoires-dune-repression\/180395\/#primaryimage"},"thumbnailUrl":"https:\/\/www.webdo.tn\/fr\/wp-content\/uploads\/2025\/06\/Credit-photo-Augustin-Le-Gall-300x215_180395.jpg","articleSection":["Ev\u00e8nement"],"inLanguage":"fr-FR"},{"@type":"WebPage","@id":"https:\/\/www.webdo.tn\/fr\/actualite\/evenement\/sousse-exposition-photos-jasmin-histoires-dune-repression\/180395\/","url":"https:\/\/www.webdo.tn\/fr\/actualite\/evenement\/sousse-exposition-photos-jasmin-histoires-dune-repression\/180395\/","name":"Sousse : Exposition photos Sous le jasmin, histoires d'une r\u00e9pression","isPartOf":{"@id":"https:\/\/www.webdo.tn\/fr\/#website"},"primaryImageOfPage":{"@id":"https:\/\/www.webdo.tn\/fr\/actualite\/evenement\/sousse-exposition-photos-jasmin-histoires-dune-repression\/180395\/#primaryimage"},"image":{"@id":"https:\/\/www.webdo.tn\/fr\/actualite\/evenement\/sousse-exposition-photos-jasmin-histoires-dune-repression\/180395\/#primaryimage"},"thumbnailUrl":"https:\/\/www.webdo.tn\/fr\/wp-content\/uploads\/2025\/06\/Credit-photo-Augustin-Le-Gall-300x215_180395.jpg","datePublished":"2016-10-12T13:31:00+00:00","description":"Sousse : Exposition photos Sous le jasmin, histoires d'une r\u00e9pression","breadcrumb":{"@id":"https:\/\/www.webdo.tn\/fr\/actualite\/evenement\/sousse-exposition-photos-jasmin-histoires-dune-repression\/180395\/#breadcrumb"},"inLanguage":"fr-FR","potentialAction":[{"@type":"ReadAction","target":["https:\/\/www.webdo.tn\/fr\/actualite\/evenement\/sousse-exposition-photos-jasmin-histoires-dune-repression\/180395\/"]}]},{"@type":"ImageObject","inLanguage":"fr-FR","@id":"https:\/\/www.webdo.tn\/fr\/actualite\/evenement\/sousse-exposition-photos-jasmin-histoires-dune-repression\/180395\/#primaryimage","url":"https:\/\/www.webdo.tn\/fr\/wp-content\/uploads\/2025\/06\/Credit-photo-Augustin-Le-Gall-300x215_180395.jpg","contentUrl":"https:\/\/www.webdo.tn\/fr\/wp-content\/uploads\/2025\/06\/Credit-photo-Augustin-Le-Gall-300x215_180395.jpg","width":300,"height":215,"caption":"Sousse : Exposition photos \"Sous le jasmin, histoires d'une r\u00e9pression\""},{"@type":"BreadcrumbList","@id":"https:\/\/www.webdo.tn\/fr\/actualite\/evenement\/sousse-exposition-photos-jasmin-histoires-dune-repression\/180395\/#breadcrumb","itemListElement":[{"@type":"ListItem","position":1,"name":"Accueil","item":"https:\/\/www.webdo.tn\/fr\/"},{"@type":"ListItem","position":2,"name":"Sousse : Exposition photos \u00ab\u00a0Sous le jasmin, histoires d&rsquo;une r\u00e9pression\u00a0\u00bb"}]},{"@type":"WebSite","@id":"https:\/\/www.webdo.tn\/fr\/#website","url":"https:\/\/www.webdo.tn\/fr\/","name":"webdo","description":"Tunisie - News en Tunisie et \u00e0 l&#039;international sur Webdo.tn","publisher":{"@id":"https:\/\/www.webdo.tn\/fr\/#organization"},"potentialAction":[{"@type":"SearchAction","target":{"@type":"EntryPoint","urlTemplate":"https:\/\/www.webdo.tn\/fr\/?s={search_term_string}"},"query-input":{"@type":"PropertyValueSpecification","valueRequired":true,"valueName":"search_term_string"}}],"inLanguage":"fr-FR"},{"@type":"Organization","@id":"https:\/\/www.webdo.tn\/fr\/#organization","name":"Webdo","alternateName":"Webdo.tn","url":"https:\/\/www.webdo.tn\/fr\/","logo":{"@type":"ImageObject","inLanguage":"fr-FR","@id":"https:\/\/www.webdo.tn\/fr\/#\/schema\/logo\/image\/","url":"https:\/\/www.webdo.tn\/fr\/wp-content\/uploads\/2025\/06\/Webdo-Tunisie_168377.jpg","contentUrl":"https:\/\/www.webdo.tn\/fr\/wp-content\/uploads\/2025\/06\/Webdo-Tunisie_168377.jpg","width":301,"height":301,"caption":"Webdo"},"image":{"@id":"https:\/\/www.webdo.tn\/fr\/#\/schema\/logo\/image\/"},"sameAs":["https:\/\/www.facebook.com\/webdotn","https:\/\/x.com\/webdo_tn"],"description":"Webdo est un m\u00e9dia num\u00e9rique tunisien fond\u00e9 en 2010, sp\u00e9cialis\u00e9 dans l\u2019actualit\u00e9 nationale et internationale, l\u2019\u00e9conomie, la soci\u00e9t\u00e9 et les analyses politiques. Le site s\u2019adresse \u00e0 un large public francophone et couvre l\u2019information tunisienne en temps r\u00e9el.","email":"redac@webdo.tn","legalName":"YNJ SARL","foundingDate":"2010-09-06","numberOfEmployees":{"@type":"QuantitativeValue","minValue":"11","maxValue":"50"}},{"@type":"Person","@id":"https:\/\/www.webdo.tn\/fr\/#\/schema\/person\/9a9c6118d687c117df8ef3cc36a4d175","name":"webdo.tn","image":{"@type":"ImageObject","inLanguage":"fr-FR","@id":"https:\/\/secure.gravatar.com\/avatar\/7ce1f28c0c3bbac99ff550b85ef8e44a6950c6ee24514fb6a5489e51d06f0298?s=96&d=mm&r=g","url":"https:\/\/secure.gravatar.com\/avatar\/7ce1f28c0c3bbac99ff550b85ef8e44a6950c6ee24514fb6a5489e51d06f0298?s=96&d=mm&r=g","contentUrl":"https:\/\/secure.gravatar.com\/avatar\/7ce1f28c0c3bbac99ff550b85ef8e44a6950c6ee24514fb6a5489e51d06f0298?s=96&d=mm&r=g","caption":"webdo.tn"},"url":"https:\/\/www.webdo.tn\/fr\/actualite\/author\/webdotn\/"}]}},"_links":{"self":[{"href":"https:\/\/www.webdo.tn\/fr\/wp-json\/wp\/v2\/posts\/180395","targetHints":{"allow":["GET"]}}],"collection":[{"href":"https:\/\/www.webdo.tn\/fr\/wp-json\/wp\/v2\/posts"}],"about":[{"href":"https:\/\/www.webdo.tn\/fr\/wp-json\/wp\/v2\/types\/post"}],"author":[{"embeddable":true,"href":"https:\/\/www.webdo.tn\/fr\/wp-json\/wp\/v2\/users\/3222"}],"replies":[{"embeddable":true,"href":"https:\/\/www.webdo.tn\/fr\/wp-json\/wp\/v2\/comments?post=180395"}],"version-history":[{"count":0,"href":"https:\/\/www.webdo.tn\/fr\/wp-json\/wp\/v2\/posts\/180395\/revisions"}],"wp:featuredmedia":[{"embeddable":true,"href":"https:\/\/www.webdo.tn\/fr\/wp-json\/wp\/v2\/media\/372395"}],"wp:attachment":[{"href":"https:\/\/www.webdo.tn\/fr\/wp-json\/wp\/v2\/media?parent=180395"}],"wp:term":[{"taxonomy":"category","embeddable":true,"href":"https:\/\/www.webdo.tn\/fr\/wp-json\/wp\/v2\/categories?post=180395"},{"taxonomy":"post_tag","embeddable":true,"href":"https:\/\/www.webdo.tn\/fr\/wp-json\/wp\/v2\/tags?post=180395"}],"curies":[{"name":"wp","href":"https:\/\/api.w.org\/{rel}","templated":true}]}}