{"id":180223,"date":"2014-07-03T13:01:00","date_gmt":"2014-07-03T13:01:00","guid":{"rendered":"https:\/\/www.webdo.tn\/fr\/blog\/contre-terrorisme-veillee-symbolique-ce-soir-kasbah\/180223\/"},"modified":"2025-05-22T13:10:14","modified_gmt":"2025-05-22T13:10:14","slug":"contre-terrorisme-veillee-symbolique-ce-soir-kasbah","status":"publish","type":"post","link":"https:\/\/www.webdo.tn\/fr\/actualite\/terrorisme\/contre-terrorisme-veillee-symbolique-ce-soir-kasbah\/180223\/","title":{"rendered":"Veill\u00e9e symbolique contre le terrorisme, ce soir \u00e0 la Kasbah"},"content":{"rendered":"<p>Un appel a \u00e9t\u00e9 lanc\u00e9 par la blogueuse Bent Trad sur Facebook, aussit\u00f4t relay\u00e9 par quelques activistes. L\u2019\u00e9v\u00e9nement \u00ab\u00a0Tous contre le Terrorisme\u00a0\u00bb invite les Tunisiens \u00e0 participer ce soir, jeudi 3 juillet, \u00e0 ce rassemblement contre le terrorisme, \u00e0 la Place du gouvernement \u00e0 la Kasbah de Tunis, \u00a0en m\u00e9moire de tous les martyrs tunisiens et victimes du terrorisme.<br \/>\nUne veill\u00e9e symbolique \u00e0 la m\u00e9moire de tous ceux et de toutes celles qui sont tomb\u00e9s pour assurer la s\u00e9curit\u00e9 des Tunisiens. La page Facebook annon\u00e7ant l\u2019\u00e9v\u00e9nement pr\u00e9voit un rassemblement \u00e0 la Place de la Kasbah, dans la soir\u00e9e de ce jeudi 3 juillet 2014 \u00e0 partir de 21h00, au cours duquel sera rendu un vibrant hommage aux soldats et aux agents de s\u00e9curit\u00e9.<br \/>\nCet \u00e9v\u00e9nement est organis\u00e9 au lendemain de la mort de quatre militaires au Kef, tu\u00e9s dans l\u2019explosion d\u2019une mine artisanale. A eux, comme \u00e0 tous les militaires et s\u00e9curitaires morts pour leur pays depuis plus de trois ans, sera rendu un hommage d\u2019union contre le terrorisme.<br \/>\nJasmin<br \/>\nA lire aussi :\u00a0<br \/>\nExplosions de Fernana \u00e0 Jbal Ouergha : m\u00eame groupe de terroristes ou plusieurs \u00e9l\u00e9ments dispers\u00e9s ?<\/p>\n","protected":false},"excerpt":{"rendered":"<p>Veill\u00e9e symbolique contre le terrorisme, ce soir \u00e0 la Kasbah<\/p>\n","protected":false},"author":3222,"featured_media":373921,"comment_status":"open","ping_status":"closed","sticky":false,"template":"","format":"standard","meta":{"footnotes":""},"categories":[11342],"tags":[],"class_list":["post-180223","post","type-post","status-publish","format-standard","has-post-thumbnail","hentry","category-terrorisme"],"yoast_head":"<!-- This site is optimized with the Yoast SEO Premium plugin v27.4 (Yoast SEO v27.5) - https:\/\/yoast.com\/product\/yoast-seo-premium-wordpress\/ -->\n<title>Veill\u00e9e symbolique contre le terrorisme, ce soir \u00e0 la Kasbah<\/title>\n<meta name=\"description\" content=\"Veill\u00e9e symbolique contre le terrorisme, ce soir \u00e0 la Kasbah\" \/>\n<link rel=\"canonical\" href=\"https:\/\/www.webdo.tn\/fr\/actualite\/terrorisme\/contre-terrorisme-veillee-symbolique-ce-soir-kasbah\/180223\/\" \/>\n<meta property=\"og:locale\" content=\"fr_FR\" \/>\n<meta property=\"og:type\" content=\"article\" \/>\n<meta property=\"og:title\" content=\"Veill\u00e9e symbolique contre le terrorisme, ce soir \u00e0 la Kasbah\" \/>\n<meta property=\"og:description\" content=\"Veill\u00e9e symbolique contre le terrorisme, ce soir \u00e0 la Kasbah\" \/>\n<meta property=\"og:url\" content=\"https:\/\/www.webdo.tn\/fr\/actualite\/terrorisme\/contre-terrorisme-veillee-symbolique-ce-soir-kasbah\/180223\/\" \/>\n<meta property=\"og:site_name\" content=\"webdo\" \/>\n<meta property=\"article:publisher\" content=\"https:\/\/www.facebook.com\/webdotn\" \/>\n<meta property=\"article:published_time\" content=\"2014-07-03T13:01:00+00:00\" \/>\n<meta property=\"article:modified_time\" content=\"2025-05-22T13:10:14+00:00\" \/>\n<meta property=\"og:image\" content=\"https:\/\/www.webdo.tn\/fr\/wp-content\/uploads\/2025\/06\/Martyrs-Jebel-Chaambi_180223.jpg\" \/>\n\t<meta property=\"og:image:width\" content=\"600\" \/>\n\t<meta property=\"og:image:height\" content=\"352\" \/>\n\t<meta property=\"og:image:type\" content=\"image\/jpeg\" \/>\n<meta name=\"author\" content=\"webdo.tn\" \/>\n<meta name=\"twitter:card\" content=\"summary_large_image\" \/>\n<meta name=\"twitter:creator\" content=\"@webdo_tn\" \/>\n<meta name=\"twitter:site\" content=\"@webdo_tn\" \/>\n<meta name=\"twitter:label1\" content=\"\u00c9crit par\" \/>\n\t<meta name=\"twitter:data1\" content=\"webdo.tn\" \/>\n\t<meta name=\"twitter:label2\" content=\"Dur\u00e9e de lecture estim\u00e9e\" \/>\n\t<meta name=\"twitter:data2\" content=\"1 minute\" \/>\n<script type=\"application\/ld+json\" class=\"yoast-schema-graph\">{\"@context\":\"https:\\\/\\\/schema.org\",\"@graph\":[{\"@type\":\"NewsArticle\",\"@id\":\"https:\\\/\\\/www.webdo.tn\\\/fr\\\/actualite\\\/terrorisme\\\/contre-terrorisme-veillee-symbolique-ce-soir-kasbah\\\/180223\\\/#article\",\"isPartOf\":{\"@id\":\"https:\\\/\\\/www.webdo.tn\\\/fr\\\/actualite\\\/terrorisme\\\/contre-terrorisme-veillee-symbolique-ce-soir-kasbah\\\/180223\\\/\"},\"author\":{\"name\":\"webdo.tn\",\"@id\":\"https:\\\/\\\/www.webdo.tn\\\/fr\\\/#\\\/schema\\\/person\\\/9a9c6118d687c117df8ef3cc36a4d175\"},\"headline\":\"Veill\u00e9e symbolique contre le terrorisme, ce soir \u00e0 la Kasbah\",\"datePublished\":\"2014-07-03T13:01:00+00:00\",\"dateModified\":\"2025-05-22T13:10:14+00:00\",\"mainEntityOfPage\":{\"@id\":\"https:\\\/\\\/www.webdo.tn\\\/fr\\\/actualite\\\/terrorisme\\\/contre-terrorisme-veillee-symbolique-ce-soir-kasbah\\\/180223\\\/\"},\"wordCount\":208,\"commentCount\":0,\"publisher\":{\"@id\":\"https:\\\/\\\/www.webdo.tn\\\/fr\\\/#organization\"},\"image\":{\"@id\":\"https:\\\/\\\/www.webdo.tn\\\/fr\\\/actualite\\\/terrorisme\\\/contre-terrorisme-veillee-symbolique-ce-soir-kasbah\\\/180223\\\/#primaryimage\"},\"thumbnailUrl\":\"https:\\\/\\\/www.webdo.tn\\\/fr\\\/wp-content\\\/uploads\\\/2025\\\/06\\\/Martyrs-Jebel-Chaambi_180223.jpg\",\"articleSection\":[\"Terrorisme\"],\"inLanguage\":\"fr-FR\"},{\"@type\":\"WebPage\",\"@id\":\"https:\\\/\\\/www.webdo.tn\\\/fr\\\/actualite\\\/terrorisme\\\/contre-terrorisme-veillee-symbolique-ce-soir-kasbah\\\/180223\\\/\",\"url\":\"https:\\\/\\\/www.webdo.tn\\\/fr\\\/actualite\\\/terrorisme\\\/contre-terrorisme-veillee-symbolique-ce-soir-kasbah\\\/180223\\\/\",\"name\":\"Veill\u00e9e symbolique contre le terrorisme, ce soir \u00e0 la Kasbah\",\"isPartOf\":{\"@id\":\"https:\\\/\\\/www.webdo.tn\\\/fr\\\/#website\"},\"primaryImageOfPage\":{\"@id\":\"https:\\\/\\\/www.webdo.tn\\\/fr\\\/actualite\\\/terrorisme\\\/contre-terrorisme-veillee-symbolique-ce-soir-kasbah\\\/180223\\\/#primaryimage\"},\"image\":{\"@id\":\"https:\\\/\\\/www.webdo.tn\\\/fr\\\/actualite\\\/terrorisme\\\/contre-terrorisme-veillee-symbolique-ce-soir-kasbah\\\/180223\\\/#primaryimage\"},\"thumbnailUrl\":\"https:\\\/\\\/www.webdo.tn\\\/fr\\\/wp-content\\\/uploads\\\/2025\\\/06\\\/Martyrs-Jebel-Chaambi_180223.jpg\",\"datePublished\":\"2014-07-03T13:01:00+00:00\",\"dateModified\":\"2025-05-22T13:10:14+00:00\",\"description\":\"Veill\u00e9e symbolique contre le terrorisme, ce soir \u00e0 la Kasbah\",\"breadcrumb\":{\"@id\":\"https:\\\/\\\/www.webdo.tn\\\/fr\\\/actualite\\\/terrorisme\\\/contre-terrorisme-veillee-symbolique-ce-soir-kasbah\\\/180223\\\/#breadcrumb\"},\"inLanguage\":\"fr-FR\",\"potentialAction\":[{\"@type\":\"ReadAction\",\"target\":[\"https:\\\/\\\/www.webdo.tn\\\/fr\\\/actualite\\\/terrorisme\\\/contre-terrorisme-veillee-symbolique-ce-soir-kasbah\\\/180223\\\/\"]}]},{\"@type\":\"ImageObject\",\"inLanguage\":\"fr-FR\",\"@id\":\"https:\\\/\\\/www.webdo.tn\\\/fr\\\/actualite\\\/terrorisme\\\/contre-terrorisme-veillee-symbolique-ce-soir-kasbah\\\/180223\\\/#primaryimage\",\"url\":\"https:\\\/\\\/www.webdo.tn\\\/fr\\\/wp-content\\\/uploads\\\/2025\\\/06\\\/Martyrs-Jebel-Chaambi_180223.jpg\",\"contentUrl\":\"https:\\\/\\\/www.webdo.tn\\\/fr\\\/wp-content\\\/uploads\\\/2025\\\/06\\\/Martyrs-Jebel-Chaambi_180223.jpg\",\"width\":600,\"height\":352,\"caption\":\"Veill\u00e9e symbolique contre le terrorisme, ce soir \u00e0 la Kasbah\"},{\"@type\":\"BreadcrumbList\",\"@id\":\"https:\\\/\\\/www.webdo.tn\\\/fr\\\/actualite\\\/terrorisme\\\/contre-terrorisme-veillee-symbolique-ce-soir-kasbah\\\/180223\\\/#breadcrumb\",\"itemListElement\":[{\"@type\":\"ListItem\",\"position\":1,\"name\":\"Accueil\",\"item\":\"https:\\\/\\\/www.webdo.tn\\\/fr\\\/\"},{\"@type\":\"ListItem\",\"position\":2,\"name\":\"Veill\u00e9e symbolique contre le terrorisme, ce soir \u00e0 la Kasbah\"}]},{\"@type\":\"WebSite\",\"@id\":\"https:\\\/\\\/www.webdo.tn\\\/fr\\\/#website\",\"url\":\"https:\\\/\\\/www.webdo.tn\\\/fr\\\/\",\"name\":\"webdo\",\"description\":\"Tunisie - News en Tunisie et \u00e0 l&#039;international sur Webdo.tn\",\"publisher\":{\"@id\":\"https:\\\/\\\/www.webdo.tn\\\/fr\\\/#organization\"},\"potentialAction\":[{\"@type\":\"SearchAction\",\"target\":{\"@type\":\"EntryPoint\",\"urlTemplate\":\"https:\\\/\\\/www.webdo.tn\\\/fr\\\/?s={search_term_string}\"},\"query-input\":{\"@type\":\"PropertyValueSpecification\",\"valueRequired\":true,\"valueName\":\"search_term_string\"}}],\"inLanguage\":\"fr-FR\"},{\"@type\":\"Organization\",\"@id\":\"https:\\\/\\\/www.webdo.tn\\\/fr\\\/#organization\",\"name\":\"Webdo\",\"alternateName\":\"Webdo.tn\",\"url\":\"https:\\\/\\\/www.webdo.tn\\\/fr\\\/\",\"logo\":{\"@type\":\"ImageObject\",\"inLanguage\":\"fr-FR\",\"@id\":\"https:\\\/\\\/www.webdo.tn\\\/fr\\\/#\\\/schema\\\/logo\\\/image\\\/\",\"url\":\"https:\\\/\\\/www.webdo.tn\\\/fr\\\/wp-content\\\/uploads\\\/2025\\\/06\\\/Webdo-Tunisie_168377.jpg\",\"contentUrl\":\"https:\\\/\\\/www.webdo.tn\\\/fr\\\/wp-content\\\/uploads\\\/2025\\\/06\\\/Webdo-Tunisie_168377.jpg\",\"width\":301,\"height\":301,\"caption\":\"Webdo\"},\"image\":{\"@id\":\"https:\\\/\\\/www.webdo.tn\\\/fr\\\/#\\\/schema\\\/logo\\\/image\\\/\"},\"sameAs\":[\"https:\\\/\\\/www.facebook.com\\\/webdotn\",\"https:\\\/\\\/x.com\\\/webdo_tn\"],\"description\":\"Webdo est un m\u00e9dia num\u00e9rique tunisien fond\u00e9 en 2010, sp\u00e9cialis\u00e9 dans l\u2019actualit\u00e9 nationale et internationale, l\u2019\u00e9conomie, la soci\u00e9t\u00e9 et les analyses politiques. Le site s\u2019adresse \u00e0 un large public francophone et couvre l\u2019information tunisienne en temps r\u00e9el.\",\"email\":\"redac@webdo.tn\",\"legalName\":\"YNJ SARL\",\"foundingDate\":\"2010-09-06\",\"numberOfEmployees\":{\"@type\":\"QuantitativeValue\",\"minValue\":\"11\",\"maxValue\":\"50\"}},{\"@type\":\"Person\",\"@id\":\"https:\\\/\\\/www.webdo.tn\\\/fr\\\/#\\\/schema\\\/person\\\/9a9c6118d687c117df8ef3cc36a4d175\",\"name\":\"webdo.tn\",\"image\":{\"@type\":\"ImageObject\",\"inLanguage\":\"fr-FR\",\"@id\":\"https:\\\/\\\/secure.gravatar.com\\\/avatar\\\/7ce1f28c0c3bbac99ff550b85ef8e44a6950c6ee24514fb6a5489e51d06f0298?s=96&d=mm&r=g\",\"url\":\"https:\\\/\\\/secure.gravatar.com\\\/avatar\\\/7ce1f28c0c3bbac99ff550b85ef8e44a6950c6ee24514fb6a5489e51d06f0298?s=96&d=mm&r=g\",\"contentUrl\":\"https:\\\/\\\/secure.gravatar.com\\\/avatar\\\/7ce1f28c0c3bbac99ff550b85ef8e44a6950c6ee24514fb6a5489e51d06f0298?s=96&d=mm&r=g\",\"caption\":\"webdo.tn\"},\"url\":\"https:\\\/\\\/www.webdo.tn\\\/fr\\\/actualite\\\/author\\\/webdotn\\\/\"}]}<\/script>\n<!-- \/ Yoast SEO Premium plugin. -->","yoast_head_json":{"title":"Veill\u00e9e symbolique contre le terrorisme, ce soir \u00e0 la Kasbah","description":"Veill\u00e9e symbolique contre le terrorisme, ce soir \u00e0 la Kasbah","canonical":"https:\/\/www.webdo.tn\/fr\/actualite\/terrorisme\/contre-terrorisme-veillee-symbolique-ce-soir-kasbah\/180223\/","og_locale":"fr_FR","og_type":"article","og_title":"Veill\u00e9e symbolique contre le terrorisme, ce soir \u00e0 la Kasbah","og_description":"Veill\u00e9e symbolique contre le terrorisme, ce soir \u00e0 la Kasbah","og_url":"https:\/\/www.webdo.tn\/fr\/actualite\/terrorisme\/contre-terrorisme-veillee-symbolique-ce-soir-kasbah\/180223\/","og_site_name":"webdo","article_publisher":"https:\/\/www.facebook.com\/webdotn","article_published_time":"2014-07-03T13:01:00+00:00","article_modified_time":"2025-05-22T13:10:14+00:00","og_image":[{"width":600,"height":352,"url":"https:\/\/www.webdo.tn\/fr\/wp-content\/uploads\/2025\/06\/Martyrs-Jebel-Chaambi_180223.jpg","type":"image\/jpeg"}],"author":"webdo.tn","twitter_card":"summary_large_image","twitter_creator":"@webdo_tn","twitter_site":"@webdo_tn","twitter_misc":{"\u00c9crit par":"webdo.tn","Dur\u00e9e de lecture estim\u00e9e":"1 minute"},"schema":{"@context":"https:\/\/schema.org","@graph":[{"@type":"NewsArticle","@id":"https:\/\/www.webdo.tn\/fr\/actualite\/terrorisme\/contre-terrorisme-veillee-symbolique-ce-soir-kasbah\/180223\/#article","isPartOf":{"@id":"https:\/\/www.webdo.tn\/fr\/actualite\/terrorisme\/contre-terrorisme-veillee-symbolique-ce-soir-kasbah\/180223\/"},"author":{"name":"webdo.tn","@id":"https:\/\/www.webdo.tn\/fr\/#\/schema\/person\/9a9c6118d687c117df8ef3cc36a4d175"},"headline":"Veill\u00e9e symbolique contre le terrorisme, ce soir \u00e0 la Kasbah","datePublished":"2014-07-03T13:01:00+00:00","dateModified":"2025-05-22T13:10:14+00:00","mainEntityOfPage":{"@id":"https:\/\/www.webdo.tn\/fr\/actualite\/terrorisme\/contre-terrorisme-veillee-symbolique-ce-soir-kasbah\/180223\/"},"wordCount":208,"commentCount":0,"publisher":{"@id":"https:\/\/www.webdo.tn\/fr\/#organization"},"image":{"@id":"https:\/\/www.webdo.tn\/fr\/actualite\/terrorisme\/contre-terrorisme-veillee-symbolique-ce-soir-kasbah\/180223\/#primaryimage"},"thumbnailUrl":"https:\/\/www.webdo.tn\/fr\/wp-content\/uploads\/2025\/06\/Martyrs-Jebel-Chaambi_180223.jpg","articleSection":["Terrorisme"],"inLanguage":"fr-FR"},{"@type":"WebPage","@id":"https:\/\/www.webdo.tn\/fr\/actualite\/terrorisme\/contre-terrorisme-veillee-symbolique-ce-soir-kasbah\/180223\/","url":"https:\/\/www.webdo.tn\/fr\/actualite\/terrorisme\/contre-terrorisme-veillee-symbolique-ce-soir-kasbah\/180223\/","name":"Veill\u00e9e symbolique contre le terrorisme, ce soir \u00e0 la Kasbah","isPartOf":{"@id":"https:\/\/www.webdo.tn\/fr\/#website"},"primaryImageOfPage":{"@id":"https:\/\/www.webdo.tn\/fr\/actualite\/terrorisme\/contre-terrorisme-veillee-symbolique-ce-soir-kasbah\/180223\/#primaryimage"},"image":{"@id":"https:\/\/www.webdo.tn\/fr\/actualite\/terrorisme\/contre-terrorisme-veillee-symbolique-ce-soir-kasbah\/180223\/#primaryimage"},"thumbnailUrl":"https:\/\/www.webdo.tn\/fr\/wp-content\/uploads\/2025\/06\/Martyrs-Jebel-Chaambi_180223.jpg","datePublished":"2014-07-03T13:01:00+00:00","dateModified":"2025-05-22T13:10:14+00:00","description":"Veill\u00e9e symbolique contre le terrorisme, ce soir \u00e0 la Kasbah","breadcrumb":{"@id":"https:\/\/www.webdo.tn\/fr\/actualite\/terrorisme\/contre-terrorisme-veillee-symbolique-ce-soir-kasbah\/180223\/#breadcrumb"},"inLanguage":"fr-FR","potentialAction":[{"@type":"ReadAction","target":["https:\/\/www.webdo.tn\/fr\/actualite\/terrorisme\/contre-terrorisme-veillee-symbolique-ce-soir-kasbah\/180223\/"]}]},{"@type":"ImageObject","inLanguage":"fr-FR","@id":"https:\/\/www.webdo.tn\/fr\/actualite\/terrorisme\/contre-terrorisme-veillee-symbolique-ce-soir-kasbah\/180223\/#primaryimage","url":"https:\/\/www.webdo.tn\/fr\/wp-content\/uploads\/2025\/06\/Martyrs-Jebel-Chaambi_180223.jpg","contentUrl":"https:\/\/www.webdo.tn\/fr\/wp-content\/uploads\/2025\/06\/Martyrs-Jebel-Chaambi_180223.jpg","width":600,"height":352,"caption":"Veill\u00e9e symbolique contre le terrorisme, ce soir \u00e0 la Kasbah"},{"@type":"BreadcrumbList","@id":"https:\/\/www.webdo.tn\/fr\/actualite\/terrorisme\/contre-terrorisme-veillee-symbolique-ce-soir-kasbah\/180223\/#breadcrumb","itemListElement":[{"@type":"ListItem","position":1,"name":"Accueil","item":"https:\/\/www.webdo.tn\/fr\/"},{"@type":"ListItem","position":2,"name":"Veill\u00e9e symbolique contre le terrorisme, ce soir \u00e0 la Kasbah"}]},{"@type":"WebSite","@id":"https:\/\/www.webdo.tn\/fr\/#website","url":"https:\/\/www.webdo.tn\/fr\/","name":"webdo","description":"Tunisie - News en Tunisie et \u00e0 l&#039;international sur Webdo.tn","publisher":{"@id":"https:\/\/www.webdo.tn\/fr\/#organization"},"potentialAction":[{"@type":"SearchAction","target":{"@type":"EntryPoint","urlTemplate":"https:\/\/www.webdo.tn\/fr\/?s={search_term_string}"},"query-input":{"@type":"PropertyValueSpecification","valueRequired":true,"valueName":"search_term_string"}}],"inLanguage":"fr-FR"},{"@type":"Organization","@id":"https:\/\/www.webdo.tn\/fr\/#organization","name":"Webdo","alternateName":"Webdo.tn","url":"https:\/\/www.webdo.tn\/fr\/","logo":{"@type":"ImageObject","inLanguage":"fr-FR","@id":"https:\/\/www.webdo.tn\/fr\/#\/schema\/logo\/image\/","url":"https:\/\/www.webdo.tn\/fr\/wp-content\/uploads\/2025\/06\/Webdo-Tunisie_168377.jpg","contentUrl":"https:\/\/www.webdo.tn\/fr\/wp-content\/uploads\/2025\/06\/Webdo-Tunisie_168377.jpg","width":301,"height":301,"caption":"Webdo"},"image":{"@id":"https:\/\/www.webdo.tn\/fr\/#\/schema\/logo\/image\/"},"sameAs":["https:\/\/www.facebook.com\/webdotn","https:\/\/x.com\/webdo_tn"],"description":"Webdo est un m\u00e9dia num\u00e9rique tunisien fond\u00e9 en 2010, sp\u00e9cialis\u00e9 dans l\u2019actualit\u00e9 nationale et internationale, l\u2019\u00e9conomie, la soci\u00e9t\u00e9 et les analyses politiques. Le site s\u2019adresse \u00e0 un large public francophone et couvre l\u2019information tunisienne en temps r\u00e9el.","email":"redac@webdo.tn","legalName":"YNJ SARL","foundingDate":"2010-09-06","numberOfEmployees":{"@type":"QuantitativeValue","minValue":"11","maxValue":"50"}},{"@type":"Person","@id":"https:\/\/www.webdo.tn\/fr\/#\/schema\/person\/9a9c6118d687c117df8ef3cc36a4d175","name":"webdo.tn","image":{"@type":"ImageObject","inLanguage":"fr-FR","@id":"https:\/\/secure.gravatar.com\/avatar\/7ce1f28c0c3bbac99ff550b85ef8e44a6950c6ee24514fb6a5489e51d06f0298?s=96&d=mm&r=g","url":"https:\/\/secure.gravatar.com\/avatar\/7ce1f28c0c3bbac99ff550b85ef8e44a6950c6ee24514fb6a5489e51d06f0298?s=96&d=mm&r=g","contentUrl":"https:\/\/secure.gravatar.com\/avatar\/7ce1f28c0c3bbac99ff550b85ef8e44a6950c6ee24514fb6a5489e51d06f0298?s=96&d=mm&r=g","caption":"webdo.tn"},"url":"https:\/\/www.webdo.tn\/fr\/actualite\/author\/webdotn\/"}]}},"_links":{"self":[{"href":"https:\/\/www.webdo.tn\/fr\/wp-json\/wp\/v2\/posts\/180223","targetHints":{"allow":["GET"]}}],"collection":[{"href":"https:\/\/www.webdo.tn\/fr\/wp-json\/wp\/v2\/posts"}],"about":[{"href":"https:\/\/www.webdo.tn\/fr\/wp-json\/wp\/v2\/types\/post"}],"author":[{"embeddable":true,"href":"https:\/\/www.webdo.tn\/fr\/wp-json\/wp\/v2\/users\/3222"}],"replies":[{"embeddable":true,"href":"https:\/\/www.webdo.tn\/fr\/wp-json\/wp\/v2\/comments?post=180223"}],"version-history":[{"count":0,"href":"https:\/\/www.webdo.tn\/fr\/wp-json\/wp\/v2\/posts\/180223\/revisions"}],"wp:featuredmedia":[{"embeddable":true,"href":"https:\/\/www.webdo.tn\/fr\/wp-json\/wp\/v2\/media\/373921"}],"wp:attachment":[{"href":"https:\/\/www.webdo.tn\/fr\/wp-json\/wp\/v2\/media?parent=180223"}],"wp:term":[{"taxonomy":"category","embeddable":true,"href":"https:\/\/www.webdo.tn\/fr\/wp-json\/wp\/v2\/categories?post=180223"},{"taxonomy":"post_tag","embeddable":true,"href":"https:\/\/www.webdo.tn\/fr\/wp-json\/wp\/v2\/tags?post=180223"}],"curies":[{"name":"wp","href":"https:\/\/api.w.org\/{rel}","templated":true}]}}