{"id":180222,"date":"2014-07-03T18:23:00","date_gmt":"2014-07-03T18:23:00","guid":{"rendered":"https:\/\/www.webdo.tn\/fr\/blog\/tunisie-ennahdha-rached-ghannouchi-tente-de-disculper-son-parti-du-terrorisme\/180222\/"},"modified":"2025-05-22T13:10:15","modified_gmt":"2025-05-22T13:10:15","slug":"tunisie-ennahdha-rached-ghannouchi-tente-de-disculper-son-parti-du-terrorisme","status":"publish","type":"post","link":"https:\/\/www.webdo.tn\/fr\/actualite\/terrorisme\/tunisie-ennahdha-rached-ghannouchi-tente-de-disculper-son-parti-du-terrorisme\/180222\/","title":{"rendered":"Ennahdha : Rached Ghannouchi\u00a0tente de disculper son parti du terrorisme"},"content":{"rendered":"<p>Le parti islamiste Ennahdha a r\u00e9cemment publi\u00e9, successivement plusieurs articles, communiqu\u00e9s et twitts sur les r\u00e9seaux sociaux pour se disculper du terrorisme et manifester son refus vis-\u00e0-vis des actes criminels survenus en Tunisie surtout ces derniers jours. Le poids du pass\u00e9 semble obliger son chef, Rached Ghannouchi, \u00e0 chaque drame, de marquer sa distance avec l\u2019int\u00e9grisme religieux.<\/p>\n<p>Justifications par l&rsquo;Histoire\u00a0<\/p>\n<p>Pour prouver cela, Ghannouchi, a \u00e9num\u00e9r\u00e9 hier sur sa page facebook et twitter, les autres incidents terroristes depuis 2002.<br \/>\n\u00ab\u00a0\u0627\u0644\u0625\u0631\u0647\u0627\u0628 \u0644\u0645 \u064a\u0628\u062f\u0623 \u0641\u064a \u0639\u0647\u062f \u0627\u0644\u0646\u0647\u0636\u0629 \u0628\u0644 \u0628\u062f\u0623 \u0645\u0646\u0630 \u0628\u062f\u0627\u064a\u0629 \u0627\u0644\u0627\u0633\u062a\u0642\u0644\u0627\u0644 \u062d\u064a\u062b \u062d\u0635\u0644\u062a \u0641\u062a\u0646\u0629 \u0648\u0635\u0631\u0627\u0639 \u0633\u064a\u0627\u0633\u064a \u0648\u0627\u0633\u062a\u064f\u062e\u062f\u0645 \u0641\u064a\u0647 \u0627\u0644\u0639\u0646\u0641 \u0645\u0646&#8230; http:\/\/t.co\/3bKzSuje17<\/p>\n<p>\u2014 Rached Ghannouchi (@R_Ghannouchi) 3 Juillet 2014<\/p>\n<p>\u00ab\u00a0Sous le r\u00e9gime Ben Ali, le terrorisme existait, par exemples\u00a0l\u2019op\u00e9ration Djerba en 2002 o\u00f9 quatorze personnes ont \u00e9t\u00e9 tu\u00e9es, l&rsquo;op\u00e9ration\u00a0de Soleimen \u00e9galement en 2006, sous le gouvernement d\u2019Essebsi \u00a0il y a eu l\u2019op\u00e9ration de Rouhia o\u00f9 l\u2019officier Taher Ayari Dieu est mort en martyr, \u2026\u00a0\u00bb<\/p>\n<p>\u00a0<br \/>\nDans son \u00ab\u00a0post\u00a0\u00bb sur facebook, Ghannouchi \u00e9voque \u00e9galement le clivage Bourguibiste vs Youssefiste d\u00e8s 1956.<\/p>\n<p>\u00abLe terrorisme n&rsquo;a pas commenc\u00e9 \u00e0 l&rsquo;\u00e9poque d\u2019Ennahdha mais depuis le d\u00e9but de l&rsquo;Ind\u00e9pendance. \u00a0Il y a eu une fitna (discorde) et des conflits politiques. La violence a \u00e9t\u00e9 utilis\u00e9e par les deux camps\u00bb reconna\u00eet-il.<\/p>\n<p>Le parti Ennahdha rattrap\u00e9 par son\u00a0pass\u00e9<\/p>\n<p>Cependant le pass\u00e9 d\u2019Ennahdha semble \u00e0 chaque fois teindre sur la r\u00e9putation du\u00a0mouvement islamiste n\u00e9 dans les ann\u00e9es 70. Les actes terroristes, du mois d\u2019ao\u00fbt 1988 par des membres du MTI (Mouvement de Tendance Islamique, ancien nom d\u2019Ennahdha avant 1989) qui ont pos\u00e9 deux bombes artisanales \u00a0dans des\u00a0h\u00f4tels \u00e0 Sousse et \u00e0 Monastir, r\u00e9gion natale de Bouguiba, ou les incidents de Bab Souika en 1991, ne sont toujours pas \u00e9lucid\u00e9s.<\/p>\n<p>Rappelons que Hamed Karoui, ancien Premier ministre de la Tunisie entre 1989 et 1999, a d\u00e9clar\u00e9, le 12 septembre 2012 sur les ondes de Mosa\u00efque FM, que<br \/>\n\u00ab\u00a0Les rapports entre Ben Ali et Ennahdha \u00e9manaient du principe d\u2019\u0153il pour \u0153il et dents et pour dents, c\u2019\u00e9tait r\u00e9action et contre-r\u00e9action, il ne faut pas oublier le vitriol, Monastir, Sousse et Bab Souika.\u00a0\u00bb<br \/>\nEn outre, les d\u00e9clarations de Rached Ghannouchi, dans une mosqu\u00e9e, appelant les islamistes \u00e0 incendier toutes les ambassades des Etats-Unies en 1990, rappellent l\u2019attaque de l\u2019ambassade des E.-U. en septembre 2012 par les salafistes sous le gouvernement de Ali Laaridh.<\/p>\n<p>Le poids de la responsabilit\u00e9 du parti islamiste, qui a gagn\u00e9 \u00a089\/217 si\u00e8ges \u00e0 l\u2019Assembl\u00e9e Constituante lors des \u00e9lections du 23 octobre 2011, \u00e0 prouver sa politique anti-jihad est important, notamment apr\u00e8s l\u2019adoubement de ses politiciens par le Centre de l&rsquo;\u00e9tude de l&rsquo;islam et de la d\u00e9mocratie \u00e0 Washington (CISD) avec \u00ab\u00a0 le prix du Musulman d\u00e9mocrate\u00a0\u00bb.<\/p>\n","protected":false},"excerpt":{"rendered":"<p>Ennahdha : Rached Ghannouchi\u00a0tente de disculper son parti du terrorisme<\/p>\n","protected":false},"author":3222,"featured_media":331949,"comment_status":"open","ping_status":"closed","sticky":false,"template":"","format":"standard","meta":{"footnotes":""},"categories":[11342],"tags":[],"class_list":["post-180222","post","type-post","status-publish","format-standard","has-post-thumbnail","hentry","category-terrorisme"],"yoast_head":"<!-- This site is optimized with the Yoast SEO Premium plugin v27.4 (Yoast SEO v27.5) - https:\/\/yoast.com\/product\/yoast-seo-premium-wordpress\/ -->\n<title>Ennahdha : Rached Ghannouchi\u00a0tente de disculper son parti du terrorisme<\/title>\n<meta name=\"description\" content=\"Ennahdha : Rached Ghannouchi\u00a0tente de disculper son parti du terrorisme\" \/>\n<link rel=\"canonical\" href=\"https:\/\/www.webdo.tn\/fr\/actualite\/terrorisme\/tunisie-ennahdha-rached-ghannouchi-tente-de-disculper-son-parti-du-terrorisme\/180222\/\" \/>\n<meta property=\"og:locale\" content=\"fr_FR\" \/>\n<meta property=\"og:type\" content=\"article\" \/>\n<meta property=\"og:title\" content=\"Ennahdha : Rached Ghannouchi\u00a0tente de disculper son parti du terrorisme\" \/>\n<meta property=\"og:description\" content=\"Ennahdha : Rached Ghannouchi\u00a0tente de disculper son parti du terrorisme\" \/>\n<meta property=\"og:url\" content=\"https:\/\/www.webdo.tn\/fr\/actualite\/terrorisme\/tunisie-ennahdha-rached-ghannouchi-tente-de-disculper-son-parti-du-terrorisme\/180222\/\" \/>\n<meta property=\"og:site_name\" content=\"webdo\" \/>\n<meta property=\"article:publisher\" content=\"https:\/\/www.facebook.com\/webdotn\" \/>\n<meta property=\"article:published_time\" content=\"2014-07-03T18:23:00+00:00\" \/>\n<meta property=\"article:modified_time\" content=\"2025-05-22T13:10:15+00:00\" \/>\n<meta property=\"og:image\" content=\"https:\/\/www.webdo.tn\/fr\/wp-content\/uploads\/2014\/07\/Rached-Ghannouchi.jpg\" \/>\n\t<meta property=\"og:image:width\" content=\"600\" \/>\n\t<meta property=\"og:image:height\" content=\"261\" \/>\n\t<meta property=\"og:image:type\" content=\"image\/jpeg\" \/>\n<meta name=\"author\" content=\"webdo.tn\" \/>\n<meta name=\"twitter:card\" content=\"summary_large_image\" \/>\n<meta name=\"twitter:creator\" content=\"@webdo_tn\" \/>\n<meta name=\"twitter:site\" content=\"@webdo_tn\" \/>\n<meta name=\"twitter:label1\" content=\"\u00c9crit par\" \/>\n\t<meta name=\"twitter:data1\" content=\"webdo.tn\" \/>\n\t<meta name=\"twitter:label2\" content=\"Dur\u00e9e de lecture estim\u00e9e\" \/>\n\t<meta name=\"twitter:data2\" content=\"2 minutes\" \/>\n<script type=\"application\/ld+json\" class=\"yoast-schema-graph\">{\"@context\":\"https:\\\/\\\/schema.org\",\"@graph\":[{\"@type\":\"NewsArticle\",\"@id\":\"https:\\\/\\\/www.webdo.tn\\\/fr\\\/actualite\\\/terrorisme\\\/tunisie-ennahdha-rached-ghannouchi-tente-de-disculper-son-parti-du-terrorisme\\\/180222\\\/#article\",\"isPartOf\":{\"@id\":\"https:\\\/\\\/www.webdo.tn\\\/fr\\\/actualite\\\/terrorisme\\\/tunisie-ennahdha-rached-ghannouchi-tente-de-disculper-son-parti-du-terrorisme\\\/180222\\\/\"},\"author\":{\"name\":\"webdo.tn\",\"@id\":\"https:\\\/\\\/www.webdo.tn\\\/fr\\\/#\\\/schema\\\/person\\\/9a9c6118d687c117df8ef3cc36a4d175\"},\"headline\":\"Ennahdha : Rached Ghannouchi\u00a0tente de disculper son parti du terrorisme\",\"datePublished\":\"2014-07-03T18:23:00+00:00\",\"dateModified\":\"2025-05-22T13:10:15+00:00\",\"mainEntityOfPage\":{\"@id\":\"https:\\\/\\\/www.webdo.tn\\\/fr\\\/actualite\\\/terrorisme\\\/tunisie-ennahdha-rached-ghannouchi-tente-de-disculper-son-parti-du-terrorisme\\\/180222\\\/\"},\"wordCount\":460,\"commentCount\":0,\"publisher\":{\"@id\":\"https:\\\/\\\/www.webdo.tn\\\/fr\\\/#organization\"},\"image\":{\"@id\":\"https:\\\/\\\/www.webdo.tn\\\/fr\\\/actualite\\\/terrorisme\\\/tunisie-ennahdha-rached-ghannouchi-tente-de-disculper-son-parti-du-terrorisme\\\/180222\\\/#primaryimage\"},\"thumbnailUrl\":\"https:\\\/\\\/www.webdo.tn\\\/fr\\\/wp-content\\\/uploads\\\/2014\\\/07\\\/Rached-Ghannouchi.jpg\",\"articleSection\":[\"Terrorisme\"],\"inLanguage\":\"fr-FR\"},{\"@type\":\"WebPage\",\"@id\":\"https:\\\/\\\/www.webdo.tn\\\/fr\\\/actualite\\\/terrorisme\\\/tunisie-ennahdha-rached-ghannouchi-tente-de-disculper-son-parti-du-terrorisme\\\/180222\\\/\",\"url\":\"https:\\\/\\\/www.webdo.tn\\\/fr\\\/actualite\\\/terrorisme\\\/tunisie-ennahdha-rached-ghannouchi-tente-de-disculper-son-parti-du-terrorisme\\\/180222\\\/\",\"name\":\"Ennahdha : Rached Ghannouchi\u00a0tente de disculper son parti du terrorisme\",\"isPartOf\":{\"@id\":\"https:\\\/\\\/www.webdo.tn\\\/fr\\\/#website\"},\"primaryImageOfPage\":{\"@id\":\"https:\\\/\\\/www.webdo.tn\\\/fr\\\/actualite\\\/terrorisme\\\/tunisie-ennahdha-rached-ghannouchi-tente-de-disculper-son-parti-du-terrorisme\\\/180222\\\/#primaryimage\"},\"image\":{\"@id\":\"https:\\\/\\\/www.webdo.tn\\\/fr\\\/actualite\\\/terrorisme\\\/tunisie-ennahdha-rached-ghannouchi-tente-de-disculper-son-parti-du-terrorisme\\\/180222\\\/#primaryimage\"},\"thumbnailUrl\":\"https:\\\/\\\/www.webdo.tn\\\/fr\\\/wp-content\\\/uploads\\\/2014\\\/07\\\/Rached-Ghannouchi.jpg\",\"datePublished\":\"2014-07-03T18:23:00+00:00\",\"dateModified\":\"2025-05-22T13:10:15+00:00\",\"description\":\"Ennahdha : Rached Ghannouchi\u00a0tente de disculper son parti du terrorisme\",\"breadcrumb\":{\"@id\":\"https:\\\/\\\/www.webdo.tn\\\/fr\\\/actualite\\\/terrorisme\\\/tunisie-ennahdha-rached-ghannouchi-tente-de-disculper-son-parti-du-terrorisme\\\/180222\\\/#breadcrumb\"},\"inLanguage\":\"fr-FR\",\"potentialAction\":[{\"@type\":\"ReadAction\",\"target\":[\"https:\\\/\\\/www.webdo.tn\\\/fr\\\/actualite\\\/terrorisme\\\/tunisie-ennahdha-rached-ghannouchi-tente-de-disculper-son-parti-du-terrorisme\\\/180222\\\/\"]}]},{\"@type\":\"ImageObject\",\"inLanguage\":\"fr-FR\",\"@id\":\"https:\\\/\\\/www.webdo.tn\\\/fr\\\/actualite\\\/terrorisme\\\/tunisie-ennahdha-rached-ghannouchi-tente-de-disculper-son-parti-du-terrorisme\\\/180222\\\/#primaryimage\",\"url\":\"https:\\\/\\\/www.webdo.tn\\\/fr\\\/wp-content\\\/uploads\\\/2014\\\/07\\\/Rached-Ghannouchi.jpg\",\"contentUrl\":\"https:\\\/\\\/www.webdo.tn\\\/fr\\\/wp-content\\\/uploads\\\/2014\\\/07\\\/Rached-Ghannouchi.jpg\",\"width\":600,\"height\":261,\"caption\":\"Ennahdha : Rached Ghannouchi\u00a0tente de disculper son parti du terrorisme\"},{\"@type\":\"BreadcrumbList\",\"@id\":\"https:\\\/\\\/www.webdo.tn\\\/fr\\\/actualite\\\/terrorisme\\\/tunisie-ennahdha-rached-ghannouchi-tente-de-disculper-son-parti-du-terrorisme\\\/180222\\\/#breadcrumb\",\"itemListElement\":[{\"@type\":\"ListItem\",\"position\":1,\"name\":\"Accueil\",\"item\":\"https:\\\/\\\/www.webdo.tn\\\/fr\\\/\"},{\"@type\":\"ListItem\",\"position\":2,\"name\":\"Ennahdha : Rached Ghannouchi\u00a0tente de disculper son parti du terrorisme\"}]},{\"@type\":\"WebSite\",\"@id\":\"https:\\\/\\\/www.webdo.tn\\\/fr\\\/#website\",\"url\":\"https:\\\/\\\/www.webdo.tn\\\/fr\\\/\",\"name\":\"webdo\",\"description\":\"Tunisie - News en Tunisie et \u00e0 l&#039;international sur Webdo.tn\",\"publisher\":{\"@id\":\"https:\\\/\\\/www.webdo.tn\\\/fr\\\/#organization\"},\"potentialAction\":[{\"@type\":\"SearchAction\",\"target\":{\"@type\":\"EntryPoint\",\"urlTemplate\":\"https:\\\/\\\/www.webdo.tn\\\/fr\\\/?s={search_term_string}\"},\"query-input\":{\"@type\":\"PropertyValueSpecification\",\"valueRequired\":true,\"valueName\":\"search_term_string\"}}],\"inLanguage\":\"fr-FR\"},{\"@type\":\"Organization\",\"@id\":\"https:\\\/\\\/www.webdo.tn\\\/fr\\\/#organization\",\"name\":\"Webdo\",\"alternateName\":\"Webdo.tn\",\"url\":\"https:\\\/\\\/www.webdo.tn\\\/fr\\\/\",\"logo\":{\"@type\":\"ImageObject\",\"inLanguage\":\"fr-FR\",\"@id\":\"https:\\\/\\\/www.webdo.tn\\\/fr\\\/#\\\/schema\\\/logo\\\/image\\\/\",\"url\":\"https:\\\/\\\/www.webdo.tn\\\/fr\\\/wp-content\\\/uploads\\\/2025\\\/06\\\/Webdo-Tunisie_168377.jpg\",\"contentUrl\":\"https:\\\/\\\/www.webdo.tn\\\/fr\\\/wp-content\\\/uploads\\\/2025\\\/06\\\/Webdo-Tunisie_168377.jpg\",\"width\":301,\"height\":301,\"caption\":\"Webdo\"},\"image\":{\"@id\":\"https:\\\/\\\/www.webdo.tn\\\/fr\\\/#\\\/schema\\\/logo\\\/image\\\/\"},\"sameAs\":[\"https:\\\/\\\/www.facebook.com\\\/webdotn\",\"https:\\\/\\\/x.com\\\/webdo_tn\"],\"description\":\"Webdo est un m\u00e9dia num\u00e9rique tunisien fond\u00e9 en 2010, sp\u00e9cialis\u00e9 dans l\u2019actualit\u00e9 nationale et internationale, l\u2019\u00e9conomie, la soci\u00e9t\u00e9 et les analyses politiques. Le site s\u2019adresse \u00e0 un large public francophone et couvre l\u2019information tunisienne en temps r\u00e9el.\",\"email\":\"redac@webdo.tn\",\"legalName\":\"YNJ SARL\",\"foundingDate\":\"2010-09-06\",\"numberOfEmployees\":{\"@type\":\"QuantitativeValue\",\"minValue\":\"11\",\"maxValue\":\"50\"}},{\"@type\":\"Person\",\"@id\":\"https:\\\/\\\/www.webdo.tn\\\/fr\\\/#\\\/schema\\\/person\\\/9a9c6118d687c117df8ef3cc36a4d175\",\"name\":\"webdo.tn\",\"image\":{\"@type\":\"ImageObject\",\"inLanguage\":\"fr-FR\",\"@id\":\"https:\\\/\\\/secure.gravatar.com\\\/avatar\\\/7ce1f28c0c3bbac99ff550b85ef8e44a6950c6ee24514fb6a5489e51d06f0298?s=96&d=mm&r=g\",\"url\":\"https:\\\/\\\/secure.gravatar.com\\\/avatar\\\/7ce1f28c0c3bbac99ff550b85ef8e44a6950c6ee24514fb6a5489e51d06f0298?s=96&d=mm&r=g\",\"contentUrl\":\"https:\\\/\\\/secure.gravatar.com\\\/avatar\\\/7ce1f28c0c3bbac99ff550b85ef8e44a6950c6ee24514fb6a5489e51d06f0298?s=96&d=mm&r=g\",\"caption\":\"webdo.tn\"},\"url\":\"https:\\\/\\\/www.webdo.tn\\\/fr\\\/actualite\\\/author\\\/webdotn\\\/\"}]}<\/script>\n<!-- \/ Yoast SEO Premium plugin. -->","yoast_head_json":{"title":"Ennahdha : Rached Ghannouchi\u00a0tente de disculper son parti du terrorisme","description":"Ennahdha : Rached Ghannouchi\u00a0tente de disculper son parti du terrorisme","canonical":"https:\/\/www.webdo.tn\/fr\/actualite\/terrorisme\/tunisie-ennahdha-rached-ghannouchi-tente-de-disculper-son-parti-du-terrorisme\/180222\/","og_locale":"fr_FR","og_type":"article","og_title":"Ennahdha : Rached Ghannouchi\u00a0tente de disculper son parti du terrorisme","og_description":"Ennahdha : Rached Ghannouchi\u00a0tente de disculper son parti du terrorisme","og_url":"https:\/\/www.webdo.tn\/fr\/actualite\/terrorisme\/tunisie-ennahdha-rached-ghannouchi-tente-de-disculper-son-parti-du-terrorisme\/180222\/","og_site_name":"webdo","article_publisher":"https:\/\/www.facebook.com\/webdotn","article_published_time":"2014-07-03T18:23:00+00:00","article_modified_time":"2025-05-22T13:10:15+00:00","og_image":[{"width":600,"height":261,"url":"https:\/\/www.webdo.tn\/fr\/wp-content\/uploads\/2014\/07\/Rached-Ghannouchi.jpg","type":"image\/jpeg"}],"author":"webdo.tn","twitter_card":"summary_large_image","twitter_creator":"@webdo_tn","twitter_site":"@webdo_tn","twitter_misc":{"\u00c9crit par":"webdo.tn","Dur\u00e9e de lecture estim\u00e9e":"2 minutes"},"schema":{"@context":"https:\/\/schema.org","@graph":[{"@type":"NewsArticle","@id":"https:\/\/www.webdo.tn\/fr\/actualite\/terrorisme\/tunisie-ennahdha-rached-ghannouchi-tente-de-disculper-son-parti-du-terrorisme\/180222\/#article","isPartOf":{"@id":"https:\/\/www.webdo.tn\/fr\/actualite\/terrorisme\/tunisie-ennahdha-rached-ghannouchi-tente-de-disculper-son-parti-du-terrorisme\/180222\/"},"author":{"name":"webdo.tn","@id":"https:\/\/www.webdo.tn\/fr\/#\/schema\/person\/9a9c6118d687c117df8ef3cc36a4d175"},"headline":"Ennahdha : Rached Ghannouchi\u00a0tente de disculper son parti du terrorisme","datePublished":"2014-07-03T18:23:00+00:00","dateModified":"2025-05-22T13:10:15+00:00","mainEntityOfPage":{"@id":"https:\/\/www.webdo.tn\/fr\/actualite\/terrorisme\/tunisie-ennahdha-rached-ghannouchi-tente-de-disculper-son-parti-du-terrorisme\/180222\/"},"wordCount":460,"commentCount":0,"publisher":{"@id":"https:\/\/www.webdo.tn\/fr\/#organization"},"image":{"@id":"https:\/\/www.webdo.tn\/fr\/actualite\/terrorisme\/tunisie-ennahdha-rached-ghannouchi-tente-de-disculper-son-parti-du-terrorisme\/180222\/#primaryimage"},"thumbnailUrl":"https:\/\/www.webdo.tn\/fr\/wp-content\/uploads\/2014\/07\/Rached-Ghannouchi.jpg","articleSection":["Terrorisme"],"inLanguage":"fr-FR"},{"@type":"WebPage","@id":"https:\/\/www.webdo.tn\/fr\/actualite\/terrorisme\/tunisie-ennahdha-rached-ghannouchi-tente-de-disculper-son-parti-du-terrorisme\/180222\/","url":"https:\/\/www.webdo.tn\/fr\/actualite\/terrorisme\/tunisie-ennahdha-rached-ghannouchi-tente-de-disculper-son-parti-du-terrorisme\/180222\/","name":"Ennahdha : Rached Ghannouchi\u00a0tente de disculper son parti du terrorisme","isPartOf":{"@id":"https:\/\/www.webdo.tn\/fr\/#website"},"primaryImageOfPage":{"@id":"https:\/\/www.webdo.tn\/fr\/actualite\/terrorisme\/tunisie-ennahdha-rached-ghannouchi-tente-de-disculper-son-parti-du-terrorisme\/180222\/#primaryimage"},"image":{"@id":"https:\/\/www.webdo.tn\/fr\/actualite\/terrorisme\/tunisie-ennahdha-rached-ghannouchi-tente-de-disculper-son-parti-du-terrorisme\/180222\/#primaryimage"},"thumbnailUrl":"https:\/\/www.webdo.tn\/fr\/wp-content\/uploads\/2014\/07\/Rached-Ghannouchi.jpg","datePublished":"2014-07-03T18:23:00+00:00","dateModified":"2025-05-22T13:10:15+00:00","description":"Ennahdha : Rached Ghannouchi\u00a0tente de disculper son parti du terrorisme","breadcrumb":{"@id":"https:\/\/www.webdo.tn\/fr\/actualite\/terrorisme\/tunisie-ennahdha-rached-ghannouchi-tente-de-disculper-son-parti-du-terrorisme\/180222\/#breadcrumb"},"inLanguage":"fr-FR","potentialAction":[{"@type":"ReadAction","target":["https:\/\/www.webdo.tn\/fr\/actualite\/terrorisme\/tunisie-ennahdha-rached-ghannouchi-tente-de-disculper-son-parti-du-terrorisme\/180222\/"]}]},{"@type":"ImageObject","inLanguage":"fr-FR","@id":"https:\/\/www.webdo.tn\/fr\/actualite\/terrorisme\/tunisie-ennahdha-rached-ghannouchi-tente-de-disculper-son-parti-du-terrorisme\/180222\/#primaryimage","url":"https:\/\/www.webdo.tn\/fr\/wp-content\/uploads\/2014\/07\/Rached-Ghannouchi.jpg","contentUrl":"https:\/\/www.webdo.tn\/fr\/wp-content\/uploads\/2014\/07\/Rached-Ghannouchi.jpg","width":600,"height":261,"caption":"Ennahdha : Rached Ghannouchi\u00a0tente de disculper son parti du terrorisme"},{"@type":"BreadcrumbList","@id":"https:\/\/www.webdo.tn\/fr\/actualite\/terrorisme\/tunisie-ennahdha-rached-ghannouchi-tente-de-disculper-son-parti-du-terrorisme\/180222\/#breadcrumb","itemListElement":[{"@type":"ListItem","position":1,"name":"Accueil","item":"https:\/\/www.webdo.tn\/fr\/"},{"@type":"ListItem","position":2,"name":"Ennahdha : Rached Ghannouchi\u00a0tente de disculper son parti du terrorisme"}]},{"@type":"WebSite","@id":"https:\/\/www.webdo.tn\/fr\/#website","url":"https:\/\/www.webdo.tn\/fr\/","name":"webdo","description":"Tunisie - News en Tunisie et \u00e0 l&#039;international sur Webdo.tn","publisher":{"@id":"https:\/\/www.webdo.tn\/fr\/#organization"},"potentialAction":[{"@type":"SearchAction","target":{"@type":"EntryPoint","urlTemplate":"https:\/\/www.webdo.tn\/fr\/?s={search_term_string}"},"query-input":{"@type":"PropertyValueSpecification","valueRequired":true,"valueName":"search_term_string"}}],"inLanguage":"fr-FR"},{"@type":"Organization","@id":"https:\/\/www.webdo.tn\/fr\/#organization","name":"Webdo","alternateName":"Webdo.tn","url":"https:\/\/www.webdo.tn\/fr\/","logo":{"@type":"ImageObject","inLanguage":"fr-FR","@id":"https:\/\/www.webdo.tn\/fr\/#\/schema\/logo\/image\/","url":"https:\/\/www.webdo.tn\/fr\/wp-content\/uploads\/2025\/06\/Webdo-Tunisie_168377.jpg","contentUrl":"https:\/\/www.webdo.tn\/fr\/wp-content\/uploads\/2025\/06\/Webdo-Tunisie_168377.jpg","width":301,"height":301,"caption":"Webdo"},"image":{"@id":"https:\/\/www.webdo.tn\/fr\/#\/schema\/logo\/image\/"},"sameAs":["https:\/\/www.facebook.com\/webdotn","https:\/\/x.com\/webdo_tn"],"description":"Webdo est un m\u00e9dia num\u00e9rique tunisien fond\u00e9 en 2010, sp\u00e9cialis\u00e9 dans l\u2019actualit\u00e9 nationale et internationale, l\u2019\u00e9conomie, la soci\u00e9t\u00e9 et les analyses politiques. Le site s\u2019adresse \u00e0 un large public francophone et couvre l\u2019information tunisienne en temps r\u00e9el.","email":"redac@webdo.tn","legalName":"YNJ SARL","foundingDate":"2010-09-06","numberOfEmployees":{"@type":"QuantitativeValue","minValue":"11","maxValue":"50"}},{"@type":"Person","@id":"https:\/\/www.webdo.tn\/fr\/#\/schema\/person\/9a9c6118d687c117df8ef3cc36a4d175","name":"webdo.tn","image":{"@type":"ImageObject","inLanguage":"fr-FR","@id":"https:\/\/secure.gravatar.com\/avatar\/7ce1f28c0c3bbac99ff550b85ef8e44a6950c6ee24514fb6a5489e51d06f0298?s=96&d=mm&r=g","url":"https:\/\/secure.gravatar.com\/avatar\/7ce1f28c0c3bbac99ff550b85ef8e44a6950c6ee24514fb6a5489e51d06f0298?s=96&d=mm&r=g","contentUrl":"https:\/\/secure.gravatar.com\/avatar\/7ce1f28c0c3bbac99ff550b85ef8e44a6950c6ee24514fb6a5489e51d06f0298?s=96&d=mm&r=g","caption":"webdo.tn"},"url":"https:\/\/www.webdo.tn\/fr\/actualite\/author\/webdotn\/"}]}},"_links":{"self":[{"href":"https:\/\/www.webdo.tn\/fr\/wp-json\/wp\/v2\/posts\/180222","targetHints":{"allow":["GET"]}}],"collection":[{"href":"https:\/\/www.webdo.tn\/fr\/wp-json\/wp\/v2\/posts"}],"about":[{"href":"https:\/\/www.webdo.tn\/fr\/wp-json\/wp\/v2\/types\/post"}],"author":[{"embeddable":true,"href":"https:\/\/www.webdo.tn\/fr\/wp-json\/wp\/v2\/users\/3222"}],"replies":[{"embeddable":true,"href":"https:\/\/www.webdo.tn\/fr\/wp-json\/wp\/v2\/comments?post=180222"}],"version-history":[{"count":0,"href":"https:\/\/www.webdo.tn\/fr\/wp-json\/wp\/v2\/posts\/180222\/revisions"}],"wp:featuredmedia":[{"embeddable":true,"href":"https:\/\/www.webdo.tn\/fr\/wp-json\/wp\/v2\/media\/331949"}],"wp:attachment":[{"href":"https:\/\/www.webdo.tn\/fr\/wp-json\/wp\/v2\/media?parent=180222"}],"wp:term":[{"taxonomy":"category","embeddable":true,"href":"https:\/\/www.webdo.tn\/fr\/wp-json\/wp\/v2\/categories?post=180222"},{"taxonomy":"post_tag","embeddable":true,"href":"https:\/\/www.webdo.tn\/fr\/wp-json\/wp\/v2\/tags?post=180222"}],"curies":[{"name":"wp","href":"https:\/\/api.w.org\/{rel}","templated":true}]}}