{"id":180221,"date":"2014-07-04T22:26:00","date_gmt":"2014-07-04T22:26:00","guid":{"rendered":"https:\/\/www.webdo.tn\/fr\/blog\/terroriste-wael-boussaidi-on-etait-esclaves-au-service-djihadistes-algeriens\/180221\/"},"modified":"2025-05-22T13:10:11","modified_gmt":"2025-05-22T13:10:11","slug":"terroriste-wael-boussaidi-on-etait-esclaves-au-service-djihadistes-algeriens","status":"publish","type":"post","link":"https:\/\/www.webdo.tn\/fr\/actualite\/terrorisme\/terroriste-wael-boussaidi-on-etait-esclaves-au-service-djihadistes-algeriens\/180221\/","title":{"rendered":"Le terroriste Wael Boussa\u00efdi : \u00abOn \u00e9tait des esclaves au service des djihadistes alg\u00e9riens\u00bb"},"content":{"rendered":"<p>Al Wataniya 1 a diffus\u00e9, ce soir, l&rsquo;interview de Wael Boussa\u00efdi, membre du groupe terroriste retranch\u00e9 dans les montagnes de Fernana (gouvernorat de Jendouba).<\/p>\n<p> Boussa\u00efdi, qui a \u00e9t\u00e9 arr\u00eat\u00e9 le 28 juin dernier, a d\u00e9clar\u00e9, au cours de cette interview, qu&rsquo;il a rejoint ce groupe d\u00e9but f\u00e9vrier 2014, soit quelques jours avant l&rsquo;attaque terroriste de Ouled Mana\u00ef, \u00e0 Jendouba, qui a eu lieu dans la nuit du samedi 15 au dimanche 16 f\u00e9vrier, et dans laquelle ont \u00e9t\u00e9 tu\u00e9s trois agents des forces de l&rsquo;ordre et un civil.<\/p>\n<p>Un groupe domin\u00e9<br \/>\npar les djihadistes alg\u00e9riens<\/p>\n<p>Recherch\u00e9 dans d&rsquo;autres affaires relatives \u00e0 des incidents survenus \u00e0 Jendouba apr\u00e8s la R\u00e9volution, Boussa\u00efdi a affirm\u00e9 qu&rsquo;il a fini par se cacher dans la montagne, et ce, suite aux demandes insistantes d&rsquo;un des terroristes.<\/p>\n<p>Ce groupe, qui a install\u00e9 un campement \u00e0 proximit\u00e9 de Souk El Jomaa, est compos\u00e9 de six Tunisiens et de neuf Alg\u00e9riens, a-t-il pr\u00e9cis\u00e9. Leur leader est d\u00e9nomm\u00e9 Abu Ahmed Al Jazairi (l&rsquo;Alg\u00e9rien).<\/p>\n<p>Apr\u00e8s la mort du terroriste tunisien Ragheb, les Alg\u00e9riens, qui dominaient le groupe, ont commenc\u00e9 \u00e0 exclure des r\u00e9unions les autres membres tunisiens. \u00abIl n&rsquo;existait aucune confiance. Ils ne nous \u00e9clairaient sur rien, a-t-il affirm\u00e9.\u00a0On \u00e9tait l\u00e0 \u00e0 travailler pour eux seulement, en ramenant les bois ou l&rsquo;eau. Autrement dit, on \u00e9tait des esclaves \u00e0 leur service\u00bb.<\/p>\n<p>Un entra\u00eenement rudimentaire<\/p>\n<p>D\u00e9crivant de conditions de vie tr\u00e8s rudes, Boussa\u00efdi a rapport\u00e9 que l\u2019approvisionnement se faisait \u00e0 partir des rivi\u00e8res. Des \u00abcontacts\u00bb s&rsquo;occupaient, quant \u00e0 eux, de l&rsquo;alimentation du groupe. En cas de d\u00e9faillance dans l\u2019approvisionnement en aliments, des membres du groupe descendaient jusqu&rsquo;au village voisin pour demander, \u00e0 des habitants, de leur donner de la nourriture, ou de leur en livrer.<\/p>\n<p>L&rsquo;entra\u00eenement, quant \u00e0 lui, consistait en le maniement d&rsquo;un kalachnikov, sans plus.<\/p>\n<p>S&rsquo;agissant des mines artisanales, Boussa\u00efdi a d\u00e9clar\u00e9 qu&rsquo;elles \u00e9taient fabriqu\u00e9es en Alg\u00e9rie, et introduites, en Tunisie, par des Alg\u00e9riens. Le groupe profitait, par ailleurs, d&rsquo;un important financement qui serait d&rsquo;origine alg\u00e9rienne, a-t-il ajout\u00e9.<\/p>\n<p>Les leaders du groupe, qui suivaient r\u00e9guli\u00e8rement les d\u00e9clarations m\u00e9diatiques du \u00abColonel\u00bb (le Colonel Taoufik Rahmouni, porte-parole du minist\u00e8re de la D\u00e9fense, ndlr), avaient pour objectif de positionner plusieurs milices dans les montagnes, afin de disperser les efforts des militaires et des s\u00e9curitaires, et attenter \u00e0 la stabilit\u00e9 du pays, a confess\u00e9 Boussa\u00efdi.<\/p>\n<p>\u00abJe demande pardon au peuple tunisien\u00bb<\/p>\n<p>Mari\u00e9 et p\u00e8re d&rsquo;un jeune enfant, Wael Boussa\u00efdi, qui s&rsquo;\u00e9tait livr\u00e9 aux autorit\u00e9s s\u00e9curitaires sur demande de sa famille, selon ses propres dires, a affirm\u00e9, qu&rsquo;il regrette, aujourd&rsquo;hui, d&rsquo;avoir rejoint ce groupe.<\/p>\n<p>\u00abJe remercie Dieu de n&rsquo;avoir pas port\u00e9 une arme et tu\u00e9 des s\u00e9curitaires, a-t-il d\u00e9clar\u00e9. Que Dieu me pardonne, et je demande pardon au peuple tunisien. Sinc\u00e8rement, l&rsquo;id\u00e9e d&rsquo;aller au djihad ne trotte plus dans ma t\u00eate. Je veux, seulement, retrouver ma femme et mon enfant\u00bb.<\/p>\n<p>Il a recommand\u00e9, aussi, aux Tunisiens djihadistes de d\u00e9poser les armes et de se livrer aux autorit\u00e9s s\u00e9curitaires. \u00abLes forces de l&rsquo;ordre m&rsquo;ont bien trait\u00e9 et m&rsquo;ont assur\u00e9 que je ne resterai pas longtemps en prison\u00bb, a-t-il soutenu.<\/p>\n<p>Notons que Wael Boussa\u00efdi a \u00e9t\u00e9 l&rsquo;objet, aujourd&rsquo;hui, d&rsquo;un mandat de d\u00e9p\u00f4t pour terrorisme, meurtre et complot contre la s\u00fbret\u00e9 de l\u2019\u00c9tat.<\/p>\n","protected":false},"excerpt":{"rendered":"<p>Le terroriste Wael Boussa\u00efdi : \u00abOn \u00e9tait des esclaves au service des djihadistes alg\u00e9riens\u00bb<\/p>\n","protected":false},"author":3222,"featured_media":373918,"comment_status":"open","ping_status":"closed","sticky":false,"template":"","format":"standard","meta":{"footnotes":""},"categories":[11342],"tags":[],"class_list":["post-180221","post","type-post","status-publish","format-standard","has-post-thumbnail","hentry","category-terrorisme"],"yoast_head":"<!-- This site is optimized with the Yoast SEO Premium plugin v27.4 (Yoast SEO v27.5) - https:\/\/yoast.com\/product\/yoast-seo-premium-wordpress\/ -->\n<title>Le terroriste Wael Boussa\u00efdi : \u00abOn \u00e9tait des esclaves au service des djihadistes alg\u00e9riens\u00bb<\/title>\n<meta name=\"description\" content=\"Le terroriste Wael Boussa\u00efdi : \u00abOn \u00e9tait des esclaves au service des djihadistes alg\u00e9riens\u00bb\" \/>\n<link rel=\"canonical\" href=\"https:\/\/www.webdo.tn\/fr\/actualite\/terrorisme\/terroriste-wael-boussaidi-on-etait-esclaves-au-service-djihadistes-algeriens\/180221\/\" \/>\n<meta property=\"og:locale\" content=\"fr_FR\" \/>\n<meta property=\"og:type\" content=\"article\" \/>\n<meta property=\"og:title\" content=\"Le terroriste Wael Boussa\u00efdi : \u00abOn \u00e9tait des esclaves au service des djihadistes alg\u00e9riens\u00bb\" \/>\n<meta property=\"og:description\" content=\"Le terroriste Wael Boussa\u00efdi : \u00abOn \u00e9tait des esclaves au service des djihadistes alg\u00e9riens\u00bb\" \/>\n<meta property=\"og:url\" content=\"https:\/\/www.webdo.tn\/fr\/actualite\/terrorisme\/terroriste-wael-boussaidi-on-etait-esclaves-au-service-djihadistes-algeriens\/180221\/\" \/>\n<meta property=\"og:site_name\" content=\"webdo\" \/>\n<meta property=\"article:publisher\" content=\"https:\/\/www.facebook.com\/webdotn\" \/>\n<meta property=\"article:published_time\" content=\"2014-07-04T22:26:00+00:00\" \/>\n<meta property=\"article:modified_time\" content=\"2025-05-22T13:10:11+00:00\" \/>\n<meta property=\"og:image\" content=\"https:\/\/www.webdo.tn\/fr\/wp-content\/uploads\/2025\/06\/Wael-Boussaidi1_180221.jpg\" \/>\n\t<meta property=\"og:image:width\" content=\"215\" \/>\n\t<meta property=\"og:image:height\" content=\"215\" \/>\n\t<meta property=\"og:image:type\" content=\"image\/jpeg\" \/>\n<meta name=\"author\" content=\"webdo.tn\" \/>\n<meta name=\"twitter:card\" content=\"summary_large_image\" \/>\n<meta name=\"twitter:creator\" content=\"@webdo_tn\" \/>\n<meta name=\"twitter:site\" content=\"@webdo_tn\" \/>\n<meta name=\"twitter:label1\" content=\"\u00c9crit par\" \/>\n\t<meta name=\"twitter:data1\" content=\"webdo.tn\" \/>\n\t<meta name=\"twitter:label2\" content=\"Dur\u00e9e de lecture estim\u00e9e\" \/>\n\t<meta name=\"twitter:data2\" content=\"3 minutes\" \/>\n<script type=\"application\/ld+json\" class=\"yoast-schema-graph\">{\"@context\":\"https:\\\/\\\/schema.org\",\"@graph\":[{\"@type\":\"NewsArticle\",\"@id\":\"https:\\\/\\\/www.webdo.tn\\\/fr\\\/actualite\\\/terrorisme\\\/terroriste-wael-boussaidi-on-etait-esclaves-au-service-djihadistes-algeriens\\\/180221\\\/#article\",\"isPartOf\":{\"@id\":\"https:\\\/\\\/www.webdo.tn\\\/fr\\\/actualite\\\/terrorisme\\\/terroriste-wael-boussaidi-on-etait-esclaves-au-service-djihadistes-algeriens\\\/180221\\\/\"},\"author\":{\"name\":\"webdo.tn\",\"@id\":\"https:\\\/\\\/www.webdo.tn\\\/fr\\\/#\\\/schema\\\/person\\\/9a9c6118d687c117df8ef3cc36a4d175\"},\"headline\":\"Le terroriste Wael Boussa\u00efdi : \u00abOn \u00e9tait des esclaves au service des djihadistes alg\u00e9riens\u00bb\",\"datePublished\":\"2014-07-04T22:26:00+00:00\",\"dateModified\":\"2025-05-22T13:10:11+00:00\",\"mainEntityOfPage\":{\"@id\":\"https:\\\/\\\/www.webdo.tn\\\/fr\\\/actualite\\\/terrorisme\\\/terroriste-wael-boussaidi-on-etait-esclaves-au-service-djihadistes-algeriens\\\/180221\\\/\"},\"wordCount\":616,\"commentCount\":0,\"publisher\":{\"@id\":\"https:\\\/\\\/www.webdo.tn\\\/fr\\\/#organization\"},\"image\":{\"@id\":\"https:\\\/\\\/www.webdo.tn\\\/fr\\\/actualite\\\/terrorisme\\\/terroriste-wael-boussaidi-on-etait-esclaves-au-service-djihadistes-algeriens\\\/180221\\\/#primaryimage\"},\"thumbnailUrl\":\"https:\\\/\\\/www.webdo.tn\\\/fr\\\/wp-content\\\/uploads\\\/2025\\\/06\\\/Wael-Boussaidi1_180221.jpg\",\"articleSection\":[\"Terrorisme\"],\"inLanguage\":\"fr-FR\"},{\"@type\":\"WebPage\",\"@id\":\"https:\\\/\\\/www.webdo.tn\\\/fr\\\/actualite\\\/terrorisme\\\/terroriste-wael-boussaidi-on-etait-esclaves-au-service-djihadistes-algeriens\\\/180221\\\/\",\"url\":\"https:\\\/\\\/www.webdo.tn\\\/fr\\\/actualite\\\/terrorisme\\\/terroriste-wael-boussaidi-on-etait-esclaves-au-service-djihadistes-algeriens\\\/180221\\\/\",\"name\":\"Le terroriste Wael Boussa\u00efdi : \u00abOn \u00e9tait des esclaves au service des djihadistes alg\u00e9riens\u00bb\",\"isPartOf\":{\"@id\":\"https:\\\/\\\/www.webdo.tn\\\/fr\\\/#website\"},\"primaryImageOfPage\":{\"@id\":\"https:\\\/\\\/www.webdo.tn\\\/fr\\\/actualite\\\/terrorisme\\\/terroriste-wael-boussaidi-on-etait-esclaves-au-service-djihadistes-algeriens\\\/180221\\\/#primaryimage\"},\"image\":{\"@id\":\"https:\\\/\\\/www.webdo.tn\\\/fr\\\/actualite\\\/terrorisme\\\/terroriste-wael-boussaidi-on-etait-esclaves-au-service-djihadistes-algeriens\\\/180221\\\/#primaryimage\"},\"thumbnailUrl\":\"https:\\\/\\\/www.webdo.tn\\\/fr\\\/wp-content\\\/uploads\\\/2025\\\/06\\\/Wael-Boussaidi1_180221.jpg\",\"datePublished\":\"2014-07-04T22:26:00+00:00\",\"dateModified\":\"2025-05-22T13:10:11+00:00\",\"description\":\"Le terroriste Wael Boussa\u00efdi : \u00abOn \u00e9tait des esclaves au service des djihadistes alg\u00e9riens\u00bb\",\"breadcrumb\":{\"@id\":\"https:\\\/\\\/www.webdo.tn\\\/fr\\\/actualite\\\/terrorisme\\\/terroriste-wael-boussaidi-on-etait-esclaves-au-service-djihadistes-algeriens\\\/180221\\\/#breadcrumb\"},\"inLanguage\":\"fr-FR\",\"potentialAction\":[{\"@type\":\"ReadAction\",\"target\":[\"https:\\\/\\\/www.webdo.tn\\\/fr\\\/actualite\\\/terrorisme\\\/terroriste-wael-boussaidi-on-etait-esclaves-au-service-djihadistes-algeriens\\\/180221\\\/\"]}]},{\"@type\":\"ImageObject\",\"inLanguage\":\"fr-FR\",\"@id\":\"https:\\\/\\\/www.webdo.tn\\\/fr\\\/actualite\\\/terrorisme\\\/terroriste-wael-boussaidi-on-etait-esclaves-au-service-djihadistes-algeriens\\\/180221\\\/#primaryimage\",\"url\":\"https:\\\/\\\/www.webdo.tn\\\/fr\\\/wp-content\\\/uploads\\\/2025\\\/06\\\/Wael-Boussaidi1_180221.jpg\",\"contentUrl\":\"https:\\\/\\\/www.webdo.tn\\\/fr\\\/wp-content\\\/uploads\\\/2025\\\/06\\\/Wael-Boussaidi1_180221.jpg\",\"width\":215,\"height\":215,\"caption\":\"Le terroriste Wael Boussa\u00efdi : \u00abOn \u00e9tait des esclaves au service des djihadistes alg\u00e9riens\u00bb\"},{\"@type\":\"BreadcrumbList\",\"@id\":\"https:\\\/\\\/www.webdo.tn\\\/fr\\\/actualite\\\/terrorisme\\\/terroriste-wael-boussaidi-on-etait-esclaves-au-service-djihadistes-algeriens\\\/180221\\\/#breadcrumb\",\"itemListElement\":[{\"@type\":\"ListItem\",\"position\":1,\"name\":\"Accueil\",\"item\":\"https:\\\/\\\/www.webdo.tn\\\/fr\\\/\"},{\"@type\":\"ListItem\",\"position\":2,\"name\":\"Le terroriste Wael Boussa\u00efdi : \u00abOn \u00e9tait des esclaves au service des djihadistes alg\u00e9riens\u00bb\"}]},{\"@type\":\"WebSite\",\"@id\":\"https:\\\/\\\/www.webdo.tn\\\/fr\\\/#website\",\"url\":\"https:\\\/\\\/www.webdo.tn\\\/fr\\\/\",\"name\":\"webdo\",\"description\":\"Tunisie - News en Tunisie et \u00e0 l&#039;international sur Webdo.tn\",\"publisher\":{\"@id\":\"https:\\\/\\\/www.webdo.tn\\\/fr\\\/#organization\"},\"potentialAction\":[{\"@type\":\"SearchAction\",\"target\":{\"@type\":\"EntryPoint\",\"urlTemplate\":\"https:\\\/\\\/www.webdo.tn\\\/fr\\\/?s={search_term_string}\"},\"query-input\":{\"@type\":\"PropertyValueSpecification\",\"valueRequired\":true,\"valueName\":\"search_term_string\"}}],\"inLanguage\":\"fr-FR\"},{\"@type\":\"Organization\",\"@id\":\"https:\\\/\\\/www.webdo.tn\\\/fr\\\/#organization\",\"name\":\"Webdo\",\"alternateName\":\"Webdo.tn\",\"url\":\"https:\\\/\\\/www.webdo.tn\\\/fr\\\/\",\"logo\":{\"@type\":\"ImageObject\",\"inLanguage\":\"fr-FR\",\"@id\":\"https:\\\/\\\/www.webdo.tn\\\/fr\\\/#\\\/schema\\\/logo\\\/image\\\/\",\"url\":\"https:\\\/\\\/www.webdo.tn\\\/fr\\\/wp-content\\\/uploads\\\/2025\\\/06\\\/Webdo-Tunisie_168377.jpg\",\"contentUrl\":\"https:\\\/\\\/www.webdo.tn\\\/fr\\\/wp-content\\\/uploads\\\/2025\\\/06\\\/Webdo-Tunisie_168377.jpg\",\"width\":301,\"height\":301,\"caption\":\"Webdo\"},\"image\":{\"@id\":\"https:\\\/\\\/www.webdo.tn\\\/fr\\\/#\\\/schema\\\/logo\\\/image\\\/\"},\"sameAs\":[\"https:\\\/\\\/www.facebook.com\\\/webdotn\",\"https:\\\/\\\/x.com\\\/webdo_tn\"],\"description\":\"Webdo est un m\u00e9dia num\u00e9rique tunisien fond\u00e9 en 2010, sp\u00e9cialis\u00e9 dans l\u2019actualit\u00e9 nationale et internationale, l\u2019\u00e9conomie, la soci\u00e9t\u00e9 et les analyses politiques. Le site s\u2019adresse \u00e0 un large public francophone et couvre l\u2019information tunisienne en temps r\u00e9el.\",\"email\":\"redac@webdo.tn\",\"legalName\":\"YNJ SARL\",\"foundingDate\":\"2010-09-06\",\"numberOfEmployees\":{\"@type\":\"QuantitativeValue\",\"minValue\":\"11\",\"maxValue\":\"50\"}},{\"@type\":\"Person\",\"@id\":\"https:\\\/\\\/www.webdo.tn\\\/fr\\\/#\\\/schema\\\/person\\\/9a9c6118d687c117df8ef3cc36a4d175\",\"name\":\"webdo.tn\",\"image\":{\"@type\":\"ImageObject\",\"inLanguage\":\"fr-FR\",\"@id\":\"https:\\\/\\\/secure.gravatar.com\\\/avatar\\\/7ce1f28c0c3bbac99ff550b85ef8e44a6950c6ee24514fb6a5489e51d06f0298?s=96&d=mm&r=g\",\"url\":\"https:\\\/\\\/secure.gravatar.com\\\/avatar\\\/7ce1f28c0c3bbac99ff550b85ef8e44a6950c6ee24514fb6a5489e51d06f0298?s=96&d=mm&r=g\",\"contentUrl\":\"https:\\\/\\\/secure.gravatar.com\\\/avatar\\\/7ce1f28c0c3bbac99ff550b85ef8e44a6950c6ee24514fb6a5489e51d06f0298?s=96&d=mm&r=g\",\"caption\":\"webdo.tn\"},\"url\":\"https:\\\/\\\/www.webdo.tn\\\/fr\\\/actualite\\\/author\\\/webdotn\\\/\"}]}<\/script>\n<!-- \/ Yoast SEO Premium plugin. -->","yoast_head_json":{"title":"Le terroriste Wael Boussa\u00efdi : \u00abOn \u00e9tait des esclaves au service des djihadistes alg\u00e9riens\u00bb","description":"Le terroriste Wael Boussa\u00efdi : \u00abOn \u00e9tait des esclaves au service des djihadistes alg\u00e9riens\u00bb","canonical":"https:\/\/www.webdo.tn\/fr\/actualite\/terrorisme\/terroriste-wael-boussaidi-on-etait-esclaves-au-service-djihadistes-algeriens\/180221\/","og_locale":"fr_FR","og_type":"article","og_title":"Le terroriste Wael Boussa\u00efdi : \u00abOn \u00e9tait des esclaves au service des djihadistes alg\u00e9riens\u00bb","og_description":"Le terroriste Wael Boussa\u00efdi : \u00abOn \u00e9tait des esclaves au service des djihadistes alg\u00e9riens\u00bb","og_url":"https:\/\/www.webdo.tn\/fr\/actualite\/terrorisme\/terroriste-wael-boussaidi-on-etait-esclaves-au-service-djihadistes-algeriens\/180221\/","og_site_name":"webdo","article_publisher":"https:\/\/www.facebook.com\/webdotn","article_published_time":"2014-07-04T22:26:00+00:00","article_modified_time":"2025-05-22T13:10:11+00:00","og_image":[{"width":215,"height":215,"url":"https:\/\/www.webdo.tn\/fr\/wp-content\/uploads\/2025\/06\/Wael-Boussaidi1_180221.jpg","type":"image\/jpeg"}],"author":"webdo.tn","twitter_card":"summary_large_image","twitter_creator":"@webdo_tn","twitter_site":"@webdo_tn","twitter_misc":{"\u00c9crit par":"webdo.tn","Dur\u00e9e de lecture estim\u00e9e":"3 minutes"},"schema":{"@context":"https:\/\/schema.org","@graph":[{"@type":"NewsArticle","@id":"https:\/\/www.webdo.tn\/fr\/actualite\/terrorisme\/terroriste-wael-boussaidi-on-etait-esclaves-au-service-djihadistes-algeriens\/180221\/#article","isPartOf":{"@id":"https:\/\/www.webdo.tn\/fr\/actualite\/terrorisme\/terroriste-wael-boussaidi-on-etait-esclaves-au-service-djihadistes-algeriens\/180221\/"},"author":{"name":"webdo.tn","@id":"https:\/\/www.webdo.tn\/fr\/#\/schema\/person\/9a9c6118d687c117df8ef3cc36a4d175"},"headline":"Le terroriste Wael Boussa\u00efdi : \u00abOn \u00e9tait des esclaves au service des djihadistes alg\u00e9riens\u00bb","datePublished":"2014-07-04T22:26:00+00:00","dateModified":"2025-05-22T13:10:11+00:00","mainEntityOfPage":{"@id":"https:\/\/www.webdo.tn\/fr\/actualite\/terrorisme\/terroriste-wael-boussaidi-on-etait-esclaves-au-service-djihadistes-algeriens\/180221\/"},"wordCount":616,"commentCount":0,"publisher":{"@id":"https:\/\/www.webdo.tn\/fr\/#organization"},"image":{"@id":"https:\/\/www.webdo.tn\/fr\/actualite\/terrorisme\/terroriste-wael-boussaidi-on-etait-esclaves-au-service-djihadistes-algeriens\/180221\/#primaryimage"},"thumbnailUrl":"https:\/\/www.webdo.tn\/fr\/wp-content\/uploads\/2025\/06\/Wael-Boussaidi1_180221.jpg","articleSection":["Terrorisme"],"inLanguage":"fr-FR"},{"@type":"WebPage","@id":"https:\/\/www.webdo.tn\/fr\/actualite\/terrorisme\/terroriste-wael-boussaidi-on-etait-esclaves-au-service-djihadistes-algeriens\/180221\/","url":"https:\/\/www.webdo.tn\/fr\/actualite\/terrorisme\/terroriste-wael-boussaidi-on-etait-esclaves-au-service-djihadistes-algeriens\/180221\/","name":"Le terroriste Wael Boussa\u00efdi : \u00abOn \u00e9tait des esclaves au service des djihadistes alg\u00e9riens\u00bb","isPartOf":{"@id":"https:\/\/www.webdo.tn\/fr\/#website"},"primaryImageOfPage":{"@id":"https:\/\/www.webdo.tn\/fr\/actualite\/terrorisme\/terroriste-wael-boussaidi-on-etait-esclaves-au-service-djihadistes-algeriens\/180221\/#primaryimage"},"image":{"@id":"https:\/\/www.webdo.tn\/fr\/actualite\/terrorisme\/terroriste-wael-boussaidi-on-etait-esclaves-au-service-djihadistes-algeriens\/180221\/#primaryimage"},"thumbnailUrl":"https:\/\/www.webdo.tn\/fr\/wp-content\/uploads\/2025\/06\/Wael-Boussaidi1_180221.jpg","datePublished":"2014-07-04T22:26:00+00:00","dateModified":"2025-05-22T13:10:11+00:00","description":"Le terroriste Wael Boussa\u00efdi : \u00abOn \u00e9tait des esclaves au service des djihadistes alg\u00e9riens\u00bb","breadcrumb":{"@id":"https:\/\/www.webdo.tn\/fr\/actualite\/terrorisme\/terroriste-wael-boussaidi-on-etait-esclaves-au-service-djihadistes-algeriens\/180221\/#breadcrumb"},"inLanguage":"fr-FR","potentialAction":[{"@type":"ReadAction","target":["https:\/\/www.webdo.tn\/fr\/actualite\/terrorisme\/terroriste-wael-boussaidi-on-etait-esclaves-au-service-djihadistes-algeriens\/180221\/"]}]},{"@type":"ImageObject","inLanguage":"fr-FR","@id":"https:\/\/www.webdo.tn\/fr\/actualite\/terrorisme\/terroriste-wael-boussaidi-on-etait-esclaves-au-service-djihadistes-algeriens\/180221\/#primaryimage","url":"https:\/\/www.webdo.tn\/fr\/wp-content\/uploads\/2025\/06\/Wael-Boussaidi1_180221.jpg","contentUrl":"https:\/\/www.webdo.tn\/fr\/wp-content\/uploads\/2025\/06\/Wael-Boussaidi1_180221.jpg","width":215,"height":215,"caption":"Le terroriste Wael Boussa\u00efdi : \u00abOn \u00e9tait des esclaves au service des djihadistes alg\u00e9riens\u00bb"},{"@type":"BreadcrumbList","@id":"https:\/\/www.webdo.tn\/fr\/actualite\/terrorisme\/terroriste-wael-boussaidi-on-etait-esclaves-au-service-djihadistes-algeriens\/180221\/#breadcrumb","itemListElement":[{"@type":"ListItem","position":1,"name":"Accueil","item":"https:\/\/www.webdo.tn\/fr\/"},{"@type":"ListItem","position":2,"name":"Le terroriste Wael Boussa\u00efdi : \u00abOn \u00e9tait des esclaves au service des djihadistes alg\u00e9riens\u00bb"}]},{"@type":"WebSite","@id":"https:\/\/www.webdo.tn\/fr\/#website","url":"https:\/\/www.webdo.tn\/fr\/","name":"webdo","description":"Tunisie - News en Tunisie et \u00e0 l&#039;international sur Webdo.tn","publisher":{"@id":"https:\/\/www.webdo.tn\/fr\/#organization"},"potentialAction":[{"@type":"SearchAction","target":{"@type":"EntryPoint","urlTemplate":"https:\/\/www.webdo.tn\/fr\/?s={search_term_string}"},"query-input":{"@type":"PropertyValueSpecification","valueRequired":true,"valueName":"search_term_string"}}],"inLanguage":"fr-FR"},{"@type":"Organization","@id":"https:\/\/www.webdo.tn\/fr\/#organization","name":"Webdo","alternateName":"Webdo.tn","url":"https:\/\/www.webdo.tn\/fr\/","logo":{"@type":"ImageObject","inLanguage":"fr-FR","@id":"https:\/\/www.webdo.tn\/fr\/#\/schema\/logo\/image\/","url":"https:\/\/www.webdo.tn\/fr\/wp-content\/uploads\/2025\/06\/Webdo-Tunisie_168377.jpg","contentUrl":"https:\/\/www.webdo.tn\/fr\/wp-content\/uploads\/2025\/06\/Webdo-Tunisie_168377.jpg","width":301,"height":301,"caption":"Webdo"},"image":{"@id":"https:\/\/www.webdo.tn\/fr\/#\/schema\/logo\/image\/"},"sameAs":["https:\/\/www.facebook.com\/webdotn","https:\/\/x.com\/webdo_tn"],"description":"Webdo est un m\u00e9dia num\u00e9rique tunisien fond\u00e9 en 2010, sp\u00e9cialis\u00e9 dans l\u2019actualit\u00e9 nationale et internationale, l\u2019\u00e9conomie, la soci\u00e9t\u00e9 et les analyses politiques. Le site s\u2019adresse \u00e0 un large public francophone et couvre l\u2019information tunisienne en temps r\u00e9el.","email":"redac@webdo.tn","legalName":"YNJ SARL","foundingDate":"2010-09-06","numberOfEmployees":{"@type":"QuantitativeValue","minValue":"11","maxValue":"50"}},{"@type":"Person","@id":"https:\/\/www.webdo.tn\/fr\/#\/schema\/person\/9a9c6118d687c117df8ef3cc36a4d175","name":"webdo.tn","image":{"@type":"ImageObject","inLanguage":"fr-FR","@id":"https:\/\/secure.gravatar.com\/avatar\/7ce1f28c0c3bbac99ff550b85ef8e44a6950c6ee24514fb6a5489e51d06f0298?s=96&d=mm&r=g","url":"https:\/\/secure.gravatar.com\/avatar\/7ce1f28c0c3bbac99ff550b85ef8e44a6950c6ee24514fb6a5489e51d06f0298?s=96&d=mm&r=g","contentUrl":"https:\/\/secure.gravatar.com\/avatar\/7ce1f28c0c3bbac99ff550b85ef8e44a6950c6ee24514fb6a5489e51d06f0298?s=96&d=mm&r=g","caption":"webdo.tn"},"url":"https:\/\/www.webdo.tn\/fr\/actualite\/author\/webdotn\/"}]}},"_links":{"self":[{"href":"https:\/\/www.webdo.tn\/fr\/wp-json\/wp\/v2\/posts\/180221","targetHints":{"allow":["GET"]}}],"collection":[{"href":"https:\/\/www.webdo.tn\/fr\/wp-json\/wp\/v2\/posts"}],"about":[{"href":"https:\/\/www.webdo.tn\/fr\/wp-json\/wp\/v2\/types\/post"}],"author":[{"embeddable":true,"href":"https:\/\/www.webdo.tn\/fr\/wp-json\/wp\/v2\/users\/3222"}],"replies":[{"embeddable":true,"href":"https:\/\/www.webdo.tn\/fr\/wp-json\/wp\/v2\/comments?post=180221"}],"version-history":[{"count":0,"href":"https:\/\/www.webdo.tn\/fr\/wp-json\/wp\/v2\/posts\/180221\/revisions"}],"wp:featuredmedia":[{"embeddable":true,"href":"https:\/\/www.webdo.tn\/fr\/wp-json\/wp\/v2\/media\/373918"}],"wp:attachment":[{"href":"https:\/\/www.webdo.tn\/fr\/wp-json\/wp\/v2\/media?parent=180221"}],"wp:term":[{"taxonomy":"category","embeddable":true,"href":"https:\/\/www.webdo.tn\/fr\/wp-json\/wp\/v2\/categories?post=180221"},{"taxonomy":"post_tag","embeddable":true,"href":"https:\/\/www.webdo.tn\/fr\/wp-json\/wp\/v2\/tags?post=180221"}],"curies":[{"name":"wp","href":"https:\/\/api.w.org\/{rel}","templated":true}]}}