{"id":180213,"date":"2014-07-12T03:39:00","date_gmt":"2014-07-12T03:39:00","guid":{"rendered":"https:\/\/www.webdo.tn\/fr\/blog\/projet-loi-antiterroriste-selon-raoudha-karafi\/180213\/"},"modified":"2025-05-22T13:09:52","modified_gmt":"2025-05-22T13:09:52","slug":"projet-loi-antiterroriste-selon-raoudha-karafi","status":"publish","type":"post","link":"https:\/\/www.webdo.tn\/fr\/actualite\/terrorisme\/projet-loi-antiterroriste-selon-raoudha-karafi\/180213\/","title":{"rendered":"Projet de la loi antiterroriste : Limites et recommandations selon la juge Raoudha Karafi"},"content":{"rendered":"<p>Le lundi, 11 ao\u00fbt, l&rsquo;Assembl\u00e9e nationale constituante passe au vote, \u00e0 partir de 14h30,\u00a0\u00a0du nouveau\u00a0\u00a0projet de loi organique N\u00b009\/2014 relatif \u00e0 la lutte contre le terrorisme et la r\u00e9pression du blanchiment d&rsquo;argent.\u00a0<\/p>\n<p>Le d\u00e9lai d\u2019\u00e9tude de ce projet (cliquez ici pour le lire ) par la commission de l\u2019ANC a \u00e9t\u00e9 limit\u00e9 \u00e0 seulement 3\u00a0jours, un \u00ab\u00a0d\u00e9lai trop court\u00a0\u00bb constate\u00a0la pr\u00e9sidente-juge de l\u2019Association des Magistrats Tunisiens (AMT)\u00a0Raoudha Karafi.\u00a0<\/p>\n<p>Dans le cadre du vaste chantier de la nouvelle loi antiterroriste, \u00a0projet \u00e9labor\u00e9 par la Pr\u00e9sidence du gouvernement, deux auditions ont \u00e9t\u00e9 effectu\u00e9es \u00e0 l\u2019ANC,\u00a0le jeudi 10 juillet.<\/p>\n<p>La Commission des droits et \u00a0des libert\u00e9s \u00a0a entendu l\u2019avis \u00a0de la pr\u00e9sidente de la Commission internationale des juristes, Kalthoum Kannou, ainsi que celui \u00a0de la pr\u00e9sidente de l\u2019Association des magistrats, Raoudha Karafi.<br \/>\n\u00abC\u2019est un travail scientifique qui aurait d\u00fb \u00eatre envoy\u00e9 officiellement \u00e0 toutes les instances et les personnes comp\u00e9tentes, avec un d\u00e9lai d\u2019au moins un mois permettant l&rsquo;\u00e9tude d&rsquo;un texte compos\u00e9 de 136 articles.\u00bb<br \/>\nLa complexit\u00e9 inh\u00e9rente \u00e0 la cr\u00e9ation d\u2019une nouvelle loi antiterroriste n\u00e9cessitait la consultation \u00a0de plusieurs \u00e9minents sp\u00e9cialistes. La multiplicit\u00e9 des avis permettant de mieux\u00a0d\u00e9tecter les pi\u00e8ges d\u2019un projet touchant aussi bien \u00e0 la justice, aux droits de l&rsquo;homme et \u00e0 l\u2019\u00e9thique s\u00e9curitaire d\u2019un pays en phase de transition d\u00e9mocratique. \u00a0Et pour un pays qui sort d&rsquo;une dictature, le projet tel qu&rsquo;il est r\u00e9dig\u00e9 actuellement est aussi liberticide que l&rsquo;ancien, selon\u00a0l&rsquo;avis de Human Rights Watch.<br \/>\nMme Karafi estime \u00a0que l\u2019entretien \u00e0 l&rsquo;ANC a \u00e9t\u00e9 positif car elle a pu y discuter les articles avec les membres de la commission, non sans donner plusieurs recommandations.<br \/>\n\u00a0<\/p>\n<p>Projet de la loi antiterroriste : Limites et recommandations <\/p>\n<p>La pr\u00e9sidente de l\u2019AMT \u00a0nous a indiqu\u00e9 que \u00ab\u00a0 m\u00eame si le projet contenait une nette am\u00e9lioration par rapport \u00e0 la loi antiterroriste de 2003, certaine \u00e9l\u00e9ments essentiels manquaient.\u00a0\u00bb<\/p>\n<p>\u00a0 \u00a0 1.Manque de pr\u00e9cision<\/p>\n<p>D\u2019abord, il manque de pr\u00e9cision car, selon elle, \u00ab\u00a0le sens des articles est min\u00e9 par certaines g\u00e9n\u00e9ralit\u00e9s et plusieurs ambigu\u00eft\u00e9s.\u00a0 Par exemple les d\u00e9finitions exactes de l&rsquo;acte terroriste, de l&rsquo;appel au meurtre ou de l\u2019apologie du terrorisme ne sont pas limpides et laissent pr\u00e9sager des abus s\u00e9curitaires.\u00a0\u00bb<\/p>\n<p>Une d\u00e9finition rigoureuse doit donc se faire selon des crit\u00e8res internationaux bien pr\u00e9cis : \u00abOn ne peut pas, par exemple, laisser l\u2019article 13 sans y stipuler que les crimes terroristes sont d\u00e9finis selon les conventions internationales des Nations Unies\u00a0\u00bb, affirme-t-elle.<\/p>\n<p>\u00a0 \u00a02.Une loi ordinaire et non organique<\/p>\n<p>Par ailleurs, elle a exprim\u00e9 son \u00e9tonnement que ce projet soit con\u00e7u en tant que loi organique relative aux libert\u00e9s. Puisque ses dispositions \u00a0 d\u00e9terminent essentiellement des crimes, des d\u00e9lits et des infractions, il devrait, selon elle, \u00eatre con\u00e7u en tant que loi ordinaire. \u00a0Pour plus de pr\u00e9cisions sur cela, nous renvoyons \u00e0 l\u2019article 65 de la\u00a0Constitution tunisienne, faisant la diff\u00e9rence entre loi organique et loi ordinaire.<\/p>\n<p>\u00a0 3.Cr\u00e9ation \u00a0d&rsquo;une instance juridique ind\u00e9pendante <\/p>\n<p>La juge Karafi a \u00e9galement recommand\u00e9 de faire \u00ab\u00a0des ajouts aux 9 articles qui vont du 51e\u00a0jusqu\u2019au 60e\u00a0\u00bb. Dans ces textes qui traitent de proc\u00e9dures d\u2019investigations d\u00e9licates telles que l\u2019interception, l\u2019\u00e9coute, la vid\u00e9o surveillance, Madame Karafi a propos\u00e9 \u00e0 l\u2019ANC de d\u00e9velopper la cr\u00e9ation \u00a0d&rsquo;une chambre juridique ind\u00e9pendante :<br \/>\n\u00ab\u00a0Cette chambre des libert\u00e9s serait un \u00e9quivalent collectif tunisien du juge des libert\u00e9s qu&rsquo;on peut trouver aux Etats-Unis. Elle \u00a0surveillerait scrupuleusement toutes les atteintes aux libert\u00e9s individuelles que pourraient commettre aussi bien le minist\u00e8re de l\u2019int\u00e9rieur que le minist\u00e8re de la justice, dans le cadre des enqu\u00eates sur le terrorisme. Dans ce genre d&rsquo;affaires, le fait que ce ne soit pas un seul juge qui s\u2019attelle \u00e0 cette t\u00e2che de surveillance et le fait que cette chambre soit compos\u00e9e de plusieurs membres, sont des conditions importantes. Elle permettraient d&rsquo;\u00e9viter la forte pression \u00e9ventuellement exerc\u00e9e sur une seule personne.\u00bb<\/p>\n","protected":false},"excerpt":{"rendered":"<p>Projet de la loi antiterroriste : Limites et recommandations selon la juge Raoudha Karafi <\/p>\n","protected":false},"author":3222,"featured_media":331914,"comment_status":"open","ping_status":"closed","sticky":false,"template":"","format":"standard","meta":{"footnotes":""},"categories":[11342],"tags":[],"class_list":["post-180213","post","type-post","status-publish","format-standard","has-post-thumbnail","hentry","category-terrorisme"],"yoast_head":"<!-- This site is optimized with the Yoast SEO Premium plugin v27.4 (Yoast SEO v27.5) - https:\/\/yoast.com\/product\/yoast-seo-premium-wordpress\/ -->\n<title>Projet de la loi antiterroriste : Limites et recommandations selon la juge Raoudha Karafi<\/title>\n<meta name=\"description\" content=\"Projet de la loi antiterroriste : Limites et recommandations selon la juge Raoudha Karafi\" \/>\n<link rel=\"canonical\" href=\"https:\/\/www.webdo.tn\/fr\/actualite\/terrorisme\/projet-loi-antiterroriste-selon-raoudha-karafi\/180213\/\" \/>\n<meta property=\"og:locale\" content=\"fr_FR\" \/>\n<meta property=\"og:type\" content=\"article\" \/>\n<meta property=\"og:title\" content=\"Projet de la loi antiterroriste : Limites et recommandations selon la juge Raoudha Karafi\" \/>\n<meta property=\"og:description\" content=\"Projet de la loi antiterroriste : Limites et recommandations selon la juge Raoudha Karafi\" \/>\n<meta property=\"og:url\" content=\"https:\/\/www.webdo.tn\/fr\/actualite\/terrorisme\/projet-loi-antiterroriste-selon-raoudha-karafi\/180213\/\" \/>\n<meta property=\"og:site_name\" content=\"webdo\" \/>\n<meta property=\"article:publisher\" content=\"https:\/\/www.facebook.com\/webdotn\" \/>\n<meta property=\"article:published_time\" content=\"2014-07-12T03:39:00+00:00\" \/>\n<meta property=\"article:modified_time\" content=\"2025-05-22T13:09:52+00:00\" \/>\n<meta property=\"og:image\" content=\"https:\/\/www.webdo.tn\/fr\/wp-content\/uploads\/2014\/07\/Raoudha-karafli-photo-gdb.voanews.jpg\" \/>\n\t<meta property=\"og:image:width\" content=\"250\" \/>\n\t<meta property=\"og:image:height\" content=\"336\" \/>\n\t<meta property=\"og:image:type\" content=\"image\/jpeg\" \/>\n<meta name=\"author\" content=\"webdo.tn\" \/>\n<meta name=\"twitter:card\" content=\"summary_large_image\" \/>\n<meta name=\"twitter:creator\" content=\"@webdo_tn\" \/>\n<meta name=\"twitter:site\" content=\"@webdo_tn\" \/>\n<meta name=\"twitter:label1\" content=\"\u00c9crit par\" \/>\n\t<meta name=\"twitter:data1\" content=\"webdo.tn\" \/>\n\t<meta name=\"twitter:label2\" content=\"Dur\u00e9e de lecture estim\u00e9e\" \/>\n\t<meta name=\"twitter:data2\" content=\"3 minutes\" \/>\n<script type=\"application\/ld+json\" class=\"yoast-schema-graph\">{\"@context\":\"https:\\\/\\\/schema.org\",\"@graph\":[{\"@type\":\"NewsArticle\",\"@id\":\"https:\\\/\\\/www.webdo.tn\\\/fr\\\/actualite\\\/terrorisme\\\/projet-loi-antiterroriste-selon-raoudha-karafi\\\/180213\\\/#article\",\"isPartOf\":{\"@id\":\"https:\\\/\\\/www.webdo.tn\\\/fr\\\/actualite\\\/terrorisme\\\/projet-loi-antiterroriste-selon-raoudha-karafi\\\/180213\\\/\"},\"author\":{\"name\":\"webdo.tn\",\"@id\":\"https:\\\/\\\/www.webdo.tn\\\/fr\\\/#\\\/schema\\\/person\\\/9a9c6118d687c117df8ef3cc36a4d175\"},\"headline\":\"Projet de la loi antiterroriste : Limites et recommandations selon la juge Raoudha Karafi\",\"datePublished\":\"2014-07-12T03:39:00+00:00\",\"dateModified\":\"2025-05-22T13:09:52+00:00\",\"mainEntityOfPage\":{\"@id\":\"https:\\\/\\\/www.webdo.tn\\\/fr\\\/actualite\\\/terrorisme\\\/projet-loi-antiterroriste-selon-raoudha-karafi\\\/180213\\\/\"},\"wordCount\":721,\"commentCount\":0,\"publisher\":{\"@id\":\"https:\\\/\\\/www.webdo.tn\\\/fr\\\/#organization\"},\"image\":{\"@id\":\"https:\\\/\\\/www.webdo.tn\\\/fr\\\/actualite\\\/terrorisme\\\/projet-loi-antiterroriste-selon-raoudha-karafi\\\/180213\\\/#primaryimage\"},\"thumbnailUrl\":\"https:\\\/\\\/www.webdo.tn\\\/fr\\\/wp-content\\\/uploads\\\/2014\\\/07\\\/Raoudha-karafli-photo-gdb.voanews.jpg\",\"articleSection\":[\"Terrorisme\"],\"inLanguage\":\"fr-FR\"},{\"@type\":\"WebPage\",\"@id\":\"https:\\\/\\\/www.webdo.tn\\\/fr\\\/actualite\\\/terrorisme\\\/projet-loi-antiterroriste-selon-raoudha-karafi\\\/180213\\\/\",\"url\":\"https:\\\/\\\/www.webdo.tn\\\/fr\\\/actualite\\\/terrorisme\\\/projet-loi-antiterroriste-selon-raoudha-karafi\\\/180213\\\/\",\"name\":\"Projet de la loi antiterroriste : Limites et recommandations selon la juge Raoudha Karafi\",\"isPartOf\":{\"@id\":\"https:\\\/\\\/www.webdo.tn\\\/fr\\\/#website\"},\"primaryImageOfPage\":{\"@id\":\"https:\\\/\\\/www.webdo.tn\\\/fr\\\/actualite\\\/terrorisme\\\/projet-loi-antiterroriste-selon-raoudha-karafi\\\/180213\\\/#primaryimage\"},\"image\":{\"@id\":\"https:\\\/\\\/www.webdo.tn\\\/fr\\\/actualite\\\/terrorisme\\\/projet-loi-antiterroriste-selon-raoudha-karafi\\\/180213\\\/#primaryimage\"},\"thumbnailUrl\":\"https:\\\/\\\/www.webdo.tn\\\/fr\\\/wp-content\\\/uploads\\\/2014\\\/07\\\/Raoudha-karafli-photo-gdb.voanews.jpg\",\"datePublished\":\"2014-07-12T03:39:00+00:00\",\"dateModified\":\"2025-05-22T13:09:52+00:00\",\"description\":\"Projet de la loi antiterroriste : Limites et recommandations selon la juge Raoudha Karafi\",\"breadcrumb\":{\"@id\":\"https:\\\/\\\/www.webdo.tn\\\/fr\\\/actualite\\\/terrorisme\\\/projet-loi-antiterroriste-selon-raoudha-karafi\\\/180213\\\/#breadcrumb\"},\"inLanguage\":\"fr-FR\",\"potentialAction\":[{\"@type\":\"ReadAction\",\"target\":[\"https:\\\/\\\/www.webdo.tn\\\/fr\\\/actualite\\\/terrorisme\\\/projet-loi-antiterroriste-selon-raoudha-karafi\\\/180213\\\/\"]}]},{\"@type\":\"ImageObject\",\"inLanguage\":\"fr-FR\",\"@id\":\"https:\\\/\\\/www.webdo.tn\\\/fr\\\/actualite\\\/terrorisme\\\/projet-loi-antiterroriste-selon-raoudha-karafi\\\/180213\\\/#primaryimage\",\"url\":\"https:\\\/\\\/www.webdo.tn\\\/fr\\\/wp-content\\\/uploads\\\/2014\\\/07\\\/Raoudha-karafli-photo-gdb.voanews.jpg\",\"contentUrl\":\"https:\\\/\\\/www.webdo.tn\\\/fr\\\/wp-content\\\/uploads\\\/2014\\\/07\\\/Raoudha-karafli-photo-gdb.voanews.jpg\",\"width\":250,\"height\":336,\"caption\":\"Projet de la loi antiterroriste : Limites et recommandations selon la juge Raoudha Karafi\"},{\"@type\":\"BreadcrumbList\",\"@id\":\"https:\\\/\\\/www.webdo.tn\\\/fr\\\/actualite\\\/terrorisme\\\/projet-loi-antiterroriste-selon-raoudha-karafi\\\/180213\\\/#breadcrumb\",\"itemListElement\":[{\"@type\":\"ListItem\",\"position\":1,\"name\":\"Accueil\",\"item\":\"https:\\\/\\\/www.webdo.tn\\\/fr\\\/\"},{\"@type\":\"ListItem\",\"position\":2,\"name\":\"Projet de la loi antiterroriste : Limites et recommandations selon la juge Raoudha Karafi\"}]},{\"@type\":\"WebSite\",\"@id\":\"https:\\\/\\\/www.webdo.tn\\\/fr\\\/#website\",\"url\":\"https:\\\/\\\/www.webdo.tn\\\/fr\\\/\",\"name\":\"webdo\",\"description\":\"Tunisie - News en Tunisie et \u00e0 l&#039;international sur Webdo.tn\",\"publisher\":{\"@id\":\"https:\\\/\\\/www.webdo.tn\\\/fr\\\/#organization\"},\"potentialAction\":[{\"@type\":\"SearchAction\",\"target\":{\"@type\":\"EntryPoint\",\"urlTemplate\":\"https:\\\/\\\/www.webdo.tn\\\/fr\\\/?s={search_term_string}\"},\"query-input\":{\"@type\":\"PropertyValueSpecification\",\"valueRequired\":true,\"valueName\":\"search_term_string\"}}],\"inLanguage\":\"fr-FR\"},{\"@type\":\"Organization\",\"@id\":\"https:\\\/\\\/www.webdo.tn\\\/fr\\\/#organization\",\"name\":\"Webdo\",\"alternateName\":\"Webdo.tn\",\"url\":\"https:\\\/\\\/www.webdo.tn\\\/fr\\\/\",\"logo\":{\"@type\":\"ImageObject\",\"inLanguage\":\"fr-FR\",\"@id\":\"https:\\\/\\\/www.webdo.tn\\\/fr\\\/#\\\/schema\\\/logo\\\/image\\\/\",\"url\":\"https:\\\/\\\/www.webdo.tn\\\/fr\\\/wp-content\\\/uploads\\\/2025\\\/06\\\/Webdo-Tunisie_168377.jpg\",\"contentUrl\":\"https:\\\/\\\/www.webdo.tn\\\/fr\\\/wp-content\\\/uploads\\\/2025\\\/06\\\/Webdo-Tunisie_168377.jpg\",\"width\":301,\"height\":301,\"caption\":\"Webdo\"},\"image\":{\"@id\":\"https:\\\/\\\/www.webdo.tn\\\/fr\\\/#\\\/schema\\\/logo\\\/image\\\/\"},\"sameAs\":[\"https:\\\/\\\/www.facebook.com\\\/webdotn\",\"https:\\\/\\\/x.com\\\/webdo_tn\"],\"description\":\"Webdo est un m\u00e9dia num\u00e9rique tunisien fond\u00e9 en 2010, sp\u00e9cialis\u00e9 dans l\u2019actualit\u00e9 nationale et internationale, l\u2019\u00e9conomie, la soci\u00e9t\u00e9 et les analyses politiques. Le site s\u2019adresse \u00e0 un large public francophone et couvre l\u2019information tunisienne en temps r\u00e9el.\",\"email\":\"redac@webdo.tn\",\"legalName\":\"YNJ SARL\",\"foundingDate\":\"2010-09-06\",\"numberOfEmployees\":{\"@type\":\"QuantitativeValue\",\"minValue\":\"11\",\"maxValue\":\"50\"}},{\"@type\":\"Person\",\"@id\":\"https:\\\/\\\/www.webdo.tn\\\/fr\\\/#\\\/schema\\\/person\\\/9a9c6118d687c117df8ef3cc36a4d175\",\"name\":\"webdo.tn\",\"image\":{\"@type\":\"ImageObject\",\"inLanguage\":\"fr-FR\",\"@id\":\"https:\\\/\\\/secure.gravatar.com\\\/avatar\\\/7ce1f28c0c3bbac99ff550b85ef8e44a6950c6ee24514fb6a5489e51d06f0298?s=96&d=mm&r=g\",\"url\":\"https:\\\/\\\/secure.gravatar.com\\\/avatar\\\/7ce1f28c0c3bbac99ff550b85ef8e44a6950c6ee24514fb6a5489e51d06f0298?s=96&d=mm&r=g\",\"contentUrl\":\"https:\\\/\\\/secure.gravatar.com\\\/avatar\\\/7ce1f28c0c3bbac99ff550b85ef8e44a6950c6ee24514fb6a5489e51d06f0298?s=96&d=mm&r=g\",\"caption\":\"webdo.tn\"},\"url\":\"https:\\\/\\\/www.webdo.tn\\\/fr\\\/actualite\\\/author\\\/webdotn\\\/\"}]}<\/script>\n<!-- \/ Yoast SEO Premium plugin. -->","yoast_head_json":{"title":"Projet de la loi antiterroriste : Limites et recommandations selon la juge Raoudha Karafi","description":"Projet de la loi antiterroriste : Limites et recommandations selon la juge Raoudha Karafi","canonical":"https:\/\/www.webdo.tn\/fr\/actualite\/terrorisme\/projet-loi-antiterroriste-selon-raoudha-karafi\/180213\/","og_locale":"fr_FR","og_type":"article","og_title":"Projet de la loi antiterroriste : Limites et recommandations selon la juge Raoudha Karafi","og_description":"Projet de la loi antiterroriste : Limites et recommandations selon la juge Raoudha Karafi","og_url":"https:\/\/www.webdo.tn\/fr\/actualite\/terrorisme\/projet-loi-antiterroriste-selon-raoudha-karafi\/180213\/","og_site_name":"webdo","article_publisher":"https:\/\/www.facebook.com\/webdotn","article_published_time":"2014-07-12T03:39:00+00:00","article_modified_time":"2025-05-22T13:09:52+00:00","og_image":[{"width":250,"height":336,"url":"https:\/\/www.webdo.tn\/fr\/wp-content\/uploads\/2014\/07\/Raoudha-karafli-photo-gdb.voanews.jpg","type":"image\/jpeg"}],"author":"webdo.tn","twitter_card":"summary_large_image","twitter_creator":"@webdo_tn","twitter_site":"@webdo_tn","twitter_misc":{"\u00c9crit par":"webdo.tn","Dur\u00e9e de lecture estim\u00e9e":"3 minutes"},"schema":{"@context":"https:\/\/schema.org","@graph":[{"@type":"NewsArticle","@id":"https:\/\/www.webdo.tn\/fr\/actualite\/terrorisme\/projet-loi-antiterroriste-selon-raoudha-karafi\/180213\/#article","isPartOf":{"@id":"https:\/\/www.webdo.tn\/fr\/actualite\/terrorisme\/projet-loi-antiterroriste-selon-raoudha-karafi\/180213\/"},"author":{"name":"webdo.tn","@id":"https:\/\/www.webdo.tn\/fr\/#\/schema\/person\/9a9c6118d687c117df8ef3cc36a4d175"},"headline":"Projet de la loi antiterroriste : Limites et recommandations selon la juge Raoudha Karafi","datePublished":"2014-07-12T03:39:00+00:00","dateModified":"2025-05-22T13:09:52+00:00","mainEntityOfPage":{"@id":"https:\/\/www.webdo.tn\/fr\/actualite\/terrorisme\/projet-loi-antiterroriste-selon-raoudha-karafi\/180213\/"},"wordCount":721,"commentCount":0,"publisher":{"@id":"https:\/\/www.webdo.tn\/fr\/#organization"},"image":{"@id":"https:\/\/www.webdo.tn\/fr\/actualite\/terrorisme\/projet-loi-antiterroriste-selon-raoudha-karafi\/180213\/#primaryimage"},"thumbnailUrl":"https:\/\/www.webdo.tn\/fr\/wp-content\/uploads\/2014\/07\/Raoudha-karafli-photo-gdb.voanews.jpg","articleSection":["Terrorisme"],"inLanguage":"fr-FR"},{"@type":"WebPage","@id":"https:\/\/www.webdo.tn\/fr\/actualite\/terrorisme\/projet-loi-antiterroriste-selon-raoudha-karafi\/180213\/","url":"https:\/\/www.webdo.tn\/fr\/actualite\/terrorisme\/projet-loi-antiterroriste-selon-raoudha-karafi\/180213\/","name":"Projet de la loi antiterroriste : Limites et recommandations selon la juge Raoudha Karafi","isPartOf":{"@id":"https:\/\/www.webdo.tn\/fr\/#website"},"primaryImageOfPage":{"@id":"https:\/\/www.webdo.tn\/fr\/actualite\/terrorisme\/projet-loi-antiterroriste-selon-raoudha-karafi\/180213\/#primaryimage"},"image":{"@id":"https:\/\/www.webdo.tn\/fr\/actualite\/terrorisme\/projet-loi-antiterroriste-selon-raoudha-karafi\/180213\/#primaryimage"},"thumbnailUrl":"https:\/\/www.webdo.tn\/fr\/wp-content\/uploads\/2014\/07\/Raoudha-karafli-photo-gdb.voanews.jpg","datePublished":"2014-07-12T03:39:00+00:00","dateModified":"2025-05-22T13:09:52+00:00","description":"Projet de la loi antiterroriste : Limites et recommandations selon la juge Raoudha Karafi","breadcrumb":{"@id":"https:\/\/www.webdo.tn\/fr\/actualite\/terrorisme\/projet-loi-antiterroriste-selon-raoudha-karafi\/180213\/#breadcrumb"},"inLanguage":"fr-FR","potentialAction":[{"@type":"ReadAction","target":["https:\/\/www.webdo.tn\/fr\/actualite\/terrorisme\/projet-loi-antiterroriste-selon-raoudha-karafi\/180213\/"]}]},{"@type":"ImageObject","inLanguage":"fr-FR","@id":"https:\/\/www.webdo.tn\/fr\/actualite\/terrorisme\/projet-loi-antiterroriste-selon-raoudha-karafi\/180213\/#primaryimage","url":"https:\/\/www.webdo.tn\/fr\/wp-content\/uploads\/2014\/07\/Raoudha-karafli-photo-gdb.voanews.jpg","contentUrl":"https:\/\/www.webdo.tn\/fr\/wp-content\/uploads\/2014\/07\/Raoudha-karafli-photo-gdb.voanews.jpg","width":250,"height":336,"caption":"Projet de la loi antiterroriste : Limites et recommandations selon la juge Raoudha Karafi"},{"@type":"BreadcrumbList","@id":"https:\/\/www.webdo.tn\/fr\/actualite\/terrorisme\/projet-loi-antiterroriste-selon-raoudha-karafi\/180213\/#breadcrumb","itemListElement":[{"@type":"ListItem","position":1,"name":"Accueil","item":"https:\/\/www.webdo.tn\/fr\/"},{"@type":"ListItem","position":2,"name":"Projet de la loi antiterroriste : Limites et recommandations selon la juge Raoudha Karafi"}]},{"@type":"WebSite","@id":"https:\/\/www.webdo.tn\/fr\/#website","url":"https:\/\/www.webdo.tn\/fr\/","name":"webdo","description":"Tunisie - News en Tunisie et \u00e0 l&#039;international sur Webdo.tn","publisher":{"@id":"https:\/\/www.webdo.tn\/fr\/#organization"},"potentialAction":[{"@type":"SearchAction","target":{"@type":"EntryPoint","urlTemplate":"https:\/\/www.webdo.tn\/fr\/?s={search_term_string}"},"query-input":{"@type":"PropertyValueSpecification","valueRequired":true,"valueName":"search_term_string"}}],"inLanguage":"fr-FR"},{"@type":"Organization","@id":"https:\/\/www.webdo.tn\/fr\/#organization","name":"Webdo","alternateName":"Webdo.tn","url":"https:\/\/www.webdo.tn\/fr\/","logo":{"@type":"ImageObject","inLanguage":"fr-FR","@id":"https:\/\/www.webdo.tn\/fr\/#\/schema\/logo\/image\/","url":"https:\/\/www.webdo.tn\/fr\/wp-content\/uploads\/2025\/06\/Webdo-Tunisie_168377.jpg","contentUrl":"https:\/\/www.webdo.tn\/fr\/wp-content\/uploads\/2025\/06\/Webdo-Tunisie_168377.jpg","width":301,"height":301,"caption":"Webdo"},"image":{"@id":"https:\/\/www.webdo.tn\/fr\/#\/schema\/logo\/image\/"},"sameAs":["https:\/\/www.facebook.com\/webdotn","https:\/\/x.com\/webdo_tn"],"description":"Webdo est un m\u00e9dia num\u00e9rique tunisien fond\u00e9 en 2010, sp\u00e9cialis\u00e9 dans l\u2019actualit\u00e9 nationale et internationale, l\u2019\u00e9conomie, la soci\u00e9t\u00e9 et les analyses politiques. Le site s\u2019adresse \u00e0 un large public francophone et couvre l\u2019information tunisienne en temps r\u00e9el.","email":"redac@webdo.tn","legalName":"YNJ SARL","foundingDate":"2010-09-06","numberOfEmployees":{"@type":"QuantitativeValue","minValue":"11","maxValue":"50"}},{"@type":"Person","@id":"https:\/\/www.webdo.tn\/fr\/#\/schema\/person\/9a9c6118d687c117df8ef3cc36a4d175","name":"webdo.tn","image":{"@type":"ImageObject","inLanguage":"fr-FR","@id":"https:\/\/secure.gravatar.com\/avatar\/7ce1f28c0c3bbac99ff550b85ef8e44a6950c6ee24514fb6a5489e51d06f0298?s=96&d=mm&r=g","url":"https:\/\/secure.gravatar.com\/avatar\/7ce1f28c0c3bbac99ff550b85ef8e44a6950c6ee24514fb6a5489e51d06f0298?s=96&d=mm&r=g","contentUrl":"https:\/\/secure.gravatar.com\/avatar\/7ce1f28c0c3bbac99ff550b85ef8e44a6950c6ee24514fb6a5489e51d06f0298?s=96&d=mm&r=g","caption":"webdo.tn"},"url":"https:\/\/www.webdo.tn\/fr\/actualite\/author\/webdotn\/"}]}},"_links":{"self":[{"href":"https:\/\/www.webdo.tn\/fr\/wp-json\/wp\/v2\/posts\/180213","targetHints":{"allow":["GET"]}}],"collection":[{"href":"https:\/\/www.webdo.tn\/fr\/wp-json\/wp\/v2\/posts"}],"about":[{"href":"https:\/\/www.webdo.tn\/fr\/wp-json\/wp\/v2\/types\/post"}],"author":[{"embeddable":true,"href":"https:\/\/www.webdo.tn\/fr\/wp-json\/wp\/v2\/users\/3222"}],"replies":[{"embeddable":true,"href":"https:\/\/www.webdo.tn\/fr\/wp-json\/wp\/v2\/comments?post=180213"}],"version-history":[{"count":0,"href":"https:\/\/www.webdo.tn\/fr\/wp-json\/wp\/v2\/posts\/180213\/revisions"}],"wp:featuredmedia":[{"embeddable":true,"href":"https:\/\/www.webdo.tn\/fr\/wp-json\/wp\/v2\/media\/331914"}],"wp:attachment":[{"href":"https:\/\/www.webdo.tn\/fr\/wp-json\/wp\/v2\/media?parent=180213"}],"wp:term":[{"taxonomy":"category","embeddable":true,"href":"https:\/\/www.webdo.tn\/fr\/wp-json\/wp\/v2\/categories?post=180213"},{"taxonomy":"post_tag","embeddable":true,"href":"https:\/\/www.webdo.tn\/fr\/wp-json\/wp\/v2\/tags?post=180213"}],"curies":[{"name":"wp","href":"https:\/\/api.w.org\/{rel}","templated":true}]}}