{"id":180207,"date":"2014-07-16T21:15:00","date_gmt":"2014-07-16T21:15:00","guid":{"rendered":"https:\/\/www.webdo.tn\/fr\/blog\/chaambi-militaires-victimes-dune-embuscade-terroriste\/180207\/"},"modified":"2025-05-22T13:09:38","modified_gmt":"2025-05-22T13:09:38","slug":"chaambi-militaires-victimes-dune-embuscade-terroriste","status":"publish","type":"post","link":"https:\/\/www.webdo.tn\/fr\/actualite\/terrorisme\/chaambi-militaires-victimes-dune-embuscade-terroriste\/180207\/","title":{"rendered":"Live blogging : Attaque terroriste contre des militaires \u00e0 Kasserine 17\/07\/14"},"content":{"rendered":"<p>Les sources des mises \u00e0 jour dans cet article : Minist\u00e8re de la D\u00e9fense, TAP , nos correspondants et interventions dans les m\u00e9dias audio-visuels.<\/p>\n<p>Le\u00a0r\u00e9sum\u00e9 en quelques points &gt;&gt;&gt; cliquez ici<\/p>\n<p>Les d\u00e9tails &gt;&gt;&gt;<\/p>\n<p>Mise \u00e0 jour 18\/07 :<\/p>\n<p>Confirmation de la mort du soldat disparu\u00a0Walid Ben Abdallah. Son\u00a0corps a \u00e9t\u00e9 retrouv\u00e9 ce vendredi 18 juillet. Le bilan du nombre de militaires tu\u00e9s durant cette op\u00e9ration terroriste, s&rsquo;\u00e9l\u00e8ve, d\u00e9sormais, \u00e0 15 martyrs.<\/p>\n<p>Mise \u00e0 jour 17\/07 :<\/p>\n<p>Deux\u00a0manifestations ont eu \u00a0lieu ce soir, la premi\u00e8re \u00e0 l&rsquo;Av. Bourguiba \u00e0 Tunis en r\u00e9action \u00e0\u00a0l&rsquo;attaque terroriste d&rsquo;hier soir \u00e0 Chambi.\u00a0et la deuxi\u00e8me \u00e0 Kasserine o\u00f9 s&rsquo;est pass\u00e9 la trag\u00e9die.<br \/>\n\u00abIl s&rsquo;agit du bilan le plus lourd \u00e0 \u00eatre enregistr\u00e9 par l&rsquo;arm\u00e9e depuis l&rsquo;ind\u00e9pendance [1956]\u00a0\u00bb\u00a0\u00a0\u00bb \u00a0a pr\u00e9cis\u00e9 le service de presse du minist\u00e8re de la D\u00e9fense \u00a0\u00e0 l&rsquo;AFP.<br \/>\n&#8211;<br \/>\nCommentant l&rsquo;attaque terroriste de ce mercredi 16\/07, l&rsquo;Observatoire tunisien pour l&rsquo;Ind\u00e9pendance de la magistrature\u00a0a affirm\u00e9 dans un communiqu\u00e9 publi\u00e9 aujourd&rsquo;hui que les diff\u00e9rentes d\u00e9faillances s\u00e9curitaires \u00e0 Kasserine suscitent des questions<br \/>\n\u00ab\u00a0la \u00a0nouvelle op\u00e9ration ex\u00e9cut\u00e9e dans des circonstances similaires \u00e0\u00a0celle\u00a0du 29 juillet 2013, que ce soit pour le lieu et le jour [18 du mois de ramadan selon le calendrier h\u00e9girien], ouvre la voie \u00e0 des interrogations l\u00e9gitimes au sujet des d\u00e9faillances s\u00e9curitaires et des renseignements dans la zone des affrontements militaires.\u00a0\u00a0\u00bb<br \/>\n&#8211;<\/p>\n<p>\u00abSuite \u00e0 l&rsquo;attaque terroriste tra\u00eetresse qui a pris pour cible l&rsquo;arm\u00e9e\u00bb la Pr\u00e9sidence de la \u00a0R\u00e9publique\u00a0annonce\u00a0un deuil national de trois jours\u00a0\u00e0 partir d&rsquo;aujourd&rsquo;hui, \u00a0jeudi 17 juillet.Toutes les institutions publiques tunisiennes auront le\u00a0drapeau en berne.\u00a0<\/p>\n<p>&#8211;<\/p>\n<p>Le Pr\u00e9sident de la R\u00e9publique a appel\u00e9 les jeunes \u00e0 s&rsquo;engager dans l&rsquo;arm\u00e9e.<\/p>\n<p>Le chef du gouvernement a estim\u00e9 \u00a0lors d&rsquo;une intervention t\u00e9l\u00e9vis\u00e9e que ces attaques visent l&rsquo;\u00e9conomie du pays et sa transition.<\/p>\n<p>\u00a0<\/p>\n<p>Mise \u00e0 Jour 17\/07 -17h00 <\/p>\n<p>Le ministre de la D\u00e9fense Ghazi Jeribi, d\u00e9clare, dans une conf\u00e9rence de presse, tenue cet apr\u00e8s-midi \u00e0 la Kasbah, que 40 \u00e0 60 terroristes, dont des Alg\u00e9riens sont impliqu\u00e9s dans les actes terroristes du 16 mercredi juillet 2014.<\/p>\n<p>M. Jribi a donn\u00e9 la liste nominative des militaires tu\u00e9s.<\/p>\n<p>Lors de la conf\u00e9rence de presse sur\u00a0les attentats terroristes de Jebel Chaambi, le ministre de l\u2019Int\u00e9rieur Lotfi Ben Jeddou d\u00e9clare que\u00a0cinq\u00a0op\u00e9rations ont \u00e9t\u00e9 men\u00e9es contre des terroristes\u00a0depuis le d\u00e9but de ramadan. Cependant \u00a0le minist\u00e8re \u00ab\u00a0a pr\u00e9f\u00e9r\u00e9 ne pas les r\u00e9v\u00e9ler \u00a0pour ne pas d\u00e9ranger les Tunisiens\u00a0\u00bb<\/p>\n<p>Mise \u00e0 Jour 17\/07 -16h30 <\/p>\n<p>Trois des 5 bless\u00e9s transport\u00e9s \u00e0 l\u2019h\u00f4pital militaire de Tunis sont dans un \u00e9tat grave, a affirm\u00e9 le ministre de la Sant\u00e9 Mohamed Salah Ben Ammar qui s\u2019exprimait ce jeudi 17 juillet lors d\u2019un point de presse au Palais du gouvernement \u00e0 la Kasbah.<\/p>\n<p>Le ministre de la Sant\u00e9 Mohamed Salah Ben Ammar a annonc\u00e9 la cr\u00e9ation d\u2019une cellule de crise au sein du d\u00e9partement suite \u00e0 l\u2019attaque terroriste qui a fait 14 morts dans les rangs des militaires.<\/p>\n<p>Sept ambulances ont \u00e9t\u00e9 mobilis\u00e9es pour \u00e9vacuer les bless\u00e9s vers l\u2019h\u00f4pital r\u00e9gional de Kasserine qui n\u2019a enregistr\u00e9 aucun cas de d\u00e9c\u00e8s, a pr\u00e9cis\u00e9 le ministre de la Sant\u00e9 Mohamed Salah Ben Ammar, indiquant qu\u2019un des bless\u00e9s a subi l\u2019amputation de la main.<\/p>\n<p>Mise \u00e0 Jour 17\/07 -13h <\/p>\n<p> Le colonel-major Souheil Chmangui a d\u00e9clar\u00e9 dans une conf\u00e9rence de presse qu&rsquo;un soldat volontaire est port\u00e9 disparu depuis hier. Le nombre de bless\u00e9s s&rsquo;\u00e9l\u00e8vent maintenant \u00e0 23. <\/p>\n<p>D&rsquo;apr\u00e8s lui, lors de l&rsquo;attaque terroriste, cinq militaires ont \u00e9t\u00e9 tu\u00e9s par balles et neuf suite \u00e0 l&rsquo;incendie d\u00e9clench\u00e9 par les roquettes RPG et les grenades lanc\u00e9es sur les tentes des points de contr\u00f4le. <\/p>\n<p>Mise \u00e0 Jour 17\/07 &#8211; 7h45 :<\/p>\n<p>Un autre bilan provisoire a \u00e9t\u00e9 communiqu\u00e9 ce matin du minist\u00e8re de la D\u00e9fense \u00e0 la TAP : 14 militaires tu\u00e9s et 20 bless\u00e9s.<\/p>\n<p>[Mise \u00e0 jour &#8211; 1h30 ] Le minist\u00e8re de la D\u00e9fense-Le colonel-major Amjed Hammami- vient de d\u00e9clarer que  le nombre de soldats tu\u00e9s est au nombre de deux actuellement. Un terroriste a \u00e9t\u00e9 tu\u00e9 aussi. D&rsquo;autres d\u00e9tails seront donn\u00e9s ult\u00e9rieurement affirme M. Hammami.<\/p>\n<p>[Mise \u00e0 jour &#8211; 01H26] Des militaires en patrouille dans le Djebel Chaambi ont \u00e9t\u00e9 pris dans une embuscade terroriste, ce mercredi 16 juillet, \u00e0 l&rsquo;heure de la rupture du je\u00fbne. Cinq militaires ont \u00e9t\u00e9 tu\u00e9s durant cette op\u00e9ration, et neuf autres ont \u00e9t\u00e9 bless\u00e9s selon des sources militaires selon TAP.<\/p>\n<p>L&rsquo;attaque a eu lieu \u00e0 Henchir Ettala, \u00e0 l&rsquo;int\u00e9rieur de la Zone militaire pr\u00e8s de Awlad Massoud.Les terroristes leur ont tir\u00e9 des roquettes au RPG sur des militaires en patrouille, suivi d&rsquo;\u00e9changes de coups de feu, alors qu&rsquo;ils s&rsquo;\u00e9taient arr\u00eat\u00e9s pour rompre leur je\u00fbne, nous a rapport\u00e9 Mohamed Kachroudi, notre correspondant de Kasserine.<\/p>\n<p>Les militaires sont membres d&rsquo;une unit\u00e9 de Gafsa, et sont partis, aujourd&rsquo;hui, en renfort au Djebel Chaambi.<\/p>\n<p>Deux soldats tu\u00e9s et six bless\u00e9s \u00e0 l&rsquo;h\u00f4pital de Kasserine<\/p>\n<p>Mohamed Kachoudi nous a inform\u00e9, aussi, que deux militaires bless\u00e9s ont \u00e9t\u00e9 accueillis dans l&rsquo;h\u00f4pital. Le premier est bless\u00e9 au niveau de l&rsquo;\u00e9paule et de la main, qui a \u00e9t\u00e9 amput\u00e9e par les m\u00e9decins de l\u2019h\u00f4pital, alors que le second, plac\u00e9 en r\u00e9animation, est dans un \u00e9tat grave. Deux autres l\u00e9g\u00e8rement bless\u00e9s ont \u00e9t\u00e9 admis dans l&rsquo;h\u00f4pital minuit pass\u00e9e. Vers 1h00, deux militaires tu\u00e9s et six autres bless\u00e9s sont arriv\u00e9s \u00e0 l&rsquo;h\u00f4pital. L&rsquo;un des bless\u00e9s, gravement bless\u00e9 au niveau du ventre, agonise, nous a-t-il ajout\u00e9.<br \/>\nPar ailleurs, dix ambulances ont quitt\u00e9 l&rsquo;h\u00f4pital pour ramener d&rsquo;autres victimes. Le bilan des victimes n&rsquo;a pas \u00e9t\u00e9 officiellement pr\u00e9cis\u00e9 pour l&rsquo;instant.<br \/>\nAucune pr\u00e9cision du cot\u00e9 du minist\u00e8re de la D\u00e9fense <\/p>\n<p>Dans une d\u00e9claration accord\u00e9e \u00e0 l&rsquo;agence Tunis-Afrique Presse (TAP), Rachid Bouhoula, attach\u00e9 de presse au sein du minist\u00e8re de la D\u00e9fense nationale, a d\u00e9clar\u00e9 que des militaires ont \u00e9t\u00e9 tu\u00e9s durant cette attaque terroriste, sans en pr\u00e9ciser le nombre.<\/p>\n<p>Cependant des sources militaires ont rapport\u00e9 \u00e0 la TAP que cinq militaires ont \u00e9t\u00e9 tu\u00e9s durant cette op\u00e9ration, et neuf autres ont \u00e9t\u00e9 bless\u00e9s.<\/p>\n<p>17 militaires dans la patrouille attaqu\u00e9e par les terroristes<\/p>\n<p>Chady Gharsalli, notre correspondant \u00e0 Kasserine, nous a indiqu\u00e9 que la patrouille est compos\u00e9e de dix-sept militaires, dont trois bless\u00e9s ont \u00e9t\u00e9 admis dans l&rsquo;h\u00f4pital. D&rsquo;apr\u00e8s le militaire dont la main a \u00e9t\u00e9 amput\u00e9e, le nombre des militaires tu\u00e9s s\u2019\u00e9l\u00e8verait \u00e0 treize. Il est le conducteur du v\u00e9hicule attaqu\u00e9, nous a pr\u00e9cis\u00e9 Chady Gharsalli.<\/p>\n<p>L&rsquo;obscurit\u00e9 g\u00eanerait l&rsquo;op\u00e9ration d&rsquo;identification des victimes <\/p>\n<p>Par ailleurs, plusieurs ambulances, d\u00e9p\u00each\u00e9es sur place, ont rejoint la caserne militaire de la r\u00e9gion sans passer par l&rsquo;h\u00f4pital. L&rsquo;op\u00e9ration d&rsquo;identification des victimes, qui est en cours, conna\u00eet des difficult\u00e9s \u00e0 cause de l&rsquo;obscurit\u00e9 dans le Djebel Chaambi, nous a-t-il ajout\u00e9.<\/p>\n<p>Pour rappel, la r\u00e9gion du Djebel Chaambi et certaines r\u00e9gions environnantes, \u00e0 l\u2019instar de Jebel Sammama, Selloum et Mghilla, ont \u00e9t\u00e9 d\u00e9clar\u00e9es zones militaires ferm\u00e9es, en vertu de l\u2019arr\u00eat\u00e9 r\u00e9publicain \u00e9mis le 11 avril 2014 par le pr\u00e9sident provisoire de la R\u00e9publique, Moncef Marzouki.<\/p>\n<p>Le 26 juillet 2013, huit militaires en patrouille ont \u00e9t\u00e9 tu\u00e9s suite \u00e0 une attaque terroriste dans le Djebel Chaambi.<\/p>\n<p>\u00a0<\/p>\n<p>Par Khalil Abdelmoumen, Lilia Weslaty &amp; Maher Chaabane<\/p>\n","protected":false},"excerpt":{"rendered":"<p>Live blogging : Attaque terroriste contre des militaires \u00e0 Kasserine 17\/07\/14<\/p>\n","protected":false},"author":3222,"featured_media":320975,"comment_status":"open","ping_status":"closed","sticky":false,"template":"","format":"standard","meta":{"footnotes":""},"categories":[11342],"tags":[],"class_list":["post-180207","post","type-post","status-publish","format-standard","has-post-thumbnail","hentry","category-terrorisme"],"yoast_head":"<!-- This site is optimized with the Yoast SEO Premium plugin v27.5 (Yoast SEO v27.5) - https:\/\/yoast.com\/product\/yoast-seo-premium-wordpress\/ -->\n<title>Live blogging : Attaque terroriste contre des militaires \u00e0 Kasserine 17\/07\/14<\/title>\n<meta name=\"description\" content=\"Live blogging : Attaque terroriste contre des militaires \u00e0 Kasserine 17\/07\/14\" \/>\n<link rel=\"canonical\" href=\"https:\/\/www.webdo.tn\/fr\/actualite\/terrorisme\/chaambi-militaires-victimes-dune-embuscade-terroriste\/180207\/\" \/>\n<meta property=\"og:locale\" content=\"fr_FR\" \/>\n<meta property=\"og:type\" content=\"article\" \/>\n<meta property=\"og:title\" content=\"Live blogging : Attaque terroriste contre des militaires \u00e0 Kasserine 17\/07\/14\" \/>\n<meta property=\"og:description\" content=\"Live blogging : Attaque terroriste contre des militaires \u00e0 Kasserine 17\/07\/14\" \/>\n<meta property=\"og:url\" content=\"https:\/\/www.webdo.tn\/fr\/actualite\/terrorisme\/chaambi-militaires-victimes-dune-embuscade-terroriste\/180207\/\" \/>\n<meta property=\"og:site_name\" content=\"webdo\" \/>\n<meta property=\"article:publisher\" content=\"https:\/\/www.facebook.com\/webdotn\" \/>\n<meta property=\"article:published_time\" content=\"2014-07-16T21:15:00+00:00\" \/>\n<meta property=\"article:modified_time\" content=\"2025-05-22T13:09:38+00:00\" \/>\n<meta property=\"og:image\" content=\"https:\/\/www.webdo.tn\/fr\/wp-content\/uploads\/2014\/07\/Jebel-Chaambi-16-07-2014-photo-Haykel.jpg\" \/>\n\t<meta property=\"og:image:width\" content=\"550\" \/>\n\t<meta property=\"og:image:height\" content=\"366\" \/>\n\t<meta property=\"og:image:type\" content=\"image\/jpeg\" \/>\n<meta name=\"author\" content=\"webdo.tn\" \/>\n<meta name=\"twitter:card\" content=\"summary_large_image\" \/>\n<meta name=\"twitter:creator\" content=\"@webdo_tn\" \/>\n<meta name=\"twitter:site\" content=\"@webdo_tn\" \/>\n<meta name=\"twitter:label1\" content=\"\u00c9crit par\" \/>\n\t<meta name=\"twitter:data1\" content=\"webdo.tn\" \/>\n\t<meta name=\"twitter:label2\" content=\"Dur\u00e9e de lecture estim\u00e9e\" \/>\n\t<meta name=\"twitter:data2\" content=\"6 minutes\" \/>\n<script type=\"application\/ld+json\" class=\"yoast-schema-graph\">{\"@context\":\"https:\\\/\\\/schema.org\",\"@graph\":[{\"@type\":\"NewsArticle\",\"@id\":\"https:\\\/\\\/www.webdo.tn\\\/fr\\\/actualite\\\/terrorisme\\\/chaambi-militaires-victimes-dune-embuscade-terroriste\\\/180207\\\/#article\",\"isPartOf\":{\"@id\":\"https:\\\/\\\/www.webdo.tn\\\/fr\\\/actualite\\\/terrorisme\\\/chaambi-militaires-victimes-dune-embuscade-terroriste\\\/180207\\\/\"},\"author\":{\"name\":\"webdo.tn\",\"@id\":\"https:\\\/\\\/www.webdo.tn\\\/fr\\\/#\\\/schema\\\/person\\\/9a9c6118d687c117df8ef3cc36a4d175\"},\"headline\":\"Live blogging : Attaque terroriste contre des militaires \u00e0 Kasserine 17\\\/07\\\/14\",\"datePublished\":\"2014-07-16T21:15:00+00:00\",\"dateModified\":\"2025-05-22T13:09:38+00:00\",\"mainEntityOfPage\":{\"@id\":\"https:\\\/\\\/www.webdo.tn\\\/fr\\\/actualite\\\/terrorisme\\\/chaambi-militaires-victimes-dune-embuscade-terroriste\\\/180207\\\/\"},\"wordCount\":1330,\"commentCount\":0,\"publisher\":{\"@id\":\"https:\\\/\\\/www.webdo.tn\\\/fr\\\/#organization\"},\"image\":{\"@id\":\"https:\\\/\\\/www.webdo.tn\\\/fr\\\/actualite\\\/terrorisme\\\/chaambi-militaires-victimes-dune-embuscade-terroriste\\\/180207\\\/#primaryimage\"},\"thumbnailUrl\":\"https:\\\/\\\/www.webdo.tn\\\/fr\\\/wp-content\\\/uploads\\\/2014\\\/07\\\/Jebel-Chaambi-16-07-2014-photo-Haykel.jpg\",\"articleSection\":[\"Terrorisme\"],\"inLanguage\":\"fr-FR\"},{\"@type\":\"WebPage\",\"@id\":\"https:\\\/\\\/www.webdo.tn\\\/fr\\\/actualite\\\/terrorisme\\\/chaambi-militaires-victimes-dune-embuscade-terroriste\\\/180207\\\/\",\"url\":\"https:\\\/\\\/www.webdo.tn\\\/fr\\\/actualite\\\/terrorisme\\\/chaambi-militaires-victimes-dune-embuscade-terroriste\\\/180207\\\/\",\"name\":\"Live blogging : Attaque terroriste contre des militaires \u00e0 Kasserine 17\\\/07\\\/14\",\"isPartOf\":{\"@id\":\"https:\\\/\\\/www.webdo.tn\\\/fr\\\/#website\"},\"primaryImageOfPage\":{\"@id\":\"https:\\\/\\\/www.webdo.tn\\\/fr\\\/actualite\\\/terrorisme\\\/chaambi-militaires-victimes-dune-embuscade-terroriste\\\/180207\\\/#primaryimage\"},\"image\":{\"@id\":\"https:\\\/\\\/www.webdo.tn\\\/fr\\\/actualite\\\/terrorisme\\\/chaambi-militaires-victimes-dune-embuscade-terroriste\\\/180207\\\/#primaryimage\"},\"thumbnailUrl\":\"https:\\\/\\\/www.webdo.tn\\\/fr\\\/wp-content\\\/uploads\\\/2014\\\/07\\\/Jebel-Chaambi-16-07-2014-photo-Haykel.jpg\",\"datePublished\":\"2014-07-16T21:15:00+00:00\",\"dateModified\":\"2025-05-22T13:09:38+00:00\",\"description\":\"Live blogging : Attaque terroriste contre des militaires \u00e0 Kasserine 17\\\/07\\\/14\",\"breadcrumb\":{\"@id\":\"https:\\\/\\\/www.webdo.tn\\\/fr\\\/actualite\\\/terrorisme\\\/chaambi-militaires-victimes-dune-embuscade-terroriste\\\/180207\\\/#breadcrumb\"},\"inLanguage\":\"fr-FR\",\"potentialAction\":[{\"@type\":\"ReadAction\",\"target\":[\"https:\\\/\\\/www.webdo.tn\\\/fr\\\/actualite\\\/terrorisme\\\/chaambi-militaires-victimes-dune-embuscade-terroriste\\\/180207\\\/\"]}]},{\"@type\":\"ImageObject\",\"inLanguage\":\"fr-FR\",\"@id\":\"https:\\\/\\\/www.webdo.tn\\\/fr\\\/actualite\\\/terrorisme\\\/chaambi-militaires-victimes-dune-embuscade-terroriste\\\/180207\\\/#primaryimage\",\"url\":\"https:\\\/\\\/www.webdo.tn\\\/fr\\\/wp-content\\\/uploads\\\/2014\\\/07\\\/Jebel-Chaambi-16-07-2014-photo-Haykel.jpg\",\"contentUrl\":\"https:\\\/\\\/www.webdo.tn\\\/fr\\\/wp-content\\\/uploads\\\/2014\\\/07\\\/Jebel-Chaambi-16-07-2014-photo-Haykel.jpg\",\"width\":550,\"height\":366,\"caption\":\"Live blogging : Attaque terroriste contre des militaires \u00e0 Kasserine 17\\\/07\\\/14\"},{\"@type\":\"BreadcrumbList\",\"@id\":\"https:\\\/\\\/www.webdo.tn\\\/fr\\\/actualite\\\/terrorisme\\\/chaambi-militaires-victimes-dune-embuscade-terroriste\\\/180207\\\/#breadcrumb\",\"itemListElement\":[{\"@type\":\"ListItem\",\"position\":1,\"name\":\"Accueil\",\"item\":\"https:\\\/\\\/www.webdo.tn\\\/fr\\\/\"},{\"@type\":\"ListItem\",\"position\":2,\"name\":\"Live blogging : Attaque terroriste contre des militaires \u00e0 Kasserine 17\\\/07\\\/14\"}]},{\"@type\":\"WebSite\",\"@id\":\"https:\\\/\\\/www.webdo.tn\\\/fr\\\/#website\",\"url\":\"https:\\\/\\\/www.webdo.tn\\\/fr\\\/\",\"name\":\"webdo\",\"description\":\"Tunisie - News en Tunisie et \u00e0 l&#039;international sur Webdo.tn\",\"publisher\":{\"@id\":\"https:\\\/\\\/www.webdo.tn\\\/fr\\\/#organization\"},\"potentialAction\":[{\"@type\":\"SearchAction\",\"target\":{\"@type\":\"EntryPoint\",\"urlTemplate\":\"https:\\\/\\\/www.webdo.tn\\\/fr\\\/?s={search_term_string}\"},\"query-input\":{\"@type\":\"PropertyValueSpecification\",\"valueRequired\":true,\"valueName\":\"search_term_string\"}}],\"inLanguage\":\"fr-FR\"},{\"@type\":\"Organization\",\"@id\":\"https:\\\/\\\/www.webdo.tn\\\/fr\\\/#organization\",\"name\":\"Webdo\",\"alternateName\":\"Webdo.tn\",\"url\":\"https:\\\/\\\/www.webdo.tn\\\/fr\\\/\",\"logo\":{\"@type\":\"ImageObject\",\"inLanguage\":\"fr-FR\",\"@id\":\"https:\\\/\\\/www.webdo.tn\\\/fr\\\/#\\\/schema\\\/logo\\\/image\\\/\",\"url\":\"https:\\\/\\\/www.webdo.tn\\\/fr\\\/wp-content\\\/uploads\\\/2025\\\/06\\\/Webdo-Tunisie_168377.jpg\",\"contentUrl\":\"https:\\\/\\\/www.webdo.tn\\\/fr\\\/wp-content\\\/uploads\\\/2025\\\/06\\\/Webdo-Tunisie_168377.jpg\",\"width\":301,\"height\":301,\"caption\":\"Webdo\"},\"image\":{\"@id\":\"https:\\\/\\\/www.webdo.tn\\\/fr\\\/#\\\/schema\\\/logo\\\/image\\\/\"},\"sameAs\":[\"https:\\\/\\\/www.facebook.com\\\/webdotn\",\"https:\\\/\\\/x.com\\\/webdo_tn\"],\"description\":\"Webdo est un m\u00e9dia num\u00e9rique tunisien fond\u00e9 en 2010, sp\u00e9cialis\u00e9 dans l\u2019actualit\u00e9 nationale et internationale, l\u2019\u00e9conomie, la soci\u00e9t\u00e9 et les analyses politiques. Le site s\u2019adresse \u00e0 un large public francophone et couvre l\u2019information tunisienne en temps r\u00e9el.\",\"email\":\"redac@webdo.tn\",\"legalName\":\"YNJ SARL\",\"foundingDate\":\"2010-09-06\",\"numberOfEmployees\":{\"@type\":\"QuantitativeValue\",\"minValue\":\"11\",\"maxValue\":\"50\"}},{\"@type\":\"Person\",\"@id\":\"https:\\\/\\\/www.webdo.tn\\\/fr\\\/#\\\/schema\\\/person\\\/9a9c6118d687c117df8ef3cc36a4d175\",\"name\":\"webdo.tn\",\"image\":{\"@type\":\"ImageObject\",\"inLanguage\":\"fr-FR\",\"@id\":\"https:\\\/\\\/secure.gravatar.com\\\/avatar\\\/7ce1f28c0c3bbac99ff550b85ef8e44a6950c6ee24514fb6a5489e51d06f0298?s=96&d=mm&r=g\",\"url\":\"https:\\\/\\\/secure.gravatar.com\\\/avatar\\\/7ce1f28c0c3bbac99ff550b85ef8e44a6950c6ee24514fb6a5489e51d06f0298?s=96&d=mm&r=g\",\"contentUrl\":\"https:\\\/\\\/secure.gravatar.com\\\/avatar\\\/7ce1f28c0c3bbac99ff550b85ef8e44a6950c6ee24514fb6a5489e51d06f0298?s=96&d=mm&r=g\",\"caption\":\"webdo.tn\"},\"url\":\"https:\\\/\\\/www.webdo.tn\\\/fr\\\/actualite\\\/author\\\/webdotn\\\/\"}]}<\/script>\n<!-- \/ Yoast SEO Premium plugin. -->","yoast_head_json":{"title":"Live blogging : Attaque terroriste contre des militaires \u00e0 Kasserine 17\/07\/14","description":"Live blogging : Attaque terroriste contre des militaires \u00e0 Kasserine 17\/07\/14","canonical":"https:\/\/www.webdo.tn\/fr\/actualite\/terrorisme\/chaambi-militaires-victimes-dune-embuscade-terroriste\/180207\/","og_locale":"fr_FR","og_type":"article","og_title":"Live blogging : Attaque terroriste contre des militaires \u00e0 Kasserine 17\/07\/14","og_description":"Live blogging : Attaque terroriste contre des militaires \u00e0 Kasserine 17\/07\/14","og_url":"https:\/\/www.webdo.tn\/fr\/actualite\/terrorisme\/chaambi-militaires-victimes-dune-embuscade-terroriste\/180207\/","og_site_name":"webdo","article_publisher":"https:\/\/www.facebook.com\/webdotn","article_published_time":"2014-07-16T21:15:00+00:00","article_modified_time":"2025-05-22T13:09:38+00:00","og_image":[{"width":550,"height":366,"url":"https:\/\/www.webdo.tn\/fr\/wp-content\/uploads\/2014\/07\/Jebel-Chaambi-16-07-2014-photo-Haykel.jpg","type":"image\/jpeg"}],"author":"webdo.tn","twitter_card":"summary_large_image","twitter_creator":"@webdo_tn","twitter_site":"@webdo_tn","twitter_misc":{"\u00c9crit par":"webdo.tn","Dur\u00e9e de lecture estim\u00e9e":"6 minutes"},"schema":{"@context":"https:\/\/schema.org","@graph":[{"@type":"NewsArticle","@id":"https:\/\/www.webdo.tn\/fr\/actualite\/terrorisme\/chaambi-militaires-victimes-dune-embuscade-terroriste\/180207\/#article","isPartOf":{"@id":"https:\/\/www.webdo.tn\/fr\/actualite\/terrorisme\/chaambi-militaires-victimes-dune-embuscade-terroriste\/180207\/"},"author":{"name":"webdo.tn","@id":"https:\/\/www.webdo.tn\/fr\/#\/schema\/person\/9a9c6118d687c117df8ef3cc36a4d175"},"headline":"Live blogging : Attaque terroriste contre des militaires \u00e0 Kasserine 17\/07\/14","datePublished":"2014-07-16T21:15:00+00:00","dateModified":"2025-05-22T13:09:38+00:00","mainEntityOfPage":{"@id":"https:\/\/www.webdo.tn\/fr\/actualite\/terrorisme\/chaambi-militaires-victimes-dune-embuscade-terroriste\/180207\/"},"wordCount":1330,"commentCount":0,"publisher":{"@id":"https:\/\/www.webdo.tn\/fr\/#organization"},"image":{"@id":"https:\/\/www.webdo.tn\/fr\/actualite\/terrorisme\/chaambi-militaires-victimes-dune-embuscade-terroriste\/180207\/#primaryimage"},"thumbnailUrl":"https:\/\/www.webdo.tn\/fr\/wp-content\/uploads\/2014\/07\/Jebel-Chaambi-16-07-2014-photo-Haykel.jpg","articleSection":["Terrorisme"],"inLanguage":"fr-FR"},{"@type":"WebPage","@id":"https:\/\/www.webdo.tn\/fr\/actualite\/terrorisme\/chaambi-militaires-victimes-dune-embuscade-terroriste\/180207\/","url":"https:\/\/www.webdo.tn\/fr\/actualite\/terrorisme\/chaambi-militaires-victimes-dune-embuscade-terroriste\/180207\/","name":"Live blogging : Attaque terroriste contre des militaires \u00e0 Kasserine 17\/07\/14","isPartOf":{"@id":"https:\/\/www.webdo.tn\/fr\/#website"},"primaryImageOfPage":{"@id":"https:\/\/www.webdo.tn\/fr\/actualite\/terrorisme\/chaambi-militaires-victimes-dune-embuscade-terroriste\/180207\/#primaryimage"},"image":{"@id":"https:\/\/www.webdo.tn\/fr\/actualite\/terrorisme\/chaambi-militaires-victimes-dune-embuscade-terroriste\/180207\/#primaryimage"},"thumbnailUrl":"https:\/\/www.webdo.tn\/fr\/wp-content\/uploads\/2014\/07\/Jebel-Chaambi-16-07-2014-photo-Haykel.jpg","datePublished":"2014-07-16T21:15:00+00:00","dateModified":"2025-05-22T13:09:38+00:00","description":"Live blogging : Attaque terroriste contre des militaires \u00e0 Kasserine 17\/07\/14","breadcrumb":{"@id":"https:\/\/www.webdo.tn\/fr\/actualite\/terrorisme\/chaambi-militaires-victimes-dune-embuscade-terroriste\/180207\/#breadcrumb"},"inLanguage":"fr-FR","potentialAction":[{"@type":"ReadAction","target":["https:\/\/www.webdo.tn\/fr\/actualite\/terrorisme\/chaambi-militaires-victimes-dune-embuscade-terroriste\/180207\/"]}]},{"@type":"ImageObject","inLanguage":"fr-FR","@id":"https:\/\/www.webdo.tn\/fr\/actualite\/terrorisme\/chaambi-militaires-victimes-dune-embuscade-terroriste\/180207\/#primaryimage","url":"https:\/\/www.webdo.tn\/fr\/wp-content\/uploads\/2014\/07\/Jebel-Chaambi-16-07-2014-photo-Haykel.jpg","contentUrl":"https:\/\/www.webdo.tn\/fr\/wp-content\/uploads\/2014\/07\/Jebel-Chaambi-16-07-2014-photo-Haykel.jpg","width":550,"height":366,"caption":"Live blogging : Attaque terroriste contre des militaires \u00e0 Kasserine 17\/07\/14"},{"@type":"BreadcrumbList","@id":"https:\/\/www.webdo.tn\/fr\/actualite\/terrorisme\/chaambi-militaires-victimes-dune-embuscade-terroriste\/180207\/#breadcrumb","itemListElement":[{"@type":"ListItem","position":1,"name":"Accueil","item":"https:\/\/www.webdo.tn\/fr\/"},{"@type":"ListItem","position":2,"name":"Live blogging : Attaque terroriste contre des militaires \u00e0 Kasserine 17\/07\/14"}]},{"@type":"WebSite","@id":"https:\/\/www.webdo.tn\/fr\/#website","url":"https:\/\/www.webdo.tn\/fr\/","name":"webdo","description":"Tunisie - News en Tunisie et \u00e0 l&#039;international sur Webdo.tn","publisher":{"@id":"https:\/\/www.webdo.tn\/fr\/#organization"},"potentialAction":[{"@type":"SearchAction","target":{"@type":"EntryPoint","urlTemplate":"https:\/\/www.webdo.tn\/fr\/?s={search_term_string}"},"query-input":{"@type":"PropertyValueSpecification","valueRequired":true,"valueName":"search_term_string"}}],"inLanguage":"fr-FR"},{"@type":"Organization","@id":"https:\/\/www.webdo.tn\/fr\/#organization","name":"Webdo","alternateName":"Webdo.tn","url":"https:\/\/www.webdo.tn\/fr\/","logo":{"@type":"ImageObject","inLanguage":"fr-FR","@id":"https:\/\/www.webdo.tn\/fr\/#\/schema\/logo\/image\/","url":"https:\/\/www.webdo.tn\/fr\/wp-content\/uploads\/2025\/06\/Webdo-Tunisie_168377.jpg","contentUrl":"https:\/\/www.webdo.tn\/fr\/wp-content\/uploads\/2025\/06\/Webdo-Tunisie_168377.jpg","width":301,"height":301,"caption":"Webdo"},"image":{"@id":"https:\/\/www.webdo.tn\/fr\/#\/schema\/logo\/image\/"},"sameAs":["https:\/\/www.facebook.com\/webdotn","https:\/\/x.com\/webdo_tn"],"description":"Webdo est un m\u00e9dia num\u00e9rique tunisien fond\u00e9 en 2010, sp\u00e9cialis\u00e9 dans l\u2019actualit\u00e9 nationale et internationale, l\u2019\u00e9conomie, la soci\u00e9t\u00e9 et les analyses politiques. Le site s\u2019adresse \u00e0 un large public francophone et couvre l\u2019information tunisienne en temps r\u00e9el.","email":"redac@webdo.tn","legalName":"YNJ SARL","foundingDate":"2010-09-06","numberOfEmployees":{"@type":"QuantitativeValue","minValue":"11","maxValue":"50"}},{"@type":"Person","@id":"https:\/\/www.webdo.tn\/fr\/#\/schema\/person\/9a9c6118d687c117df8ef3cc36a4d175","name":"webdo.tn","image":{"@type":"ImageObject","inLanguage":"fr-FR","@id":"https:\/\/secure.gravatar.com\/avatar\/7ce1f28c0c3bbac99ff550b85ef8e44a6950c6ee24514fb6a5489e51d06f0298?s=96&d=mm&r=g","url":"https:\/\/secure.gravatar.com\/avatar\/7ce1f28c0c3bbac99ff550b85ef8e44a6950c6ee24514fb6a5489e51d06f0298?s=96&d=mm&r=g","contentUrl":"https:\/\/secure.gravatar.com\/avatar\/7ce1f28c0c3bbac99ff550b85ef8e44a6950c6ee24514fb6a5489e51d06f0298?s=96&d=mm&r=g","caption":"webdo.tn"},"url":"https:\/\/www.webdo.tn\/fr\/actualite\/author\/webdotn\/"}]}},"_links":{"self":[{"href":"https:\/\/www.webdo.tn\/fr\/wp-json\/wp\/v2\/posts\/180207","targetHints":{"allow":["GET"]}}],"collection":[{"href":"https:\/\/www.webdo.tn\/fr\/wp-json\/wp\/v2\/posts"}],"about":[{"href":"https:\/\/www.webdo.tn\/fr\/wp-json\/wp\/v2\/types\/post"}],"author":[{"embeddable":true,"href":"https:\/\/www.webdo.tn\/fr\/wp-json\/wp\/v2\/users\/3222"}],"replies":[{"embeddable":true,"href":"https:\/\/www.webdo.tn\/fr\/wp-json\/wp\/v2\/comments?post=180207"}],"version-history":[{"count":0,"href":"https:\/\/www.webdo.tn\/fr\/wp-json\/wp\/v2\/posts\/180207\/revisions"}],"wp:featuredmedia":[{"embeddable":true,"href":"https:\/\/www.webdo.tn\/fr\/wp-json\/wp\/v2\/media\/320975"}],"wp:attachment":[{"href":"https:\/\/www.webdo.tn\/fr\/wp-json\/wp\/v2\/media?parent=180207"}],"wp:term":[{"taxonomy":"category","embeddable":true,"href":"https:\/\/www.webdo.tn\/fr\/wp-json\/wp\/v2\/categories?post=180207"},{"taxonomy":"post_tag","embeddable":true,"href":"https:\/\/www.webdo.tn\/fr\/wp-json\/wp\/v2\/tags?post=180207"}],"curies":[{"name":"wp","href":"https:\/\/api.w.org\/{rel}","templated":true}]}}