{"id":180206,"date":"2014-07-17T02:05:00","date_gmt":"2014-07-17T02:05:00","guid":{"rendered":"https:\/\/www.webdo.tn\/fr\/blog\/chaambi-militaires-terroriste-tues-dapres-ministere-defense\/180206\/"},"modified":"2025-06-04T18:20:56","modified_gmt":"2025-06-04T18:20:56","slug":"chaambi-militaires-terroriste-tues-dapres-ministere-defense-2","status":"publish","type":"post","link":"https:\/\/www.webdo.tn\/fr\/actualite\/terrorisme\/chaambi-militaires-terroriste-tues-dapres-ministere-defense-2\/180206\/","title":{"rendered":"Chaambi &#8211; Deux militaires et un terroriste tu\u00e9s, d&rsquo;apr\u00e8s le minist\u00e8re de la D\u00e9fense"},"content":{"rendered":"<p>Le colonel-major Amjed Hammami a annonc\u00e9, ce jeudi 17 juillet vers 1h30 dans un point de presse de presse express tenu \u00a0au si\u00e8ge de la pr\u00e9sidence du gouvernement, que deux militaires ont \u00e9t\u00e9 tu\u00e9s durant l&#8217;embuscade terroriste du mercredi 16 juillet au Djebel Chaambi. Ils ont \u00e9t\u00e9 transf\u00e9r\u00e9s \u00e0 l&rsquo;h\u00f4pital r\u00e9gional de Kasserine.<\/p>\n<p>Deux groupes terroristes ont attaqu\u00e9, simultan\u00e9ment, deux points de contr\u00f4le militaire \u00e0 19h40, a-t-il pr\u00e9cis\u00e9. Un des \u00e9l\u00e9ments terroristes a \u00e9t\u00e9 tu\u00e9.<\/p>\n<p>Le colonel-major Hammami a ajout\u00e9 que les op\u00e9rations militaires se poursuivent afin de secourir les bless\u00e9s et traquer les terroristes. Il a d\u00e9clar\u00e9 que d&rsquo;autres d\u00e9tails seront donn\u00e9s ult\u00e9rieurement.<\/p>\n<p>Un bilan provisoire<\/p>\n<p>Notons que ce bilan provisoire ne concorde pas avec les chiffres publi\u00e9s dans certains m\u00e9dias. Rachid Bouhoula, attach\u00e9 de presse au sein du minist\u00e8re de la D\u00e9fense nationale, a d\u00e9clar\u00e9\u00a0\u00e0 l&rsquo;agence Tunis-Afrique Presse (TAP) que plusieurs militaires ont \u00e9t\u00e9 tu\u00e9s durant cette attaque terroriste, sans en pr\u00e9ciser le nombre. La TAP a\u00a0rapport\u00e9\u00a0\u00e9galement que cinq militaires\u00a0ont \u00e9t\u00e9 tu\u00e9s, et neuf autres ont \u00e9t\u00e9 bless\u00e9s.<\/p>\n<p>Douze militaires bless\u00e9s<\/p>\n<p>Deux millitaires tu\u00e9s et douze autres\u00a0bless\u00e9s viennent d&rsquo;\u00eatre transport\u00e9s \u00e0 l&rsquo;hopital r\u00e9gional de Kasserine, d&rsquo;apr\u00e8s notre correspondant\u00a0Mohamed Kachroudi, pr\u00e9sent sur place.<\/p>\n<p>Parmi eux, un bless\u00e9 a \u00e9t\u00e9 amput\u00e9 de sa main par les m\u00e9decins, un autre, dans un \u00e9tat grave, plac\u00e9 en r\u00e9animation, et un troisi\u00e8me, gravement touch\u00e9 au niveau du ventre, agonise.<\/p>\n","protected":false},"excerpt":{"rendered":"<p>Chaambi &#8211; Deux militaires et un terroriste tu\u00e9s, d&rsquo;apr\u00e8s le minist\u00e8re de la D\u00e9fense<\/p>\n","protected":false},"author":3222,"featured_media":334710,"comment_status":"open","ping_status":"closed","sticky":false,"template":"","format":"standard","meta":{"footnotes":""},"categories":[11342],"tags":[],"class_list":["post-180206","post","type-post","status-publish","format-standard","has-post-thumbnail","hentry","category-terrorisme"],"yoast_head":"<!-- This site is optimized with the Yoast SEO Premium plugin v27.5 (Yoast SEO v27.5) - https:\/\/yoast.com\/product\/yoast-seo-premium-wordpress\/ -->\n<title>Chaambi - Deux militaires et un terroriste tu\u00e9s, d&#039;apr\u00e8s le minist\u00e8re de la D\u00e9fense<\/title>\n<meta name=\"description\" content=\"Chaambi - Deux militaires et un terroriste tu\u00e9s, d&#039;apr\u00e8s le minist\u00e8re de la D\u00e9fense\" \/>\n<link rel=\"canonical\" href=\"https:\/\/www.webdo.tn\/fr\/actualite\/terrorisme\/chaambi-militaires-terroriste-tues-dapres-ministere-defense-2\/180206\/\" \/>\n<meta property=\"og:locale\" content=\"fr_FR\" \/>\n<meta property=\"og:type\" content=\"article\" \/>\n<meta property=\"og:title\" content=\"Chaambi - Deux militaires et un terroriste tu\u00e9s, d&#039;apr\u00e8s le minist\u00e8re de la D\u00e9fense\" \/>\n<meta property=\"og:description\" content=\"Chaambi - Deux militaires et un terroriste tu\u00e9s, d&#039;apr\u00e8s le minist\u00e8re de la D\u00e9fense\" \/>\n<meta property=\"og:url\" content=\"https:\/\/www.webdo.tn\/fr\/actualite\/terrorisme\/chaambi-militaires-terroriste-tues-dapres-ministere-defense-2\/180206\/\" \/>\n<meta property=\"og:site_name\" content=\"webdo\" \/>\n<meta property=\"article:publisher\" content=\"https:\/\/www.facebook.com\/webdotn\" \/>\n<meta property=\"article:published_time\" content=\"2014-07-17T02:05:00+00:00\" \/>\n<meta property=\"article:modified_time\" content=\"2025-06-04T18:20:56+00:00\" \/>\n<meta property=\"og:image\" content=\"https:\/\/www.webdo.tn\/fr\/wp-content\/uploads\/2014\/07\/Conference-de-presse-Armee.jpg\" \/>\n\t<meta property=\"og:image:width\" content=\"432\" \/>\n\t<meta property=\"og:image:height\" content=\"260\" \/>\n\t<meta property=\"og:image:type\" content=\"image\/jpeg\" \/>\n<meta name=\"author\" content=\"webdo.tn\" \/>\n<meta name=\"twitter:card\" content=\"summary_large_image\" \/>\n<meta name=\"twitter:creator\" content=\"@webdo_tn\" \/>\n<meta name=\"twitter:site\" content=\"@webdo_tn\" \/>\n<meta name=\"twitter:label1\" content=\"\u00c9crit par\" \/>\n\t<meta name=\"twitter:data1\" content=\"webdo.tn\" \/>\n\t<meta name=\"twitter:label2\" content=\"Dur\u00e9e de lecture estim\u00e9e\" \/>\n\t<meta name=\"twitter:data2\" content=\"1 minute\" \/>\n<script type=\"application\/ld+json\" class=\"yoast-schema-graph\">{\"@context\":\"https:\\\/\\\/schema.org\",\"@graph\":[{\"@type\":\"NewsArticle\",\"@id\":\"https:\\\/\\\/www.webdo.tn\\\/fr\\\/actualite\\\/terrorisme\\\/chaambi-militaires-terroriste-tues-dapres-ministere-defense-2\\\/180206\\\/#article\",\"isPartOf\":{\"@id\":\"https:\\\/\\\/www.webdo.tn\\\/fr\\\/actualite\\\/terrorisme\\\/chaambi-militaires-terroriste-tues-dapres-ministere-defense-2\\\/180206\\\/\"},\"author\":{\"name\":\"webdo.tn\",\"@id\":\"https:\\\/\\\/www.webdo.tn\\\/fr\\\/#\\\/schema\\\/person\\\/9a9c6118d687c117df8ef3cc36a4d175\"},\"headline\":\"Chaambi &#8211; Deux militaires et un terroriste tu\u00e9s, d&rsquo;apr\u00e8s le minist\u00e8re de la D\u00e9fense\",\"datePublished\":\"2014-07-17T02:05:00+00:00\",\"dateModified\":\"2025-06-04T18:20:56+00:00\",\"mainEntityOfPage\":{\"@id\":\"https:\\\/\\\/www.webdo.tn\\\/fr\\\/actualite\\\/terrorisme\\\/chaambi-militaires-terroriste-tues-dapres-ministere-defense-2\\\/180206\\\/\"},\"wordCount\":288,\"commentCount\":0,\"publisher\":{\"@id\":\"https:\\\/\\\/www.webdo.tn\\\/fr\\\/#organization\"},\"image\":{\"@id\":\"https:\\\/\\\/www.webdo.tn\\\/fr\\\/actualite\\\/terrorisme\\\/chaambi-militaires-terroriste-tues-dapres-ministere-defense-2\\\/180206\\\/#primaryimage\"},\"thumbnailUrl\":\"https:\\\/\\\/www.webdo.tn\\\/fr\\\/wp-content\\\/uploads\\\/2014\\\/07\\\/Conference-de-presse-Armee.jpg\",\"articleSection\":[\"Terrorisme\"],\"inLanguage\":\"fr-FR\"},{\"@type\":\"WebPage\",\"@id\":\"https:\\\/\\\/www.webdo.tn\\\/fr\\\/actualite\\\/terrorisme\\\/chaambi-militaires-terroriste-tues-dapres-ministere-defense-2\\\/180206\\\/\",\"url\":\"https:\\\/\\\/www.webdo.tn\\\/fr\\\/actualite\\\/terrorisme\\\/chaambi-militaires-terroriste-tues-dapres-ministere-defense-2\\\/180206\\\/\",\"name\":\"Chaambi - Deux militaires et un terroriste tu\u00e9s, d'apr\u00e8s le minist\u00e8re de la D\u00e9fense\",\"isPartOf\":{\"@id\":\"https:\\\/\\\/www.webdo.tn\\\/fr\\\/#website\"},\"primaryImageOfPage\":{\"@id\":\"https:\\\/\\\/www.webdo.tn\\\/fr\\\/actualite\\\/terrorisme\\\/chaambi-militaires-terroriste-tues-dapres-ministere-defense-2\\\/180206\\\/#primaryimage\"},\"image\":{\"@id\":\"https:\\\/\\\/www.webdo.tn\\\/fr\\\/actualite\\\/terrorisme\\\/chaambi-militaires-terroriste-tues-dapres-ministere-defense-2\\\/180206\\\/#primaryimage\"},\"thumbnailUrl\":\"https:\\\/\\\/www.webdo.tn\\\/fr\\\/wp-content\\\/uploads\\\/2014\\\/07\\\/Conference-de-presse-Armee.jpg\",\"datePublished\":\"2014-07-17T02:05:00+00:00\",\"dateModified\":\"2025-06-04T18:20:56+00:00\",\"description\":\"Chaambi - Deux militaires et un terroriste tu\u00e9s, d'apr\u00e8s le minist\u00e8re de la D\u00e9fense\",\"breadcrumb\":{\"@id\":\"https:\\\/\\\/www.webdo.tn\\\/fr\\\/actualite\\\/terrorisme\\\/chaambi-militaires-terroriste-tues-dapres-ministere-defense-2\\\/180206\\\/#breadcrumb\"},\"inLanguage\":\"fr-FR\",\"potentialAction\":[{\"@type\":\"ReadAction\",\"target\":[\"https:\\\/\\\/www.webdo.tn\\\/fr\\\/actualite\\\/terrorisme\\\/chaambi-militaires-terroriste-tues-dapres-ministere-defense-2\\\/180206\\\/\"]}]},{\"@type\":\"ImageObject\",\"inLanguage\":\"fr-FR\",\"@id\":\"https:\\\/\\\/www.webdo.tn\\\/fr\\\/actualite\\\/terrorisme\\\/chaambi-militaires-terroriste-tues-dapres-ministere-defense-2\\\/180206\\\/#primaryimage\",\"url\":\"https:\\\/\\\/www.webdo.tn\\\/fr\\\/wp-content\\\/uploads\\\/2014\\\/07\\\/Conference-de-presse-Armee.jpg\",\"contentUrl\":\"https:\\\/\\\/www.webdo.tn\\\/fr\\\/wp-content\\\/uploads\\\/2014\\\/07\\\/Conference-de-presse-Armee.jpg\",\"width\":432,\"height\":260,\"caption\":\"Chaambi - Deux militaires et un terroriste tu\u00e9s, d'apr\u00e8s le minist\u00e8re de la D\u00e9fense\"},{\"@type\":\"BreadcrumbList\",\"@id\":\"https:\\\/\\\/www.webdo.tn\\\/fr\\\/actualite\\\/terrorisme\\\/chaambi-militaires-terroriste-tues-dapres-ministere-defense-2\\\/180206\\\/#breadcrumb\",\"itemListElement\":[{\"@type\":\"ListItem\",\"position\":1,\"name\":\"Accueil\",\"item\":\"https:\\\/\\\/www.webdo.tn\\\/fr\\\/\"},{\"@type\":\"ListItem\",\"position\":2,\"name\":\"Chaambi &#8211; Deux militaires et un terroriste tu\u00e9s, d&rsquo;apr\u00e8s le minist\u00e8re de la D\u00e9fense\"}]},{\"@type\":\"WebSite\",\"@id\":\"https:\\\/\\\/www.webdo.tn\\\/fr\\\/#website\",\"url\":\"https:\\\/\\\/www.webdo.tn\\\/fr\\\/\",\"name\":\"webdo\",\"description\":\"Tunisie - News en Tunisie et \u00e0 l&#039;international sur Webdo.tn\",\"publisher\":{\"@id\":\"https:\\\/\\\/www.webdo.tn\\\/fr\\\/#organization\"},\"potentialAction\":[{\"@type\":\"SearchAction\",\"target\":{\"@type\":\"EntryPoint\",\"urlTemplate\":\"https:\\\/\\\/www.webdo.tn\\\/fr\\\/?s={search_term_string}\"},\"query-input\":{\"@type\":\"PropertyValueSpecification\",\"valueRequired\":true,\"valueName\":\"search_term_string\"}}],\"inLanguage\":\"fr-FR\"},{\"@type\":\"Organization\",\"@id\":\"https:\\\/\\\/www.webdo.tn\\\/fr\\\/#organization\",\"name\":\"Webdo\",\"alternateName\":\"Webdo.tn\",\"url\":\"https:\\\/\\\/www.webdo.tn\\\/fr\\\/\",\"logo\":{\"@type\":\"ImageObject\",\"inLanguage\":\"fr-FR\",\"@id\":\"https:\\\/\\\/www.webdo.tn\\\/fr\\\/#\\\/schema\\\/logo\\\/image\\\/\",\"url\":\"https:\\\/\\\/www.webdo.tn\\\/fr\\\/wp-content\\\/uploads\\\/2025\\\/06\\\/Webdo-Tunisie_168377.jpg\",\"contentUrl\":\"https:\\\/\\\/www.webdo.tn\\\/fr\\\/wp-content\\\/uploads\\\/2025\\\/06\\\/Webdo-Tunisie_168377.jpg\",\"width\":301,\"height\":301,\"caption\":\"Webdo\"},\"image\":{\"@id\":\"https:\\\/\\\/www.webdo.tn\\\/fr\\\/#\\\/schema\\\/logo\\\/image\\\/\"},\"sameAs\":[\"https:\\\/\\\/www.facebook.com\\\/webdotn\",\"https:\\\/\\\/x.com\\\/webdo_tn\"],\"description\":\"Webdo est un m\u00e9dia num\u00e9rique tunisien fond\u00e9 en 2010, sp\u00e9cialis\u00e9 dans l\u2019actualit\u00e9 nationale et internationale, l\u2019\u00e9conomie, la soci\u00e9t\u00e9 et les analyses politiques. Le site s\u2019adresse \u00e0 un large public francophone et couvre l\u2019information tunisienne en temps r\u00e9el.\",\"email\":\"redac@webdo.tn\",\"legalName\":\"YNJ SARL\",\"foundingDate\":\"2010-09-06\",\"numberOfEmployees\":{\"@type\":\"QuantitativeValue\",\"minValue\":\"11\",\"maxValue\":\"50\"}},{\"@type\":\"Person\",\"@id\":\"https:\\\/\\\/www.webdo.tn\\\/fr\\\/#\\\/schema\\\/person\\\/9a9c6118d687c117df8ef3cc36a4d175\",\"name\":\"webdo.tn\",\"image\":{\"@type\":\"ImageObject\",\"inLanguage\":\"fr-FR\",\"@id\":\"https:\\\/\\\/secure.gravatar.com\\\/avatar\\\/7ce1f28c0c3bbac99ff550b85ef8e44a6950c6ee24514fb6a5489e51d06f0298?s=96&d=mm&r=g\",\"url\":\"https:\\\/\\\/secure.gravatar.com\\\/avatar\\\/7ce1f28c0c3bbac99ff550b85ef8e44a6950c6ee24514fb6a5489e51d06f0298?s=96&d=mm&r=g\",\"contentUrl\":\"https:\\\/\\\/secure.gravatar.com\\\/avatar\\\/7ce1f28c0c3bbac99ff550b85ef8e44a6950c6ee24514fb6a5489e51d06f0298?s=96&d=mm&r=g\",\"caption\":\"webdo.tn\"},\"url\":\"https:\\\/\\\/www.webdo.tn\\\/fr\\\/actualite\\\/author\\\/webdotn\\\/\"}]}<\/script>\n<!-- \/ Yoast SEO Premium plugin. -->","yoast_head_json":{"title":"Chaambi - Deux militaires et un terroriste tu\u00e9s, d'apr\u00e8s le minist\u00e8re de la D\u00e9fense","description":"Chaambi - Deux militaires et un terroriste tu\u00e9s, d'apr\u00e8s le minist\u00e8re de la D\u00e9fense","canonical":"https:\/\/www.webdo.tn\/fr\/actualite\/terrorisme\/chaambi-militaires-terroriste-tues-dapres-ministere-defense-2\/180206\/","og_locale":"fr_FR","og_type":"article","og_title":"Chaambi - Deux militaires et un terroriste tu\u00e9s, d'apr\u00e8s le minist\u00e8re de la D\u00e9fense","og_description":"Chaambi - Deux militaires et un terroriste tu\u00e9s, d'apr\u00e8s le minist\u00e8re de la D\u00e9fense","og_url":"https:\/\/www.webdo.tn\/fr\/actualite\/terrorisme\/chaambi-militaires-terroriste-tues-dapres-ministere-defense-2\/180206\/","og_site_name":"webdo","article_publisher":"https:\/\/www.facebook.com\/webdotn","article_published_time":"2014-07-17T02:05:00+00:00","article_modified_time":"2025-06-04T18:20:56+00:00","og_image":[{"width":432,"height":260,"url":"https:\/\/www.webdo.tn\/fr\/wp-content\/uploads\/2014\/07\/Conference-de-presse-Armee.jpg","type":"image\/jpeg"}],"author":"webdo.tn","twitter_card":"summary_large_image","twitter_creator":"@webdo_tn","twitter_site":"@webdo_tn","twitter_misc":{"\u00c9crit par":"webdo.tn","Dur\u00e9e de lecture estim\u00e9e":"1 minute"},"schema":{"@context":"https:\/\/schema.org","@graph":[{"@type":"NewsArticle","@id":"https:\/\/www.webdo.tn\/fr\/actualite\/terrorisme\/chaambi-militaires-terroriste-tues-dapres-ministere-defense-2\/180206\/#article","isPartOf":{"@id":"https:\/\/www.webdo.tn\/fr\/actualite\/terrorisme\/chaambi-militaires-terroriste-tues-dapres-ministere-defense-2\/180206\/"},"author":{"name":"webdo.tn","@id":"https:\/\/www.webdo.tn\/fr\/#\/schema\/person\/9a9c6118d687c117df8ef3cc36a4d175"},"headline":"Chaambi &#8211; Deux militaires et un terroriste tu\u00e9s, d&rsquo;apr\u00e8s le minist\u00e8re de la D\u00e9fense","datePublished":"2014-07-17T02:05:00+00:00","dateModified":"2025-06-04T18:20:56+00:00","mainEntityOfPage":{"@id":"https:\/\/www.webdo.tn\/fr\/actualite\/terrorisme\/chaambi-militaires-terroriste-tues-dapres-ministere-defense-2\/180206\/"},"wordCount":288,"commentCount":0,"publisher":{"@id":"https:\/\/www.webdo.tn\/fr\/#organization"},"image":{"@id":"https:\/\/www.webdo.tn\/fr\/actualite\/terrorisme\/chaambi-militaires-terroriste-tues-dapres-ministere-defense-2\/180206\/#primaryimage"},"thumbnailUrl":"https:\/\/www.webdo.tn\/fr\/wp-content\/uploads\/2014\/07\/Conference-de-presse-Armee.jpg","articleSection":["Terrorisme"],"inLanguage":"fr-FR"},{"@type":"WebPage","@id":"https:\/\/www.webdo.tn\/fr\/actualite\/terrorisme\/chaambi-militaires-terroriste-tues-dapres-ministere-defense-2\/180206\/","url":"https:\/\/www.webdo.tn\/fr\/actualite\/terrorisme\/chaambi-militaires-terroriste-tues-dapres-ministere-defense-2\/180206\/","name":"Chaambi - Deux militaires et un terroriste tu\u00e9s, d'apr\u00e8s le minist\u00e8re de la D\u00e9fense","isPartOf":{"@id":"https:\/\/www.webdo.tn\/fr\/#website"},"primaryImageOfPage":{"@id":"https:\/\/www.webdo.tn\/fr\/actualite\/terrorisme\/chaambi-militaires-terroriste-tues-dapres-ministere-defense-2\/180206\/#primaryimage"},"image":{"@id":"https:\/\/www.webdo.tn\/fr\/actualite\/terrorisme\/chaambi-militaires-terroriste-tues-dapres-ministere-defense-2\/180206\/#primaryimage"},"thumbnailUrl":"https:\/\/www.webdo.tn\/fr\/wp-content\/uploads\/2014\/07\/Conference-de-presse-Armee.jpg","datePublished":"2014-07-17T02:05:00+00:00","dateModified":"2025-06-04T18:20:56+00:00","description":"Chaambi - Deux militaires et un terroriste tu\u00e9s, d'apr\u00e8s le minist\u00e8re de la D\u00e9fense","breadcrumb":{"@id":"https:\/\/www.webdo.tn\/fr\/actualite\/terrorisme\/chaambi-militaires-terroriste-tues-dapres-ministere-defense-2\/180206\/#breadcrumb"},"inLanguage":"fr-FR","potentialAction":[{"@type":"ReadAction","target":["https:\/\/www.webdo.tn\/fr\/actualite\/terrorisme\/chaambi-militaires-terroriste-tues-dapres-ministere-defense-2\/180206\/"]}]},{"@type":"ImageObject","inLanguage":"fr-FR","@id":"https:\/\/www.webdo.tn\/fr\/actualite\/terrorisme\/chaambi-militaires-terroriste-tues-dapres-ministere-defense-2\/180206\/#primaryimage","url":"https:\/\/www.webdo.tn\/fr\/wp-content\/uploads\/2014\/07\/Conference-de-presse-Armee.jpg","contentUrl":"https:\/\/www.webdo.tn\/fr\/wp-content\/uploads\/2014\/07\/Conference-de-presse-Armee.jpg","width":432,"height":260,"caption":"Chaambi - Deux militaires et un terroriste tu\u00e9s, d'apr\u00e8s le minist\u00e8re de la D\u00e9fense"},{"@type":"BreadcrumbList","@id":"https:\/\/www.webdo.tn\/fr\/actualite\/terrorisme\/chaambi-militaires-terroriste-tues-dapres-ministere-defense-2\/180206\/#breadcrumb","itemListElement":[{"@type":"ListItem","position":1,"name":"Accueil","item":"https:\/\/www.webdo.tn\/fr\/"},{"@type":"ListItem","position":2,"name":"Chaambi &#8211; Deux militaires et un terroriste tu\u00e9s, d&rsquo;apr\u00e8s le minist\u00e8re de la D\u00e9fense"}]},{"@type":"WebSite","@id":"https:\/\/www.webdo.tn\/fr\/#website","url":"https:\/\/www.webdo.tn\/fr\/","name":"webdo","description":"Tunisie - News en Tunisie et \u00e0 l&#039;international sur Webdo.tn","publisher":{"@id":"https:\/\/www.webdo.tn\/fr\/#organization"},"potentialAction":[{"@type":"SearchAction","target":{"@type":"EntryPoint","urlTemplate":"https:\/\/www.webdo.tn\/fr\/?s={search_term_string}"},"query-input":{"@type":"PropertyValueSpecification","valueRequired":true,"valueName":"search_term_string"}}],"inLanguage":"fr-FR"},{"@type":"Organization","@id":"https:\/\/www.webdo.tn\/fr\/#organization","name":"Webdo","alternateName":"Webdo.tn","url":"https:\/\/www.webdo.tn\/fr\/","logo":{"@type":"ImageObject","inLanguage":"fr-FR","@id":"https:\/\/www.webdo.tn\/fr\/#\/schema\/logo\/image\/","url":"https:\/\/www.webdo.tn\/fr\/wp-content\/uploads\/2025\/06\/Webdo-Tunisie_168377.jpg","contentUrl":"https:\/\/www.webdo.tn\/fr\/wp-content\/uploads\/2025\/06\/Webdo-Tunisie_168377.jpg","width":301,"height":301,"caption":"Webdo"},"image":{"@id":"https:\/\/www.webdo.tn\/fr\/#\/schema\/logo\/image\/"},"sameAs":["https:\/\/www.facebook.com\/webdotn","https:\/\/x.com\/webdo_tn"],"description":"Webdo est un m\u00e9dia num\u00e9rique tunisien fond\u00e9 en 2010, sp\u00e9cialis\u00e9 dans l\u2019actualit\u00e9 nationale et internationale, l\u2019\u00e9conomie, la soci\u00e9t\u00e9 et les analyses politiques. Le site s\u2019adresse \u00e0 un large public francophone et couvre l\u2019information tunisienne en temps r\u00e9el.","email":"redac@webdo.tn","legalName":"YNJ SARL","foundingDate":"2010-09-06","numberOfEmployees":{"@type":"QuantitativeValue","minValue":"11","maxValue":"50"}},{"@type":"Person","@id":"https:\/\/www.webdo.tn\/fr\/#\/schema\/person\/9a9c6118d687c117df8ef3cc36a4d175","name":"webdo.tn","image":{"@type":"ImageObject","inLanguage":"fr-FR","@id":"https:\/\/secure.gravatar.com\/avatar\/7ce1f28c0c3bbac99ff550b85ef8e44a6950c6ee24514fb6a5489e51d06f0298?s=96&d=mm&r=g","url":"https:\/\/secure.gravatar.com\/avatar\/7ce1f28c0c3bbac99ff550b85ef8e44a6950c6ee24514fb6a5489e51d06f0298?s=96&d=mm&r=g","contentUrl":"https:\/\/secure.gravatar.com\/avatar\/7ce1f28c0c3bbac99ff550b85ef8e44a6950c6ee24514fb6a5489e51d06f0298?s=96&d=mm&r=g","caption":"webdo.tn"},"url":"https:\/\/www.webdo.tn\/fr\/actualite\/author\/webdotn\/"}]}},"_links":{"self":[{"href":"https:\/\/www.webdo.tn\/fr\/wp-json\/wp\/v2\/posts\/180206","targetHints":{"allow":["GET"]}}],"collection":[{"href":"https:\/\/www.webdo.tn\/fr\/wp-json\/wp\/v2\/posts"}],"about":[{"href":"https:\/\/www.webdo.tn\/fr\/wp-json\/wp\/v2\/types\/post"}],"author":[{"embeddable":true,"href":"https:\/\/www.webdo.tn\/fr\/wp-json\/wp\/v2\/users\/3222"}],"replies":[{"embeddable":true,"href":"https:\/\/www.webdo.tn\/fr\/wp-json\/wp\/v2\/comments?post=180206"}],"version-history":[{"count":0,"href":"https:\/\/www.webdo.tn\/fr\/wp-json\/wp\/v2\/posts\/180206\/revisions"}],"wp:featuredmedia":[{"embeddable":true,"href":"https:\/\/www.webdo.tn\/fr\/wp-json\/wp\/v2\/media\/334710"}],"wp:attachment":[{"href":"https:\/\/www.webdo.tn\/fr\/wp-json\/wp\/v2\/media?parent=180206"}],"wp:term":[{"taxonomy":"category","embeddable":true,"href":"https:\/\/www.webdo.tn\/fr\/wp-json\/wp\/v2\/categories?post=180206"},{"taxonomy":"post_tag","embeddable":true,"href":"https:\/\/www.webdo.tn\/fr\/wp-json\/wp\/v2\/tags?post=180206"}],"curies":[{"name":"wp","href":"https:\/\/api.w.org\/{rel}","templated":true}]}}