{"id":180205,"date":"2014-07-17T10:44:00","date_gmt":"2014-07-17T10:44:00","guid":{"rendered":"https:\/\/www.webdo.tn\/fr\/blog\/tunisie-drapeaux-en-berne-deuil-national-trois-jours-partir-du-17-juillet\/180205\/"},"modified":"2025-06-04T18:20:59","modified_gmt":"2025-06-04T18:20:59","slug":"tunisie-drapeaux-en-berne-deuil-national-trois-jours-partir-du-17-juillet-2","status":"publish","type":"post","link":"https:\/\/www.webdo.tn\/fr\/actualite\/terrorisme\/tunisie-drapeaux-en-berne-deuil-national-trois-jours-partir-du-17-juillet-2\/180205\/","title":{"rendered":"Tunisie : Drapeaux en berne et deuil national de 3 jours \u00e0 partir du 17 juillet"},"content":{"rendered":"<p>\u00abSuite \u00e0 l&rsquo;attaque terroriste tra\u00eetresse qui a pris pour cible l&rsquo;arm\u00e9e\u00bb la Pr\u00e9sidence de la \u00a0R\u00e9publique\u00a0annonce\u00a0un deuil national de trois jours \u00e0 partir d&rsquo;aujourd&rsquo;hui, \u00a0jeudi 17 juillet.<\/p>\n<p>Des\u00a0affrontements entre les militaires et des terroristes\u00a0ont eu lieu hier, \u00e0 19h40, moment de la rupture du je\u00fbne, \u00e0 Kasserine \u00e0 l&rsquo;int\u00e9rieur de la zone militaire Henchir Ettala dans le massif montagneux de Chambi.<\/p>\n<p>D&rsquo;apr\u00e8s le dernier bilan provisoire du minist\u00e8re de la D\u00e9fense : 14 militaires et un terroriste tu\u00e9s ainsi que 20 bless\u00e9s. \u00a0Toutes les institutions publiques tunisiennes auront le drapeau en berne.<\/p>\n<p>\/\/ <\/p>\n<p>Post by \u200e\u0627\u0644\u0635\u0641\u062d\u0629 \u0627\u0644\u0631\u0633\u0645\u064a\u0629 \u0644\u0631\u0626\u0627\u0633\u0629 \u0627\u0644\u062c\u0645\u0647\u0648\u0631\u064a\u0629 \u0627\u0644\u062a\u0648\u0646\u0633\u064a\u0629\u200e.<\/p>\n","protected":false},"excerpt":{"rendered":"<p>Tunisie : Drapeaux en berne et deuil national de 3 jours \u00e0 partir du 17 juillet<\/p>\n","protected":false},"author":3222,"featured_media":374940,"comment_status":"open","ping_status":"closed","sticky":false,"template":"","format":"standard","meta":{"footnotes":""},"categories":[11342],"tags":[],"class_list":["post-180205","post","type-post","status-publish","format-standard","has-post-thumbnail","hentry","category-terrorisme"],"yoast_head":"<!-- This site is optimized with the Yoast SEO Premium plugin v27.5 (Yoast SEO v27.5) - https:\/\/yoast.com\/product\/yoast-seo-premium-wordpress\/ -->\n<title>Tunisie : Drapeaux en berne et deuil national de 3 jours \u00e0 partir du 17 juillet<\/title>\n<meta name=\"description\" content=\"Tunisie : Drapeaux en berne et deuil national de 3 jours \u00e0 partir du 17 juillet\" \/>\n<link rel=\"canonical\" href=\"https:\/\/www.webdo.tn\/fr\/actualite\/terrorisme\/tunisie-drapeaux-en-berne-deuil-national-trois-jours-partir-du-17-juillet-2\/180205\/\" \/>\n<meta property=\"og:locale\" content=\"fr_FR\" \/>\n<meta property=\"og:type\" content=\"article\" \/>\n<meta property=\"og:title\" content=\"Tunisie : Drapeaux en berne et deuil national de 3 jours \u00e0 partir du 17 juillet\" \/>\n<meta property=\"og:description\" content=\"Tunisie : Drapeaux en berne et deuil national de 3 jours \u00e0 partir du 17 juillet\" \/>\n<meta property=\"og:url\" content=\"https:\/\/www.webdo.tn\/fr\/actualite\/terrorisme\/tunisie-drapeaux-en-berne-deuil-national-trois-jours-partir-du-17-juillet-2\/180205\/\" \/>\n<meta property=\"og:site_name\" content=\"webdo\" \/>\n<meta property=\"article:publisher\" content=\"https:\/\/www.facebook.com\/webdotn\" \/>\n<meta property=\"article:published_time\" content=\"2014-07-17T10:44:00+00:00\" \/>\n<meta property=\"article:modified_time\" content=\"2025-06-04T18:20:59+00:00\" \/>\n<meta name=\"author\" content=\"webdo.tn\" \/>\n<meta name=\"twitter:card\" content=\"summary_large_image\" \/>\n<meta name=\"twitter:creator\" content=\"@webdo_tn\" \/>\n<meta name=\"twitter:site\" content=\"@webdo_tn\" \/>\n<meta name=\"twitter:label1\" content=\"\u00c9crit par\" \/>\n\t<meta name=\"twitter:data1\" content=\"webdo.tn\" \/>\n\t<meta name=\"twitter:label2\" content=\"Dur\u00e9e de lecture estim\u00e9e\" \/>\n\t<meta name=\"twitter:data2\" content=\"1 minute\" \/>\n<script type=\"application\/ld+json\" class=\"yoast-schema-graph\">{\"@context\":\"https:\\\/\\\/schema.org\",\"@graph\":[{\"@type\":\"NewsArticle\",\"@id\":\"https:\\\/\\\/www.webdo.tn\\\/fr\\\/actualite\\\/terrorisme\\\/tunisie-drapeaux-en-berne-deuil-national-trois-jours-partir-du-17-juillet-2\\\/180205\\\/#article\",\"isPartOf\":{\"@id\":\"https:\\\/\\\/www.webdo.tn\\\/fr\\\/actualite\\\/terrorisme\\\/tunisie-drapeaux-en-berne-deuil-national-trois-jours-partir-du-17-juillet-2\\\/180205\\\/\"},\"author\":{\"name\":\"webdo.tn\",\"@id\":\"https:\\\/\\\/www.webdo.tn\\\/fr\\\/#\\\/schema\\\/person\\\/9a9c6118d687c117df8ef3cc36a4d175\"},\"headline\":\"Tunisie : Drapeaux en berne et deuil national de 3 jours \u00e0 partir du 17 juillet\",\"datePublished\":\"2014-07-17T10:44:00+00:00\",\"dateModified\":\"2025-06-04T18:20:59+00:00\",\"mainEntityOfPage\":{\"@id\":\"https:\\\/\\\/www.webdo.tn\\\/fr\\\/actualite\\\/terrorisme\\\/tunisie-drapeaux-en-berne-deuil-national-trois-jours-partir-du-17-juillet-2\\\/180205\\\/\"},\"wordCount\":118,\"commentCount\":0,\"publisher\":{\"@id\":\"https:\\\/\\\/www.webdo.tn\\\/fr\\\/#organization\"},\"image\":{\"@id\":\"https:\\\/\\\/www.webdo.tn\\\/fr\\\/actualite\\\/terrorisme\\\/tunisie-drapeaux-en-berne-deuil-national-trois-jours-partir-du-17-juillet-2\\\/180205\\\/#primaryimage\"},\"thumbnailUrl\":\"https:\\\/\\\/www.webdo.tn\\\/fr\\\/wp-content\\\/uploads\\\/2025\\\/06\\\/Martyrs-Jebel-Chaambi_180205.jpg\",\"articleSection\":[\"Terrorisme\"],\"inLanguage\":\"fr-FR\"},{\"@type\":\"WebPage\",\"@id\":\"https:\\\/\\\/www.webdo.tn\\\/fr\\\/actualite\\\/terrorisme\\\/tunisie-drapeaux-en-berne-deuil-national-trois-jours-partir-du-17-juillet-2\\\/180205\\\/\",\"url\":\"https:\\\/\\\/www.webdo.tn\\\/fr\\\/actualite\\\/terrorisme\\\/tunisie-drapeaux-en-berne-deuil-national-trois-jours-partir-du-17-juillet-2\\\/180205\\\/\",\"name\":\"Tunisie : Drapeaux en berne et deuil national de 3 jours \u00e0 partir du 17 juillet\",\"isPartOf\":{\"@id\":\"https:\\\/\\\/www.webdo.tn\\\/fr\\\/#website\"},\"primaryImageOfPage\":{\"@id\":\"https:\\\/\\\/www.webdo.tn\\\/fr\\\/actualite\\\/terrorisme\\\/tunisie-drapeaux-en-berne-deuil-national-trois-jours-partir-du-17-juillet-2\\\/180205\\\/#primaryimage\"},\"image\":{\"@id\":\"https:\\\/\\\/www.webdo.tn\\\/fr\\\/actualite\\\/terrorisme\\\/tunisie-drapeaux-en-berne-deuil-national-trois-jours-partir-du-17-juillet-2\\\/180205\\\/#primaryimage\"},\"thumbnailUrl\":\"https:\\\/\\\/www.webdo.tn\\\/fr\\\/wp-content\\\/uploads\\\/2025\\\/06\\\/Martyrs-Jebel-Chaambi_180205.jpg\",\"datePublished\":\"2014-07-17T10:44:00+00:00\",\"dateModified\":\"2025-06-04T18:20:59+00:00\",\"description\":\"Tunisie : Drapeaux en berne et deuil national de 3 jours \u00e0 partir du 17 juillet\",\"breadcrumb\":{\"@id\":\"https:\\\/\\\/www.webdo.tn\\\/fr\\\/actualite\\\/terrorisme\\\/tunisie-drapeaux-en-berne-deuil-national-trois-jours-partir-du-17-juillet-2\\\/180205\\\/#breadcrumb\"},\"inLanguage\":\"fr-FR\",\"potentialAction\":[{\"@type\":\"ReadAction\",\"target\":[\"https:\\\/\\\/www.webdo.tn\\\/fr\\\/actualite\\\/terrorisme\\\/tunisie-drapeaux-en-berne-deuil-national-trois-jours-partir-du-17-juillet-2\\\/180205\\\/\"]}]},{\"@type\":\"ImageObject\",\"inLanguage\":\"fr-FR\",\"@id\":\"https:\\\/\\\/www.webdo.tn\\\/fr\\\/actualite\\\/terrorisme\\\/tunisie-drapeaux-en-berne-deuil-national-trois-jours-partir-du-17-juillet-2\\\/180205\\\/#primaryimage\",\"url\":\"https:\\\/\\\/www.webdo.tn\\\/fr\\\/wp-content\\\/uploads\\\/2025\\\/06\\\/Martyrs-Jebel-Chaambi_180205.jpg\",\"contentUrl\":\"https:\\\/\\\/www.webdo.tn\\\/fr\\\/wp-content\\\/uploads\\\/2025\\\/06\\\/Martyrs-Jebel-Chaambi_180205.jpg\",\"width\":600,\"height\":352,\"caption\":\"Tunisie : Drapeaux en berne et deuil national de 3 jours \u00e0 partir du 17 juillet\"},{\"@type\":\"BreadcrumbList\",\"@id\":\"https:\\\/\\\/www.webdo.tn\\\/fr\\\/actualite\\\/terrorisme\\\/tunisie-drapeaux-en-berne-deuil-national-trois-jours-partir-du-17-juillet-2\\\/180205\\\/#breadcrumb\",\"itemListElement\":[{\"@type\":\"ListItem\",\"position\":1,\"name\":\"Accueil\",\"item\":\"https:\\\/\\\/www.webdo.tn\\\/fr\\\/\"},{\"@type\":\"ListItem\",\"position\":2,\"name\":\"Tunisie : Drapeaux en berne et deuil national de 3 jours \u00e0 partir du 17 juillet\"}]},{\"@type\":\"WebSite\",\"@id\":\"https:\\\/\\\/www.webdo.tn\\\/fr\\\/#website\",\"url\":\"https:\\\/\\\/www.webdo.tn\\\/fr\\\/\",\"name\":\"webdo\",\"description\":\"Tunisie - News en Tunisie et \u00e0 l&#039;international sur Webdo.tn\",\"publisher\":{\"@id\":\"https:\\\/\\\/www.webdo.tn\\\/fr\\\/#organization\"},\"potentialAction\":[{\"@type\":\"SearchAction\",\"target\":{\"@type\":\"EntryPoint\",\"urlTemplate\":\"https:\\\/\\\/www.webdo.tn\\\/fr\\\/?s={search_term_string}\"},\"query-input\":{\"@type\":\"PropertyValueSpecification\",\"valueRequired\":true,\"valueName\":\"search_term_string\"}}],\"inLanguage\":\"fr-FR\"},{\"@type\":\"Organization\",\"@id\":\"https:\\\/\\\/www.webdo.tn\\\/fr\\\/#organization\",\"name\":\"Webdo\",\"alternateName\":\"Webdo.tn\",\"url\":\"https:\\\/\\\/www.webdo.tn\\\/fr\\\/\",\"logo\":{\"@type\":\"ImageObject\",\"inLanguage\":\"fr-FR\",\"@id\":\"https:\\\/\\\/www.webdo.tn\\\/fr\\\/#\\\/schema\\\/logo\\\/image\\\/\",\"url\":\"https:\\\/\\\/www.webdo.tn\\\/fr\\\/wp-content\\\/uploads\\\/2025\\\/06\\\/Webdo-Tunisie_168377.jpg\",\"contentUrl\":\"https:\\\/\\\/www.webdo.tn\\\/fr\\\/wp-content\\\/uploads\\\/2025\\\/06\\\/Webdo-Tunisie_168377.jpg\",\"width\":301,\"height\":301,\"caption\":\"Webdo\"},\"image\":{\"@id\":\"https:\\\/\\\/www.webdo.tn\\\/fr\\\/#\\\/schema\\\/logo\\\/image\\\/\"},\"sameAs\":[\"https:\\\/\\\/www.facebook.com\\\/webdotn\",\"https:\\\/\\\/x.com\\\/webdo_tn\"],\"description\":\"Webdo est un m\u00e9dia num\u00e9rique tunisien fond\u00e9 en 2010, sp\u00e9cialis\u00e9 dans l\u2019actualit\u00e9 nationale et internationale, l\u2019\u00e9conomie, la soci\u00e9t\u00e9 et les analyses politiques. Le site s\u2019adresse \u00e0 un large public francophone et couvre l\u2019information tunisienne en temps r\u00e9el.\",\"email\":\"redac@webdo.tn\",\"legalName\":\"YNJ SARL\",\"foundingDate\":\"2010-09-06\",\"numberOfEmployees\":{\"@type\":\"QuantitativeValue\",\"minValue\":\"11\",\"maxValue\":\"50\"}},{\"@type\":\"Person\",\"@id\":\"https:\\\/\\\/www.webdo.tn\\\/fr\\\/#\\\/schema\\\/person\\\/9a9c6118d687c117df8ef3cc36a4d175\",\"name\":\"webdo.tn\",\"image\":{\"@type\":\"ImageObject\",\"inLanguage\":\"fr-FR\",\"@id\":\"https:\\\/\\\/secure.gravatar.com\\\/avatar\\\/7ce1f28c0c3bbac99ff550b85ef8e44a6950c6ee24514fb6a5489e51d06f0298?s=96&d=mm&r=g\",\"url\":\"https:\\\/\\\/secure.gravatar.com\\\/avatar\\\/7ce1f28c0c3bbac99ff550b85ef8e44a6950c6ee24514fb6a5489e51d06f0298?s=96&d=mm&r=g\",\"contentUrl\":\"https:\\\/\\\/secure.gravatar.com\\\/avatar\\\/7ce1f28c0c3bbac99ff550b85ef8e44a6950c6ee24514fb6a5489e51d06f0298?s=96&d=mm&r=g\",\"caption\":\"webdo.tn\"},\"url\":\"https:\\\/\\\/www.webdo.tn\\\/fr\\\/actualite\\\/author\\\/webdotn\\\/\"}]}<\/script>\n<!-- \/ Yoast SEO Premium plugin. -->","yoast_head_json":{"title":"Tunisie : Drapeaux en berne et deuil national de 3 jours \u00e0 partir du 17 juillet","description":"Tunisie : Drapeaux en berne et deuil national de 3 jours \u00e0 partir du 17 juillet","canonical":"https:\/\/www.webdo.tn\/fr\/actualite\/terrorisme\/tunisie-drapeaux-en-berne-deuil-national-trois-jours-partir-du-17-juillet-2\/180205\/","og_locale":"fr_FR","og_type":"article","og_title":"Tunisie : Drapeaux en berne et deuil national de 3 jours \u00e0 partir du 17 juillet","og_description":"Tunisie : Drapeaux en berne et deuil national de 3 jours \u00e0 partir du 17 juillet","og_url":"https:\/\/www.webdo.tn\/fr\/actualite\/terrorisme\/tunisie-drapeaux-en-berne-deuil-national-trois-jours-partir-du-17-juillet-2\/180205\/","og_site_name":"webdo","article_publisher":"https:\/\/www.facebook.com\/webdotn","article_published_time":"2014-07-17T10:44:00+00:00","article_modified_time":"2025-06-04T18:20:59+00:00","author":"webdo.tn","twitter_card":"summary_large_image","twitter_creator":"@webdo_tn","twitter_site":"@webdo_tn","twitter_misc":{"\u00c9crit par":"webdo.tn","Dur\u00e9e de lecture estim\u00e9e":"1 minute"},"schema":{"@context":"https:\/\/schema.org","@graph":[{"@type":"NewsArticle","@id":"https:\/\/www.webdo.tn\/fr\/actualite\/terrorisme\/tunisie-drapeaux-en-berne-deuil-national-trois-jours-partir-du-17-juillet-2\/180205\/#article","isPartOf":{"@id":"https:\/\/www.webdo.tn\/fr\/actualite\/terrorisme\/tunisie-drapeaux-en-berne-deuil-national-trois-jours-partir-du-17-juillet-2\/180205\/"},"author":{"name":"webdo.tn","@id":"https:\/\/www.webdo.tn\/fr\/#\/schema\/person\/9a9c6118d687c117df8ef3cc36a4d175"},"headline":"Tunisie : Drapeaux en berne et deuil national de 3 jours \u00e0 partir du 17 juillet","datePublished":"2014-07-17T10:44:00+00:00","dateModified":"2025-06-04T18:20:59+00:00","mainEntityOfPage":{"@id":"https:\/\/www.webdo.tn\/fr\/actualite\/terrorisme\/tunisie-drapeaux-en-berne-deuil-national-trois-jours-partir-du-17-juillet-2\/180205\/"},"wordCount":118,"commentCount":0,"publisher":{"@id":"https:\/\/www.webdo.tn\/fr\/#organization"},"image":{"@id":"https:\/\/www.webdo.tn\/fr\/actualite\/terrorisme\/tunisie-drapeaux-en-berne-deuil-national-trois-jours-partir-du-17-juillet-2\/180205\/#primaryimage"},"thumbnailUrl":"https:\/\/www.webdo.tn\/fr\/wp-content\/uploads\/2025\/06\/Martyrs-Jebel-Chaambi_180205.jpg","articleSection":["Terrorisme"],"inLanguage":"fr-FR"},{"@type":"WebPage","@id":"https:\/\/www.webdo.tn\/fr\/actualite\/terrorisme\/tunisie-drapeaux-en-berne-deuil-national-trois-jours-partir-du-17-juillet-2\/180205\/","url":"https:\/\/www.webdo.tn\/fr\/actualite\/terrorisme\/tunisie-drapeaux-en-berne-deuil-national-trois-jours-partir-du-17-juillet-2\/180205\/","name":"Tunisie : Drapeaux en berne et deuil national de 3 jours \u00e0 partir du 17 juillet","isPartOf":{"@id":"https:\/\/www.webdo.tn\/fr\/#website"},"primaryImageOfPage":{"@id":"https:\/\/www.webdo.tn\/fr\/actualite\/terrorisme\/tunisie-drapeaux-en-berne-deuil-national-trois-jours-partir-du-17-juillet-2\/180205\/#primaryimage"},"image":{"@id":"https:\/\/www.webdo.tn\/fr\/actualite\/terrorisme\/tunisie-drapeaux-en-berne-deuil-national-trois-jours-partir-du-17-juillet-2\/180205\/#primaryimage"},"thumbnailUrl":"https:\/\/www.webdo.tn\/fr\/wp-content\/uploads\/2025\/06\/Martyrs-Jebel-Chaambi_180205.jpg","datePublished":"2014-07-17T10:44:00+00:00","dateModified":"2025-06-04T18:20:59+00:00","description":"Tunisie : Drapeaux en berne et deuil national de 3 jours \u00e0 partir du 17 juillet","breadcrumb":{"@id":"https:\/\/www.webdo.tn\/fr\/actualite\/terrorisme\/tunisie-drapeaux-en-berne-deuil-national-trois-jours-partir-du-17-juillet-2\/180205\/#breadcrumb"},"inLanguage":"fr-FR","potentialAction":[{"@type":"ReadAction","target":["https:\/\/www.webdo.tn\/fr\/actualite\/terrorisme\/tunisie-drapeaux-en-berne-deuil-national-trois-jours-partir-du-17-juillet-2\/180205\/"]}]},{"@type":"ImageObject","inLanguage":"fr-FR","@id":"https:\/\/www.webdo.tn\/fr\/actualite\/terrorisme\/tunisie-drapeaux-en-berne-deuil-national-trois-jours-partir-du-17-juillet-2\/180205\/#primaryimage","url":"https:\/\/www.webdo.tn\/fr\/wp-content\/uploads\/2025\/06\/Martyrs-Jebel-Chaambi_180205.jpg","contentUrl":"https:\/\/www.webdo.tn\/fr\/wp-content\/uploads\/2025\/06\/Martyrs-Jebel-Chaambi_180205.jpg","width":600,"height":352,"caption":"Tunisie : Drapeaux en berne et deuil national de 3 jours \u00e0 partir du 17 juillet"},{"@type":"BreadcrumbList","@id":"https:\/\/www.webdo.tn\/fr\/actualite\/terrorisme\/tunisie-drapeaux-en-berne-deuil-national-trois-jours-partir-du-17-juillet-2\/180205\/#breadcrumb","itemListElement":[{"@type":"ListItem","position":1,"name":"Accueil","item":"https:\/\/www.webdo.tn\/fr\/"},{"@type":"ListItem","position":2,"name":"Tunisie : Drapeaux en berne et deuil national de 3 jours \u00e0 partir du 17 juillet"}]},{"@type":"WebSite","@id":"https:\/\/www.webdo.tn\/fr\/#website","url":"https:\/\/www.webdo.tn\/fr\/","name":"webdo","description":"Tunisie - News en Tunisie et \u00e0 l&#039;international sur Webdo.tn","publisher":{"@id":"https:\/\/www.webdo.tn\/fr\/#organization"},"potentialAction":[{"@type":"SearchAction","target":{"@type":"EntryPoint","urlTemplate":"https:\/\/www.webdo.tn\/fr\/?s={search_term_string}"},"query-input":{"@type":"PropertyValueSpecification","valueRequired":true,"valueName":"search_term_string"}}],"inLanguage":"fr-FR"},{"@type":"Organization","@id":"https:\/\/www.webdo.tn\/fr\/#organization","name":"Webdo","alternateName":"Webdo.tn","url":"https:\/\/www.webdo.tn\/fr\/","logo":{"@type":"ImageObject","inLanguage":"fr-FR","@id":"https:\/\/www.webdo.tn\/fr\/#\/schema\/logo\/image\/","url":"https:\/\/www.webdo.tn\/fr\/wp-content\/uploads\/2025\/06\/Webdo-Tunisie_168377.jpg","contentUrl":"https:\/\/www.webdo.tn\/fr\/wp-content\/uploads\/2025\/06\/Webdo-Tunisie_168377.jpg","width":301,"height":301,"caption":"Webdo"},"image":{"@id":"https:\/\/www.webdo.tn\/fr\/#\/schema\/logo\/image\/"},"sameAs":["https:\/\/www.facebook.com\/webdotn","https:\/\/x.com\/webdo_tn"],"description":"Webdo est un m\u00e9dia num\u00e9rique tunisien fond\u00e9 en 2010, sp\u00e9cialis\u00e9 dans l\u2019actualit\u00e9 nationale et internationale, l\u2019\u00e9conomie, la soci\u00e9t\u00e9 et les analyses politiques. Le site s\u2019adresse \u00e0 un large public francophone et couvre l\u2019information tunisienne en temps r\u00e9el.","email":"redac@webdo.tn","legalName":"YNJ SARL","foundingDate":"2010-09-06","numberOfEmployees":{"@type":"QuantitativeValue","minValue":"11","maxValue":"50"}},{"@type":"Person","@id":"https:\/\/www.webdo.tn\/fr\/#\/schema\/person\/9a9c6118d687c117df8ef3cc36a4d175","name":"webdo.tn","image":{"@type":"ImageObject","inLanguage":"fr-FR","@id":"https:\/\/secure.gravatar.com\/avatar\/7ce1f28c0c3bbac99ff550b85ef8e44a6950c6ee24514fb6a5489e51d06f0298?s=96&d=mm&r=g","url":"https:\/\/secure.gravatar.com\/avatar\/7ce1f28c0c3bbac99ff550b85ef8e44a6950c6ee24514fb6a5489e51d06f0298?s=96&d=mm&r=g","contentUrl":"https:\/\/secure.gravatar.com\/avatar\/7ce1f28c0c3bbac99ff550b85ef8e44a6950c6ee24514fb6a5489e51d06f0298?s=96&d=mm&r=g","caption":"webdo.tn"},"url":"https:\/\/www.webdo.tn\/fr\/actualite\/author\/webdotn\/"}]}},"_links":{"self":[{"href":"https:\/\/www.webdo.tn\/fr\/wp-json\/wp\/v2\/posts\/180205","targetHints":{"allow":["GET"]}}],"collection":[{"href":"https:\/\/www.webdo.tn\/fr\/wp-json\/wp\/v2\/posts"}],"about":[{"href":"https:\/\/www.webdo.tn\/fr\/wp-json\/wp\/v2\/types\/post"}],"author":[{"embeddable":true,"href":"https:\/\/www.webdo.tn\/fr\/wp-json\/wp\/v2\/users\/3222"}],"replies":[{"embeddable":true,"href":"https:\/\/www.webdo.tn\/fr\/wp-json\/wp\/v2\/comments?post=180205"}],"version-history":[{"count":0,"href":"https:\/\/www.webdo.tn\/fr\/wp-json\/wp\/v2\/posts\/180205\/revisions"}],"wp:featuredmedia":[{"embeddable":true,"href":"https:\/\/www.webdo.tn\/fr\/wp-json\/wp\/v2\/media\/374940"}],"wp:attachment":[{"href":"https:\/\/www.webdo.tn\/fr\/wp-json\/wp\/v2\/media?parent=180205"}],"wp:term":[{"taxonomy":"category","embeddable":true,"href":"https:\/\/www.webdo.tn\/fr\/wp-json\/wp\/v2\/categories?post=180205"},{"taxonomy":"post_tag","embeddable":true,"href":"https:\/\/www.webdo.tn\/fr\/wp-json\/wp\/v2\/tags?post=180205"}],"curies":[{"name":"wp","href":"https:\/\/api.w.org\/{rel}","templated":true}]}}