{"id":180204,"date":"2014-07-17T13:53:00","date_gmt":"2014-07-17T11:53:00","guid":{"rendered":"https:\/\/www.webdo.tn\/fr\/actualite\/terrorisme\/mise-jour-continue-tragedie-chambi-source-ministere-defense\/180204"},"modified":"2025-06-04T18:21:08","modified_gmt":"2025-06-04T18:21:08","slug":"mise-jour-continue-tragedie-chambi-source-ministere-defense-2","status":"publish","type":"post","link":"https:\/\/www.webdo.tn\/fr\/actualite\/terrorisme\/mise-jour-continue-tragedie-chambi-source-ministere-defense-2\/180204\/","title":{"rendered":"Massacre de militaires \u00e0 Henchir Ettala \u00e0 Kasserine par des terroristes"},"content":{"rendered":"<p>La seule source \u00a0que la r\u00e9daction de Webdo retient dans cet article est le Minist\u00e8re de la D\u00e9fense \/ Gouvernement. Plus de d\u00e9tails ici\u00a0\u00a0 \u00a0 \u00a0<\/p>\n<p>\u00a0<\/p>\n<p>\u00a0<\/p>\n<p>\u00a0<\/p>\n<p>\u00a0<\/p>\n<p>\u00a0<\/p>\n<p>Vendredi 18 juillet 2014 <\/p>\n<p> Confirmation de la\u00a0mort du soldat disparu\u00a0Walid Ben Abdallah. Son\u00a0corps a \u00e9t\u00e9 retrouv\u00e9 ce vendredi 18 juillet. Le bilan du nombre de militaires tu\u00e9s durant cette op\u00e9ration terroriste, s&rsquo;\u00e9l\u00e8ve, d\u00e9sormais, \u00e0 quinze, \u00e0 Henchir Ettala.<\/p>\n<p>Jeudi 17 juillet 2014 \u00a0<\/p>\n<p> Le ministre de la Sant\u00e9 Mohamed Salah Ben Ammar a annonc\u00e9 la cr\u00e9ation d\u2019une cellule de crise au sein du d\u00e9partement suite \u00e0 l\u2019attaque terroriste qui a fait 14 morts dans les rangs des militaires.<br \/>\n Sept ambulances ont \u00e9t\u00e9 mobilis\u00e9es pour \u00e9vacuer les bless\u00e9s vers l\u2019h\u00f4pital r\u00e9gional de Kasserine qui n\u2019a enregistr\u00e9 aucun cas de d\u00e9c\u00e8s, a pr\u00e9cis\u00e9 le ministre de la Sant\u00e9 Mohamed Salah Ben Ammar, indiquant qu\u2019un des bless\u00e9s a subi l\u2019amputation de la main.<br \/>\n Le ministre de la D\u00e9fense Ghazi Jeribi, d\u00e9clare, dans une conf\u00e9rence de presse, tenue cet apr\u00e8s-midi \u00e0 la Kasbah, que 40 \u00e0 60 terroristes, dont des Alg\u00e9riens sont impliqu\u00e9s dans les actes terroristes du 16 mercredi juillet 2014.<\/p>\n<p>\u00a0\u00a0<\/p>\n<p>\u00a0 \u00a0 \u00a0 \u00a0 Cinq\u00a0op\u00e9rations \u00a0contre des terroristes depuis le d\u00e9but de ramadan.<\/p>\n<p> Lors de son intervention au cours de la conf\u00e9rence de presse en rapport avec les attentats terroristes de Jebel Chaambi, le ministre de l\u2019Int\u00e9rieur Lotfi Ben Jeddou a \u00e9num\u00e9r\u00e9\u00a0cinq\u00a0op\u00e9rations \u00a0contre des terroristes depuis le d\u00e9but de ramadan.\u00a0que le minist\u00e8re \u00ab\u00a0a pr\u00e9f\u00e9r\u00e9 ne pas r\u00e9v\u00e9ler pour ne pas d\u00e9ranger les Tunisien \u00bb:<\/p>\n<p> La premi\u00e8re a eu lieu suite \u00e0 un pi\u00e8ge des unit\u00e9s sp\u00e9ciales de la Garde nationale dans la ville de Jendouba au d\u00e9but du ramadan. Deux terroristes qui se trouvaient en haut des montagnes ont \u00e9t\u00e9 arr\u00eat\u00e9s :\u00a0Mohamed Machrgui et Radhi Bousa\u00efdi. Deux autres qui les aidaient financi\u00e8rement et sur le plan logistique ont \u00e9t\u00e9 \u00e9crou\u00e9s.\u00a0<br \/>\n La deuxi\u00e8me op\u00e9ration a permis l&rsquo;arrestation de neuf terroristes. Ils pr\u00e9paraient l&rsquo;assassinat de politiciens et des agents de s\u00e9curit\u00e9.<br \/>\n La troisi\u00e8me op\u00e9ration, men\u00e9e par les agents de la \u00a0Garde et S\u00e9curit\u00e9 nationales, \u00a0a permis l&rsquo;arrestation de 15 terroristes. Ils planifiaient l&rsquo;explosion de deux camions dont la premi\u00e8re cible \u00e9taient le district de la Garde nationale \u00e0 Sidi Bouzid et la deuxi\u00e8me est encore inconnue. L&rsquo;enqu\u00eate est en cours d&rsquo;apr\u00e8s Ben Jeddou. \u00a0Ces 15 terroristes faisaient de la contrebande et du commerce d&rsquo;armes. Khaled Cha\u00efeb, surnom\u00e9 Abou Loqman Sakhr voulait ex\u00e9cuter cette op\u00e9ration personnellement dans la nuit du 11\/12 juillet. Il projetait de mettre \u00e0 ex\u00e9cution une autre op\u00e9ration le 29 juillet prochain.<br \/>\n La quatri\u00e8me a permis la d\u00e9couverte d&rsquo;une cellule terroristes de quatre personnes \u00e0 Sidi Bou Ali, \u00e0 Sousse ce jeudi 17 juillet. Ils avaient des explosifs destin\u00e9s \u00e0 atteindre \u00a0\u00bbcertaines institutions\u00a0\u00bb. L&rsquo;op\u00e9ration est en cours actuellement.<br \/>\n La cinqui\u00e8me op\u00e9ration a permis l&rsquo;arrestation de trois terroristes qui avaient pour cible \u00ab\u00a0une institution\/Entreprise sensible\u00a0\u00bb.<\/p>\n<p> 2247 terroristes ont \u00e9t\u00e9 traduits devant la justice entre 2013 et 2014, dont 947 durant les premiers mois de cette ann\u00e9e.<br \/>\n Le ministre de l&rsquo;Int\u00e9rieur a appel\u00e9 \u00e0 la mise en place au plus t\u00f4t de le projet de loi antiterroriste encore discut\u00e9e \u00e0 l&rsquo;Assembl\u00e9e Constituante.<\/p>\n<p>Mercredi 16 juillet 2014<\/p>\n<p> Deux groupes terroristes ont attaqu\u00e9, simultan\u00e9ment, deux points de contr\u00f4le militaire \u00e0 19h40 \u00e0 la rupture du je\u00fbne ce mercredi\u00a016 juillet 2014<br \/>\n L&rsquo;attaque sur le camp des militaires a eu lieu \u00e0 l&rsquo;int\u00e9rieur de la zone militaire\u00a0\u00a0Henchir Ettala, dans le massif montagneux de Chambi \u00e0 Kasserine<br \/>\n Les terroristes ont utilis\u00e9 des fusils mitrailleurs, des lance-roquettes RPG et des grenades.<br \/>\n \u00a0\u00a014 militaires tu\u00e9s et 23 bless\u00e9s :\u00a0Cinq \u00a0tu\u00e9s par\u00a0balles et neuf br\u00fbl\u00e9s suite \u00e0 l&rsquo;incendie\u00a0d\u00e9clench\u00e9\u00a0par les roquettes RPG et les grenades lanc\u00e9es sur les tentes des points de contr\u00f4le.\u00a0<br \/>\n Un soldat volontaire est port\u00e9 disparu<br \/>\n Un terroriste a \u00e9t\u00e9 tu\u00e9<br \/>\n Trois des 5 bless\u00e9s transport\u00e9s \u00e0 l\u2019h\u00f4pital militaire de Tunis sont dans un \u00e9tat grave, a affirm\u00e9 le ministre de la Sant\u00e9 Mohamed Salah Ben Ammar qui s\u2019exprimait ce jeudi 17 juillet lors d\u2019un point de presse au Palais du gouvernement \u00e0 la Kasbah.<\/p>\n<p>\u00a0Par Maher Chaabane &amp; Lilia Weslaty<\/p>\n","protected":false},"excerpt":{"rendered":"<p>Massacre de militaires \u00e0 Henchir Ettala \u00e0 Kasserine par des terroristes<\/p>\n","protected":false},"author":3222,"featured_media":374944,"comment_status":"open","ping_status":"open","sticky":false,"template":"","format":"standard","meta":{"footnotes":""},"categories":[11342],"tags":[],"class_list":["post-180204","post","type-post","status-publish","format-standard","has-post-thumbnail","hentry","category-terrorisme"],"yoast_head":"<!-- This site is optimized with the Yoast SEO Premium plugin v27.5 (Yoast SEO v27.5) - https:\/\/yoast.com\/product\/yoast-seo-premium-wordpress\/ -->\n<title>Massacre de militaires \u00e0 Henchir Ettala \u00e0 Kasserine par des terroristes<\/title>\n<meta name=\"description\" content=\"Massacre de militaires \u00e0 Henchir Ettala \u00e0 Kasserine par des terroristes\" \/>\n<link rel=\"canonical\" href=\"https:\/\/www.webdo.tn\/fr\/actualite\/terrorisme\/mise-jour-continue-tragedie-chambi-source-ministere-defense-2\/180204\/\" \/>\n<meta property=\"og:locale\" content=\"fr_FR\" \/>\n<meta property=\"og:type\" content=\"article\" \/>\n<meta property=\"og:title\" content=\"Massacre de militaires \u00e0 Henchir Ettala \u00e0 Kasserine par des terroristes\" \/>\n<meta property=\"og:description\" content=\"Massacre de militaires \u00e0 Henchir Ettala \u00e0 Kasserine par des terroristes\" \/>\n<meta property=\"og:url\" content=\"https:\/\/www.webdo.tn\/fr\/actualite\/terrorisme\/mise-jour-continue-tragedie-chambi-source-ministere-defense-2\/180204\/\" \/>\n<meta property=\"og:site_name\" content=\"webdo\" \/>\n<meta property=\"article:publisher\" content=\"https:\/\/www.facebook.com\/webdotn\" \/>\n<meta property=\"article:published_time\" content=\"2014-07-17T11:53:00+00:00\" \/>\n<meta property=\"article:modified_time\" content=\"2025-06-04T18:21:08+00:00\" \/>\n<meta name=\"author\" content=\"webdo.tn\" \/>\n<meta name=\"twitter:card\" content=\"summary_large_image\" \/>\n<meta name=\"twitter:creator\" content=\"@webdo_tn\" \/>\n<meta name=\"twitter:site\" content=\"@webdo_tn\" \/>\n<meta name=\"twitter:label1\" content=\"\u00c9crit par\" \/>\n\t<meta name=\"twitter:data1\" content=\"webdo.tn\" \/>\n\t<meta name=\"twitter:label2\" content=\"Dur\u00e9e de lecture estim\u00e9e\" \/>\n\t<meta name=\"twitter:data2\" content=\"4 minutes\" \/>\n<script type=\"application\/ld+json\" class=\"yoast-schema-graph\">{\"@context\":\"https:\\\/\\\/schema.org\",\"@graph\":[{\"@type\":\"NewsArticle\",\"@id\":\"https:\\\/\\\/www.webdo.tn\\\/fr\\\/actualite\\\/terrorisme\\\/mise-jour-continue-tragedie-chambi-source-ministere-defense-2\\\/180204\\\/#article\",\"isPartOf\":{\"@id\":\"https:\\\/\\\/www.webdo.tn\\\/fr\\\/actualite\\\/terrorisme\\\/mise-jour-continue-tragedie-chambi-source-ministere-defense-2\\\/180204\\\/\"},\"author\":{\"name\":\"webdo.tn\",\"@id\":\"https:\\\/\\\/www.webdo.tn\\\/fr\\\/#\\\/schema\\\/person\\\/9a9c6118d687c117df8ef3cc36a4d175\"},\"headline\":\"Massacre de militaires \u00e0 Henchir Ettala \u00e0 Kasserine par des terroristes\",\"datePublished\":\"2014-07-17T11:53:00+00:00\",\"dateModified\":\"2025-06-04T18:21:08+00:00\",\"mainEntityOfPage\":{\"@id\":\"https:\\\/\\\/www.webdo.tn\\\/fr\\\/actualite\\\/terrorisme\\\/mise-jour-continue-tragedie-chambi-source-ministere-defense-2\\\/180204\\\/\"},\"wordCount\":749,\"commentCount\":0,\"publisher\":{\"@id\":\"https:\\\/\\\/www.webdo.tn\\\/fr\\\/#organization\"},\"image\":{\"@id\":\"https:\\\/\\\/www.webdo.tn\\\/fr\\\/actualite\\\/terrorisme\\\/mise-jour-continue-tragedie-chambi-source-ministere-defense-2\\\/180204\\\/#primaryimage\"},\"thumbnailUrl\":\"https:\\\/\\\/www.webdo.tn\\\/fr\\\/wp-content\\\/uploads\\\/2025\\\/06\\\/Jebel-Chaambi-16-07-2014-photo-Haykel1_180204.jpg\",\"articleSection\":[\"Terrorisme\"],\"inLanguage\":\"fr-FR\"},{\"@type\":\"WebPage\",\"@id\":\"https:\\\/\\\/www.webdo.tn\\\/fr\\\/actualite\\\/terrorisme\\\/mise-jour-continue-tragedie-chambi-source-ministere-defense-2\\\/180204\\\/\",\"url\":\"https:\\\/\\\/www.webdo.tn\\\/fr\\\/actualite\\\/terrorisme\\\/mise-jour-continue-tragedie-chambi-source-ministere-defense-2\\\/180204\\\/\",\"name\":\"Massacre de militaires \u00e0 Henchir Ettala \u00e0 Kasserine par des terroristes\",\"isPartOf\":{\"@id\":\"https:\\\/\\\/www.webdo.tn\\\/fr\\\/#website\"},\"primaryImageOfPage\":{\"@id\":\"https:\\\/\\\/www.webdo.tn\\\/fr\\\/actualite\\\/terrorisme\\\/mise-jour-continue-tragedie-chambi-source-ministere-defense-2\\\/180204\\\/#primaryimage\"},\"image\":{\"@id\":\"https:\\\/\\\/www.webdo.tn\\\/fr\\\/actualite\\\/terrorisme\\\/mise-jour-continue-tragedie-chambi-source-ministere-defense-2\\\/180204\\\/#primaryimage\"},\"thumbnailUrl\":\"https:\\\/\\\/www.webdo.tn\\\/fr\\\/wp-content\\\/uploads\\\/2025\\\/06\\\/Jebel-Chaambi-16-07-2014-photo-Haykel1_180204.jpg\",\"datePublished\":\"2014-07-17T11:53:00+00:00\",\"dateModified\":\"2025-06-04T18:21:08+00:00\",\"description\":\"Massacre de militaires \u00e0 Henchir Ettala \u00e0 Kasserine par des terroristes\",\"breadcrumb\":{\"@id\":\"https:\\\/\\\/www.webdo.tn\\\/fr\\\/actualite\\\/terrorisme\\\/mise-jour-continue-tragedie-chambi-source-ministere-defense-2\\\/180204\\\/#breadcrumb\"},\"inLanguage\":\"fr-FR\",\"potentialAction\":[{\"@type\":\"ReadAction\",\"target\":[\"https:\\\/\\\/www.webdo.tn\\\/fr\\\/actualite\\\/terrorisme\\\/mise-jour-continue-tragedie-chambi-source-ministere-defense-2\\\/180204\\\/\"]}]},{\"@type\":\"ImageObject\",\"inLanguage\":\"fr-FR\",\"@id\":\"https:\\\/\\\/www.webdo.tn\\\/fr\\\/actualite\\\/terrorisme\\\/mise-jour-continue-tragedie-chambi-source-ministere-defense-2\\\/180204\\\/#primaryimage\",\"url\":\"https:\\\/\\\/www.webdo.tn\\\/fr\\\/wp-content\\\/uploads\\\/2025\\\/06\\\/Jebel-Chaambi-16-07-2014-photo-Haykel1_180204.jpg\",\"contentUrl\":\"https:\\\/\\\/www.webdo.tn\\\/fr\\\/wp-content\\\/uploads\\\/2025\\\/06\\\/Jebel-Chaambi-16-07-2014-photo-Haykel1_180204.jpg\",\"width\":443,\"height\":237,\"caption\":\"Massacre de militaires \u00e0 Henchir Ettala \u00e0 Kasserine par des terroristes\"},{\"@type\":\"BreadcrumbList\",\"@id\":\"https:\\\/\\\/www.webdo.tn\\\/fr\\\/actualite\\\/terrorisme\\\/mise-jour-continue-tragedie-chambi-source-ministere-defense-2\\\/180204\\\/#breadcrumb\",\"itemListElement\":[{\"@type\":\"ListItem\",\"position\":1,\"name\":\"Accueil\",\"item\":\"https:\\\/\\\/www.webdo.tn\\\/fr\\\/\"},{\"@type\":\"ListItem\",\"position\":2,\"name\":\"Massacre de militaires \u00e0 Henchir Ettala \u00e0 Kasserine par des terroristes\"}]},{\"@type\":\"WebSite\",\"@id\":\"https:\\\/\\\/www.webdo.tn\\\/fr\\\/#website\",\"url\":\"https:\\\/\\\/www.webdo.tn\\\/fr\\\/\",\"name\":\"webdo\",\"description\":\"Tunisie - News en Tunisie et \u00e0 l&#039;international sur Webdo.tn\",\"publisher\":{\"@id\":\"https:\\\/\\\/www.webdo.tn\\\/fr\\\/#organization\"},\"potentialAction\":[{\"@type\":\"SearchAction\",\"target\":{\"@type\":\"EntryPoint\",\"urlTemplate\":\"https:\\\/\\\/www.webdo.tn\\\/fr\\\/?s={search_term_string}\"},\"query-input\":{\"@type\":\"PropertyValueSpecification\",\"valueRequired\":true,\"valueName\":\"search_term_string\"}}],\"inLanguage\":\"fr-FR\"},{\"@type\":\"Organization\",\"@id\":\"https:\\\/\\\/www.webdo.tn\\\/fr\\\/#organization\",\"name\":\"Webdo\",\"alternateName\":\"Webdo.tn\",\"url\":\"https:\\\/\\\/www.webdo.tn\\\/fr\\\/\",\"logo\":{\"@type\":\"ImageObject\",\"inLanguage\":\"fr-FR\",\"@id\":\"https:\\\/\\\/www.webdo.tn\\\/fr\\\/#\\\/schema\\\/logo\\\/image\\\/\",\"url\":\"https:\\\/\\\/www.webdo.tn\\\/fr\\\/wp-content\\\/uploads\\\/2025\\\/06\\\/Webdo-Tunisie_168377.jpg\",\"contentUrl\":\"https:\\\/\\\/www.webdo.tn\\\/fr\\\/wp-content\\\/uploads\\\/2025\\\/06\\\/Webdo-Tunisie_168377.jpg\",\"width\":301,\"height\":301,\"caption\":\"Webdo\"},\"image\":{\"@id\":\"https:\\\/\\\/www.webdo.tn\\\/fr\\\/#\\\/schema\\\/logo\\\/image\\\/\"},\"sameAs\":[\"https:\\\/\\\/www.facebook.com\\\/webdotn\",\"https:\\\/\\\/x.com\\\/webdo_tn\"],\"description\":\"Webdo est un m\u00e9dia num\u00e9rique tunisien fond\u00e9 en 2010, sp\u00e9cialis\u00e9 dans l\u2019actualit\u00e9 nationale et internationale, l\u2019\u00e9conomie, la soci\u00e9t\u00e9 et les analyses politiques. Le site s\u2019adresse \u00e0 un large public francophone et couvre l\u2019information tunisienne en temps r\u00e9el.\",\"email\":\"redac@webdo.tn\",\"legalName\":\"YNJ SARL\",\"foundingDate\":\"2010-09-06\",\"numberOfEmployees\":{\"@type\":\"QuantitativeValue\",\"minValue\":\"11\",\"maxValue\":\"50\"}},{\"@type\":\"Person\",\"@id\":\"https:\\\/\\\/www.webdo.tn\\\/fr\\\/#\\\/schema\\\/person\\\/9a9c6118d687c117df8ef3cc36a4d175\",\"name\":\"webdo.tn\",\"image\":{\"@type\":\"ImageObject\",\"inLanguage\":\"fr-FR\",\"@id\":\"https:\\\/\\\/secure.gravatar.com\\\/avatar\\\/7ce1f28c0c3bbac99ff550b85ef8e44a6950c6ee24514fb6a5489e51d06f0298?s=96&d=mm&r=g\",\"url\":\"https:\\\/\\\/secure.gravatar.com\\\/avatar\\\/7ce1f28c0c3bbac99ff550b85ef8e44a6950c6ee24514fb6a5489e51d06f0298?s=96&d=mm&r=g\",\"contentUrl\":\"https:\\\/\\\/secure.gravatar.com\\\/avatar\\\/7ce1f28c0c3bbac99ff550b85ef8e44a6950c6ee24514fb6a5489e51d06f0298?s=96&d=mm&r=g\",\"caption\":\"webdo.tn\"},\"url\":\"https:\\\/\\\/www.webdo.tn\\\/fr\\\/actualite\\\/author\\\/webdotn\\\/\"}]}<\/script>\n<!-- \/ Yoast SEO Premium plugin. -->","yoast_head_json":{"title":"Massacre de militaires \u00e0 Henchir Ettala \u00e0 Kasserine par des terroristes","description":"Massacre de militaires \u00e0 Henchir Ettala \u00e0 Kasserine par des terroristes","canonical":"https:\/\/www.webdo.tn\/fr\/actualite\/terrorisme\/mise-jour-continue-tragedie-chambi-source-ministere-defense-2\/180204\/","og_locale":"fr_FR","og_type":"article","og_title":"Massacre de militaires \u00e0 Henchir Ettala \u00e0 Kasserine par des terroristes","og_description":"Massacre de militaires \u00e0 Henchir Ettala \u00e0 Kasserine par des terroristes","og_url":"https:\/\/www.webdo.tn\/fr\/actualite\/terrorisme\/mise-jour-continue-tragedie-chambi-source-ministere-defense-2\/180204\/","og_site_name":"webdo","article_publisher":"https:\/\/www.facebook.com\/webdotn","article_published_time":"2014-07-17T11:53:00+00:00","article_modified_time":"2025-06-04T18:21:08+00:00","author":"webdo.tn","twitter_card":"summary_large_image","twitter_creator":"@webdo_tn","twitter_site":"@webdo_tn","twitter_misc":{"\u00c9crit par":"webdo.tn","Dur\u00e9e de lecture estim\u00e9e":"4 minutes"},"schema":{"@context":"https:\/\/schema.org","@graph":[{"@type":"NewsArticle","@id":"https:\/\/www.webdo.tn\/fr\/actualite\/terrorisme\/mise-jour-continue-tragedie-chambi-source-ministere-defense-2\/180204\/#article","isPartOf":{"@id":"https:\/\/www.webdo.tn\/fr\/actualite\/terrorisme\/mise-jour-continue-tragedie-chambi-source-ministere-defense-2\/180204\/"},"author":{"name":"webdo.tn","@id":"https:\/\/www.webdo.tn\/fr\/#\/schema\/person\/9a9c6118d687c117df8ef3cc36a4d175"},"headline":"Massacre de militaires \u00e0 Henchir Ettala \u00e0 Kasserine par des terroristes","datePublished":"2014-07-17T11:53:00+00:00","dateModified":"2025-06-04T18:21:08+00:00","mainEntityOfPage":{"@id":"https:\/\/www.webdo.tn\/fr\/actualite\/terrorisme\/mise-jour-continue-tragedie-chambi-source-ministere-defense-2\/180204\/"},"wordCount":749,"commentCount":0,"publisher":{"@id":"https:\/\/www.webdo.tn\/fr\/#organization"},"image":{"@id":"https:\/\/www.webdo.tn\/fr\/actualite\/terrorisme\/mise-jour-continue-tragedie-chambi-source-ministere-defense-2\/180204\/#primaryimage"},"thumbnailUrl":"https:\/\/www.webdo.tn\/fr\/wp-content\/uploads\/2025\/06\/Jebel-Chaambi-16-07-2014-photo-Haykel1_180204.jpg","articleSection":["Terrorisme"],"inLanguage":"fr-FR"},{"@type":"WebPage","@id":"https:\/\/www.webdo.tn\/fr\/actualite\/terrorisme\/mise-jour-continue-tragedie-chambi-source-ministere-defense-2\/180204\/","url":"https:\/\/www.webdo.tn\/fr\/actualite\/terrorisme\/mise-jour-continue-tragedie-chambi-source-ministere-defense-2\/180204\/","name":"Massacre de militaires \u00e0 Henchir Ettala \u00e0 Kasserine par des terroristes","isPartOf":{"@id":"https:\/\/www.webdo.tn\/fr\/#website"},"primaryImageOfPage":{"@id":"https:\/\/www.webdo.tn\/fr\/actualite\/terrorisme\/mise-jour-continue-tragedie-chambi-source-ministere-defense-2\/180204\/#primaryimage"},"image":{"@id":"https:\/\/www.webdo.tn\/fr\/actualite\/terrorisme\/mise-jour-continue-tragedie-chambi-source-ministere-defense-2\/180204\/#primaryimage"},"thumbnailUrl":"https:\/\/www.webdo.tn\/fr\/wp-content\/uploads\/2025\/06\/Jebel-Chaambi-16-07-2014-photo-Haykel1_180204.jpg","datePublished":"2014-07-17T11:53:00+00:00","dateModified":"2025-06-04T18:21:08+00:00","description":"Massacre de militaires \u00e0 Henchir Ettala \u00e0 Kasserine par des terroristes","breadcrumb":{"@id":"https:\/\/www.webdo.tn\/fr\/actualite\/terrorisme\/mise-jour-continue-tragedie-chambi-source-ministere-defense-2\/180204\/#breadcrumb"},"inLanguage":"fr-FR","potentialAction":[{"@type":"ReadAction","target":["https:\/\/www.webdo.tn\/fr\/actualite\/terrorisme\/mise-jour-continue-tragedie-chambi-source-ministere-defense-2\/180204\/"]}]},{"@type":"ImageObject","inLanguage":"fr-FR","@id":"https:\/\/www.webdo.tn\/fr\/actualite\/terrorisme\/mise-jour-continue-tragedie-chambi-source-ministere-defense-2\/180204\/#primaryimage","url":"https:\/\/www.webdo.tn\/fr\/wp-content\/uploads\/2025\/06\/Jebel-Chaambi-16-07-2014-photo-Haykel1_180204.jpg","contentUrl":"https:\/\/www.webdo.tn\/fr\/wp-content\/uploads\/2025\/06\/Jebel-Chaambi-16-07-2014-photo-Haykel1_180204.jpg","width":443,"height":237,"caption":"Massacre de militaires \u00e0 Henchir Ettala \u00e0 Kasserine par des terroristes"},{"@type":"BreadcrumbList","@id":"https:\/\/www.webdo.tn\/fr\/actualite\/terrorisme\/mise-jour-continue-tragedie-chambi-source-ministere-defense-2\/180204\/#breadcrumb","itemListElement":[{"@type":"ListItem","position":1,"name":"Accueil","item":"https:\/\/www.webdo.tn\/fr\/"},{"@type":"ListItem","position":2,"name":"Massacre de militaires \u00e0 Henchir Ettala \u00e0 Kasserine par des terroristes"}]},{"@type":"WebSite","@id":"https:\/\/www.webdo.tn\/fr\/#website","url":"https:\/\/www.webdo.tn\/fr\/","name":"webdo","description":"Tunisie - News en Tunisie et \u00e0 l&#039;international sur Webdo.tn","publisher":{"@id":"https:\/\/www.webdo.tn\/fr\/#organization"},"potentialAction":[{"@type":"SearchAction","target":{"@type":"EntryPoint","urlTemplate":"https:\/\/www.webdo.tn\/fr\/?s={search_term_string}"},"query-input":{"@type":"PropertyValueSpecification","valueRequired":true,"valueName":"search_term_string"}}],"inLanguage":"fr-FR"},{"@type":"Organization","@id":"https:\/\/www.webdo.tn\/fr\/#organization","name":"Webdo","alternateName":"Webdo.tn","url":"https:\/\/www.webdo.tn\/fr\/","logo":{"@type":"ImageObject","inLanguage":"fr-FR","@id":"https:\/\/www.webdo.tn\/fr\/#\/schema\/logo\/image\/","url":"https:\/\/www.webdo.tn\/fr\/wp-content\/uploads\/2025\/06\/Webdo-Tunisie_168377.jpg","contentUrl":"https:\/\/www.webdo.tn\/fr\/wp-content\/uploads\/2025\/06\/Webdo-Tunisie_168377.jpg","width":301,"height":301,"caption":"Webdo"},"image":{"@id":"https:\/\/www.webdo.tn\/fr\/#\/schema\/logo\/image\/"},"sameAs":["https:\/\/www.facebook.com\/webdotn","https:\/\/x.com\/webdo_tn"],"description":"Webdo est un m\u00e9dia num\u00e9rique tunisien fond\u00e9 en 2010, sp\u00e9cialis\u00e9 dans l\u2019actualit\u00e9 nationale et internationale, l\u2019\u00e9conomie, la soci\u00e9t\u00e9 et les analyses politiques. Le site s\u2019adresse \u00e0 un large public francophone et couvre l\u2019information tunisienne en temps r\u00e9el.","email":"redac@webdo.tn","legalName":"YNJ SARL","foundingDate":"2010-09-06","numberOfEmployees":{"@type":"QuantitativeValue","minValue":"11","maxValue":"50"}},{"@type":"Person","@id":"https:\/\/www.webdo.tn\/fr\/#\/schema\/person\/9a9c6118d687c117df8ef3cc36a4d175","name":"webdo.tn","image":{"@type":"ImageObject","inLanguage":"fr-FR","@id":"https:\/\/secure.gravatar.com\/avatar\/7ce1f28c0c3bbac99ff550b85ef8e44a6950c6ee24514fb6a5489e51d06f0298?s=96&d=mm&r=g","url":"https:\/\/secure.gravatar.com\/avatar\/7ce1f28c0c3bbac99ff550b85ef8e44a6950c6ee24514fb6a5489e51d06f0298?s=96&d=mm&r=g","contentUrl":"https:\/\/secure.gravatar.com\/avatar\/7ce1f28c0c3bbac99ff550b85ef8e44a6950c6ee24514fb6a5489e51d06f0298?s=96&d=mm&r=g","caption":"webdo.tn"},"url":"https:\/\/www.webdo.tn\/fr\/actualite\/author\/webdotn\/"}]}},"_links":{"self":[{"href":"https:\/\/www.webdo.tn\/fr\/wp-json\/wp\/v2\/posts\/180204","targetHints":{"allow":["GET"]}}],"collection":[{"href":"https:\/\/www.webdo.tn\/fr\/wp-json\/wp\/v2\/posts"}],"about":[{"href":"https:\/\/www.webdo.tn\/fr\/wp-json\/wp\/v2\/types\/post"}],"author":[{"embeddable":true,"href":"https:\/\/www.webdo.tn\/fr\/wp-json\/wp\/v2\/users\/3222"}],"replies":[{"embeddable":true,"href":"https:\/\/www.webdo.tn\/fr\/wp-json\/wp\/v2\/comments?post=180204"}],"version-history":[{"count":0,"href":"https:\/\/www.webdo.tn\/fr\/wp-json\/wp\/v2\/posts\/180204\/revisions"}],"wp:featuredmedia":[{"embeddable":true,"href":"https:\/\/www.webdo.tn\/fr\/wp-json\/wp\/v2\/media\/374944"}],"wp:attachment":[{"href":"https:\/\/www.webdo.tn\/fr\/wp-json\/wp\/v2\/media?parent=180204"}],"wp:term":[{"taxonomy":"category","embeddable":true,"href":"https:\/\/www.webdo.tn\/fr\/wp-json\/wp\/v2\/categories?post=180204"},{"taxonomy":"post_tag","embeddable":true,"href":"https:\/\/www.webdo.tn\/fr\/wp-json\/wp\/v2\/tags?post=180204"}],"curies":[{"name":"wp","href":"https:\/\/api.w.org\/{rel}","templated":true}]}}