{"id":180203,"date":"2014-07-17T19:22:00","date_gmt":"2014-07-17T19:22:00","guid":{"rendered":"https:\/\/www.webdo.tn\/fr\/blog\/defaillances-securitaires-kasserine-observatoire-lindependance-magistrature-sinterroge\/180203\/"},"modified":"2025-05-22T13:09:32","modified_gmt":"2025-05-22T13:09:32","slug":"defaillances-securitaires-kasserine-observatoire-lindependance-magistrature-sinterroge","status":"publish","type":"post","link":"https:\/\/www.webdo.tn\/fr\/actualite\/terrorisme\/defaillances-securitaires-kasserine-observatoire-lindependance-magistrature-sinterroge\/180203\/","title":{"rendered":"D\u00e9faillances s\u00e9curitaires \u00e0 Kasserine : L&rsquo;Observatoire pour l&rsquo;Ind\u00e9pendance de la magistrature s&rsquo;interroge"},"content":{"rendered":"<p>Commentant l&rsquo;attaque terroriste de ce mercredi 16\/07, l&rsquo;Observatoire tunisien pour l&rsquo;Ind\u00e9pendance de la magistrature a affirm\u00e9 dans un communiqu\u00e9 publi\u00e9 aujourd&rsquo;hui que les diff\u00e9rentes d\u00e9faillances s\u00e9curitaires \u00e0 Kasserine suscitent des questions<br \/>\n\u00ab\u00a0la \u00a0nouvelle op\u00e9ration ex\u00e9cut\u00e9e dans des circonstances similaires \u00e0 celle\u00a0du 29 juillet 2013, que ce soit pour le lieu et le jour [18 du mois de ramadan selon le calendrier h\u00e9girien], ouvre la voie \u00e0 des interrogations l\u00e9gitimes au sujet des d\u00e9faillances s\u00e9curitaires et des renseignements dans la zone des affrontements militaires.\u00a0\u00a0\u00bb<br \/>\nAhmed Rahmouni, pr\u00e9sident de l&rsquo;OTIM a aussi rappel\u00e9, entre autres\u00a0l&rsquo;attaque terroriste contre la maison du ministre de l&rsquo;Int\u00e9rieur survenue le 27 mai dernier.<\/p>\n<p>L&rsquo;observatoitre a soulign\u00e9 \u00abla n\u00e9cessit\u00e9 d&rsquo;enqu\u00eater sur les circonstances de l&rsquo;op\u00e9ration terroriste en plus des attaques pr\u00e9c\u00e9dentes et d\u00e9terminer les responsabilit\u00e9s avec s\u00e9rieux et d&rsquo;une mani\u00e8re ind\u00e9pendante.\u00bb Le communique en arabe<\/p>\n<p>\/\/ <\/p>\n<p>Post by Marsed Kadha.<\/p>\n","protected":false},"excerpt":{"rendered":"<p>D\u00e9faillances s\u00e9curitaires \u00e0 Kasserine : L&rsquo;Observatoire pour l&rsquo;Ind\u00e9pendance de la magistrature s&rsquo;interroge<\/p>\n","protected":false},"author":3222,"featured_media":320954,"comment_status":"open","ping_status":"closed","sticky":false,"template":"","format":"standard","meta":{"footnotes":""},"categories":[11342],"tags":[],"class_list":["post-180203","post","type-post","status-publish","format-standard","has-post-thumbnail","hentry","category-terrorisme"],"yoast_head":"<!-- This site is optimized with the Yoast SEO Premium plugin v27.5 (Yoast SEO v27.5) - https:\/\/yoast.com\/product\/yoast-seo-premium-wordpress\/ -->\n<title>D\u00e9faillances s\u00e9curitaires \u00e0 Kasserine : L&#039;Observatoire pour l&#039;Ind\u00e9pendance de la magistrature s&#039;interroge<\/title>\n<meta name=\"description\" content=\"D\u00e9faillances s\u00e9curitaires \u00e0 Kasserine : L&#039;Observatoire pour l&#039;Ind\u00e9pendance de la magistrature s&#039;interroge\" \/>\n<link rel=\"canonical\" href=\"https:\/\/www.webdo.tn\/fr\/actualite\/terrorisme\/defaillances-securitaires-kasserine-observatoire-lindependance-magistrature-sinterroge\/180203\/\" \/>\n<meta property=\"og:locale\" content=\"fr_FR\" \/>\n<meta property=\"og:type\" content=\"article\" \/>\n<meta property=\"og:title\" content=\"D\u00e9faillances s\u00e9curitaires \u00e0 Kasserine : L&#039;Observatoire pour l&#039;Ind\u00e9pendance de la magistrature s&#039;interroge\" \/>\n<meta property=\"og:description\" content=\"D\u00e9faillances s\u00e9curitaires \u00e0 Kasserine : L&#039;Observatoire pour l&#039;Ind\u00e9pendance de la magistrature s&#039;interroge\" \/>\n<meta property=\"og:url\" content=\"https:\/\/www.webdo.tn\/fr\/actualite\/terrorisme\/defaillances-securitaires-kasserine-observatoire-lindependance-magistrature-sinterroge\/180203\/\" \/>\n<meta property=\"og:site_name\" content=\"webdo\" \/>\n<meta property=\"article:publisher\" content=\"https:\/\/www.facebook.com\/webdotn\" \/>\n<meta property=\"article:published_time\" content=\"2014-07-17T19:22:00+00:00\" \/>\n<meta property=\"article:modified_time\" content=\"2025-05-22T13:09:32+00:00\" \/>\n<meta property=\"og:image\" content=\"https:\/\/www.webdo.tn\/fr\/wp-content\/uploads\/2014\/07\/justice-1.jpg\" \/>\n\t<meta property=\"og:image:width\" content=\"314\" \/>\n\t<meta property=\"og:image:height\" content=\"209\" \/>\n\t<meta property=\"og:image:type\" content=\"image\/jpeg\" \/>\n<meta name=\"author\" content=\"webdo.tn\" \/>\n<meta name=\"twitter:card\" content=\"summary_large_image\" \/>\n<meta name=\"twitter:creator\" content=\"@webdo_tn\" \/>\n<meta name=\"twitter:site\" content=\"@webdo_tn\" \/>\n<meta name=\"twitter:label1\" content=\"\u00c9crit par\" \/>\n\t<meta name=\"twitter:data1\" content=\"webdo.tn\" \/>\n\t<meta name=\"twitter:label2\" content=\"Dur\u00e9e de lecture estim\u00e9e\" \/>\n\t<meta name=\"twitter:data2\" content=\"1 minute\" \/>\n<script type=\"application\/ld+json\" class=\"yoast-schema-graph\">{\"@context\":\"https:\\\/\\\/schema.org\",\"@graph\":[{\"@type\":\"NewsArticle\",\"@id\":\"https:\\\/\\\/www.webdo.tn\\\/fr\\\/actualite\\\/terrorisme\\\/defaillances-securitaires-kasserine-observatoire-lindependance-magistrature-sinterroge\\\/180203\\\/#article\",\"isPartOf\":{\"@id\":\"https:\\\/\\\/www.webdo.tn\\\/fr\\\/actualite\\\/terrorisme\\\/defaillances-securitaires-kasserine-observatoire-lindependance-magistrature-sinterroge\\\/180203\\\/\"},\"author\":{\"name\":\"webdo.tn\",\"@id\":\"https:\\\/\\\/www.webdo.tn\\\/fr\\\/#\\\/schema\\\/person\\\/9a9c6118d687c117df8ef3cc36a4d175\"},\"headline\":\"D\u00e9faillances s\u00e9curitaires \u00e0 Kasserine : L&rsquo;Observatoire pour l&rsquo;Ind\u00e9pendance de la magistrature s&rsquo;interroge\",\"datePublished\":\"2014-07-17T19:22:00+00:00\",\"dateModified\":\"2025-05-22T13:09:32+00:00\",\"mainEntityOfPage\":{\"@id\":\"https:\\\/\\\/www.webdo.tn\\\/fr\\\/actualite\\\/terrorisme\\\/defaillances-securitaires-kasserine-observatoire-lindependance-magistrature-sinterroge\\\/180203\\\/\"},\"wordCount\":185,\"commentCount\":0,\"publisher\":{\"@id\":\"https:\\\/\\\/www.webdo.tn\\\/fr\\\/#organization\"},\"image\":{\"@id\":\"https:\\\/\\\/www.webdo.tn\\\/fr\\\/actualite\\\/terrorisme\\\/defaillances-securitaires-kasserine-observatoire-lindependance-magistrature-sinterroge\\\/180203\\\/#primaryimage\"},\"thumbnailUrl\":\"https:\\\/\\\/www.webdo.tn\\\/fr\\\/wp-content\\\/uploads\\\/2014\\\/07\\\/justice-1.jpg\",\"articleSection\":[\"Terrorisme\"],\"inLanguage\":\"fr-FR\"},{\"@type\":\"WebPage\",\"@id\":\"https:\\\/\\\/www.webdo.tn\\\/fr\\\/actualite\\\/terrorisme\\\/defaillances-securitaires-kasserine-observatoire-lindependance-magistrature-sinterroge\\\/180203\\\/\",\"url\":\"https:\\\/\\\/www.webdo.tn\\\/fr\\\/actualite\\\/terrorisme\\\/defaillances-securitaires-kasserine-observatoire-lindependance-magistrature-sinterroge\\\/180203\\\/\",\"name\":\"D\u00e9faillances s\u00e9curitaires \u00e0 Kasserine : L'Observatoire pour l'Ind\u00e9pendance de la magistrature s'interroge\",\"isPartOf\":{\"@id\":\"https:\\\/\\\/www.webdo.tn\\\/fr\\\/#website\"},\"primaryImageOfPage\":{\"@id\":\"https:\\\/\\\/www.webdo.tn\\\/fr\\\/actualite\\\/terrorisme\\\/defaillances-securitaires-kasserine-observatoire-lindependance-magistrature-sinterroge\\\/180203\\\/#primaryimage\"},\"image\":{\"@id\":\"https:\\\/\\\/www.webdo.tn\\\/fr\\\/actualite\\\/terrorisme\\\/defaillances-securitaires-kasserine-observatoire-lindependance-magistrature-sinterroge\\\/180203\\\/#primaryimage\"},\"thumbnailUrl\":\"https:\\\/\\\/www.webdo.tn\\\/fr\\\/wp-content\\\/uploads\\\/2014\\\/07\\\/justice-1.jpg\",\"datePublished\":\"2014-07-17T19:22:00+00:00\",\"dateModified\":\"2025-05-22T13:09:32+00:00\",\"description\":\"D\u00e9faillances s\u00e9curitaires \u00e0 Kasserine : L'Observatoire pour l'Ind\u00e9pendance de la magistrature s'interroge\",\"breadcrumb\":{\"@id\":\"https:\\\/\\\/www.webdo.tn\\\/fr\\\/actualite\\\/terrorisme\\\/defaillances-securitaires-kasserine-observatoire-lindependance-magistrature-sinterroge\\\/180203\\\/#breadcrumb\"},\"inLanguage\":\"fr-FR\",\"potentialAction\":[{\"@type\":\"ReadAction\",\"target\":[\"https:\\\/\\\/www.webdo.tn\\\/fr\\\/actualite\\\/terrorisme\\\/defaillances-securitaires-kasserine-observatoire-lindependance-magistrature-sinterroge\\\/180203\\\/\"]}]},{\"@type\":\"ImageObject\",\"inLanguage\":\"fr-FR\",\"@id\":\"https:\\\/\\\/www.webdo.tn\\\/fr\\\/actualite\\\/terrorisme\\\/defaillances-securitaires-kasserine-observatoire-lindependance-magistrature-sinterroge\\\/180203\\\/#primaryimage\",\"url\":\"https:\\\/\\\/www.webdo.tn\\\/fr\\\/wp-content\\\/uploads\\\/2014\\\/07\\\/justice-1.jpg\",\"contentUrl\":\"https:\\\/\\\/www.webdo.tn\\\/fr\\\/wp-content\\\/uploads\\\/2014\\\/07\\\/justice-1.jpg\",\"width\":314,\"height\":209,\"caption\":\"D\u00e9faillances s\u00e9curitaires \u00e0 Kasserine : L'Observatoire pour l'Ind\u00e9pendance de la magistrature s'interroge\"},{\"@type\":\"BreadcrumbList\",\"@id\":\"https:\\\/\\\/www.webdo.tn\\\/fr\\\/actualite\\\/terrorisme\\\/defaillances-securitaires-kasserine-observatoire-lindependance-magistrature-sinterroge\\\/180203\\\/#breadcrumb\",\"itemListElement\":[{\"@type\":\"ListItem\",\"position\":1,\"name\":\"Accueil\",\"item\":\"https:\\\/\\\/www.webdo.tn\\\/fr\\\/\"},{\"@type\":\"ListItem\",\"position\":2,\"name\":\"D\u00e9faillances s\u00e9curitaires \u00e0 Kasserine : L&rsquo;Observatoire pour l&rsquo;Ind\u00e9pendance de la magistrature s&rsquo;interroge\"}]},{\"@type\":\"WebSite\",\"@id\":\"https:\\\/\\\/www.webdo.tn\\\/fr\\\/#website\",\"url\":\"https:\\\/\\\/www.webdo.tn\\\/fr\\\/\",\"name\":\"webdo\",\"description\":\"Tunisie - News en Tunisie et \u00e0 l&#039;international sur Webdo.tn\",\"publisher\":{\"@id\":\"https:\\\/\\\/www.webdo.tn\\\/fr\\\/#organization\"},\"potentialAction\":[{\"@type\":\"SearchAction\",\"target\":{\"@type\":\"EntryPoint\",\"urlTemplate\":\"https:\\\/\\\/www.webdo.tn\\\/fr\\\/?s={search_term_string}\"},\"query-input\":{\"@type\":\"PropertyValueSpecification\",\"valueRequired\":true,\"valueName\":\"search_term_string\"}}],\"inLanguage\":\"fr-FR\"},{\"@type\":\"Organization\",\"@id\":\"https:\\\/\\\/www.webdo.tn\\\/fr\\\/#organization\",\"name\":\"Webdo\",\"alternateName\":\"Webdo.tn\",\"url\":\"https:\\\/\\\/www.webdo.tn\\\/fr\\\/\",\"logo\":{\"@type\":\"ImageObject\",\"inLanguage\":\"fr-FR\",\"@id\":\"https:\\\/\\\/www.webdo.tn\\\/fr\\\/#\\\/schema\\\/logo\\\/image\\\/\",\"url\":\"https:\\\/\\\/www.webdo.tn\\\/fr\\\/wp-content\\\/uploads\\\/2025\\\/06\\\/Webdo-Tunisie_168377.jpg\",\"contentUrl\":\"https:\\\/\\\/www.webdo.tn\\\/fr\\\/wp-content\\\/uploads\\\/2025\\\/06\\\/Webdo-Tunisie_168377.jpg\",\"width\":301,\"height\":301,\"caption\":\"Webdo\"},\"image\":{\"@id\":\"https:\\\/\\\/www.webdo.tn\\\/fr\\\/#\\\/schema\\\/logo\\\/image\\\/\"},\"sameAs\":[\"https:\\\/\\\/www.facebook.com\\\/webdotn\",\"https:\\\/\\\/x.com\\\/webdo_tn\"],\"description\":\"Webdo est un m\u00e9dia num\u00e9rique tunisien fond\u00e9 en 2010, sp\u00e9cialis\u00e9 dans l\u2019actualit\u00e9 nationale et internationale, l\u2019\u00e9conomie, la soci\u00e9t\u00e9 et les analyses politiques. Le site s\u2019adresse \u00e0 un large public francophone et couvre l\u2019information tunisienne en temps r\u00e9el.\",\"email\":\"redac@webdo.tn\",\"legalName\":\"YNJ SARL\",\"foundingDate\":\"2010-09-06\",\"numberOfEmployees\":{\"@type\":\"QuantitativeValue\",\"minValue\":\"11\",\"maxValue\":\"50\"}},{\"@type\":\"Person\",\"@id\":\"https:\\\/\\\/www.webdo.tn\\\/fr\\\/#\\\/schema\\\/person\\\/9a9c6118d687c117df8ef3cc36a4d175\",\"name\":\"webdo.tn\",\"image\":{\"@type\":\"ImageObject\",\"inLanguage\":\"fr-FR\",\"@id\":\"https:\\\/\\\/secure.gravatar.com\\\/avatar\\\/7ce1f28c0c3bbac99ff550b85ef8e44a6950c6ee24514fb6a5489e51d06f0298?s=96&d=mm&r=g\",\"url\":\"https:\\\/\\\/secure.gravatar.com\\\/avatar\\\/7ce1f28c0c3bbac99ff550b85ef8e44a6950c6ee24514fb6a5489e51d06f0298?s=96&d=mm&r=g\",\"contentUrl\":\"https:\\\/\\\/secure.gravatar.com\\\/avatar\\\/7ce1f28c0c3bbac99ff550b85ef8e44a6950c6ee24514fb6a5489e51d06f0298?s=96&d=mm&r=g\",\"caption\":\"webdo.tn\"},\"url\":\"https:\\\/\\\/www.webdo.tn\\\/fr\\\/actualite\\\/author\\\/webdotn\\\/\"}]}<\/script>\n<!-- \/ Yoast SEO Premium plugin. -->","yoast_head_json":{"title":"D\u00e9faillances s\u00e9curitaires \u00e0 Kasserine : L'Observatoire pour l'Ind\u00e9pendance de la magistrature s'interroge","description":"D\u00e9faillances s\u00e9curitaires \u00e0 Kasserine : L'Observatoire pour l'Ind\u00e9pendance de la magistrature s'interroge","canonical":"https:\/\/www.webdo.tn\/fr\/actualite\/terrorisme\/defaillances-securitaires-kasserine-observatoire-lindependance-magistrature-sinterroge\/180203\/","og_locale":"fr_FR","og_type":"article","og_title":"D\u00e9faillances s\u00e9curitaires \u00e0 Kasserine : L'Observatoire pour l'Ind\u00e9pendance de la magistrature s'interroge","og_description":"D\u00e9faillances s\u00e9curitaires \u00e0 Kasserine : L'Observatoire pour l'Ind\u00e9pendance de la magistrature s'interroge","og_url":"https:\/\/www.webdo.tn\/fr\/actualite\/terrorisme\/defaillances-securitaires-kasserine-observatoire-lindependance-magistrature-sinterroge\/180203\/","og_site_name":"webdo","article_publisher":"https:\/\/www.facebook.com\/webdotn","article_published_time":"2014-07-17T19:22:00+00:00","article_modified_time":"2025-05-22T13:09:32+00:00","og_image":[{"width":314,"height":209,"url":"https:\/\/www.webdo.tn\/fr\/wp-content\/uploads\/2014\/07\/justice-1.jpg","type":"image\/jpeg"}],"author":"webdo.tn","twitter_card":"summary_large_image","twitter_creator":"@webdo_tn","twitter_site":"@webdo_tn","twitter_misc":{"\u00c9crit par":"webdo.tn","Dur\u00e9e de lecture estim\u00e9e":"1 minute"},"schema":{"@context":"https:\/\/schema.org","@graph":[{"@type":"NewsArticle","@id":"https:\/\/www.webdo.tn\/fr\/actualite\/terrorisme\/defaillances-securitaires-kasserine-observatoire-lindependance-magistrature-sinterroge\/180203\/#article","isPartOf":{"@id":"https:\/\/www.webdo.tn\/fr\/actualite\/terrorisme\/defaillances-securitaires-kasserine-observatoire-lindependance-magistrature-sinterroge\/180203\/"},"author":{"name":"webdo.tn","@id":"https:\/\/www.webdo.tn\/fr\/#\/schema\/person\/9a9c6118d687c117df8ef3cc36a4d175"},"headline":"D\u00e9faillances s\u00e9curitaires \u00e0 Kasserine : L&rsquo;Observatoire pour l&rsquo;Ind\u00e9pendance de la magistrature s&rsquo;interroge","datePublished":"2014-07-17T19:22:00+00:00","dateModified":"2025-05-22T13:09:32+00:00","mainEntityOfPage":{"@id":"https:\/\/www.webdo.tn\/fr\/actualite\/terrorisme\/defaillances-securitaires-kasserine-observatoire-lindependance-magistrature-sinterroge\/180203\/"},"wordCount":185,"commentCount":0,"publisher":{"@id":"https:\/\/www.webdo.tn\/fr\/#organization"},"image":{"@id":"https:\/\/www.webdo.tn\/fr\/actualite\/terrorisme\/defaillances-securitaires-kasserine-observatoire-lindependance-magistrature-sinterroge\/180203\/#primaryimage"},"thumbnailUrl":"https:\/\/www.webdo.tn\/fr\/wp-content\/uploads\/2014\/07\/justice-1.jpg","articleSection":["Terrorisme"],"inLanguage":"fr-FR"},{"@type":"WebPage","@id":"https:\/\/www.webdo.tn\/fr\/actualite\/terrorisme\/defaillances-securitaires-kasserine-observatoire-lindependance-magistrature-sinterroge\/180203\/","url":"https:\/\/www.webdo.tn\/fr\/actualite\/terrorisme\/defaillances-securitaires-kasserine-observatoire-lindependance-magistrature-sinterroge\/180203\/","name":"D\u00e9faillances s\u00e9curitaires \u00e0 Kasserine : L'Observatoire pour l'Ind\u00e9pendance de la magistrature s'interroge","isPartOf":{"@id":"https:\/\/www.webdo.tn\/fr\/#website"},"primaryImageOfPage":{"@id":"https:\/\/www.webdo.tn\/fr\/actualite\/terrorisme\/defaillances-securitaires-kasserine-observatoire-lindependance-magistrature-sinterroge\/180203\/#primaryimage"},"image":{"@id":"https:\/\/www.webdo.tn\/fr\/actualite\/terrorisme\/defaillances-securitaires-kasserine-observatoire-lindependance-magistrature-sinterroge\/180203\/#primaryimage"},"thumbnailUrl":"https:\/\/www.webdo.tn\/fr\/wp-content\/uploads\/2014\/07\/justice-1.jpg","datePublished":"2014-07-17T19:22:00+00:00","dateModified":"2025-05-22T13:09:32+00:00","description":"D\u00e9faillances s\u00e9curitaires \u00e0 Kasserine : L'Observatoire pour l'Ind\u00e9pendance de la magistrature s'interroge","breadcrumb":{"@id":"https:\/\/www.webdo.tn\/fr\/actualite\/terrorisme\/defaillances-securitaires-kasserine-observatoire-lindependance-magistrature-sinterroge\/180203\/#breadcrumb"},"inLanguage":"fr-FR","potentialAction":[{"@type":"ReadAction","target":["https:\/\/www.webdo.tn\/fr\/actualite\/terrorisme\/defaillances-securitaires-kasserine-observatoire-lindependance-magistrature-sinterroge\/180203\/"]}]},{"@type":"ImageObject","inLanguage":"fr-FR","@id":"https:\/\/www.webdo.tn\/fr\/actualite\/terrorisme\/defaillances-securitaires-kasserine-observatoire-lindependance-magistrature-sinterroge\/180203\/#primaryimage","url":"https:\/\/www.webdo.tn\/fr\/wp-content\/uploads\/2014\/07\/justice-1.jpg","contentUrl":"https:\/\/www.webdo.tn\/fr\/wp-content\/uploads\/2014\/07\/justice-1.jpg","width":314,"height":209,"caption":"D\u00e9faillances s\u00e9curitaires \u00e0 Kasserine : L'Observatoire pour l'Ind\u00e9pendance de la magistrature s'interroge"},{"@type":"BreadcrumbList","@id":"https:\/\/www.webdo.tn\/fr\/actualite\/terrorisme\/defaillances-securitaires-kasserine-observatoire-lindependance-magistrature-sinterroge\/180203\/#breadcrumb","itemListElement":[{"@type":"ListItem","position":1,"name":"Accueil","item":"https:\/\/www.webdo.tn\/fr\/"},{"@type":"ListItem","position":2,"name":"D\u00e9faillances s\u00e9curitaires \u00e0 Kasserine : L&rsquo;Observatoire pour l&rsquo;Ind\u00e9pendance de la magistrature s&rsquo;interroge"}]},{"@type":"WebSite","@id":"https:\/\/www.webdo.tn\/fr\/#website","url":"https:\/\/www.webdo.tn\/fr\/","name":"webdo","description":"Tunisie - News en Tunisie et \u00e0 l&#039;international sur Webdo.tn","publisher":{"@id":"https:\/\/www.webdo.tn\/fr\/#organization"},"potentialAction":[{"@type":"SearchAction","target":{"@type":"EntryPoint","urlTemplate":"https:\/\/www.webdo.tn\/fr\/?s={search_term_string}"},"query-input":{"@type":"PropertyValueSpecification","valueRequired":true,"valueName":"search_term_string"}}],"inLanguage":"fr-FR"},{"@type":"Organization","@id":"https:\/\/www.webdo.tn\/fr\/#organization","name":"Webdo","alternateName":"Webdo.tn","url":"https:\/\/www.webdo.tn\/fr\/","logo":{"@type":"ImageObject","inLanguage":"fr-FR","@id":"https:\/\/www.webdo.tn\/fr\/#\/schema\/logo\/image\/","url":"https:\/\/www.webdo.tn\/fr\/wp-content\/uploads\/2025\/06\/Webdo-Tunisie_168377.jpg","contentUrl":"https:\/\/www.webdo.tn\/fr\/wp-content\/uploads\/2025\/06\/Webdo-Tunisie_168377.jpg","width":301,"height":301,"caption":"Webdo"},"image":{"@id":"https:\/\/www.webdo.tn\/fr\/#\/schema\/logo\/image\/"},"sameAs":["https:\/\/www.facebook.com\/webdotn","https:\/\/x.com\/webdo_tn"],"description":"Webdo est un m\u00e9dia num\u00e9rique tunisien fond\u00e9 en 2010, sp\u00e9cialis\u00e9 dans l\u2019actualit\u00e9 nationale et internationale, l\u2019\u00e9conomie, la soci\u00e9t\u00e9 et les analyses politiques. Le site s\u2019adresse \u00e0 un large public francophone et couvre l\u2019information tunisienne en temps r\u00e9el.","email":"redac@webdo.tn","legalName":"YNJ SARL","foundingDate":"2010-09-06","numberOfEmployees":{"@type":"QuantitativeValue","minValue":"11","maxValue":"50"}},{"@type":"Person","@id":"https:\/\/www.webdo.tn\/fr\/#\/schema\/person\/9a9c6118d687c117df8ef3cc36a4d175","name":"webdo.tn","image":{"@type":"ImageObject","inLanguage":"fr-FR","@id":"https:\/\/secure.gravatar.com\/avatar\/7ce1f28c0c3bbac99ff550b85ef8e44a6950c6ee24514fb6a5489e51d06f0298?s=96&d=mm&r=g","url":"https:\/\/secure.gravatar.com\/avatar\/7ce1f28c0c3bbac99ff550b85ef8e44a6950c6ee24514fb6a5489e51d06f0298?s=96&d=mm&r=g","contentUrl":"https:\/\/secure.gravatar.com\/avatar\/7ce1f28c0c3bbac99ff550b85ef8e44a6950c6ee24514fb6a5489e51d06f0298?s=96&d=mm&r=g","caption":"webdo.tn"},"url":"https:\/\/www.webdo.tn\/fr\/actualite\/author\/webdotn\/"}]}},"_links":{"self":[{"href":"https:\/\/www.webdo.tn\/fr\/wp-json\/wp\/v2\/posts\/180203","targetHints":{"allow":["GET"]}}],"collection":[{"href":"https:\/\/www.webdo.tn\/fr\/wp-json\/wp\/v2\/posts"}],"about":[{"href":"https:\/\/www.webdo.tn\/fr\/wp-json\/wp\/v2\/types\/post"}],"author":[{"embeddable":true,"href":"https:\/\/www.webdo.tn\/fr\/wp-json\/wp\/v2\/users\/3222"}],"replies":[{"embeddable":true,"href":"https:\/\/www.webdo.tn\/fr\/wp-json\/wp\/v2\/comments?post=180203"}],"version-history":[{"count":0,"href":"https:\/\/www.webdo.tn\/fr\/wp-json\/wp\/v2\/posts\/180203\/revisions"}],"wp:featuredmedia":[{"embeddable":true,"href":"https:\/\/www.webdo.tn\/fr\/wp-json\/wp\/v2\/media\/320954"}],"wp:attachment":[{"href":"https:\/\/www.webdo.tn\/fr\/wp-json\/wp\/v2\/media?parent=180203"}],"wp:term":[{"taxonomy":"category","embeddable":true,"href":"https:\/\/www.webdo.tn\/fr\/wp-json\/wp\/v2\/categories?post=180203"},{"taxonomy":"post_tag","embeddable":true,"href":"https:\/\/www.webdo.tn\/fr\/wp-json\/wp\/v2\/tags?post=180203"}],"curies":[{"name":"wp","href":"https:\/\/api.w.org\/{rel}","templated":true}]}}