{"id":180197,"date":"2014-07-18T12:30:00","date_gmt":"2014-07-18T12:30:00","guid":{"rendered":"https:\/\/www.webdo.tn\/fr\/blog\/tarrouche-souvenir-terroristes-les-montagnes-etre-eliminer-cholesterol\/180197\/"},"modified":"2025-06-04T18:20:54","modified_gmt":"2025-06-04T18:20:54","slug":"tarrouche-souvenir-terroristes-les-montagnes-etre-eliminer-cholesterol-2","status":"publish","type":"post","link":"https:\/\/www.webdo.tn\/fr\/actualite\/terrorisme\/tarrouche-souvenir-terroristes-les-montagnes-etre-eliminer-cholesterol-2\/180197\/","title":{"rendered":"Tarrouche souvenir : Terroristes dans les montagnes ? Peut-\u00eatre pour \u00e9liminer le cholest\u00e9rol !"},"content":{"rendered":"<p>Humour Tounssi<\/p>\n<p>\u00a0<\/p>\n<p>Suite \u00e0 la trag\u00e9die de Chambi, certains facebookers tunisiens se sont rappel\u00e9 les d\u00e9clarations de \u00a0Khaled Tarrouche , l&rsquo;ex-porte parole du minist\u00e8re de l&rsquo;Int\u00e9rieur Ali Laaridh, une mani\u00e8re comme une autre pour pointer la responsabilit\u00e9 du minist\u00e8re face au danger terroriste.<\/p>\n<p>Il y a deux ans, Sahbi Jouini, du syndicat des forces de l&rsquo;ordre, a r\u00e9v\u00e9l\u00e9 sur la radio Shems FM, le 28 mais 2012, que des groupes terroristes s\u2019entra\u00eenaient dans les montagnes\u00a0\u00a0pour ex\u00e9cuter des\u00a0op\u00e9rations terroristes\u00a0en\u00a0Tunisie.<\/p>\n<p>\u00ab Des op\u00e9rations terroristes relevant de courants connus sont en train de faire peser des menaces sur le pays, par l\u2019extension de leurs activit\u00e9s qui visent les postes de s\u00e9curit\u00e9, les h\u00f4tels et les ports, et, bient\u00f4t les plages\u00a0\u00bb a-t-il pr\u00e9cis\u00e9.<\/p>\n<p>Le lendemain\u00a0M.Tarrouche, \u00a0a \u00e9t\u00e9 invit\u00e9 sur la m\u00eame radio. Face \u00e0 la question du journaliste sur l&rsquo;existence de groupes terroristes dans les montagnes, le porte-parole du minist\u00e8re a cat\u00e9goriquement ni\u00e9 les r\u00e9v\u00e9lations de M. Jouini r\u00e9pondant avec une teinte de cynisme que \u00e7a serait\u00a0\u00abpeut-\u00eatre quelqu&rsquo;un qui veut \u00e9liminer son cholest\u00e9rol ou autre&#8230;\u00bb!<\/p>\n<p>Un \u00ab\u00a0humour\u00a0\u00bb qui a co\u00fbt\u00e9 tr\u00e8s cher \u00e0 la Tunisie.<\/p>\n","protected":false},"excerpt":{"rendered":"<p>Tarrouche souvenir : Terroristes dans les montagnes ? Peut-\u00eatre pour \u00e9liminer le cholest\u00e9rol !<\/p>\n","protected":false},"author":3222,"featured_media":320929,"comment_status":"open","ping_status":"closed","sticky":false,"template":"","format":"standard","meta":{"footnotes":""},"categories":[11342],"tags":[],"class_list":["post-180197","post","type-post","status-publish","format-standard","has-post-thumbnail","hentry","category-terrorisme"],"yoast_head":"<!-- This site is optimized with the Yoast SEO Premium plugin v27.5 (Yoast SEO v27.5) - https:\/\/yoast.com\/product\/yoast-seo-premium-wordpress\/ -->\n<title>Tarrouche souvenir : Terroristes dans les montagnes ? Peut-\u00eatre pour \u00e9liminer le cholest\u00e9rol !<\/title>\n<meta name=\"description\" content=\"Tarrouche souvenir : Terroristes dans les montagnes ? Peut-\u00eatre pour \u00e9liminer le cholest\u00e9rol !\" \/>\n<link rel=\"canonical\" href=\"https:\/\/www.webdo.tn\/fr\/actualite\/terrorisme\/tarrouche-souvenir-terroristes-les-montagnes-etre-eliminer-cholesterol-2\/180197\/\" \/>\n<meta property=\"og:locale\" content=\"fr_FR\" \/>\n<meta property=\"og:type\" content=\"article\" \/>\n<meta property=\"og:title\" content=\"Tarrouche souvenir : Terroristes dans les montagnes ? Peut-\u00eatre pour \u00e9liminer le cholest\u00e9rol !\" \/>\n<meta property=\"og:description\" content=\"Tarrouche souvenir : Terroristes dans les montagnes ? Peut-\u00eatre pour \u00e9liminer le cholest\u00e9rol !\" \/>\n<meta property=\"og:url\" content=\"https:\/\/www.webdo.tn\/fr\/actualite\/terrorisme\/tarrouche-souvenir-terroristes-les-montagnes-etre-eliminer-cholesterol-2\/180197\/\" \/>\n<meta property=\"og:site_name\" content=\"webdo\" \/>\n<meta property=\"article:publisher\" content=\"https:\/\/www.facebook.com\/webdotn\" \/>\n<meta property=\"article:published_time\" content=\"2014-07-18T12:30:00+00:00\" \/>\n<meta property=\"article:modified_time\" content=\"2025-06-04T18:20:54+00:00\" \/>\n<meta property=\"og:image\" content=\"https:\/\/www.webdo.tn\/fr\/wp-content\/uploads\/2014\/07\/webdo_default-1.jpg\" \/>\n\t<meta property=\"og:image:width\" content=\"800\" \/>\n\t<meta property=\"og:image:height\" content=\"500\" \/>\n\t<meta property=\"og:image:type\" content=\"image\/jpeg\" \/>\n<meta name=\"author\" content=\"webdo.tn\" \/>\n<meta name=\"twitter:card\" content=\"summary_large_image\" \/>\n<meta name=\"twitter:creator\" content=\"@webdo_tn\" \/>\n<meta name=\"twitter:site\" content=\"@webdo_tn\" \/>\n<meta name=\"twitter:label1\" content=\"\u00c9crit par\" \/>\n\t<meta name=\"twitter:data1\" content=\"webdo.tn\" \/>\n\t<meta name=\"twitter:label2\" content=\"Dur\u00e9e de lecture estim\u00e9e\" \/>\n\t<meta name=\"twitter:data2\" content=\"1 minute\" \/>\n<script type=\"application\/ld+json\" class=\"yoast-schema-graph\">{\"@context\":\"https:\\\/\\\/schema.org\",\"@graph\":[{\"@type\":\"NewsArticle\",\"@id\":\"https:\\\/\\\/www.webdo.tn\\\/fr\\\/actualite\\\/terrorisme\\\/tarrouche-souvenir-terroristes-les-montagnes-etre-eliminer-cholesterol-2\\\/180197\\\/#article\",\"isPartOf\":{\"@id\":\"https:\\\/\\\/www.webdo.tn\\\/fr\\\/actualite\\\/terrorisme\\\/tarrouche-souvenir-terroristes-les-montagnes-etre-eliminer-cholesterol-2\\\/180197\\\/\"},\"author\":{\"name\":\"webdo.tn\",\"@id\":\"https:\\\/\\\/www.webdo.tn\\\/fr\\\/#\\\/schema\\\/person\\\/9a9c6118d687c117df8ef3cc36a4d175\"},\"headline\":\"Tarrouche souvenir : Terroristes dans les montagnes ? Peut-\u00eatre pour \u00e9liminer le cholest\u00e9rol !\",\"datePublished\":\"2014-07-18T12:30:00+00:00\",\"dateModified\":\"2025-06-04T18:20:54+00:00\",\"mainEntityOfPage\":{\"@id\":\"https:\\\/\\\/www.webdo.tn\\\/fr\\\/actualite\\\/terrorisme\\\/tarrouche-souvenir-terroristes-les-montagnes-etre-eliminer-cholesterol-2\\\/180197\\\/\"},\"wordCount\":228,\"commentCount\":0,\"publisher\":{\"@id\":\"https:\\\/\\\/www.webdo.tn\\\/fr\\\/#organization\"},\"image\":{\"@id\":\"https:\\\/\\\/www.webdo.tn\\\/fr\\\/actualite\\\/terrorisme\\\/tarrouche-souvenir-terroristes-les-montagnes-etre-eliminer-cholesterol-2\\\/180197\\\/#primaryimage\"},\"thumbnailUrl\":\"https:\\\/\\\/www.webdo.tn\\\/fr\\\/wp-content\\\/uploads\\\/2014\\\/07\\\/webdo_default-1.jpg\",\"articleSection\":[\"Terrorisme\"],\"inLanguage\":\"fr-FR\"},{\"@type\":\"WebPage\",\"@id\":\"https:\\\/\\\/www.webdo.tn\\\/fr\\\/actualite\\\/terrorisme\\\/tarrouche-souvenir-terroristes-les-montagnes-etre-eliminer-cholesterol-2\\\/180197\\\/\",\"url\":\"https:\\\/\\\/www.webdo.tn\\\/fr\\\/actualite\\\/terrorisme\\\/tarrouche-souvenir-terroristes-les-montagnes-etre-eliminer-cholesterol-2\\\/180197\\\/\",\"name\":\"Tarrouche souvenir : Terroristes dans les montagnes ? Peut-\u00eatre pour \u00e9liminer le cholest\u00e9rol !\",\"isPartOf\":{\"@id\":\"https:\\\/\\\/www.webdo.tn\\\/fr\\\/#website\"},\"primaryImageOfPage\":{\"@id\":\"https:\\\/\\\/www.webdo.tn\\\/fr\\\/actualite\\\/terrorisme\\\/tarrouche-souvenir-terroristes-les-montagnes-etre-eliminer-cholesterol-2\\\/180197\\\/#primaryimage\"},\"image\":{\"@id\":\"https:\\\/\\\/www.webdo.tn\\\/fr\\\/actualite\\\/terrorisme\\\/tarrouche-souvenir-terroristes-les-montagnes-etre-eliminer-cholesterol-2\\\/180197\\\/#primaryimage\"},\"thumbnailUrl\":\"https:\\\/\\\/www.webdo.tn\\\/fr\\\/wp-content\\\/uploads\\\/2014\\\/07\\\/webdo_default-1.jpg\",\"datePublished\":\"2014-07-18T12:30:00+00:00\",\"dateModified\":\"2025-06-04T18:20:54+00:00\",\"description\":\"Tarrouche souvenir : Terroristes dans les montagnes ? Peut-\u00eatre pour \u00e9liminer le cholest\u00e9rol !\",\"breadcrumb\":{\"@id\":\"https:\\\/\\\/www.webdo.tn\\\/fr\\\/actualite\\\/terrorisme\\\/tarrouche-souvenir-terroristes-les-montagnes-etre-eliminer-cholesterol-2\\\/180197\\\/#breadcrumb\"},\"inLanguage\":\"fr-FR\",\"potentialAction\":[{\"@type\":\"ReadAction\",\"target\":[\"https:\\\/\\\/www.webdo.tn\\\/fr\\\/actualite\\\/terrorisme\\\/tarrouche-souvenir-terroristes-les-montagnes-etre-eliminer-cholesterol-2\\\/180197\\\/\"]}]},{\"@type\":\"ImageObject\",\"inLanguage\":\"fr-FR\",\"@id\":\"https:\\\/\\\/www.webdo.tn\\\/fr\\\/actualite\\\/terrorisme\\\/tarrouche-souvenir-terroristes-les-montagnes-etre-eliminer-cholesterol-2\\\/180197\\\/#primaryimage\",\"url\":\"https:\\\/\\\/www.webdo.tn\\\/fr\\\/wp-content\\\/uploads\\\/2014\\\/07\\\/webdo_default-1.jpg\",\"contentUrl\":\"https:\\\/\\\/www.webdo.tn\\\/fr\\\/wp-content\\\/uploads\\\/2014\\\/07\\\/webdo_default-1.jpg\",\"width\":800,\"height\":500,\"caption\":\"Tarrouche souvenir : Terroristes dans les montagnes ? Peut-\u00eatre pour \u00e9liminer le cholest\u00e9rol !\"},{\"@type\":\"BreadcrumbList\",\"@id\":\"https:\\\/\\\/www.webdo.tn\\\/fr\\\/actualite\\\/terrorisme\\\/tarrouche-souvenir-terroristes-les-montagnes-etre-eliminer-cholesterol-2\\\/180197\\\/#breadcrumb\",\"itemListElement\":[{\"@type\":\"ListItem\",\"position\":1,\"name\":\"Accueil\",\"item\":\"https:\\\/\\\/www.webdo.tn\\\/fr\\\/\"},{\"@type\":\"ListItem\",\"position\":2,\"name\":\"Tarrouche souvenir : Terroristes dans les montagnes ? Peut-\u00eatre pour \u00e9liminer le cholest\u00e9rol !\"}]},{\"@type\":\"WebSite\",\"@id\":\"https:\\\/\\\/www.webdo.tn\\\/fr\\\/#website\",\"url\":\"https:\\\/\\\/www.webdo.tn\\\/fr\\\/\",\"name\":\"webdo\",\"description\":\"Tunisie - News en Tunisie et \u00e0 l&#039;international sur Webdo.tn\",\"publisher\":{\"@id\":\"https:\\\/\\\/www.webdo.tn\\\/fr\\\/#organization\"},\"potentialAction\":[{\"@type\":\"SearchAction\",\"target\":{\"@type\":\"EntryPoint\",\"urlTemplate\":\"https:\\\/\\\/www.webdo.tn\\\/fr\\\/?s={search_term_string}\"},\"query-input\":{\"@type\":\"PropertyValueSpecification\",\"valueRequired\":true,\"valueName\":\"search_term_string\"}}],\"inLanguage\":\"fr-FR\"},{\"@type\":\"Organization\",\"@id\":\"https:\\\/\\\/www.webdo.tn\\\/fr\\\/#organization\",\"name\":\"Webdo\",\"alternateName\":\"Webdo.tn\",\"url\":\"https:\\\/\\\/www.webdo.tn\\\/fr\\\/\",\"logo\":{\"@type\":\"ImageObject\",\"inLanguage\":\"fr-FR\",\"@id\":\"https:\\\/\\\/www.webdo.tn\\\/fr\\\/#\\\/schema\\\/logo\\\/image\\\/\",\"url\":\"https:\\\/\\\/www.webdo.tn\\\/fr\\\/wp-content\\\/uploads\\\/2025\\\/06\\\/Webdo-Tunisie_168377.jpg\",\"contentUrl\":\"https:\\\/\\\/www.webdo.tn\\\/fr\\\/wp-content\\\/uploads\\\/2025\\\/06\\\/Webdo-Tunisie_168377.jpg\",\"width\":301,\"height\":301,\"caption\":\"Webdo\"},\"image\":{\"@id\":\"https:\\\/\\\/www.webdo.tn\\\/fr\\\/#\\\/schema\\\/logo\\\/image\\\/\"},\"sameAs\":[\"https:\\\/\\\/www.facebook.com\\\/webdotn\",\"https:\\\/\\\/x.com\\\/webdo_tn\"],\"description\":\"Webdo est un m\u00e9dia num\u00e9rique tunisien fond\u00e9 en 2010, sp\u00e9cialis\u00e9 dans l\u2019actualit\u00e9 nationale et internationale, l\u2019\u00e9conomie, la soci\u00e9t\u00e9 et les analyses politiques. Le site s\u2019adresse \u00e0 un large public francophone et couvre l\u2019information tunisienne en temps r\u00e9el.\",\"email\":\"redac@webdo.tn\",\"legalName\":\"YNJ SARL\",\"foundingDate\":\"2010-09-06\",\"numberOfEmployees\":{\"@type\":\"QuantitativeValue\",\"minValue\":\"11\",\"maxValue\":\"50\"}},{\"@type\":\"Person\",\"@id\":\"https:\\\/\\\/www.webdo.tn\\\/fr\\\/#\\\/schema\\\/person\\\/9a9c6118d687c117df8ef3cc36a4d175\",\"name\":\"webdo.tn\",\"image\":{\"@type\":\"ImageObject\",\"inLanguage\":\"fr-FR\",\"@id\":\"https:\\\/\\\/secure.gravatar.com\\\/avatar\\\/7ce1f28c0c3bbac99ff550b85ef8e44a6950c6ee24514fb6a5489e51d06f0298?s=96&d=mm&r=g\",\"url\":\"https:\\\/\\\/secure.gravatar.com\\\/avatar\\\/7ce1f28c0c3bbac99ff550b85ef8e44a6950c6ee24514fb6a5489e51d06f0298?s=96&d=mm&r=g\",\"contentUrl\":\"https:\\\/\\\/secure.gravatar.com\\\/avatar\\\/7ce1f28c0c3bbac99ff550b85ef8e44a6950c6ee24514fb6a5489e51d06f0298?s=96&d=mm&r=g\",\"caption\":\"webdo.tn\"},\"url\":\"https:\\\/\\\/www.webdo.tn\\\/fr\\\/actualite\\\/author\\\/webdotn\\\/\"}]}<\/script>\n<!-- \/ Yoast SEO Premium plugin. -->","yoast_head_json":{"title":"Tarrouche souvenir : Terroristes dans les montagnes ? Peut-\u00eatre pour \u00e9liminer le cholest\u00e9rol !","description":"Tarrouche souvenir : Terroristes dans les montagnes ? Peut-\u00eatre pour \u00e9liminer le cholest\u00e9rol !","canonical":"https:\/\/www.webdo.tn\/fr\/actualite\/terrorisme\/tarrouche-souvenir-terroristes-les-montagnes-etre-eliminer-cholesterol-2\/180197\/","og_locale":"fr_FR","og_type":"article","og_title":"Tarrouche souvenir : Terroristes dans les montagnes ? Peut-\u00eatre pour \u00e9liminer le cholest\u00e9rol !","og_description":"Tarrouche souvenir : Terroristes dans les montagnes ? Peut-\u00eatre pour \u00e9liminer le cholest\u00e9rol !","og_url":"https:\/\/www.webdo.tn\/fr\/actualite\/terrorisme\/tarrouche-souvenir-terroristes-les-montagnes-etre-eliminer-cholesterol-2\/180197\/","og_site_name":"webdo","article_publisher":"https:\/\/www.facebook.com\/webdotn","article_published_time":"2014-07-18T12:30:00+00:00","article_modified_time":"2025-06-04T18:20:54+00:00","og_image":[{"width":800,"height":500,"url":"https:\/\/www.webdo.tn\/fr\/wp-content\/uploads\/2014\/07\/webdo_default-1.jpg","type":"image\/jpeg"}],"author":"webdo.tn","twitter_card":"summary_large_image","twitter_creator":"@webdo_tn","twitter_site":"@webdo_tn","twitter_misc":{"\u00c9crit par":"webdo.tn","Dur\u00e9e de lecture estim\u00e9e":"1 minute"},"schema":{"@context":"https:\/\/schema.org","@graph":[{"@type":"NewsArticle","@id":"https:\/\/www.webdo.tn\/fr\/actualite\/terrorisme\/tarrouche-souvenir-terroristes-les-montagnes-etre-eliminer-cholesterol-2\/180197\/#article","isPartOf":{"@id":"https:\/\/www.webdo.tn\/fr\/actualite\/terrorisme\/tarrouche-souvenir-terroristes-les-montagnes-etre-eliminer-cholesterol-2\/180197\/"},"author":{"name":"webdo.tn","@id":"https:\/\/www.webdo.tn\/fr\/#\/schema\/person\/9a9c6118d687c117df8ef3cc36a4d175"},"headline":"Tarrouche souvenir : Terroristes dans les montagnes ? Peut-\u00eatre pour \u00e9liminer le cholest\u00e9rol !","datePublished":"2014-07-18T12:30:00+00:00","dateModified":"2025-06-04T18:20:54+00:00","mainEntityOfPage":{"@id":"https:\/\/www.webdo.tn\/fr\/actualite\/terrorisme\/tarrouche-souvenir-terroristes-les-montagnes-etre-eliminer-cholesterol-2\/180197\/"},"wordCount":228,"commentCount":0,"publisher":{"@id":"https:\/\/www.webdo.tn\/fr\/#organization"},"image":{"@id":"https:\/\/www.webdo.tn\/fr\/actualite\/terrorisme\/tarrouche-souvenir-terroristes-les-montagnes-etre-eliminer-cholesterol-2\/180197\/#primaryimage"},"thumbnailUrl":"https:\/\/www.webdo.tn\/fr\/wp-content\/uploads\/2014\/07\/webdo_default-1.jpg","articleSection":["Terrorisme"],"inLanguage":"fr-FR"},{"@type":"WebPage","@id":"https:\/\/www.webdo.tn\/fr\/actualite\/terrorisme\/tarrouche-souvenir-terroristes-les-montagnes-etre-eliminer-cholesterol-2\/180197\/","url":"https:\/\/www.webdo.tn\/fr\/actualite\/terrorisme\/tarrouche-souvenir-terroristes-les-montagnes-etre-eliminer-cholesterol-2\/180197\/","name":"Tarrouche souvenir : Terroristes dans les montagnes ? Peut-\u00eatre pour \u00e9liminer le cholest\u00e9rol !","isPartOf":{"@id":"https:\/\/www.webdo.tn\/fr\/#website"},"primaryImageOfPage":{"@id":"https:\/\/www.webdo.tn\/fr\/actualite\/terrorisme\/tarrouche-souvenir-terroristes-les-montagnes-etre-eliminer-cholesterol-2\/180197\/#primaryimage"},"image":{"@id":"https:\/\/www.webdo.tn\/fr\/actualite\/terrorisme\/tarrouche-souvenir-terroristes-les-montagnes-etre-eliminer-cholesterol-2\/180197\/#primaryimage"},"thumbnailUrl":"https:\/\/www.webdo.tn\/fr\/wp-content\/uploads\/2014\/07\/webdo_default-1.jpg","datePublished":"2014-07-18T12:30:00+00:00","dateModified":"2025-06-04T18:20:54+00:00","description":"Tarrouche souvenir : Terroristes dans les montagnes ? Peut-\u00eatre pour \u00e9liminer le cholest\u00e9rol !","breadcrumb":{"@id":"https:\/\/www.webdo.tn\/fr\/actualite\/terrorisme\/tarrouche-souvenir-terroristes-les-montagnes-etre-eliminer-cholesterol-2\/180197\/#breadcrumb"},"inLanguage":"fr-FR","potentialAction":[{"@type":"ReadAction","target":["https:\/\/www.webdo.tn\/fr\/actualite\/terrorisme\/tarrouche-souvenir-terroristes-les-montagnes-etre-eliminer-cholesterol-2\/180197\/"]}]},{"@type":"ImageObject","inLanguage":"fr-FR","@id":"https:\/\/www.webdo.tn\/fr\/actualite\/terrorisme\/tarrouche-souvenir-terroristes-les-montagnes-etre-eliminer-cholesterol-2\/180197\/#primaryimage","url":"https:\/\/www.webdo.tn\/fr\/wp-content\/uploads\/2014\/07\/webdo_default-1.jpg","contentUrl":"https:\/\/www.webdo.tn\/fr\/wp-content\/uploads\/2014\/07\/webdo_default-1.jpg","width":800,"height":500,"caption":"Tarrouche souvenir : Terroristes dans les montagnes ? Peut-\u00eatre pour \u00e9liminer le cholest\u00e9rol !"},{"@type":"BreadcrumbList","@id":"https:\/\/www.webdo.tn\/fr\/actualite\/terrorisme\/tarrouche-souvenir-terroristes-les-montagnes-etre-eliminer-cholesterol-2\/180197\/#breadcrumb","itemListElement":[{"@type":"ListItem","position":1,"name":"Accueil","item":"https:\/\/www.webdo.tn\/fr\/"},{"@type":"ListItem","position":2,"name":"Tarrouche souvenir : Terroristes dans les montagnes ? Peut-\u00eatre pour \u00e9liminer le cholest\u00e9rol !"}]},{"@type":"WebSite","@id":"https:\/\/www.webdo.tn\/fr\/#website","url":"https:\/\/www.webdo.tn\/fr\/","name":"webdo","description":"Tunisie - News en Tunisie et \u00e0 l&#039;international sur Webdo.tn","publisher":{"@id":"https:\/\/www.webdo.tn\/fr\/#organization"},"potentialAction":[{"@type":"SearchAction","target":{"@type":"EntryPoint","urlTemplate":"https:\/\/www.webdo.tn\/fr\/?s={search_term_string}"},"query-input":{"@type":"PropertyValueSpecification","valueRequired":true,"valueName":"search_term_string"}}],"inLanguage":"fr-FR"},{"@type":"Organization","@id":"https:\/\/www.webdo.tn\/fr\/#organization","name":"Webdo","alternateName":"Webdo.tn","url":"https:\/\/www.webdo.tn\/fr\/","logo":{"@type":"ImageObject","inLanguage":"fr-FR","@id":"https:\/\/www.webdo.tn\/fr\/#\/schema\/logo\/image\/","url":"https:\/\/www.webdo.tn\/fr\/wp-content\/uploads\/2025\/06\/Webdo-Tunisie_168377.jpg","contentUrl":"https:\/\/www.webdo.tn\/fr\/wp-content\/uploads\/2025\/06\/Webdo-Tunisie_168377.jpg","width":301,"height":301,"caption":"Webdo"},"image":{"@id":"https:\/\/www.webdo.tn\/fr\/#\/schema\/logo\/image\/"},"sameAs":["https:\/\/www.facebook.com\/webdotn","https:\/\/x.com\/webdo_tn"],"description":"Webdo est un m\u00e9dia num\u00e9rique tunisien fond\u00e9 en 2010, sp\u00e9cialis\u00e9 dans l\u2019actualit\u00e9 nationale et internationale, l\u2019\u00e9conomie, la soci\u00e9t\u00e9 et les analyses politiques. Le site s\u2019adresse \u00e0 un large public francophone et couvre l\u2019information tunisienne en temps r\u00e9el.","email":"redac@webdo.tn","legalName":"YNJ SARL","foundingDate":"2010-09-06","numberOfEmployees":{"@type":"QuantitativeValue","minValue":"11","maxValue":"50"}},{"@type":"Person","@id":"https:\/\/www.webdo.tn\/fr\/#\/schema\/person\/9a9c6118d687c117df8ef3cc36a4d175","name":"webdo.tn","image":{"@type":"ImageObject","inLanguage":"fr-FR","@id":"https:\/\/secure.gravatar.com\/avatar\/7ce1f28c0c3bbac99ff550b85ef8e44a6950c6ee24514fb6a5489e51d06f0298?s=96&d=mm&r=g","url":"https:\/\/secure.gravatar.com\/avatar\/7ce1f28c0c3bbac99ff550b85ef8e44a6950c6ee24514fb6a5489e51d06f0298?s=96&d=mm&r=g","contentUrl":"https:\/\/secure.gravatar.com\/avatar\/7ce1f28c0c3bbac99ff550b85ef8e44a6950c6ee24514fb6a5489e51d06f0298?s=96&d=mm&r=g","caption":"webdo.tn"},"url":"https:\/\/www.webdo.tn\/fr\/actualite\/author\/webdotn\/"}]}},"_links":{"self":[{"href":"https:\/\/www.webdo.tn\/fr\/wp-json\/wp\/v2\/posts\/180197","targetHints":{"allow":["GET"]}}],"collection":[{"href":"https:\/\/www.webdo.tn\/fr\/wp-json\/wp\/v2\/posts"}],"about":[{"href":"https:\/\/www.webdo.tn\/fr\/wp-json\/wp\/v2\/types\/post"}],"author":[{"embeddable":true,"href":"https:\/\/www.webdo.tn\/fr\/wp-json\/wp\/v2\/users\/3222"}],"replies":[{"embeddable":true,"href":"https:\/\/www.webdo.tn\/fr\/wp-json\/wp\/v2\/comments?post=180197"}],"version-history":[{"count":0,"href":"https:\/\/www.webdo.tn\/fr\/wp-json\/wp\/v2\/posts\/180197\/revisions"}],"wp:featuredmedia":[{"embeddable":true,"href":"https:\/\/www.webdo.tn\/fr\/wp-json\/wp\/v2\/media\/320929"}],"wp:attachment":[{"href":"https:\/\/www.webdo.tn\/fr\/wp-json\/wp\/v2\/media?parent=180197"}],"wp:term":[{"taxonomy":"category","embeddable":true,"href":"https:\/\/www.webdo.tn\/fr\/wp-json\/wp\/v2\/categories?post=180197"},{"taxonomy":"post_tag","embeddable":true,"href":"https:\/\/www.webdo.tn\/fr\/wp-json\/wp\/v2\/tags?post=180197"}],"curies":[{"name":"wp","href":"https:\/\/api.w.org\/{rel}","templated":true}]}}