{"id":180196,"date":"2014-07-18T13:11:00","date_gmt":"2014-07-18T13:11:00","guid":{"rendered":"https:\/\/www.webdo.tn\/fr\/blog\/halima-maalej-tante-du-soldat-disparu-dernier-contact-ete-pere\/180196\/"},"modified":"2025-05-22T13:09:28","modified_gmt":"2025-05-22T13:09:28","slug":"halima-maalej-tante-du-soldat-disparu-dernier-contact-ete-pere","status":"publish","type":"post","link":"https:\/\/www.webdo.tn\/fr\/actualite\/terrorisme\/halima-maalej-tante-du-soldat-disparu-dernier-contact-ete-pere\/180196\/","title":{"rendered":"Halima Maalej, tante du soldat disparu : \u00abSon dernier contact a \u00e9t\u00e9 avec son p\u00e8re\u00bb"},"content":{"rendered":"<p>MISE A JOUR &#8211; Halima Maalej, tante de Walid Ben Abdallah, le militaire port\u00e9 disparu, suite \u00e0 l&#8217;embuscade terroriste du 16 juillet 2014, nous a confirm\u00e9 que son neveu a \u00e9t\u00e9 retrouv\u00e9 mort.<\/p>\n<p>\u00ab\u00a0On vient de nous annoncer que le corps de Walid a \u00e9t\u00e9 retrouv\u00e9\u00a0\u00bb, nous a-t-elle d\u00e9clar\u00e9.<\/p>\n<p>Encore sous le choc de cette terrible nouvelle, Halima Maalej n&rsquo;avait pu nous donner d&rsquo;autres d\u00e9tails concernant la mort de son neveu dont elle nous avait dress\u00e9 un portrait quelques heures plus t\u00f4t.<\/p>\n<p>Le soldat disparu depuis l&rsquo;attaque terroristes contre les militaires \u00e0 Chambi s&rsquo;est av\u00e9r\u00e9 \u00eatre le neveu de l&rsquo;ex-dirigeante de la fameuse Ligue de protection de la r\u00e9volution connue pour son extr\u00e9misme. Nous avions contact\u00e9 Mme Maalej pour en savoir plus<\/p>\n<p>\u00abIl a \u00e9t\u00e9 enlev\u00e9. C\u2019est ce qu\u2019ont affirm\u00e9 trois militaires bless\u00e9s dans l\u2019attaque terroriste\u00bb, pr\u00e9cise sa tante Halima Maalej.<\/p>\n<p>D&rsquo;apr\u00e8s elle, le dernier contact du soldat Ben Abdallah a \u00e9t\u00e9 ce mercredi 16 juillet avec son p\u00e8re.<br \/>\n\u00ab Aujourd\u2019hui, on ignore tout de ce qui lui est advenu. La derni\u00e8re fois qu\u2019il a appel\u00e9, c\u2019\u00e9tait le matin de la trag\u00e9die. Il a appel\u00e9 son p\u00e8re, comme il avait l\u2019habitude de le faire de temps \u00e0 autre. Il venait de reprendre deux jours auparavant apr\u00e8s un cong\u00e9 de quelques jours qu\u2019il a pass\u00e9 aupr\u00e8s de sa famille\u00bb.<br \/>\nD&rsquo;apr\u00e8s Mme Maalej, Walid, \u00e2g\u00e9 de 24 ans, habitait El Menzah 8 (Gouvernorat de l\u2019Ariana). Il \u00e9tait coiffeur avant d\u2019int\u00e9grer l\u2019Arm\u00e9e. Il avait m\u00eame un dipl\u00f4me de coiffure, affirme-t-elle.\u00a0\u00absauf qu\u2019\u00e0 l\u2019\u00e2ge de 19 ans, il a d\u00e9cid\u00e9 de tout laisser tomber pour s\u2019engager&#8230;\u00bb<\/p>\n<p>Sans nouvelles depuis la trag\u00e9die, Halima Maalej trahit une certaine effervescence, celle de l\u2019attente, celle aussi d\u2019\u00eatre confront\u00e9e \u00e0 une vague de rumeurs concernant le sort de son neveu. Rumeurs dont elle doit faire face avec le reste de la famille.<br \/>\n\u00abLes autorit\u00e9s, l\u2019Arm\u00e9e, le minist\u00e8re de la D\u00e9fense, nous ont demand\u00e9s de ne croire personne ni \u00e9couter des rumeurs pouvant nous alt\u00e9rer alors que nous vivons dans une tension extr\u00eame. Ils nous ont bien signal\u00e9s que nous serons inform\u00e9s les premiers en cas de nouveaux \u00e9l\u00e9ments\u2026 Voil\u00e0, on attend !\u00bb<br \/>\nLa tristesse est palpable, la tension \u00e9galement. Dans son r\u00e9cit, Halima Maalej ne manque pas l\u2019occasion de vanter les m\u00e9rites du fils de son fr\u00e8re \u00abqui a su choisir sa voie\u00bb, dit-elle fi\u00e8rement. Au passage, elle ne manque pas aussi d\u2019\u00e9gratigner tous ceux qui instrumentalisent ce genre d\u2019\u00e9v\u00e9nements tragiques.<\/p>\n","protected":false},"excerpt":{"rendered":"<p>Halima Maalej, tante du soldat disparu : \u00abSon dernier contact a \u00e9t\u00e9 avec son p\u00e8re\u00bb<\/p>\n","protected":false},"author":3222,"featured_media":320935,"comment_status":"open","ping_status":"closed","sticky":false,"template":"","format":"standard","meta":{"footnotes":""},"categories":[11342],"tags":[],"class_list":["post-180196","post","type-post","status-publish","format-standard","has-post-thumbnail","hentry","category-terrorisme"],"yoast_head":"<!-- This site is optimized with the Yoast SEO Premium plugin v27.5 (Yoast SEO v27.5) - https:\/\/yoast.com\/product\/yoast-seo-premium-wordpress\/ -->\n<title>Halima Maalej, tante du soldat disparu : \u00abSon dernier contact a \u00e9t\u00e9 avec son p\u00e8re\u00bb<\/title>\n<meta name=\"description\" content=\"Halima Maalej, tante du soldat disparu : \u00abSon dernier contact a \u00e9t\u00e9 avec son p\u00e8re\u00bb\" \/>\n<link rel=\"canonical\" href=\"https:\/\/www.webdo.tn\/fr\/actualite\/terrorisme\/halima-maalej-tante-du-soldat-disparu-dernier-contact-ete-pere\/180196\/\" \/>\n<meta property=\"og:locale\" content=\"fr_FR\" \/>\n<meta property=\"og:type\" content=\"article\" \/>\n<meta property=\"og:title\" content=\"Halima Maalej, tante du soldat disparu : \u00abSon dernier contact a \u00e9t\u00e9 avec son p\u00e8re\u00bb\" \/>\n<meta property=\"og:description\" content=\"Halima Maalej, tante du soldat disparu : \u00abSon dernier contact a \u00e9t\u00e9 avec son p\u00e8re\u00bb\" \/>\n<meta property=\"og:url\" content=\"https:\/\/www.webdo.tn\/fr\/actualite\/terrorisme\/halima-maalej-tante-du-soldat-disparu-dernier-contact-ete-pere\/180196\/\" \/>\n<meta property=\"og:site_name\" content=\"webdo\" \/>\n<meta property=\"article:publisher\" content=\"https:\/\/www.facebook.com\/webdotn\" \/>\n<meta property=\"article:published_time\" content=\"2014-07-18T13:11:00+00:00\" \/>\n<meta property=\"article:modified_time\" content=\"2025-05-22T13:09:28+00:00\" \/>\n<meta property=\"og:image\" content=\"https:\/\/www.webdo.tn\/fr\/wp-content\/uploads\/2014\/07\/Halima-Maalej-1.jpg\" \/>\n\t<meta property=\"og:image:width\" content=\"325\" \/>\n\t<meta property=\"og:image:height\" content=\"250\" \/>\n\t<meta property=\"og:image:type\" content=\"image\/jpeg\" \/>\n<meta name=\"author\" content=\"webdo.tn\" \/>\n<meta name=\"twitter:card\" content=\"summary_large_image\" \/>\n<meta name=\"twitter:creator\" content=\"@webdo_tn\" \/>\n<meta name=\"twitter:site\" content=\"@webdo_tn\" \/>\n<meta name=\"twitter:label1\" content=\"\u00c9crit par\" \/>\n\t<meta name=\"twitter:data1\" content=\"webdo.tn\" \/>\n\t<meta name=\"twitter:label2\" content=\"Dur\u00e9e de lecture estim\u00e9e\" \/>\n\t<meta name=\"twitter:data2\" content=\"2 minutes\" \/>\n<script type=\"application\/ld+json\" class=\"yoast-schema-graph\">{\"@context\":\"https:\\\/\\\/schema.org\",\"@graph\":[{\"@type\":\"NewsArticle\",\"@id\":\"https:\\\/\\\/www.webdo.tn\\\/fr\\\/actualite\\\/terrorisme\\\/halima-maalej-tante-du-soldat-disparu-dernier-contact-ete-pere\\\/180196\\\/#article\",\"isPartOf\":{\"@id\":\"https:\\\/\\\/www.webdo.tn\\\/fr\\\/actualite\\\/terrorisme\\\/halima-maalej-tante-du-soldat-disparu-dernier-contact-ete-pere\\\/180196\\\/\"},\"author\":{\"name\":\"webdo.tn\",\"@id\":\"https:\\\/\\\/www.webdo.tn\\\/fr\\\/#\\\/schema\\\/person\\\/9a9c6118d687c117df8ef3cc36a4d175\"},\"headline\":\"Halima Maalej, tante du soldat disparu : \u00abSon dernier contact a \u00e9t\u00e9 avec son p\u00e8re\u00bb\",\"datePublished\":\"2014-07-18T13:11:00+00:00\",\"dateModified\":\"2025-05-22T13:09:28+00:00\",\"mainEntityOfPage\":{\"@id\":\"https:\\\/\\\/www.webdo.tn\\\/fr\\\/actualite\\\/terrorisme\\\/halima-maalej-tante-du-soldat-disparu-dernier-contact-ete-pere\\\/180196\\\/\"},\"wordCount\":470,\"commentCount\":0,\"publisher\":{\"@id\":\"https:\\\/\\\/www.webdo.tn\\\/fr\\\/#organization\"},\"image\":{\"@id\":\"https:\\\/\\\/www.webdo.tn\\\/fr\\\/actualite\\\/terrorisme\\\/halima-maalej-tante-du-soldat-disparu-dernier-contact-ete-pere\\\/180196\\\/#primaryimage\"},\"thumbnailUrl\":\"https:\\\/\\\/www.webdo.tn\\\/fr\\\/wp-content\\\/uploads\\\/2014\\\/07\\\/Halima-Maalej-1.jpg\",\"articleSection\":[\"Terrorisme\"],\"inLanguage\":\"fr-FR\"},{\"@type\":\"WebPage\",\"@id\":\"https:\\\/\\\/www.webdo.tn\\\/fr\\\/actualite\\\/terrorisme\\\/halima-maalej-tante-du-soldat-disparu-dernier-contact-ete-pere\\\/180196\\\/\",\"url\":\"https:\\\/\\\/www.webdo.tn\\\/fr\\\/actualite\\\/terrorisme\\\/halima-maalej-tante-du-soldat-disparu-dernier-contact-ete-pere\\\/180196\\\/\",\"name\":\"Halima Maalej, tante du soldat disparu : \u00abSon dernier contact a \u00e9t\u00e9 avec son p\u00e8re\u00bb\",\"isPartOf\":{\"@id\":\"https:\\\/\\\/www.webdo.tn\\\/fr\\\/#website\"},\"primaryImageOfPage\":{\"@id\":\"https:\\\/\\\/www.webdo.tn\\\/fr\\\/actualite\\\/terrorisme\\\/halima-maalej-tante-du-soldat-disparu-dernier-contact-ete-pere\\\/180196\\\/#primaryimage\"},\"image\":{\"@id\":\"https:\\\/\\\/www.webdo.tn\\\/fr\\\/actualite\\\/terrorisme\\\/halima-maalej-tante-du-soldat-disparu-dernier-contact-ete-pere\\\/180196\\\/#primaryimage\"},\"thumbnailUrl\":\"https:\\\/\\\/www.webdo.tn\\\/fr\\\/wp-content\\\/uploads\\\/2014\\\/07\\\/Halima-Maalej-1.jpg\",\"datePublished\":\"2014-07-18T13:11:00+00:00\",\"dateModified\":\"2025-05-22T13:09:28+00:00\",\"description\":\"Halima Maalej, tante du soldat disparu : \u00abSon dernier contact a \u00e9t\u00e9 avec son p\u00e8re\u00bb\",\"breadcrumb\":{\"@id\":\"https:\\\/\\\/www.webdo.tn\\\/fr\\\/actualite\\\/terrorisme\\\/halima-maalej-tante-du-soldat-disparu-dernier-contact-ete-pere\\\/180196\\\/#breadcrumb\"},\"inLanguage\":\"fr-FR\",\"potentialAction\":[{\"@type\":\"ReadAction\",\"target\":[\"https:\\\/\\\/www.webdo.tn\\\/fr\\\/actualite\\\/terrorisme\\\/halima-maalej-tante-du-soldat-disparu-dernier-contact-ete-pere\\\/180196\\\/\"]}]},{\"@type\":\"ImageObject\",\"inLanguage\":\"fr-FR\",\"@id\":\"https:\\\/\\\/www.webdo.tn\\\/fr\\\/actualite\\\/terrorisme\\\/halima-maalej-tante-du-soldat-disparu-dernier-contact-ete-pere\\\/180196\\\/#primaryimage\",\"url\":\"https:\\\/\\\/www.webdo.tn\\\/fr\\\/wp-content\\\/uploads\\\/2014\\\/07\\\/Halima-Maalej-1.jpg\",\"contentUrl\":\"https:\\\/\\\/www.webdo.tn\\\/fr\\\/wp-content\\\/uploads\\\/2014\\\/07\\\/Halima-Maalej-1.jpg\",\"width\":325,\"height\":250,\"caption\":\"Halima Maalej, tante du soldat disparu : \u00abSon dernier contact a \u00e9t\u00e9 avec son p\u00e8re\u00bb\"},{\"@type\":\"BreadcrumbList\",\"@id\":\"https:\\\/\\\/www.webdo.tn\\\/fr\\\/actualite\\\/terrorisme\\\/halima-maalej-tante-du-soldat-disparu-dernier-contact-ete-pere\\\/180196\\\/#breadcrumb\",\"itemListElement\":[{\"@type\":\"ListItem\",\"position\":1,\"name\":\"Accueil\",\"item\":\"https:\\\/\\\/www.webdo.tn\\\/fr\\\/\"},{\"@type\":\"ListItem\",\"position\":2,\"name\":\"Halima Maalej, tante du soldat disparu : \u00abSon dernier contact a \u00e9t\u00e9 avec son p\u00e8re\u00bb\"}]},{\"@type\":\"WebSite\",\"@id\":\"https:\\\/\\\/www.webdo.tn\\\/fr\\\/#website\",\"url\":\"https:\\\/\\\/www.webdo.tn\\\/fr\\\/\",\"name\":\"webdo\",\"description\":\"Tunisie - News en Tunisie et \u00e0 l&#039;international sur Webdo.tn\",\"publisher\":{\"@id\":\"https:\\\/\\\/www.webdo.tn\\\/fr\\\/#organization\"},\"potentialAction\":[{\"@type\":\"SearchAction\",\"target\":{\"@type\":\"EntryPoint\",\"urlTemplate\":\"https:\\\/\\\/www.webdo.tn\\\/fr\\\/?s={search_term_string}\"},\"query-input\":{\"@type\":\"PropertyValueSpecification\",\"valueRequired\":true,\"valueName\":\"search_term_string\"}}],\"inLanguage\":\"fr-FR\"},{\"@type\":\"Organization\",\"@id\":\"https:\\\/\\\/www.webdo.tn\\\/fr\\\/#organization\",\"name\":\"Webdo\",\"alternateName\":\"Webdo.tn\",\"url\":\"https:\\\/\\\/www.webdo.tn\\\/fr\\\/\",\"logo\":{\"@type\":\"ImageObject\",\"inLanguage\":\"fr-FR\",\"@id\":\"https:\\\/\\\/www.webdo.tn\\\/fr\\\/#\\\/schema\\\/logo\\\/image\\\/\",\"url\":\"https:\\\/\\\/www.webdo.tn\\\/fr\\\/wp-content\\\/uploads\\\/2025\\\/06\\\/Webdo-Tunisie_168377.jpg\",\"contentUrl\":\"https:\\\/\\\/www.webdo.tn\\\/fr\\\/wp-content\\\/uploads\\\/2025\\\/06\\\/Webdo-Tunisie_168377.jpg\",\"width\":301,\"height\":301,\"caption\":\"Webdo\"},\"image\":{\"@id\":\"https:\\\/\\\/www.webdo.tn\\\/fr\\\/#\\\/schema\\\/logo\\\/image\\\/\"},\"sameAs\":[\"https:\\\/\\\/www.facebook.com\\\/webdotn\",\"https:\\\/\\\/x.com\\\/webdo_tn\"],\"description\":\"Webdo est un m\u00e9dia num\u00e9rique tunisien fond\u00e9 en 2010, sp\u00e9cialis\u00e9 dans l\u2019actualit\u00e9 nationale et internationale, l\u2019\u00e9conomie, la soci\u00e9t\u00e9 et les analyses politiques. Le site s\u2019adresse \u00e0 un large public francophone et couvre l\u2019information tunisienne en temps r\u00e9el.\",\"email\":\"redac@webdo.tn\",\"legalName\":\"YNJ SARL\",\"foundingDate\":\"2010-09-06\",\"numberOfEmployees\":{\"@type\":\"QuantitativeValue\",\"minValue\":\"11\",\"maxValue\":\"50\"}},{\"@type\":\"Person\",\"@id\":\"https:\\\/\\\/www.webdo.tn\\\/fr\\\/#\\\/schema\\\/person\\\/9a9c6118d687c117df8ef3cc36a4d175\",\"name\":\"webdo.tn\",\"image\":{\"@type\":\"ImageObject\",\"inLanguage\":\"fr-FR\",\"@id\":\"https:\\\/\\\/secure.gravatar.com\\\/avatar\\\/7ce1f28c0c3bbac99ff550b85ef8e44a6950c6ee24514fb6a5489e51d06f0298?s=96&d=mm&r=g\",\"url\":\"https:\\\/\\\/secure.gravatar.com\\\/avatar\\\/7ce1f28c0c3bbac99ff550b85ef8e44a6950c6ee24514fb6a5489e51d06f0298?s=96&d=mm&r=g\",\"contentUrl\":\"https:\\\/\\\/secure.gravatar.com\\\/avatar\\\/7ce1f28c0c3bbac99ff550b85ef8e44a6950c6ee24514fb6a5489e51d06f0298?s=96&d=mm&r=g\",\"caption\":\"webdo.tn\"},\"url\":\"https:\\\/\\\/www.webdo.tn\\\/fr\\\/actualite\\\/author\\\/webdotn\\\/\"}]}<\/script>\n<!-- \/ Yoast SEO Premium plugin. -->","yoast_head_json":{"title":"Halima Maalej, tante du soldat disparu : \u00abSon dernier contact a \u00e9t\u00e9 avec son p\u00e8re\u00bb","description":"Halima Maalej, tante du soldat disparu : \u00abSon dernier contact a \u00e9t\u00e9 avec son p\u00e8re\u00bb","canonical":"https:\/\/www.webdo.tn\/fr\/actualite\/terrorisme\/halima-maalej-tante-du-soldat-disparu-dernier-contact-ete-pere\/180196\/","og_locale":"fr_FR","og_type":"article","og_title":"Halima Maalej, tante du soldat disparu : \u00abSon dernier contact a \u00e9t\u00e9 avec son p\u00e8re\u00bb","og_description":"Halima Maalej, tante du soldat disparu : \u00abSon dernier contact a \u00e9t\u00e9 avec son p\u00e8re\u00bb","og_url":"https:\/\/www.webdo.tn\/fr\/actualite\/terrorisme\/halima-maalej-tante-du-soldat-disparu-dernier-contact-ete-pere\/180196\/","og_site_name":"webdo","article_publisher":"https:\/\/www.facebook.com\/webdotn","article_published_time":"2014-07-18T13:11:00+00:00","article_modified_time":"2025-05-22T13:09:28+00:00","og_image":[{"width":325,"height":250,"url":"https:\/\/www.webdo.tn\/fr\/wp-content\/uploads\/2014\/07\/Halima-Maalej-1.jpg","type":"image\/jpeg"}],"author":"webdo.tn","twitter_card":"summary_large_image","twitter_creator":"@webdo_tn","twitter_site":"@webdo_tn","twitter_misc":{"\u00c9crit par":"webdo.tn","Dur\u00e9e de lecture estim\u00e9e":"2 minutes"},"schema":{"@context":"https:\/\/schema.org","@graph":[{"@type":"NewsArticle","@id":"https:\/\/www.webdo.tn\/fr\/actualite\/terrorisme\/halima-maalej-tante-du-soldat-disparu-dernier-contact-ete-pere\/180196\/#article","isPartOf":{"@id":"https:\/\/www.webdo.tn\/fr\/actualite\/terrorisme\/halima-maalej-tante-du-soldat-disparu-dernier-contact-ete-pere\/180196\/"},"author":{"name":"webdo.tn","@id":"https:\/\/www.webdo.tn\/fr\/#\/schema\/person\/9a9c6118d687c117df8ef3cc36a4d175"},"headline":"Halima Maalej, tante du soldat disparu : \u00abSon dernier contact a \u00e9t\u00e9 avec son p\u00e8re\u00bb","datePublished":"2014-07-18T13:11:00+00:00","dateModified":"2025-05-22T13:09:28+00:00","mainEntityOfPage":{"@id":"https:\/\/www.webdo.tn\/fr\/actualite\/terrorisme\/halima-maalej-tante-du-soldat-disparu-dernier-contact-ete-pere\/180196\/"},"wordCount":470,"commentCount":0,"publisher":{"@id":"https:\/\/www.webdo.tn\/fr\/#organization"},"image":{"@id":"https:\/\/www.webdo.tn\/fr\/actualite\/terrorisme\/halima-maalej-tante-du-soldat-disparu-dernier-contact-ete-pere\/180196\/#primaryimage"},"thumbnailUrl":"https:\/\/www.webdo.tn\/fr\/wp-content\/uploads\/2014\/07\/Halima-Maalej-1.jpg","articleSection":["Terrorisme"],"inLanguage":"fr-FR"},{"@type":"WebPage","@id":"https:\/\/www.webdo.tn\/fr\/actualite\/terrorisme\/halima-maalej-tante-du-soldat-disparu-dernier-contact-ete-pere\/180196\/","url":"https:\/\/www.webdo.tn\/fr\/actualite\/terrorisme\/halima-maalej-tante-du-soldat-disparu-dernier-contact-ete-pere\/180196\/","name":"Halima Maalej, tante du soldat disparu : \u00abSon dernier contact a \u00e9t\u00e9 avec son p\u00e8re\u00bb","isPartOf":{"@id":"https:\/\/www.webdo.tn\/fr\/#website"},"primaryImageOfPage":{"@id":"https:\/\/www.webdo.tn\/fr\/actualite\/terrorisme\/halima-maalej-tante-du-soldat-disparu-dernier-contact-ete-pere\/180196\/#primaryimage"},"image":{"@id":"https:\/\/www.webdo.tn\/fr\/actualite\/terrorisme\/halima-maalej-tante-du-soldat-disparu-dernier-contact-ete-pere\/180196\/#primaryimage"},"thumbnailUrl":"https:\/\/www.webdo.tn\/fr\/wp-content\/uploads\/2014\/07\/Halima-Maalej-1.jpg","datePublished":"2014-07-18T13:11:00+00:00","dateModified":"2025-05-22T13:09:28+00:00","description":"Halima Maalej, tante du soldat disparu : \u00abSon dernier contact a \u00e9t\u00e9 avec son p\u00e8re\u00bb","breadcrumb":{"@id":"https:\/\/www.webdo.tn\/fr\/actualite\/terrorisme\/halima-maalej-tante-du-soldat-disparu-dernier-contact-ete-pere\/180196\/#breadcrumb"},"inLanguage":"fr-FR","potentialAction":[{"@type":"ReadAction","target":["https:\/\/www.webdo.tn\/fr\/actualite\/terrorisme\/halima-maalej-tante-du-soldat-disparu-dernier-contact-ete-pere\/180196\/"]}]},{"@type":"ImageObject","inLanguage":"fr-FR","@id":"https:\/\/www.webdo.tn\/fr\/actualite\/terrorisme\/halima-maalej-tante-du-soldat-disparu-dernier-contact-ete-pere\/180196\/#primaryimage","url":"https:\/\/www.webdo.tn\/fr\/wp-content\/uploads\/2014\/07\/Halima-Maalej-1.jpg","contentUrl":"https:\/\/www.webdo.tn\/fr\/wp-content\/uploads\/2014\/07\/Halima-Maalej-1.jpg","width":325,"height":250,"caption":"Halima Maalej, tante du soldat disparu : \u00abSon dernier contact a \u00e9t\u00e9 avec son p\u00e8re\u00bb"},{"@type":"BreadcrumbList","@id":"https:\/\/www.webdo.tn\/fr\/actualite\/terrorisme\/halima-maalej-tante-du-soldat-disparu-dernier-contact-ete-pere\/180196\/#breadcrumb","itemListElement":[{"@type":"ListItem","position":1,"name":"Accueil","item":"https:\/\/www.webdo.tn\/fr\/"},{"@type":"ListItem","position":2,"name":"Halima Maalej, tante du soldat disparu : \u00abSon dernier contact a \u00e9t\u00e9 avec son p\u00e8re\u00bb"}]},{"@type":"WebSite","@id":"https:\/\/www.webdo.tn\/fr\/#website","url":"https:\/\/www.webdo.tn\/fr\/","name":"webdo","description":"Tunisie - News en Tunisie et \u00e0 l&#039;international sur Webdo.tn","publisher":{"@id":"https:\/\/www.webdo.tn\/fr\/#organization"},"potentialAction":[{"@type":"SearchAction","target":{"@type":"EntryPoint","urlTemplate":"https:\/\/www.webdo.tn\/fr\/?s={search_term_string}"},"query-input":{"@type":"PropertyValueSpecification","valueRequired":true,"valueName":"search_term_string"}}],"inLanguage":"fr-FR"},{"@type":"Organization","@id":"https:\/\/www.webdo.tn\/fr\/#organization","name":"Webdo","alternateName":"Webdo.tn","url":"https:\/\/www.webdo.tn\/fr\/","logo":{"@type":"ImageObject","inLanguage":"fr-FR","@id":"https:\/\/www.webdo.tn\/fr\/#\/schema\/logo\/image\/","url":"https:\/\/www.webdo.tn\/fr\/wp-content\/uploads\/2025\/06\/Webdo-Tunisie_168377.jpg","contentUrl":"https:\/\/www.webdo.tn\/fr\/wp-content\/uploads\/2025\/06\/Webdo-Tunisie_168377.jpg","width":301,"height":301,"caption":"Webdo"},"image":{"@id":"https:\/\/www.webdo.tn\/fr\/#\/schema\/logo\/image\/"},"sameAs":["https:\/\/www.facebook.com\/webdotn","https:\/\/x.com\/webdo_tn"],"description":"Webdo est un m\u00e9dia num\u00e9rique tunisien fond\u00e9 en 2010, sp\u00e9cialis\u00e9 dans l\u2019actualit\u00e9 nationale et internationale, l\u2019\u00e9conomie, la soci\u00e9t\u00e9 et les analyses politiques. Le site s\u2019adresse \u00e0 un large public francophone et couvre l\u2019information tunisienne en temps r\u00e9el.","email":"redac@webdo.tn","legalName":"YNJ SARL","foundingDate":"2010-09-06","numberOfEmployees":{"@type":"QuantitativeValue","minValue":"11","maxValue":"50"}},{"@type":"Person","@id":"https:\/\/www.webdo.tn\/fr\/#\/schema\/person\/9a9c6118d687c117df8ef3cc36a4d175","name":"webdo.tn","image":{"@type":"ImageObject","inLanguage":"fr-FR","@id":"https:\/\/secure.gravatar.com\/avatar\/7ce1f28c0c3bbac99ff550b85ef8e44a6950c6ee24514fb6a5489e51d06f0298?s=96&d=mm&r=g","url":"https:\/\/secure.gravatar.com\/avatar\/7ce1f28c0c3bbac99ff550b85ef8e44a6950c6ee24514fb6a5489e51d06f0298?s=96&d=mm&r=g","contentUrl":"https:\/\/secure.gravatar.com\/avatar\/7ce1f28c0c3bbac99ff550b85ef8e44a6950c6ee24514fb6a5489e51d06f0298?s=96&d=mm&r=g","caption":"webdo.tn"},"url":"https:\/\/www.webdo.tn\/fr\/actualite\/author\/webdotn\/"}]}},"_links":{"self":[{"href":"https:\/\/www.webdo.tn\/fr\/wp-json\/wp\/v2\/posts\/180196","targetHints":{"allow":["GET"]}}],"collection":[{"href":"https:\/\/www.webdo.tn\/fr\/wp-json\/wp\/v2\/posts"}],"about":[{"href":"https:\/\/www.webdo.tn\/fr\/wp-json\/wp\/v2\/types\/post"}],"author":[{"embeddable":true,"href":"https:\/\/www.webdo.tn\/fr\/wp-json\/wp\/v2\/users\/3222"}],"replies":[{"embeddable":true,"href":"https:\/\/www.webdo.tn\/fr\/wp-json\/wp\/v2\/comments?post=180196"}],"version-history":[{"count":0,"href":"https:\/\/www.webdo.tn\/fr\/wp-json\/wp\/v2\/posts\/180196\/revisions"}],"wp:featuredmedia":[{"embeddable":true,"href":"https:\/\/www.webdo.tn\/fr\/wp-json\/wp\/v2\/media\/320935"}],"wp:attachment":[{"href":"https:\/\/www.webdo.tn\/fr\/wp-json\/wp\/v2\/media?parent=180196"}],"wp:term":[{"taxonomy":"category","embeddable":true,"href":"https:\/\/www.webdo.tn\/fr\/wp-json\/wp\/v2\/categories?post=180196"},{"taxonomy":"post_tag","embeddable":true,"href":"https:\/\/www.webdo.tn\/fr\/wp-json\/wp\/v2\/tags?post=180196"}],"curies":[{"name":"wp","href":"https:\/\/api.w.org\/{rel}","templated":true}]}}