{"id":180195,"date":"2014-07-18T14:31:00","date_gmt":"2014-07-18T14:31:00","guid":{"rendered":"https:\/\/www.webdo.tn\/fr\/blog\/marzouki-met-les-unites-speciales-garde-presidentielle-disposition-forces-armees\/180195\/"},"modified":"2025-05-22T13:20:19","modified_gmt":"2025-05-22T13:20:19","slug":"marzouki-met-les-unites-speciales-garde-presidentielle-disposition-forces-armees","status":"publish","type":"post","link":"https:\/\/www.webdo.tn\/fr\/actualite\/terrorisme\/marzouki-met-les-unites-speciales-garde-presidentielle-disposition-forces-armees\/180195\/","title":{"rendered":"Marzouki met les unit\u00e9s sp\u00e9ciales de la Garde pr\u00e9sidentielle \u00e0 la disposition des Forces arm\u00e9es"},"content":{"rendered":"<p>Le pr\u00e9sident provisoire de la R\u00e9publique, Moncef Marzouki, a annonc\u00e9, aujourd&rsquo;hui, que les unit\u00e9s sp\u00e9ciales d&rsquo;intervention de la Garde pr\u00e9sidentielle seront d\u00e9sormais \u00e0 la disposition des Forces arm\u00e9es.Dans un discours prononc\u00e9 au Palais de Carthage devant des agents des unit\u00e9s sp\u00e9ciales d&rsquo;intervention, le pr\u00e9sident provisoire de la R\u00e9publique a indiqu\u00e9 qu&rsquo;en accord avec le ministre de l&rsquo;Int\u00e9rieur, Lotfi Ben Jeddou, ces unit\u00e9s participeront \u00e0 la lutte contre le terrorisme en traquant les terroristes.<\/p>\n<p>Dans un discours \u00e0 la nation, prononc\u00e9 hier, Marzouki avait appel\u00e9 les jeunes tunisiens \u00e0 s&rsquo;engager dans les Forces arm\u00e9es.<\/p>\n","protected":false},"excerpt":{"rendered":"<p>Marzouki met les unit\u00e9s sp\u00e9ciales de la Garde pr\u00e9sidentielle \u00e0 la disposition des Forces arm\u00e9es<\/p>\n","protected":false},"author":3222,"featured_media":334726,"comment_status":"open","ping_status":"closed","sticky":false,"template":"","format":"standard","meta":{"footnotes":""},"categories":[11342],"tags":[],"class_list":["post-180195","post","type-post","status-publish","format-standard","has-post-thumbnail","hentry","category-terrorisme"],"yoast_head":"<!-- This site is optimized with the Yoast SEO Premium plugin v27.5 (Yoast SEO v27.5) - https:\/\/yoast.com\/product\/yoast-seo-premium-wordpress\/ -->\n<title>Marzouki met les unit\u00e9s sp\u00e9ciales de la Garde pr\u00e9sidentielle \u00e0 la disposition des Forces arm\u00e9es<\/title>\n<meta name=\"description\" content=\"Marzouki met les unit\u00e9s sp\u00e9ciales de la Garde pr\u00e9sidentielle \u00e0 la disposition des Forces arm\u00e9es\" \/>\n<link rel=\"canonical\" href=\"https:\/\/www.webdo.tn\/fr\/actualite\/terrorisme\/marzouki-met-les-unites-speciales-garde-presidentielle-disposition-forces-armees\/180195\/\" \/>\n<meta property=\"og:locale\" content=\"fr_FR\" \/>\n<meta property=\"og:type\" content=\"article\" \/>\n<meta property=\"og:title\" content=\"Marzouki met les unit\u00e9s sp\u00e9ciales de la Garde pr\u00e9sidentielle \u00e0 la disposition des Forces arm\u00e9es\" \/>\n<meta property=\"og:description\" content=\"Marzouki met les unit\u00e9s sp\u00e9ciales de la Garde pr\u00e9sidentielle \u00e0 la disposition des Forces arm\u00e9es\" \/>\n<meta property=\"og:url\" content=\"https:\/\/www.webdo.tn\/fr\/actualite\/terrorisme\/marzouki-met-les-unites-speciales-garde-presidentielle-disposition-forces-armees\/180195\/\" \/>\n<meta property=\"og:site_name\" content=\"webdo\" \/>\n<meta property=\"article:publisher\" content=\"https:\/\/www.facebook.com\/webdotn\" \/>\n<meta property=\"article:published_time\" content=\"2014-07-18T14:31:00+00:00\" \/>\n<meta property=\"article:modified_time\" content=\"2025-05-22T13:20:19+00:00\" \/>\n<meta property=\"og:image\" content=\"https:\/\/www.webdo.tn\/fr\/wp-content\/uploads\/2014\/07\/Presidence-Republique.jpg\" \/>\n\t<meta property=\"og:image:width\" content=\"550\" \/>\n\t<meta property=\"og:image:height\" content=\"366\" \/>\n\t<meta property=\"og:image:type\" content=\"image\/jpeg\" \/>\n<meta name=\"author\" content=\"webdo.tn\" \/>\n<meta name=\"twitter:card\" content=\"summary_large_image\" \/>\n<meta name=\"twitter:creator\" content=\"@webdo_tn\" \/>\n<meta name=\"twitter:site\" content=\"@webdo_tn\" \/>\n<meta name=\"twitter:label1\" content=\"\u00c9crit par\" \/>\n\t<meta name=\"twitter:data1\" content=\"webdo.tn\" \/>\n\t<meta name=\"twitter:label2\" content=\"Dur\u00e9e de lecture estim\u00e9e\" \/>\n\t<meta name=\"twitter:data2\" content=\"1 minute\" \/>\n<script type=\"application\/ld+json\" class=\"yoast-schema-graph\">{\"@context\":\"https:\\\/\\\/schema.org\",\"@graph\":[{\"@type\":\"NewsArticle\",\"@id\":\"https:\\\/\\\/www.webdo.tn\\\/fr\\\/actualite\\\/terrorisme\\\/marzouki-met-les-unites-speciales-garde-presidentielle-disposition-forces-armees\\\/180195\\\/#article\",\"isPartOf\":{\"@id\":\"https:\\\/\\\/www.webdo.tn\\\/fr\\\/actualite\\\/terrorisme\\\/marzouki-met-les-unites-speciales-garde-presidentielle-disposition-forces-armees\\\/180195\\\/\"},\"author\":{\"name\":\"webdo.tn\",\"@id\":\"https:\\\/\\\/www.webdo.tn\\\/fr\\\/#\\\/schema\\\/person\\\/9a9c6118d687c117df8ef3cc36a4d175\"},\"headline\":\"Marzouki met les unit\u00e9s sp\u00e9ciales de la Garde pr\u00e9sidentielle \u00e0 la disposition des Forces arm\u00e9es\",\"datePublished\":\"2014-07-18T14:31:00+00:00\",\"dateModified\":\"2025-05-22T13:20:19+00:00\",\"mainEntityOfPage\":{\"@id\":\"https:\\\/\\\/www.webdo.tn\\\/fr\\\/actualite\\\/terrorisme\\\/marzouki-met-les-unites-speciales-garde-presidentielle-disposition-forces-armees\\\/180195\\\/\"},\"wordCount\":128,\"commentCount\":0,\"publisher\":{\"@id\":\"https:\\\/\\\/www.webdo.tn\\\/fr\\\/#organization\"},\"image\":{\"@id\":\"https:\\\/\\\/www.webdo.tn\\\/fr\\\/actualite\\\/terrorisme\\\/marzouki-met-les-unites-speciales-garde-presidentielle-disposition-forces-armees\\\/180195\\\/#primaryimage\"},\"thumbnailUrl\":\"https:\\\/\\\/www.webdo.tn\\\/fr\\\/wp-content\\\/uploads\\\/2014\\\/07\\\/Presidence-Republique.jpg\",\"articleSection\":[\"Terrorisme\"],\"inLanguage\":\"fr-FR\"},{\"@type\":\"WebPage\",\"@id\":\"https:\\\/\\\/www.webdo.tn\\\/fr\\\/actualite\\\/terrorisme\\\/marzouki-met-les-unites-speciales-garde-presidentielle-disposition-forces-armees\\\/180195\\\/\",\"url\":\"https:\\\/\\\/www.webdo.tn\\\/fr\\\/actualite\\\/terrorisme\\\/marzouki-met-les-unites-speciales-garde-presidentielle-disposition-forces-armees\\\/180195\\\/\",\"name\":\"Marzouki met les unit\u00e9s sp\u00e9ciales de la Garde pr\u00e9sidentielle \u00e0 la disposition des Forces arm\u00e9es\",\"isPartOf\":{\"@id\":\"https:\\\/\\\/www.webdo.tn\\\/fr\\\/#website\"},\"primaryImageOfPage\":{\"@id\":\"https:\\\/\\\/www.webdo.tn\\\/fr\\\/actualite\\\/terrorisme\\\/marzouki-met-les-unites-speciales-garde-presidentielle-disposition-forces-armees\\\/180195\\\/#primaryimage\"},\"image\":{\"@id\":\"https:\\\/\\\/www.webdo.tn\\\/fr\\\/actualite\\\/terrorisme\\\/marzouki-met-les-unites-speciales-garde-presidentielle-disposition-forces-armees\\\/180195\\\/#primaryimage\"},\"thumbnailUrl\":\"https:\\\/\\\/www.webdo.tn\\\/fr\\\/wp-content\\\/uploads\\\/2014\\\/07\\\/Presidence-Republique.jpg\",\"datePublished\":\"2014-07-18T14:31:00+00:00\",\"dateModified\":\"2025-05-22T13:20:19+00:00\",\"description\":\"Marzouki met les unit\u00e9s sp\u00e9ciales de la Garde pr\u00e9sidentielle \u00e0 la disposition des Forces arm\u00e9es\",\"breadcrumb\":{\"@id\":\"https:\\\/\\\/www.webdo.tn\\\/fr\\\/actualite\\\/terrorisme\\\/marzouki-met-les-unites-speciales-garde-presidentielle-disposition-forces-armees\\\/180195\\\/#breadcrumb\"},\"inLanguage\":\"fr-FR\",\"potentialAction\":[{\"@type\":\"ReadAction\",\"target\":[\"https:\\\/\\\/www.webdo.tn\\\/fr\\\/actualite\\\/terrorisme\\\/marzouki-met-les-unites-speciales-garde-presidentielle-disposition-forces-armees\\\/180195\\\/\"]}]},{\"@type\":\"ImageObject\",\"inLanguage\":\"fr-FR\",\"@id\":\"https:\\\/\\\/www.webdo.tn\\\/fr\\\/actualite\\\/terrorisme\\\/marzouki-met-les-unites-speciales-garde-presidentielle-disposition-forces-armees\\\/180195\\\/#primaryimage\",\"url\":\"https:\\\/\\\/www.webdo.tn\\\/fr\\\/wp-content\\\/uploads\\\/2014\\\/07\\\/Presidence-Republique.jpg\",\"contentUrl\":\"https:\\\/\\\/www.webdo.tn\\\/fr\\\/wp-content\\\/uploads\\\/2014\\\/07\\\/Presidence-Republique.jpg\",\"width\":550,\"height\":366,\"caption\":\"Marzouki met les unit\u00e9s sp\u00e9ciales de la Garde pr\u00e9sidentielle \u00e0 la disposition des Forces arm\u00e9es\"},{\"@type\":\"BreadcrumbList\",\"@id\":\"https:\\\/\\\/www.webdo.tn\\\/fr\\\/actualite\\\/terrorisme\\\/marzouki-met-les-unites-speciales-garde-presidentielle-disposition-forces-armees\\\/180195\\\/#breadcrumb\",\"itemListElement\":[{\"@type\":\"ListItem\",\"position\":1,\"name\":\"Accueil\",\"item\":\"https:\\\/\\\/www.webdo.tn\\\/fr\\\/\"},{\"@type\":\"ListItem\",\"position\":2,\"name\":\"Marzouki met les unit\u00e9s sp\u00e9ciales de la Garde pr\u00e9sidentielle \u00e0 la disposition des Forces arm\u00e9es\"}]},{\"@type\":\"WebSite\",\"@id\":\"https:\\\/\\\/www.webdo.tn\\\/fr\\\/#website\",\"url\":\"https:\\\/\\\/www.webdo.tn\\\/fr\\\/\",\"name\":\"webdo\",\"description\":\"Tunisie - News en Tunisie et \u00e0 l&#039;international sur Webdo.tn\",\"publisher\":{\"@id\":\"https:\\\/\\\/www.webdo.tn\\\/fr\\\/#organization\"},\"potentialAction\":[{\"@type\":\"SearchAction\",\"target\":{\"@type\":\"EntryPoint\",\"urlTemplate\":\"https:\\\/\\\/www.webdo.tn\\\/fr\\\/?s={search_term_string}\"},\"query-input\":{\"@type\":\"PropertyValueSpecification\",\"valueRequired\":true,\"valueName\":\"search_term_string\"}}],\"inLanguage\":\"fr-FR\"},{\"@type\":\"Organization\",\"@id\":\"https:\\\/\\\/www.webdo.tn\\\/fr\\\/#organization\",\"name\":\"Webdo\",\"alternateName\":\"Webdo.tn\",\"url\":\"https:\\\/\\\/www.webdo.tn\\\/fr\\\/\",\"logo\":{\"@type\":\"ImageObject\",\"inLanguage\":\"fr-FR\",\"@id\":\"https:\\\/\\\/www.webdo.tn\\\/fr\\\/#\\\/schema\\\/logo\\\/image\\\/\",\"url\":\"https:\\\/\\\/www.webdo.tn\\\/fr\\\/wp-content\\\/uploads\\\/2025\\\/06\\\/Webdo-Tunisie_168377.jpg\",\"contentUrl\":\"https:\\\/\\\/www.webdo.tn\\\/fr\\\/wp-content\\\/uploads\\\/2025\\\/06\\\/Webdo-Tunisie_168377.jpg\",\"width\":301,\"height\":301,\"caption\":\"Webdo\"},\"image\":{\"@id\":\"https:\\\/\\\/www.webdo.tn\\\/fr\\\/#\\\/schema\\\/logo\\\/image\\\/\"},\"sameAs\":[\"https:\\\/\\\/www.facebook.com\\\/webdotn\",\"https:\\\/\\\/x.com\\\/webdo_tn\"],\"description\":\"Webdo est un m\u00e9dia num\u00e9rique tunisien fond\u00e9 en 2010, sp\u00e9cialis\u00e9 dans l\u2019actualit\u00e9 nationale et internationale, l\u2019\u00e9conomie, la soci\u00e9t\u00e9 et les analyses politiques. Le site s\u2019adresse \u00e0 un large public francophone et couvre l\u2019information tunisienne en temps r\u00e9el.\",\"email\":\"redac@webdo.tn\",\"legalName\":\"YNJ SARL\",\"foundingDate\":\"2010-09-06\",\"numberOfEmployees\":{\"@type\":\"QuantitativeValue\",\"minValue\":\"11\",\"maxValue\":\"50\"}},{\"@type\":\"Person\",\"@id\":\"https:\\\/\\\/www.webdo.tn\\\/fr\\\/#\\\/schema\\\/person\\\/9a9c6118d687c117df8ef3cc36a4d175\",\"name\":\"webdo.tn\",\"image\":{\"@type\":\"ImageObject\",\"inLanguage\":\"fr-FR\",\"@id\":\"https:\\\/\\\/secure.gravatar.com\\\/avatar\\\/7ce1f28c0c3bbac99ff550b85ef8e44a6950c6ee24514fb6a5489e51d06f0298?s=96&d=mm&r=g\",\"url\":\"https:\\\/\\\/secure.gravatar.com\\\/avatar\\\/7ce1f28c0c3bbac99ff550b85ef8e44a6950c6ee24514fb6a5489e51d06f0298?s=96&d=mm&r=g\",\"contentUrl\":\"https:\\\/\\\/secure.gravatar.com\\\/avatar\\\/7ce1f28c0c3bbac99ff550b85ef8e44a6950c6ee24514fb6a5489e51d06f0298?s=96&d=mm&r=g\",\"caption\":\"webdo.tn\"},\"url\":\"https:\\\/\\\/www.webdo.tn\\\/fr\\\/actualite\\\/author\\\/webdotn\\\/\"}]}<\/script>\n<!-- \/ Yoast SEO Premium plugin. -->","yoast_head_json":{"title":"Marzouki met les unit\u00e9s sp\u00e9ciales de la Garde pr\u00e9sidentielle \u00e0 la disposition des Forces arm\u00e9es","description":"Marzouki met les unit\u00e9s sp\u00e9ciales de la Garde pr\u00e9sidentielle \u00e0 la disposition des Forces arm\u00e9es","canonical":"https:\/\/www.webdo.tn\/fr\/actualite\/terrorisme\/marzouki-met-les-unites-speciales-garde-presidentielle-disposition-forces-armees\/180195\/","og_locale":"fr_FR","og_type":"article","og_title":"Marzouki met les unit\u00e9s sp\u00e9ciales de la Garde pr\u00e9sidentielle \u00e0 la disposition des Forces arm\u00e9es","og_description":"Marzouki met les unit\u00e9s sp\u00e9ciales de la Garde pr\u00e9sidentielle \u00e0 la disposition des Forces arm\u00e9es","og_url":"https:\/\/www.webdo.tn\/fr\/actualite\/terrorisme\/marzouki-met-les-unites-speciales-garde-presidentielle-disposition-forces-armees\/180195\/","og_site_name":"webdo","article_publisher":"https:\/\/www.facebook.com\/webdotn","article_published_time":"2014-07-18T14:31:00+00:00","article_modified_time":"2025-05-22T13:20:19+00:00","og_image":[{"width":550,"height":366,"url":"https:\/\/www.webdo.tn\/fr\/wp-content\/uploads\/2014\/07\/Presidence-Republique.jpg","type":"image\/jpeg"}],"author":"webdo.tn","twitter_card":"summary_large_image","twitter_creator":"@webdo_tn","twitter_site":"@webdo_tn","twitter_misc":{"\u00c9crit par":"webdo.tn","Dur\u00e9e de lecture estim\u00e9e":"1 minute"},"schema":{"@context":"https:\/\/schema.org","@graph":[{"@type":"NewsArticle","@id":"https:\/\/www.webdo.tn\/fr\/actualite\/terrorisme\/marzouki-met-les-unites-speciales-garde-presidentielle-disposition-forces-armees\/180195\/#article","isPartOf":{"@id":"https:\/\/www.webdo.tn\/fr\/actualite\/terrorisme\/marzouki-met-les-unites-speciales-garde-presidentielle-disposition-forces-armees\/180195\/"},"author":{"name":"webdo.tn","@id":"https:\/\/www.webdo.tn\/fr\/#\/schema\/person\/9a9c6118d687c117df8ef3cc36a4d175"},"headline":"Marzouki met les unit\u00e9s sp\u00e9ciales de la Garde pr\u00e9sidentielle \u00e0 la disposition des Forces arm\u00e9es","datePublished":"2014-07-18T14:31:00+00:00","dateModified":"2025-05-22T13:20:19+00:00","mainEntityOfPage":{"@id":"https:\/\/www.webdo.tn\/fr\/actualite\/terrorisme\/marzouki-met-les-unites-speciales-garde-presidentielle-disposition-forces-armees\/180195\/"},"wordCount":128,"commentCount":0,"publisher":{"@id":"https:\/\/www.webdo.tn\/fr\/#organization"},"image":{"@id":"https:\/\/www.webdo.tn\/fr\/actualite\/terrorisme\/marzouki-met-les-unites-speciales-garde-presidentielle-disposition-forces-armees\/180195\/#primaryimage"},"thumbnailUrl":"https:\/\/www.webdo.tn\/fr\/wp-content\/uploads\/2014\/07\/Presidence-Republique.jpg","articleSection":["Terrorisme"],"inLanguage":"fr-FR"},{"@type":"WebPage","@id":"https:\/\/www.webdo.tn\/fr\/actualite\/terrorisme\/marzouki-met-les-unites-speciales-garde-presidentielle-disposition-forces-armees\/180195\/","url":"https:\/\/www.webdo.tn\/fr\/actualite\/terrorisme\/marzouki-met-les-unites-speciales-garde-presidentielle-disposition-forces-armees\/180195\/","name":"Marzouki met les unit\u00e9s sp\u00e9ciales de la Garde pr\u00e9sidentielle \u00e0 la disposition des Forces arm\u00e9es","isPartOf":{"@id":"https:\/\/www.webdo.tn\/fr\/#website"},"primaryImageOfPage":{"@id":"https:\/\/www.webdo.tn\/fr\/actualite\/terrorisme\/marzouki-met-les-unites-speciales-garde-presidentielle-disposition-forces-armees\/180195\/#primaryimage"},"image":{"@id":"https:\/\/www.webdo.tn\/fr\/actualite\/terrorisme\/marzouki-met-les-unites-speciales-garde-presidentielle-disposition-forces-armees\/180195\/#primaryimage"},"thumbnailUrl":"https:\/\/www.webdo.tn\/fr\/wp-content\/uploads\/2014\/07\/Presidence-Republique.jpg","datePublished":"2014-07-18T14:31:00+00:00","dateModified":"2025-05-22T13:20:19+00:00","description":"Marzouki met les unit\u00e9s sp\u00e9ciales de la Garde pr\u00e9sidentielle \u00e0 la disposition des Forces arm\u00e9es","breadcrumb":{"@id":"https:\/\/www.webdo.tn\/fr\/actualite\/terrorisme\/marzouki-met-les-unites-speciales-garde-presidentielle-disposition-forces-armees\/180195\/#breadcrumb"},"inLanguage":"fr-FR","potentialAction":[{"@type":"ReadAction","target":["https:\/\/www.webdo.tn\/fr\/actualite\/terrorisme\/marzouki-met-les-unites-speciales-garde-presidentielle-disposition-forces-armees\/180195\/"]}]},{"@type":"ImageObject","inLanguage":"fr-FR","@id":"https:\/\/www.webdo.tn\/fr\/actualite\/terrorisme\/marzouki-met-les-unites-speciales-garde-presidentielle-disposition-forces-armees\/180195\/#primaryimage","url":"https:\/\/www.webdo.tn\/fr\/wp-content\/uploads\/2014\/07\/Presidence-Republique.jpg","contentUrl":"https:\/\/www.webdo.tn\/fr\/wp-content\/uploads\/2014\/07\/Presidence-Republique.jpg","width":550,"height":366,"caption":"Marzouki met les unit\u00e9s sp\u00e9ciales de la Garde pr\u00e9sidentielle \u00e0 la disposition des Forces arm\u00e9es"},{"@type":"BreadcrumbList","@id":"https:\/\/www.webdo.tn\/fr\/actualite\/terrorisme\/marzouki-met-les-unites-speciales-garde-presidentielle-disposition-forces-armees\/180195\/#breadcrumb","itemListElement":[{"@type":"ListItem","position":1,"name":"Accueil","item":"https:\/\/www.webdo.tn\/fr\/"},{"@type":"ListItem","position":2,"name":"Marzouki met les unit\u00e9s sp\u00e9ciales de la Garde pr\u00e9sidentielle \u00e0 la disposition des Forces arm\u00e9es"}]},{"@type":"WebSite","@id":"https:\/\/www.webdo.tn\/fr\/#website","url":"https:\/\/www.webdo.tn\/fr\/","name":"webdo","description":"Tunisie - News en Tunisie et \u00e0 l&#039;international sur Webdo.tn","publisher":{"@id":"https:\/\/www.webdo.tn\/fr\/#organization"},"potentialAction":[{"@type":"SearchAction","target":{"@type":"EntryPoint","urlTemplate":"https:\/\/www.webdo.tn\/fr\/?s={search_term_string}"},"query-input":{"@type":"PropertyValueSpecification","valueRequired":true,"valueName":"search_term_string"}}],"inLanguage":"fr-FR"},{"@type":"Organization","@id":"https:\/\/www.webdo.tn\/fr\/#organization","name":"Webdo","alternateName":"Webdo.tn","url":"https:\/\/www.webdo.tn\/fr\/","logo":{"@type":"ImageObject","inLanguage":"fr-FR","@id":"https:\/\/www.webdo.tn\/fr\/#\/schema\/logo\/image\/","url":"https:\/\/www.webdo.tn\/fr\/wp-content\/uploads\/2025\/06\/Webdo-Tunisie_168377.jpg","contentUrl":"https:\/\/www.webdo.tn\/fr\/wp-content\/uploads\/2025\/06\/Webdo-Tunisie_168377.jpg","width":301,"height":301,"caption":"Webdo"},"image":{"@id":"https:\/\/www.webdo.tn\/fr\/#\/schema\/logo\/image\/"},"sameAs":["https:\/\/www.facebook.com\/webdotn","https:\/\/x.com\/webdo_tn"],"description":"Webdo est un m\u00e9dia num\u00e9rique tunisien fond\u00e9 en 2010, sp\u00e9cialis\u00e9 dans l\u2019actualit\u00e9 nationale et internationale, l\u2019\u00e9conomie, la soci\u00e9t\u00e9 et les analyses politiques. Le site s\u2019adresse \u00e0 un large public francophone et couvre l\u2019information tunisienne en temps r\u00e9el.","email":"redac@webdo.tn","legalName":"YNJ SARL","foundingDate":"2010-09-06","numberOfEmployees":{"@type":"QuantitativeValue","minValue":"11","maxValue":"50"}},{"@type":"Person","@id":"https:\/\/www.webdo.tn\/fr\/#\/schema\/person\/9a9c6118d687c117df8ef3cc36a4d175","name":"webdo.tn","image":{"@type":"ImageObject","inLanguage":"fr-FR","@id":"https:\/\/secure.gravatar.com\/avatar\/7ce1f28c0c3bbac99ff550b85ef8e44a6950c6ee24514fb6a5489e51d06f0298?s=96&d=mm&r=g","url":"https:\/\/secure.gravatar.com\/avatar\/7ce1f28c0c3bbac99ff550b85ef8e44a6950c6ee24514fb6a5489e51d06f0298?s=96&d=mm&r=g","contentUrl":"https:\/\/secure.gravatar.com\/avatar\/7ce1f28c0c3bbac99ff550b85ef8e44a6950c6ee24514fb6a5489e51d06f0298?s=96&d=mm&r=g","caption":"webdo.tn"},"url":"https:\/\/www.webdo.tn\/fr\/actualite\/author\/webdotn\/"}]}},"_links":{"self":[{"href":"https:\/\/www.webdo.tn\/fr\/wp-json\/wp\/v2\/posts\/180195","targetHints":{"allow":["GET"]}}],"collection":[{"href":"https:\/\/www.webdo.tn\/fr\/wp-json\/wp\/v2\/posts"}],"about":[{"href":"https:\/\/www.webdo.tn\/fr\/wp-json\/wp\/v2\/types\/post"}],"author":[{"embeddable":true,"href":"https:\/\/www.webdo.tn\/fr\/wp-json\/wp\/v2\/users\/3222"}],"replies":[{"embeddable":true,"href":"https:\/\/www.webdo.tn\/fr\/wp-json\/wp\/v2\/comments?post=180195"}],"version-history":[{"count":0,"href":"https:\/\/www.webdo.tn\/fr\/wp-json\/wp\/v2\/posts\/180195\/revisions"}],"wp:featuredmedia":[{"embeddable":true,"href":"https:\/\/www.webdo.tn\/fr\/wp-json\/wp\/v2\/media\/334726"}],"wp:attachment":[{"href":"https:\/\/www.webdo.tn\/fr\/wp-json\/wp\/v2\/media?parent=180195"}],"wp:term":[{"taxonomy":"category","embeddable":true,"href":"https:\/\/www.webdo.tn\/fr\/wp-json\/wp\/v2\/categories?post=180195"},{"taxonomy":"post_tag","embeddable":true,"href":"https:\/\/www.webdo.tn\/fr\/wp-json\/wp\/v2\/tags?post=180195"}],"curies":[{"name":"wp","href":"https:\/\/api.w.org\/{rel}","templated":true}]}}