{"id":180190,"date":"2014-07-20T00:08:00","date_gmt":"2014-07-20T00:08:00","guid":{"rendered":"https:\/\/www.webdo.tn\/fr\/blog\/mehdi-jomaa-decide-fermeture-immediate-mosquees-controle\/168808\/"},"modified":"2025-05-22T13:09:25","modified_gmt":"2025-05-22T13:09:25","slug":"mehdi-jomaa-decide-fermeture-immediate-mosquees-controle","status":"publish","type":"post","link":"https:\/\/www.webdo.tn\/fr\/actualite\/terrorisme\/mehdi-jomaa-decide-fermeture-immediate-mosquees-controle\/180190\/","title":{"rendered":"Mehdi Jomaa d\u00e9cide la fermeture imm\u00e9diate des mosqu\u00e9es hors contr\u00f4le"},"content":{"rendered":"<p>La chef du gouvernement Mehdi Jomaa vient de d\u00e9cider la\u00a0fermeture imm\u00e9diate des mosqu\u00e9es hors contr\u00f4le du minist\u00e8re des Affaires religieuses jusqu\u2019\u00e0 ce qu&rsquo;il y ait\u00a0de nouvelles nominations, d&rsquo;apr\u00e8s la TAP.<\/p>\n<p>Cette d\u00e9cision vient \u00e0 la suite de l&rsquo;attaque terroriste de ce mercredi 16 juillet au mont Chambi \u00e0 Kasserine.<\/p>\n<p>Au mois de juin dernier,\u00a0\u00a0le ministre des affaires religieuses Mounir Tlili a d\u00e9clar\u00e9 lors de la 46e \u00e9dition du concours national de m\u00e9morisation du Coran que\u00a0\u00ab100 mosqu\u00e9es ont \u00e9t\u00e9 r\u00e9cup\u00e9r\u00e9s et qu&rsquo;il en reste encore 49 hors de contr\u00f4le\u00a0\u00bb<br \/>\nLe syndicat des imams et cadres religieux\u00a0, affili\u00e9 \u00e0 OTT (Organisation tunisienne du Travail), a organis\u00e9 le 8 juillet une manifestation devant le si\u00e8ge de l\u2019Assembl\u00e9e nationale, au Bardo pour d\u00e9noncer le contr\u00f4le des mosqu\u00e9es.<\/p>\n","protected":false},"excerpt":{"rendered":"<p>Mehdi Jomaa d\u00e9cide la fermeture imm\u00e9diate des mosqu\u00e9es hors contr\u00f4le <\/p>\n","protected":false},"author":3222,"featured_media":320916,"comment_status":"open","ping_status":"closed","sticky":false,"template":"","format":"standard","meta":{"footnotes":""},"categories":[11342],"tags":[],"class_list":["post-180190","post","type-post","status-publish","format-standard","has-post-thumbnail","hentry","category-terrorisme"],"yoast_head":"<!-- This site is optimized with the Yoast SEO Premium plugin v27.5 (Yoast SEO v27.5) - https:\/\/yoast.com\/product\/yoast-seo-premium-wordpress\/ -->\n<title>Mehdi Jomaa d\u00e9cide la fermeture imm\u00e9diate des mosqu\u00e9es hors contr\u00f4le<\/title>\n<meta name=\"description\" content=\"Mehdi Jomaa d\u00e9cide la fermeture imm\u00e9diate des mosqu\u00e9es hors contr\u00f4le\" \/>\n<link rel=\"canonical\" href=\"https:\/\/www.webdo.tn\/fr\/actualite\/terrorisme\/mehdi-jomaa-decide-fermeture-immediate-mosquees-controle\/180190\/\" \/>\n<meta property=\"og:locale\" content=\"fr_FR\" \/>\n<meta property=\"og:type\" content=\"article\" \/>\n<meta property=\"og:title\" content=\"Mehdi Jomaa d\u00e9cide la fermeture imm\u00e9diate des mosqu\u00e9es hors contr\u00f4le\" \/>\n<meta property=\"og:description\" content=\"Mehdi Jomaa d\u00e9cide la fermeture imm\u00e9diate des mosqu\u00e9es hors contr\u00f4le\" \/>\n<meta property=\"og:url\" content=\"https:\/\/www.webdo.tn\/fr\/actualite\/terrorisme\/mehdi-jomaa-decide-fermeture-immediate-mosquees-controle\/180190\/\" \/>\n<meta property=\"og:site_name\" content=\"webdo\" \/>\n<meta property=\"article:publisher\" content=\"https:\/\/www.facebook.com\/webdotn\" \/>\n<meta property=\"article:published_time\" content=\"2014-07-20T00:08:00+00:00\" \/>\n<meta property=\"article:modified_time\" content=\"2025-05-22T13:09:25+00:00\" \/>\n<meta property=\"og:image\" content=\"https:\/\/www.webdo.tn\/fr\/wp-content\/uploads\/2014\/07\/Mehdi-Jomaa2.jpg\" \/>\n\t<meta property=\"og:image:width\" content=\"280\" \/>\n\t<meta property=\"og:image:height\" content=\"376\" \/>\n\t<meta property=\"og:image:type\" content=\"image\/jpeg\" \/>\n<meta name=\"author\" content=\"webdo.tn\" \/>\n<meta name=\"twitter:card\" content=\"summary_large_image\" \/>\n<meta name=\"twitter:creator\" content=\"@webdo_tn\" \/>\n<meta name=\"twitter:site\" content=\"@webdo_tn\" \/>\n<meta name=\"twitter:label1\" content=\"\u00c9crit par\" \/>\n\t<meta name=\"twitter:data1\" content=\"webdo.tn\" \/>\n\t<meta name=\"twitter:label2\" content=\"Dur\u00e9e de lecture estim\u00e9e\" \/>\n\t<meta name=\"twitter:data2\" content=\"1 minute\" \/>\n<script type=\"application\/ld+json\" class=\"yoast-schema-graph\">{\"@context\":\"https:\\\/\\\/schema.org\",\"@graph\":[{\"@type\":\"NewsArticle\",\"@id\":\"https:\\\/\\\/www.webdo.tn\\\/fr\\\/actualite\\\/terrorisme\\\/mehdi-jomaa-decide-fermeture-immediate-mosquees-controle\\\/180190\\\/#article\",\"isPartOf\":{\"@id\":\"https:\\\/\\\/www.webdo.tn\\\/fr\\\/actualite\\\/terrorisme\\\/mehdi-jomaa-decide-fermeture-immediate-mosquees-controle\\\/180190\\\/\"},\"author\":{\"name\":\"webdo.tn\",\"@id\":\"https:\\\/\\\/www.webdo.tn\\\/fr\\\/#\\\/schema\\\/person\\\/9a9c6118d687c117df8ef3cc36a4d175\"},\"headline\":\"Mehdi Jomaa d\u00e9cide la fermeture imm\u00e9diate des mosqu\u00e9es hors contr\u00f4le\",\"datePublished\":\"2014-07-20T00:08:00+00:00\",\"dateModified\":\"2025-05-22T13:09:25+00:00\",\"mainEntityOfPage\":{\"@id\":\"https:\\\/\\\/www.webdo.tn\\\/fr\\\/actualite\\\/terrorisme\\\/mehdi-jomaa-decide-fermeture-immediate-mosquees-controle\\\/180190\\\/\"},\"wordCount\":158,\"commentCount\":0,\"publisher\":{\"@id\":\"https:\\\/\\\/www.webdo.tn\\\/fr\\\/#organization\"},\"image\":{\"@id\":\"https:\\\/\\\/www.webdo.tn\\\/fr\\\/actualite\\\/terrorisme\\\/mehdi-jomaa-decide-fermeture-immediate-mosquees-controle\\\/180190\\\/#primaryimage\"},\"thumbnailUrl\":\"https:\\\/\\\/www.webdo.tn\\\/fr\\\/wp-content\\\/uploads\\\/2014\\\/07\\\/Mehdi-Jomaa2.jpg\",\"articleSection\":[\"Terrorisme\"],\"inLanguage\":\"fr-FR\"},{\"@type\":\"WebPage\",\"@id\":\"https:\\\/\\\/www.webdo.tn\\\/fr\\\/actualite\\\/terrorisme\\\/mehdi-jomaa-decide-fermeture-immediate-mosquees-controle\\\/180190\\\/\",\"url\":\"https:\\\/\\\/www.webdo.tn\\\/fr\\\/actualite\\\/terrorisme\\\/mehdi-jomaa-decide-fermeture-immediate-mosquees-controle\\\/180190\\\/\",\"name\":\"Mehdi Jomaa d\u00e9cide la fermeture imm\u00e9diate des mosqu\u00e9es hors contr\u00f4le\",\"isPartOf\":{\"@id\":\"https:\\\/\\\/www.webdo.tn\\\/fr\\\/#website\"},\"primaryImageOfPage\":{\"@id\":\"https:\\\/\\\/www.webdo.tn\\\/fr\\\/actualite\\\/terrorisme\\\/mehdi-jomaa-decide-fermeture-immediate-mosquees-controle\\\/180190\\\/#primaryimage\"},\"image\":{\"@id\":\"https:\\\/\\\/www.webdo.tn\\\/fr\\\/actualite\\\/terrorisme\\\/mehdi-jomaa-decide-fermeture-immediate-mosquees-controle\\\/180190\\\/#primaryimage\"},\"thumbnailUrl\":\"https:\\\/\\\/www.webdo.tn\\\/fr\\\/wp-content\\\/uploads\\\/2014\\\/07\\\/Mehdi-Jomaa2.jpg\",\"datePublished\":\"2014-07-20T00:08:00+00:00\",\"dateModified\":\"2025-05-22T13:09:25+00:00\",\"description\":\"Mehdi Jomaa d\u00e9cide la fermeture imm\u00e9diate des mosqu\u00e9es hors contr\u00f4le\",\"breadcrumb\":{\"@id\":\"https:\\\/\\\/www.webdo.tn\\\/fr\\\/actualite\\\/terrorisme\\\/mehdi-jomaa-decide-fermeture-immediate-mosquees-controle\\\/180190\\\/#breadcrumb\"},\"inLanguage\":\"fr-FR\",\"potentialAction\":[{\"@type\":\"ReadAction\",\"target\":[\"https:\\\/\\\/www.webdo.tn\\\/fr\\\/actualite\\\/terrorisme\\\/mehdi-jomaa-decide-fermeture-immediate-mosquees-controle\\\/180190\\\/\"]}]},{\"@type\":\"ImageObject\",\"inLanguage\":\"fr-FR\",\"@id\":\"https:\\\/\\\/www.webdo.tn\\\/fr\\\/actualite\\\/terrorisme\\\/mehdi-jomaa-decide-fermeture-immediate-mosquees-controle\\\/180190\\\/#primaryimage\",\"url\":\"https:\\\/\\\/www.webdo.tn\\\/fr\\\/wp-content\\\/uploads\\\/2014\\\/07\\\/Mehdi-Jomaa2.jpg\",\"contentUrl\":\"https:\\\/\\\/www.webdo.tn\\\/fr\\\/wp-content\\\/uploads\\\/2014\\\/07\\\/Mehdi-Jomaa2.jpg\",\"width\":280,\"height\":376,\"caption\":\"Mehdi Jomaa d\u00e9cide la fermeture imm\u00e9diate des mosqu\u00e9es hors contr\u00f4le\"},{\"@type\":\"BreadcrumbList\",\"@id\":\"https:\\\/\\\/www.webdo.tn\\\/fr\\\/actualite\\\/terrorisme\\\/mehdi-jomaa-decide-fermeture-immediate-mosquees-controle\\\/180190\\\/#breadcrumb\",\"itemListElement\":[{\"@type\":\"ListItem\",\"position\":1,\"name\":\"Accueil\",\"item\":\"https:\\\/\\\/www.webdo.tn\\\/fr\\\/\"},{\"@type\":\"ListItem\",\"position\":2,\"name\":\"Mehdi Jomaa d\u00e9cide la fermeture imm\u00e9diate des mosqu\u00e9es hors contr\u00f4le\"}]},{\"@type\":\"WebSite\",\"@id\":\"https:\\\/\\\/www.webdo.tn\\\/fr\\\/#website\",\"url\":\"https:\\\/\\\/www.webdo.tn\\\/fr\\\/\",\"name\":\"webdo\",\"description\":\"Tunisie - News en Tunisie et \u00e0 l&#039;international sur Webdo.tn\",\"publisher\":{\"@id\":\"https:\\\/\\\/www.webdo.tn\\\/fr\\\/#organization\"},\"potentialAction\":[{\"@type\":\"SearchAction\",\"target\":{\"@type\":\"EntryPoint\",\"urlTemplate\":\"https:\\\/\\\/www.webdo.tn\\\/fr\\\/?s={search_term_string}\"},\"query-input\":{\"@type\":\"PropertyValueSpecification\",\"valueRequired\":true,\"valueName\":\"search_term_string\"}}],\"inLanguage\":\"fr-FR\"},{\"@type\":\"Organization\",\"@id\":\"https:\\\/\\\/www.webdo.tn\\\/fr\\\/#organization\",\"name\":\"Webdo\",\"alternateName\":\"Webdo.tn\",\"url\":\"https:\\\/\\\/www.webdo.tn\\\/fr\\\/\",\"logo\":{\"@type\":\"ImageObject\",\"inLanguage\":\"fr-FR\",\"@id\":\"https:\\\/\\\/www.webdo.tn\\\/fr\\\/#\\\/schema\\\/logo\\\/image\\\/\",\"url\":\"https:\\\/\\\/www.webdo.tn\\\/fr\\\/wp-content\\\/uploads\\\/2025\\\/06\\\/Webdo-Tunisie_168377.jpg\",\"contentUrl\":\"https:\\\/\\\/www.webdo.tn\\\/fr\\\/wp-content\\\/uploads\\\/2025\\\/06\\\/Webdo-Tunisie_168377.jpg\",\"width\":301,\"height\":301,\"caption\":\"Webdo\"},\"image\":{\"@id\":\"https:\\\/\\\/www.webdo.tn\\\/fr\\\/#\\\/schema\\\/logo\\\/image\\\/\"},\"sameAs\":[\"https:\\\/\\\/www.facebook.com\\\/webdotn\",\"https:\\\/\\\/x.com\\\/webdo_tn\"],\"description\":\"Webdo est un m\u00e9dia num\u00e9rique tunisien fond\u00e9 en 2010, sp\u00e9cialis\u00e9 dans l\u2019actualit\u00e9 nationale et internationale, l\u2019\u00e9conomie, la soci\u00e9t\u00e9 et les analyses politiques. Le site s\u2019adresse \u00e0 un large public francophone et couvre l\u2019information tunisienne en temps r\u00e9el.\",\"email\":\"redac@webdo.tn\",\"legalName\":\"YNJ SARL\",\"foundingDate\":\"2010-09-06\",\"numberOfEmployees\":{\"@type\":\"QuantitativeValue\",\"minValue\":\"11\",\"maxValue\":\"50\"}},{\"@type\":\"Person\",\"@id\":\"https:\\\/\\\/www.webdo.tn\\\/fr\\\/#\\\/schema\\\/person\\\/9a9c6118d687c117df8ef3cc36a4d175\",\"name\":\"webdo.tn\",\"image\":{\"@type\":\"ImageObject\",\"inLanguage\":\"fr-FR\",\"@id\":\"https:\\\/\\\/secure.gravatar.com\\\/avatar\\\/7ce1f28c0c3bbac99ff550b85ef8e44a6950c6ee24514fb6a5489e51d06f0298?s=96&d=mm&r=g\",\"url\":\"https:\\\/\\\/secure.gravatar.com\\\/avatar\\\/7ce1f28c0c3bbac99ff550b85ef8e44a6950c6ee24514fb6a5489e51d06f0298?s=96&d=mm&r=g\",\"contentUrl\":\"https:\\\/\\\/secure.gravatar.com\\\/avatar\\\/7ce1f28c0c3bbac99ff550b85ef8e44a6950c6ee24514fb6a5489e51d06f0298?s=96&d=mm&r=g\",\"caption\":\"webdo.tn\"},\"url\":\"https:\\\/\\\/www.webdo.tn\\\/fr\\\/actualite\\\/author\\\/webdotn\\\/\"}]}<\/script>\n<!-- \/ Yoast SEO Premium plugin. -->","yoast_head_json":{"title":"Mehdi Jomaa d\u00e9cide la fermeture imm\u00e9diate des mosqu\u00e9es hors contr\u00f4le","description":"Mehdi Jomaa d\u00e9cide la fermeture imm\u00e9diate des mosqu\u00e9es hors contr\u00f4le","canonical":"https:\/\/www.webdo.tn\/fr\/actualite\/terrorisme\/mehdi-jomaa-decide-fermeture-immediate-mosquees-controle\/180190\/","og_locale":"fr_FR","og_type":"article","og_title":"Mehdi Jomaa d\u00e9cide la fermeture imm\u00e9diate des mosqu\u00e9es hors contr\u00f4le","og_description":"Mehdi Jomaa d\u00e9cide la fermeture imm\u00e9diate des mosqu\u00e9es hors contr\u00f4le","og_url":"https:\/\/www.webdo.tn\/fr\/actualite\/terrorisme\/mehdi-jomaa-decide-fermeture-immediate-mosquees-controle\/180190\/","og_site_name":"webdo","article_publisher":"https:\/\/www.facebook.com\/webdotn","article_published_time":"2014-07-20T00:08:00+00:00","article_modified_time":"2025-05-22T13:09:25+00:00","og_image":[{"width":280,"height":376,"url":"https:\/\/www.webdo.tn\/fr\/wp-content\/uploads\/2014\/07\/Mehdi-Jomaa2.jpg","type":"image\/jpeg"}],"author":"webdo.tn","twitter_card":"summary_large_image","twitter_creator":"@webdo_tn","twitter_site":"@webdo_tn","twitter_misc":{"\u00c9crit par":"webdo.tn","Dur\u00e9e de lecture estim\u00e9e":"1 minute"},"schema":{"@context":"https:\/\/schema.org","@graph":[{"@type":"NewsArticle","@id":"https:\/\/www.webdo.tn\/fr\/actualite\/terrorisme\/mehdi-jomaa-decide-fermeture-immediate-mosquees-controle\/180190\/#article","isPartOf":{"@id":"https:\/\/www.webdo.tn\/fr\/actualite\/terrorisme\/mehdi-jomaa-decide-fermeture-immediate-mosquees-controle\/180190\/"},"author":{"name":"webdo.tn","@id":"https:\/\/www.webdo.tn\/fr\/#\/schema\/person\/9a9c6118d687c117df8ef3cc36a4d175"},"headline":"Mehdi Jomaa d\u00e9cide la fermeture imm\u00e9diate des mosqu\u00e9es hors contr\u00f4le","datePublished":"2014-07-20T00:08:00+00:00","dateModified":"2025-05-22T13:09:25+00:00","mainEntityOfPage":{"@id":"https:\/\/www.webdo.tn\/fr\/actualite\/terrorisme\/mehdi-jomaa-decide-fermeture-immediate-mosquees-controle\/180190\/"},"wordCount":158,"commentCount":0,"publisher":{"@id":"https:\/\/www.webdo.tn\/fr\/#organization"},"image":{"@id":"https:\/\/www.webdo.tn\/fr\/actualite\/terrorisme\/mehdi-jomaa-decide-fermeture-immediate-mosquees-controle\/180190\/#primaryimage"},"thumbnailUrl":"https:\/\/www.webdo.tn\/fr\/wp-content\/uploads\/2014\/07\/Mehdi-Jomaa2.jpg","articleSection":["Terrorisme"],"inLanguage":"fr-FR"},{"@type":"WebPage","@id":"https:\/\/www.webdo.tn\/fr\/actualite\/terrorisme\/mehdi-jomaa-decide-fermeture-immediate-mosquees-controle\/180190\/","url":"https:\/\/www.webdo.tn\/fr\/actualite\/terrorisme\/mehdi-jomaa-decide-fermeture-immediate-mosquees-controle\/180190\/","name":"Mehdi Jomaa d\u00e9cide la fermeture imm\u00e9diate des mosqu\u00e9es hors contr\u00f4le","isPartOf":{"@id":"https:\/\/www.webdo.tn\/fr\/#website"},"primaryImageOfPage":{"@id":"https:\/\/www.webdo.tn\/fr\/actualite\/terrorisme\/mehdi-jomaa-decide-fermeture-immediate-mosquees-controle\/180190\/#primaryimage"},"image":{"@id":"https:\/\/www.webdo.tn\/fr\/actualite\/terrorisme\/mehdi-jomaa-decide-fermeture-immediate-mosquees-controle\/180190\/#primaryimage"},"thumbnailUrl":"https:\/\/www.webdo.tn\/fr\/wp-content\/uploads\/2014\/07\/Mehdi-Jomaa2.jpg","datePublished":"2014-07-20T00:08:00+00:00","dateModified":"2025-05-22T13:09:25+00:00","description":"Mehdi Jomaa d\u00e9cide la fermeture imm\u00e9diate des mosqu\u00e9es hors contr\u00f4le","breadcrumb":{"@id":"https:\/\/www.webdo.tn\/fr\/actualite\/terrorisme\/mehdi-jomaa-decide-fermeture-immediate-mosquees-controle\/180190\/#breadcrumb"},"inLanguage":"fr-FR","potentialAction":[{"@type":"ReadAction","target":["https:\/\/www.webdo.tn\/fr\/actualite\/terrorisme\/mehdi-jomaa-decide-fermeture-immediate-mosquees-controle\/180190\/"]}]},{"@type":"ImageObject","inLanguage":"fr-FR","@id":"https:\/\/www.webdo.tn\/fr\/actualite\/terrorisme\/mehdi-jomaa-decide-fermeture-immediate-mosquees-controle\/180190\/#primaryimage","url":"https:\/\/www.webdo.tn\/fr\/wp-content\/uploads\/2014\/07\/Mehdi-Jomaa2.jpg","contentUrl":"https:\/\/www.webdo.tn\/fr\/wp-content\/uploads\/2014\/07\/Mehdi-Jomaa2.jpg","width":280,"height":376,"caption":"Mehdi Jomaa d\u00e9cide la fermeture imm\u00e9diate des mosqu\u00e9es hors contr\u00f4le"},{"@type":"BreadcrumbList","@id":"https:\/\/www.webdo.tn\/fr\/actualite\/terrorisme\/mehdi-jomaa-decide-fermeture-immediate-mosquees-controle\/180190\/#breadcrumb","itemListElement":[{"@type":"ListItem","position":1,"name":"Accueil","item":"https:\/\/www.webdo.tn\/fr\/"},{"@type":"ListItem","position":2,"name":"Mehdi Jomaa d\u00e9cide la fermeture imm\u00e9diate des mosqu\u00e9es hors contr\u00f4le"}]},{"@type":"WebSite","@id":"https:\/\/www.webdo.tn\/fr\/#website","url":"https:\/\/www.webdo.tn\/fr\/","name":"webdo","description":"Tunisie - News en Tunisie et \u00e0 l&#039;international sur Webdo.tn","publisher":{"@id":"https:\/\/www.webdo.tn\/fr\/#organization"},"potentialAction":[{"@type":"SearchAction","target":{"@type":"EntryPoint","urlTemplate":"https:\/\/www.webdo.tn\/fr\/?s={search_term_string}"},"query-input":{"@type":"PropertyValueSpecification","valueRequired":true,"valueName":"search_term_string"}}],"inLanguage":"fr-FR"},{"@type":"Organization","@id":"https:\/\/www.webdo.tn\/fr\/#organization","name":"Webdo","alternateName":"Webdo.tn","url":"https:\/\/www.webdo.tn\/fr\/","logo":{"@type":"ImageObject","inLanguage":"fr-FR","@id":"https:\/\/www.webdo.tn\/fr\/#\/schema\/logo\/image\/","url":"https:\/\/www.webdo.tn\/fr\/wp-content\/uploads\/2025\/06\/Webdo-Tunisie_168377.jpg","contentUrl":"https:\/\/www.webdo.tn\/fr\/wp-content\/uploads\/2025\/06\/Webdo-Tunisie_168377.jpg","width":301,"height":301,"caption":"Webdo"},"image":{"@id":"https:\/\/www.webdo.tn\/fr\/#\/schema\/logo\/image\/"},"sameAs":["https:\/\/www.facebook.com\/webdotn","https:\/\/x.com\/webdo_tn"],"description":"Webdo est un m\u00e9dia num\u00e9rique tunisien fond\u00e9 en 2010, sp\u00e9cialis\u00e9 dans l\u2019actualit\u00e9 nationale et internationale, l\u2019\u00e9conomie, la soci\u00e9t\u00e9 et les analyses politiques. Le site s\u2019adresse \u00e0 un large public francophone et couvre l\u2019information tunisienne en temps r\u00e9el.","email":"redac@webdo.tn","legalName":"YNJ SARL","foundingDate":"2010-09-06","numberOfEmployees":{"@type":"QuantitativeValue","minValue":"11","maxValue":"50"}},{"@type":"Person","@id":"https:\/\/www.webdo.tn\/fr\/#\/schema\/person\/9a9c6118d687c117df8ef3cc36a4d175","name":"webdo.tn","image":{"@type":"ImageObject","inLanguage":"fr-FR","@id":"https:\/\/secure.gravatar.com\/avatar\/7ce1f28c0c3bbac99ff550b85ef8e44a6950c6ee24514fb6a5489e51d06f0298?s=96&d=mm&r=g","url":"https:\/\/secure.gravatar.com\/avatar\/7ce1f28c0c3bbac99ff550b85ef8e44a6950c6ee24514fb6a5489e51d06f0298?s=96&d=mm&r=g","contentUrl":"https:\/\/secure.gravatar.com\/avatar\/7ce1f28c0c3bbac99ff550b85ef8e44a6950c6ee24514fb6a5489e51d06f0298?s=96&d=mm&r=g","caption":"webdo.tn"},"url":"https:\/\/www.webdo.tn\/fr\/actualite\/author\/webdotn\/"}]}},"_links":{"self":[{"href":"https:\/\/www.webdo.tn\/fr\/wp-json\/wp\/v2\/posts\/180190","targetHints":{"allow":["GET"]}}],"collection":[{"href":"https:\/\/www.webdo.tn\/fr\/wp-json\/wp\/v2\/posts"}],"about":[{"href":"https:\/\/www.webdo.tn\/fr\/wp-json\/wp\/v2\/types\/post"}],"author":[{"embeddable":true,"href":"https:\/\/www.webdo.tn\/fr\/wp-json\/wp\/v2\/users\/3222"}],"replies":[{"embeddable":true,"href":"https:\/\/www.webdo.tn\/fr\/wp-json\/wp\/v2\/comments?post=180190"}],"version-history":[{"count":0,"href":"https:\/\/www.webdo.tn\/fr\/wp-json\/wp\/v2\/posts\/180190\/revisions"}],"wp:featuredmedia":[{"embeddable":true,"href":"https:\/\/www.webdo.tn\/fr\/wp-json\/wp\/v2\/media\/320916"}],"wp:attachment":[{"href":"https:\/\/www.webdo.tn\/fr\/wp-json\/wp\/v2\/media?parent=180190"}],"wp:term":[{"taxonomy":"category","embeddable":true,"href":"https:\/\/www.webdo.tn\/fr\/wp-json\/wp\/v2\/categories?post=180190"},{"taxonomy":"post_tag","embeddable":true,"href":"https:\/\/www.webdo.tn\/fr\/wp-json\/wp\/v2\/tags?post=180190"}],"curies":[{"name":"wp","href":"https:\/\/api.w.org\/{rel}","templated":true}]}}