{"id":180187,"date":"2014-07-21T09:15:00","date_gmt":"2014-07-21T09:15:00","guid":{"rendered":"https:\/\/www.webdo.tn\/fr\/blog\/nouvelle-mission-gouvernement-surveiller-les-associations-liees-au-terrorisme\/180187\/"},"modified":"2025-05-22T13:20:20","modified_gmt":"2025-05-22T13:20:20","slug":"nouvelle-mission-gouvernement-surveiller-les-associations-liees-au-terrorisme","status":"publish","type":"post","link":"https:\/\/www.webdo.tn\/fr\/actualite\/terrorisme\/nouvelle-mission-gouvernement-surveiller-les-associations-liees-au-terrorisme\/180187\/","title":{"rendered":"Nouvelle mission pour le gouvernement : surveiller les associations li\u00e9es au terrorisme"},"content":{"rendered":"<p>Mehdi Jomaa s&rsquo;est attaqu\u00e9 ce dimanche 20 juillet aux associations li\u00e9es au terrorisme.<\/p>\n<p>Lors de la r\u00e9union de la cellule de crise charg\u00e9e du suivi de la situation s\u00e9curitaire, le chef du gouvernement a d\u00e9cid\u00e9 de cr\u00e9er un nouveau groupe de travail rattach\u00e9 \u00e0 la commission de suivi de l&rsquo;action associative.<\/p>\n<p>Elle aura pour mission de faire \u00a0un audit interne et externe de l&rsquo;\u00e9tat financier des associations ainsi que la v\u00e9rification de ses liens avec le terrorisme.\u00a0<\/p>\n<p>En Tunisie, le nombre des associations est plus de 16.000. Cette d\u00e9cision vient \u00e0 la suite de l&rsquo;attaque terroriste du 16 juillet \u00e0 Kasserine.<\/p>\n","protected":false},"excerpt":{"rendered":"<p>Nouvelle mission pour le gouvernement : surveiller les associations li\u00e9es au terrorisme<\/p>\n","protected":false},"author":3222,"featured_media":334733,"comment_status":"open","ping_status":"closed","sticky":false,"template":"","format":"standard","meta":{"footnotes":""},"categories":[11342],"tags":[],"class_list":["post-180187","post","type-post","status-publish","format-standard","has-post-thumbnail","hentry","category-terrorisme"],"yoast_head":"<!-- This site is optimized with the Yoast SEO Premium plugin v27.5 (Yoast SEO v27.5) - https:\/\/yoast.com\/product\/yoast-seo-premium-wordpress\/ -->\n<title>Nouvelle mission pour le gouvernement : surveiller les associations li\u00e9es au terrorisme<\/title>\n<meta name=\"description\" content=\"Nouvelle mission pour le gouvernement : surveiller les associations li\u00e9es au terrorisme\" \/>\n<link rel=\"canonical\" href=\"https:\/\/www.webdo.tn\/fr\/actualite\/terrorisme\/nouvelle-mission-gouvernement-surveiller-les-associations-liees-au-terrorisme\/180187\/\" \/>\n<meta property=\"og:locale\" content=\"fr_FR\" \/>\n<meta property=\"og:type\" content=\"article\" \/>\n<meta property=\"og:title\" content=\"Nouvelle mission pour le gouvernement : surveiller les associations li\u00e9es au terrorisme\" \/>\n<meta property=\"og:description\" content=\"Nouvelle mission pour le gouvernement : surveiller les associations li\u00e9es au terrorisme\" \/>\n<meta property=\"og:url\" content=\"https:\/\/www.webdo.tn\/fr\/actualite\/terrorisme\/nouvelle-mission-gouvernement-surveiller-les-associations-liees-au-terrorisme\/180187\/\" \/>\n<meta property=\"og:site_name\" content=\"webdo\" \/>\n<meta property=\"article:publisher\" content=\"https:\/\/www.facebook.com\/webdotn\" \/>\n<meta property=\"article:published_time\" content=\"2014-07-21T09:15:00+00:00\" \/>\n<meta property=\"article:modified_time\" content=\"2025-05-22T13:20:20+00:00\" \/>\n<meta property=\"og:image\" content=\"https:\/\/www.webdo.tn\/fr\/wp-content\/uploads\/2014\/07\/Mehdi-Jomaa-photo-courrier-international-300x205-1.jpg\" \/>\n\t<meta property=\"og:image:width\" content=\"300\" \/>\n\t<meta property=\"og:image:height\" content=\"205\" \/>\n\t<meta property=\"og:image:type\" content=\"image\/jpeg\" \/>\n<meta name=\"author\" content=\"webdo.tn\" \/>\n<meta name=\"twitter:card\" content=\"summary_large_image\" \/>\n<meta name=\"twitter:creator\" content=\"@webdo_tn\" \/>\n<meta name=\"twitter:site\" content=\"@webdo_tn\" \/>\n<meta name=\"twitter:label1\" content=\"\u00c9crit par\" \/>\n\t<meta name=\"twitter:data1\" content=\"webdo.tn\" \/>\n\t<meta name=\"twitter:label2\" content=\"Dur\u00e9e de lecture estim\u00e9e\" \/>\n\t<meta name=\"twitter:data2\" content=\"1 minute\" \/>\n<script type=\"application\/ld+json\" class=\"yoast-schema-graph\">{\"@context\":\"https:\\\/\\\/schema.org\",\"@graph\":[{\"@type\":\"NewsArticle\",\"@id\":\"https:\\\/\\\/www.webdo.tn\\\/fr\\\/actualite\\\/terrorisme\\\/nouvelle-mission-gouvernement-surveiller-les-associations-liees-au-terrorisme\\\/180187\\\/#article\",\"isPartOf\":{\"@id\":\"https:\\\/\\\/www.webdo.tn\\\/fr\\\/actualite\\\/terrorisme\\\/nouvelle-mission-gouvernement-surveiller-les-associations-liees-au-terrorisme\\\/180187\\\/\"},\"author\":{\"name\":\"webdo.tn\",\"@id\":\"https:\\\/\\\/www.webdo.tn\\\/fr\\\/#\\\/schema\\\/person\\\/9a9c6118d687c117df8ef3cc36a4d175\"},\"headline\":\"Nouvelle mission pour le gouvernement : surveiller les associations li\u00e9es au terrorisme\",\"datePublished\":\"2014-07-21T09:15:00+00:00\",\"dateModified\":\"2025-05-22T13:20:20+00:00\",\"mainEntityOfPage\":{\"@id\":\"https:\\\/\\\/www.webdo.tn\\\/fr\\\/actualite\\\/terrorisme\\\/nouvelle-mission-gouvernement-surveiller-les-associations-liees-au-terrorisme\\\/180187\\\/\"},\"wordCount\":119,\"commentCount\":0,\"publisher\":{\"@id\":\"https:\\\/\\\/www.webdo.tn\\\/fr\\\/#organization\"},\"image\":{\"@id\":\"https:\\\/\\\/www.webdo.tn\\\/fr\\\/actualite\\\/terrorisme\\\/nouvelle-mission-gouvernement-surveiller-les-associations-liees-au-terrorisme\\\/180187\\\/#primaryimage\"},\"thumbnailUrl\":\"https:\\\/\\\/www.webdo.tn\\\/fr\\\/wp-content\\\/uploads\\\/2014\\\/07\\\/Mehdi-Jomaa-photo-courrier-international-300x205-1.jpg\",\"articleSection\":[\"Terrorisme\"],\"inLanguage\":\"fr-FR\"},{\"@type\":\"WebPage\",\"@id\":\"https:\\\/\\\/www.webdo.tn\\\/fr\\\/actualite\\\/terrorisme\\\/nouvelle-mission-gouvernement-surveiller-les-associations-liees-au-terrorisme\\\/180187\\\/\",\"url\":\"https:\\\/\\\/www.webdo.tn\\\/fr\\\/actualite\\\/terrorisme\\\/nouvelle-mission-gouvernement-surveiller-les-associations-liees-au-terrorisme\\\/180187\\\/\",\"name\":\"Nouvelle mission pour le gouvernement : surveiller les associations li\u00e9es au terrorisme\",\"isPartOf\":{\"@id\":\"https:\\\/\\\/www.webdo.tn\\\/fr\\\/#website\"},\"primaryImageOfPage\":{\"@id\":\"https:\\\/\\\/www.webdo.tn\\\/fr\\\/actualite\\\/terrorisme\\\/nouvelle-mission-gouvernement-surveiller-les-associations-liees-au-terrorisme\\\/180187\\\/#primaryimage\"},\"image\":{\"@id\":\"https:\\\/\\\/www.webdo.tn\\\/fr\\\/actualite\\\/terrorisme\\\/nouvelle-mission-gouvernement-surveiller-les-associations-liees-au-terrorisme\\\/180187\\\/#primaryimage\"},\"thumbnailUrl\":\"https:\\\/\\\/www.webdo.tn\\\/fr\\\/wp-content\\\/uploads\\\/2014\\\/07\\\/Mehdi-Jomaa-photo-courrier-international-300x205-1.jpg\",\"datePublished\":\"2014-07-21T09:15:00+00:00\",\"dateModified\":\"2025-05-22T13:20:20+00:00\",\"description\":\"Nouvelle mission pour le gouvernement : surveiller les associations li\u00e9es au terrorisme\",\"breadcrumb\":{\"@id\":\"https:\\\/\\\/www.webdo.tn\\\/fr\\\/actualite\\\/terrorisme\\\/nouvelle-mission-gouvernement-surveiller-les-associations-liees-au-terrorisme\\\/180187\\\/#breadcrumb\"},\"inLanguage\":\"fr-FR\",\"potentialAction\":[{\"@type\":\"ReadAction\",\"target\":[\"https:\\\/\\\/www.webdo.tn\\\/fr\\\/actualite\\\/terrorisme\\\/nouvelle-mission-gouvernement-surveiller-les-associations-liees-au-terrorisme\\\/180187\\\/\"]}]},{\"@type\":\"ImageObject\",\"inLanguage\":\"fr-FR\",\"@id\":\"https:\\\/\\\/www.webdo.tn\\\/fr\\\/actualite\\\/terrorisme\\\/nouvelle-mission-gouvernement-surveiller-les-associations-liees-au-terrorisme\\\/180187\\\/#primaryimage\",\"url\":\"https:\\\/\\\/www.webdo.tn\\\/fr\\\/wp-content\\\/uploads\\\/2014\\\/07\\\/Mehdi-Jomaa-photo-courrier-international-300x205-1.jpg\",\"contentUrl\":\"https:\\\/\\\/www.webdo.tn\\\/fr\\\/wp-content\\\/uploads\\\/2014\\\/07\\\/Mehdi-Jomaa-photo-courrier-international-300x205-1.jpg\",\"width\":300,\"height\":205,\"caption\":\"Nouvelle mission pour le gouvernement : surveiller les associations li\u00e9es au terrorisme\"},{\"@type\":\"BreadcrumbList\",\"@id\":\"https:\\\/\\\/www.webdo.tn\\\/fr\\\/actualite\\\/terrorisme\\\/nouvelle-mission-gouvernement-surveiller-les-associations-liees-au-terrorisme\\\/180187\\\/#breadcrumb\",\"itemListElement\":[{\"@type\":\"ListItem\",\"position\":1,\"name\":\"Accueil\",\"item\":\"https:\\\/\\\/www.webdo.tn\\\/fr\\\/\"},{\"@type\":\"ListItem\",\"position\":2,\"name\":\"Nouvelle mission pour le gouvernement : surveiller les associations li\u00e9es au terrorisme\"}]},{\"@type\":\"WebSite\",\"@id\":\"https:\\\/\\\/www.webdo.tn\\\/fr\\\/#website\",\"url\":\"https:\\\/\\\/www.webdo.tn\\\/fr\\\/\",\"name\":\"webdo\",\"description\":\"Tunisie - News en Tunisie et \u00e0 l&#039;international sur Webdo.tn\",\"publisher\":{\"@id\":\"https:\\\/\\\/www.webdo.tn\\\/fr\\\/#organization\"},\"potentialAction\":[{\"@type\":\"SearchAction\",\"target\":{\"@type\":\"EntryPoint\",\"urlTemplate\":\"https:\\\/\\\/www.webdo.tn\\\/fr\\\/?s={search_term_string}\"},\"query-input\":{\"@type\":\"PropertyValueSpecification\",\"valueRequired\":true,\"valueName\":\"search_term_string\"}}],\"inLanguage\":\"fr-FR\"},{\"@type\":\"Organization\",\"@id\":\"https:\\\/\\\/www.webdo.tn\\\/fr\\\/#organization\",\"name\":\"Webdo\",\"alternateName\":\"Webdo.tn\",\"url\":\"https:\\\/\\\/www.webdo.tn\\\/fr\\\/\",\"logo\":{\"@type\":\"ImageObject\",\"inLanguage\":\"fr-FR\",\"@id\":\"https:\\\/\\\/www.webdo.tn\\\/fr\\\/#\\\/schema\\\/logo\\\/image\\\/\",\"url\":\"https:\\\/\\\/www.webdo.tn\\\/fr\\\/wp-content\\\/uploads\\\/2025\\\/06\\\/Webdo-Tunisie_168377.jpg\",\"contentUrl\":\"https:\\\/\\\/www.webdo.tn\\\/fr\\\/wp-content\\\/uploads\\\/2025\\\/06\\\/Webdo-Tunisie_168377.jpg\",\"width\":301,\"height\":301,\"caption\":\"Webdo\"},\"image\":{\"@id\":\"https:\\\/\\\/www.webdo.tn\\\/fr\\\/#\\\/schema\\\/logo\\\/image\\\/\"},\"sameAs\":[\"https:\\\/\\\/www.facebook.com\\\/webdotn\",\"https:\\\/\\\/x.com\\\/webdo_tn\"],\"description\":\"Webdo est un m\u00e9dia num\u00e9rique tunisien fond\u00e9 en 2010, sp\u00e9cialis\u00e9 dans l\u2019actualit\u00e9 nationale et internationale, l\u2019\u00e9conomie, la soci\u00e9t\u00e9 et les analyses politiques. Le site s\u2019adresse \u00e0 un large public francophone et couvre l\u2019information tunisienne en temps r\u00e9el.\",\"email\":\"redac@webdo.tn\",\"legalName\":\"YNJ SARL\",\"foundingDate\":\"2010-09-06\",\"numberOfEmployees\":{\"@type\":\"QuantitativeValue\",\"minValue\":\"11\",\"maxValue\":\"50\"}},{\"@type\":\"Person\",\"@id\":\"https:\\\/\\\/www.webdo.tn\\\/fr\\\/#\\\/schema\\\/person\\\/9a9c6118d687c117df8ef3cc36a4d175\",\"name\":\"webdo.tn\",\"image\":{\"@type\":\"ImageObject\",\"inLanguage\":\"fr-FR\",\"@id\":\"https:\\\/\\\/secure.gravatar.com\\\/avatar\\\/7ce1f28c0c3bbac99ff550b85ef8e44a6950c6ee24514fb6a5489e51d06f0298?s=96&d=mm&r=g\",\"url\":\"https:\\\/\\\/secure.gravatar.com\\\/avatar\\\/7ce1f28c0c3bbac99ff550b85ef8e44a6950c6ee24514fb6a5489e51d06f0298?s=96&d=mm&r=g\",\"contentUrl\":\"https:\\\/\\\/secure.gravatar.com\\\/avatar\\\/7ce1f28c0c3bbac99ff550b85ef8e44a6950c6ee24514fb6a5489e51d06f0298?s=96&d=mm&r=g\",\"caption\":\"webdo.tn\"},\"url\":\"https:\\\/\\\/www.webdo.tn\\\/fr\\\/actualite\\\/author\\\/webdotn\\\/\"}]}<\/script>\n<!-- \/ Yoast SEO Premium plugin. -->","yoast_head_json":{"title":"Nouvelle mission pour le gouvernement : surveiller les associations li\u00e9es au terrorisme","description":"Nouvelle mission pour le gouvernement : surveiller les associations li\u00e9es au terrorisme","canonical":"https:\/\/www.webdo.tn\/fr\/actualite\/terrorisme\/nouvelle-mission-gouvernement-surveiller-les-associations-liees-au-terrorisme\/180187\/","og_locale":"fr_FR","og_type":"article","og_title":"Nouvelle mission pour le gouvernement : surveiller les associations li\u00e9es au terrorisme","og_description":"Nouvelle mission pour le gouvernement : surveiller les associations li\u00e9es au terrorisme","og_url":"https:\/\/www.webdo.tn\/fr\/actualite\/terrorisme\/nouvelle-mission-gouvernement-surveiller-les-associations-liees-au-terrorisme\/180187\/","og_site_name":"webdo","article_publisher":"https:\/\/www.facebook.com\/webdotn","article_published_time":"2014-07-21T09:15:00+00:00","article_modified_time":"2025-05-22T13:20:20+00:00","og_image":[{"width":300,"height":205,"url":"https:\/\/www.webdo.tn\/fr\/wp-content\/uploads\/2014\/07\/Mehdi-Jomaa-photo-courrier-international-300x205-1.jpg","type":"image\/jpeg"}],"author":"webdo.tn","twitter_card":"summary_large_image","twitter_creator":"@webdo_tn","twitter_site":"@webdo_tn","twitter_misc":{"\u00c9crit par":"webdo.tn","Dur\u00e9e de lecture estim\u00e9e":"1 minute"},"schema":{"@context":"https:\/\/schema.org","@graph":[{"@type":"NewsArticle","@id":"https:\/\/www.webdo.tn\/fr\/actualite\/terrorisme\/nouvelle-mission-gouvernement-surveiller-les-associations-liees-au-terrorisme\/180187\/#article","isPartOf":{"@id":"https:\/\/www.webdo.tn\/fr\/actualite\/terrorisme\/nouvelle-mission-gouvernement-surveiller-les-associations-liees-au-terrorisme\/180187\/"},"author":{"name":"webdo.tn","@id":"https:\/\/www.webdo.tn\/fr\/#\/schema\/person\/9a9c6118d687c117df8ef3cc36a4d175"},"headline":"Nouvelle mission pour le gouvernement : surveiller les associations li\u00e9es au terrorisme","datePublished":"2014-07-21T09:15:00+00:00","dateModified":"2025-05-22T13:20:20+00:00","mainEntityOfPage":{"@id":"https:\/\/www.webdo.tn\/fr\/actualite\/terrorisme\/nouvelle-mission-gouvernement-surveiller-les-associations-liees-au-terrorisme\/180187\/"},"wordCount":119,"commentCount":0,"publisher":{"@id":"https:\/\/www.webdo.tn\/fr\/#organization"},"image":{"@id":"https:\/\/www.webdo.tn\/fr\/actualite\/terrorisme\/nouvelle-mission-gouvernement-surveiller-les-associations-liees-au-terrorisme\/180187\/#primaryimage"},"thumbnailUrl":"https:\/\/www.webdo.tn\/fr\/wp-content\/uploads\/2014\/07\/Mehdi-Jomaa-photo-courrier-international-300x205-1.jpg","articleSection":["Terrorisme"],"inLanguage":"fr-FR"},{"@type":"WebPage","@id":"https:\/\/www.webdo.tn\/fr\/actualite\/terrorisme\/nouvelle-mission-gouvernement-surveiller-les-associations-liees-au-terrorisme\/180187\/","url":"https:\/\/www.webdo.tn\/fr\/actualite\/terrorisme\/nouvelle-mission-gouvernement-surveiller-les-associations-liees-au-terrorisme\/180187\/","name":"Nouvelle mission pour le gouvernement : surveiller les associations li\u00e9es au terrorisme","isPartOf":{"@id":"https:\/\/www.webdo.tn\/fr\/#website"},"primaryImageOfPage":{"@id":"https:\/\/www.webdo.tn\/fr\/actualite\/terrorisme\/nouvelle-mission-gouvernement-surveiller-les-associations-liees-au-terrorisme\/180187\/#primaryimage"},"image":{"@id":"https:\/\/www.webdo.tn\/fr\/actualite\/terrorisme\/nouvelle-mission-gouvernement-surveiller-les-associations-liees-au-terrorisme\/180187\/#primaryimage"},"thumbnailUrl":"https:\/\/www.webdo.tn\/fr\/wp-content\/uploads\/2014\/07\/Mehdi-Jomaa-photo-courrier-international-300x205-1.jpg","datePublished":"2014-07-21T09:15:00+00:00","dateModified":"2025-05-22T13:20:20+00:00","description":"Nouvelle mission pour le gouvernement : surveiller les associations li\u00e9es au terrorisme","breadcrumb":{"@id":"https:\/\/www.webdo.tn\/fr\/actualite\/terrorisme\/nouvelle-mission-gouvernement-surveiller-les-associations-liees-au-terrorisme\/180187\/#breadcrumb"},"inLanguage":"fr-FR","potentialAction":[{"@type":"ReadAction","target":["https:\/\/www.webdo.tn\/fr\/actualite\/terrorisme\/nouvelle-mission-gouvernement-surveiller-les-associations-liees-au-terrorisme\/180187\/"]}]},{"@type":"ImageObject","inLanguage":"fr-FR","@id":"https:\/\/www.webdo.tn\/fr\/actualite\/terrorisme\/nouvelle-mission-gouvernement-surveiller-les-associations-liees-au-terrorisme\/180187\/#primaryimage","url":"https:\/\/www.webdo.tn\/fr\/wp-content\/uploads\/2014\/07\/Mehdi-Jomaa-photo-courrier-international-300x205-1.jpg","contentUrl":"https:\/\/www.webdo.tn\/fr\/wp-content\/uploads\/2014\/07\/Mehdi-Jomaa-photo-courrier-international-300x205-1.jpg","width":300,"height":205,"caption":"Nouvelle mission pour le gouvernement : surveiller les associations li\u00e9es au terrorisme"},{"@type":"BreadcrumbList","@id":"https:\/\/www.webdo.tn\/fr\/actualite\/terrorisme\/nouvelle-mission-gouvernement-surveiller-les-associations-liees-au-terrorisme\/180187\/#breadcrumb","itemListElement":[{"@type":"ListItem","position":1,"name":"Accueil","item":"https:\/\/www.webdo.tn\/fr\/"},{"@type":"ListItem","position":2,"name":"Nouvelle mission pour le gouvernement : surveiller les associations li\u00e9es au terrorisme"}]},{"@type":"WebSite","@id":"https:\/\/www.webdo.tn\/fr\/#website","url":"https:\/\/www.webdo.tn\/fr\/","name":"webdo","description":"Tunisie - News en Tunisie et \u00e0 l&#039;international sur Webdo.tn","publisher":{"@id":"https:\/\/www.webdo.tn\/fr\/#organization"},"potentialAction":[{"@type":"SearchAction","target":{"@type":"EntryPoint","urlTemplate":"https:\/\/www.webdo.tn\/fr\/?s={search_term_string}"},"query-input":{"@type":"PropertyValueSpecification","valueRequired":true,"valueName":"search_term_string"}}],"inLanguage":"fr-FR"},{"@type":"Organization","@id":"https:\/\/www.webdo.tn\/fr\/#organization","name":"Webdo","alternateName":"Webdo.tn","url":"https:\/\/www.webdo.tn\/fr\/","logo":{"@type":"ImageObject","inLanguage":"fr-FR","@id":"https:\/\/www.webdo.tn\/fr\/#\/schema\/logo\/image\/","url":"https:\/\/www.webdo.tn\/fr\/wp-content\/uploads\/2025\/06\/Webdo-Tunisie_168377.jpg","contentUrl":"https:\/\/www.webdo.tn\/fr\/wp-content\/uploads\/2025\/06\/Webdo-Tunisie_168377.jpg","width":301,"height":301,"caption":"Webdo"},"image":{"@id":"https:\/\/www.webdo.tn\/fr\/#\/schema\/logo\/image\/"},"sameAs":["https:\/\/www.facebook.com\/webdotn","https:\/\/x.com\/webdo_tn"],"description":"Webdo est un m\u00e9dia num\u00e9rique tunisien fond\u00e9 en 2010, sp\u00e9cialis\u00e9 dans l\u2019actualit\u00e9 nationale et internationale, l\u2019\u00e9conomie, la soci\u00e9t\u00e9 et les analyses politiques. Le site s\u2019adresse \u00e0 un large public francophone et couvre l\u2019information tunisienne en temps r\u00e9el.","email":"redac@webdo.tn","legalName":"YNJ SARL","foundingDate":"2010-09-06","numberOfEmployees":{"@type":"QuantitativeValue","minValue":"11","maxValue":"50"}},{"@type":"Person","@id":"https:\/\/www.webdo.tn\/fr\/#\/schema\/person\/9a9c6118d687c117df8ef3cc36a4d175","name":"webdo.tn","image":{"@type":"ImageObject","inLanguage":"fr-FR","@id":"https:\/\/secure.gravatar.com\/avatar\/7ce1f28c0c3bbac99ff550b85ef8e44a6950c6ee24514fb6a5489e51d06f0298?s=96&d=mm&r=g","url":"https:\/\/secure.gravatar.com\/avatar\/7ce1f28c0c3bbac99ff550b85ef8e44a6950c6ee24514fb6a5489e51d06f0298?s=96&d=mm&r=g","contentUrl":"https:\/\/secure.gravatar.com\/avatar\/7ce1f28c0c3bbac99ff550b85ef8e44a6950c6ee24514fb6a5489e51d06f0298?s=96&d=mm&r=g","caption":"webdo.tn"},"url":"https:\/\/www.webdo.tn\/fr\/actualite\/author\/webdotn\/"}]}},"_links":{"self":[{"href":"https:\/\/www.webdo.tn\/fr\/wp-json\/wp\/v2\/posts\/180187","targetHints":{"allow":["GET"]}}],"collection":[{"href":"https:\/\/www.webdo.tn\/fr\/wp-json\/wp\/v2\/posts"}],"about":[{"href":"https:\/\/www.webdo.tn\/fr\/wp-json\/wp\/v2\/types\/post"}],"author":[{"embeddable":true,"href":"https:\/\/www.webdo.tn\/fr\/wp-json\/wp\/v2\/users\/3222"}],"replies":[{"embeddable":true,"href":"https:\/\/www.webdo.tn\/fr\/wp-json\/wp\/v2\/comments?post=180187"}],"version-history":[{"count":0,"href":"https:\/\/www.webdo.tn\/fr\/wp-json\/wp\/v2\/posts\/180187\/revisions"}],"wp:featuredmedia":[{"embeddable":true,"href":"https:\/\/www.webdo.tn\/fr\/wp-json\/wp\/v2\/media\/334733"}],"wp:attachment":[{"href":"https:\/\/www.webdo.tn\/fr\/wp-json\/wp\/v2\/media?parent=180187"}],"wp:term":[{"taxonomy":"category","embeddable":true,"href":"https:\/\/www.webdo.tn\/fr\/wp-json\/wp\/v2\/categories?post=180187"},{"taxonomy":"post_tag","embeddable":true,"href":"https:\/\/www.webdo.tn\/fr\/wp-json\/wp\/v2\/tags?post=180187"}],"curies":[{"name":"wp","href":"https:\/\/api.w.org\/{rel}","templated":true}]}}