{"id":180183,"date":"2014-07-22T17:25:00","date_gmt":"2014-07-22T17:25:00","guid":{"rendered":"https:\/\/www.webdo.tn\/fr\/blog\/quelle-loi-permet-larrestation-ceux-celebre-mort-militaires\/180183\/"},"modified":"2025-05-22T13:09:14","modified_gmt":"2025-05-22T13:09:14","slug":"quelle-loi-permet-larrestation-ceux-celebre-mort-militaires","status":"publish","type":"post","link":"https:\/\/www.webdo.tn\/fr\/actualite\/terrorisme\/quelle-loi-permet-larrestation-ceux-celebre-mort-militaires\/180183\/","title":{"rendered":"Quelle loi permet l\u2019arrestation de ceux qui ont c\u00e9l\u00e9br\u00e9 la mort des militaires ?"},"content":{"rendered":"<p>Samedi dernier, \u00e0 Kasserine, 34 personnes suspect\u00e9es d\u2019avoir des liens avec le groupe terroriste \u00e0 l\u2019origine de l\u2019attaque contre les militaires, ont \u00e9t\u00e9 arr\u00eat\u00e9es. Certaines de ces personnes sont accus\u00e9es d\u2019avoir c\u00e9l\u00e9br\u00e9 la mort des 15 soldats.Hier, \u00e0 Douar Hicher, dix personnes de la mouvance salafiste ont \u00e9t\u00e9 arr\u00eat\u00e9es pour avoir f\u00eat\u00e9 cette attaque terroriste, a rapport\u00e9 l&rsquo;agence Tunis-Afrique Presse.<\/p>\n<p>Sur quelles lois se sont appuy\u00e9es les autorit\u00e9s pour proc\u00e9der \u00e0 des arrestations pour ce motif ? Y-a-t-il un texte qui interdise et punisse la c\u00e9l\u00e9bration d\u2019un acte terroriste ?Il faudra attendre la r\u00e9ponse du minist\u00e8re public<\/p>\n<p>\u00abA ce que je sache, il n\u2019y a aucune loi qui punisse ce genre d\u2019acte\u00bb, nous a assur\u00e9\u00a0Ma\u00eetre Anouar Ouled Ali, connu pour sa d\u00e9fense des salafistes.<\/p>\n<p>D\u00e9non\u00e7ant des actes de c\u00e9l\u00e9bration \u00abimmoraux et inf\u00e2mes\u00bb, Me Ouled Ali nous a expliqu\u00e9 qu\u2019il faudra attendre la r\u00e9ponse du minist\u00e8re public pour s&rsquo;y prononcer. \u00abNous devrons voir sur quels textes se basera le parquet pour poursuivre ces personnes\u00bb, a-t-il ajout\u00e9.<\/p>\n<p>Crime d&rsquo;apologie du terrorisme\u00a0<\/p>\n<p>Pour\u00a0Omar Boubakri, professeur \u00e0 la Facult\u00e9 de Sousse et membre d\u2019Amnesty International et de la Haute instance des Droits de l\u2019Homme, \u00a0l\u2019article 12 de la loi antiterroriste de 2003 [1] peut \u00eatre appliqu\u00e9 dans ce genre de cas.\u00a0\u00a0\u00abCet article a pr\u00e9vu le crime d\u2019apologie du terrorisme, explique M. Boubakri. Il a \u00e9t\u00e9 r\u00e9dig\u00e9 d\u2019une fa\u00e7on \u00e0 ce qu\u2019il puisse tol\u00e9rer une large interpr\u00e9tation\u00bb.<br \/>\nArticle 12 : \u00abEst puni de cinq \u00e0 douze ans d&#8217;emprisonnement et d&rsquo;une amende de cinq mille \u00e0 vingt mille dinars quiconque, par tous moyens, appelle \u00e0 commettre des infractions terroristes, ou \u00e0 adh\u00e9rer \u00e0 une organisation ou entente en rapport avec des infractions terroristes, ou use d&rsquo;un nom, d&rsquo;un terme, d&rsquo;un symbole ou de tout autre signe dans le but de faire l&rsquo;apologie d&rsquo;une organisation terroriste de l&rsquo;un de ses membres, ou de ses activit\u00e9s.\u00bb<br \/>\nEntre un et cinq ans de prison dans le nouveau projet de loi\u00a0antiterroriste\u00a0\u00a0D\u2019apr\u00e8s Pr. Boubakri, la loi n\u00b02003-75 est encore en vigueur sauf que les tribunaux subissent des pressions de la part des avocats et des associations pour qu\u2019ils ne l\u2019appliquent pas.<\/p>\n<p>Cette loi devra \u00eatre abrog\u00e9e d\u00e8s la promulgation du projet de loi contre le terrorisme et le blanchiment d\u2019argent, actuellement en cours d\u2019\u00e9laboration, \u00e0 l\u2019Assembl\u00e9e nationale, au sein de la commission de la L\u00e9gislation g\u00e9n\u00e9rale et de la commission des Droits et libert\u00e9s.<\/p>\n<p>Kalthoum Badreddine, d\u00e9put\u00e9e d\u2019Ennahdha et pr\u00e9sidente de la commission en question, nous a pr\u00e9cis\u00e9 que le projet de loi actuel punit de un jusqu&rsquo;\u00e0 cinq ans d\u2019emprisonnement l\u2019apologie explicite et publique du terrorisme.\u00a0<\/p>\n<p>Par ailleurs, selon le rapport de RSF, le\u00a0\u00a0projet de loi offre une d\u00e9finition trop floue des termes \u201capologie du terrorisme\u201d. Les d\u00e9put\u00e9s continuent encore l&rsquo;examen du projet de texte de loi \u00e0 l&rsquo;ANC.<\/p>\n<p>[1]\u00a0la loi n\u00b0 2003-75 du 10 d\u00e9cembre 2003, relative au soutien des efforts internationaux de lutte contre le terrorisme et \u00e0 la r\u00e9pression du blanchiment d&rsquo;argent,<\/p>\n","protected":false},"excerpt":{"rendered":"<p>Quelle loi permet l\u2019arrestation de ceux qui ont c\u00e9l\u00e9br\u00e9 la mort des militaires ?<\/p>\n","protected":false},"author":3222,"featured_media":331840,"comment_status":"open","ping_status":"closed","sticky":false,"template":"","format":"standard","meta":{"footnotes":""},"categories":[11342],"tags":[],"class_list":["post-180183","post","type-post","status-publish","format-standard","has-post-thumbnail","hentry","category-terrorisme"],"yoast_head":"<!-- This site is optimized with the Yoast SEO Premium plugin v27.5 (Yoast SEO v27.5) - https:\/\/yoast.com\/product\/yoast-seo-premium-wordpress\/ -->\n<title>Quelle loi permet l\u2019arrestation de ceux qui ont c\u00e9l\u00e9br\u00e9 la mort des militaires ?<\/title>\n<meta name=\"description\" content=\"Quelle loi permet l\u2019arrestation de ceux qui ont c\u00e9l\u00e9br\u00e9 la mort des militaires ?\" \/>\n<link rel=\"canonical\" href=\"https:\/\/www.webdo.tn\/fr\/actualite\/terrorisme\/quelle-loi-permet-larrestation-ceux-celebre-mort-militaires\/180183\/\" \/>\n<meta property=\"og:locale\" content=\"fr_FR\" \/>\n<meta property=\"og:type\" content=\"article\" \/>\n<meta property=\"og:title\" content=\"Quelle loi permet l\u2019arrestation de ceux qui ont c\u00e9l\u00e9br\u00e9 la mort des militaires ?\" \/>\n<meta property=\"og:description\" content=\"Quelle loi permet l\u2019arrestation de ceux qui ont c\u00e9l\u00e9br\u00e9 la mort des militaires ?\" \/>\n<meta property=\"og:url\" content=\"https:\/\/www.webdo.tn\/fr\/actualite\/terrorisme\/quelle-loi-permet-larrestation-ceux-celebre-mort-militaires\/180183\/\" \/>\n<meta property=\"og:site_name\" content=\"webdo\" \/>\n<meta property=\"article:publisher\" content=\"https:\/\/www.facebook.com\/webdotn\" \/>\n<meta property=\"article:published_time\" content=\"2014-07-22T17:25:00+00:00\" \/>\n<meta property=\"article:modified_time\" content=\"2025-05-22T13:09:14+00:00\" \/>\n<meta property=\"og:image\" content=\"https:\/\/www.webdo.tn\/fr\/wp-content\/uploads\/2014\/07\/Kasserine-arretes.jpg\" \/>\n\t<meta property=\"og:image:width\" content=\"600\" \/>\n\t<meta property=\"og:image:height\" content=\"286\" \/>\n\t<meta property=\"og:image:type\" content=\"image\/jpeg\" \/>\n<meta name=\"author\" content=\"webdo.tn\" \/>\n<meta name=\"twitter:card\" content=\"summary_large_image\" \/>\n<meta name=\"twitter:creator\" content=\"@webdo_tn\" \/>\n<meta name=\"twitter:site\" content=\"@webdo_tn\" \/>\n<meta name=\"twitter:label1\" content=\"\u00c9crit par\" \/>\n\t<meta name=\"twitter:data1\" content=\"webdo.tn\" \/>\n\t<meta name=\"twitter:label2\" content=\"Dur\u00e9e de lecture estim\u00e9e\" \/>\n\t<meta name=\"twitter:data2\" content=\"3 minutes\" \/>\n<script type=\"application\/ld+json\" class=\"yoast-schema-graph\">{\"@context\":\"https:\\\/\\\/schema.org\",\"@graph\":[{\"@type\":\"NewsArticle\",\"@id\":\"https:\\\/\\\/www.webdo.tn\\\/fr\\\/actualite\\\/terrorisme\\\/quelle-loi-permet-larrestation-ceux-celebre-mort-militaires\\\/180183\\\/#article\",\"isPartOf\":{\"@id\":\"https:\\\/\\\/www.webdo.tn\\\/fr\\\/actualite\\\/terrorisme\\\/quelle-loi-permet-larrestation-ceux-celebre-mort-militaires\\\/180183\\\/\"},\"author\":{\"name\":\"webdo.tn\",\"@id\":\"https:\\\/\\\/www.webdo.tn\\\/fr\\\/#\\\/schema\\\/person\\\/9a9c6118d687c117df8ef3cc36a4d175\"},\"headline\":\"Quelle loi permet l\u2019arrestation de ceux qui ont c\u00e9l\u00e9br\u00e9 la mort des militaires ?\",\"datePublished\":\"2014-07-22T17:25:00+00:00\",\"dateModified\":\"2025-05-22T13:09:14+00:00\",\"mainEntityOfPage\":{\"@id\":\"https:\\\/\\\/www.webdo.tn\\\/fr\\\/actualite\\\/terrorisme\\\/quelle-loi-permet-larrestation-ceux-celebre-mort-militaires\\\/180183\\\/\"},\"wordCount\":571,\"commentCount\":0,\"publisher\":{\"@id\":\"https:\\\/\\\/www.webdo.tn\\\/fr\\\/#organization\"},\"image\":{\"@id\":\"https:\\\/\\\/www.webdo.tn\\\/fr\\\/actualite\\\/terrorisme\\\/quelle-loi-permet-larrestation-ceux-celebre-mort-militaires\\\/180183\\\/#primaryimage\"},\"thumbnailUrl\":\"https:\\\/\\\/www.webdo.tn\\\/fr\\\/wp-content\\\/uploads\\\/2014\\\/07\\\/Kasserine-arretes.jpg\",\"articleSection\":[\"Terrorisme\"],\"inLanguage\":\"fr-FR\"},{\"@type\":\"WebPage\",\"@id\":\"https:\\\/\\\/www.webdo.tn\\\/fr\\\/actualite\\\/terrorisme\\\/quelle-loi-permet-larrestation-ceux-celebre-mort-militaires\\\/180183\\\/\",\"url\":\"https:\\\/\\\/www.webdo.tn\\\/fr\\\/actualite\\\/terrorisme\\\/quelle-loi-permet-larrestation-ceux-celebre-mort-militaires\\\/180183\\\/\",\"name\":\"Quelle loi permet l\u2019arrestation de ceux qui ont c\u00e9l\u00e9br\u00e9 la mort des militaires ?\",\"isPartOf\":{\"@id\":\"https:\\\/\\\/www.webdo.tn\\\/fr\\\/#website\"},\"primaryImageOfPage\":{\"@id\":\"https:\\\/\\\/www.webdo.tn\\\/fr\\\/actualite\\\/terrorisme\\\/quelle-loi-permet-larrestation-ceux-celebre-mort-militaires\\\/180183\\\/#primaryimage\"},\"image\":{\"@id\":\"https:\\\/\\\/www.webdo.tn\\\/fr\\\/actualite\\\/terrorisme\\\/quelle-loi-permet-larrestation-ceux-celebre-mort-militaires\\\/180183\\\/#primaryimage\"},\"thumbnailUrl\":\"https:\\\/\\\/www.webdo.tn\\\/fr\\\/wp-content\\\/uploads\\\/2014\\\/07\\\/Kasserine-arretes.jpg\",\"datePublished\":\"2014-07-22T17:25:00+00:00\",\"dateModified\":\"2025-05-22T13:09:14+00:00\",\"description\":\"Quelle loi permet l\u2019arrestation de ceux qui ont c\u00e9l\u00e9br\u00e9 la mort des militaires ?\",\"breadcrumb\":{\"@id\":\"https:\\\/\\\/www.webdo.tn\\\/fr\\\/actualite\\\/terrorisme\\\/quelle-loi-permet-larrestation-ceux-celebre-mort-militaires\\\/180183\\\/#breadcrumb\"},\"inLanguage\":\"fr-FR\",\"potentialAction\":[{\"@type\":\"ReadAction\",\"target\":[\"https:\\\/\\\/www.webdo.tn\\\/fr\\\/actualite\\\/terrorisme\\\/quelle-loi-permet-larrestation-ceux-celebre-mort-militaires\\\/180183\\\/\"]}]},{\"@type\":\"ImageObject\",\"inLanguage\":\"fr-FR\",\"@id\":\"https:\\\/\\\/www.webdo.tn\\\/fr\\\/actualite\\\/terrorisme\\\/quelle-loi-permet-larrestation-ceux-celebre-mort-militaires\\\/180183\\\/#primaryimage\",\"url\":\"https:\\\/\\\/www.webdo.tn\\\/fr\\\/wp-content\\\/uploads\\\/2014\\\/07\\\/Kasserine-arretes.jpg\",\"contentUrl\":\"https:\\\/\\\/www.webdo.tn\\\/fr\\\/wp-content\\\/uploads\\\/2014\\\/07\\\/Kasserine-arretes.jpg\",\"width\":600,\"height\":286,\"caption\":\"Quelle loi permet l\u2019arrestation de ceux qui ont c\u00e9l\u00e9br\u00e9 la mort des militaires ?\"},{\"@type\":\"BreadcrumbList\",\"@id\":\"https:\\\/\\\/www.webdo.tn\\\/fr\\\/actualite\\\/terrorisme\\\/quelle-loi-permet-larrestation-ceux-celebre-mort-militaires\\\/180183\\\/#breadcrumb\",\"itemListElement\":[{\"@type\":\"ListItem\",\"position\":1,\"name\":\"Accueil\",\"item\":\"https:\\\/\\\/www.webdo.tn\\\/fr\\\/\"},{\"@type\":\"ListItem\",\"position\":2,\"name\":\"Quelle loi permet l\u2019arrestation de ceux qui ont c\u00e9l\u00e9br\u00e9 la mort des militaires ?\"}]},{\"@type\":\"WebSite\",\"@id\":\"https:\\\/\\\/www.webdo.tn\\\/fr\\\/#website\",\"url\":\"https:\\\/\\\/www.webdo.tn\\\/fr\\\/\",\"name\":\"webdo\",\"description\":\"Tunisie - News en Tunisie et \u00e0 l&#039;international sur Webdo.tn\",\"publisher\":{\"@id\":\"https:\\\/\\\/www.webdo.tn\\\/fr\\\/#organization\"},\"potentialAction\":[{\"@type\":\"SearchAction\",\"target\":{\"@type\":\"EntryPoint\",\"urlTemplate\":\"https:\\\/\\\/www.webdo.tn\\\/fr\\\/?s={search_term_string}\"},\"query-input\":{\"@type\":\"PropertyValueSpecification\",\"valueRequired\":true,\"valueName\":\"search_term_string\"}}],\"inLanguage\":\"fr-FR\"},{\"@type\":\"Organization\",\"@id\":\"https:\\\/\\\/www.webdo.tn\\\/fr\\\/#organization\",\"name\":\"Webdo\",\"alternateName\":\"Webdo.tn\",\"url\":\"https:\\\/\\\/www.webdo.tn\\\/fr\\\/\",\"logo\":{\"@type\":\"ImageObject\",\"inLanguage\":\"fr-FR\",\"@id\":\"https:\\\/\\\/www.webdo.tn\\\/fr\\\/#\\\/schema\\\/logo\\\/image\\\/\",\"url\":\"https:\\\/\\\/www.webdo.tn\\\/fr\\\/wp-content\\\/uploads\\\/2025\\\/06\\\/Webdo-Tunisie_168377.jpg\",\"contentUrl\":\"https:\\\/\\\/www.webdo.tn\\\/fr\\\/wp-content\\\/uploads\\\/2025\\\/06\\\/Webdo-Tunisie_168377.jpg\",\"width\":301,\"height\":301,\"caption\":\"Webdo\"},\"image\":{\"@id\":\"https:\\\/\\\/www.webdo.tn\\\/fr\\\/#\\\/schema\\\/logo\\\/image\\\/\"},\"sameAs\":[\"https:\\\/\\\/www.facebook.com\\\/webdotn\",\"https:\\\/\\\/x.com\\\/webdo_tn\"],\"description\":\"Webdo est un m\u00e9dia num\u00e9rique tunisien fond\u00e9 en 2010, sp\u00e9cialis\u00e9 dans l\u2019actualit\u00e9 nationale et internationale, l\u2019\u00e9conomie, la soci\u00e9t\u00e9 et les analyses politiques. Le site s\u2019adresse \u00e0 un large public francophone et couvre l\u2019information tunisienne en temps r\u00e9el.\",\"email\":\"redac@webdo.tn\",\"legalName\":\"YNJ SARL\",\"foundingDate\":\"2010-09-06\",\"numberOfEmployees\":{\"@type\":\"QuantitativeValue\",\"minValue\":\"11\",\"maxValue\":\"50\"}},{\"@type\":\"Person\",\"@id\":\"https:\\\/\\\/www.webdo.tn\\\/fr\\\/#\\\/schema\\\/person\\\/9a9c6118d687c117df8ef3cc36a4d175\",\"name\":\"webdo.tn\",\"image\":{\"@type\":\"ImageObject\",\"inLanguage\":\"fr-FR\",\"@id\":\"https:\\\/\\\/secure.gravatar.com\\\/avatar\\\/7ce1f28c0c3bbac99ff550b85ef8e44a6950c6ee24514fb6a5489e51d06f0298?s=96&d=mm&r=g\",\"url\":\"https:\\\/\\\/secure.gravatar.com\\\/avatar\\\/7ce1f28c0c3bbac99ff550b85ef8e44a6950c6ee24514fb6a5489e51d06f0298?s=96&d=mm&r=g\",\"contentUrl\":\"https:\\\/\\\/secure.gravatar.com\\\/avatar\\\/7ce1f28c0c3bbac99ff550b85ef8e44a6950c6ee24514fb6a5489e51d06f0298?s=96&d=mm&r=g\",\"caption\":\"webdo.tn\"},\"url\":\"https:\\\/\\\/www.webdo.tn\\\/fr\\\/actualite\\\/author\\\/webdotn\\\/\"}]}<\/script>\n<!-- \/ Yoast SEO Premium plugin. -->","yoast_head_json":{"title":"Quelle loi permet l\u2019arrestation de ceux qui ont c\u00e9l\u00e9br\u00e9 la mort des militaires ?","description":"Quelle loi permet l\u2019arrestation de ceux qui ont c\u00e9l\u00e9br\u00e9 la mort des militaires ?","canonical":"https:\/\/www.webdo.tn\/fr\/actualite\/terrorisme\/quelle-loi-permet-larrestation-ceux-celebre-mort-militaires\/180183\/","og_locale":"fr_FR","og_type":"article","og_title":"Quelle loi permet l\u2019arrestation de ceux qui ont c\u00e9l\u00e9br\u00e9 la mort des militaires ?","og_description":"Quelle loi permet l\u2019arrestation de ceux qui ont c\u00e9l\u00e9br\u00e9 la mort des militaires ?","og_url":"https:\/\/www.webdo.tn\/fr\/actualite\/terrorisme\/quelle-loi-permet-larrestation-ceux-celebre-mort-militaires\/180183\/","og_site_name":"webdo","article_publisher":"https:\/\/www.facebook.com\/webdotn","article_published_time":"2014-07-22T17:25:00+00:00","article_modified_time":"2025-05-22T13:09:14+00:00","og_image":[{"width":600,"height":286,"url":"https:\/\/www.webdo.tn\/fr\/wp-content\/uploads\/2014\/07\/Kasserine-arretes.jpg","type":"image\/jpeg"}],"author":"webdo.tn","twitter_card":"summary_large_image","twitter_creator":"@webdo_tn","twitter_site":"@webdo_tn","twitter_misc":{"\u00c9crit par":"webdo.tn","Dur\u00e9e de lecture estim\u00e9e":"3 minutes"},"schema":{"@context":"https:\/\/schema.org","@graph":[{"@type":"NewsArticle","@id":"https:\/\/www.webdo.tn\/fr\/actualite\/terrorisme\/quelle-loi-permet-larrestation-ceux-celebre-mort-militaires\/180183\/#article","isPartOf":{"@id":"https:\/\/www.webdo.tn\/fr\/actualite\/terrorisme\/quelle-loi-permet-larrestation-ceux-celebre-mort-militaires\/180183\/"},"author":{"name":"webdo.tn","@id":"https:\/\/www.webdo.tn\/fr\/#\/schema\/person\/9a9c6118d687c117df8ef3cc36a4d175"},"headline":"Quelle loi permet l\u2019arrestation de ceux qui ont c\u00e9l\u00e9br\u00e9 la mort des militaires ?","datePublished":"2014-07-22T17:25:00+00:00","dateModified":"2025-05-22T13:09:14+00:00","mainEntityOfPage":{"@id":"https:\/\/www.webdo.tn\/fr\/actualite\/terrorisme\/quelle-loi-permet-larrestation-ceux-celebre-mort-militaires\/180183\/"},"wordCount":571,"commentCount":0,"publisher":{"@id":"https:\/\/www.webdo.tn\/fr\/#organization"},"image":{"@id":"https:\/\/www.webdo.tn\/fr\/actualite\/terrorisme\/quelle-loi-permet-larrestation-ceux-celebre-mort-militaires\/180183\/#primaryimage"},"thumbnailUrl":"https:\/\/www.webdo.tn\/fr\/wp-content\/uploads\/2014\/07\/Kasserine-arretes.jpg","articleSection":["Terrorisme"],"inLanguage":"fr-FR"},{"@type":"WebPage","@id":"https:\/\/www.webdo.tn\/fr\/actualite\/terrorisme\/quelle-loi-permet-larrestation-ceux-celebre-mort-militaires\/180183\/","url":"https:\/\/www.webdo.tn\/fr\/actualite\/terrorisme\/quelle-loi-permet-larrestation-ceux-celebre-mort-militaires\/180183\/","name":"Quelle loi permet l\u2019arrestation de ceux qui ont c\u00e9l\u00e9br\u00e9 la mort des militaires ?","isPartOf":{"@id":"https:\/\/www.webdo.tn\/fr\/#website"},"primaryImageOfPage":{"@id":"https:\/\/www.webdo.tn\/fr\/actualite\/terrorisme\/quelle-loi-permet-larrestation-ceux-celebre-mort-militaires\/180183\/#primaryimage"},"image":{"@id":"https:\/\/www.webdo.tn\/fr\/actualite\/terrorisme\/quelle-loi-permet-larrestation-ceux-celebre-mort-militaires\/180183\/#primaryimage"},"thumbnailUrl":"https:\/\/www.webdo.tn\/fr\/wp-content\/uploads\/2014\/07\/Kasserine-arretes.jpg","datePublished":"2014-07-22T17:25:00+00:00","dateModified":"2025-05-22T13:09:14+00:00","description":"Quelle loi permet l\u2019arrestation de ceux qui ont c\u00e9l\u00e9br\u00e9 la mort des militaires ?","breadcrumb":{"@id":"https:\/\/www.webdo.tn\/fr\/actualite\/terrorisme\/quelle-loi-permet-larrestation-ceux-celebre-mort-militaires\/180183\/#breadcrumb"},"inLanguage":"fr-FR","potentialAction":[{"@type":"ReadAction","target":["https:\/\/www.webdo.tn\/fr\/actualite\/terrorisme\/quelle-loi-permet-larrestation-ceux-celebre-mort-militaires\/180183\/"]}]},{"@type":"ImageObject","inLanguage":"fr-FR","@id":"https:\/\/www.webdo.tn\/fr\/actualite\/terrorisme\/quelle-loi-permet-larrestation-ceux-celebre-mort-militaires\/180183\/#primaryimage","url":"https:\/\/www.webdo.tn\/fr\/wp-content\/uploads\/2014\/07\/Kasserine-arretes.jpg","contentUrl":"https:\/\/www.webdo.tn\/fr\/wp-content\/uploads\/2014\/07\/Kasserine-arretes.jpg","width":600,"height":286,"caption":"Quelle loi permet l\u2019arrestation de ceux qui ont c\u00e9l\u00e9br\u00e9 la mort des militaires ?"},{"@type":"BreadcrumbList","@id":"https:\/\/www.webdo.tn\/fr\/actualite\/terrorisme\/quelle-loi-permet-larrestation-ceux-celebre-mort-militaires\/180183\/#breadcrumb","itemListElement":[{"@type":"ListItem","position":1,"name":"Accueil","item":"https:\/\/www.webdo.tn\/fr\/"},{"@type":"ListItem","position":2,"name":"Quelle loi permet l\u2019arrestation de ceux qui ont c\u00e9l\u00e9br\u00e9 la mort des militaires ?"}]},{"@type":"WebSite","@id":"https:\/\/www.webdo.tn\/fr\/#website","url":"https:\/\/www.webdo.tn\/fr\/","name":"webdo","description":"Tunisie - News en Tunisie et \u00e0 l&#039;international sur Webdo.tn","publisher":{"@id":"https:\/\/www.webdo.tn\/fr\/#organization"},"potentialAction":[{"@type":"SearchAction","target":{"@type":"EntryPoint","urlTemplate":"https:\/\/www.webdo.tn\/fr\/?s={search_term_string}"},"query-input":{"@type":"PropertyValueSpecification","valueRequired":true,"valueName":"search_term_string"}}],"inLanguage":"fr-FR"},{"@type":"Organization","@id":"https:\/\/www.webdo.tn\/fr\/#organization","name":"Webdo","alternateName":"Webdo.tn","url":"https:\/\/www.webdo.tn\/fr\/","logo":{"@type":"ImageObject","inLanguage":"fr-FR","@id":"https:\/\/www.webdo.tn\/fr\/#\/schema\/logo\/image\/","url":"https:\/\/www.webdo.tn\/fr\/wp-content\/uploads\/2025\/06\/Webdo-Tunisie_168377.jpg","contentUrl":"https:\/\/www.webdo.tn\/fr\/wp-content\/uploads\/2025\/06\/Webdo-Tunisie_168377.jpg","width":301,"height":301,"caption":"Webdo"},"image":{"@id":"https:\/\/www.webdo.tn\/fr\/#\/schema\/logo\/image\/"},"sameAs":["https:\/\/www.facebook.com\/webdotn","https:\/\/x.com\/webdo_tn"],"description":"Webdo est un m\u00e9dia num\u00e9rique tunisien fond\u00e9 en 2010, sp\u00e9cialis\u00e9 dans l\u2019actualit\u00e9 nationale et internationale, l\u2019\u00e9conomie, la soci\u00e9t\u00e9 et les analyses politiques. Le site s\u2019adresse \u00e0 un large public francophone et couvre l\u2019information tunisienne en temps r\u00e9el.","email":"redac@webdo.tn","legalName":"YNJ SARL","foundingDate":"2010-09-06","numberOfEmployees":{"@type":"QuantitativeValue","minValue":"11","maxValue":"50"}},{"@type":"Person","@id":"https:\/\/www.webdo.tn\/fr\/#\/schema\/person\/9a9c6118d687c117df8ef3cc36a4d175","name":"webdo.tn","image":{"@type":"ImageObject","inLanguage":"fr-FR","@id":"https:\/\/secure.gravatar.com\/avatar\/7ce1f28c0c3bbac99ff550b85ef8e44a6950c6ee24514fb6a5489e51d06f0298?s=96&d=mm&r=g","url":"https:\/\/secure.gravatar.com\/avatar\/7ce1f28c0c3bbac99ff550b85ef8e44a6950c6ee24514fb6a5489e51d06f0298?s=96&d=mm&r=g","contentUrl":"https:\/\/secure.gravatar.com\/avatar\/7ce1f28c0c3bbac99ff550b85ef8e44a6950c6ee24514fb6a5489e51d06f0298?s=96&d=mm&r=g","caption":"webdo.tn"},"url":"https:\/\/www.webdo.tn\/fr\/actualite\/author\/webdotn\/"}]}},"_links":{"self":[{"href":"https:\/\/www.webdo.tn\/fr\/wp-json\/wp\/v2\/posts\/180183","targetHints":{"allow":["GET"]}}],"collection":[{"href":"https:\/\/www.webdo.tn\/fr\/wp-json\/wp\/v2\/posts"}],"about":[{"href":"https:\/\/www.webdo.tn\/fr\/wp-json\/wp\/v2\/types\/post"}],"author":[{"embeddable":true,"href":"https:\/\/www.webdo.tn\/fr\/wp-json\/wp\/v2\/users\/3222"}],"replies":[{"embeddable":true,"href":"https:\/\/www.webdo.tn\/fr\/wp-json\/wp\/v2\/comments?post=180183"}],"version-history":[{"count":0,"href":"https:\/\/www.webdo.tn\/fr\/wp-json\/wp\/v2\/posts\/180183\/revisions"}],"wp:featuredmedia":[{"embeddable":true,"href":"https:\/\/www.webdo.tn\/fr\/wp-json\/wp\/v2\/media\/331840"}],"wp:attachment":[{"href":"https:\/\/www.webdo.tn\/fr\/wp-json\/wp\/v2\/media?parent=180183"}],"wp:term":[{"taxonomy":"category","embeddable":true,"href":"https:\/\/www.webdo.tn\/fr\/wp-json\/wp\/v2\/categories?post=180183"},{"taxonomy":"post_tag","embeddable":true,"href":"https:\/\/www.webdo.tn\/fr\/wp-json\/wp\/v2\/tags?post=180183"}],"curies":[{"name":"wp","href":"https:\/\/api.w.org\/{rel}","templated":true}]}}