{"id":180178,"date":"2014-07-23T21:29:00","date_gmt":"2014-07-23T19:29:00","guid":{"rendered":"https:\/\/www.webdo.tn\/fr\/actualite\/terrorisme\/ministere-linterieur-arrestation-sept-terroristes-preparant-attentats-sousse\/180178"},"modified":"2025-06-04T18:20:25","modified_gmt":"2025-06-04T18:20:25","slug":"ministere-linterieur-arrestation-sept-terroristes-preparant-attentats-sousse","status":"publish","type":"post","link":"https:\/\/www.webdo.tn\/fr\/actualite\/terrorisme\/ministere-linterieur-arrestation-sept-terroristes-preparant-attentats-sousse\/180178\/","title":{"rendered":"Minist\u00e8re de l&rsquo;Int\u00e9rieur &#8211; Arrestation de sept terroristes pr\u00e9parant des attentats \u00e0 Sousse"},"content":{"rendered":"<p>Le minist\u00e8re de l&rsquo;Int\u00e9rieur a annonc\u00e9, dans un communiqu\u00e9 publi\u00e9 ce mercredi 23 juillet, que l&rsquo;Unit\u00e9 nationale d&rsquo;investigation sur les crimes terroristes, en coordination avec les forces de l&rsquo;ordre de Sousse, ont arr\u00eat\u00e9 un individu qui d\u00e9tient des documents relatifs \u00e0 des plans terroristes.<\/p>\n<p>La date et le lieu de l&rsquo;arrestation n&rsquo;ont pas \u00e9t\u00e9 pr\u00e9cis\u00e9s dans ledit communiqu\u00e9.<\/p>\n<p>Au cours de l\u2019interrogatoire, l&rsquo;individu en question a avou\u00e9 qu&rsquo;il pr\u00e9pare une attaque terroriste contre une infrastructure dans la r\u00e9gion du Sahel et un district de la S\u00fbret\u00e9 nationale.<\/p>\n<p>Six autres individus en relation avec ce plan et pr\u00e9parant des actes terroristes ont \u00e9t\u00e9 arr\u00eat\u00e9s, a indiqu\u00e9 le minist\u00e8re de l&rsquo;Int\u00e9rieur. La majorit\u00e9 d&rsquo;entre eux travaillent pour une association, dans la r\u00e9gion du Sahel.<\/p>\n<p>Un mandat de d\u00e9p\u00f4t contre les membres de ce groupe a \u00e9t\u00e9 \u00e9mis par le juge d&rsquo;instruction pr\u00e8s le Tribunal de premi\u00e8re instance de Tunis.<\/p>\n","protected":false},"excerpt":{"rendered":"<p>Minist\u00e8re de l&rsquo;Int\u00e9rieur &#8211; Arrestation de sept terroristes pr\u00e9parant des attentats \u00e0 Sousse<\/p>\n","protected":false},"author":3222,"featured_media":374965,"comment_status":"open","ping_status":"open","sticky":false,"template":"","format":"standard","meta":{"footnotes":""},"categories":[11342],"tags":[],"class_list":["post-180178","post","type-post","status-publish","format-standard","has-post-thumbnail","hentry","category-terrorisme"],"yoast_head":"<!-- This site is optimized with the Yoast SEO Premium plugin v27.5 (Yoast SEO v27.5) - https:\/\/yoast.com\/product\/yoast-seo-premium-wordpress\/ -->\n<title>Minist\u00e8re de l&#039;Int\u00e9rieur - Arrestation de sept terroristes pr\u00e9parant des attentats \u00e0 Sousse<\/title>\n<meta name=\"description\" content=\"Minist\u00e8re de l&#039;Int\u00e9rieur - Arrestation de sept terroristes pr\u00e9parant des attentats \u00e0 Sousse\" \/>\n<link rel=\"canonical\" href=\"https:\/\/www.webdo.tn\/fr\/actualite\/blog\/ministere-linterieur-arrestation-sept-terroristes-preparant-attentats-sousse\/180178\/\" \/>\n<meta property=\"og:locale\" content=\"fr_FR\" \/>\n<meta property=\"og:type\" content=\"article\" \/>\n<meta property=\"og:title\" content=\"Minist\u00e8re de l&#039;Int\u00e9rieur - Arrestation de sept terroristes pr\u00e9parant des attentats \u00e0 Sousse\" \/>\n<meta property=\"og:description\" content=\"Minist\u00e8re de l&#039;Int\u00e9rieur - Arrestation de sept terroristes pr\u00e9parant des attentats \u00e0 Sousse\" \/>\n<meta property=\"og:url\" content=\"https:\/\/www.webdo.tn\/fr\/actualite\/blog\/ministere-linterieur-arrestation-sept-terroristes-preparant-attentats-sousse\/180178\/\" \/>\n<meta property=\"og:site_name\" content=\"webdo\" \/>\n<meta property=\"article:publisher\" content=\"https:\/\/www.facebook.com\/webdotn\" \/>\n<meta property=\"article:published_time\" content=\"2014-07-23T19:29:00+00:00\" \/>\n<meta property=\"article:modified_time\" content=\"2025-06-04T18:20:25+00:00\" \/>\n<meta name=\"author\" content=\"webdo.tn\" \/>\n<meta name=\"twitter:card\" content=\"summary_large_image\" \/>\n<meta name=\"twitter:creator\" content=\"@webdo_tn\" \/>\n<meta name=\"twitter:site\" content=\"@webdo_tn\" \/>\n<meta name=\"twitter:label1\" content=\"\u00c9crit par\" \/>\n\t<meta name=\"twitter:data1\" content=\"webdo.tn\" \/>\n\t<meta name=\"twitter:label2\" content=\"Dur\u00e9e de lecture estim\u00e9e\" \/>\n\t<meta name=\"twitter:data2\" content=\"1 minute\" \/>\n<script type=\"application\/ld+json\" class=\"yoast-schema-graph\">{\"@context\":\"https:\\\/\\\/schema.org\",\"@graph\":[{\"@type\":\"NewsArticle\",\"@id\":\"https:\\\/\\\/www.webdo.tn\\\/fr\\\/actualite\\\/blog\\\/ministere-linterieur-arrestation-sept-terroristes-preparant-attentats-sousse\\\/180178\\\/#article\",\"isPartOf\":{\"@id\":\"https:\\\/\\\/www.webdo.tn\\\/fr\\\/actualite\\\/blog\\\/ministere-linterieur-arrestation-sept-terroristes-preparant-attentats-sousse\\\/180178\\\/\"},\"author\":{\"name\":\"webdo.tn\",\"@id\":\"https:\\\/\\\/www.webdo.tn\\\/fr\\\/#\\\/schema\\\/person\\\/9a9c6118d687c117df8ef3cc36a4d175\"},\"headline\":\"Minist\u00e8re de l&rsquo;Int\u00e9rieur &#8211; Arrestation de sept terroristes pr\u00e9parant des attentats \u00e0 Sousse\",\"datePublished\":\"2014-07-23T19:29:00+00:00\",\"dateModified\":\"2025-06-04T18:20:25+00:00\",\"mainEntityOfPage\":{\"@id\":\"https:\\\/\\\/www.webdo.tn\\\/fr\\\/actualite\\\/blog\\\/ministere-linterieur-arrestation-sept-terroristes-preparant-attentats-sousse\\\/180178\\\/\"},\"wordCount\":192,\"commentCount\":0,\"publisher\":{\"@id\":\"https:\\\/\\\/www.webdo.tn\\\/fr\\\/#organization\"},\"image\":{\"@id\":\"https:\\\/\\\/www.webdo.tn\\\/fr\\\/actualite\\\/blog\\\/ministere-linterieur-arrestation-sept-terroristes-preparant-attentats-sousse\\\/180178\\\/#primaryimage\"},\"thumbnailUrl\":\"https:\\\/\\\/www.webdo.tn\\\/fr\\\/wp-content\\\/uploads\\\/2025\\\/06\\\/ministere-de-l-interieur_180178.jpg\",\"articleSection\":[\"Terrorisme\"],\"inLanguage\":\"fr-FR\"},{\"@type\":\"WebPage\",\"@id\":\"https:\\\/\\\/www.webdo.tn\\\/fr\\\/actualite\\\/blog\\\/ministere-linterieur-arrestation-sept-terroristes-preparant-attentats-sousse\\\/180178\\\/\",\"url\":\"https:\\\/\\\/www.webdo.tn\\\/fr\\\/actualite\\\/blog\\\/ministere-linterieur-arrestation-sept-terroristes-preparant-attentats-sousse\\\/180178\\\/\",\"name\":\"Minist\u00e8re de l'Int\u00e9rieur - Arrestation de sept terroristes pr\u00e9parant des attentats \u00e0 Sousse\",\"isPartOf\":{\"@id\":\"https:\\\/\\\/www.webdo.tn\\\/fr\\\/#website\"},\"primaryImageOfPage\":{\"@id\":\"https:\\\/\\\/www.webdo.tn\\\/fr\\\/actualite\\\/blog\\\/ministere-linterieur-arrestation-sept-terroristes-preparant-attentats-sousse\\\/180178\\\/#primaryimage\"},\"image\":{\"@id\":\"https:\\\/\\\/www.webdo.tn\\\/fr\\\/actualite\\\/blog\\\/ministere-linterieur-arrestation-sept-terroristes-preparant-attentats-sousse\\\/180178\\\/#primaryimage\"},\"thumbnailUrl\":\"https:\\\/\\\/www.webdo.tn\\\/fr\\\/wp-content\\\/uploads\\\/2025\\\/06\\\/ministere-de-l-interieur_180178.jpg\",\"datePublished\":\"2014-07-23T19:29:00+00:00\",\"dateModified\":\"2025-06-04T18:20:25+00:00\",\"description\":\"Minist\u00e8re de l'Int\u00e9rieur - Arrestation de sept terroristes pr\u00e9parant des attentats \u00e0 Sousse\",\"breadcrumb\":{\"@id\":\"https:\\\/\\\/www.webdo.tn\\\/fr\\\/actualite\\\/blog\\\/ministere-linterieur-arrestation-sept-terroristes-preparant-attentats-sousse\\\/180178\\\/#breadcrumb\"},\"inLanguage\":\"fr-FR\",\"potentialAction\":[{\"@type\":\"ReadAction\",\"target\":[\"https:\\\/\\\/www.webdo.tn\\\/fr\\\/actualite\\\/blog\\\/ministere-linterieur-arrestation-sept-terroristes-preparant-attentats-sousse\\\/180178\\\/\"]}]},{\"@type\":\"ImageObject\",\"inLanguage\":\"fr-FR\",\"@id\":\"https:\\\/\\\/www.webdo.tn\\\/fr\\\/actualite\\\/blog\\\/ministere-linterieur-arrestation-sept-terroristes-preparant-attentats-sousse\\\/180178\\\/#primaryimage\",\"url\":\"https:\\\/\\\/www.webdo.tn\\\/fr\\\/wp-content\\\/uploads\\\/2025\\\/06\\\/ministere-de-l-interieur_180178.jpg\",\"contentUrl\":\"https:\\\/\\\/www.webdo.tn\\\/fr\\\/wp-content\\\/uploads\\\/2025\\\/06\\\/ministere-de-l-interieur_180178.jpg\",\"width\":350,\"height\":254,\"caption\":\"Minist\u00e8re de l'Int\u00e9rieur - Arrestation de sept terroristes pr\u00e9parant des attentats \u00e0 Sousse\"},{\"@type\":\"BreadcrumbList\",\"@id\":\"https:\\\/\\\/www.webdo.tn\\\/fr\\\/actualite\\\/blog\\\/ministere-linterieur-arrestation-sept-terroristes-preparant-attentats-sousse\\\/180178\\\/#breadcrumb\",\"itemListElement\":[{\"@type\":\"ListItem\",\"position\":1,\"name\":\"Accueil\",\"item\":\"https:\\\/\\\/www.webdo.tn\\\/fr\\\/\"},{\"@type\":\"ListItem\",\"position\":2,\"name\":\"Minist\u00e8re de l&rsquo;Int\u00e9rieur &#8211; Arrestation de sept terroristes pr\u00e9parant des attentats \u00e0 Sousse\"}]},{\"@type\":\"WebSite\",\"@id\":\"https:\\\/\\\/www.webdo.tn\\\/fr\\\/#website\",\"url\":\"https:\\\/\\\/www.webdo.tn\\\/fr\\\/\",\"name\":\"webdo\",\"description\":\"Tunisie - News en Tunisie et \u00e0 l&#039;international sur Webdo.tn\",\"publisher\":{\"@id\":\"https:\\\/\\\/www.webdo.tn\\\/fr\\\/#organization\"},\"potentialAction\":[{\"@type\":\"SearchAction\",\"target\":{\"@type\":\"EntryPoint\",\"urlTemplate\":\"https:\\\/\\\/www.webdo.tn\\\/fr\\\/?s={search_term_string}\"},\"query-input\":{\"@type\":\"PropertyValueSpecification\",\"valueRequired\":true,\"valueName\":\"search_term_string\"}}],\"inLanguage\":\"fr-FR\"},{\"@type\":\"Organization\",\"@id\":\"https:\\\/\\\/www.webdo.tn\\\/fr\\\/#organization\",\"name\":\"Webdo\",\"alternateName\":\"Webdo.tn\",\"url\":\"https:\\\/\\\/www.webdo.tn\\\/fr\\\/\",\"logo\":{\"@type\":\"ImageObject\",\"inLanguage\":\"fr-FR\",\"@id\":\"https:\\\/\\\/www.webdo.tn\\\/fr\\\/#\\\/schema\\\/logo\\\/image\\\/\",\"url\":\"https:\\\/\\\/www.webdo.tn\\\/fr\\\/wp-content\\\/uploads\\\/2025\\\/06\\\/Webdo-Tunisie_168377.jpg\",\"contentUrl\":\"https:\\\/\\\/www.webdo.tn\\\/fr\\\/wp-content\\\/uploads\\\/2025\\\/06\\\/Webdo-Tunisie_168377.jpg\",\"width\":301,\"height\":301,\"caption\":\"Webdo\"},\"image\":{\"@id\":\"https:\\\/\\\/www.webdo.tn\\\/fr\\\/#\\\/schema\\\/logo\\\/image\\\/\"},\"sameAs\":[\"https:\\\/\\\/www.facebook.com\\\/webdotn\",\"https:\\\/\\\/x.com\\\/webdo_tn\"],\"description\":\"Webdo est un m\u00e9dia num\u00e9rique tunisien fond\u00e9 en 2010, sp\u00e9cialis\u00e9 dans l\u2019actualit\u00e9 nationale et internationale, l\u2019\u00e9conomie, la soci\u00e9t\u00e9 et les analyses politiques. Le site s\u2019adresse \u00e0 un large public francophone et couvre l\u2019information tunisienne en temps r\u00e9el.\",\"email\":\"redac@webdo.tn\",\"legalName\":\"YNJ SARL\",\"foundingDate\":\"2010-09-06\",\"numberOfEmployees\":{\"@type\":\"QuantitativeValue\",\"minValue\":\"11\",\"maxValue\":\"50\"}},{\"@type\":\"Person\",\"@id\":\"https:\\\/\\\/www.webdo.tn\\\/fr\\\/#\\\/schema\\\/person\\\/9a9c6118d687c117df8ef3cc36a4d175\",\"name\":\"webdo.tn\",\"image\":{\"@type\":\"ImageObject\",\"inLanguage\":\"fr-FR\",\"@id\":\"https:\\\/\\\/secure.gravatar.com\\\/avatar\\\/7ce1f28c0c3bbac99ff550b85ef8e44a6950c6ee24514fb6a5489e51d06f0298?s=96&d=mm&r=g\",\"url\":\"https:\\\/\\\/secure.gravatar.com\\\/avatar\\\/7ce1f28c0c3bbac99ff550b85ef8e44a6950c6ee24514fb6a5489e51d06f0298?s=96&d=mm&r=g\",\"contentUrl\":\"https:\\\/\\\/secure.gravatar.com\\\/avatar\\\/7ce1f28c0c3bbac99ff550b85ef8e44a6950c6ee24514fb6a5489e51d06f0298?s=96&d=mm&r=g\",\"caption\":\"webdo.tn\"},\"url\":\"https:\\\/\\\/www.webdo.tn\\\/fr\\\/actualite\\\/author\\\/webdotn\\\/\"}]}<\/script>\n<!-- \/ Yoast SEO Premium plugin. -->","yoast_head_json":{"title":"Minist\u00e8re de l'Int\u00e9rieur - Arrestation de sept terroristes pr\u00e9parant des attentats \u00e0 Sousse","description":"Minist\u00e8re de l'Int\u00e9rieur - Arrestation de sept terroristes pr\u00e9parant des attentats \u00e0 Sousse","canonical":"https:\/\/www.webdo.tn\/fr\/actualite\/blog\/ministere-linterieur-arrestation-sept-terroristes-preparant-attentats-sousse\/180178\/","og_locale":"fr_FR","og_type":"article","og_title":"Minist\u00e8re de l'Int\u00e9rieur - Arrestation de sept terroristes pr\u00e9parant des attentats \u00e0 Sousse","og_description":"Minist\u00e8re de l'Int\u00e9rieur - Arrestation de sept terroristes pr\u00e9parant des attentats \u00e0 Sousse","og_url":"https:\/\/www.webdo.tn\/fr\/actualite\/blog\/ministere-linterieur-arrestation-sept-terroristes-preparant-attentats-sousse\/180178\/","og_site_name":"webdo","article_publisher":"https:\/\/www.facebook.com\/webdotn","article_published_time":"2014-07-23T19:29:00+00:00","article_modified_time":"2025-06-04T18:20:25+00:00","author":"webdo.tn","twitter_card":"summary_large_image","twitter_creator":"@webdo_tn","twitter_site":"@webdo_tn","twitter_misc":{"\u00c9crit par":"webdo.tn","Dur\u00e9e de lecture estim\u00e9e":"1 minute"},"schema":{"@context":"https:\/\/schema.org","@graph":[{"@type":"NewsArticle","@id":"https:\/\/www.webdo.tn\/fr\/actualite\/blog\/ministere-linterieur-arrestation-sept-terroristes-preparant-attentats-sousse\/180178\/#article","isPartOf":{"@id":"https:\/\/www.webdo.tn\/fr\/actualite\/blog\/ministere-linterieur-arrestation-sept-terroristes-preparant-attentats-sousse\/180178\/"},"author":{"name":"webdo.tn","@id":"https:\/\/www.webdo.tn\/fr\/#\/schema\/person\/9a9c6118d687c117df8ef3cc36a4d175"},"headline":"Minist\u00e8re de l&rsquo;Int\u00e9rieur &#8211; Arrestation de sept terroristes pr\u00e9parant des attentats \u00e0 Sousse","datePublished":"2014-07-23T19:29:00+00:00","dateModified":"2025-06-04T18:20:25+00:00","mainEntityOfPage":{"@id":"https:\/\/www.webdo.tn\/fr\/actualite\/blog\/ministere-linterieur-arrestation-sept-terroristes-preparant-attentats-sousse\/180178\/"},"wordCount":192,"commentCount":0,"publisher":{"@id":"https:\/\/www.webdo.tn\/fr\/#organization"},"image":{"@id":"https:\/\/www.webdo.tn\/fr\/actualite\/blog\/ministere-linterieur-arrestation-sept-terroristes-preparant-attentats-sousse\/180178\/#primaryimage"},"thumbnailUrl":"https:\/\/www.webdo.tn\/fr\/wp-content\/uploads\/2025\/06\/ministere-de-l-interieur_180178.jpg","articleSection":["Terrorisme"],"inLanguage":"fr-FR"},{"@type":"WebPage","@id":"https:\/\/www.webdo.tn\/fr\/actualite\/blog\/ministere-linterieur-arrestation-sept-terroristes-preparant-attentats-sousse\/180178\/","url":"https:\/\/www.webdo.tn\/fr\/actualite\/blog\/ministere-linterieur-arrestation-sept-terroristes-preparant-attentats-sousse\/180178\/","name":"Minist\u00e8re de l'Int\u00e9rieur - Arrestation de sept terroristes pr\u00e9parant des attentats \u00e0 Sousse","isPartOf":{"@id":"https:\/\/www.webdo.tn\/fr\/#website"},"primaryImageOfPage":{"@id":"https:\/\/www.webdo.tn\/fr\/actualite\/blog\/ministere-linterieur-arrestation-sept-terroristes-preparant-attentats-sousse\/180178\/#primaryimage"},"image":{"@id":"https:\/\/www.webdo.tn\/fr\/actualite\/blog\/ministere-linterieur-arrestation-sept-terroristes-preparant-attentats-sousse\/180178\/#primaryimage"},"thumbnailUrl":"https:\/\/www.webdo.tn\/fr\/wp-content\/uploads\/2025\/06\/ministere-de-l-interieur_180178.jpg","datePublished":"2014-07-23T19:29:00+00:00","dateModified":"2025-06-04T18:20:25+00:00","description":"Minist\u00e8re de l'Int\u00e9rieur - Arrestation de sept terroristes pr\u00e9parant des attentats \u00e0 Sousse","breadcrumb":{"@id":"https:\/\/www.webdo.tn\/fr\/actualite\/blog\/ministere-linterieur-arrestation-sept-terroristes-preparant-attentats-sousse\/180178\/#breadcrumb"},"inLanguage":"fr-FR","potentialAction":[{"@type":"ReadAction","target":["https:\/\/www.webdo.tn\/fr\/actualite\/blog\/ministere-linterieur-arrestation-sept-terroristes-preparant-attentats-sousse\/180178\/"]}]},{"@type":"ImageObject","inLanguage":"fr-FR","@id":"https:\/\/www.webdo.tn\/fr\/actualite\/blog\/ministere-linterieur-arrestation-sept-terroristes-preparant-attentats-sousse\/180178\/#primaryimage","url":"https:\/\/www.webdo.tn\/fr\/wp-content\/uploads\/2025\/06\/ministere-de-l-interieur_180178.jpg","contentUrl":"https:\/\/www.webdo.tn\/fr\/wp-content\/uploads\/2025\/06\/ministere-de-l-interieur_180178.jpg","width":350,"height":254,"caption":"Minist\u00e8re de l'Int\u00e9rieur - Arrestation de sept terroristes pr\u00e9parant des attentats \u00e0 Sousse"},{"@type":"BreadcrumbList","@id":"https:\/\/www.webdo.tn\/fr\/actualite\/blog\/ministere-linterieur-arrestation-sept-terroristes-preparant-attentats-sousse\/180178\/#breadcrumb","itemListElement":[{"@type":"ListItem","position":1,"name":"Accueil","item":"https:\/\/www.webdo.tn\/fr\/"},{"@type":"ListItem","position":2,"name":"Minist\u00e8re de l&rsquo;Int\u00e9rieur &#8211; Arrestation de sept terroristes pr\u00e9parant des attentats \u00e0 Sousse"}]},{"@type":"WebSite","@id":"https:\/\/www.webdo.tn\/fr\/#website","url":"https:\/\/www.webdo.tn\/fr\/","name":"webdo","description":"Tunisie - News en Tunisie et \u00e0 l&#039;international sur Webdo.tn","publisher":{"@id":"https:\/\/www.webdo.tn\/fr\/#organization"},"potentialAction":[{"@type":"SearchAction","target":{"@type":"EntryPoint","urlTemplate":"https:\/\/www.webdo.tn\/fr\/?s={search_term_string}"},"query-input":{"@type":"PropertyValueSpecification","valueRequired":true,"valueName":"search_term_string"}}],"inLanguage":"fr-FR"},{"@type":"Organization","@id":"https:\/\/www.webdo.tn\/fr\/#organization","name":"Webdo","alternateName":"Webdo.tn","url":"https:\/\/www.webdo.tn\/fr\/","logo":{"@type":"ImageObject","inLanguage":"fr-FR","@id":"https:\/\/www.webdo.tn\/fr\/#\/schema\/logo\/image\/","url":"https:\/\/www.webdo.tn\/fr\/wp-content\/uploads\/2025\/06\/Webdo-Tunisie_168377.jpg","contentUrl":"https:\/\/www.webdo.tn\/fr\/wp-content\/uploads\/2025\/06\/Webdo-Tunisie_168377.jpg","width":301,"height":301,"caption":"Webdo"},"image":{"@id":"https:\/\/www.webdo.tn\/fr\/#\/schema\/logo\/image\/"},"sameAs":["https:\/\/www.facebook.com\/webdotn","https:\/\/x.com\/webdo_tn"],"description":"Webdo est un m\u00e9dia num\u00e9rique tunisien fond\u00e9 en 2010, sp\u00e9cialis\u00e9 dans l\u2019actualit\u00e9 nationale et internationale, l\u2019\u00e9conomie, la soci\u00e9t\u00e9 et les analyses politiques. Le site s\u2019adresse \u00e0 un large public francophone et couvre l\u2019information tunisienne en temps r\u00e9el.","email":"redac@webdo.tn","legalName":"YNJ SARL","foundingDate":"2010-09-06","numberOfEmployees":{"@type":"QuantitativeValue","minValue":"11","maxValue":"50"}},{"@type":"Person","@id":"https:\/\/www.webdo.tn\/fr\/#\/schema\/person\/9a9c6118d687c117df8ef3cc36a4d175","name":"webdo.tn","image":{"@type":"ImageObject","inLanguage":"fr-FR","@id":"https:\/\/secure.gravatar.com\/avatar\/7ce1f28c0c3bbac99ff550b85ef8e44a6950c6ee24514fb6a5489e51d06f0298?s=96&d=mm&r=g","url":"https:\/\/secure.gravatar.com\/avatar\/7ce1f28c0c3bbac99ff550b85ef8e44a6950c6ee24514fb6a5489e51d06f0298?s=96&d=mm&r=g","contentUrl":"https:\/\/secure.gravatar.com\/avatar\/7ce1f28c0c3bbac99ff550b85ef8e44a6950c6ee24514fb6a5489e51d06f0298?s=96&d=mm&r=g","caption":"webdo.tn"},"url":"https:\/\/www.webdo.tn\/fr\/actualite\/author\/webdotn\/"}]}},"_links":{"self":[{"href":"https:\/\/www.webdo.tn\/fr\/wp-json\/wp\/v2\/posts\/180178","targetHints":{"allow":["GET"]}}],"collection":[{"href":"https:\/\/www.webdo.tn\/fr\/wp-json\/wp\/v2\/posts"}],"about":[{"href":"https:\/\/www.webdo.tn\/fr\/wp-json\/wp\/v2\/types\/post"}],"author":[{"embeddable":true,"href":"https:\/\/www.webdo.tn\/fr\/wp-json\/wp\/v2\/users\/3222"}],"replies":[{"embeddable":true,"href":"https:\/\/www.webdo.tn\/fr\/wp-json\/wp\/v2\/comments?post=180178"}],"version-history":[{"count":0,"href":"https:\/\/www.webdo.tn\/fr\/wp-json\/wp\/v2\/posts\/180178\/revisions"}],"wp:featuredmedia":[{"embeddable":true,"href":"https:\/\/www.webdo.tn\/fr\/wp-json\/wp\/v2\/media\/374965"}],"wp:attachment":[{"href":"https:\/\/www.webdo.tn\/fr\/wp-json\/wp\/v2\/media?parent=180178"}],"wp:term":[{"taxonomy":"category","embeddable":true,"href":"https:\/\/www.webdo.tn\/fr\/wp-json\/wp\/v2\/categories?post=180178"},{"taxonomy":"post_tag","embeddable":true,"href":"https:\/\/www.webdo.tn\/fr\/wp-json\/wp\/v2\/tags?post=180178"}],"curies":[{"name":"wp","href":"https:\/\/api.w.org\/{rel}","templated":true}]}}