{"id":180177,"date":"2014-07-24T11:20:00","date_gmt":"2014-07-24T11:20:00","guid":{"rendered":"https:\/\/www.webdo.tn\/fr\/blog\/anc-trafic-darmes-finalement-considere-crime-terroriste\/180177\/"},"modified":"2025-06-04T18:20:34","modified_gmt":"2025-06-04T18:20:34","slug":"anc-trafic-darmes-finalement-considere-crime-terroriste-2","status":"publish","type":"post","link":"https:\/\/www.webdo.tn\/fr\/actualite\/terrorisme\/anc-trafic-darmes-finalement-considere-crime-terroriste-2\/180177\/","title":{"rendered":"Loi anti-terroriste : La proposition de Nadia Chaabane sur le trafic d&rsquo;armes retenue"},"content":{"rendered":"<p>Le trafic d&rsquo;armes a finalement \u00e9t\u00e9 inclus \u00e0 la liste des crimes terroristes, lors des discussions en commission sur le projet de loi sur la lutte contre le terrorisme et le blanchiment d&rsquo;argent.<\/p>\n<p>C&rsquo;est gr\u00e2ce \u00e0 la\u00a0proposition de la d\u00e9put\u00e9e Nadia Chaabane, le 17 juillet que \u00e7a \u00e9t\u00e9 \u00a0ajout\u00e9 sous forme d&rsquo;amendement \u00e0 l&rsquo;article 13 du projet de loi.<\/p>\n<p>D&rsquo;abord rejet\u00e9e par les deux commissions, la pers\u00e9v\u00e9rance de Mme Chaabane a fini par payer. La d\u00e9put\u00e9e d&rsquo;Al Massar, la premi\u00e8re \u00e0 avoir propos\u00e9 d&rsquo;inclure le trafic d&rsquo;armes dans le projet de loi, s&rsquo;est r\u00e9jouie sur son compte Facebook de cette d\u00e9cision :<br \/>\n\u00abBeaucoup \u00e9taient sceptiques mais la t\u00e9nacit\u00e9 est payante\u00bb.<br \/>\nLes d\u00e9put\u00e9s de la commission de l\u00e9gislation g\u00e9n\u00e9rale et de la commission des droits et libert\u00e9s, qui s&rsquo;\u00e9taient vivement affront\u00e9s sur ce sujet, sont parvenus \u00e0 se mettre d&rsquo;accord lors d&rsquo;une r\u00e9union mercredi 23 juillet. Certains \u00e9lus, oppos\u00e9s \u00e0 la proposition de Mme Chaabane, avaient en effet rappel\u00e9 que le trafic d&rsquo;armes \u00e9tait d\u00e9j\u00e0 puni par le Code p\u00e9nal, tandis que d&rsquo;autres voulaient examiner cette question du trafic d&rsquo;armes plus tard, pour l&rsquo;ajouter \u00e0 l&rsquo;article 21 du projet de loi, qui \u00e9voque l&rsquo;utilisation d&rsquo;\u00a0\u00abengins explosifs\u00bbou \u00abmeurtriers\u00bb. Des \u00e9lus du mouvement Ennahdha consid\u00e9raient de leur c\u00f4t\u00e9 qu&rsquo;il fallait d&rsquo;abord \u00e9tablir un lien entre le trafic d&rsquo;armes et l&rsquo;appartenance \u00e0 un groupe terroriste, plut\u00f4t que de consid\u00e9rer le trafic d&rsquo;armes comme un crime terroriste en lui-m\u00eame. Mais pour la d\u00e9put\u00e9e Nadia Chaabane, la nouvelle loi anti-terrroriste, pour \u00eatre efficace, \u00abdoit toucher \u00e0 tous les maillons de la cha\u00eene\u00bb.<br \/>\n\u00abLe trafic d&rsquo;armes est au coeur du syst\u00e8me terroriste, c&rsquo;est pourquoi il faut tarir toutes les sources. Tout trafiquant d&rsquo;armes vit forc\u00e9ment du terrorisme, pourquoi l&rsquo;\u00e9pargner. Pourquoi exiger des liens directs avec le terrorisme pour le qualifier d&rsquo;auteur ou de complice.\u00bb<br \/>\nFinalement, c&rsquo;est en rajoutant un tiret \u00e0 l&rsquo;article 31 que le n\u00e9goce des armes a \u00e9t\u00e9 inclu dans le projet de nouvelle loi anti-terroriste, en attendant que les d\u00e9put\u00e9s de l&rsquo;ANC tranchent d\u00e9finitivement la question en s\u00e9ance pl\u00e9ni\u00e8re.<\/p>\n","protected":false},"excerpt":{"rendered":"<p>Loi anti-terroriste : La proposition de Nadia Chaabane sur le trafic d&rsquo;armes retenue<\/p>\n","protected":false},"author":3222,"featured_media":373838,"comment_status":"open","ping_status":"closed","sticky":false,"template":"","format":"standard","meta":{"footnotes":""},"categories":[11342],"tags":[],"class_list":["post-180177","post","type-post","status-publish","format-standard","has-post-thumbnail","hentry","category-terrorisme"],"yoast_head":"<!-- This site is optimized with the Yoast SEO Premium plugin v27.5 (Yoast SEO v27.5) - https:\/\/yoast.com\/product\/yoast-seo-premium-wordpress\/ -->\n<title>Loi anti-terroriste : La proposition de Nadia Chaabane sur le trafic d&#039;armes retenue<\/title>\n<meta name=\"description\" content=\"Loi anti-terroriste : La proposition de Nadia Chaabane sur le trafic d&#039;armes retenue\" \/>\n<link rel=\"canonical\" href=\"https:\/\/www.webdo.tn\/fr\/actualite\/terrorisme\/anc-trafic-darmes-finalement-considere-crime-terroriste-2\/180177\/\" \/>\n<meta property=\"og:locale\" content=\"fr_FR\" \/>\n<meta property=\"og:type\" content=\"article\" \/>\n<meta property=\"og:title\" content=\"Loi anti-terroriste : La proposition de Nadia Chaabane sur le trafic d&#039;armes retenue\" \/>\n<meta property=\"og:description\" content=\"Loi anti-terroriste : La proposition de Nadia Chaabane sur le trafic d&#039;armes retenue\" \/>\n<meta property=\"og:url\" content=\"https:\/\/www.webdo.tn\/fr\/actualite\/terrorisme\/anc-trafic-darmes-finalement-considere-crime-terroriste-2\/180177\/\" \/>\n<meta property=\"og:site_name\" content=\"webdo\" \/>\n<meta property=\"article:publisher\" content=\"https:\/\/www.facebook.com\/webdotn\" \/>\n<meta property=\"article:published_time\" content=\"2014-07-24T11:20:00+00:00\" \/>\n<meta property=\"article:modified_time\" content=\"2025-06-04T18:20:34+00:00\" \/>\n<meta name=\"author\" content=\"webdo.tn\" \/>\n<meta name=\"twitter:card\" content=\"summary_large_image\" \/>\n<meta name=\"twitter:creator\" content=\"@webdo_tn\" \/>\n<meta name=\"twitter:site\" content=\"@webdo_tn\" \/>\n<meta name=\"twitter:label1\" content=\"\u00c9crit par\" \/>\n\t<meta name=\"twitter:data1\" content=\"webdo.tn\" \/>\n\t<meta name=\"twitter:label2\" content=\"Dur\u00e9e de lecture estim\u00e9e\" \/>\n\t<meta name=\"twitter:data2\" content=\"2 minutes\" \/>\n<script type=\"application\/ld+json\" class=\"yoast-schema-graph\">{\"@context\":\"https:\\\/\\\/schema.org\",\"@graph\":[{\"@type\":\"NewsArticle\",\"@id\":\"https:\\\/\\\/www.webdo.tn\\\/fr\\\/actualite\\\/terrorisme\\\/anc-trafic-darmes-finalement-considere-crime-terroriste-2\\\/180177\\\/#article\",\"isPartOf\":{\"@id\":\"https:\\\/\\\/www.webdo.tn\\\/fr\\\/actualite\\\/terrorisme\\\/anc-trafic-darmes-finalement-considere-crime-terroriste-2\\\/180177\\\/\"},\"author\":{\"name\":\"webdo.tn\",\"@id\":\"https:\\\/\\\/www.webdo.tn\\\/fr\\\/#\\\/schema\\\/person\\\/9a9c6118d687c117df8ef3cc36a4d175\"},\"headline\":\"Loi anti-terroriste : La proposition de Nadia Chaabane sur le trafic d&rsquo;armes retenue\",\"datePublished\":\"2014-07-24T11:20:00+00:00\",\"dateModified\":\"2025-06-04T18:20:34+00:00\",\"mainEntityOfPage\":{\"@id\":\"https:\\\/\\\/www.webdo.tn\\\/fr\\\/actualite\\\/terrorisme\\\/anc-trafic-darmes-finalement-considere-crime-terroriste-2\\\/180177\\\/\"},\"wordCount\":407,\"commentCount\":0,\"publisher\":{\"@id\":\"https:\\\/\\\/www.webdo.tn\\\/fr\\\/#organization\"},\"image\":{\"@id\":\"https:\\\/\\\/www.webdo.tn\\\/fr\\\/actualite\\\/terrorisme\\\/anc-trafic-darmes-finalement-considere-crime-terroriste-2\\\/180177\\\/#primaryimage\"},\"thumbnailUrl\":\"https:\\\/\\\/www.webdo.tn\\\/fr\\\/wp-content\\\/uploads\\\/2025\\\/06\\\/Assemblee-Nationale-Constituante-photo-le-journalcom_180177.jpg\",\"articleSection\":[\"Terrorisme\"],\"inLanguage\":\"fr-FR\"},{\"@type\":\"WebPage\",\"@id\":\"https:\\\/\\\/www.webdo.tn\\\/fr\\\/actualite\\\/terrorisme\\\/anc-trafic-darmes-finalement-considere-crime-terroriste-2\\\/180177\\\/\",\"url\":\"https:\\\/\\\/www.webdo.tn\\\/fr\\\/actualite\\\/terrorisme\\\/anc-trafic-darmes-finalement-considere-crime-terroriste-2\\\/180177\\\/\",\"name\":\"Loi anti-terroriste : La proposition de Nadia Chaabane sur le trafic d'armes retenue\",\"isPartOf\":{\"@id\":\"https:\\\/\\\/www.webdo.tn\\\/fr\\\/#website\"},\"primaryImageOfPage\":{\"@id\":\"https:\\\/\\\/www.webdo.tn\\\/fr\\\/actualite\\\/terrorisme\\\/anc-trafic-darmes-finalement-considere-crime-terroriste-2\\\/180177\\\/#primaryimage\"},\"image\":{\"@id\":\"https:\\\/\\\/www.webdo.tn\\\/fr\\\/actualite\\\/terrorisme\\\/anc-trafic-darmes-finalement-considere-crime-terroriste-2\\\/180177\\\/#primaryimage\"},\"thumbnailUrl\":\"https:\\\/\\\/www.webdo.tn\\\/fr\\\/wp-content\\\/uploads\\\/2025\\\/06\\\/Assemblee-Nationale-Constituante-photo-le-journalcom_180177.jpg\",\"datePublished\":\"2014-07-24T11:20:00+00:00\",\"dateModified\":\"2025-06-04T18:20:34+00:00\",\"description\":\"Loi anti-terroriste : La proposition de Nadia Chaabane sur le trafic d'armes retenue\",\"breadcrumb\":{\"@id\":\"https:\\\/\\\/www.webdo.tn\\\/fr\\\/actualite\\\/terrorisme\\\/anc-trafic-darmes-finalement-considere-crime-terroriste-2\\\/180177\\\/#breadcrumb\"},\"inLanguage\":\"fr-FR\",\"potentialAction\":[{\"@type\":\"ReadAction\",\"target\":[\"https:\\\/\\\/www.webdo.tn\\\/fr\\\/actualite\\\/terrorisme\\\/anc-trafic-darmes-finalement-considere-crime-terroriste-2\\\/180177\\\/\"]}]},{\"@type\":\"ImageObject\",\"inLanguage\":\"fr-FR\",\"@id\":\"https:\\\/\\\/www.webdo.tn\\\/fr\\\/actualite\\\/terrorisme\\\/anc-trafic-darmes-finalement-considere-crime-terroriste-2\\\/180177\\\/#primaryimage\",\"url\":\"https:\\\/\\\/www.webdo.tn\\\/fr\\\/wp-content\\\/uploads\\\/2025\\\/06\\\/Assemblee-Nationale-Constituante-photo-le-journalcom_180177.jpg\",\"contentUrl\":\"https:\\\/\\\/www.webdo.tn\\\/fr\\\/wp-content\\\/uploads\\\/2025\\\/06\\\/Assemblee-Nationale-Constituante-photo-le-journalcom_180177.jpg\",\"width\":300,\"height\":200,\"caption\":\"Loi anti-terroriste : La proposition de Nadia Chaabane sur le trafic d'armes retenue\"},{\"@type\":\"BreadcrumbList\",\"@id\":\"https:\\\/\\\/www.webdo.tn\\\/fr\\\/actualite\\\/terrorisme\\\/anc-trafic-darmes-finalement-considere-crime-terroriste-2\\\/180177\\\/#breadcrumb\",\"itemListElement\":[{\"@type\":\"ListItem\",\"position\":1,\"name\":\"Accueil\",\"item\":\"https:\\\/\\\/www.webdo.tn\\\/fr\\\/\"},{\"@type\":\"ListItem\",\"position\":2,\"name\":\"Loi anti-terroriste : La proposition de Nadia Chaabane sur le trafic d&rsquo;armes retenue\"}]},{\"@type\":\"WebSite\",\"@id\":\"https:\\\/\\\/www.webdo.tn\\\/fr\\\/#website\",\"url\":\"https:\\\/\\\/www.webdo.tn\\\/fr\\\/\",\"name\":\"webdo\",\"description\":\"Tunisie - News en Tunisie et \u00e0 l&#039;international sur Webdo.tn\",\"publisher\":{\"@id\":\"https:\\\/\\\/www.webdo.tn\\\/fr\\\/#organization\"},\"potentialAction\":[{\"@type\":\"SearchAction\",\"target\":{\"@type\":\"EntryPoint\",\"urlTemplate\":\"https:\\\/\\\/www.webdo.tn\\\/fr\\\/?s={search_term_string}\"},\"query-input\":{\"@type\":\"PropertyValueSpecification\",\"valueRequired\":true,\"valueName\":\"search_term_string\"}}],\"inLanguage\":\"fr-FR\"},{\"@type\":\"Organization\",\"@id\":\"https:\\\/\\\/www.webdo.tn\\\/fr\\\/#organization\",\"name\":\"Webdo\",\"alternateName\":\"Webdo.tn\",\"url\":\"https:\\\/\\\/www.webdo.tn\\\/fr\\\/\",\"logo\":{\"@type\":\"ImageObject\",\"inLanguage\":\"fr-FR\",\"@id\":\"https:\\\/\\\/www.webdo.tn\\\/fr\\\/#\\\/schema\\\/logo\\\/image\\\/\",\"url\":\"https:\\\/\\\/www.webdo.tn\\\/fr\\\/wp-content\\\/uploads\\\/2025\\\/06\\\/Webdo-Tunisie_168377.jpg\",\"contentUrl\":\"https:\\\/\\\/www.webdo.tn\\\/fr\\\/wp-content\\\/uploads\\\/2025\\\/06\\\/Webdo-Tunisie_168377.jpg\",\"width\":301,\"height\":301,\"caption\":\"Webdo\"},\"image\":{\"@id\":\"https:\\\/\\\/www.webdo.tn\\\/fr\\\/#\\\/schema\\\/logo\\\/image\\\/\"},\"sameAs\":[\"https:\\\/\\\/www.facebook.com\\\/webdotn\",\"https:\\\/\\\/x.com\\\/webdo_tn\"],\"description\":\"Webdo est un m\u00e9dia num\u00e9rique tunisien fond\u00e9 en 2010, sp\u00e9cialis\u00e9 dans l\u2019actualit\u00e9 nationale et internationale, l\u2019\u00e9conomie, la soci\u00e9t\u00e9 et les analyses politiques. Le site s\u2019adresse \u00e0 un large public francophone et couvre l\u2019information tunisienne en temps r\u00e9el.\",\"email\":\"redac@webdo.tn\",\"legalName\":\"YNJ SARL\",\"foundingDate\":\"2010-09-06\",\"numberOfEmployees\":{\"@type\":\"QuantitativeValue\",\"minValue\":\"11\",\"maxValue\":\"50\"}},{\"@type\":\"Person\",\"@id\":\"https:\\\/\\\/www.webdo.tn\\\/fr\\\/#\\\/schema\\\/person\\\/9a9c6118d687c117df8ef3cc36a4d175\",\"name\":\"webdo.tn\",\"image\":{\"@type\":\"ImageObject\",\"inLanguage\":\"fr-FR\",\"@id\":\"https:\\\/\\\/secure.gravatar.com\\\/avatar\\\/7ce1f28c0c3bbac99ff550b85ef8e44a6950c6ee24514fb6a5489e51d06f0298?s=96&d=mm&r=g\",\"url\":\"https:\\\/\\\/secure.gravatar.com\\\/avatar\\\/7ce1f28c0c3bbac99ff550b85ef8e44a6950c6ee24514fb6a5489e51d06f0298?s=96&d=mm&r=g\",\"contentUrl\":\"https:\\\/\\\/secure.gravatar.com\\\/avatar\\\/7ce1f28c0c3bbac99ff550b85ef8e44a6950c6ee24514fb6a5489e51d06f0298?s=96&d=mm&r=g\",\"caption\":\"webdo.tn\"},\"url\":\"https:\\\/\\\/www.webdo.tn\\\/fr\\\/actualite\\\/author\\\/webdotn\\\/\"}]}<\/script>\n<!-- \/ Yoast SEO Premium plugin. -->","yoast_head_json":{"title":"Loi anti-terroriste : La proposition de Nadia Chaabane sur le trafic d'armes retenue","description":"Loi anti-terroriste : La proposition de Nadia Chaabane sur le trafic d'armes retenue","canonical":"https:\/\/www.webdo.tn\/fr\/actualite\/terrorisme\/anc-trafic-darmes-finalement-considere-crime-terroriste-2\/180177\/","og_locale":"fr_FR","og_type":"article","og_title":"Loi anti-terroriste : La proposition de Nadia Chaabane sur le trafic d'armes retenue","og_description":"Loi anti-terroriste : La proposition de Nadia Chaabane sur le trafic d'armes retenue","og_url":"https:\/\/www.webdo.tn\/fr\/actualite\/terrorisme\/anc-trafic-darmes-finalement-considere-crime-terroriste-2\/180177\/","og_site_name":"webdo","article_publisher":"https:\/\/www.facebook.com\/webdotn","article_published_time":"2014-07-24T11:20:00+00:00","article_modified_time":"2025-06-04T18:20:34+00:00","author":"webdo.tn","twitter_card":"summary_large_image","twitter_creator":"@webdo_tn","twitter_site":"@webdo_tn","twitter_misc":{"\u00c9crit par":"webdo.tn","Dur\u00e9e de lecture estim\u00e9e":"2 minutes"},"schema":{"@context":"https:\/\/schema.org","@graph":[{"@type":"NewsArticle","@id":"https:\/\/www.webdo.tn\/fr\/actualite\/terrorisme\/anc-trafic-darmes-finalement-considere-crime-terroriste-2\/180177\/#article","isPartOf":{"@id":"https:\/\/www.webdo.tn\/fr\/actualite\/terrorisme\/anc-trafic-darmes-finalement-considere-crime-terroriste-2\/180177\/"},"author":{"name":"webdo.tn","@id":"https:\/\/www.webdo.tn\/fr\/#\/schema\/person\/9a9c6118d687c117df8ef3cc36a4d175"},"headline":"Loi anti-terroriste : La proposition de Nadia Chaabane sur le trafic d&rsquo;armes retenue","datePublished":"2014-07-24T11:20:00+00:00","dateModified":"2025-06-04T18:20:34+00:00","mainEntityOfPage":{"@id":"https:\/\/www.webdo.tn\/fr\/actualite\/terrorisme\/anc-trafic-darmes-finalement-considere-crime-terroriste-2\/180177\/"},"wordCount":407,"commentCount":0,"publisher":{"@id":"https:\/\/www.webdo.tn\/fr\/#organization"},"image":{"@id":"https:\/\/www.webdo.tn\/fr\/actualite\/terrorisme\/anc-trafic-darmes-finalement-considere-crime-terroriste-2\/180177\/#primaryimage"},"thumbnailUrl":"https:\/\/www.webdo.tn\/fr\/wp-content\/uploads\/2025\/06\/Assemblee-Nationale-Constituante-photo-le-journalcom_180177.jpg","articleSection":["Terrorisme"],"inLanguage":"fr-FR"},{"@type":"WebPage","@id":"https:\/\/www.webdo.tn\/fr\/actualite\/terrorisme\/anc-trafic-darmes-finalement-considere-crime-terroriste-2\/180177\/","url":"https:\/\/www.webdo.tn\/fr\/actualite\/terrorisme\/anc-trafic-darmes-finalement-considere-crime-terroriste-2\/180177\/","name":"Loi anti-terroriste : La proposition de Nadia Chaabane sur le trafic d'armes retenue","isPartOf":{"@id":"https:\/\/www.webdo.tn\/fr\/#website"},"primaryImageOfPage":{"@id":"https:\/\/www.webdo.tn\/fr\/actualite\/terrorisme\/anc-trafic-darmes-finalement-considere-crime-terroriste-2\/180177\/#primaryimage"},"image":{"@id":"https:\/\/www.webdo.tn\/fr\/actualite\/terrorisme\/anc-trafic-darmes-finalement-considere-crime-terroriste-2\/180177\/#primaryimage"},"thumbnailUrl":"https:\/\/www.webdo.tn\/fr\/wp-content\/uploads\/2025\/06\/Assemblee-Nationale-Constituante-photo-le-journalcom_180177.jpg","datePublished":"2014-07-24T11:20:00+00:00","dateModified":"2025-06-04T18:20:34+00:00","description":"Loi anti-terroriste : La proposition de Nadia Chaabane sur le trafic d'armes retenue","breadcrumb":{"@id":"https:\/\/www.webdo.tn\/fr\/actualite\/terrorisme\/anc-trafic-darmes-finalement-considere-crime-terroriste-2\/180177\/#breadcrumb"},"inLanguage":"fr-FR","potentialAction":[{"@type":"ReadAction","target":["https:\/\/www.webdo.tn\/fr\/actualite\/terrorisme\/anc-trafic-darmes-finalement-considere-crime-terroriste-2\/180177\/"]}]},{"@type":"ImageObject","inLanguage":"fr-FR","@id":"https:\/\/www.webdo.tn\/fr\/actualite\/terrorisme\/anc-trafic-darmes-finalement-considere-crime-terroriste-2\/180177\/#primaryimage","url":"https:\/\/www.webdo.tn\/fr\/wp-content\/uploads\/2025\/06\/Assemblee-Nationale-Constituante-photo-le-journalcom_180177.jpg","contentUrl":"https:\/\/www.webdo.tn\/fr\/wp-content\/uploads\/2025\/06\/Assemblee-Nationale-Constituante-photo-le-journalcom_180177.jpg","width":300,"height":200,"caption":"Loi anti-terroriste : La proposition de Nadia Chaabane sur le trafic d'armes retenue"},{"@type":"BreadcrumbList","@id":"https:\/\/www.webdo.tn\/fr\/actualite\/terrorisme\/anc-trafic-darmes-finalement-considere-crime-terroriste-2\/180177\/#breadcrumb","itemListElement":[{"@type":"ListItem","position":1,"name":"Accueil","item":"https:\/\/www.webdo.tn\/fr\/"},{"@type":"ListItem","position":2,"name":"Loi anti-terroriste : La proposition de Nadia Chaabane sur le trafic d&rsquo;armes retenue"}]},{"@type":"WebSite","@id":"https:\/\/www.webdo.tn\/fr\/#website","url":"https:\/\/www.webdo.tn\/fr\/","name":"webdo","description":"Tunisie - News en Tunisie et \u00e0 l&#039;international sur Webdo.tn","publisher":{"@id":"https:\/\/www.webdo.tn\/fr\/#organization"},"potentialAction":[{"@type":"SearchAction","target":{"@type":"EntryPoint","urlTemplate":"https:\/\/www.webdo.tn\/fr\/?s={search_term_string}"},"query-input":{"@type":"PropertyValueSpecification","valueRequired":true,"valueName":"search_term_string"}}],"inLanguage":"fr-FR"},{"@type":"Organization","@id":"https:\/\/www.webdo.tn\/fr\/#organization","name":"Webdo","alternateName":"Webdo.tn","url":"https:\/\/www.webdo.tn\/fr\/","logo":{"@type":"ImageObject","inLanguage":"fr-FR","@id":"https:\/\/www.webdo.tn\/fr\/#\/schema\/logo\/image\/","url":"https:\/\/www.webdo.tn\/fr\/wp-content\/uploads\/2025\/06\/Webdo-Tunisie_168377.jpg","contentUrl":"https:\/\/www.webdo.tn\/fr\/wp-content\/uploads\/2025\/06\/Webdo-Tunisie_168377.jpg","width":301,"height":301,"caption":"Webdo"},"image":{"@id":"https:\/\/www.webdo.tn\/fr\/#\/schema\/logo\/image\/"},"sameAs":["https:\/\/www.facebook.com\/webdotn","https:\/\/x.com\/webdo_tn"],"description":"Webdo est un m\u00e9dia num\u00e9rique tunisien fond\u00e9 en 2010, sp\u00e9cialis\u00e9 dans l\u2019actualit\u00e9 nationale et internationale, l\u2019\u00e9conomie, la soci\u00e9t\u00e9 et les analyses politiques. Le site s\u2019adresse \u00e0 un large public francophone et couvre l\u2019information tunisienne en temps r\u00e9el.","email":"redac@webdo.tn","legalName":"YNJ SARL","foundingDate":"2010-09-06","numberOfEmployees":{"@type":"QuantitativeValue","minValue":"11","maxValue":"50"}},{"@type":"Person","@id":"https:\/\/www.webdo.tn\/fr\/#\/schema\/person\/9a9c6118d687c117df8ef3cc36a4d175","name":"webdo.tn","image":{"@type":"ImageObject","inLanguage":"fr-FR","@id":"https:\/\/secure.gravatar.com\/avatar\/7ce1f28c0c3bbac99ff550b85ef8e44a6950c6ee24514fb6a5489e51d06f0298?s=96&d=mm&r=g","url":"https:\/\/secure.gravatar.com\/avatar\/7ce1f28c0c3bbac99ff550b85ef8e44a6950c6ee24514fb6a5489e51d06f0298?s=96&d=mm&r=g","contentUrl":"https:\/\/secure.gravatar.com\/avatar\/7ce1f28c0c3bbac99ff550b85ef8e44a6950c6ee24514fb6a5489e51d06f0298?s=96&d=mm&r=g","caption":"webdo.tn"},"url":"https:\/\/www.webdo.tn\/fr\/actualite\/author\/webdotn\/"}]}},"_links":{"self":[{"href":"https:\/\/www.webdo.tn\/fr\/wp-json\/wp\/v2\/posts\/180177","targetHints":{"allow":["GET"]}}],"collection":[{"href":"https:\/\/www.webdo.tn\/fr\/wp-json\/wp\/v2\/posts"}],"about":[{"href":"https:\/\/www.webdo.tn\/fr\/wp-json\/wp\/v2\/types\/post"}],"author":[{"embeddable":true,"href":"https:\/\/www.webdo.tn\/fr\/wp-json\/wp\/v2\/users\/3222"}],"replies":[{"embeddable":true,"href":"https:\/\/www.webdo.tn\/fr\/wp-json\/wp\/v2\/comments?post=180177"}],"version-history":[{"count":0,"href":"https:\/\/www.webdo.tn\/fr\/wp-json\/wp\/v2\/posts\/180177\/revisions"}],"wp:featuredmedia":[{"embeddable":true,"href":"https:\/\/www.webdo.tn\/fr\/wp-json\/wp\/v2\/media\/373838"}],"wp:attachment":[{"href":"https:\/\/www.webdo.tn\/fr\/wp-json\/wp\/v2\/media?parent=180177"}],"wp:term":[{"taxonomy":"category","embeddable":true,"href":"https:\/\/www.webdo.tn\/fr\/wp-json\/wp\/v2\/categories?post=180177"},{"taxonomy":"post_tag","embeddable":true,"href":"https:\/\/www.webdo.tn\/fr\/wp-json\/wp\/v2\/tags?post=180177"}],"curies":[{"name":"wp","href":"https:\/\/api.w.org\/{rel}","templated":true}]}}