{"id":180176,"date":"2014-07-24T13:17:00","date_gmt":"2014-07-24T13:17:00","guid":{"rendered":"https:\/\/www.webdo.tn\/fr\/blog\/tunisie-lutte-antiterroriste-reunion-fermee-lassemblee-constituante\/180176\/"},"modified":"2025-05-22T13:09:05","modified_gmt":"2025-05-22T13:09:05","slug":"tunisie-lutte-antiterroriste-reunion-fermee-lassemblee-constituante","status":"publish","type":"post","link":"https:\/\/www.webdo.tn\/fr\/actualite\/terrorisme\/tunisie-lutte-antiterroriste-reunion-fermee-lassemblee-constituante\/180176\/","title":{"rendered":"Lutte antiterroriste : R\u00e9union ferm\u00e9e \u00e0 l&rsquo;Assembl\u00e9e constituante"},"content":{"rendered":"<p>Une r\u00e9union ferm\u00e9e a \u00e9t\u00e9 organis\u00e9e mercredi soir, 23 juillet, \u00e0 l&rsquo;ANC, pour discuter de la strat\u00e9gie de la lutte antiterroriste en Tunisie, et ce\u00a0avec la pr\u00e9sence r\u00e9duite des\u00a0chefs de blocs parlementaires, du pr\u00e9sident et la vice-pr\u00e9sidente de l&rsquo;ANC, le Chef du gouvernement Mehdi Jomaa, le ministre de l&rsquo;Int\u00e9rieur Lotfi Ben Jeddou et le ministre charg\u00e9 du dossier s\u00e9curitaire.<\/p>\n<p>D&rsquo;apr\u00e8s Mohamed Hamdi, chef du bloc Alliance d\u00e9mocratique, il\u00a0y a eu une discussion autour de la restructuration de l&rsquo;arm\u00e9e et du minist\u00e8re de l&rsquo;Int\u00e9rieur ainsi qu&rsquo;une\u00a0d\u00e9monstration des r\u00e9alisations des institutions militaire et s\u00e9curitaire.<\/p>\n<p>Les chefs des blocs parlementaires ont \u00e9galement pr\u00e9sent\u00e9 leurs recommandations. Cette r\u00e9union, pr\u00e9vue pour \u00eatre en pl\u00e9ni\u00e8re apr\u00e8s l&rsquo;attaque terroriste \u00e0 Hechir Ettala \u00e0 Chambi, a \u00e9t\u00e9 en huis clos\u00a0par mesure s\u00e9curitaire vus les sujets abord\u00e9s en d\u00e9tail.<\/p>\n","protected":false},"excerpt":{"rendered":"<p>Lutte antiterroriste : R\u00e9union ferm\u00e9e \u00e0 l&rsquo;Assembl\u00e9e constituante <\/p>\n","protected":false},"author":3222,"featured_media":373839,"comment_status":"open","ping_status":"closed","sticky":false,"template":"","format":"standard","meta":{"footnotes":""},"categories":[11342],"tags":[],"class_list":["post-180176","post","type-post","status-publish","format-standard","has-post-thumbnail","hentry","category-terrorisme"],"yoast_head":"<!-- This site is optimized with the Yoast SEO Premium plugin v27.5 (Yoast SEO v27.5) - https:\/\/yoast.com\/product\/yoast-seo-premium-wordpress\/ -->\n<title>Lutte antiterroriste : R\u00e9union ferm\u00e9e \u00e0 l&#039;Assembl\u00e9e constituante<\/title>\n<meta name=\"description\" content=\"Lutte antiterroriste : R\u00e9union ferm\u00e9e \u00e0 l&#039;Assembl\u00e9e constituante\" \/>\n<link rel=\"canonical\" href=\"https:\/\/www.webdo.tn\/fr\/actualite\/terrorisme\/tunisie-lutte-antiterroriste-reunion-fermee-lassemblee-constituante\/180176\/\" \/>\n<meta property=\"og:locale\" content=\"fr_FR\" \/>\n<meta property=\"og:type\" content=\"article\" \/>\n<meta property=\"og:title\" content=\"Lutte antiterroriste : R\u00e9union ferm\u00e9e \u00e0 l&#039;Assembl\u00e9e constituante\" \/>\n<meta property=\"og:description\" content=\"Lutte antiterroriste : R\u00e9union ferm\u00e9e \u00e0 l&#039;Assembl\u00e9e constituante\" \/>\n<meta property=\"og:url\" content=\"https:\/\/www.webdo.tn\/fr\/actualite\/terrorisme\/tunisie-lutte-antiterroriste-reunion-fermee-lassemblee-constituante\/180176\/\" \/>\n<meta property=\"og:site_name\" content=\"webdo\" \/>\n<meta property=\"article:publisher\" content=\"https:\/\/www.facebook.com\/webdotn\" \/>\n<meta property=\"article:published_time\" content=\"2014-07-24T13:17:00+00:00\" \/>\n<meta property=\"article:modified_time\" content=\"2025-05-22T13:09:05+00:00\" \/>\n<meta property=\"og:image\" content=\"https:\/\/www.webdo.tn\/fr\/wp-content\/uploads\/2025\/06\/Reunion-ANC-23-juillet-2014_180176.jpg\" \/>\n\t<meta property=\"og:image:width\" content=\"512\" \/>\n\t<meta property=\"og:image:height\" content=\"341\" \/>\n\t<meta property=\"og:image:type\" content=\"image\/jpeg\" \/>\n<meta name=\"author\" content=\"webdo.tn\" \/>\n<meta name=\"twitter:card\" content=\"summary_large_image\" \/>\n<meta name=\"twitter:creator\" content=\"@webdo_tn\" \/>\n<meta name=\"twitter:site\" content=\"@webdo_tn\" \/>\n<meta name=\"twitter:label1\" content=\"\u00c9crit par\" \/>\n\t<meta name=\"twitter:data1\" content=\"webdo.tn\" \/>\n\t<meta name=\"twitter:label2\" content=\"Dur\u00e9e de lecture estim\u00e9e\" \/>\n\t<meta name=\"twitter:data2\" content=\"1 minute\" \/>\n<script type=\"application\/ld+json\" class=\"yoast-schema-graph\">{\"@context\":\"https:\\\/\\\/schema.org\",\"@graph\":[{\"@type\":\"NewsArticle\",\"@id\":\"https:\\\/\\\/www.webdo.tn\\\/fr\\\/actualite\\\/terrorisme\\\/tunisie-lutte-antiterroriste-reunion-fermee-lassemblee-constituante\\\/180176\\\/#article\",\"isPartOf\":{\"@id\":\"https:\\\/\\\/www.webdo.tn\\\/fr\\\/actualite\\\/terrorisme\\\/tunisie-lutte-antiterroriste-reunion-fermee-lassemblee-constituante\\\/180176\\\/\"},\"author\":{\"name\":\"webdo.tn\",\"@id\":\"https:\\\/\\\/www.webdo.tn\\\/fr\\\/#\\\/schema\\\/person\\\/9a9c6118d687c117df8ef3cc36a4d175\"},\"headline\":\"Lutte antiterroriste : R\u00e9union ferm\u00e9e \u00e0 l&rsquo;Assembl\u00e9e constituante\",\"datePublished\":\"2014-07-24T13:17:00+00:00\",\"dateModified\":\"2025-05-22T13:09:05+00:00\",\"mainEntityOfPage\":{\"@id\":\"https:\\\/\\\/www.webdo.tn\\\/fr\\\/actualite\\\/terrorisme\\\/tunisie-lutte-antiterroriste-reunion-fermee-lassemblee-constituante\\\/180176\\\/\"},\"wordCount\":176,\"commentCount\":0,\"publisher\":{\"@id\":\"https:\\\/\\\/www.webdo.tn\\\/fr\\\/#organization\"},\"image\":{\"@id\":\"https:\\\/\\\/www.webdo.tn\\\/fr\\\/actualite\\\/terrorisme\\\/tunisie-lutte-antiterroriste-reunion-fermee-lassemblee-constituante\\\/180176\\\/#primaryimage\"},\"thumbnailUrl\":\"https:\\\/\\\/www.webdo.tn\\\/fr\\\/wp-content\\\/uploads\\\/2025\\\/06\\\/Reunion-ANC-23-juillet-2014_180176.jpg\",\"articleSection\":[\"Terrorisme\"],\"inLanguage\":\"fr-FR\"},{\"@type\":\"WebPage\",\"@id\":\"https:\\\/\\\/www.webdo.tn\\\/fr\\\/actualite\\\/terrorisme\\\/tunisie-lutte-antiterroriste-reunion-fermee-lassemblee-constituante\\\/180176\\\/\",\"url\":\"https:\\\/\\\/www.webdo.tn\\\/fr\\\/actualite\\\/terrorisme\\\/tunisie-lutte-antiterroriste-reunion-fermee-lassemblee-constituante\\\/180176\\\/\",\"name\":\"Lutte antiterroriste : R\u00e9union ferm\u00e9e \u00e0 l'Assembl\u00e9e constituante\",\"isPartOf\":{\"@id\":\"https:\\\/\\\/www.webdo.tn\\\/fr\\\/#website\"},\"primaryImageOfPage\":{\"@id\":\"https:\\\/\\\/www.webdo.tn\\\/fr\\\/actualite\\\/terrorisme\\\/tunisie-lutte-antiterroriste-reunion-fermee-lassemblee-constituante\\\/180176\\\/#primaryimage\"},\"image\":{\"@id\":\"https:\\\/\\\/www.webdo.tn\\\/fr\\\/actualite\\\/terrorisme\\\/tunisie-lutte-antiterroriste-reunion-fermee-lassemblee-constituante\\\/180176\\\/#primaryimage\"},\"thumbnailUrl\":\"https:\\\/\\\/www.webdo.tn\\\/fr\\\/wp-content\\\/uploads\\\/2025\\\/06\\\/Reunion-ANC-23-juillet-2014_180176.jpg\",\"datePublished\":\"2014-07-24T13:17:00+00:00\",\"dateModified\":\"2025-05-22T13:09:05+00:00\",\"description\":\"Lutte antiterroriste : R\u00e9union ferm\u00e9e \u00e0 l'Assembl\u00e9e constituante\",\"breadcrumb\":{\"@id\":\"https:\\\/\\\/www.webdo.tn\\\/fr\\\/actualite\\\/terrorisme\\\/tunisie-lutte-antiterroriste-reunion-fermee-lassemblee-constituante\\\/180176\\\/#breadcrumb\"},\"inLanguage\":\"fr-FR\",\"potentialAction\":[{\"@type\":\"ReadAction\",\"target\":[\"https:\\\/\\\/www.webdo.tn\\\/fr\\\/actualite\\\/terrorisme\\\/tunisie-lutte-antiterroriste-reunion-fermee-lassemblee-constituante\\\/180176\\\/\"]}]},{\"@type\":\"ImageObject\",\"inLanguage\":\"fr-FR\",\"@id\":\"https:\\\/\\\/www.webdo.tn\\\/fr\\\/actualite\\\/terrorisme\\\/tunisie-lutte-antiterroriste-reunion-fermee-lassemblee-constituante\\\/180176\\\/#primaryimage\",\"url\":\"https:\\\/\\\/www.webdo.tn\\\/fr\\\/wp-content\\\/uploads\\\/2025\\\/06\\\/Reunion-ANC-23-juillet-2014_180176.jpg\",\"contentUrl\":\"https:\\\/\\\/www.webdo.tn\\\/fr\\\/wp-content\\\/uploads\\\/2025\\\/06\\\/Reunion-ANC-23-juillet-2014_180176.jpg\",\"width\":512,\"height\":341,\"caption\":\"Lutte antiterroriste : R\u00e9union ferm\u00e9e \u00e0 l'Assembl\u00e9e constituante\"},{\"@type\":\"BreadcrumbList\",\"@id\":\"https:\\\/\\\/www.webdo.tn\\\/fr\\\/actualite\\\/terrorisme\\\/tunisie-lutte-antiterroriste-reunion-fermee-lassemblee-constituante\\\/180176\\\/#breadcrumb\",\"itemListElement\":[{\"@type\":\"ListItem\",\"position\":1,\"name\":\"Accueil\",\"item\":\"https:\\\/\\\/www.webdo.tn\\\/fr\\\/\"},{\"@type\":\"ListItem\",\"position\":2,\"name\":\"Lutte antiterroriste : R\u00e9union ferm\u00e9e \u00e0 l&rsquo;Assembl\u00e9e constituante\"}]},{\"@type\":\"WebSite\",\"@id\":\"https:\\\/\\\/www.webdo.tn\\\/fr\\\/#website\",\"url\":\"https:\\\/\\\/www.webdo.tn\\\/fr\\\/\",\"name\":\"webdo\",\"description\":\"Tunisie - News en Tunisie et \u00e0 l&#039;international sur Webdo.tn\",\"publisher\":{\"@id\":\"https:\\\/\\\/www.webdo.tn\\\/fr\\\/#organization\"},\"potentialAction\":[{\"@type\":\"SearchAction\",\"target\":{\"@type\":\"EntryPoint\",\"urlTemplate\":\"https:\\\/\\\/www.webdo.tn\\\/fr\\\/?s={search_term_string}\"},\"query-input\":{\"@type\":\"PropertyValueSpecification\",\"valueRequired\":true,\"valueName\":\"search_term_string\"}}],\"inLanguage\":\"fr-FR\"},{\"@type\":\"Organization\",\"@id\":\"https:\\\/\\\/www.webdo.tn\\\/fr\\\/#organization\",\"name\":\"Webdo\",\"alternateName\":\"Webdo.tn\",\"url\":\"https:\\\/\\\/www.webdo.tn\\\/fr\\\/\",\"logo\":{\"@type\":\"ImageObject\",\"inLanguage\":\"fr-FR\",\"@id\":\"https:\\\/\\\/www.webdo.tn\\\/fr\\\/#\\\/schema\\\/logo\\\/image\\\/\",\"url\":\"https:\\\/\\\/www.webdo.tn\\\/fr\\\/wp-content\\\/uploads\\\/2025\\\/06\\\/Webdo-Tunisie_168377.jpg\",\"contentUrl\":\"https:\\\/\\\/www.webdo.tn\\\/fr\\\/wp-content\\\/uploads\\\/2025\\\/06\\\/Webdo-Tunisie_168377.jpg\",\"width\":301,\"height\":301,\"caption\":\"Webdo\"},\"image\":{\"@id\":\"https:\\\/\\\/www.webdo.tn\\\/fr\\\/#\\\/schema\\\/logo\\\/image\\\/\"},\"sameAs\":[\"https:\\\/\\\/www.facebook.com\\\/webdotn\",\"https:\\\/\\\/x.com\\\/webdo_tn\"],\"description\":\"Webdo est un m\u00e9dia num\u00e9rique tunisien fond\u00e9 en 2010, sp\u00e9cialis\u00e9 dans l\u2019actualit\u00e9 nationale et internationale, l\u2019\u00e9conomie, la soci\u00e9t\u00e9 et les analyses politiques. Le site s\u2019adresse \u00e0 un large public francophone et couvre l\u2019information tunisienne en temps r\u00e9el.\",\"email\":\"redac@webdo.tn\",\"legalName\":\"YNJ SARL\",\"foundingDate\":\"2010-09-06\",\"numberOfEmployees\":{\"@type\":\"QuantitativeValue\",\"minValue\":\"11\",\"maxValue\":\"50\"}},{\"@type\":\"Person\",\"@id\":\"https:\\\/\\\/www.webdo.tn\\\/fr\\\/#\\\/schema\\\/person\\\/9a9c6118d687c117df8ef3cc36a4d175\",\"name\":\"webdo.tn\",\"image\":{\"@type\":\"ImageObject\",\"inLanguage\":\"fr-FR\",\"@id\":\"https:\\\/\\\/secure.gravatar.com\\\/avatar\\\/7ce1f28c0c3bbac99ff550b85ef8e44a6950c6ee24514fb6a5489e51d06f0298?s=96&d=mm&r=g\",\"url\":\"https:\\\/\\\/secure.gravatar.com\\\/avatar\\\/7ce1f28c0c3bbac99ff550b85ef8e44a6950c6ee24514fb6a5489e51d06f0298?s=96&d=mm&r=g\",\"contentUrl\":\"https:\\\/\\\/secure.gravatar.com\\\/avatar\\\/7ce1f28c0c3bbac99ff550b85ef8e44a6950c6ee24514fb6a5489e51d06f0298?s=96&d=mm&r=g\",\"caption\":\"webdo.tn\"},\"url\":\"https:\\\/\\\/www.webdo.tn\\\/fr\\\/actualite\\\/author\\\/webdotn\\\/\"}]}<\/script>\n<!-- \/ Yoast SEO Premium plugin. -->","yoast_head_json":{"title":"Lutte antiterroriste : R\u00e9union ferm\u00e9e \u00e0 l'Assembl\u00e9e constituante","description":"Lutte antiterroriste : R\u00e9union ferm\u00e9e \u00e0 l'Assembl\u00e9e constituante","canonical":"https:\/\/www.webdo.tn\/fr\/actualite\/terrorisme\/tunisie-lutte-antiterroriste-reunion-fermee-lassemblee-constituante\/180176\/","og_locale":"fr_FR","og_type":"article","og_title":"Lutte antiterroriste : R\u00e9union ferm\u00e9e \u00e0 l'Assembl\u00e9e constituante","og_description":"Lutte antiterroriste : R\u00e9union ferm\u00e9e \u00e0 l'Assembl\u00e9e constituante","og_url":"https:\/\/www.webdo.tn\/fr\/actualite\/terrorisme\/tunisie-lutte-antiterroriste-reunion-fermee-lassemblee-constituante\/180176\/","og_site_name":"webdo","article_publisher":"https:\/\/www.facebook.com\/webdotn","article_published_time":"2014-07-24T13:17:00+00:00","article_modified_time":"2025-05-22T13:09:05+00:00","og_image":[{"width":512,"height":341,"url":"https:\/\/www.webdo.tn\/fr\/wp-content\/uploads\/2025\/06\/Reunion-ANC-23-juillet-2014_180176.jpg","type":"image\/jpeg"}],"author":"webdo.tn","twitter_card":"summary_large_image","twitter_creator":"@webdo_tn","twitter_site":"@webdo_tn","twitter_misc":{"\u00c9crit par":"webdo.tn","Dur\u00e9e de lecture estim\u00e9e":"1 minute"},"schema":{"@context":"https:\/\/schema.org","@graph":[{"@type":"NewsArticle","@id":"https:\/\/www.webdo.tn\/fr\/actualite\/terrorisme\/tunisie-lutte-antiterroriste-reunion-fermee-lassemblee-constituante\/180176\/#article","isPartOf":{"@id":"https:\/\/www.webdo.tn\/fr\/actualite\/terrorisme\/tunisie-lutte-antiterroriste-reunion-fermee-lassemblee-constituante\/180176\/"},"author":{"name":"webdo.tn","@id":"https:\/\/www.webdo.tn\/fr\/#\/schema\/person\/9a9c6118d687c117df8ef3cc36a4d175"},"headline":"Lutte antiterroriste : R\u00e9union ferm\u00e9e \u00e0 l&rsquo;Assembl\u00e9e constituante","datePublished":"2014-07-24T13:17:00+00:00","dateModified":"2025-05-22T13:09:05+00:00","mainEntityOfPage":{"@id":"https:\/\/www.webdo.tn\/fr\/actualite\/terrorisme\/tunisie-lutte-antiterroriste-reunion-fermee-lassemblee-constituante\/180176\/"},"wordCount":176,"commentCount":0,"publisher":{"@id":"https:\/\/www.webdo.tn\/fr\/#organization"},"image":{"@id":"https:\/\/www.webdo.tn\/fr\/actualite\/terrorisme\/tunisie-lutte-antiterroriste-reunion-fermee-lassemblee-constituante\/180176\/#primaryimage"},"thumbnailUrl":"https:\/\/www.webdo.tn\/fr\/wp-content\/uploads\/2025\/06\/Reunion-ANC-23-juillet-2014_180176.jpg","articleSection":["Terrorisme"],"inLanguage":"fr-FR"},{"@type":"WebPage","@id":"https:\/\/www.webdo.tn\/fr\/actualite\/terrorisme\/tunisie-lutte-antiterroriste-reunion-fermee-lassemblee-constituante\/180176\/","url":"https:\/\/www.webdo.tn\/fr\/actualite\/terrorisme\/tunisie-lutte-antiterroriste-reunion-fermee-lassemblee-constituante\/180176\/","name":"Lutte antiterroriste : R\u00e9union ferm\u00e9e \u00e0 l'Assembl\u00e9e constituante","isPartOf":{"@id":"https:\/\/www.webdo.tn\/fr\/#website"},"primaryImageOfPage":{"@id":"https:\/\/www.webdo.tn\/fr\/actualite\/terrorisme\/tunisie-lutte-antiterroriste-reunion-fermee-lassemblee-constituante\/180176\/#primaryimage"},"image":{"@id":"https:\/\/www.webdo.tn\/fr\/actualite\/terrorisme\/tunisie-lutte-antiterroriste-reunion-fermee-lassemblee-constituante\/180176\/#primaryimage"},"thumbnailUrl":"https:\/\/www.webdo.tn\/fr\/wp-content\/uploads\/2025\/06\/Reunion-ANC-23-juillet-2014_180176.jpg","datePublished":"2014-07-24T13:17:00+00:00","dateModified":"2025-05-22T13:09:05+00:00","description":"Lutte antiterroriste : R\u00e9union ferm\u00e9e \u00e0 l'Assembl\u00e9e constituante","breadcrumb":{"@id":"https:\/\/www.webdo.tn\/fr\/actualite\/terrorisme\/tunisie-lutte-antiterroriste-reunion-fermee-lassemblee-constituante\/180176\/#breadcrumb"},"inLanguage":"fr-FR","potentialAction":[{"@type":"ReadAction","target":["https:\/\/www.webdo.tn\/fr\/actualite\/terrorisme\/tunisie-lutte-antiterroriste-reunion-fermee-lassemblee-constituante\/180176\/"]}]},{"@type":"ImageObject","inLanguage":"fr-FR","@id":"https:\/\/www.webdo.tn\/fr\/actualite\/terrorisme\/tunisie-lutte-antiterroriste-reunion-fermee-lassemblee-constituante\/180176\/#primaryimage","url":"https:\/\/www.webdo.tn\/fr\/wp-content\/uploads\/2025\/06\/Reunion-ANC-23-juillet-2014_180176.jpg","contentUrl":"https:\/\/www.webdo.tn\/fr\/wp-content\/uploads\/2025\/06\/Reunion-ANC-23-juillet-2014_180176.jpg","width":512,"height":341,"caption":"Lutte antiterroriste : R\u00e9union ferm\u00e9e \u00e0 l'Assembl\u00e9e constituante"},{"@type":"BreadcrumbList","@id":"https:\/\/www.webdo.tn\/fr\/actualite\/terrorisme\/tunisie-lutte-antiterroriste-reunion-fermee-lassemblee-constituante\/180176\/#breadcrumb","itemListElement":[{"@type":"ListItem","position":1,"name":"Accueil","item":"https:\/\/www.webdo.tn\/fr\/"},{"@type":"ListItem","position":2,"name":"Lutte antiterroriste : R\u00e9union ferm\u00e9e \u00e0 l&rsquo;Assembl\u00e9e constituante"}]},{"@type":"WebSite","@id":"https:\/\/www.webdo.tn\/fr\/#website","url":"https:\/\/www.webdo.tn\/fr\/","name":"webdo","description":"Tunisie - News en Tunisie et \u00e0 l&#039;international sur Webdo.tn","publisher":{"@id":"https:\/\/www.webdo.tn\/fr\/#organization"},"potentialAction":[{"@type":"SearchAction","target":{"@type":"EntryPoint","urlTemplate":"https:\/\/www.webdo.tn\/fr\/?s={search_term_string}"},"query-input":{"@type":"PropertyValueSpecification","valueRequired":true,"valueName":"search_term_string"}}],"inLanguage":"fr-FR"},{"@type":"Organization","@id":"https:\/\/www.webdo.tn\/fr\/#organization","name":"Webdo","alternateName":"Webdo.tn","url":"https:\/\/www.webdo.tn\/fr\/","logo":{"@type":"ImageObject","inLanguage":"fr-FR","@id":"https:\/\/www.webdo.tn\/fr\/#\/schema\/logo\/image\/","url":"https:\/\/www.webdo.tn\/fr\/wp-content\/uploads\/2025\/06\/Webdo-Tunisie_168377.jpg","contentUrl":"https:\/\/www.webdo.tn\/fr\/wp-content\/uploads\/2025\/06\/Webdo-Tunisie_168377.jpg","width":301,"height":301,"caption":"Webdo"},"image":{"@id":"https:\/\/www.webdo.tn\/fr\/#\/schema\/logo\/image\/"},"sameAs":["https:\/\/www.facebook.com\/webdotn","https:\/\/x.com\/webdo_tn"],"description":"Webdo est un m\u00e9dia num\u00e9rique tunisien fond\u00e9 en 2010, sp\u00e9cialis\u00e9 dans l\u2019actualit\u00e9 nationale et internationale, l\u2019\u00e9conomie, la soci\u00e9t\u00e9 et les analyses politiques. Le site s\u2019adresse \u00e0 un large public francophone et couvre l\u2019information tunisienne en temps r\u00e9el.","email":"redac@webdo.tn","legalName":"YNJ SARL","foundingDate":"2010-09-06","numberOfEmployees":{"@type":"QuantitativeValue","minValue":"11","maxValue":"50"}},{"@type":"Person","@id":"https:\/\/www.webdo.tn\/fr\/#\/schema\/person\/9a9c6118d687c117df8ef3cc36a4d175","name":"webdo.tn","image":{"@type":"ImageObject","inLanguage":"fr-FR","@id":"https:\/\/secure.gravatar.com\/avatar\/7ce1f28c0c3bbac99ff550b85ef8e44a6950c6ee24514fb6a5489e51d06f0298?s=96&d=mm&r=g","url":"https:\/\/secure.gravatar.com\/avatar\/7ce1f28c0c3bbac99ff550b85ef8e44a6950c6ee24514fb6a5489e51d06f0298?s=96&d=mm&r=g","contentUrl":"https:\/\/secure.gravatar.com\/avatar\/7ce1f28c0c3bbac99ff550b85ef8e44a6950c6ee24514fb6a5489e51d06f0298?s=96&d=mm&r=g","caption":"webdo.tn"},"url":"https:\/\/www.webdo.tn\/fr\/actualite\/author\/webdotn\/"}]}},"_links":{"self":[{"href":"https:\/\/www.webdo.tn\/fr\/wp-json\/wp\/v2\/posts\/180176","targetHints":{"allow":["GET"]}}],"collection":[{"href":"https:\/\/www.webdo.tn\/fr\/wp-json\/wp\/v2\/posts"}],"about":[{"href":"https:\/\/www.webdo.tn\/fr\/wp-json\/wp\/v2\/types\/post"}],"author":[{"embeddable":true,"href":"https:\/\/www.webdo.tn\/fr\/wp-json\/wp\/v2\/users\/3222"}],"replies":[{"embeddable":true,"href":"https:\/\/www.webdo.tn\/fr\/wp-json\/wp\/v2\/comments?post=180176"}],"version-history":[{"count":0,"href":"https:\/\/www.webdo.tn\/fr\/wp-json\/wp\/v2\/posts\/180176\/revisions"}],"wp:featuredmedia":[{"embeddable":true,"href":"https:\/\/www.webdo.tn\/fr\/wp-json\/wp\/v2\/media\/373839"}],"wp:attachment":[{"href":"https:\/\/www.webdo.tn\/fr\/wp-json\/wp\/v2\/media?parent=180176"}],"wp:term":[{"taxonomy":"category","embeddable":true,"href":"https:\/\/www.webdo.tn\/fr\/wp-json\/wp\/v2\/categories?post=180176"},{"taxonomy":"post_tag","embeddable":true,"href":"https:\/\/www.webdo.tn\/fr\/wp-json\/wp\/v2\/tags?post=180176"}],"curies":[{"name":"wp","href":"https:\/\/api.w.org\/{rel}","templated":true}]}}