{"id":180170,"date":"2014-07-25T02:39:00","date_gmt":"2014-07-25T02:39:00","guid":{"rendered":"https:\/\/www.webdo.tn\/fr\/blog\/mandats-depot-contre-6-salafistes-celebre-lassassinat-15-militaires\/180170\/"},"modified":"2025-05-22T13:08:56","modified_gmt":"2025-05-22T13:08:56","slug":"mandats-depot-contre-6-salafistes-celebre-lassassinat-15-militaires","status":"publish","type":"post","link":"https:\/\/www.webdo.tn\/fr\/actualite\/terrorisme\/mandats-depot-contre-6-salafistes-celebre-lassassinat-15-militaires\/180170\/","title":{"rendered":"Mandats de d\u00e9p\u00f4t contre 6 salafistes ayant c\u00e9l\u00e9br\u00e9 l\u2019assassinat de 15 militaires"},"content":{"rendered":"<p>Le juge d\u2019instruction du tribunal militaire permanent de premi\u00e8re instance du Kef a \u00e9mis, ce jeudi 24 juillet, des mandats de d\u00e9p\u00f4t en prison contre six membres du courant salafiste.<\/p>\n<p>Ces derniers sont accus\u00e9s d&rsquo;avoir f\u00eat\u00e9, le 16 juillet dernier l\u2019assassinat de 15 militaires sur le mont Ch\u00e2ambi, victimes d\u2019une attaque terroriste qui avait fait, aussi, plus de 20 bless\u00e9s dans les rangs des unit\u00e9s de l\u2019arm\u00e9e positionn\u00e9es dans deux points de contr\u00f4le.<\/p>\n<p>Quatre des accus\u00e9s ont comparu en \u00e9tat d\u2019arrestation devant le juge d\u2019instruction, alors que les deux autres sont en fuite.<br \/>\n(TAP)<\/p>\n","protected":false},"excerpt":{"rendered":"<p>Mandats de d\u00e9p\u00f4t contre 6 salafistes ayant c\u00e9l\u00e9br\u00e9 l\u2019assassinat de 15 militaires<\/p>\n","protected":false},"author":3222,"featured_media":320863,"comment_status":"open","ping_status":"closed","sticky":false,"template":"","format":"standard","meta":{"footnotes":""},"categories":[11342],"tags":[],"class_list":["post-180170","post","type-post","status-publish","format-standard","has-post-thumbnail","hentry","category-terrorisme"],"yoast_head":"<!-- This site is optimized with the Yoast SEO Premium plugin v27.5 (Yoast SEO v27.5) - https:\/\/yoast.com\/product\/yoast-seo-premium-wordpress\/ -->\n<title>Mandats de d\u00e9p\u00f4t contre 6 salafistes ayant c\u00e9l\u00e9br\u00e9 l\u2019assassinat de 15 militaires<\/title>\n<meta name=\"description\" content=\"Mandats de d\u00e9p\u00f4t contre 6 salafistes ayant c\u00e9l\u00e9br\u00e9 l\u2019assassinat de 15 militaires\" \/>\n<link rel=\"canonical\" href=\"https:\/\/www.webdo.tn\/fr\/actualite\/terrorisme\/mandats-depot-contre-6-salafistes-celebre-lassassinat-15-militaires\/180170\/\" \/>\n<meta property=\"og:locale\" content=\"fr_FR\" \/>\n<meta property=\"og:type\" content=\"article\" \/>\n<meta property=\"og:title\" content=\"Mandats de d\u00e9p\u00f4t contre 6 salafistes ayant c\u00e9l\u00e9br\u00e9 l\u2019assassinat de 15 militaires\" \/>\n<meta property=\"og:description\" content=\"Mandats de d\u00e9p\u00f4t contre 6 salafistes ayant c\u00e9l\u00e9br\u00e9 l\u2019assassinat de 15 militaires\" \/>\n<meta property=\"og:url\" content=\"https:\/\/www.webdo.tn\/fr\/actualite\/terrorisme\/mandats-depot-contre-6-salafistes-celebre-lassassinat-15-militaires\/180170\/\" \/>\n<meta property=\"og:site_name\" content=\"webdo\" \/>\n<meta property=\"article:publisher\" content=\"https:\/\/www.facebook.com\/webdotn\" \/>\n<meta property=\"article:published_time\" content=\"2014-07-25T02:39:00+00:00\" \/>\n<meta property=\"article:modified_time\" content=\"2025-05-22T13:08:56+00:00\" \/>\n<meta property=\"og:image\" content=\"https:\/\/www.webdo.tn\/fr\/wp-content\/uploads\/2014\/07\/Justice.jpg\" \/>\n\t<meta property=\"og:image:width\" content=\"264\" \/>\n\t<meta property=\"og:image:height\" content=\"292\" \/>\n\t<meta property=\"og:image:type\" content=\"image\/jpeg\" \/>\n<meta name=\"author\" content=\"webdo.tn\" \/>\n<meta name=\"twitter:card\" content=\"summary_large_image\" \/>\n<meta name=\"twitter:creator\" content=\"@webdo_tn\" \/>\n<meta name=\"twitter:site\" content=\"@webdo_tn\" \/>\n<meta name=\"twitter:label1\" content=\"\u00c9crit par\" \/>\n\t<meta name=\"twitter:data1\" content=\"webdo.tn\" \/>\n\t<meta name=\"twitter:label2\" content=\"Dur\u00e9e de lecture estim\u00e9e\" \/>\n\t<meta name=\"twitter:data2\" content=\"1 minute\" \/>\n<script type=\"application\/ld+json\" class=\"yoast-schema-graph\">{\"@context\":\"https:\\\/\\\/schema.org\",\"@graph\":[{\"@type\":\"NewsArticle\",\"@id\":\"https:\\\/\\\/www.webdo.tn\\\/fr\\\/actualite\\\/terrorisme\\\/mandats-depot-contre-6-salafistes-celebre-lassassinat-15-militaires\\\/180170\\\/#article\",\"isPartOf\":{\"@id\":\"https:\\\/\\\/www.webdo.tn\\\/fr\\\/actualite\\\/terrorisme\\\/mandats-depot-contre-6-salafistes-celebre-lassassinat-15-militaires\\\/180170\\\/\"},\"author\":{\"name\":\"webdo.tn\",\"@id\":\"https:\\\/\\\/www.webdo.tn\\\/fr\\\/#\\\/schema\\\/person\\\/9a9c6118d687c117df8ef3cc36a4d175\"},\"headline\":\"Mandats de d\u00e9p\u00f4t contre 6 salafistes ayant c\u00e9l\u00e9br\u00e9 l\u2019assassinat de 15 militaires\",\"datePublished\":\"2014-07-25T02:39:00+00:00\",\"dateModified\":\"2025-05-22T13:08:56+00:00\",\"mainEntityOfPage\":{\"@id\":\"https:\\\/\\\/www.webdo.tn\\\/fr\\\/actualite\\\/terrorisme\\\/mandats-depot-contre-6-salafistes-celebre-lassassinat-15-militaires\\\/180170\\\/\"},\"wordCount\":124,\"commentCount\":0,\"publisher\":{\"@id\":\"https:\\\/\\\/www.webdo.tn\\\/fr\\\/#organization\"},\"image\":{\"@id\":\"https:\\\/\\\/www.webdo.tn\\\/fr\\\/actualite\\\/terrorisme\\\/mandats-depot-contre-6-salafistes-celebre-lassassinat-15-militaires\\\/180170\\\/#primaryimage\"},\"thumbnailUrl\":\"https:\\\/\\\/www.webdo.tn\\\/fr\\\/wp-content\\\/uploads\\\/2014\\\/07\\\/Justice.jpg\",\"articleSection\":[\"Terrorisme\"],\"inLanguage\":\"fr-FR\"},{\"@type\":\"WebPage\",\"@id\":\"https:\\\/\\\/www.webdo.tn\\\/fr\\\/actualite\\\/terrorisme\\\/mandats-depot-contre-6-salafistes-celebre-lassassinat-15-militaires\\\/180170\\\/\",\"url\":\"https:\\\/\\\/www.webdo.tn\\\/fr\\\/actualite\\\/terrorisme\\\/mandats-depot-contre-6-salafistes-celebre-lassassinat-15-militaires\\\/180170\\\/\",\"name\":\"Mandats de d\u00e9p\u00f4t contre 6 salafistes ayant c\u00e9l\u00e9br\u00e9 l\u2019assassinat de 15 militaires\",\"isPartOf\":{\"@id\":\"https:\\\/\\\/www.webdo.tn\\\/fr\\\/#website\"},\"primaryImageOfPage\":{\"@id\":\"https:\\\/\\\/www.webdo.tn\\\/fr\\\/actualite\\\/terrorisme\\\/mandats-depot-contre-6-salafistes-celebre-lassassinat-15-militaires\\\/180170\\\/#primaryimage\"},\"image\":{\"@id\":\"https:\\\/\\\/www.webdo.tn\\\/fr\\\/actualite\\\/terrorisme\\\/mandats-depot-contre-6-salafistes-celebre-lassassinat-15-militaires\\\/180170\\\/#primaryimage\"},\"thumbnailUrl\":\"https:\\\/\\\/www.webdo.tn\\\/fr\\\/wp-content\\\/uploads\\\/2014\\\/07\\\/Justice.jpg\",\"datePublished\":\"2014-07-25T02:39:00+00:00\",\"dateModified\":\"2025-05-22T13:08:56+00:00\",\"description\":\"Mandats de d\u00e9p\u00f4t contre 6 salafistes ayant c\u00e9l\u00e9br\u00e9 l\u2019assassinat de 15 militaires\",\"breadcrumb\":{\"@id\":\"https:\\\/\\\/www.webdo.tn\\\/fr\\\/actualite\\\/terrorisme\\\/mandats-depot-contre-6-salafistes-celebre-lassassinat-15-militaires\\\/180170\\\/#breadcrumb\"},\"inLanguage\":\"fr-FR\",\"potentialAction\":[{\"@type\":\"ReadAction\",\"target\":[\"https:\\\/\\\/www.webdo.tn\\\/fr\\\/actualite\\\/terrorisme\\\/mandats-depot-contre-6-salafistes-celebre-lassassinat-15-militaires\\\/180170\\\/\"]}]},{\"@type\":\"ImageObject\",\"inLanguage\":\"fr-FR\",\"@id\":\"https:\\\/\\\/www.webdo.tn\\\/fr\\\/actualite\\\/terrorisme\\\/mandats-depot-contre-6-salafistes-celebre-lassassinat-15-militaires\\\/180170\\\/#primaryimage\",\"url\":\"https:\\\/\\\/www.webdo.tn\\\/fr\\\/wp-content\\\/uploads\\\/2014\\\/07\\\/Justice.jpg\",\"contentUrl\":\"https:\\\/\\\/www.webdo.tn\\\/fr\\\/wp-content\\\/uploads\\\/2014\\\/07\\\/Justice.jpg\",\"width\":264,\"height\":292,\"caption\":\"Mandats de d\u00e9p\u00f4t contre 6 salafistes ayant c\u00e9l\u00e9br\u00e9 l\u2019assassinat de 15 militaires\"},{\"@type\":\"BreadcrumbList\",\"@id\":\"https:\\\/\\\/www.webdo.tn\\\/fr\\\/actualite\\\/terrorisme\\\/mandats-depot-contre-6-salafistes-celebre-lassassinat-15-militaires\\\/180170\\\/#breadcrumb\",\"itemListElement\":[{\"@type\":\"ListItem\",\"position\":1,\"name\":\"Accueil\",\"item\":\"https:\\\/\\\/www.webdo.tn\\\/fr\\\/\"},{\"@type\":\"ListItem\",\"position\":2,\"name\":\"Mandats de d\u00e9p\u00f4t contre 6 salafistes ayant c\u00e9l\u00e9br\u00e9 l\u2019assassinat de 15 militaires\"}]},{\"@type\":\"WebSite\",\"@id\":\"https:\\\/\\\/www.webdo.tn\\\/fr\\\/#website\",\"url\":\"https:\\\/\\\/www.webdo.tn\\\/fr\\\/\",\"name\":\"webdo\",\"description\":\"Tunisie - News en Tunisie et \u00e0 l&#039;international sur Webdo.tn\",\"publisher\":{\"@id\":\"https:\\\/\\\/www.webdo.tn\\\/fr\\\/#organization\"},\"potentialAction\":[{\"@type\":\"SearchAction\",\"target\":{\"@type\":\"EntryPoint\",\"urlTemplate\":\"https:\\\/\\\/www.webdo.tn\\\/fr\\\/?s={search_term_string}\"},\"query-input\":{\"@type\":\"PropertyValueSpecification\",\"valueRequired\":true,\"valueName\":\"search_term_string\"}}],\"inLanguage\":\"fr-FR\"},{\"@type\":\"Organization\",\"@id\":\"https:\\\/\\\/www.webdo.tn\\\/fr\\\/#organization\",\"name\":\"Webdo\",\"alternateName\":\"Webdo.tn\",\"url\":\"https:\\\/\\\/www.webdo.tn\\\/fr\\\/\",\"logo\":{\"@type\":\"ImageObject\",\"inLanguage\":\"fr-FR\",\"@id\":\"https:\\\/\\\/www.webdo.tn\\\/fr\\\/#\\\/schema\\\/logo\\\/image\\\/\",\"url\":\"https:\\\/\\\/www.webdo.tn\\\/fr\\\/wp-content\\\/uploads\\\/2025\\\/06\\\/Webdo-Tunisie_168377.jpg\",\"contentUrl\":\"https:\\\/\\\/www.webdo.tn\\\/fr\\\/wp-content\\\/uploads\\\/2025\\\/06\\\/Webdo-Tunisie_168377.jpg\",\"width\":301,\"height\":301,\"caption\":\"Webdo\"},\"image\":{\"@id\":\"https:\\\/\\\/www.webdo.tn\\\/fr\\\/#\\\/schema\\\/logo\\\/image\\\/\"},\"sameAs\":[\"https:\\\/\\\/www.facebook.com\\\/webdotn\",\"https:\\\/\\\/x.com\\\/webdo_tn\"],\"description\":\"Webdo est un m\u00e9dia num\u00e9rique tunisien fond\u00e9 en 2010, sp\u00e9cialis\u00e9 dans l\u2019actualit\u00e9 nationale et internationale, l\u2019\u00e9conomie, la soci\u00e9t\u00e9 et les analyses politiques. Le site s\u2019adresse \u00e0 un large public francophone et couvre l\u2019information tunisienne en temps r\u00e9el.\",\"email\":\"redac@webdo.tn\",\"legalName\":\"YNJ SARL\",\"foundingDate\":\"2010-09-06\",\"numberOfEmployees\":{\"@type\":\"QuantitativeValue\",\"minValue\":\"11\",\"maxValue\":\"50\"}},{\"@type\":\"Person\",\"@id\":\"https:\\\/\\\/www.webdo.tn\\\/fr\\\/#\\\/schema\\\/person\\\/9a9c6118d687c117df8ef3cc36a4d175\",\"name\":\"webdo.tn\",\"image\":{\"@type\":\"ImageObject\",\"inLanguage\":\"fr-FR\",\"@id\":\"https:\\\/\\\/secure.gravatar.com\\\/avatar\\\/7ce1f28c0c3bbac99ff550b85ef8e44a6950c6ee24514fb6a5489e51d06f0298?s=96&d=mm&r=g\",\"url\":\"https:\\\/\\\/secure.gravatar.com\\\/avatar\\\/7ce1f28c0c3bbac99ff550b85ef8e44a6950c6ee24514fb6a5489e51d06f0298?s=96&d=mm&r=g\",\"contentUrl\":\"https:\\\/\\\/secure.gravatar.com\\\/avatar\\\/7ce1f28c0c3bbac99ff550b85ef8e44a6950c6ee24514fb6a5489e51d06f0298?s=96&d=mm&r=g\",\"caption\":\"webdo.tn\"},\"url\":\"https:\\\/\\\/www.webdo.tn\\\/fr\\\/actualite\\\/author\\\/webdotn\\\/\"}]}<\/script>\n<!-- \/ Yoast SEO Premium plugin. -->","yoast_head_json":{"title":"Mandats de d\u00e9p\u00f4t contre 6 salafistes ayant c\u00e9l\u00e9br\u00e9 l\u2019assassinat de 15 militaires","description":"Mandats de d\u00e9p\u00f4t contre 6 salafistes ayant c\u00e9l\u00e9br\u00e9 l\u2019assassinat de 15 militaires","canonical":"https:\/\/www.webdo.tn\/fr\/actualite\/terrorisme\/mandats-depot-contre-6-salafistes-celebre-lassassinat-15-militaires\/180170\/","og_locale":"fr_FR","og_type":"article","og_title":"Mandats de d\u00e9p\u00f4t contre 6 salafistes ayant c\u00e9l\u00e9br\u00e9 l\u2019assassinat de 15 militaires","og_description":"Mandats de d\u00e9p\u00f4t contre 6 salafistes ayant c\u00e9l\u00e9br\u00e9 l\u2019assassinat de 15 militaires","og_url":"https:\/\/www.webdo.tn\/fr\/actualite\/terrorisme\/mandats-depot-contre-6-salafistes-celebre-lassassinat-15-militaires\/180170\/","og_site_name":"webdo","article_publisher":"https:\/\/www.facebook.com\/webdotn","article_published_time":"2014-07-25T02:39:00+00:00","article_modified_time":"2025-05-22T13:08:56+00:00","og_image":[{"width":264,"height":292,"url":"https:\/\/www.webdo.tn\/fr\/wp-content\/uploads\/2014\/07\/Justice.jpg","type":"image\/jpeg"}],"author":"webdo.tn","twitter_card":"summary_large_image","twitter_creator":"@webdo_tn","twitter_site":"@webdo_tn","twitter_misc":{"\u00c9crit par":"webdo.tn","Dur\u00e9e de lecture estim\u00e9e":"1 minute"},"schema":{"@context":"https:\/\/schema.org","@graph":[{"@type":"NewsArticle","@id":"https:\/\/www.webdo.tn\/fr\/actualite\/terrorisme\/mandats-depot-contre-6-salafistes-celebre-lassassinat-15-militaires\/180170\/#article","isPartOf":{"@id":"https:\/\/www.webdo.tn\/fr\/actualite\/terrorisme\/mandats-depot-contre-6-salafistes-celebre-lassassinat-15-militaires\/180170\/"},"author":{"name":"webdo.tn","@id":"https:\/\/www.webdo.tn\/fr\/#\/schema\/person\/9a9c6118d687c117df8ef3cc36a4d175"},"headline":"Mandats de d\u00e9p\u00f4t contre 6 salafistes ayant c\u00e9l\u00e9br\u00e9 l\u2019assassinat de 15 militaires","datePublished":"2014-07-25T02:39:00+00:00","dateModified":"2025-05-22T13:08:56+00:00","mainEntityOfPage":{"@id":"https:\/\/www.webdo.tn\/fr\/actualite\/terrorisme\/mandats-depot-contre-6-salafistes-celebre-lassassinat-15-militaires\/180170\/"},"wordCount":124,"commentCount":0,"publisher":{"@id":"https:\/\/www.webdo.tn\/fr\/#organization"},"image":{"@id":"https:\/\/www.webdo.tn\/fr\/actualite\/terrorisme\/mandats-depot-contre-6-salafistes-celebre-lassassinat-15-militaires\/180170\/#primaryimage"},"thumbnailUrl":"https:\/\/www.webdo.tn\/fr\/wp-content\/uploads\/2014\/07\/Justice.jpg","articleSection":["Terrorisme"],"inLanguage":"fr-FR"},{"@type":"WebPage","@id":"https:\/\/www.webdo.tn\/fr\/actualite\/terrorisme\/mandats-depot-contre-6-salafistes-celebre-lassassinat-15-militaires\/180170\/","url":"https:\/\/www.webdo.tn\/fr\/actualite\/terrorisme\/mandats-depot-contre-6-salafistes-celebre-lassassinat-15-militaires\/180170\/","name":"Mandats de d\u00e9p\u00f4t contre 6 salafistes ayant c\u00e9l\u00e9br\u00e9 l\u2019assassinat de 15 militaires","isPartOf":{"@id":"https:\/\/www.webdo.tn\/fr\/#website"},"primaryImageOfPage":{"@id":"https:\/\/www.webdo.tn\/fr\/actualite\/terrorisme\/mandats-depot-contre-6-salafistes-celebre-lassassinat-15-militaires\/180170\/#primaryimage"},"image":{"@id":"https:\/\/www.webdo.tn\/fr\/actualite\/terrorisme\/mandats-depot-contre-6-salafistes-celebre-lassassinat-15-militaires\/180170\/#primaryimage"},"thumbnailUrl":"https:\/\/www.webdo.tn\/fr\/wp-content\/uploads\/2014\/07\/Justice.jpg","datePublished":"2014-07-25T02:39:00+00:00","dateModified":"2025-05-22T13:08:56+00:00","description":"Mandats de d\u00e9p\u00f4t contre 6 salafistes ayant c\u00e9l\u00e9br\u00e9 l\u2019assassinat de 15 militaires","breadcrumb":{"@id":"https:\/\/www.webdo.tn\/fr\/actualite\/terrorisme\/mandats-depot-contre-6-salafistes-celebre-lassassinat-15-militaires\/180170\/#breadcrumb"},"inLanguage":"fr-FR","potentialAction":[{"@type":"ReadAction","target":["https:\/\/www.webdo.tn\/fr\/actualite\/terrorisme\/mandats-depot-contre-6-salafistes-celebre-lassassinat-15-militaires\/180170\/"]}]},{"@type":"ImageObject","inLanguage":"fr-FR","@id":"https:\/\/www.webdo.tn\/fr\/actualite\/terrorisme\/mandats-depot-contre-6-salafistes-celebre-lassassinat-15-militaires\/180170\/#primaryimage","url":"https:\/\/www.webdo.tn\/fr\/wp-content\/uploads\/2014\/07\/Justice.jpg","contentUrl":"https:\/\/www.webdo.tn\/fr\/wp-content\/uploads\/2014\/07\/Justice.jpg","width":264,"height":292,"caption":"Mandats de d\u00e9p\u00f4t contre 6 salafistes ayant c\u00e9l\u00e9br\u00e9 l\u2019assassinat de 15 militaires"},{"@type":"BreadcrumbList","@id":"https:\/\/www.webdo.tn\/fr\/actualite\/terrorisme\/mandats-depot-contre-6-salafistes-celebre-lassassinat-15-militaires\/180170\/#breadcrumb","itemListElement":[{"@type":"ListItem","position":1,"name":"Accueil","item":"https:\/\/www.webdo.tn\/fr\/"},{"@type":"ListItem","position":2,"name":"Mandats de d\u00e9p\u00f4t contre 6 salafistes ayant c\u00e9l\u00e9br\u00e9 l\u2019assassinat de 15 militaires"}]},{"@type":"WebSite","@id":"https:\/\/www.webdo.tn\/fr\/#website","url":"https:\/\/www.webdo.tn\/fr\/","name":"webdo","description":"Tunisie - News en Tunisie et \u00e0 l&#039;international sur Webdo.tn","publisher":{"@id":"https:\/\/www.webdo.tn\/fr\/#organization"},"potentialAction":[{"@type":"SearchAction","target":{"@type":"EntryPoint","urlTemplate":"https:\/\/www.webdo.tn\/fr\/?s={search_term_string}"},"query-input":{"@type":"PropertyValueSpecification","valueRequired":true,"valueName":"search_term_string"}}],"inLanguage":"fr-FR"},{"@type":"Organization","@id":"https:\/\/www.webdo.tn\/fr\/#organization","name":"Webdo","alternateName":"Webdo.tn","url":"https:\/\/www.webdo.tn\/fr\/","logo":{"@type":"ImageObject","inLanguage":"fr-FR","@id":"https:\/\/www.webdo.tn\/fr\/#\/schema\/logo\/image\/","url":"https:\/\/www.webdo.tn\/fr\/wp-content\/uploads\/2025\/06\/Webdo-Tunisie_168377.jpg","contentUrl":"https:\/\/www.webdo.tn\/fr\/wp-content\/uploads\/2025\/06\/Webdo-Tunisie_168377.jpg","width":301,"height":301,"caption":"Webdo"},"image":{"@id":"https:\/\/www.webdo.tn\/fr\/#\/schema\/logo\/image\/"},"sameAs":["https:\/\/www.facebook.com\/webdotn","https:\/\/x.com\/webdo_tn"],"description":"Webdo est un m\u00e9dia num\u00e9rique tunisien fond\u00e9 en 2010, sp\u00e9cialis\u00e9 dans l\u2019actualit\u00e9 nationale et internationale, l\u2019\u00e9conomie, la soci\u00e9t\u00e9 et les analyses politiques. Le site s\u2019adresse \u00e0 un large public francophone et couvre l\u2019information tunisienne en temps r\u00e9el.","email":"redac@webdo.tn","legalName":"YNJ SARL","foundingDate":"2010-09-06","numberOfEmployees":{"@type":"QuantitativeValue","minValue":"11","maxValue":"50"}},{"@type":"Person","@id":"https:\/\/www.webdo.tn\/fr\/#\/schema\/person\/9a9c6118d687c117df8ef3cc36a4d175","name":"webdo.tn","image":{"@type":"ImageObject","inLanguage":"fr-FR","@id":"https:\/\/secure.gravatar.com\/avatar\/7ce1f28c0c3bbac99ff550b85ef8e44a6950c6ee24514fb6a5489e51d06f0298?s=96&d=mm&r=g","url":"https:\/\/secure.gravatar.com\/avatar\/7ce1f28c0c3bbac99ff550b85ef8e44a6950c6ee24514fb6a5489e51d06f0298?s=96&d=mm&r=g","contentUrl":"https:\/\/secure.gravatar.com\/avatar\/7ce1f28c0c3bbac99ff550b85ef8e44a6950c6ee24514fb6a5489e51d06f0298?s=96&d=mm&r=g","caption":"webdo.tn"},"url":"https:\/\/www.webdo.tn\/fr\/actualite\/author\/webdotn\/"}]}},"_links":{"self":[{"href":"https:\/\/www.webdo.tn\/fr\/wp-json\/wp\/v2\/posts\/180170","targetHints":{"allow":["GET"]}}],"collection":[{"href":"https:\/\/www.webdo.tn\/fr\/wp-json\/wp\/v2\/posts"}],"about":[{"href":"https:\/\/www.webdo.tn\/fr\/wp-json\/wp\/v2\/types\/post"}],"author":[{"embeddable":true,"href":"https:\/\/www.webdo.tn\/fr\/wp-json\/wp\/v2\/users\/3222"}],"replies":[{"embeddable":true,"href":"https:\/\/www.webdo.tn\/fr\/wp-json\/wp\/v2\/comments?post=180170"}],"version-history":[{"count":0,"href":"https:\/\/www.webdo.tn\/fr\/wp-json\/wp\/v2\/posts\/180170\/revisions"}],"wp:featuredmedia":[{"embeddable":true,"href":"https:\/\/www.webdo.tn\/fr\/wp-json\/wp\/v2\/media\/320863"}],"wp:attachment":[{"href":"https:\/\/www.webdo.tn\/fr\/wp-json\/wp\/v2\/media?parent=180170"}],"wp:term":[{"taxonomy":"category","embeddable":true,"href":"https:\/\/www.webdo.tn\/fr\/wp-json\/wp\/v2\/categories?post=180170"},{"taxonomy":"post_tag","embeddable":true,"href":"https:\/\/www.webdo.tn\/fr\/wp-json\/wp\/v2\/tags?post=180170"}],"curies":[{"name":"wp","href":"https:\/\/api.w.org\/{rel}","templated":true}]}}