{"id":180168,"date":"2014-07-25T10:36:00","date_gmt":"2014-07-25T10:36:00","guid":{"rendered":"https:\/\/www.webdo.tn\/fr\/blog\/tunisie-lutte-contre-terrorisme-declaration-commune-14-ong\/180168\/"},"modified":"2025-05-22T13:08:46","modified_gmt":"2025-05-22T13:08:46","slug":"tunisie-lutte-contre-terrorisme-declaration-commune-14-ong","status":"publish","type":"post","link":"https:\/\/www.webdo.tn\/fr\/actualite\/terrorisme\/tunisie-lutte-contre-terrorisme-declaration-commune-14-ong\/180168\/","title":{"rendered":"Lutte contre le terrorisme : D\u00e9claration commune de 14 ONG"},"content":{"rendered":"<p>14 ONG exigent que la loi sur le terrorisme soit conforme aux obligations de la Tunisie en mati\u00e8re de droits humains, et appellent \u00e0 la s\u00e9paration entre autorit\u00e9 spirituelle et leadership politique.<\/p>\n<p>Tunisie 25 juillet 2014<\/p>\n<p>Les organisations non gouvernementales, soussign\u00e9es,\u00a0soulignent l&rsquo;importance des mesures prises par le gouvernement pour emp\u00eacher l&rsquo;utilisation des mosqu\u00e9es, des associations et des m\u00e9dias comme outils pour l&rsquo;accusation d\u2019apostasie et l&rsquo;incitation au terrorisme.<\/p>\n<p>Elles rappellent que de nombreuses organisations de la soci\u00e9t\u00e9 civile ne cessent, depuis trois ans, de mettre en garde contre les risques du terrorisme pour la soci\u00e9t\u00e9 et les institutions de la R\u00e9publique, dont nous f\u00eatons aujourd\u2019hui le 54\u00e8meanniversaire, et que des g\u00e9n\u00e9rations successives se sont sacrifi\u00e9es pour la prot\u00e9ger contre le despotisme politique.<\/p>\n<p>Les organisations signataires de la pr\u00e9sente d\u00e9claration mettent \u00e9galement en garde contre le non-respect des principes de la Constitution de la R\u00e9publique et des standards internationaux des droits de l&rsquo;homme lors de la prise ou de l&rsquo;application de ces mesures ou de la pr\u00e9paration d&rsquo;un projet de loi pour d\u00e9manteler les poches du \u00ab\u00a0takfirisme\u00a0\u00bb et du terrorisme ou pour r\u00e9primer les \u00ab\u00a0takfiristes\u00a0\u00bb, les terroristes et leurs partisans.<\/p>\n<p>Elles mettent l\u2019accent sur la n\u00e9cessit\u00e9 de consulter les instances constitutionnelles et les organisations des droits de l&rsquo;homme concern\u00e9es par la question de la lutte contre le \u00ab\u00a0takfirisme\u00a0\u00bb et le terrorisme. Elles exigent, \u00e0 cet \u00e9gard, de respecter les attributions l\u00e9gales de la Haute Autorit\u00e9 Ind\u00e9pendante de la Communication Audiovisuelle (HAICA).<\/p>\n<p>Elles soulignent la n\u00e9cessit\u00e9 de garantir la neutralit\u00e9 des mosqu\u00e9es et de les prot\u00e9ger contre le risque de politisation et d&rsquo;incitation contre les opposants, les militants des droits de l&rsquo;homme et les cr\u00e9ateurs. Elles estiment qu\u2019au lieu de fermer les mosqu\u00e9es qui sont encore hors du contr\u00f4le de l\u2019\u00c9tat, il serait plus judicieux de nommer des imams mod\u00e9r\u00e9s \u00e0 la t\u00eate de ces lieux de culte, afin d\u2019\u00e9viter toute forme de surench\u00e8re politique et de ne pas conforter l\u2019id\u00e9e selon laquelle l&rsquo;islam est en danger.<\/p>\n<p>Elles demandent \u00e0 tous les acteurs politiques de cesser d&rsquo;utiliser les lieux de culte \u00e0 des fins politiques ou de propagande, et d\u2019\u00e9viter de m\u00e9langer autorit\u00e9 spirituelle et leadership politique, afin de pr\u00e9server l&rsquo;int\u00e9grit\u00e9 de la Tunisie et de ses institutions civiques, et de renforcer sa capacit\u00e9 d\u2019assurer un avenir meilleur pour ses enfants.<\/p>\n<p>Les signataires\u00a0:<\/p>\n<p>\u00a0Association des jeunes avocats<\/p>\n<p>Association tunisienne de d\u00e9fense des valeurs universitaires<\/p>\n<p>Association tunisienne des femmes d\u00e9mocrates<\/p>\n<p>Comit\u00e9 pour le respect des libert\u00e9s et des droits de l\u2019homme en Tunisie<\/p>\n<p>Coordination nationale pour une justice transitionnelle<\/p>\n<p>F\u00e9d\u00e9ration des Tunisiens pour une citoyennet\u00e9 des deux rives<\/p>\n<p>\u00ab\u00a0Femmes et Leadership\u00a0\u00bb<\/p>\n<p>Forum tunisien des droits \u00e9conomiques et sociaux<\/p>\n<p>Ligue tunisienne de d\u00e9fense des droits de l\u2019homme<\/p>\n<p>Nawaat<\/p>\n<p>Observatoire arabe des religions et des libert\u00e9s<\/p>\n<p>Syndicat national des journalistes tunisiens<\/p>\n<p>Syndicat tunisien des radios libres<\/p>\n<p>Vigilance pour la d\u00e9mocratie et l\u2019\u00c9tat civique<br \/>\n| Communiqu\u00e9<br \/>\nLutte contre le terrorisme<\/p>\n","protected":false},"excerpt":{"rendered":"<p>Lutte contre le terrorisme : D\u00e9claration commune de 14 ONG <\/p>\n","protected":false},"author":3222,"featured_media":331787,"comment_status":"open","ping_status":"closed","sticky":false,"template":"","format":"standard","meta":{"footnotes":""},"categories":[11342],"tags":[],"class_list":["post-180168","post","type-post","status-publish","format-standard","has-post-thumbnail","hentry","category-terrorisme"],"yoast_head":"<!-- This site is optimized with the Yoast SEO Premium plugin v27.5 (Yoast SEO v27.5) - https:\/\/yoast.com\/product\/yoast-seo-premium-wordpress\/ -->\n<title>Lutte contre le terrorisme : D\u00e9claration commune de 14 ONG<\/title>\n<meta name=\"description\" content=\"Lutte contre le terrorisme : D\u00e9claration commune de 14 ONG\" \/>\n<link rel=\"canonical\" href=\"https:\/\/www.webdo.tn\/fr\/actualite\/terrorisme\/tunisie-lutte-contre-terrorisme-declaration-commune-14-ong\/180168\/\" \/>\n<meta property=\"og:locale\" content=\"fr_FR\" \/>\n<meta property=\"og:type\" content=\"article\" \/>\n<meta property=\"og:title\" content=\"Lutte contre le terrorisme : D\u00e9claration commune de 14 ONG\" \/>\n<meta property=\"og:description\" content=\"Lutte contre le terrorisme : D\u00e9claration commune de 14 ONG\" \/>\n<meta property=\"og:url\" content=\"https:\/\/www.webdo.tn\/fr\/actualite\/terrorisme\/tunisie-lutte-contre-terrorisme-declaration-commune-14-ong\/180168\/\" \/>\n<meta property=\"og:site_name\" content=\"webdo\" \/>\n<meta property=\"article:publisher\" content=\"https:\/\/www.facebook.com\/webdotn\" \/>\n<meta property=\"article:published_time\" content=\"2014-07-25T10:36:00+00:00\" \/>\n<meta property=\"article:modified_time\" content=\"2025-05-22T13:08:46+00:00\" \/>\n<meta property=\"og:image\" content=\"https:\/\/www.webdo.tn\/fr\/wp-content\/uploads\/2014\/07\/lutte.jpg\" \/>\n\t<meta property=\"og:image:width\" content=\"295\" \/>\n\t<meta property=\"og:image:height\" content=\"315\" \/>\n\t<meta property=\"og:image:type\" content=\"image\/jpeg\" \/>\n<meta name=\"author\" content=\"webdo.tn\" \/>\n<meta name=\"twitter:card\" content=\"summary_large_image\" \/>\n<meta name=\"twitter:creator\" content=\"@webdo_tn\" \/>\n<meta name=\"twitter:site\" content=\"@webdo_tn\" \/>\n<meta name=\"twitter:label1\" content=\"\u00c9crit par\" \/>\n\t<meta name=\"twitter:data1\" content=\"webdo.tn\" \/>\n\t<meta name=\"twitter:label2\" content=\"Dur\u00e9e de lecture estim\u00e9e\" \/>\n\t<meta name=\"twitter:data2\" content=\"3 minutes\" \/>\n<script type=\"application\/ld+json\" class=\"yoast-schema-graph\">{\"@context\":\"https:\\\/\\\/schema.org\",\"@graph\":[{\"@type\":\"NewsArticle\",\"@id\":\"https:\\\/\\\/www.webdo.tn\\\/fr\\\/actualite\\\/terrorisme\\\/tunisie-lutte-contre-terrorisme-declaration-commune-14-ong\\\/180168\\\/#article\",\"isPartOf\":{\"@id\":\"https:\\\/\\\/www.webdo.tn\\\/fr\\\/actualite\\\/terrorisme\\\/tunisie-lutte-contre-terrorisme-declaration-commune-14-ong\\\/180168\\\/\"},\"author\":{\"name\":\"webdo.tn\",\"@id\":\"https:\\\/\\\/www.webdo.tn\\\/fr\\\/#\\\/schema\\\/person\\\/9a9c6118d687c117df8ef3cc36a4d175\"},\"headline\":\"Lutte contre le terrorisme : D\u00e9claration commune de 14 ONG\",\"datePublished\":\"2014-07-25T10:36:00+00:00\",\"dateModified\":\"2025-05-22T13:08:46+00:00\",\"mainEntityOfPage\":{\"@id\":\"https:\\\/\\\/www.webdo.tn\\\/fr\\\/actualite\\\/terrorisme\\\/tunisie-lutte-contre-terrorisme-declaration-commune-14-ong\\\/180168\\\/\"},\"wordCount\":545,\"commentCount\":0,\"publisher\":{\"@id\":\"https:\\\/\\\/www.webdo.tn\\\/fr\\\/#organization\"},\"image\":{\"@id\":\"https:\\\/\\\/www.webdo.tn\\\/fr\\\/actualite\\\/terrorisme\\\/tunisie-lutte-contre-terrorisme-declaration-commune-14-ong\\\/180168\\\/#primaryimage\"},\"thumbnailUrl\":\"https:\\\/\\\/www.webdo.tn\\\/fr\\\/wp-content\\\/uploads\\\/2014\\\/07\\\/lutte.jpg\",\"articleSection\":[\"Terrorisme\"],\"inLanguage\":\"fr-FR\"},{\"@type\":\"WebPage\",\"@id\":\"https:\\\/\\\/www.webdo.tn\\\/fr\\\/actualite\\\/terrorisme\\\/tunisie-lutte-contre-terrorisme-declaration-commune-14-ong\\\/180168\\\/\",\"url\":\"https:\\\/\\\/www.webdo.tn\\\/fr\\\/actualite\\\/terrorisme\\\/tunisie-lutte-contre-terrorisme-declaration-commune-14-ong\\\/180168\\\/\",\"name\":\"Lutte contre le terrorisme : D\u00e9claration commune de 14 ONG\",\"isPartOf\":{\"@id\":\"https:\\\/\\\/www.webdo.tn\\\/fr\\\/#website\"},\"primaryImageOfPage\":{\"@id\":\"https:\\\/\\\/www.webdo.tn\\\/fr\\\/actualite\\\/terrorisme\\\/tunisie-lutte-contre-terrorisme-declaration-commune-14-ong\\\/180168\\\/#primaryimage\"},\"image\":{\"@id\":\"https:\\\/\\\/www.webdo.tn\\\/fr\\\/actualite\\\/terrorisme\\\/tunisie-lutte-contre-terrorisme-declaration-commune-14-ong\\\/180168\\\/#primaryimage\"},\"thumbnailUrl\":\"https:\\\/\\\/www.webdo.tn\\\/fr\\\/wp-content\\\/uploads\\\/2014\\\/07\\\/lutte.jpg\",\"datePublished\":\"2014-07-25T10:36:00+00:00\",\"dateModified\":\"2025-05-22T13:08:46+00:00\",\"description\":\"Lutte contre le terrorisme : D\u00e9claration commune de 14 ONG\",\"breadcrumb\":{\"@id\":\"https:\\\/\\\/www.webdo.tn\\\/fr\\\/actualite\\\/terrorisme\\\/tunisie-lutte-contre-terrorisme-declaration-commune-14-ong\\\/180168\\\/#breadcrumb\"},\"inLanguage\":\"fr-FR\",\"potentialAction\":[{\"@type\":\"ReadAction\",\"target\":[\"https:\\\/\\\/www.webdo.tn\\\/fr\\\/actualite\\\/terrorisme\\\/tunisie-lutte-contre-terrorisme-declaration-commune-14-ong\\\/180168\\\/\"]}]},{\"@type\":\"ImageObject\",\"inLanguage\":\"fr-FR\",\"@id\":\"https:\\\/\\\/www.webdo.tn\\\/fr\\\/actualite\\\/terrorisme\\\/tunisie-lutte-contre-terrorisme-declaration-commune-14-ong\\\/180168\\\/#primaryimage\",\"url\":\"https:\\\/\\\/www.webdo.tn\\\/fr\\\/wp-content\\\/uploads\\\/2014\\\/07\\\/lutte.jpg\",\"contentUrl\":\"https:\\\/\\\/www.webdo.tn\\\/fr\\\/wp-content\\\/uploads\\\/2014\\\/07\\\/lutte.jpg\",\"width\":295,\"height\":315,\"caption\":\"Lutte contre le terrorisme : D\u00e9claration commune de 14 ONG\"},{\"@type\":\"BreadcrumbList\",\"@id\":\"https:\\\/\\\/www.webdo.tn\\\/fr\\\/actualite\\\/terrorisme\\\/tunisie-lutte-contre-terrorisme-declaration-commune-14-ong\\\/180168\\\/#breadcrumb\",\"itemListElement\":[{\"@type\":\"ListItem\",\"position\":1,\"name\":\"Accueil\",\"item\":\"https:\\\/\\\/www.webdo.tn\\\/fr\\\/\"},{\"@type\":\"ListItem\",\"position\":2,\"name\":\"Lutte contre le terrorisme : D\u00e9claration commune de 14 ONG\"}]},{\"@type\":\"WebSite\",\"@id\":\"https:\\\/\\\/www.webdo.tn\\\/fr\\\/#website\",\"url\":\"https:\\\/\\\/www.webdo.tn\\\/fr\\\/\",\"name\":\"webdo\",\"description\":\"Tunisie - News en Tunisie et \u00e0 l&#039;international sur Webdo.tn\",\"publisher\":{\"@id\":\"https:\\\/\\\/www.webdo.tn\\\/fr\\\/#organization\"},\"potentialAction\":[{\"@type\":\"SearchAction\",\"target\":{\"@type\":\"EntryPoint\",\"urlTemplate\":\"https:\\\/\\\/www.webdo.tn\\\/fr\\\/?s={search_term_string}\"},\"query-input\":{\"@type\":\"PropertyValueSpecification\",\"valueRequired\":true,\"valueName\":\"search_term_string\"}}],\"inLanguage\":\"fr-FR\"},{\"@type\":\"Organization\",\"@id\":\"https:\\\/\\\/www.webdo.tn\\\/fr\\\/#organization\",\"name\":\"Webdo\",\"alternateName\":\"Webdo.tn\",\"url\":\"https:\\\/\\\/www.webdo.tn\\\/fr\\\/\",\"logo\":{\"@type\":\"ImageObject\",\"inLanguage\":\"fr-FR\",\"@id\":\"https:\\\/\\\/www.webdo.tn\\\/fr\\\/#\\\/schema\\\/logo\\\/image\\\/\",\"url\":\"https:\\\/\\\/www.webdo.tn\\\/fr\\\/wp-content\\\/uploads\\\/2025\\\/06\\\/Webdo-Tunisie_168377.jpg\",\"contentUrl\":\"https:\\\/\\\/www.webdo.tn\\\/fr\\\/wp-content\\\/uploads\\\/2025\\\/06\\\/Webdo-Tunisie_168377.jpg\",\"width\":301,\"height\":301,\"caption\":\"Webdo\"},\"image\":{\"@id\":\"https:\\\/\\\/www.webdo.tn\\\/fr\\\/#\\\/schema\\\/logo\\\/image\\\/\"},\"sameAs\":[\"https:\\\/\\\/www.facebook.com\\\/webdotn\",\"https:\\\/\\\/x.com\\\/webdo_tn\"],\"description\":\"Webdo est un m\u00e9dia num\u00e9rique tunisien fond\u00e9 en 2010, sp\u00e9cialis\u00e9 dans l\u2019actualit\u00e9 nationale et internationale, l\u2019\u00e9conomie, la soci\u00e9t\u00e9 et les analyses politiques. Le site s\u2019adresse \u00e0 un large public francophone et couvre l\u2019information tunisienne en temps r\u00e9el.\",\"email\":\"redac@webdo.tn\",\"legalName\":\"YNJ SARL\",\"foundingDate\":\"2010-09-06\",\"numberOfEmployees\":{\"@type\":\"QuantitativeValue\",\"minValue\":\"11\",\"maxValue\":\"50\"}},{\"@type\":\"Person\",\"@id\":\"https:\\\/\\\/www.webdo.tn\\\/fr\\\/#\\\/schema\\\/person\\\/9a9c6118d687c117df8ef3cc36a4d175\",\"name\":\"webdo.tn\",\"image\":{\"@type\":\"ImageObject\",\"inLanguage\":\"fr-FR\",\"@id\":\"https:\\\/\\\/secure.gravatar.com\\\/avatar\\\/7ce1f28c0c3bbac99ff550b85ef8e44a6950c6ee24514fb6a5489e51d06f0298?s=96&d=mm&r=g\",\"url\":\"https:\\\/\\\/secure.gravatar.com\\\/avatar\\\/7ce1f28c0c3bbac99ff550b85ef8e44a6950c6ee24514fb6a5489e51d06f0298?s=96&d=mm&r=g\",\"contentUrl\":\"https:\\\/\\\/secure.gravatar.com\\\/avatar\\\/7ce1f28c0c3bbac99ff550b85ef8e44a6950c6ee24514fb6a5489e51d06f0298?s=96&d=mm&r=g\",\"caption\":\"webdo.tn\"},\"url\":\"https:\\\/\\\/www.webdo.tn\\\/fr\\\/actualite\\\/author\\\/webdotn\\\/\"}]}<\/script>\n<!-- \/ Yoast SEO Premium plugin. -->","yoast_head_json":{"title":"Lutte contre le terrorisme : D\u00e9claration commune de 14 ONG","description":"Lutte contre le terrorisme : D\u00e9claration commune de 14 ONG","canonical":"https:\/\/www.webdo.tn\/fr\/actualite\/terrorisme\/tunisie-lutte-contre-terrorisme-declaration-commune-14-ong\/180168\/","og_locale":"fr_FR","og_type":"article","og_title":"Lutte contre le terrorisme : D\u00e9claration commune de 14 ONG","og_description":"Lutte contre le terrorisme : D\u00e9claration commune de 14 ONG","og_url":"https:\/\/www.webdo.tn\/fr\/actualite\/terrorisme\/tunisie-lutte-contre-terrorisme-declaration-commune-14-ong\/180168\/","og_site_name":"webdo","article_publisher":"https:\/\/www.facebook.com\/webdotn","article_published_time":"2014-07-25T10:36:00+00:00","article_modified_time":"2025-05-22T13:08:46+00:00","og_image":[{"width":295,"height":315,"url":"https:\/\/www.webdo.tn\/fr\/wp-content\/uploads\/2014\/07\/lutte.jpg","type":"image\/jpeg"}],"author":"webdo.tn","twitter_card":"summary_large_image","twitter_creator":"@webdo_tn","twitter_site":"@webdo_tn","twitter_misc":{"\u00c9crit par":"webdo.tn","Dur\u00e9e de lecture estim\u00e9e":"3 minutes"},"schema":{"@context":"https:\/\/schema.org","@graph":[{"@type":"NewsArticle","@id":"https:\/\/www.webdo.tn\/fr\/actualite\/terrorisme\/tunisie-lutte-contre-terrorisme-declaration-commune-14-ong\/180168\/#article","isPartOf":{"@id":"https:\/\/www.webdo.tn\/fr\/actualite\/terrorisme\/tunisie-lutte-contre-terrorisme-declaration-commune-14-ong\/180168\/"},"author":{"name":"webdo.tn","@id":"https:\/\/www.webdo.tn\/fr\/#\/schema\/person\/9a9c6118d687c117df8ef3cc36a4d175"},"headline":"Lutte contre le terrorisme : D\u00e9claration commune de 14 ONG","datePublished":"2014-07-25T10:36:00+00:00","dateModified":"2025-05-22T13:08:46+00:00","mainEntityOfPage":{"@id":"https:\/\/www.webdo.tn\/fr\/actualite\/terrorisme\/tunisie-lutte-contre-terrorisme-declaration-commune-14-ong\/180168\/"},"wordCount":545,"commentCount":0,"publisher":{"@id":"https:\/\/www.webdo.tn\/fr\/#organization"},"image":{"@id":"https:\/\/www.webdo.tn\/fr\/actualite\/terrorisme\/tunisie-lutte-contre-terrorisme-declaration-commune-14-ong\/180168\/#primaryimage"},"thumbnailUrl":"https:\/\/www.webdo.tn\/fr\/wp-content\/uploads\/2014\/07\/lutte.jpg","articleSection":["Terrorisme"],"inLanguage":"fr-FR"},{"@type":"WebPage","@id":"https:\/\/www.webdo.tn\/fr\/actualite\/terrorisme\/tunisie-lutte-contre-terrorisme-declaration-commune-14-ong\/180168\/","url":"https:\/\/www.webdo.tn\/fr\/actualite\/terrorisme\/tunisie-lutte-contre-terrorisme-declaration-commune-14-ong\/180168\/","name":"Lutte contre le terrorisme : D\u00e9claration commune de 14 ONG","isPartOf":{"@id":"https:\/\/www.webdo.tn\/fr\/#website"},"primaryImageOfPage":{"@id":"https:\/\/www.webdo.tn\/fr\/actualite\/terrorisme\/tunisie-lutte-contre-terrorisme-declaration-commune-14-ong\/180168\/#primaryimage"},"image":{"@id":"https:\/\/www.webdo.tn\/fr\/actualite\/terrorisme\/tunisie-lutte-contre-terrorisme-declaration-commune-14-ong\/180168\/#primaryimage"},"thumbnailUrl":"https:\/\/www.webdo.tn\/fr\/wp-content\/uploads\/2014\/07\/lutte.jpg","datePublished":"2014-07-25T10:36:00+00:00","dateModified":"2025-05-22T13:08:46+00:00","description":"Lutte contre le terrorisme : D\u00e9claration commune de 14 ONG","breadcrumb":{"@id":"https:\/\/www.webdo.tn\/fr\/actualite\/terrorisme\/tunisie-lutte-contre-terrorisme-declaration-commune-14-ong\/180168\/#breadcrumb"},"inLanguage":"fr-FR","potentialAction":[{"@type":"ReadAction","target":["https:\/\/www.webdo.tn\/fr\/actualite\/terrorisme\/tunisie-lutte-contre-terrorisme-declaration-commune-14-ong\/180168\/"]}]},{"@type":"ImageObject","inLanguage":"fr-FR","@id":"https:\/\/www.webdo.tn\/fr\/actualite\/terrorisme\/tunisie-lutte-contre-terrorisme-declaration-commune-14-ong\/180168\/#primaryimage","url":"https:\/\/www.webdo.tn\/fr\/wp-content\/uploads\/2014\/07\/lutte.jpg","contentUrl":"https:\/\/www.webdo.tn\/fr\/wp-content\/uploads\/2014\/07\/lutte.jpg","width":295,"height":315,"caption":"Lutte contre le terrorisme : D\u00e9claration commune de 14 ONG"},{"@type":"BreadcrumbList","@id":"https:\/\/www.webdo.tn\/fr\/actualite\/terrorisme\/tunisie-lutte-contre-terrorisme-declaration-commune-14-ong\/180168\/#breadcrumb","itemListElement":[{"@type":"ListItem","position":1,"name":"Accueil","item":"https:\/\/www.webdo.tn\/fr\/"},{"@type":"ListItem","position":2,"name":"Lutte contre le terrorisme : D\u00e9claration commune de 14 ONG"}]},{"@type":"WebSite","@id":"https:\/\/www.webdo.tn\/fr\/#website","url":"https:\/\/www.webdo.tn\/fr\/","name":"webdo","description":"Tunisie - News en Tunisie et \u00e0 l&#039;international sur Webdo.tn","publisher":{"@id":"https:\/\/www.webdo.tn\/fr\/#organization"},"potentialAction":[{"@type":"SearchAction","target":{"@type":"EntryPoint","urlTemplate":"https:\/\/www.webdo.tn\/fr\/?s={search_term_string}"},"query-input":{"@type":"PropertyValueSpecification","valueRequired":true,"valueName":"search_term_string"}}],"inLanguage":"fr-FR"},{"@type":"Organization","@id":"https:\/\/www.webdo.tn\/fr\/#organization","name":"Webdo","alternateName":"Webdo.tn","url":"https:\/\/www.webdo.tn\/fr\/","logo":{"@type":"ImageObject","inLanguage":"fr-FR","@id":"https:\/\/www.webdo.tn\/fr\/#\/schema\/logo\/image\/","url":"https:\/\/www.webdo.tn\/fr\/wp-content\/uploads\/2025\/06\/Webdo-Tunisie_168377.jpg","contentUrl":"https:\/\/www.webdo.tn\/fr\/wp-content\/uploads\/2025\/06\/Webdo-Tunisie_168377.jpg","width":301,"height":301,"caption":"Webdo"},"image":{"@id":"https:\/\/www.webdo.tn\/fr\/#\/schema\/logo\/image\/"},"sameAs":["https:\/\/www.facebook.com\/webdotn","https:\/\/x.com\/webdo_tn"],"description":"Webdo est un m\u00e9dia num\u00e9rique tunisien fond\u00e9 en 2010, sp\u00e9cialis\u00e9 dans l\u2019actualit\u00e9 nationale et internationale, l\u2019\u00e9conomie, la soci\u00e9t\u00e9 et les analyses politiques. Le site s\u2019adresse \u00e0 un large public francophone et couvre l\u2019information tunisienne en temps r\u00e9el.","email":"redac@webdo.tn","legalName":"YNJ SARL","foundingDate":"2010-09-06","numberOfEmployees":{"@type":"QuantitativeValue","minValue":"11","maxValue":"50"}},{"@type":"Person","@id":"https:\/\/www.webdo.tn\/fr\/#\/schema\/person\/9a9c6118d687c117df8ef3cc36a4d175","name":"webdo.tn","image":{"@type":"ImageObject","inLanguage":"fr-FR","@id":"https:\/\/secure.gravatar.com\/avatar\/7ce1f28c0c3bbac99ff550b85ef8e44a6950c6ee24514fb6a5489e51d06f0298?s=96&d=mm&r=g","url":"https:\/\/secure.gravatar.com\/avatar\/7ce1f28c0c3bbac99ff550b85ef8e44a6950c6ee24514fb6a5489e51d06f0298?s=96&d=mm&r=g","contentUrl":"https:\/\/secure.gravatar.com\/avatar\/7ce1f28c0c3bbac99ff550b85ef8e44a6950c6ee24514fb6a5489e51d06f0298?s=96&d=mm&r=g","caption":"webdo.tn"},"url":"https:\/\/www.webdo.tn\/fr\/actualite\/author\/webdotn\/"}]}},"_links":{"self":[{"href":"https:\/\/www.webdo.tn\/fr\/wp-json\/wp\/v2\/posts\/180168","targetHints":{"allow":["GET"]}}],"collection":[{"href":"https:\/\/www.webdo.tn\/fr\/wp-json\/wp\/v2\/posts"}],"about":[{"href":"https:\/\/www.webdo.tn\/fr\/wp-json\/wp\/v2\/types\/post"}],"author":[{"embeddable":true,"href":"https:\/\/www.webdo.tn\/fr\/wp-json\/wp\/v2\/users\/3222"}],"replies":[{"embeddable":true,"href":"https:\/\/www.webdo.tn\/fr\/wp-json\/wp\/v2\/comments?post=180168"}],"version-history":[{"count":0,"href":"https:\/\/www.webdo.tn\/fr\/wp-json\/wp\/v2\/posts\/180168\/revisions"}],"wp:featuredmedia":[{"embeddable":true,"href":"https:\/\/www.webdo.tn\/fr\/wp-json\/wp\/v2\/media\/331787"}],"wp:attachment":[{"href":"https:\/\/www.webdo.tn\/fr\/wp-json\/wp\/v2\/media?parent=180168"}],"wp:term":[{"taxonomy":"category","embeddable":true,"href":"https:\/\/www.webdo.tn\/fr\/wp-json\/wp\/v2\/categories?post=180168"},{"taxonomy":"post_tag","embeddable":true,"href":"https:\/\/www.webdo.tn\/fr\/wp-json\/wp\/v2\/tags?post=180168"}],"curies":[{"name":"wp","href":"https:\/\/api.w.org\/{rel}","templated":true}]}}