{"id":180167,"date":"2014-07-25T14:36:00","date_gmt":"2014-07-25T14:36:00","guid":{"rendered":"https:\/\/www.webdo.tn\/fr\/blog\/ministere-linterieur-arrestation-dun-administrateur-dune-page-facebook-takfiriste\/180167\/"},"modified":"2025-05-22T13:08:48","modified_gmt":"2025-05-22T13:08:48","slug":"ministere-linterieur-arrestation-dun-administrateur-dune-page-facebook-takfiriste","status":"publish","type":"post","link":"https:\/\/www.webdo.tn\/fr\/actualite\/terrorisme\/ministere-linterieur-arrestation-dun-administrateur-dune-page-facebook-takfiriste\/180167\/","title":{"rendered":"Minist\u00e8re de l&rsquo;Int\u00e9rieur &#8211; Arrestation d&rsquo;un administrateur d&rsquo;une page facebook takfiriste"},"content":{"rendered":"<p>Dans un communiqu\u00e9 publi\u00e9 ce vendredi 25 juillet, le minist\u00e8re de l&rsquo;Int\u00e9rieur a annonc\u00e9 l&rsquo;arrestation, dans le gouvernorat de Gafsa, d&rsquo;un des administrateurs d&rsquo;une page facebook takfiriste et la saisie de son mat\u00e9riel informatique.<\/p>\n<p>Cette arrestation vient \u00e0 la suite de la d\u00e9cision de M. Jomaa concernant les r\u00e9seaux sociaux.<\/p>\n<p>D&rsquo;apr\u00e8s le minist\u00e8re, cette personne est un salafiste djihadiste \u00ab\u00a0takfirisite\u00a0\u00bb qui a publi\u00e9 beaucoup de commentaires faisant l&rsquo;apologie du terrorisme et accusant l\u2019\u00c9tat d&rsquo;h\u00e9r\u00e9sie.<\/p>\n<p>Un mandat de d\u00e9p\u00f4t a \u00e9t\u00e9 \u00e9mis contre lui.<\/p>\n","protected":false},"excerpt":{"rendered":"<p>Minist\u00e8re de l&rsquo;Int\u00e9rieur &#8211; Arrestation d&rsquo;un administrateur d&rsquo;une page facebook takfiriste<\/p>\n","protected":false},"author":3222,"featured_media":331792,"comment_status":"open","ping_status":"closed","sticky":false,"template":"","format":"standard","meta":{"footnotes":""},"categories":[11342],"tags":[],"class_list":["post-180167","post","type-post","status-publish","format-standard","has-post-thumbnail","hentry","category-terrorisme"],"yoast_head":"<!-- This site is optimized with the Yoast SEO Premium plugin v27.5 (Yoast SEO v27.5) - https:\/\/yoast.com\/product\/yoast-seo-premium-wordpress\/ -->\n<title>Minist\u00e8re de l&#039;Int\u00e9rieur - Arrestation d&#039;un administrateur d&#039;une page facebook takfiriste<\/title>\n<meta name=\"description\" content=\"Minist\u00e8re de l&#039;Int\u00e9rieur - Arrestation d&#039;un administrateur d&#039;une page facebook takfiriste\" \/>\n<link rel=\"canonical\" href=\"https:\/\/www.webdo.tn\/fr\/actualite\/terrorisme\/ministere-linterieur-arrestation-dun-administrateur-dune-page-facebook-takfiriste\/180167\/\" \/>\n<meta property=\"og:locale\" content=\"fr_FR\" \/>\n<meta property=\"og:type\" content=\"article\" \/>\n<meta property=\"og:title\" content=\"Minist\u00e8re de l&#039;Int\u00e9rieur - Arrestation d&#039;un administrateur d&#039;une page facebook takfiriste\" \/>\n<meta property=\"og:description\" content=\"Minist\u00e8re de l&#039;Int\u00e9rieur - Arrestation d&#039;un administrateur d&#039;une page facebook takfiriste\" \/>\n<meta property=\"og:url\" content=\"https:\/\/www.webdo.tn\/fr\/actualite\/terrorisme\/ministere-linterieur-arrestation-dun-administrateur-dune-page-facebook-takfiriste\/180167\/\" \/>\n<meta property=\"og:site_name\" content=\"webdo\" \/>\n<meta property=\"article:publisher\" content=\"https:\/\/www.facebook.com\/webdotn\" \/>\n<meta property=\"article:published_time\" content=\"2014-07-25T14:36:00+00:00\" \/>\n<meta property=\"article:modified_time\" content=\"2025-05-22T13:08:48+00:00\" \/>\n<meta property=\"og:image\" content=\"https:\/\/www.webdo.tn\/fr\/wp-content\/uploads\/2014\/07\/facebook.jpg\" \/>\n\t<meta property=\"og:image:width\" content=\"250\" \/>\n\t<meta property=\"og:image:height\" content=\"250\" \/>\n\t<meta property=\"og:image:type\" content=\"image\/jpeg\" \/>\n<meta name=\"author\" content=\"webdo.tn\" \/>\n<meta name=\"twitter:card\" content=\"summary_large_image\" \/>\n<meta name=\"twitter:creator\" content=\"@webdo_tn\" \/>\n<meta name=\"twitter:site\" content=\"@webdo_tn\" \/>\n<meta name=\"twitter:label1\" content=\"\u00c9crit par\" \/>\n\t<meta name=\"twitter:data1\" content=\"webdo.tn\" \/>\n<script type=\"application\/ld+json\" class=\"yoast-schema-graph\">{\"@context\":\"https:\\\/\\\/schema.org\",\"@graph\":[{\"@type\":\"NewsArticle\",\"@id\":\"https:\\\/\\\/www.webdo.tn\\\/fr\\\/actualite\\\/terrorisme\\\/ministere-linterieur-arrestation-dun-administrateur-dune-page-facebook-takfiriste\\\/180167\\\/#article\",\"isPartOf\":{\"@id\":\"https:\\\/\\\/www.webdo.tn\\\/fr\\\/actualite\\\/terrorisme\\\/ministere-linterieur-arrestation-dun-administrateur-dune-page-facebook-takfiriste\\\/180167\\\/\"},\"author\":{\"name\":\"webdo.tn\",\"@id\":\"https:\\\/\\\/www.webdo.tn\\\/fr\\\/#\\\/schema\\\/person\\\/9a9c6118d687c117df8ef3cc36a4d175\"},\"headline\":\"Minist\u00e8re de l&rsquo;Int\u00e9rieur &#8211; Arrestation d&rsquo;un administrateur d&rsquo;une page facebook takfiriste\",\"datePublished\":\"2014-07-25T14:36:00+00:00\",\"dateModified\":\"2025-05-22T13:08:48+00:00\",\"mainEntityOfPage\":{\"@id\":\"https:\\\/\\\/www.webdo.tn\\\/fr\\\/actualite\\\/terrorisme\\\/ministere-linterieur-arrestation-dun-administrateur-dune-page-facebook-takfiriste\\\/180167\\\/\"},\"wordCount\":116,\"commentCount\":0,\"publisher\":{\"@id\":\"https:\\\/\\\/www.webdo.tn\\\/fr\\\/#organization\"},\"image\":{\"@id\":\"https:\\\/\\\/www.webdo.tn\\\/fr\\\/actualite\\\/terrorisme\\\/ministere-linterieur-arrestation-dun-administrateur-dune-page-facebook-takfiriste\\\/180167\\\/#primaryimage\"},\"thumbnailUrl\":\"https:\\\/\\\/www.webdo.tn\\\/fr\\\/wp-content\\\/uploads\\\/2014\\\/07\\\/facebook.jpg\",\"articleSection\":[\"Terrorisme\"],\"inLanguage\":\"fr-FR\"},{\"@type\":\"WebPage\",\"@id\":\"https:\\\/\\\/www.webdo.tn\\\/fr\\\/actualite\\\/terrorisme\\\/ministere-linterieur-arrestation-dun-administrateur-dune-page-facebook-takfiriste\\\/180167\\\/\",\"url\":\"https:\\\/\\\/www.webdo.tn\\\/fr\\\/actualite\\\/terrorisme\\\/ministere-linterieur-arrestation-dun-administrateur-dune-page-facebook-takfiriste\\\/180167\\\/\",\"name\":\"Minist\u00e8re de l'Int\u00e9rieur - Arrestation d'un administrateur d'une page facebook takfiriste\",\"isPartOf\":{\"@id\":\"https:\\\/\\\/www.webdo.tn\\\/fr\\\/#website\"},\"primaryImageOfPage\":{\"@id\":\"https:\\\/\\\/www.webdo.tn\\\/fr\\\/actualite\\\/terrorisme\\\/ministere-linterieur-arrestation-dun-administrateur-dune-page-facebook-takfiriste\\\/180167\\\/#primaryimage\"},\"image\":{\"@id\":\"https:\\\/\\\/www.webdo.tn\\\/fr\\\/actualite\\\/terrorisme\\\/ministere-linterieur-arrestation-dun-administrateur-dune-page-facebook-takfiriste\\\/180167\\\/#primaryimage\"},\"thumbnailUrl\":\"https:\\\/\\\/www.webdo.tn\\\/fr\\\/wp-content\\\/uploads\\\/2014\\\/07\\\/facebook.jpg\",\"datePublished\":\"2014-07-25T14:36:00+00:00\",\"dateModified\":\"2025-05-22T13:08:48+00:00\",\"description\":\"Minist\u00e8re de l'Int\u00e9rieur - Arrestation d'un administrateur d'une page facebook takfiriste\",\"breadcrumb\":{\"@id\":\"https:\\\/\\\/www.webdo.tn\\\/fr\\\/actualite\\\/terrorisme\\\/ministere-linterieur-arrestation-dun-administrateur-dune-page-facebook-takfiriste\\\/180167\\\/#breadcrumb\"},\"inLanguage\":\"fr-FR\",\"potentialAction\":[{\"@type\":\"ReadAction\",\"target\":[\"https:\\\/\\\/www.webdo.tn\\\/fr\\\/actualite\\\/terrorisme\\\/ministere-linterieur-arrestation-dun-administrateur-dune-page-facebook-takfiriste\\\/180167\\\/\"]}]},{\"@type\":\"ImageObject\",\"inLanguage\":\"fr-FR\",\"@id\":\"https:\\\/\\\/www.webdo.tn\\\/fr\\\/actualite\\\/terrorisme\\\/ministere-linterieur-arrestation-dun-administrateur-dune-page-facebook-takfiriste\\\/180167\\\/#primaryimage\",\"url\":\"https:\\\/\\\/www.webdo.tn\\\/fr\\\/wp-content\\\/uploads\\\/2014\\\/07\\\/facebook.jpg\",\"contentUrl\":\"https:\\\/\\\/www.webdo.tn\\\/fr\\\/wp-content\\\/uploads\\\/2014\\\/07\\\/facebook.jpg\",\"width\":250,\"height\":250,\"caption\":\"Minist\u00e8re de l'Int\u00e9rieur - Arrestation d'un administrateur d'une page facebook takfiriste\"},{\"@type\":\"BreadcrumbList\",\"@id\":\"https:\\\/\\\/www.webdo.tn\\\/fr\\\/actualite\\\/terrorisme\\\/ministere-linterieur-arrestation-dun-administrateur-dune-page-facebook-takfiriste\\\/180167\\\/#breadcrumb\",\"itemListElement\":[{\"@type\":\"ListItem\",\"position\":1,\"name\":\"Accueil\",\"item\":\"https:\\\/\\\/www.webdo.tn\\\/fr\\\/\"},{\"@type\":\"ListItem\",\"position\":2,\"name\":\"Minist\u00e8re de l&rsquo;Int\u00e9rieur &#8211; Arrestation d&rsquo;un administrateur d&rsquo;une page facebook takfiriste\"}]},{\"@type\":\"WebSite\",\"@id\":\"https:\\\/\\\/www.webdo.tn\\\/fr\\\/#website\",\"url\":\"https:\\\/\\\/www.webdo.tn\\\/fr\\\/\",\"name\":\"webdo\",\"description\":\"Tunisie - News en Tunisie et \u00e0 l&#039;international sur Webdo.tn\",\"publisher\":{\"@id\":\"https:\\\/\\\/www.webdo.tn\\\/fr\\\/#organization\"},\"potentialAction\":[{\"@type\":\"SearchAction\",\"target\":{\"@type\":\"EntryPoint\",\"urlTemplate\":\"https:\\\/\\\/www.webdo.tn\\\/fr\\\/?s={search_term_string}\"},\"query-input\":{\"@type\":\"PropertyValueSpecification\",\"valueRequired\":true,\"valueName\":\"search_term_string\"}}],\"inLanguage\":\"fr-FR\"},{\"@type\":\"Organization\",\"@id\":\"https:\\\/\\\/www.webdo.tn\\\/fr\\\/#organization\",\"name\":\"Webdo\",\"alternateName\":\"Webdo.tn\",\"url\":\"https:\\\/\\\/www.webdo.tn\\\/fr\\\/\",\"logo\":{\"@type\":\"ImageObject\",\"inLanguage\":\"fr-FR\",\"@id\":\"https:\\\/\\\/www.webdo.tn\\\/fr\\\/#\\\/schema\\\/logo\\\/image\\\/\",\"url\":\"https:\\\/\\\/www.webdo.tn\\\/fr\\\/wp-content\\\/uploads\\\/2025\\\/06\\\/Webdo-Tunisie_168377.jpg\",\"contentUrl\":\"https:\\\/\\\/www.webdo.tn\\\/fr\\\/wp-content\\\/uploads\\\/2025\\\/06\\\/Webdo-Tunisie_168377.jpg\",\"width\":301,\"height\":301,\"caption\":\"Webdo\"},\"image\":{\"@id\":\"https:\\\/\\\/www.webdo.tn\\\/fr\\\/#\\\/schema\\\/logo\\\/image\\\/\"},\"sameAs\":[\"https:\\\/\\\/www.facebook.com\\\/webdotn\",\"https:\\\/\\\/x.com\\\/webdo_tn\"],\"description\":\"Webdo est un m\u00e9dia num\u00e9rique tunisien fond\u00e9 en 2010, sp\u00e9cialis\u00e9 dans l\u2019actualit\u00e9 nationale et internationale, l\u2019\u00e9conomie, la soci\u00e9t\u00e9 et les analyses politiques. Le site s\u2019adresse \u00e0 un large public francophone et couvre l\u2019information tunisienne en temps r\u00e9el.\",\"email\":\"redac@webdo.tn\",\"legalName\":\"YNJ SARL\",\"foundingDate\":\"2010-09-06\",\"numberOfEmployees\":{\"@type\":\"QuantitativeValue\",\"minValue\":\"11\",\"maxValue\":\"50\"}},{\"@type\":\"Person\",\"@id\":\"https:\\\/\\\/www.webdo.tn\\\/fr\\\/#\\\/schema\\\/person\\\/9a9c6118d687c117df8ef3cc36a4d175\",\"name\":\"webdo.tn\",\"image\":{\"@type\":\"ImageObject\",\"inLanguage\":\"fr-FR\",\"@id\":\"https:\\\/\\\/secure.gravatar.com\\\/avatar\\\/7ce1f28c0c3bbac99ff550b85ef8e44a6950c6ee24514fb6a5489e51d06f0298?s=96&d=mm&r=g\",\"url\":\"https:\\\/\\\/secure.gravatar.com\\\/avatar\\\/7ce1f28c0c3bbac99ff550b85ef8e44a6950c6ee24514fb6a5489e51d06f0298?s=96&d=mm&r=g\",\"contentUrl\":\"https:\\\/\\\/secure.gravatar.com\\\/avatar\\\/7ce1f28c0c3bbac99ff550b85ef8e44a6950c6ee24514fb6a5489e51d06f0298?s=96&d=mm&r=g\",\"caption\":\"webdo.tn\"},\"url\":\"https:\\\/\\\/www.webdo.tn\\\/fr\\\/actualite\\\/author\\\/webdotn\\\/\"}]}<\/script>\n<!-- \/ Yoast SEO Premium plugin. -->","yoast_head_json":{"title":"Minist\u00e8re de l'Int\u00e9rieur - Arrestation d'un administrateur d'une page facebook takfiriste","description":"Minist\u00e8re de l'Int\u00e9rieur - Arrestation d'un administrateur d'une page facebook takfiriste","canonical":"https:\/\/www.webdo.tn\/fr\/actualite\/terrorisme\/ministere-linterieur-arrestation-dun-administrateur-dune-page-facebook-takfiriste\/180167\/","og_locale":"fr_FR","og_type":"article","og_title":"Minist\u00e8re de l'Int\u00e9rieur - Arrestation d'un administrateur d'une page facebook takfiriste","og_description":"Minist\u00e8re de l'Int\u00e9rieur - Arrestation d'un administrateur d'une page facebook takfiriste","og_url":"https:\/\/www.webdo.tn\/fr\/actualite\/terrorisme\/ministere-linterieur-arrestation-dun-administrateur-dune-page-facebook-takfiriste\/180167\/","og_site_name":"webdo","article_publisher":"https:\/\/www.facebook.com\/webdotn","article_published_time":"2014-07-25T14:36:00+00:00","article_modified_time":"2025-05-22T13:08:48+00:00","og_image":[{"width":250,"height":250,"url":"https:\/\/www.webdo.tn\/fr\/wp-content\/uploads\/2014\/07\/facebook.jpg","type":"image\/jpeg"}],"author":"webdo.tn","twitter_card":"summary_large_image","twitter_creator":"@webdo_tn","twitter_site":"@webdo_tn","twitter_misc":{"\u00c9crit par":"webdo.tn"},"schema":{"@context":"https:\/\/schema.org","@graph":[{"@type":"NewsArticle","@id":"https:\/\/www.webdo.tn\/fr\/actualite\/terrorisme\/ministere-linterieur-arrestation-dun-administrateur-dune-page-facebook-takfiriste\/180167\/#article","isPartOf":{"@id":"https:\/\/www.webdo.tn\/fr\/actualite\/terrorisme\/ministere-linterieur-arrestation-dun-administrateur-dune-page-facebook-takfiriste\/180167\/"},"author":{"name":"webdo.tn","@id":"https:\/\/www.webdo.tn\/fr\/#\/schema\/person\/9a9c6118d687c117df8ef3cc36a4d175"},"headline":"Minist\u00e8re de l&rsquo;Int\u00e9rieur &#8211; Arrestation d&rsquo;un administrateur d&rsquo;une page facebook takfiriste","datePublished":"2014-07-25T14:36:00+00:00","dateModified":"2025-05-22T13:08:48+00:00","mainEntityOfPage":{"@id":"https:\/\/www.webdo.tn\/fr\/actualite\/terrorisme\/ministere-linterieur-arrestation-dun-administrateur-dune-page-facebook-takfiriste\/180167\/"},"wordCount":116,"commentCount":0,"publisher":{"@id":"https:\/\/www.webdo.tn\/fr\/#organization"},"image":{"@id":"https:\/\/www.webdo.tn\/fr\/actualite\/terrorisme\/ministere-linterieur-arrestation-dun-administrateur-dune-page-facebook-takfiriste\/180167\/#primaryimage"},"thumbnailUrl":"https:\/\/www.webdo.tn\/fr\/wp-content\/uploads\/2014\/07\/facebook.jpg","articleSection":["Terrorisme"],"inLanguage":"fr-FR"},{"@type":"WebPage","@id":"https:\/\/www.webdo.tn\/fr\/actualite\/terrorisme\/ministere-linterieur-arrestation-dun-administrateur-dune-page-facebook-takfiriste\/180167\/","url":"https:\/\/www.webdo.tn\/fr\/actualite\/terrorisme\/ministere-linterieur-arrestation-dun-administrateur-dune-page-facebook-takfiriste\/180167\/","name":"Minist\u00e8re de l'Int\u00e9rieur - Arrestation d'un administrateur d'une page facebook takfiriste","isPartOf":{"@id":"https:\/\/www.webdo.tn\/fr\/#website"},"primaryImageOfPage":{"@id":"https:\/\/www.webdo.tn\/fr\/actualite\/terrorisme\/ministere-linterieur-arrestation-dun-administrateur-dune-page-facebook-takfiriste\/180167\/#primaryimage"},"image":{"@id":"https:\/\/www.webdo.tn\/fr\/actualite\/terrorisme\/ministere-linterieur-arrestation-dun-administrateur-dune-page-facebook-takfiriste\/180167\/#primaryimage"},"thumbnailUrl":"https:\/\/www.webdo.tn\/fr\/wp-content\/uploads\/2014\/07\/facebook.jpg","datePublished":"2014-07-25T14:36:00+00:00","dateModified":"2025-05-22T13:08:48+00:00","description":"Minist\u00e8re de l'Int\u00e9rieur - Arrestation d'un administrateur d'une page facebook takfiriste","breadcrumb":{"@id":"https:\/\/www.webdo.tn\/fr\/actualite\/terrorisme\/ministere-linterieur-arrestation-dun-administrateur-dune-page-facebook-takfiriste\/180167\/#breadcrumb"},"inLanguage":"fr-FR","potentialAction":[{"@type":"ReadAction","target":["https:\/\/www.webdo.tn\/fr\/actualite\/terrorisme\/ministere-linterieur-arrestation-dun-administrateur-dune-page-facebook-takfiriste\/180167\/"]}]},{"@type":"ImageObject","inLanguage":"fr-FR","@id":"https:\/\/www.webdo.tn\/fr\/actualite\/terrorisme\/ministere-linterieur-arrestation-dun-administrateur-dune-page-facebook-takfiriste\/180167\/#primaryimage","url":"https:\/\/www.webdo.tn\/fr\/wp-content\/uploads\/2014\/07\/facebook.jpg","contentUrl":"https:\/\/www.webdo.tn\/fr\/wp-content\/uploads\/2014\/07\/facebook.jpg","width":250,"height":250,"caption":"Minist\u00e8re de l'Int\u00e9rieur - Arrestation d'un administrateur d'une page facebook takfiriste"},{"@type":"BreadcrumbList","@id":"https:\/\/www.webdo.tn\/fr\/actualite\/terrorisme\/ministere-linterieur-arrestation-dun-administrateur-dune-page-facebook-takfiriste\/180167\/#breadcrumb","itemListElement":[{"@type":"ListItem","position":1,"name":"Accueil","item":"https:\/\/www.webdo.tn\/fr\/"},{"@type":"ListItem","position":2,"name":"Minist\u00e8re de l&rsquo;Int\u00e9rieur &#8211; Arrestation d&rsquo;un administrateur d&rsquo;une page facebook takfiriste"}]},{"@type":"WebSite","@id":"https:\/\/www.webdo.tn\/fr\/#website","url":"https:\/\/www.webdo.tn\/fr\/","name":"webdo","description":"Tunisie - News en Tunisie et \u00e0 l&#039;international sur Webdo.tn","publisher":{"@id":"https:\/\/www.webdo.tn\/fr\/#organization"},"potentialAction":[{"@type":"SearchAction","target":{"@type":"EntryPoint","urlTemplate":"https:\/\/www.webdo.tn\/fr\/?s={search_term_string}"},"query-input":{"@type":"PropertyValueSpecification","valueRequired":true,"valueName":"search_term_string"}}],"inLanguage":"fr-FR"},{"@type":"Organization","@id":"https:\/\/www.webdo.tn\/fr\/#organization","name":"Webdo","alternateName":"Webdo.tn","url":"https:\/\/www.webdo.tn\/fr\/","logo":{"@type":"ImageObject","inLanguage":"fr-FR","@id":"https:\/\/www.webdo.tn\/fr\/#\/schema\/logo\/image\/","url":"https:\/\/www.webdo.tn\/fr\/wp-content\/uploads\/2025\/06\/Webdo-Tunisie_168377.jpg","contentUrl":"https:\/\/www.webdo.tn\/fr\/wp-content\/uploads\/2025\/06\/Webdo-Tunisie_168377.jpg","width":301,"height":301,"caption":"Webdo"},"image":{"@id":"https:\/\/www.webdo.tn\/fr\/#\/schema\/logo\/image\/"},"sameAs":["https:\/\/www.facebook.com\/webdotn","https:\/\/x.com\/webdo_tn"],"description":"Webdo est un m\u00e9dia num\u00e9rique tunisien fond\u00e9 en 2010, sp\u00e9cialis\u00e9 dans l\u2019actualit\u00e9 nationale et internationale, l\u2019\u00e9conomie, la soci\u00e9t\u00e9 et les analyses politiques. Le site s\u2019adresse \u00e0 un large public francophone et couvre l\u2019information tunisienne en temps r\u00e9el.","email":"redac@webdo.tn","legalName":"YNJ SARL","foundingDate":"2010-09-06","numberOfEmployees":{"@type":"QuantitativeValue","minValue":"11","maxValue":"50"}},{"@type":"Person","@id":"https:\/\/www.webdo.tn\/fr\/#\/schema\/person\/9a9c6118d687c117df8ef3cc36a4d175","name":"webdo.tn","image":{"@type":"ImageObject","inLanguage":"fr-FR","@id":"https:\/\/secure.gravatar.com\/avatar\/7ce1f28c0c3bbac99ff550b85ef8e44a6950c6ee24514fb6a5489e51d06f0298?s=96&d=mm&r=g","url":"https:\/\/secure.gravatar.com\/avatar\/7ce1f28c0c3bbac99ff550b85ef8e44a6950c6ee24514fb6a5489e51d06f0298?s=96&d=mm&r=g","contentUrl":"https:\/\/secure.gravatar.com\/avatar\/7ce1f28c0c3bbac99ff550b85ef8e44a6950c6ee24514fb6a5489e51d06f0298?s=96&d=mm&r=g","caption":"webdo.tn"},"url":"https:\/\/www.webdo.tn\/fr\/actualite\/author\/webdotn\/"}]}},"_links":{"self":[{"href":"https:\/\/www.webdo.tn\/fr\/wp-json\/wp\/v2\/posts\/180167","targetHints":{"allow":["GET"]}}],"collection":[{"href":"https:\/\/www.webdo.tn\/fr\/wp-json\/wp\/v2\/posts"}],"about":[{"href":"https:\/\/www.webdo.tn\/fr\/wp-json\/wp\/v2\/types\/post"}],"author":[{"embeddable":true,"href":"https:\/\/www.webdo.tn\/fr\/wp-json\/wp\/v2\/users\/3222"}],"replies":[{"embeddable":true,"href":"https:\/\/www.webdo.tn\/fr\/wp-json\/wp\/v2\/comments?post=180167"}],"version-history":[{"count":0,"href":"https:\/\/www.webdo.tn\/fr\/wp-json\/wp\/v2\/posts\/180167\/revisions"}],"wp:featuredmedia":[{"embeddable":true,"href":"https:\/\/www.webdo.tn\/fr\/wp-json\/wp\/v2\/media\/331792"}],"wp:attachment":[{"href":"https:\/\/www.webdo.tn\/fr\/wp-json\/wp\/v2\/media?parent=180167"}],"wp:term":[{"taxonomy":"category","embeddable":true,"href":"https:\/\/www.webdo.tn\/fr\/wp-json\/wp\/v2\/categories?post=180167"},{"taxonomy":"post_tag","embeddable":true,"href":"https:\/\/www.webdo.tn\/fr\/wp-json\/wp\/v2\/tags?post=180167"}],"curies":[{"name":"wp","href":"https:\/\/api.w.org\/{rel}","templated":true}]}}