{"id":180163,"date":"2014-07-26T18:12:00","date_gmt":"2014-07-26T18:12:00","guid":{"rendered":"https:\/\/www.webdo.tn\/fr\/blog\/lavocat-lex-porte-parole-dansar-charia-sait-pas-se-trouve-client\/180163\/"},"modified":"2025-05-22T13:08:36","modified_gmt":"2025-05-22T13:08:36","slug":"lavocat-lex-porte-parole-dansar-charia-sait-pas-se-trouve-client","status":"publish","type":"post","link":"https:\/\/www.webdo.tn\/fr\/actualite\/terrorisme\/lavocat-lex-porte-parole-dansar-charia-sait-pas-se-trouve-client\/180163\/","title":{"rendered":"L&rsquo;avocat de l&rsquo;ex porte-parole d&rsquo;Ansar Charia ne sait pas o\u00f9 se trouve son client"},"content":{"rendered":"<p>L&rsquo;ex porte-parole d&rsquo;Ansar Charia, Seif Eddine Rais, a \u00e9t\u00e9 arr\u00eat\u00e9 ce samedi 26 juillet, apr\u00e8s consultation et non autorisation du Procureur de la R\u00e9publique.<\/p>\n<p>Il est impliqu\u00e9, selon le minist\u00e8re de l&rsquo;Int\u00e9rieur, dans des r\u00e9seaux qui aident des combattants \u00e0 voyager (clandestinement) en Syrie et la propagation d&rsquo;informations de nature \u00e0 nuire \u00e0 l\u2019ordre public.<\/p>\n<p>D&rsquo;apr\u00e8s Me Hafedh Ghadhoun, Rais a \u00e9t\u00e9 arr\u00eat\u00e9 \u00e0 3 heures du matin chez lui \u00e0 Kairouan. Il aurait \u00e9t\u00e9 transf\u00e9r\u00e9 de Kairouan vers l&rsquo;Aouina ou Gorjeni. Aucune confirmation sur son lieu de d\u00e9tention n&rsquo;a \u00e9t\u00e9 possible pour son avocat.<\/p>\n<p>\u00abJe ne sais pas o\u00f9 il se trouve actuellement. Il est en garde \u00e0 vue, probablement \u00e0 l&rsquo;Aouina ou \u00e0 Gorjeni\u00bb nous a-t-il d\u00e9clar\u00e9. Me Ahmed Ben Rhouma, son autre avocat, pr\u00e9suppose qu&rsquo;il serait \u00e0 l&rsquo;Aouina, suite \u00e0 la lecture du communiqu\u00e9 du Minist\u00e8re publi\u00e9 vers 17h30.<\/p>\n<p>Les deux avocats ont \u00e9t\u00e9 pr\u00e9venus de l&rsquo;arrestation par le biais du p\u00e8re de Rais et non des autorit\u00e9s.<\/p>\n<p>L&rsquo;arrestation a \u00e9t\u00e9 effectu\u00e9e par les agents de l&rsquo;Unit\u00e9 nationale des enqu\u00eates de crimes de terrorisme des services sp\u00e9ciaux, affili\u00e9e \u00e0 la direction g\u00e9n\u00e9rale de la s\u00e9curit\u00e9 nationale et ce en coordination avec les unit\u00e9s de lutte conte le terrorisme ainsi que le district de la s\u00e9curit\u00e9 nationale de la ville de Kairouan.<\/p>\n<p>Seif Eddine Rais devait se rendre au tribunal cantonal de Kairouan, le 20 ao\u00fbt prochain, suite \u00e0 l&rsquo;accusation d&rsquo;usurpation de tribune dans une mosqu\u00e9e.<\/p>\n","protected":false},"excerpt":{"rendered":"<p>L&rsquo;avocat de l&rsquo;ex porte-parole d&rsquo;Ansar Charia ne sait pas o\u00f9 se trouve son client<\/p>\n","protected":false},"author":3222,"featured_media":331764,"comment_status":"open","ping_status":"closed","sticky":false,"template":"","format":"standard","meta":{"footnotes":""},"categories":[11342],"tags":[],"class_list":["post-180163","post","type-post","status-publish","format-standard","has-post-thumbnail","hentry","category-terrorisme"],"yoast_head":"<!-- This site is optimized with the Yoast SEO Premium plugin v27.5 (Yoast SEO v27.5) - https:\/\/yoast.com\/product\/yoast-seo-premium-wordpress\/ -->\n<title>L&#039;avocat de l&#039;ex porte-parole d&#039;Ansar Charia ne sait pas o\u00f9 se trouve son client<\/title>\n<meta name=\"description\" content=\"L&#039;avocat de l&#039;ex porte-parole d&#039;Ansar Charia ne sait pas o\u00f9 se trouve son client\" \/>\n<link rel=\"canonical\" href=\"https:\/\/www.webdo.tn\/fr\/actualite\/terrorisme\/lavocat-lex-porte-parole-dansar-charia-sait-pas-se-trouve-client\/180163\/\" \/>\n<meta property=\"og:locale\" content=\"fr_FR\" \/>\n<meta property=\"og:type\" content=\"article\" \/>\n<meta property=\"og:title\" content=\"L&#039;avocat de l&#039;ex porte-parole d&#039;Ansar Charia ne sait pas o\u00f9 se trouve son client\" \/>\n<meta property=\"og:description\" content=\"L&#039;avocat de l&#039;ex porte-parole d&#039;Ansar Charia ne sait pas o\u00f9 se trouve son client\" \/>\n<meta property=\"og:url\" content=\"https:\/\/www.webdo.tn\/fr\/actualite\/terrorisme\/lavocat-lex-porte-parole-dansar-charia-sait-pas-se-trouve-client\/180163\/\" \/>\n<meta property=\"og:site_name\" content=\"webdo\" \/>\n<meta property=\"article:publisher\" content=\"https:\/\/www.facebook.com\/webdotn\" \/>\n<meta property=\"article:published_time\" content=\"2014-07-26T18:12:00+00:00\" \/>\n<meta property=\"article:modified_time\" content=\"2025-05-22T13:08:36+00:00\" \/>\n<meta property=\"og:image\" content=\"https:\/\/www.webdo.tn\/fr\/wp-content\/uploads\/2014\/07\/Seifeddine-Rais-1.jpg\" \/>\n\t<meta property=\"og:image:width\" content=\"344\" \/>\n\t<meta property=\"og:image:height\" content=\"257\" \/>\n\t<meta property=\"og:image:type\" content=\"image\/jpeg\" \/>\n<meta name=\"author\" content=\"webdo.tn\" \/>\n<meta name=\"twitter:card\" content=\"summary_large_image\" \/>\n<meta name=\"twitter:creator\" content=\"@webdo_tn\" \/>\n<meta name=\"twitter:site\" content=\"@webdo_tn\" \/>\n<meta name=\"twitter:label1\" content=\"\u00c9crit par\" \/>\n\t<meta name=\"twitter:data1\" content=\"webdo.tn\" \/>\n\t<meta name=\"twitter:label2\" content=\"Dur\u00e9e de lecture estim\u00e9e\" \/>\n\t<meta name=\"twitter:data2\" content=\"1 minute\" \/>\n<script type=\"application\/ld+json\" class=\"yoast-schema-graph\">{\"@context\":\"https:\\\/\\\/schema.org\",\"@graph\":[{\"@type\":\"NewsArticle\",\"@id\":\"https:\\\/\\\/www.webdo.tn\\\/fr\\\/actualite\\\/terrorisme\\\/lavocat-lex-porte-parole-dansar-charia-sait-pas-se-trouve-client\\\/180163\\\/#article\",\"isPartOf\":{\"@id\":\"https:\\\/\\\/www.webdo.tn\\\/fr\\\/actualite\\\/terrorisme\\\/lavocat-lex-porte-parole-dansar-charia-sait-pas-se-trouve-client\\\/180163\\\/\"},\"author\":{\"name\":\"webdo.tn\",\"@id\":\"https:\\\/\\\/www.webdo.tn\\\/fr\\\/#\\\/schema\\\/person\\\/9a9c6118d687c117df8ef3cc36a4d175\"},\"headline\":\"L&rsquo;avocat de l&rsquo;ex porte-parole d&rsquo;Ansar Charia ne sait pas o\u00f9 se trouve son client\",\"datePublished\":\"2014-07-26T18:12:00+00:00\",\"dateModified\":\"2025-05-22T13:08:36+00:00\",\"mainEntityOfPage\":{\"@id\":\"https:\\\/\\\/www.webdo.tn\\\/fr\\\/actualite\\\/terrorisme\\\/lavocat-lex-porte-parole-dansar-charia-sait-pas-se-trouve-client\\\/180163\\\/\"},\"wordCount\":283,\"commentCount\":0,\"publisher\":{\"@id\":\"https:\\\/\\\/www.webdo.tn\\\/fr\\\/#organization\"},\"image\":{\"@id\":\"https:\\\/\\\/www.webdo.tn\\\/fr\\\/actualite\\\/terrorisme\\\/lavocat-lex-porte-parole-dansar-charia-sait-pas-se-trouve-client\\\/180163\\\/#primaryimage\"},\"thumbnailUrl\":\"https:\\\/\\\/www.webdo.tn\\\/fr\\\/wp-content\\\/uploads\\\/2014\\\/07\\\/Seifeddine-Rais-1.jpg\",\"articleSection\":[\"Terrorisme\"],\"inLanguage\":\"fr-FR\"},{\"@type\":\"WebPage\",\"@id\":\"https:\\\/\\\/www.webdo.tn\\\/fr\\\/actualite\\\/terrorisme\\\/lavocat-lex-porte-parole-dansar-charia-sait-pas-se-trouve-client\\\/180163\\\/\",\"url\":\"https:\\\/\\\/www.webdo.tn\\\/fr\\\/actualite\\\/terrorisme\\\/lavocat-lex-porte-parole-dansar-charia-sait-pas-se-trouve-client\\\/180163\\\/\",\"name\":\"L'avocat de l'ex porte-parole d'Ansar Charia ne sait pas o\u00f9 se trouve son client\",\"isPartOf\":{\"@id\":\"https:\\\/\\\/www.webdo.tn\\\/fr\\\/#website\"},\"primaryImageOfPage\":{\"@id\":\"https:\\\/\\\/www.webdo.tn\\\/fr\\\/actualite\\\/terrorisme\\\/lavocat-lex-porte-parole-dansar-charia-sait-pas-se-trouve-client\\\/180163\\\/#primaryimage\"},\"image\":{\"@id\":\"https:\\\/\\\/www.webdo.tn\\\/fr\\\/actualite\\\/terrorisme\\\/lavocat-lex-porte-parole-dansar-charia-sait-pas-se-trouve-client\\\/180163\\\/#primaryimage\"},\"thumbnailUrl\":\"https:\\\/\\\/www.webdo.tn\\\/fr\\\/wp-content\\\/uploads\\\/2014\\\/07\\\/Seifeddine-Rais-1.jpg\",\"datePublished\":\"2014-07-26T18:12:00+00:00\",\"dateModified\":\"2025-05-22T13:08:36+00:00\",\"description\":\"L'avocat de l'ex porte-parole d'Ansar Charia ne sait pas o\u00f9 se trouve son client\",\"breadcrumb\":{\"@id\":\"https:\\\/\\\/www.webdo.tn\\\/fr\\\/actualite\\\/terrorisme\\\/lavocat-lex-porte-parole-dansar-charia-sait-pas-se-trouve-client\\\/180163\\\/#breadcrumb\"},\"inLanguage\":\"fr-FR\",\"potentialAction\":[{\"@type\":\"ReadAction\",\"target\":[\"https:\\\/\\\/www.webdo.tn\\\/fr\\\/actualite\\\/terrorisme\\\/lavocat-lex-porte-parole-dansar-charia-sait-pas-se-trouve-client\\\/180163\\\/\"]}]},{\"@type\":\"ImageObject\",\"inLanguage\":\"fr-FR\",\"@id\":\"https:\\\/\\\/www.webdo.tn\\\/fr\\\/actualite\\\/terrorisme\\\/lavocat-lex-porte-parole-dansar-charia-sait-pas-se-trouve-client\\\/180163\\\/#primaryimage\",\"url\":\"https:\\\/\\\/www.webdo.tn\\\/fr\\\/wp-content\\\/uploads\\\/2014\\\/07\\\/Seifeddine-Rais-1.jpg\",\"contentUrl\":\"https:\\\/\\\/www.webdo.tn\\\/fr\\\/wp-content\\\/uploads\\\/2014\\\/07\\\/Seifeddine-Rais-1.jpg\",\"width\":344,\"height\":257,\"caption\":\"L'avocat de l'ex porte-parole d'Ansar Charia ne sait pas o\u00f9 se trouve son client\"},{\"@type\":\"BreadcrumbList\",\"@id\":\"https:\\\/\\\/www.webdo.tn\\\/fr\\\/actualite\\\/terrorisme\\\/lavocat-lex-porte-parole-dansar-charia-sait-pas-se-trouve-client\\\/180163\\\/#breadcrumb\",\"itemListElement\":[{\"@type\":\"ListItem\",\"position\":1,\"name\":\"Accueil\",\"item\":\"https:\\\/\\\/www.webdo.tn\\\/fr\\\/\"},{\"@type\":\"ListItem\",\"position\":2,\"name\":\"L&rsquo;avocat de l&rsquo;ex porte-parole d&rsquo;Ansar Charia ne sait pas o\u00f9 se trouve son client\"}]},{\"@type\":\"WebSite\",\"@id\":\"https:\\\/\\\/www.webdo.tn\\\/fr\\\/#website\",\"url\":\"https:\\\/\\\/www.webdo.tn\\\/fr\\\/\",\"name\":\"webdo\",\"description\":\"Tunisie - News en Tunisie et \u00e0 l&#039;international sur Webdo.tn\",\"publisher\":{\"@id\":\"https:\\\/\\\/www.webdo.tn\\\/fr\\\/#organization\"},\"potentialAction\":[{\"@type\":\"SearchAction\",\"target\":{\"@type\":\"EntryPoint\",\"urlTemplate\":\"https:\\\/\\\/www.webdo.tn\\\/fr\\\/?s={search_term_string}\"},\"query-input\":{\"@type\":\"PropertyValueSpecification\",\"valueRequired\":true,\"valueName\":\"search_term_string\"}}],\"inLanguage\":\"fr-FR\"},{\"@type\":\"Organization\",\"@id\":\"https:\\\/\\\/www.webdo.tn\\\/fr\\\/#organization\",\"name\":\"Webdo\",\"alternateName\":\"Webdo.tn\",\"url\":\"https:\\\/\\\/www.webdo.tn\\\/fr\\\/\",\"logo\":{\"@type\":\"ImageObject\",\"inLanguage\":\"fr-FR\",\"@id\":\"https:\\\/\\\/www.webdo.tn\\\/fr\\\/#\\\/schema\\\/logo\\\/image\\\/\",\"url\":\"https:\\\/\\\/www.webdo.tn\\\/fr\\\/wp-content\\\/uploads\\\/2025\\\/06\\\/Webdo-Tunisie_168377.jpg\",\"contentUrl\":\"https:\\\/\\\/www.webdo.tn\\\/fr\\\/wp-content\\\/uploads\\\/2025\\\/06\\\/Webdo-Tunisie_168377.jpg\",\"width\":301,\"height\":301,\"caption\":\"Webdo\"},\"image\":{\"@id\":\"https:\\\/\\\/www.webdo.tn\\\/fr\\\/#\\\/schema\\\/logo\\\/image\\\/\"},\"sameAs\":[\"https:\\\/\\\/www.facebook.com\\\/webdotn\",\"https:\\\/\\\/x.com\\\/webdo_tn\"],\"description\":\"Webdo est un m\u00e9dia num\u00e9rique tunisien fond\u00e9 en 2010, sp\u00e9cialis\u00e9 dans l\u2019actualit\u00e9 nationale et internationale, l\u2019\u00e9conomie, la soci\u00e9t\u00e9 et les analyses politiques. Le site s\u2019adresse \u00e0 un large public francophone et couvre l\u2019information tunisienne en temps r\u00e9el.\",\"email\":\"redac@webdo.tn\",\"legalName\":\"YNJ SARL\",\"foundingDate\":\"2010-09-06\",\"numberOfEmployees\":{\"@type\":\"QuantitativeValue\",\"minValue\":\"11\",\"maxValue\":\"50\"}},{\"@type\":\"Person\",\"@id\":\"https:\\\/\\\/www.webdo.tn\\\/fr\\\/#\\\/schema\\\/person\\\/9a9c6118d687c117df8ef3cc36a4d175\",\"name\":\"webdo.tn\",\"image\":{\"@type\":\"ImageObject\",\"inLanguage\":\"fr-FR\",\"@id\":\"https:\\\/\\\/secure.gravatar.com\\\/avatar\\\/7ce1f28c0c3bbac99ff550b85ef8e44a6950c6ee24514fb6a5489e51d06f0298?s=96&d=mm&r=g\",\"url\":\"https:\\\/\\\/secure.gravatar.com\\\/avatar\\\/7ce1f28c0c3bbac99ff550b85ef8e44a6950c6ee24514fb6a5489e51d06f0298?s=96&d=mm&r=g\",\"contentUrl\":\"https:\\\/\\\/secure.gravatar.com\\\/avatar\\\/7ce1f28c0c3bbac99ff550b85ef8e44a6950c6ee24514fb6a5489e51d06f0298?s=96&d=mm&r=g\",\"caption\":\"webdo.tn\"},\"url\":\"https:\\\/\\\/www.webdo.tn\\\/fr\\\/actualite\\\/author\\\/webdotn\\\/\"}]}<\/script>\n<!-- \/ Yoast SEO Premium plugin. -->","yoast_head_json":{"title":"L'avocat de l'ex porte-parole d'Ansar Charia ne sait pas o\u00f9 se trouve son client","description":"L'avocat de l'ex porte-parole d'Ansar Charia ne sait pas o\u00f9 se trouve son client","canonical":"https:\/\/www.webdo.tn\/fr\/actualite\/terrorisme\/lavocat-lex-porte-parole-dansar-charia-sait-pas-se-trouve-client\/180163\/","og_locale":"fr_FR","og_type":"article","og_title":"L'avocat de l'ex porte-parole d'Ansar Charia ne sait pas o\u00f9 se trouve son client","og_description":"L'avocat de l'ex porte-parole d'Ansar Charia ne sait pas o\u00f9 se trouve son client","og_url":"https:\/\/www.webdo.tn\/fr\/actualite\/terrorisme\/lavocat-lex-porte-parole-dansar-charia-sait-pas-se-trouve-client\/180163\/","og_site_name":"webdo","article_publisher":"https:\/\/www.facebook.com\/webdotn","article_published_time":"2014-07-26T18:12:00+00:00","article_modified_time":"2025-05-22T13:08:36+00:00","og_image":[{"width":344,"height":257,"url":"https:\/\/www.webdo.tn\/fr\/wp-content\/uploads\/2014\/07\/Seifeddine-Rais-1.jpg","type":"image\/jpeg"}],"author":"webdo.tn","twitter_card":"summary_large_image","twitter_creator":"@webdo_tn","twitter_site":"@webdo_tn","twitter_misc":{"\u00c9crit par":"webdo.tn","Dur\u00e9e de lecture estim\u00e9e":"1 minute"},"schema":{"@context":"https:\/\/schema.org","@graph":[{"@type":"NewsArticle","@id":"https:\/\/www.webdo.tn\/fr\/actualite\/terrorisme\/lavocat-lex-porte-parole-dansar-charia-sait-pas-se-trouve-client\/180163\/#article","isPartOf":{"@id":"https:\/\/www.webdo.tn\/fr\/actualite\/terrorisme\/lavocat-lex-porte-parole-dansar-charia-sait-pas-se-trouve-client\/180163\/"},"author":{"name":"webdo.tn","@id":"https:\/\/www.webdo.tn\/fr\/#\/schema\/person\/9a9c6118d687c117df8ef3cc36a4d175"},"headline":"L&rsquo;avocat de l&rsquo;ex porte-parole d&rsquo;Ansar Charia ne sait pas o\u00f9 se trouve son client","datePublished":"2014-07-26T18:12:00+00:00","dateModified":"2025-05-22T13:08:36+00:00","mainEntityOfPage":{"@id":"https:\/\/www.webdo.tn\/fr\/actualite\/terrorisme\/lavocat-lex-porte-parole-dansar-charia-sait-pas-se-trouve-client\/180163\/"},"wordCount":283,"commentCount":0,"publisher":{"@id":"https:\/\/www.webdo.tn\/fr\/#organization"},"image":{"@id":"https:\/\/www.webdo.tn\/fr\/actualite\/terrorisme\/lavocat-lex-porte-parole-dansar-charia-sait-pas-se-trouve-client\/180163\/#primaryimage"},"thumbnailUrl":"https:\/\/www.webdo.tn\/fr\/wp-content\/uploads\/2014\/07\/Seifeddine-Rais-1.jpg","articleSection":["Terrorisme"],"inLanguage":"fr-FR"},{"@type":"WebPage","@id":"https:\/\/www.webdo.tn\/fr\/actualite\/terrorisme\/lavocat-lex-porte-parole-dansar-charia-sait-pas-se-trouve-client\/180163\/","url":"https:\/\/www.webdo.tn\/fr\/actualite\/terrorisme\/lavocat-lex-porte-parole-dansar-charia-sait-pas-se-trouve-client\/180163\/","name":"L'avocat de l'ex porte-parole d'Ansar Charia ne sait pas o\u00f9 se trouve son client","isPartOf":{"@id":"https:\/\/www.webdo.tn\/fr\/#website"},"primaryImageOfPage":{"@id":"https:\/\/www.webdo.tn\/fr\/actualite\/terrorisme\/lavocat-lex-porte-parole-dansar-charia-sait-pas-se-trouve-client\/180163\/#primaryimage"},"image":{"@id":"https:\/\/www.webdo.tn\/fr\/actualite\/terrorisme\/lavocat-lex-porte-parole-dansar-charia-sait-pas-se-trouve-client\/180163\/#primaryimage"},"thumbnailUrl":"https:\/\/www.webdo.tn\/fr\/wp-content\/uploads\/2014\/07\/Seifeddine-Rais-1.jpg","datePublished":"2014-07-26T18:12:00+00:00","dateModified":"2025-05-22T13:08:36+00:00","description":"L'avocat de l'ex porte-parole d'Ansar Charia ne sait pas o\u00f9 se trouve son client","breadcrumb":{"@id":"https:\/\/www.webdo.tn\/fr\/actualite\/terrorisme\/lavocat-lex-porte-parole-dansar-charia-sait-pas-se-trouve-client\/180163\/#breadcrumb"},"inLanguage":"fr-FR","potentialAction":[{"@type":"ReadAction","target":["https:\/\/www.webdo.tn\/fr\/actualite\/terrorisme\/lavocat-lex-porte-parole-dansar-charia-sait-pas-se-trouve-client\/180163\/"]}]},{"@type":"ImageObject","inLanguage":"fr-FR","@id":"https:\/\/www.webdo.tn\/fr\/actualite\/terrorisme\/lavocat-lex-porte-parole-dansar-charia-sait-pas-se-trouve-client\/180163\/#primaryimage","url":"https:\/\/www.webdo.tn\/fr\/wp-content\/uploads\/2014\/07\/Seifeddine-Rais-1.jpg","contentUrl":"https:\/\/www.webdo.tn\/fr\/wp-content\/uploads\/2014\/07\/Seifeddine-Rais-1.jpg","width":344,"height":257,"caption":"L'avocat de l'ex porte-parole d'Ansar Charia ne sait pas o\u00f9 se trouve son client"},{"@type":"BreadcrumbList","@id":"https:\/\/www.webdo.tn\/fr\/actualite\/terrorisme\/lavocat-lex-porte-parole-dansar-charia-sait-pas-se-trouve-client\/180163\/#breadcrumb","itemListElement":[{"@type":"ListItem","position":1,"name":"Accueil","item":"https:\/\/www.webdo.tn\/fr\/"},{"@type":"ListItem","position":2,"name":"L&rsquo;avocat de l&rsquo;ex porte-parole d&rsquo;Ansar Charia ne sait pas o\u00f9 se trouve son client"}]},{"@type":"WebSite","@id":"https:\/\/www.webdo.tn\/fr\/#website","url":"https:\/\/www.webdo.tn\/fr\/","name":"webdo","description":"Tunisie - News en Tunisie et \u00e0 l&#039;international sur Webdo.tn","publisher":{"@id":"https:\/\/www.webdo.tn\/fr\/#organization"},"potentialAction":[{"@type":"SearchAction","target":{"@type":"EntryPoint","urlTemplate":"https:\/\/www.webdo.tn\/fr\/?s={search_term_string}"},"query-input":{"@type":"PropertyValueSpecification","valueRequired":true,"valueName":"search_term_string"}}],"inLanguage":"fr-FR"},{"@type":"Organization","@id":"https:\/\/www.webdo.tn\/fr\/#organization","name":"Webdo","alternateName":"Webdo.tn","url":"https:\/\/www.webdo.tn\/fr\/","logo":{"@type":"ImageObject","inLanguage":"fr-FR","@id":"https:\/\/www.webdo.tn\/fr\/#\/schema\/logo\/image\/","url":"https:\/\/www.webdo.tn\/fr\/wp-content\/uploads\/2025\/06\/Webdo-Tunisie_168377.jpg","contentUrl":"https:\/\/www.webdo.tn\/fr\/wp-content\/uploads\/2025\/06\/Webdo-Tunisie_168377.jpg","width":301,"height":301,"caption":"Webdo"},"image":{"@id":"https:\/\/www.webdo.tn\/fr\/#\/schema\/logo\/image\/"},"sameAs":["https:\/\/www.facebook.com\/webdotn","https:\/\/x.com\/webdo_tn"],"description":"Webdo est un m\u00e9dia num\u00e9rique tunisien fond\u00e9 en 2010, sp\u00e9cialis\u00e9 dans l\u2019actualit\u00e9 nationale et internationale, l\u2019\u00e9conomie, la soci\u00e9t\u00e9 et les analyses politiques. Le site s\u2019adresse \u00e0 un large public francophone et couvre l\u2019information tunisienne en temps r\u00e9el.","email":"redac@webdo.tn","legalName":"YNJ SARL","foundingDate":"2010-09-06","numberOfEmployees":{"@type":"QuantitativeValue","minValue":"11","maxValue":"50"}},{"@type":"Person","@id":"https:\/\/www.webdo.tn\/fr\/#\/schema\/person\/9a9c6118d687c117df8ef3cc36a4d175","name":"webdo.tn","image":{"@type":"ImageObject","inLanguage":"fr-FR","@id":"https:\/\/secure.gravatar.com\/avatar\/7ce1f28c0c3bbac99ff550b85ef8e44a6950c6ee24514fb6a5489e51d06f0298?s=96&d=mm&r=g","url":"https:\/\/secure.gravatar.com\/avatar\/7ce1f28c0c3bbac99ff550b85ef8e44a6950c6ee24514fb6a5489e51d06f0298?s=96&d=mm&r=g","contentUrl":"https:\/\/secure.gravatar.com\/avatar\/7ce1f28c0c3bbac99ff550b85ef8e44a6950c6ee24514fb6a5489e51d06f0298?s=96&d=mm&r=g","caption":"webdo.tn"},"url":"https:\/\/www.webdo.tn\/fr\/actualite\/author\/webdotn\/"}]}},"_links":{"self":[{"href":"https:\/\/www.webdo.tn\/fr\/wp-json\/wp\/v2\/posts\/180163","targetHints":{"allow":["GET"]}}],"collection":[{"href":"https:\/\/www.webdo.tn\/fr\/wp-json\/wp\/v2\/posts"}],"about":[{"href":"https:\/\/www.webdo.tn\/fr\/wp-json\/wp\/v2\/types\/post"}],"author":[{"embeddable":true,"href":"https:\/\/www.webdo.tn\/fr\/wp-json\/wp\/v2\/users\/3222"}],"replies":[{"embeddable":true,"href":"https:\/\/www.webdo.tn\/fr\/wp-json\/wp\/v2\/comments?post=180163"}],"version-history":[{"count":0,"href":"https:\/\/www.webdo.tn\/fr\/wp-json\/wp\/v2\/posts\/180163\/revisions"}],"wp:featuredmedia":[{"embeddable":true,"href":"https:\/\/www.webdo.tn\/fr\/wp-json\/wp\/v2\/media\/331764"}],"wp:attachment":[{"href":"https:\/\/www.webdo.tn\/fr\/wp-json\/wp\/v2\/media?parent=180163"}],"wp:term":[{"taxonomy":"category","embeddable":true,"href":"https:\/\/www.webdo.tn\/fr\/wp-json\/wp\/v2\/categories?post=180163"},{"taxonomy":"post_tag","embeddable":true,"href":"https:\/\/www.webdo.tn\/fr\/wp-json\/wp\/v2\/tags?post=180163"}],"curies":[{"name":"wp","href":"https:\/\/api.w.org\/{rel}","templated":true}]}}