{"id":180162,"date":"2014-07-26T19:24:00","date_gmt":"2014-07-26T19:24:00","guid":{"rendered":"https:\/\/www.webdo.tn\/fr\/blog\/rachid-bouhoula-affrontements-poursuite-terroristes-sakiet-sidi-youssef\/180162\/"},"modified":"2025-05-22T13:08:37","modified_gmt":"2025-05-22T13:08:37","slug":"rachid-bouhoula-affrontements-poursuite-terroristes-sakiet-sidi-youssef","status":"publish","type":"post","link":"https:\/\/www.webdo.tn\/fr\/actualite\/terrorisme\/rachid-bouhoula-affrontements-poursuite-terroristes-sakiet-sidi-youssef\/180162\/","title":{"rendered":"Rachid Bouhoula : \u00abAffrontements et poursuite de terroristes \u00e0 Sakiet Sidi Youssef \u00bb"},"content":{"rendered":"<p>\u00abDes affrontements et des poursuites sont en cours \u00e0 Ghar Ettine \u00e0 Sakiet Sidi Youssef entre des miliaires et des terroristes \u00a0\u00bb vient de nous confirmer \u00e0 l&rsquo;instant Rachid Bouhoula, l&rsquo;attach\u00e9 de presse aupr\u00e8s du minist\u00e8re de la D\u00e9fense.<\/p>\n<p>Aucune donn\u00e9e certaine au sujet de bless\u00e9s ou de morts n&rsquo;est disponible pour le moment pr\u00e9cise-t-il.<\/p>\n<p>Deux bless\u00e9s auraient \u00e9t\u00e9 transf\u00e9r\u00e9s aux Urgences de l&rsquo;h\u00f4pital du Kef selon des habitants sur place.<\/p>\n<p>Sakiet Sidi Youssef est une d\u00e9l\u00e9gation rattach\u00e9e au Kef, au nord-ouest de la Tunisie,\u00a0situ\u00e9e \u00e0 quelques kilom\u00e8tres de la fronti\u00e8re tuniso-alg\u00e9rienne o\u00f9 des soldats alg\u00e9riens seraient d\u00e9ploy\u00e9s.\u00a0<\/p>\n<p>Samedi 26 juillet 2014<\/p>\n<p>[Br\u00e8ve]Terroristes \u00e0 Sakiet Sidi Youssef<\/p>\n","protected":false},"excerpt":{"rendered":"<p>Rachid Bouhoula : \u00abAffrontements et poursuite de terroristes \u00e0 Sakiet Sidi Youssef \u00bb <\/p>\n","protected":false},"author":3222,"featured_media":373800,"comment_status":"open","ping_status":"closed","sticky":false,"template":"","format":"standard","meta":{"footnotes":""},"categories":[11342],"tags":[],"class_list":["post-180162","post","type-post","status-publish","format-standard","has-post-thumbnail","hentry","category-terrorisme"],"yoast_head":"<!-- This site is optimized with the Yoast SEO Premium plugin v27.5 (Yoast SEO v27.5) - https:\/\/yoast.com\/product\/yoast-seo-premium-wordpress\/ -->\n<title>Rachid Bouhoula : \u00abAffrontements et poursuite de terroristes \u00e0 Sakiet Sidi Youssef \u00bb<\/title>\n<meta name=\"description\" content=\"Rachid Bouhoula : \u00abAffrontements et poursuite de terroristes \u00e0 Sakiet Sidi Youssef \u00bb\" \/>\n<link rel=\"canonical\" href=\"https:\/\/www.webdo.tn\/fr\/actualite\/terrorisme\/rachid-bouhoula-affrontements-poursuite-terroristes-sakiet-sidi-youssef\/180162\/\" \/>\n<meta property=\"og:locale\" content=\"fr_FR\" \/>\n<meta property=\"og:type\" content=\"article\" \/>\n<meta property=\"og:title\" content=\"Rachid Bouhoula : \u00abAffrontements et poursuite de terroristes \u00e0 Sakiet Sidi Youssef \u00bb\" \/>\n<meta property=\"og:description\" content=\"Rachid Bouhoula : \u00abAffrontements et poursuite de terroristes \u00e0 Sakiet Sidi Youssef \u00bb\" \/>\n<meta property=\"og:url\" content=\"https:\/\/www.webdo.tn\/fr\/actualite\/terrorisme\/rachid-bouhoula-affrontements-poursuite-terroristes-sakiet-sidi-youssef\/180162\/\" \/>\n<meta property=\"og:site_name\" content=\"webdo\" \/>\n<meta property=\"article:publisher\" content=\"https:\/\/www.facebook.com\/webdotn\" \/>\n<meta property=\"article:published_time\" content=\"2014-07-26T19:24:00+00:00\" \/>\n<meta property=\"article:modified_time\" content=\"2025-05-22T13:08:37+00:00\" \/>\n<meta property=\"og:image\" content=\"https:\/\/www.webdo.tn\/fr\/wp-content\/uploads\/2025\/06\/Armee-Chambi_180162.jpg\" \/>\n\t<meta property=\"og:image:width\" content=\"509\" \/>\n\t<meta property=\"og:image:height\" content=\"382\" \/>\n\t<meta property=\"og:image:type\" content=\"image\/jpeg\" \/>\n<meta name=\"author\" content=\"webdo.tn\" \/>\n<meta name=\"twitter:card\" content=\"summary_large_image\" \/>\n<meta name=\"twitter:creator\" content=\"@webdo_tn\" \/>\n<meta name=\"twitter:site\" content=\"@webdo_tn\" \/>\n<meta name=\"twitter:label1\" content=\"\u00c9crit par\" \/>\n\t<meta name=\"twitter:data1\" content=\"webdo.tn\" \/>\n\t<meta name=\"twitter:label2\" content=\"Dur\u00e9e de lecture estim\u00e9e\" \/>\n\t<meta name=\"twitter:data2\" content=\"1 minute\" \/>\n<script type=\"application\/ld+json\" class=\"yoast-schema-graph\">{\"@context\":\"https:\\\/\\\/schema.org\",\"@graph\":[{\"@type\":\"NewsArticle\",\"@id\":\"https:\\\/\\\/www.webdo.tn\\\/fr\\\/actualite\\\/terrorisme\\\/rachid-bouhoula-affrontements-poursuite-terroristes-sakiet-sidi-youssef\\\/180162\\\/#article\",\"isPartOf\":{\"@id\":\"https:\\\/\\\/www.webdo.tn\\\/fr\\\/actualite\\\/terrorisme\\\/rachid-bouhoula-affrontements-poursuite-terroristes-sakiet-sidi-youssef\\\/180162\\\/\"},\"author\":{\"name\":\"webdo.tn\",\"@id\":\"https:\\\/\\\/www.webdo.tn\\\/fr\\\/#\\\/schema\\\/person\\\/9a9c6118d687c117df8ef3cc36a4d175\"},\"headline\":\"Rachid Bouhoula : \u00abAffrontements et poursuite de terroristes \u00e0 Sakiet Sidi Youssef \u00bb\",\"datePublished\":\"2014-07-26T19:24:00+00:00\",\"dateModified\":\"2025-05-22T13:08:37+00:00\",\"mainEntityOfPage\":{\"@id\":\"https:\\\/\\\/www.webdo.tn\\\/fr\\\/actualite\\\/terrorisme\\\/rachid-bouhoula-affrontements-poursuite-terroristes-sakiet-sidi-youssef\\\/180162\\\/\"},\"wordCount\":136,\"commentCount\":0,\"publisher\":{\"@id\":\"https:\\\/\\\/www.webdo.tn\\\/fr\\\/#organization\"},\"image\":{\"@id\":\"https:\\\/\\\/www.webdo.tn\\\/fr\\\/actualite\\\/terrorisme\\\/rachid-bouhoula-affrontements-poursuite-terroristes-sakiet-sidi-youssef\\\/180162\\\/#primaryimage\"},\"thumbnailUrl\":\"https:\\\/\\\/www.webdo.tn\\\/fr\\\/wp-content\\\/uploads\\\/2025\\\/06\\\/Armee-Chambi_180162.jpg\",\"articleSection\":[\"Terrorisme\"],\"inLanguage\":\"fr-FR\"},{\"@type\":\"WebPage\",\"@id\":\"https:\\\/\\\/www.webdo.tn\\\/fr\\\/actualite\\\/terrorisme\\\/rachid-bouhoula-affrontements-poursuite-terroristes-sakiet-sidi-youssef\\\/180162\\\/\",\"url\":\"https:\\\/\\\/www.webdo.tn\\\/fr\\\/actualite\\\/terrorisme\\\/rachid-bouhoula-affrontements-poursuite-terroristes-sakiet-sidi-youssef\\\/180162\\\/\",\"name\":\"Rachid Bouhoula : \u00abAffrontements et poursuite de terroristes \u00e0 Sakiet Sidi Youssef \u00bb\",\"isPartOf\":{\"@id\":\"https:\\\/\\\/www.webdo.tn\\\/fr\\\/#website\"},\"primaryImageOfPage\":{\"@id\":\"https:\\\/\\\/www.webdo.tn\\\/fr\\\/actualite\\\/terrorisme\\\/rachid-bouhoula-affrontements-poursuite-terroristes-sakiet-sidi-youssef\\\/180162\\\/#primaryimage\"},\"image\":{\"@id\":\"https:\\\/\\\/www.webdo.tn\\\/fr\\\/actualite\\\/terrorisme\\\/rachid-bouhoula-affrontements-poursuite-terroristes-sakiet-sidi-youssef\\\/180162\\\/#primaryimage\"},\"thumbnailUrl\":\"https:\\\/\\\/www.webdo.tn\\\/fr\\\/wp-content\\\/uploads\\\/2025\\\/06\\\/Armee-Chambi_180162.jpg\",\"datePublished\":\"2014-07-26T19:24:00+00:00\",\"dateModified\":\"2025-05-22T13:08:37+00:00\",\"description\":\"Rachid Bouhoula : \u00abAffrontements et poursuite de terroristes \u00e0 Sakiet Sidi Youssef \u00bb\",\"breadcrumb\":{\"@id\":\"https:\\\/\\\/www.webdo.tn\\\/fr\\\/actualite\\\/terrorisme\\\/rachid-bouhoula-affrontements-poursuite-terroristes-sakiet-sidi-youssef\\\/180162\\\/#breadcrumb\"},\"inLanguage\":\"fr-FR\",\"potentialAction\":[{\"@type\":\"ReadAction\",\"target\":[\"https:\\\/\\\/www.webdo.tn\\\/fr\\\/actualite\\\/terrorisme\\\/rachid-bouhoula-affrontements-poursuite-terroristes-sakiet-sidi-youssef\\\/180162\\\/\"]}]},{\"@type\":\"ImageObject\",\"inLanguage\":\"fr-FR\",\"@id\":\"https:\\\/\\\/www.webdo.tn\\\/fr\\\/actualite\\\/terrorisme\\\/rachid-bouhoula-affrontements-poursuite-terroristes-sakiet-sidi-youssef\\\/180162\\\/#primaryimage\",\"url\":\"https:\\\/\\\/www.webdo.tn\\\/fr\\\/wp-content\\\/uploads\\\/2025\\\/06\\\/Armee-Chambi_180162.jpg\",\"contentUrl\":\"https:\\\/\\\/www.webdo.tn\\\/fr\\\/wp-content\\\/uploads\\\/2025\\\/06\\\/Armee-Chambi_180162.jpg\",\"width\":509,\"height\":382,\"caption\":\"Rachid Bouhoula : \u00abAffrontements et poursuite de terroristes \u00e0 Sakiet Sidi Youssef \u00bb\"},{\"@type\":\"BreadcrumbList\",\"@id\":\"https:\\\/\\\/www.webdo.tn\\\/fr\\\/actualite\\\/terrorisme\\\/rachid-bouhoula-affrontements-poursuite-terroristes-sakiet-sidi-youssef\\\/180162\\\/#breadcrumb\",\"itemListElement\":[{\"@type\":\"ListItem\",\"position\":1,\"name\":\"Accueil\",\"item\":\"https:\\\/\\\/www.webdo.tn\\\/fr\\\/\"},{\"@type\":\"ListItem\",\"position\":2,\"name\":\"Rachid Bouhoula : \u00abAffrontements et poursuite de terroristes \u00e0 Sakiet Sidi Youssef \u00bb\"}]},{\"@type\":\"WebSite\",\"@id\":\"https:\\\/\\\/www.webdo.tn\\\/fr\\\/#website\",\"url\":\"https:\\\/\\\/www.webdo.tn\\\/fr\\\/\",\"name\":\"webdo\",\"description\":\"Tunisie - News en Tunisie et \u00e0 l&#039;international sur Webdo.tn\",\"publisher\":{\"@id\":\"https:\\\/\\\/www.webdo.tn\\\/fr\\\/#organization\"},\"potentialAction\":[{\"@type\":\"SearchAction\",\"target\":{\"@type\":\"EntryPoint\",\"urlTemplate\":\"https:\\\/\\\/www.webdo.tn\\\/fr\\\/?s={search_term_string}\"},\"query-input\":{\"@type\":\"PropertyValueSpecification\",\"valueRequired\":true,\"valueName\":\"search_term_string\"}}],\"inLanguage\":\"fr-FR\"},{\"@type\":\"Organization\",\"@id\":\"https:\\\/\\\/www.webdo.tn\\\/fr\\\/#organization\",\"name\":\"Webdo\",\"alternateName\":\"Webdo.tn\",\"url\":\"https:\\\/\\\/www.webdo.tn\\\/fr\\\/\",\"logo\":{\"@type\":\"ImageObject\",\"inLanguage\":\"fr-FR\",\"@id\":\"https:\\\/\\\/www.webdo.tn\\\/fr\\\/#\\\/schema\\\/logo\\\/image\\\/\",\"url\":\"https:\\\/\\\/www.webdo.tn\\\/fr\\\/wp-content\\\/uploads\\\/2025\\\/06\\\/Webdo-Tunisie_168377.jpg\",\"contentUrl\":\"https:\\\/\\\/www.webdo.tn\\\/fr\\\/wp-content\\\/uploads\\\/2025\\\/06\\\/Webdo-Tunisie_168377.jpg\",\"width\":301,\"height\":301,\"caption\":\"Webdo\"},\"image\":{\"@id\":\"https:\\\/\\\/www.webdo.tn\\\/fr\\\/#\\\/schema\\\/logo\\\/image\\\/\"},\"sameAs\":[\"https:\\\/\\\/www.facebook.com\\\/webdotn\",\"https:\\\/\\\/x.com\\\/webdo_tn\"],\"description\":\"Webdo est un m\u00e9dia num\u00e9rique tunisien fond\u00e9 en 2010, sp\u00e9cialis\u00e9 dans l\u2019actualit\u00e9 nationale et internationale, l\u2019\u00e9conomie, la soci\u00e9t\u00e9 et les analyses politiques. Le site s\u2019adresse \u00e0 un large public francophone et couvre l\u2019information tunisienne en temps r\u00e9el.\",\"email\":\"redac@webdo.tn\",\"legalName\":\"YNJ SARL\",\"foundingDate\":\"2010-09-06\",\"numberOfEmployees\":{\"@type\":\"QuantitativeValue\",\"minValue\":\"11\",\"maxValue\":\"50\"}},{\"@type\":\"Person\",\"@id\":\"https:\\\/\\\/www.webdo.tn\\\/fr\\\/#\\\/schema\\\/person\\\/9a9c6118d687c117df8ef3cc36a4d175\",\"name\":\"webdo.tn\",\"image\":{\"@type\":\"ImageObject\",\"inLanguage\":\"fr-FR\",\"@id\":\"https:\\\/\\\/secure.gravatar.com\\\/avatar\\\/7ce1f28c0c3bbac99ff550b85ef8e44a6950c6ee24514fb6a5489e51d06f0298?s=96&d=mm&r=g\",\"url\":\"https:\\\/\\\/secure.gravatar.com\\\/avatar\\\/7ce1f28c0c3bbac99ff550b85ef8e44a6950c6ee24514fb6a5489e51d06f0298?s=96&d=mm&r=g\",\"contentUrl\":\"https:\\\/\\\/secure.gravatar.com\\\/avatar\\\/7ce1f28c0c3bbac99ff550b85ef8e44a6950c6ee24514fb6a5489e51d06f0298?s=96&d=mm&r=g\",\"caption\":\"webdo.tn\"},\"url\":\"https:\\\/\\\/www.webdo.tn\\\/fr\\\/actualite\\\/author\\\/webdotn\\\/\"}]}<\/script>\n<!-- \/ Yoast SEO Premium plugin. -->","yoast_head_json":{"title":"Rachid Bouhoula : \u00abAffrontements et poursuite de terroristes \u00e0 Sakiet Sidi Youssef \u00bb","description":"Rachid Bouhoula : \u00abAffrontements et poursuite de terroristes \u00e0 Sakiet Sidi Youssef \u00bb","canonical":"https:\/\/www.webdo.tn\/fr\/actualite\/terrorisme\/rachid-bouhoula-affrontements-poursuite-terroristes-sakiet-sidi-youssef\/180162\/","og_locale":"fr_FR","og_type":"article","og_title":"Rachid Bouhoula : \u00abAffrontements et poursuite de terroristes \u00e0 Sakiet Sidi Youssef \u00bb","og_description":"Rachid Bouhoula : \u00abAffrontements et poursuite de terroristes \u00e0 Sakiet Sidi Youssef \u00bb","og_url":"https:\/\/www.webdo.tn\/fr\/actualite\/terrorisme\/rachid-bouhoula-affrontements-poursuite-terroristes-sakiet-sidi-youssef\/180162\/","og_site_name":"webdo","article_publisher":"https:\/\/www.facebook.com\/webdotn","article_published_time":"2014-07-26T19:24:00+00:00","article_modified_time":"2025-05-22T13:08:37+00:00","og_image":[{"width":509,"height":382,"url":"https:\/\/www.webdo.tn\/fr\/wp-content\/uploads\/2025\/06\/Armee-Chambi_180162.jpg","type":"image\/jpeg"}],"author":"webdo.tn","twitter_card":"summary_large_image","twitter_creator":"@webdo_tn","twitter_site":"@webdo_tn","twitter_misc":{"\u00c9crit par":"webdo.tn","Dur\u00e9e de lecture estim\u00e9e":"1 minute"},"schema":{"@context":"https:\/\/schema.org","@graph":[{"@type":"NewsArticle","@id":"https:\/\/www.webdo.tn\/fr\/actualite\/terrorisme\/rachid-bouhoula-affrontements-poursuite-terroristes-sakiet-sidi-youssef\/180162\/#article","isPartOf":{"@id":"https:\/\/www.webdo.tn\/fr\/actualite\/terrorisme\/rachid-bouhoula-affrontements-poursuite-terroristes-sakiet-sidi-youssef\/180162\/"},"author":{"name":"webdo.tn","@id":"https:\/\/www.webdo.tn\/fr\/#\/schema\/person\/9a9c6118d687c117df8ef3cc36a4d175"},"headline":"Rachid Bouhoula : \u00abAffrontements et poursuite de terroristes \u00e0 Sakiet Sidi Youssef \u00bb","datePublished":"2014-07-26T19:24:00+00:00","dateModified":"2025-05-22T13:08:37+00:00","mainEntityOfPage":{"@id":"https:\/\/www.webdo.tn\/fr\/actualite\/terrorisme\/rachid-bouhoula-affrontements-poursuite-terroristes-sakiet-sidi-youssef\/180162\/"},"wordCount":136,"commentCount":0,"publisher":{"@id":"https:\/\/www.webdo.tn\/fr\/#organization"},"image":{"@id":"https:\/\/www.webdo.tn\/fr\/actualite\/terrorisme\/rachid-bouhoula-affrontements-poursuite-terroristes-sakiet-sidi-youssef\/180162\/#primaryimage"},"thumbnailUrl":"https:\/\/www.webdo.tn\/fr\/wp-content\/uploads\/2025\/06\/Armee-Chambi_180162.jpg","articleSection":["Terrorisme"],"inLanguage":"fr-FR"},{"@type":"WebPage","@id":"https:\/\/www.webdo.tn\/fr\/actualite\/terrorisme\/rachid-bouhoula-affrontements-poursuite-terroristes-sakiet-sidi-youssef\/180162\/","url":"https:\/\/www.webdo.tn\/fr\/actualite\/terrorisme\/rachid-bouhoula-affrontements-poursuite-terroristes-sakiet-sidi-youssef\/180162\/","name":"Rachid Bouhoula : \u00abAffrontements et poursuite de terroristes \u00e0 Sakiet Sidi Youssef \u00bb","isPartOf":{"@id":"https:\/\/www.webdo.tn\/fr\/#website"},"primaryImageOfPage":{"@id":"https:\/\/www.webdo.tn\/fr\/actualite\/terrorisme\/rachid-bouhoula-affrontements-poursuite-terroristes-sakiet-sidi-youssef\/180162\/#primaryimage"},"image":{"@id":"https:\/\/www.webdo.tn\/fr\/actualite\/terrorisme\/rachid-bouhoula-affrontements-poursuite-terroristes-sakiet-sidi-youssef\/180162\/#primaryimage"},"thumbnailUrl":"https:\/\/www.webdo.tn\/fr\/wp-content\/uploads\/2025\/06\/Armee-Chambi_180162.jpg","datePublished":"2014-07-26T19:24:00+00:00","dateModified":"2025-05-22T13:08:37+00:00","description":"Rachid Bouhoula : \u00abAffrontements et poursuite de terroristes \u00e0 Sakiet Sidi Youssef \u00bb","breadcrumb":{"@id":"https:\/\/www.webdo.tn\/fr\/actualite\/terrorisme\/rachid-bouhoula-affrontements-poursuite-terroristes-sakiet-sidi-youssef\/180162\/#breadcrumb"},"inLanguage":"fr-FR","potentialAction":[{"@type":"ReadAction","target":["https:\/\/www.webdo.tn\/fr\/actualite\/terrorisme\/rachid-bouhoula-affrontements-poursuite-terroristes-sakiet-sidi-youssef\/180162\/"]}]},{"@type":"ImageObject","inLanguage":"fr-FR","@id":"https:\/\/www.webdo.tn\/fr\/actualite\/terrorisme\/rachid-bouhoula-affrontements-poursuite-terroristes-sakiet-sidi-youssef\/180162\/#primaryimage","url":"https:\/\/www.webdo.tn\/fr\/wp-content\/uploads\/2025\/06\/Armee-Chambi_180162.jpg","contentUrl":"https:\/\/www.webdo.tn\/fr\/wp-content\/uploads\/2025\/06\/Armee-Chambi_180162.jpg","width":509,"height":382,"caption":"Rachid Bouhoula : \u00abAffrontements et poursuite de terroristes \u00e0 Sakiet Sidi Youssef \u00bb"},{"@type":"BreadcrumbList","@id":"https:\/\/www.webdo.tn\/fr\/actualite\/terrorisme\/rachid-bouhoula-affrontements-poursuite-terroristes-sakiet-sidi-youssef\/180162\/#breadcrumb","itemListElement":[{"@type":"ListItem","position":1,"name":"Accueil","item":"https:\/\/www.webdo.tn\/fr\/"},{"@type":"ListItem","position":2,"name":"Rachid Bouhoula : \u00abAffrontements et poursuite de terroristes \u00e0 Sakiet Sidi Youssef \u00bb"}]},{"@type":"WebSite","@id":"https:\/\/www.webdo.tn\/fr\/#website","url":"https:\/\/www.webdo.tn\/fr\/","name":"webdo","description":"Tunisie - News en Tunisie et \u00e0 l&#039;international sur Webdo.tn","publisher":{"@id":"https:\/\/www.webdo.tn\/fr\/#organization"},"potentialAction":[{"@type":"SearchAction","target":{"@type":"EntryPoint","urlTemplate":"https:\/\/www.webdo.tn\/fr\/?s={search_term_string}"},"query-input":{"@type":"PropertyValueSpecification","valueRequired":true,"valueName":"search_term_string"}}],"inLanguage":"fr-FR"},{"@type":"Organization","@id":"https:\/\/www.webdo.tn\/fr\/#organization","name":"Webdo","alternateName":"Webdo.tn","url":"https:\/\/www.webdo.tn\/fr\/","logo":{"@type":"ImageObject","inLanguage":"fr-FR","@id":"https:\/\/www.webdo.tn\/fr\/#\/schema\/logo\/image\/","url":"https:\/\/www.webdo.tn\/fr\/wp-content\/uploads\/2025\/06\/Webdo-Tunisie_168377.jpg","contentUrl":"https:\/\/www.webdo.tn\/fr\/wp-content\/uploads\/2025\/06\/Webdo-Tunisie_168377.jpg","width":301,"height":301,"caption":"Webdo"},"image":{"@id":"https:\/\/www.webdo.tn\/fr\/#\/schema\/logo\/image\/"},"sameAs":["https:\/\/www.facebook.com\/webdotn","https:\/\/x.com\/webdo_tn"],"description":"Webdo est un m\u00e9dia num\u00e9rique tunisien fond\u00e9 en 2010, sp\u00e9cialis\u00e9 dans l\u2019actualit\u00e9 nationale et internationale, l\u2019\u00e9conomie, la soci\u00e9t\u00e9 et les analyses politiques. Le site s\u2019adresse \u00e0 un large public francophone et couvre l\u2019information tunisienne en temps r\u00e9el.","email":"redac@webdo.tn","legalName":"YNJ SARL","foundingDate":"2010-09-06","numberOfEmployees":{"@type":"QuantitativeValue","minValue":"11","maxValue":"50"}},{"@type":"Person","@id":"https:\/\/www.webdo.tn\/fr\/#\/schema\/person\/9a9c6118d687c117df8ef3cc36a4d175","name":"webdo.tn","image":{"@type":"ImageObject","inLanguage":"fr-FR","@id":"https:\/\/secure.gravatar.com\/avatar\/7ce1f28c0c3bbac99ff550b85ef8e44a6950c6ee24514fb6a5489e51d06f0298?s=96&d=mm&r=g","url":"https:\/\/secure.gravatar.com\/avatar\/7ce1f28c0c3bbac99ff550b85ef8e44a6950c6ee24514fb6a5489e51d06f0298?s=96&d=mm&r=g","contentUrl":"https:\/\/secure.gravatar.com\/avatar\/7ce1f28c0c3bbac99ff550b85ef8e44a6950c6ee24514fb6a5489e51d06f0298?s=96&d=mm&r=g","caption":"webdo.tn"},"url":"https:\/\/www.webdo.tn\/fr\/actualite\/author\/webdotn\/"}]}},"_links":{"self":[{"href":"https:\/\/www.webdo.tn\/fr\/wp-json\/wp\/v2\/posts\/180162","targetHints":{"allow":["GET"]}}],"collection":[{"href":"https:\/\/www.webdo.tn\/fr\/wp-json\/wp\/v2\/posts"}],"about":[{"href":"https:\/\/www.webdo.tn\/fr\/wp-json\/wp\/v2\/types\/post"}],"author":[{"embeddable":true,"href":"https:\/\/www.webdo.tn\/fr\/wp-json\/wp\/v2\/users\/3222"}],"replies":[{"embeddable":true,"href":"https:\/\/www.webdo.tn\/fr\/wp-json\/wp\/v2\/comments?post=180162"}],"version-history":[{"count":0,"href":"https:\/\/www.webdo.tn\/fr\/wp-json\/wp\/v2\/posts\/180162\/revisions"}],"wp:featuredmedia":[{"embeddable":true,"href":"https:\/\/www.webdo.tn\/fr\/wp-json\/wp\/v2\/media\/373800"}],"wp:attachment":[{"href":"https:\/\/www.webdo.tn\/fr\/wp-json\/wp\/v2\/media?parent=180162"}],"wp:term":[{"taxonomy":"category","embeddable":true,"href":"https:\/\/www.webdo.tn\/fr\/wp-json\/wp\/v2\/categories?post=180162"},{"taxonomy":"post_tag","embeddable":true,"href":"https:\/\/www.webdo.tn\/fr\/wp-json\/wp\/v2\/tags?post=180162"}],"curies":[{"name":"wp","href":"https:\/\/api.w.org\/{rel}","templated":true}]}}