{"id":180159,"date":"2014-07-27T16:24:00","date_gmt":"2014-07-27T16:24:00","guid":{"rendered":"https:\/\/www.webdo.tn\/fr\/blog\/attaque-terroriste-au-kef-letat-sante-4-militaires-stabilise\/184546\/"},"modified":"2025-06-04T18:19:41","modified_gmt":"2025-06-04T18:19:41","slug":"attaque-terroriste-au-kef-letat-sante-4-militaires-stabilise-3","status":"publish","type":"post","link":"https:\/\/www.webdo.tn\/fr\/actualite\/terrorisme\/attaque-terroriste-au-kef-letat-sante-4-militaires-stabilise-3\/180159\/","title":{"rendered":"Attaque terroriste au Kef : L&rsquo;\u00e9tat de sant\u00e9 des 4 militaires est stabilis\u00e9"},"content":{"rendered":"<p>Contrairement aux rumeurs, le porte-parole du minist\u00e8re de la D\u00e9fense Lamjed Hammami a affirm\u00e9, ce dimanche 27 juillet, que le nombre de terroristes qui ont attaqu\u00e9 les militaires hier \u00e0 Sakiet Sidi Youssef n&rsquo;est pas 40.<\/p>\n<p>Ce nombre serait m\u00eame \u00a0\u00bbimprobable\u00a0\u00bb selon ses d\u00e9clarations \u00e0 la TAP. Quant aux quatre militaires bless\u00e9s, leur \u00e9tat de sant\u00e9 est actuellement stabilis\u00e9.<\/p>\n<p>Deux militaires ont \u00e9t\u00e9 tu\u00e9s par contre dans les affrontements avec les\u00a0terroristes \u00e0 Ghar Ettine, dans la d\u00e9l\u00e9gation de Sakiet Sidi Youssef.<\/p>\n","protected":false},"excerpt":{"rendered":"<p>Attaque terroriste au Kef : L&rsquo;\u00e9tat de sant\u00e9 des 4 militaires est stabilis\u00e9<\/p>\n","protected":false},"author":3222,"featured_media":374987,"comment_status":"open","ping_status":"closed","sticky":false,"template":"","format":"standard","meta":{"footnotes":""},"categories":[11342],"tags":[],"class_list":["post-180159","post","type-post","status-publish","format-standard","has-post-thumbnail","hentry","category-terrorisme"],"yoast_head":"<!-- This site is optimized with the Yoast SEO Premium plugin v27.5 (Yoast SEO v27.5) - https:\/\/yoast.com\/product\/yoast-seo-premium-wordpress\/ -->\n<title>Attaque terroriste au Kef : L&#039;\u00e9tat de sant\u00e9 des 4 militaires est stabilis\u00e9<\/title>\n<meta name=\"description\" content=\"Attaque terroriste au Kef : L&#039;\u00e9tat de sant\u00e9 des 4 militaires est stabilis\u00e9\" \/>\n<link rel=\"canonical\" href=\"https:\/\/www.webdo.tn\/fr\/actualite\/terrorisme\/attaque-terroriste-au-kef-letat-sante-4-militaires-stabilise-3\/180159\/\" \/>\n<meta property=\"og:locale\" content=\"fr_FR\" \/>\n<meta property=\"og:type\" content=\"article\" \/>\n<meta property=\"og:title\" content=\"Attaque terroriste au Kef : L&#039;\u00e9tat de sant\u00e9 des 4 militaires est stabilis\u00e9\" \/>\n<meta property=\"og:description\" content=\"Attaque terroriste au Kef : L&#039;\u00e9tat de sant\u00e9 des 4 militaires est stabilis\u00e9\" \/>\n<meta property=\"og:url\" content=\"https:\/\/www.webdo.tn\/fr\/actualite\/terrorisme\/attaque-terroriste-au-kef-letat-sante-4-militaires-stabilise-3\/180159\/\" \/>\n<meta property=\"og:site_name\" content=\"webdo\" \/>\n<meta property=\"article:publisher\" content=\"https:\/\/www.facebook.com\/webdotn\" \/>\n<meta property=\"article:published_time\" content=\"2014-07-27T16:24:00+00:00\" \/>\n<meta property=\"article:modified_time\" content=\"2025-06-04T18:19:41+00:00\" \/>\n<meta name=\"author\" content=\"webdo.tn\" \/>\n<meta name=\"twitter:card\" content=\"summary_large_image\" \/>\n<meta name=\"twitter:creator\" content=\"@webdo_tn\" \/>\n<meta name=\"twitter:site\" content=\"@webdo_tn\" \/>\n<meta name=\"twitter:label1\" content=\"\u00c9crit par\" \/>\n\t<meta name=\"twitter:data1\" content=\"webdo.tn\" \/>\n<script type=\"application\/ld+json\" class=\"yoast-schema-graph\">{\"@context\":\"https:\\\/\\\/schema.org\",\"@graph\":[{\"@type\":\"NewsArticle\",\"@id\":\"https:\\\/\\\/www.webdo.tn\\\/fr\\\/actualite\\\/terrorisme\\\/attaque-terroriste-au-kef-letat-sante-4-militaires-stabilise-3\\\/180159\\\/#article\",\"isPartOf\":{\"@id\":\"https:\\\/\\\/www.webdo.tn\\\/fr\\\/actualite\\\/terrorisme\\\/attaque-terroriste-au-kef-letat-sante-4-militaires-stabilise-3\\\/180159\\\/\"},\"author\":{\"name\":\"webdo.tn\",\"@id\":\"https:\\\/\\\/www.webdo.tn\\\/fr\\\/#\\\/schema\\\/person\\\/9a9c6118d687c117df8ef3cc36a4d175\"},\"headline\":\"Attaque terroriste au Kef : L&rsquo;\u00e9tat de sant\u00e9 des 4 militaires est stabilis\u00e9\",\"datePublished\":\"2014-07-27T16:24:00+00:00\",\"dateModified\":\"2025-06-04T18:19:41+00:00\",\"mainEntityOfPage\":{\"@id\":\"https:\\\/\\\/www.webdo.tn\\\/fr\\\/actualite\\\/terrorisme\\\/attaque-terroriste-au-kef-letat-sante-4-militaires-stabilise-3\\\/180159\\\/\"},\"wordCount\":98,\"commentCount\":0,\"publisher\":{\"@id\":\"https:\\\/\\\/www.webdo.tn\\\/fr\\\/#organization\"},\"image\":{\"@id\":\"https:\\\/\\\/www.webdo.tn\\\/fr\\\/actualite\\\/terrorisme\\\/attaque-terroriste-au-kef-letat-sante-4-militaires-stabilise-3\\\/180159\\\/#primaryimage\"},\"thumbnailUrl\":\"https:\\\/\\\/www.webdo.tn\\\/fr\\\/wp-content\\\/uploads\\\/2025\\\/06\\\/Larmee-tunisenne_180159.jpg\",\"articleSection\":[\"Terrorisme\"],\"inLanguage\":\"fr-FR\"},{\"@type\":\"WebPage\",\"@id\":\"https:\\\/\\\/www.webdo.tn\\\/fr\\\/actualite\\\/terrorisme\\\/attaque-terroriste-au-kef-letat-sante-4-militaires-stabilise-3\\\/180159\\\/\",\"url\":\"https:\\\/\\\/www.webdo.tn\\\/fr\\\/actualite\\\/terrorisme\\\/attaque-terroriste-au-kef-letat-sante-4-militaires-stabilise-3\\\/180159\\\/\",\"name\":\"Attaque terroriste au Kef : L'\u00e9tat de sant\u00e9 des 4 militaires est stabilis\u00e9\",\"isPartOf\":{\"@id\":\"https:\\\/\\\/www.webdo.tn\\\/fr\\\/#website\"},\"primaryImageOfPage\":{\"@id\":\"https:\\\/\\\/www.webdo.tn\\\/fr\\\/actualite\\\/terrorisme\\\/attaque-terroriste-au-kef-letat-sante-4-militaires-stabilise-3\\\/180159\\\/#primaryimage\"},\"image\":{\"@id\":\"https:\\\/\\\/www.webdo.tn\\\/fr\\\/actualite\\\/terrorisme\\\/attaque-terroriste-au-kef-letat-sante-4-militaires-stabilise-3\\\/180159\\\/#primaryimage\"},\"thumbnailUrl\":\"https:\\\/\\\/www.webdo.tn\\\/fr\\\/wp-content\\\/uploads\\\/2025\\\/06\\\/Larmee-tunisenne_180159.jpg\",\"datePublished\":\"2014-07-27T16:24:00+00:00\",\"dateModified\":\"2025-06-04T18:19:41+00:00\",\"description\":\"Attaque terroriste au Kef : L'\u00e9tat de sant\u00e9 des 4 militaires est stabilis\u00e9\",\"breadcrumb\":{\"@id\":\"https:\\\/\\\/www.webdo.tn\\\/fr\\\/actualite\\\/terrorisme\\\/attaque-terroriste-au-kef-letat-sante-4-militaires-stabilise-3\\\/180159\\\/#breadcrumb\"},\"inLanguage\":\"fr-FR\",\"potentialAction\":[{\"@type\":\"ReadAction\",\"target\":[\"https:\\\/\\\/www.webdo.tn\\\/fr\\\/actualite\\\/terrorisme\\\/attaque-terroriste-au-kef-letat-sante-4-militaires-stabilise-3\\\/180159\\\/\"]}]},{\"@type\":\"ImageObject\",\"inLanguage\":\"fr-FR\",\"@id\":\"https:\\\/\\\/www.webdo.tn\\\/fr\\\/actualite\\\/terrorisme\\\/attaque-terroriste-au-kef-letat-sante-4-militaires-stabilise-3\\\/180159\\\/#primaryimage\",\"url\":\"https:\\\/\\\/www.webdo.tn\\\/fr\\\/wp-content\\\/uploads\\\/2025\\\/06\\\/Larmee-tunisenne_180159.jpg\",\"contentUrl\":\"https:\\\/\\\/www.webdo.tn\\\/fr\\\/wp-content\\\/uploads\\\/2025\\\/06\\\/Larmee-tunisenne_180159.jpg\",\"width\":274,\"height\":200,\"caption\":\"Attaque terroriste au Kef : L'\u00e9tat de sant\u00e9 des 4 militaires est stabilis\u00e9\"},{\"@type\":\"BreadcrumbList\",\"@id\":\"https:\\\/\\\/www.webdo.tn\\\/fr\\\/actualite\\\/terrorisme\\\/attaque-terroriste-au-kef-letat-sante-4-militaires-stabilise-3\\\/180159\\\/#breadcrumb\",\"itemListElement\":[{\"@type\":\"ListItem\",\"position\":1,\"name\":\"Accueil\",\"item\":\"https:\\\/\\\/www.webdo.tn\\\/fr\\\/\"},{\"@type\":\"ListItem\",\"position\":2,\"name\":\"Attaque terroriste au Kef : L&rsquo;\u00e9tat de sant\u00e9 des 4 militaires est stabilis\u00e9\"}]},{\"@type\":\"WebSite\",\"@id\":\"https:\\\/\\\/www.webdo.tn\\\/fr\\\/#website\",\"url\":\"https:\\\/\\\/www.webdo.tn\\\/fr\\\/\",\"name\":\"webdo\",\"description\":\"Tunisie - News en Tunisie et \u00e0 l&#039;international sur Webdo.tn\",\"publisher\":{\"@id\":\"https:\\\/\\\/www.webdo.tn\\\/fr\\\/#organization\"},\"potentialAction\":[{\"@type\":\"SearchAction\",\"target\":{\"@type\":\"EntryPoint\",\"urlTemplate\":\"https:\\\/\\\/www.webdo.tn\\\/fr\\\/?s={search_term_string}\"},\"query-input\":{\"@type\":\"PropertyValueSpecification\",\"valueRequired\":true,\"valueName\":\"search_term_string\"}}],\"inLanguage\":\"fr-FR\"},{\"@type\":\"Organization\",\"@id\":\"https:\\\/\\\/www.webdo.tn\\\/fr\\\/#organization\",\"name\":\"Webdo\",\"alternateName\":\"Webdo.tn\",\"url\":\"https:\\\/\\\/www.webdo.tn\\\/fr\\\/\",\"logo\":{\"@type\":\"ImageObject\",\"inLanguage\":\"fr-FR\",\"@id\":\"https:\\\/\\\/www.webdo.tn\\\/fr\\\/#\\\/schema\\\/logo\\\/image\\\/\",\"url\":\"https:\\\/\\\/www.webdo.tn\\\/fr\\\/wp-content\\\/uploads\\\/2025\\\/06\\\/Webdo-Tunisie_168377.jpg\",\"contentUrl\":\"https:\\\/\\\/www.webdo.tn\\\/fr\\\/wp-content\\\/uploads\\\/2025\\\/06\\\/Webdo-Tunisie_168377.jpg\",\"width\":301,\"height\":301,\"caption\":\"Webdo\"},\"image\":{\"@id\":\"https:\\\/\\\/www.webdo.tn\\\/fr\\\/#\\\/schema\\\/logo\\\/image\\\/\"},\"sameAs\":[\"https:\\\/\\\/www.facebook.com\\\/webdotn\",\"https:\\\/\\\/x.com\\\/webdo_tn\"],\"description\":\"Webdo est un m\u00e9dia num\u00e9rique tunisien fond\u00e9 en 2010, sp\u00e9cialis\u00e9 dans l\u2019actualit\u00e9 nationale et internationale, l\u2019\u00e9conomie, la soci\u00e9t\u00e9 et les analyses politiques. Le site s\u2019adresse \u00e0 un large public francophone et couvre l\u2019information tunisienne en temps r\u00e9el.\",\"email\":\"redac@webdo.tn\",\"legalName\":\"YNJ SARL\",\"foundingDate\":\"2010-09-06\",\"numberOfEmployees\":{\"@type\":\"QuantitativeValue\",\"minValue\":\"11\",\"maxValue\":\"50\"}},{\"@type\":\"Person\",\"@id\":\"https:\\\/\\\/www.webdo.tn\\\/fr\\\/#\\\/schema\\\/person\\\/9a9c6118d687c117df8ef3cc36a4d175\",\"name\":\"webdo.tn\",\"image\":{\"@type\":\"ImageObject\",\"inLanguage\":\"fr-FR\",\"@id\":\"https:\\\/\\\/secure.gravatar.com\\\/avatar\\\/7ce1f28c0c3bbac99ff550b85ef8e44a6950c6ee24514fb6a5489e51d06f0298?s=96&d=mm&r=g\",\"url\":\"https:\\\/\\\/secure.gravatar.com\\\/avatar\\\/7ce1f28c0c3bbac99ff550b85ef8e44a6950c6ee24514fb6a5489e51d06f0298?s=96&d=mm&r=g\",\"contentUrl\":\"https:\\\/\\\/secure.gravatar.com\\\/avatar\\\/7ce1f28c0c3bbac99ff550b85ef8e44a6950c6ee24514fb6a5489e51d06f0298?s=96&d=mm&r=g\",\"caption\":\"webdo.tn\"},\"url\":\"https:\\\/\\\/www.webdo.tn\\\/fr\\\/actualite\\\/author\\\/webdotn\\\/\"}]}<\/script>\n<!-- \/ Yoast SEO Premium plugin. -->","yoast_head_json":{"title":"Attaque terroriste au Kef : L'\u00e9tat de sant\u00e9 des 4 militaires est stabilis\u00e9","description":"Attaque terroriste au Kef : L'\u00e9tat de sant\u00e9 des 4 militaires est stabilis\u00e9","canonical":"https:\/\/www.webdo.tn\/fr\/actualite\/terrorisme\/attaque-terroriste-au-kef-letat-sante-4-militaires-stabilise-3\/180159\/","og_locale":"fr_FR","og_type":"article","og_title":"Attaque terroriste au Kef : L'\u00e9tat de sant\u00e9 des 4 militaires est stabilis\u00e9","og_description":"Attaque terroriste au Kef : L'\u00e9tat de sant\u00e9 des 4 militaires est stabilis\u00e9","og_url":"https:\/\/www.webdo.tn\/fr\/actualite\/terrorisme\/attaque-terroriste-au-kef-letat-sante-4-militaires-stabilise-3\/180159\/","og_site_name":"webdo","article_publisher":"https:\/\/www.facebook.com\/webdotn","article_published_time":"2014-07-27T16:24:00+00:00","article_modified_time":"2025-06-04T18:19:41+00:00","author":"webdo.tn","twitter_card":"summary_large_image","twitter_creator":"@webdo_tn","twitter_site":"@webdo_tn","twitter_misc":{"\u00c9crit par":"webdo.tn"},"schema":{"@context":"https:\/\/schema.org","@graph":[{"@type":"NewsArticle","@id":"https:\/\/www.webdo.tn\/fr\/actualite\/terrorisme\/attaque-terroriste-au-kef-letat-sante-4-militaires-stabilise-3\/180159\/#article","isPartOf":{"@id":"https:\/\/www.webdo.tn\/fr\/actualite\/terrorisme\/attaque-terroriste-au-kef-letat-sante-4-militaires-stabilise-3\/180159\/"},"author":{"name":"webdo.tn","@id":"https:\/\/www.webdo.tn\/fr\/#\/schema\/person\/9a9c6118d687c117df8ef3cc36a4d175"},"headline":"Attaque terroriste au Kef : L&rsquo;\u00e9tat de sant\u00e9 des 4 militaires est stabilis\u00e9","datePublished":"2014-07-27T16:24:00+00:00","dateModified":"2025-06-04T18:19:41+00:00","mainEntityOfPage":{"@id":"https:\/\/www.webdo.tn\/fr\/actualite\/terrorisme\/attaque-terroriste-au-kef-letat-sante-4-militaires-stabilise-3\/180159\/"},"wordCount":98,"commentCount":0,"publisher":{"@id":"https:\/\/www.webdo.tn\/fr\/#organization"},"image":{"@id":"https:\/\/www.webdo.tn\/fr\/actualite\/terrorisme\/attaque-terroriste-au-kef-letat-sante-4-militaires-stabilise-3\/180159\/#primaryimage"},"thumbnailUrl":"https:\/\/www.webdo.tn\/fr\/wp-content\/uploads\/2025\/06\/Larmee-tunisenne_180159.jpg","articleSection":["Terrorisme"],"inLanguage":"fr-FR"},{"@type":"WebPage","@id":"https:\/\/www.webdo.tn\/fr\/actualite\/terrorisme\/attaque-terroriste-au-kef-letat-sante-4-militaires-stabilise-3\/180159\/","url":"https:\/\/www.webdo.tn\/fr\/actualite\/terrorisme\/attaque-terroriste-au-kef-letat-sante-4-militaires-stabilise-3\/180159\/","name":"Attaque terroriste au Kef : L'\u00e9tat de sant\u00e9 des 4 militaires est stabilis\u00e9","isPartOf":{"@id":"https:\/\/www.webdo.tn\/fr\/#website"},"primaryImageOfPage":{"@id":"https:\/\/www.webdo.tn\/fr\/actualite\/terrorisme\/attaque-terroriste-au-kef-letat-sante-4-militaires-stabilise-3\/180159\/#primaryimage"},"image":{"@id":"https:\/\/www.webdo.tn\/fr\/actualite\/terrorisme\/attaque-terroriste-au-kef-letat-sante-4-militaires-stabilise-3\/180159\/#primaryimage"},"thumbnailUrl":"https:\/\/www.webdo.tn\/fr\/wp-content\/uploads\/2025\/06\/Larmee-tunisenne_180159.jpg","datePublished":"2014-07-27T16:24:00+00:00","dateModified":"2025-06-04T18:19:41+00:00","description":"Attaque terroriste au Kef : L'\u00e9tat de sant\u00e9 des 4 militaires est stabilis\u00e9","breadcrumb":{"@id":"https:\/\/www.webdo.tn\/fr\/actualite\/terrorisme\/attaque-terroriste-au-kef-letat-sante-4-militaires-stabilise-3\/180159\/#breadcrumb"},"inLanguage":"fr-FR","potentialAction":[{"@type":"ReadAction","target":["https:\/\/www.webdo.tn\/fr\/actualite\/terrorisme\/attaque-terroriste-au-kef-letat-sante-4-militaires-stabilise-3\/180159\/"]}]},{"@type":"ImageObject","inLanguage":"fr-FR","@id":"https:\/\/www.webdo.tn\/fr\/actualite\/terrorisme\/attaque-terroriste-au-kef-letat-sante-4-militaires-stabilise-3\/180159\/#primaryimage","url":"https:\/\/www.webdo.tn\/fr\/wp-content\/uploads\/2025\/06\/Larmee-tunisenne_180159.jpg","contentUrl":"https:\/\/www.webdo.tn\/fr\/wp-content\/uploads\/2025\/06\/Larmee-tunisenne_180159.jpg","width":274,"height":200,"caption":"Attaque terroriste au Kef : L'\u00e9tat de sant\u00e9 des 4 militaires est stabilis\u00e9"},{"@type":"BreadcrumbList","@id":"https:\/\/www.webdo.tn\/fr\/actualite\/terrorisme\/attaque-terroriste-au-kef-letat-sante-4-militaires-stabilise-3\/180159\/#breadcrumb","itemListElement":[{"@type":"ListItem","position":1,"name":"Accueil","item":"https:\/\/www.webdo.tn\/fr\/"},{"@type":"ListItem","position":2,"name":"Attaque terroriste au Kef : L&rsquo;\u00e9tat de sant\u00e9 des 4 militaires est stabilis\u00e9"}]},{"@type":"WebSite","@id":"https:\/\/www.webdo.tn\/fr\/#website","url":"https:\/\/www.webdo.tn\/fr\/","name":"webdo","description":"Tunisie - News en Tunisie et \u00e0 l&#039;international sur Webdo.tn","publisher":{"@id":"https:\/\/www.webdo.tn\/fr\/#organization"},"potentialAction":[{"@type":"SearchAction","target":{"@type":"EntryPoint","urlTemplate":"https:\/\/www.webdo.tn\/fr\/?s={search_term_string}"},"query-input":{"@type":"PropertyValueSpecification","valueRequired":true,"valueName":"search_term_string"}}],"inLanguage":"fr-FR"},{"@type":"Organization","@id":"https:\/\/www.webdo.tn\/fr\/#organization","name":"Webdo","alternateName":"Webdo.tn","url":"https:\/\/www.webdo.tn\/fr\/","logo":{"@type":"ImageObject","inLanguage":"fr-FR","@id":"https:\/\/www.webdo.tn\/fr\/#\/schema\/logo\/image\/","url":"https:\/\/www.webdo.tn\/fr\/wp-content\/uploads\/2025\/06\/Webdo-Tunisie_168377.jpg","contentUrl":"https:\/\/www.webdo.tn\/fr\/wp-content\/uploads\/2025\/06\/Webdo-Tunisie_168377.jpg","width":301,"height":301,"caption":"Webdo"},"image":{"@id":"https:\/\/www.webdo.tn\/fr\/#\/schema\/logo\/image\/"},"sameAs":["https:\/\/www.facebook.com\/webdotn","https:\/\/x.com\/webdo_tn"],"description":"Webdo est un m\u00e9dia num\u00e9rique tunisien fond\u00e9 en 2010, sp\u00e9cialis\u00e9 dans l\u2019actualit\u00e9 nationale et internationale, l\u2019\u00e9conomie, la soci\u00e9t\u00e9 et les analyses politiques. Le site s\u2019adresse \u00e0 un large public francophone et couvre l\u2019information tunisienne en temps r\u00e9el.","email":"redac@webdo.tn","legalName":"YNJ SARL","foundingDate":"2010-09-06","numberOfEmployees":{"@type":"QuantitativeValue","minValue":"11","maxValue":"50"}},{"@type":"Person","@id":"https:\/\/www.webdo.tn\/fr\/#\/schema\/person\/9a9c6118d687c117df8ef3cc36a4d175","name":"webdo.tn","image":{"@type":"ImageObject","inLanguage":"fr-FR","@id":"https:\/\/secure.gravatar.com\/avatar\/7ce1f28c0c3bbac99ff550b85ef8e44a6950c6ee24514fb6a5489e51d06f0298?s=96&d=mm&r=g","url":"https:\/\/secure.gravatar.com\/avatar\/7ce1f28c0c3bbac99ff550b85ef8e44a6950c6ee24514fb6a5489e51d06f0298?s=96&d=mm&r=g","contentUrl":"https:\/\/secure.gravatar.com\/avatar\/7ce1f28c0c3bbac99ff550b85ef8e44a6950c6ee24514fb6a5489e51d06f0298?s=96&d=mm&r=g","caption":"webdo.tn"},"url":"https:\/\/www.webdo.tn\/fr\/actualite\/author\/webdotn\/"}]}},"_links":{"self":[{"href":"https:\/\/www.webdo.tn\/fr\/wp-json\/wp\/v2\/posts\/180159","targetHints":{"allow":["GET"]}}],"collection":[{"href":"https:\/\/www.webdo.tn\/fr\/wp-json\/wp\/v2\/posts"}],"about":[{"href":"https:\/\/www.webdo.tn\/fr\/wp-json\/wp\/v2\/types\/post"}],"author":[{"embeddable":true,"href":"https:\/\/www.webdo.tn\/fr\/wp-json\/wp\/v2\/users\/3222"}],"replies":[{"embeddable":true,"href":"https:\/\/www.webdo.tn\/fr\/wp-json\/wp\/v2\/comments?post=180159"}],"version-history":[{"count":0,"href":"https:\/\/www.webdo.tn\/fr\/wp-json\/wp\/v2\/posts\/180159\/revisions"}],"wp:featuredmedia":[{"embeddable":true,"href":"https:\/\/www.webdo.tn\/fr\/wp-json\/wp\/v2\/media\/374987"}],"wp:attachment":[{"href":"https:\/\/www.webdo.tn\/fr\/wp-json\/wp\/v2\/media?parent=180159"}],"wp:term":[{"taxonomy":"category","embeddable":true,"href":"https:\/\/www.webdo.tn\/fr\/wp-json\/wp\/v2\/categories?post=180159"},{"taxonomy":"post_tag","embeddable":true,"href":"https:\/\/www.webdo.tn\/fr\/wp-json\/wp\/v2\/tags?post=180159"}],"curies":[{"name":"wp","href":"https:\/\/api.w.org\/{rel}","templated":true}]}}