{"id":180157,"date":"2014-07-27T21:01:00","date_gmt":"2014-07-27T19:01:00","guid":{"rendered":"https:\/\/www.webdo.tn\/fr\/actualite\/terrorisme\/l-ex-porte-parole-dansar-charia-seif-eddine-rais-vient-detre-libere\/180157"},"modified":"2025-06-04T18:19:52","modified_gmt":"2025-06-04T18:19:52","slug":"l-ex-porte-parole-dansar-charia-seif-eddine-rais-vient-detre-libere","status":"publish","type":"post","link":"https:\/\/www.webdo.tn\/fr\/actualite\/terrorisme\/l-ex-porte-parole-dansar-charia-seif-eddine-rais-vient-detre-libere\/180157\/","title":{"rendered":"L&rsquo;ex-porte-parole d&rsquo;Ansar Charia Seif Eddine Rais vient d&rsquo;\u00eatre lib\u00e9r\u00e9"},"content":{"rendered":"<p>Seif Eddine Rais vient d&rsquo;appeler son avocat Hafedh Ghadhoun pour l&rsquo;avertir de sa lib\u00e9ration qui a eu lieu, ce dimanche 27 juillet, vers 19h.<\/p>\n<p> L&rsquo;ex-porte parole d&rsquo;Ansar Charia a\u00a0\u00e9t\u00e9 arr\u00eat\u00e9 ce samedi 26 juillet, apr\u00e8s consultation du Procureur de la R\u00e9publique\u00a0puis il a \u00e9t\u00e9\u00a0transf\u00e9r\u00e9 \u00e0 Gorjeni pour une garde \u00e0 vue.<\/p>\n<p>Le minist\u00e8re de l&rsquo;Int\u00e9rieur a d\u00e9clar\u00e9 qu&rsquo;il \u00e9tait impliqu\u00e9,\u00a0dans des r\u00e9seaux qui aident des combattants \u00e0 voyager(clandestinement) en Syrie et la propagation d&rsquo;informations de nature \u00e0 nuire \u00e0 l\u2019ordre public.<\/p>\n<p>Me Ghadhoun nous a affirm\u00e9 que Rais a \u00e9t\u00e9 entendu par le juge d&rsquo;instruction mais il a \u00e9t\u00e9 lib\u00e9r\u00e9 pour manque de preuves tangibles. Il n&rsquo;a subi aucune torture a-t-il pr\u00e9cis\u00e9.<\/p>\n","protected":false},"excerpt":{"rendered":"<p>L&rsquo;ex-porte-parole d&rsquo;Ansar Charia Seif Eddine Rais vient d&rsquo;\u00eatre lib\u00e9r\u00e9 <\/p>\n","protected":false},"author":3222,"featured_media":374990,"comment_status":"open","ping_status":"open","sticky":false,"template":"","format":"standard","meta":{"footnotes":""},"categories":[11342],"tags":[],"class_list":["post-180157","post","type-post","status-publish","format-standard","has-post-thumbnail","hentry","category-terrorisme"],"yoast_head":"<!-- This site is optimized with the Yoast SEO Premium plugin v27.5 (Yoast SEO v27.5) - https:\/\/yoast.com\/product\/yoast-seo-premium-wordpress\/ -->\n<title>L&#039;ex-porte-parole d&#039;Ansar Charia Seif Eddine Rais vient d&#039;\u00eatre lib\u00e9r\u00e9<\/title>\n<meta name=\"description\" content=\"L&#039;ex-porte-parole d&#039;Ansar Charia Seif Eddine Rais vient d&#039;\u00eatre lib\u00e9r\u00e9\" \/>\n<link rel=\"canonical\" href=\"https:\/\/www.webdo.tn\/fr\/actualite\/terrorisme\/l-ex-porte-parole-dansar-charia-seif-eddine-rais-vient-detre-libere\/180157\/\" \/>\n<meta property=\"og:locale\" content=\"fr_FR\" \/>\n<meta property=\"og:type\" content=\"article\" \/>\n<meta property=\"og:title\" content=\"L&#039;ex-porte-parole d&#039;Ansar Charia Seif Eddine Rais vient d&#039;\u00eatre lib\u00e9r\u00e9\" \/>\n<meta property=\"og:description\" content=\"L&#039;ex-porte-parole d&#039;Ansar Charia Seif Eddine Rais vient d&#039;\u00eatre lib\u00e9r\u00e9\" \/>\n<meta property=\"og:url\" content=\"https:\/\/www.webdo.tn\/fr\/actualite\/terrorisme\/l-ex-porte-parole-dansar-charia-seif-eddine-rais-vient-detre-libere\/180157\/\" \/>\n<meta property=\"og:site_name\" content=\"webdo\" \/>\n<meta property=\"article:publisher\" content=\"https:\/\/www.facebook.com\/webdotn\" \/>\n<meta property=\"article:published_time\" content=\"2014-07-27T19:01:00+00:00\" \/>\n<meta property=\"article:modified_time\" content=\"2025-06-04T18:19:52+00:00\" \/>\n<meta name=\"author\" content=\"webdo.tn\" \/>\n<meta name=\"twitter:card\" content=\"summary_large_image\" \/>\n<meta name=\"twitter:creator\" content=\"@webdo_tn\" \/>\n<meta name=\"twitter:site\" content=\"@webdo_tn\" \/>\n<meta name=\"twitter:label1\" content=\"\u00c9crit par\" \/>\n\t<meta name=\"twitter:data1\" content=\"webdo.tn\" \/>\n\t<meta name=\"twitter:label2\" content=\"Dur\u00e9e de lecture estim\u00e9e\" \/>\n\t<meta name=\"twitter:data2\" content=\"1 minute\" \/>\n<script type=\"application\/ld+json\" class=\"yoast-schema-graph\">{\"@context\":\"https:\\\/\\\/schema.org\",\"@graph\":[{\"@type\":\"NewsArticle\",\"@id\":\"https:\\\/\\\/www.webdo.tn\\\/fr\\\/actualite\\\/terrorisme\\\/l-ex-porte-parole-dansar-charia-seif-eddine-rais-vient-detre-libere\\\/180157\\\/#article\",\"isPartOf\":{\"@id\":\"https:\\\/\\\/www.webdo.tn\\\/fr\\\/actualite\\\/terrorisme\\\/l-ex-porte-parole-dansar-charia-seif-eddine-rais-vient-detre-libere\\\/180157\\\/\"},\"author\":{\"name\":\"webdo.tn\",\"@id\":\"https:\\\/\\\/www.webdo.tn\\\/fr\\\/#\\\/schema\\\/person\\\/9a9c6118d687c117df8ef3cc36a4d175\"},\"headline\":\"L&rsquo;ex-porte-parole d&rsquo;Ansar Charia Seif Eddine Rais vient d&rsquo;\u00eatre lib\u00e9r\u00e9\",\"datePublished\":\"2014-07-27T19:01:00+00:00\",\"dateModified\":\"2025-06-04T18:19:52+00:00\",\"mainEntityOfPage\":{\"@id\":\"https:\\\/\\\/www.webdo.tn\\\/fr\\\/actualite\\\/terrorisme\\\/l-ex-porte-parole-dansar-charia-seif-eddine-rais-vient-detre-libere\\\/180157\\\/\"},\"wordCount\":144,\"commentCount\":0,\"publisher\":{\"@id\":\"https:\\\/\\\/www.webdo.tn\\\/fr\\\/#organization\"},\"image\":{\"@id\":\"https:\\\/\\\/www.webdo.tn\\\/fr\\\/actualite\\\/terrorisme\\\/l-ex-porte-parole-dansar-charia-seif-eddine-rais-vient-detre-libere\\\/180157\\\/#primaryimage\"},\"thumbnailUrl\":\"https:\\\/\\\/www.webdo.tn\\\/fr\\\/wp-content\\\/uploads\\\/2025\\\/06\\\/Seifeddine-Rais_180157.jpg\",\"articleSection\":[\"Terrorisme\"],\"inLanguage\":\"fr-FR\"},{\"@type\":\"WebPage\",\"@id\":\"https:\\\/\\\/www.webdo.tn\\\/fr\\\/actualite\\\/terrorisme\\\/l-ex-porte-parole-dansar-charia-seif-eddine-rais-vient-detre-libere\\\/180157\\\/\",\"url\":\"https:\\\/\\\/www.webdo.tn\\\/fr\\\/actualite\\\/terrorisme\\\/l-ex-porte-parole-dansar-charia-seif-eddine-rais-vient-detre-libere\\\/180157\\\/\",\"name\":\"L'ex-porte-parole d'Ansar Charia Seif Eddine Rais vient d'\u00eatre lib\u00e9r\u00e9\",\"isPartOf\":{\"@id\":\"https:\\\/\\\/www.webdo.tn\\\/fr\\\/#website\"},\"primaryImageOfPage\":{\"@id\":\"https:\\\/\\\/www.webdo.tn\\\/fr\\\/actualite\\\/terrorisme\\\/l-ex-porte-parole-dansar-charia-seif-eddine-rais-vient-detre-libere\\\/180157\\\/#primaryimage\"},\"image\":{\"@id\":\"https:\\\/\\\/www.webdo.tn\\\/fr\\\/actualite\\\/terrorisme\\\/l-ex-porte-parole-dansar-charia-seif-eddine-rais-vient-detre-libere\\\/180157\\\/#primaryimage\"},\"thumbnailUrl\":\"https:\\\/\\\/www.webdo.tn\\\/fr\\\/wp-content\\\/uploads\\\/2025\\\/06\\\/Seifeddine-Rais_180157.jpg\",\"datePublished\":\"2014-07-27T19:01:00+00:00\",\"dateModified\":\"2025-06-04T18:19:52+00:00\",\"description\":\"L'ex-porte-parole d'Ansar Charia Seif Eddine Rais vient d'\u00eatre lib\u00e9r\u00e9\",\"breadcrumb\":{\"@id\":\"https:\\\/\\\/www.webdo.tn\\\/fr\\\/actualite\\\/terrorisme\\\/l-ex-porte-parole-dansar-charia-seif-eddine-rais-vient-detre-libere\\\/180157\\\/#breadcrumb\"},\"inLanguage\":\"fr-FR\",\"potentialAction\":[{\"@type\":\"ReadAction\",\"target\":[\"https:\\\/\\\/www.webdo.tn\\\/fr\\\/actualite\\\/terrorisme\\\/l-ex-porte-parole-dansar-charia-seif-eddine-rais-vient-detre-libere\\\/180157\\\/\"]}]},{\"@type\":\"ImageObject\",\"inLanguage\":\"fr-FR\",\"@id\":\"https:\\\/\\\/www.webdo.tn\\\/fr\\\/actualite\\\/terrorisme\\\/l-ex-porte-parole-dansar-charia-seif-eddine-rais-vient-detre-libere\\\/180157\\\/#primaryimage\",\"url\":\"https:\\\/\\\/www.webdo.tn\\\/fr\\\/wp-content\\\/uploads\\\/2025\\\/06\\\/Seifeddine-Rais_180157.jpg\",\"contentUrl\":\"https:\\\/\\\/www.webdo.tn\\\/fr\\\/wp-content\\\/uploads\\\/2025\\\/06\\\/Seifeddine-Rais_180157.jpg\",\"width\":344,\"height\":257,\"caption\":\"L'ex-porte-parole d'Ansar Charia Seif Eddine Rais vient d'\u00eatre lib\u00e9r\u00e9\"},{\"@type\":\"BreadcrumbList\",\"@id\":\"https:\\\/\\\/www.webdo.tn\\\/fr\\\/actualite\\\/terrorisme\\\/l-ex-porte-parole-dansar-charia-seif-eddine-rais-vient-detre-libere\\\/180157\\\/#breadcrumb\",\"itemListElement\":[{\"@type\":\"ListItem\",\"position\":1,\"name\":\"Accueil\",\"item\":\"https:\\\/\\\/www.webdo.tn\\\/fr\\\/\"},{\"@type\":\"ListItem\",\"position\":2,\"name\":\"L&rsquo;ex-porte-parole d&rsquo;Ansar Charia Seif Eddine Rais vient d&rsquo;\u00eatre lib\u00e9r\u00e9\"}]},{\"@type\":\"WebSite\",\"@id\":\"https:\\\/\\\/www.webdo.tn\\\/fr\\\/#website\",\"url\":\"https:\\\/\\\/www.webdo.tn\\\/fr\\\/\",\"name\":\"webdo\",\"description\":\"Tunisie - News en Tunisie et \u00e0 l&#039;international sur Webdo.tn\",\"publisher\":{\"@id\":\"https:\\\/\\\/www.webdo.tn\\\/fr\\\/#organization\"},\"potentialAction\":[{\"@type\":\"SearchAction\",\"target\":{\"@type\":\"EntryPoint\",\"urlTemplate\":\"https:\\\/\\\/www.webdo.tn\\\/fr\\\/?s={search_term_string}\"},\"query-input\":{\"@type\":\"PropertyValueSpecification\",\"valueRequired\":true,\"valueName\":\"search_term_string\"}}],\"inLanguage\":\"fr-FR\"},{\"@type\":\"Organization\",\"@id\":\"https:\\\/\\\/www.webdo.tn\\\/fr\\\/#organization\",\"name\":\"Webdo\",\"alternateName\":\"Webdo.tn\",\"url\":\"https:\\\/\\\/www.webdo.tn\\\/fr\\\/\",\"logo\":{\"@type\":\"ImageObject\",\"inLanguage\":\"fr-FR\",\"@id\":\"https:\\\/\\\/www.webdo.tn\\\/fr\\\/#\\\/schema\\\/logo\\\/image\\\/\",\"url\":\"https:\\\/\\\/www.webdo.tn\\\/fr\\\/wp-content\\\/uploads\\\/2025\\\/06\\\/Webdo-Tunisie_168377.jpg\",\"contentUrl\":\"https:\\\/\\\/www.webdo.tn\\\/fr\\\/wp-content\\\/uploads\\\/2025\\\/06\\\/Webdo-Tunisie_168377.jpg\",\"width\":301,\"height\":301,\"caption\":\"Webdo\"},\"image\":{\"@id\":\"https:\\\/\\\/www.webdo.tn\\\/fr\\\/#\\\/schema\\\/logo\\\/image\\\/\"},\"sameAs\":[\"https:\\\/\\\/www.facebook.com\\\/webdotn\",\"https:\\\/\\\/x.com\\\/webdo_tn\"],\"description\":\"Webdo est un m\u00e9dia num\u00e9rique tunisien fond\u00e9 en 2010, sp\u00e9cialis\u00e9 dans l\u2019actualit\u00e9 nationale et internationale, l\u2019\u00e9conomie, la soci\u00e9t\u00e9 et les analyses politiques. Le site s\u2019adresse \u00e0 un large public francophone et couvre l\u2019information tunisienne en temps r\u00e9el.\",\"email\":\"redac@webdo.tn\",\"legalName\":\"YNJ SARL\",\"foundingDate\":\"2010-09-06\",\"numberOfEmployees\":{\"@type\":\"QuantitativeValue\",\"minValue\":\"11\",\"maxValue\":\"50\"}},{\"@type\":\"Person\",\"@id\":\"https:\\\/\\\/www.webdo.tn\\\/fr\\\/#\\\/schema\\\/person\\\/9a9c6118d687c117df8ef3cc36a4d175\",\"name\":\"webdo.tn\",\"image\":{\"@type\":\"ImageObject\",\"inLanguage\":\"fr-FR\",\"@id\":\"https:\\\/\\\/secure.gravatar.com\\\/avatar\\\/7ce1f28c0c3bbac99ff550b85ef8e44a6950c6ee24514fb6a5489e51d06f0298?s=96&d=mm&r=g\",\"url\":\"https:\\\/\\\/secure.gravatar.com\\\/avatar\\\/7ce1f28c0c3bbac99ff550b85ef8e44a6950c6ee24514fb6a5489e51d06f0298?s=96&d=mm&r=g\",\"contentUrl\":\"https:\\\/\\\/secure.gravatar.com\\\/avatar\\\/7ce1f28c0c3bbac99ff550b85ef8e44a6950c6ee24514fb6a5489e51d06f0298?s=96&d=mm&r=g\",\"caption\":\"webdo.tn\"},\"url\":\"https:\\\/\\\/www.webdo.tn\\\/fr\\\/actualite\\\/author\\\/webdotn\\\/\"}]}<\/script>\n<!-- \/ Yoast SEO Premium plugin. -->","yoast_head_json":{"title":"L'ex-porte-parole d'Ansar Charia Seif Eddine Rais vient d'\u00eatre lib\u00e9r\u00e9","description":"L'ex-porte-parole d'Ansar Charia Seif Eddine Rais vient d'\u00eatre lib\u00e9r\u00e9","canonical":"https:\/\/www.webdo.tn\/fr\/actualite\/terrorisme\/l-ex-porte-parole-dansar-charia-seif-eddine-rais-vient-detre-libere\/180157\/","og_locale":"fr_FR","og_type":"article","og_title":"L'ex-porte-parole d'Ansar Charia Seif Eddine Rais vient d'\u00eatre lib\u00e9r\u00e9","og_description":"L'ex-porte-parole d'Ansar Charia Seif Eddine Rais vient d'\u00eatre lib\u00e9r\u00e9","og_url":"https:\/\/www.webdo.tn\/fr\/actualite\/terrorisme\/l-ex-porte-parole-dansar-charia-seif-eddine-rais-vient-detre-libere\/180157\/","og_site_name":"webdo","article_publisher":"https:\/\/www.facebook.com\/webdotn","article_published_time":"2014-07-27T19:01:00+00:00","article_modified_time":"2025-06-04T18:19:52+00:00","author":"webdo.tn","twitter_card":"summary_large_image","twitter_creator":"@webdo_tn","twitter_site":"@webdo_tn","twitter_misc":{"\u00c9crit par":"webdo.tn","Dur\u00e9e de lecture estim\u00e9e":"1 minute"},"schema":{"@context":"https:\/\/schema.org","@graph":[{"@type":"NewsArticle","@id":"https:\/\/www.webdo.tn\/fr\/actualite\/terrorisme\/l-ex-porte-parole-dansar-charia-seif-eddine-rais-vient-detre-libere\/180157\/#article","isPartOf":{"@id":"https:\/\/www.webdo.tn\/fr\/actualite\/terrorisme\/l-ex-porte-parole-dansar-charia-seif-eddine-rais-vient-detre-libere\/180157\/"},"author":{"name":"webdo.tn","@id":"https:\/\/www.webdo.tn\/fr\/#\/schema\/person\/9a9c6118d687c117df8ef3cc36a4d175"},"headline":"L&rsquo;ex-porte-parole d&rsquo;Ansar Charia Seif Eddine Rais vient d&rsquo;\u00eatre lib\u00e9r\u00e9","datePublished":"2014-07-27T19:01:00+00:00","dateModified":"2025-06-04T18:19:52+00:00","mainEntityOfPage":{"@id":"https:\/\/www.webdo.tn\/fr\/actualite\/terrorisme\/l-ex-porte-parole-dansar-charia-seif-eddine-rais-vient-detre-libere\/180157\/"},"wordCount":144,"commentCount":0,"publisher":{"@id":"https:\/\/www.webdo.tn\/fr\/#organization"},"image":{"@id":"https:\/\/www.webdo.tn\/fr\/actualite\/terrorisme\/l-ex-porte-parole-dansar-charia-seif-eddine-rais-vient-detre-libere\/180157\/#primaryimage"},"thumbnailUrl":"https:\/\/www.webdo.tn\/fr\/wp-content\/uploads\/2025\/06\/Seifeddine-Rais_180157.jpg","articleSection":["Terrorisme"],"inLanguage":"fr-FR"},{"@type":"WebPage","@id":"https:\/\/www.webdo.tn\/fr\/actualite\/terrorisme\/l-ex-porte-parole-dansar-charia-seif-eddine-rais-vient-detre-libere\/180157\/","url":"https:\/\/www.webdo.tn\/fr\/actualite\/terrorisme\/l-ex-porte-parole-dansar-charia-seif-eddine-rais-vient-detre-libere\/180157\/","name":"L'ex-porte-parole d'Ansar Charia Seif Eddine Rais vient d'\u00eatre lib\u00e9r\u00e9","isPartOf":{"@id":"https:\/\/www.webdo.tn\/fr\/#website"},"primaryImageOfPage":{"@id":"https:\/\/www.webdo.tn\/fr\/actualite\/terrorisme\/l-ex-porte-parole-dansar-charia-seif-eddine-rais-vient-detre-libere\/180157\/#primaryimage"},"image":{"@id":"https:\/\/www.webdo.tn\/fr\/actualite\/terrorisme\/l-ex-porte-parole-dansar-charia-seif-eddine-rais-vient-detre-libere\/180157\/#primaryimage"},"thumbnailUrl":"https:\/\/www.webdo.tn\/fr\/wp-content\/uploads\/2025\/06\/Seifeddine-Rais_180157.jpg","datePublished":"2014-07-27T19:01:00+00:00","dateModified":"2025-06-04T18:19:52+00:00","description":"L'ex-porte-parole d'Ansar Charia Seif Eddine Rais vient d'\u00eatre lib\u00e9r\u00e9","breadcrumb":{"@id":"https:\/\/www.webdo.tn\/fr\/actualite\/terrorisme\/l-ex-porte-parole-dansar-charia-seif-eddine-rais-vient-detre-libere\/180157\/#breadcrumb"},"inLanguage":"fr-FR","potentialAction":[{"@type":"ReadAction","target":["https:\/\/www.webdo.tn\/fr\/actualite\/terrorisme\/l-ex-porte-parole-dansar-charia-seif-eddine-rais-vient-detre-libere\/180157\/"]}]},{"@type":"ImageObject","inLanguage":"fr-FR","@id":"https:\/\/www.webdo.tn\/fr\/actualite\/terrorisme\/l-ex-porte-parole-dansar-charia-seif-eddine-rais-vient-detre-libere\/180157\/#primaryimage","url":"https:\/\/www.webdo.tn\/fr\/wp-content\/uploads\/2025\/06\/Seifeddine-Rais_180157.jpg","contentUrl":"https:\/\/www.webdo.tn\/fr\/wp-content\/uploads\/2025\/06\/Seifeddine-Rais_180157.jpg","width":344,"height":257,"caption":"L'ex-porte-parole d'Ansar Charia Seif Eddine Rais vient d'\u00eatre lib\u00e9r\u00e9"},{"@type":"BreadcrumbList","@id":"https:\/\/www.webdo.tn\/fr\/actualite\/terrorisme\/l-ex-porte-parole-dansar-charia-seif-eddine-rais-vient-detre-libere\/180157\/#breadcrumb","itemListElement":[{"@type":"ListItem","position":1,"name":"Accueil","item":"https:\/\/www.webdo.tn\/fr\/"},{"@type":"ListItem","position":2,"name":"L&rsquo;ex-porte-parole d&rsquo;Ansar Charia Seif Eddine Rais vient d&rsquo;\u00eatre lib\u00e9r\u00e9"}]},{"@type":"WebSite","@id":"https:\/\/www.webdo.tn\/fr\/#website","url":"https:\/\/www.webdo.tn\/fr\/","name":"webdo","description":"Tunisie - News en Tunisie et \u00e0 l&#039;international sur Webdo.tn","publisher":{"@id":"https:\/\/www.webdo.tn\/fr\/#organization"},"potentialAction":[{"@type":"SearchAction","target":{"@type":"EntryPoint","urlTemplate":"https:\/\/www.webdo.tn\/fr\/?s={search_term_string}"},"query-input":{"@type":"PropertyValueSpecification","valueRequired":true,"valueName":"search_term_string"}}],"inLanguage":"fr-FR"},{"@type":"Organization","@id":"https:\/\/www.webdo.tn\/fr\/#organization","name":"Webdo","alternateName":"Webdo.tn","url":"https:\/\/www.webdo.tn\/fr\/","logo":{"@type":"ImageObject","inLanguage":"fr-FR","@id":"https:\/\/www.webdo.tn\/fr\/#\/schema\/logo\/image\/","url":"https:\/\/www.webdo.tn\/fr\/wp-content\/uploads\/2025\/06\/Webdo-Tunisie_168377.jpg","contentUrl":"https:\/\/www.webdo.tn\/fr\/wp-content\/uploads\/2025\/06\/Webdo-Tunisie_168377.jpg","width":301,"height":301,"caption":"Webdo"},"image":{"@id":"https:\/\/www.webdo.tn\/fr\/#\/schema\/logo\/image\/"},"sameAs":["https:\/\/www.facebook.com\/webdotn","https:\/\/x.com\/webdo_tn"],"description":"Webdo est un m\u00e9dia num\u00e9rique tunisien fond\u00e9 en 2010, sp\u00e9cialis\u00e9 dans l\u2019actualit\u00e9 nationale et internationale, l\u2019\u00e9conomie, la soci\u00e9t\u00e9 et les analyses politiques. Le site s\u2019adresse \u00e0 un large public francophone et couvre l\u2019information tunisienne en temps r\u00e9el.","email":"redac@webdo.tn","legalName":"YNJ SARL","foundingDate":"2010-09-06","numberOfEmployees":{"@type":"QuantitativeValue","minValue":"11","maxValue":"50"}},{"@type":"Person","@id":"https:\/\/www.webdo.tn\/fr\/#\/schema\/person\/9a9c6118d687c117df8ef3cc36a4d175","name":"webdo.tn","image":{"@type":"ImageObject","inLanguage":"fr-FR","@id":"https:\/\/secure.gravatar.com\/avatar\/7ce1f28c0c3bbac99ff550b85ef8e44a6950c6ee24514fb6a5489e51d06f0298?s=96&d=mm&r=g","url":"https:\/\/secure.gravatar.com\/avatar\/7ce1f28c0c3bbac99ff550b85ef8e44a6950c6ee24514fb6a5489e51d06f0298?s=96&d=mm&r=g","contentUrl":"https:\/\/secure.gravatar.com\/avatar\/7ce1f28c0c3bbac99ff550b85ef8e44a6950c6ee24514fb6a5489e51d06f0298?s=96&d=mm&r=g","caption":"webdo.tn"},"url":"https:\/\/www.webdo.tn\/fr\/actualite\/author\/webdotn\/"}]}},"_links":{"self":[{"href":"https:\/\/www.webdo.tn\/fr\/wp-json\/wp\/v2\/posts\/180157","targetHints":{"allow":["GET"]}}],"collection":[{"href":"https:\/\/www.webdo.tn\/fr\/wp-json\/wp\/v2\/posts"}],"about":[{"href":"https:\/\/www.webdo.tn\/fr\/wp-json\/wp\/v2\/types\/post"}],"author":[{"embeddable":true,"href":"https:\/\/www.webdo.tn\/fr\/wp-json\/wp\/v2\/users\/3222"}],"replies":[{"embeddable":true,"href":"https:\/\/www.webdo.tn\/fr\/wp-json\/wp\/v2\/comments?post=180157"}],"version-history":[{"count":0,"href":"https:\/\/www.webdo.tn\/fr\/wp-json\/wp\/v2\/posts\/180157\/revisions"}],"wp:featuredmedia":[{"embeddable":true,"href":"https:\/\/www.webdo.tn\/fr\/wp-json\/wp\/v2\/media\/374990"}],"wp:attachment":[{"href":"https:\/\/www.webdo.tn\/fr\/wp-json\/wp\/v2\/media?parent=180157"}],"wp:term":[{"taxonomy":"category","embeddable":true,"href":"https:\/\/www.webdo.tn\/fr\/wp-json\/wp\/v2\/categories?post=180157"},{"taxonomy":"post_tag","embeddable":true,"href":"https:\/\/www.webdo.tn\/fr\/wp-json\/wp\/v2\/tags?post=180157"}],"curies":[{"name":"wp","href":"https:\/\/api.w.org\/{rel}","templated":true}]}}