{"id":180156,"date":"2014-07-28T07:40:00","date_gmt":"2014-07-28T07:40:00","guid":{"rendered":"https:\/\/www.webdo.tn\/fr\/blog\/terrorisme-arrestations-sidi-bouzid-au-kef\/180156\/"},"modified":"2025-06-04T18:19:49","modified_gmt":"2025-06-04T18:19:49","slug":"terrorisme-arrestations-sidi-bouzid-au-kef-2","status":"publish","type":"post","link":"https:\/\/www.webdo.tn\/fr\/actualite\/terrorisme\/terrorisme-arrestations-sidi-bouzid-au-kef-2\/180156\/","title":{"rendered":"Terrorisme : Arrestations \u00e0 Sidi Bouzid et au Kef"},"content":{"rendered":"<p>Huit individus, impliqu\u00e9s dans des affaires li\u00e9es au terrorisme et recherch\u00e9s par les unit\u00e9s s\u00e9curitaires et la justice, ont \u00e9t\u00e9 arr\u00eat\u00e9s ce dimanche 27 juillet, dans le gouvernorat de Sidi Bouzid, lors d\u2019une op\u00e9ration s\u00e9curitaire et militaire conjointe, rapporte l\u2019Agence TAP.<\/p>\n<p> Cette op\u00e9ration a \u00e9t\u00e9 men\u00e9e par les unit\u00e9s sp\u00e9cialis\u00e9es dans la lutte contre le terrorisme (Police, Garde nationale et Arm\u00e9e), indiquent les minist\u00e8res de l\u2019Int\u00e9rieur et de la D\u00e9fense.<\/p>\n<p>Les deux porte-paroles des minist\u00e8res de l\u2019Int\u00e9rieur et de la D\u00e9fense ont d\u00e9clar\u00e9 \u00e0 la TAP que leurs d\u00e9partements sont d\u00e9termin\u00e9s \u00e0 poursuivre, sans rel\u00e2che, la traque des terroristes dans le cadre d\u2019op\u00e9rations s\u00e9curitaires et militaires conjointes.<\/p>\n<p>Attaque de Sakiet Sidi Youssef :<br \/>\n un \u00abcomplice\u00bb arr\u00eat\u00e9 au Kef<\/p>\n<p>Par ailleurs, un \u00e9l\u00e9ment appartenant au courant salafiste a \u00e9t\u00e9 arr\u00eat\u00e9, samedi, au Kef, a d\u00e9clar\u00e9 une source s\u00e9curitaire \u00e0 l&rsquo;Agence TAP. Il s&rsquo;agit selon cette source, d&rsquo;un \u00e9l\u00e9ment qui \u00ab\u00a0approvisionne les terroristes en cartes t\u00e9l\u00e9phoniques et en nourriture\u00a0\u00bb.<\/p>\n<p>Il est \u00e0 rappeler que samedi peu avant l&rsquo;heure de rupture du jeune, des affrontements et un \u00e9change de coups de feu ont eu lieu entre forces arm\u00e9es et terroristes au Mont Ouergha, pr\u00e8s de Jradou entre Sakiet Sidi Youssef et Touiref (gouvernorat du Kef) au cours desquels deux militaires ont \u00e9t\u00e9 tu\u00e9s et quatre autres bless\u00e9s.<\/p>\n","protected":false},"excerpt":{"rendered":"<p>Terrorisme : Arrestations \u00e0 Sidi Bouzid et au Kef<\/p>\n","protected":false},"author":3222,"featured_media":320836,"comment_status":"open","ping_status":"closed","sticky":false,"template":"","format":"standard","meta":{"footnotes":""},"categories":[11342],"tags":[],"class_list":["post-180156","post","type-post","status-publish","format-standard","has-post-thumbnail","hentry","category-terrorisme"],"yoast_head":"<!-- This site is optimized with the Yoast SEO Premium plugin v27.5 (Yoast SEO v27.5) - https:\/\/yoast.com\/product\/yoast-seo-premium-wordpress\/ -->\n<title>Terrorisme : Arrestations \u00e0 Sidi Bouzid et au Kef<\/title>\n<meta name=\"description\" content=\"Terrorisme : Arrestations \u00e0 Sidi Bouzid et au Kef\" \/>\n<link rel=\"canonical\" href=\"https:\/\/www.webdo.tn\/fr\/actualite\/terrorisme\/terrorisme-arrestations-sidi-bouzid-au-kef-2\/180156\/\" \/>\n<meta property=\"og:locale\" content=\"fr_FR\" \/>\n<meta property=\"og:type\" content=\"article\" \/>\n<meta property=\"og:title\" content=\"Terrorisme : Arrestations \u00e0 Sidi Bouzid et au Kef\" \/>\n<meta property=\"og:description\" content=\"Terrorisme : Arrestations \u00e0 Sidi Bouzid et au Kef\" \/>\n<meta property=\"og:url\" content=\"https:\/\/www.webdo.tn\/fr\/actualite\/terrorisme\/terrorisme-arrestations-sidi-bouzid-au-kef-2\/180156\/\" \/>\n<meta property=\"og:site_name\" content=\"webdo\" \/>\n<meta property=\"article:publisher\" content=\"https:\/\/www.facebook.com\/webdotn\" \/>\n<meta property=\"article:published_time\" content=\"2014-07-28T07:40:00+00:00\" \/>\n<meta property=\"article:modified_time\" content=\"2025-06-04T18:19:49+00:00\" \/>\n<meta property=\"og:image\" content=\"https:\/\/www.webdo.tn\/fr\/wp-content\/uploads\/2014\/07\/Brigade-Anti-Terrorisme-1.jpg\" \/>\n\t<meta property=\"og:image:width\" content=\"266\" \/>\n\t<meta property=\"og:image:height\" content=\"200\" \/>\n\t<meta property=\"og:image:type\" content=\"image\/jpeg\" \/>\n<meta name=\"author\" content=\"webdo.tn\" \/>\n<meta name=\"twitter:card\" content=\"summary_large_image\" \/>\n<meta name=\"twitter:creator\" content=\"@webdo_tn\" \/>\n<meta name=\"twitter:site\" content=\"@webdo_tn\" \/>\n<meta name=\"twitter:label1\" content=\"\u00c9crit par\" \/>\n\t<meta name=\"twitter:data1\" content=\"webdo.tn\" \/>\n\t<meta name=\"twitter:label2\" content=\"Dur\u00e9e de lecture estim\u00e9e\" \/>\n\t<meta name=\"twitter:data2\" content=\"1 minute\" \/>\n<script type=\"application\/ld+json\" class=\"yoast-schema-graph\">{\"@context\":\"https:\\\/\\\/schema.org\",\"@graph\":[{\"@type\":\"NewsArticle\",\"@id\":\"https:\\\/\\\/www.webdo.tn\\\/fr\\\/actualite\\\/terrorisme\\\/terrorisme-arrestations-sidi-bouzid-au-kef-2\\\/180156\\\/#article\",\"isPartOf\":{\"@id\":\"https:\\\/\\\/www.webdo.tn\\\/fr\\\/actualite\\\/terrorisme\\\/terrorisme-arrestations-sidi-bouzid-au-kef-2\\\/180156\\\/\"},\"author\":{\"name\":\"webdo.tn\",\"@id\":\"https:\\\/\\\/www.webdo.tn\\\/fr\\\/#\\\/schema\\\/person\\\/9a9c6118d687c117df8ef3cc36a4d175\"},\"headline\":\"Terrorisme : Arrestations \u00e0 Sidi Bouzid et au Kef\",\"datePublished\":\"2014-07-28T07:40:00+00:00\",\"dateModified\":\"2025-06-04T18:19:49+00:00\",\"mainEntityOfPage\":{\"@id\":\"https:\\\/\\\/www.webdo.tn\\\/fr\\\/actualite\\\/terrorisme\\\/terrorisme-arrestations-sidi-bouzid-au-kef-2\\\/180156\\\/\"},\"wordCount\":264,\"commentCount\":0,\"publisher\":{\"@id\":\"https:\\\/\\\/www.webdo.tn\\\/fr\\\/#organization\"},\"image\":{\"@id\":\"https:\\\/\\\/www.webdo.tn\\\/fr\\\/actualite\\\/terrorisme\\\/terrorisme-arrestations-sidi-bouzid-au-kef-2\\\/180156\\\/#primaryimage\"},\"thumbnailUrl\":\"https:\\\/\\\/www.webdo.tn\\\/fr\\\/wp-content\\\/uploads\\\/2014\\\/07\\\/Brigade-Anti-Terrorisme-1.jpg\",\"articleSection\":[\"Terrorisme\"],\"inLanguage\":\"fr-FR\"},{\"@type\":\"WebPage\",\"@id\":\"https:\\\/\\\/www.webdo.tn\\\/fr\\\/actualite\\\/terrorisme\\\/terrorisme-arrestations-sidi-bouzid-au-kef-2\\\/180156\\\/\",\"url\":\"https:\\\/\\\/www.webdo.tn\\\/fr\\\/actualite\\\/terrorisme\\\/terrorisme-arrestations-sidi-bouzid-au-kef-2\\\/180156\\\/\",\"name\":\"Terrorisme : Arrestations \u00e0 Sidi Bouzid et au Kef\",\"isPartOf\":{\"@id\":\"https:\\\/\\\/www.webdo.tn\\\/fr\\\/#website\"},\"primaryImageOfPage\":{\"@id\":\"https:\\\/\\\/www.webdo.tn\\\/fr\\\/actualite\\\/terrorisme\\\/terrorisme-arrestations-sidi-bouzid-au-kef-2\\\/180156\\\/#primaryimage\"},\"image\":{\"@id\":\"https:\\\/\\\/www.webdo.tn\\\/fr\\\/actualite\\\/terrorisme\\\/terrorisme-arrestations-sidi-bouzid-au-kef-2\\\/180156\\\/#primaryimage\"},\"thumbnailUrl\":\"https:\\\/\\\/www.webdo.tn\\\/fr\\\/wp-content\\\/uploads\\\/2014\\\/07\\\/Brigade-Anti-Terrorisme-1.jpg\",\"datePublished\":\"2014-07-28T07:40:00+00:00\",\"dateModified\":\"2025-06-04T18:19:49+00:00\",\"description\":\"Terrorisme : Arrestations \u00e0 Sidi Bouzid et au Kef\",\"breadcrumb\":{\"@id\":\"https:\\\/\\\/www.webdo.tn\\\/fr\\\/actualite\\\/terrorisme\\\/terrorisme-arrestations-sidi-bouzid-au-kef-2\\\/180156\\\/#breadcrumb\"},\"inLanguage\":\"fr-FR\",\"potentialAction\":[{\"@type\":\"ReadAction\",\"target\":[\"https:\\\/\\\/www.webdo.tn\\\/fr\\\/actualite\\\/terrorisme\\\/terrorisme-arrestations-sidi-bouzid-au-kef-2\\\/180156\\\/\"]}]},{\"@type\":\"ImageObject\",\"inLanguage\":\"fr-FR\",\"@id\":\"https:\\\/\\\/www.webdo.tn\\\/fr\\\/actualite\\\/terrorisme\\\/terrorisme-arrestations-sidi-bouzid-au-kef-2\\\/180156\\\/#primaryimage\",\"url\":\"https:\\\/\\\/www.webdo.tn\\\/fr\\\/wp-content\\\/uploads\\\/2014\\\/07\\\/Brigade-Anti-Terrorisme-1.jpg\",\"contentUrl\":\"https:\\\/\\\/www.webdo.tn\\\/fr\\\/wp-content\\\/uploads\\\/2014\\\/07\\\/Brigade-Anti-Terrorisme-1.jpg\",\"width\":266,\"height\":200,\"caption\":\"Terrorisme : Arrestations \u00e0 Sidi Bouzid et au Kef\"},{\"@type\":\"BreadcrumbList\",\"@id\":\"https:\\\/\\\/www.webdo.tn\\\/fr\\\/actualite\\\/terrorisme\\\/terrorisme-arrestations-sidi-bouzid-au-kef-2\\\/180156\\\/#breadcrumb\",\"itemListElement\":[{\"@type\":\"ListItem\",\"position\":1,\"name\":\"Accueil\",\"item\":\"https:\\\/\\\/www.webdo.tn\\\/fr\\\/\"},{\"@type\":\"ListItem\",\"position\":2,\"name\":\"Terrorisme : Arrestations \u00e0 Sidi Bouzid et au Kef\"}]},{\"@type\":\"WebSite\",\"@id\":\"https:\\\/\\\/www.webdo.tn\\\/fr\\\/#website\",\"url\":\"https:\\\/\\\/www.webdo.tn\\\/fr\\\/\",\"name\":\"webdo\",\"description\":\"Tunisie - News en Tunisie et \u00e0 l&#039;international sur Webdo.tn\",\"publisher\":{\"@id\":\"https:\\\/\\\/www.webdo.tn\\\/fr\\\/#organization\"},\"potentialAction\":[{\"@type\":\"SearchAction\",\"target\":{\"@type\":\"EntryPoint\",\"urlTemplate\":\"https:\\\/\\\/www.webdo.tn\\\/fr\\\/?s={search_term_string}\"},\"query-input\":{\"@type\":\"PropertyValueSpecification\",\"valueRequired\":true,\"valueName\":\"search_term_string\"}}],\"inLanguage\":\"fr-FR\"},{\"@type\":\"Organization\",\"@id\":\"https:\\\/\\\/www.webdo.tn\\\/fr\\\/#organization\",\"name\":\"Webdo\",\"alternateName\":\"Webdo.tn\",\"url\":\"https:\\\/\\\/www.webdo.tn\\\/fr\\\/\",\"logo\":{\"@type\":\"ImageObject\",\"inLanguage\":\"fr-FR\",\"@id\":\"https:\\\/\\\/www.webdo.tn\\\/fr\\\/#\\\/schema\\\/logo\\\/image\\\/\",\"url\":\"https:\\\/\\\/www.webdo.tn\\\/fr\\\/wp-content\\\/uploads\\\/2025\\\/06\\\/Webdo-Tunisie_168377.jpg\",\"contentUrl\":\"https:\\\/\\\/www.webdo.tn\\\/fr\\\/wp-content\\\/uploads\\\/2025\\\/06\\\/Webdo-Tunisie_168377.jpg\",\"width\":301,\"height\":301,\"caption\":\"Webdo\"},\"image\":{\"@id\":\"https:\\\/\\\/www.webdo.tn\\\/fr\\\/#\\\/schema\\\/logo\\\/image\\\/\"},\"sameAs\":[\"https:\\\/\\\/www.facebook.com\\\/webdotn\",\"https:\\\/\\\/x.com\\\/webdo_tn\"],\"description\":\"Webdo est un m\u00e9dia num\u00e9rique tunisien fond\u00e9 en 2010, sp\u00e9cialis\u00e9 dans l\u2019actualit\u00e9 nationale et internationale, l\u2019\u00e9conomie, la soci\u00e9t\u00e9 et les analyses politiques. Le site s\u2019adresse \u00e0 un large public francophone et couvre l\u2019information tunisienne en temps r\u00e9el.\",\"email\":\"redac@webdo.tn\",\"legalName\":\"YNJ SARL\",\"foundingDate\":\"2010-09-06\",\"numberOfEmployees\":{\"@type\":\"QuantitativeValue\",\"minValue\":\"11\",\"maxValue\":\"50\"}},{\"@type\":\"Person\",\"@id\":\"https:\\\/\\\/www.webdo.tn\\\/fr\\\/#\\\/schema\\\/person\\\/9a9c6118d687c117df8ef3cc36a4d175\",\"name\":\"webdo.tn\",\"image\":{\"@type\":\"ImageObject\",\"inLanguage\":\"fr-FR\",\"@id\":\"https:\\\/\\\/secure.gravatar.com\\\/avatar\\\/7ce1f28c0c3bbac99ff550b85ef8e44a6950c6ee24514fb6a5489e51d06f0298?s=96&d=mm&r=g\",\"url\":\"https:\\\/\\\/secure.gravatar.com\\\/avatar\\\/7ce1f28c0c3bbac99ff550b85ef8e44a6950c6ee24514fb6a5489e51d06f0298?s=96&d=mm&r=g\",\"contentUrl\":\"https:\\\/\\\/secure.gravatar.com\\\/avatar\\\/7ce1f28c0c3bbac99ff550b85ef8e44a6950c6ee24514fb6a5489e51d06f0298?s=96&d=mm&r=g\",\"caption\":\"webdo.tn\"},\"url\":\"https:\\\/\\\/www.webdo.tn\\\/fr\\\/actualite\\\/author\\\/webdotn\\\/\"}]}<\/script>\n<!-- \/ Yoast SEO Premium plugin. -->","yoast_head_json":{"title":"Terrorisme : Arrestations \u00e0 Sidi Bouzid et au Kef","description":"Terrorisme : Arrestations \u00e0 Sidi Bouzid et au Kef","canonical":"https:\/\/www.webdo.tn\/fr\/actualite\/terrorisme\/terrorisme-arrestations-sidi-bouzid-au-kef-2\/180156\/","og_locale":"fr_FR","og_type":"article","og_title":"Terrorisme : Arrestations \u00e0 Sidi Bouzid et au Kef","og_description":"Terrorisme : Arrestations \u00e0 Sidi Bouzid et au Kef","og_url":"https:\/\/www.webdo.tn\/fr\/actualite\/terrorisme\/terrorisme-arrestations-sidi-bouzid-au-kef-2\/180156\/","og_site_name":"webdo","article_publisher":"https:\/\/www.facebook.com\/webdotn","article_published_time":"2014-07-28T07:40:00+00:00","article_modified_time":"2025-06-04T18:19:49+00:00","og_image":[{"width":266,"height":200,"url":"https:\/\/www.webdo.tn\/fr\/wp-content\/uploads\/2014\/07\/Brigade-Anti-Terrorisme-1.jpg","type":"image\/jpeg"}],"author":"webdo.tn","twitter_card":"summary_large_image","twitter_creator":"@webdo_tn","twitter_site":"@webdo_tn","twitter_misc":{"\u00c9crit par":"webdo.tn","Dur\u00e9e de lecture estim\u00e9e":"1 minute"},"schema":{"@context":"https:\/\/schema.org","@graph":[{"@type":"NewsArticle","@id":"https:\/\/www.webdo.tn\/fr\/actualite\/terrorisme\/terrorisme-arrestations-sidi-bouzid-au-kef-2\/180156\/#article","isPartOf":{"@id":"https:\/\/www.webdo.tn\/fr\/actualite\/terrorisme\/terrorisme-arrestations-sidi-bouzid-au-kef-2\/180156\/"},"author":{"name":"webdo.tn","@id":"https:\/\/www.webdo.tn\/fr\/#\/schema\/person\/9a9c6118d687c117df8ef3cc36a4d175"},"headline":"Terrorisme : Arrestations \u00e0 Sidi Bouzid et au Kef","datePublished":"2014-07-28T07:40:00+00:00","dateModified":"2025-06-04T18:19:49+00:00","mainEntityOfPage":{"@id":"https:\/\/www.webdo.tn\/fr\/actualite\/terrorisme\/terrorisme-arrestations-sidi-bouzid-au-kef-2\/180156\/"},"wordCount":264,"commentCount":0,"publisher":{"@id":"https:\/\/www.webdo.tn\/fr\/#organization"},"image":{"@id":"https:\/\/www.webdo.tn\/fr\/actualite\/terrorisme\/terrorisme-arrestations-sidi-bouzid-au-kef-2\/180156\/#primaryimage"},"thumbnailUrl":"https:\/\/www.webdo.tn\/fr\/wp-content\/uploads\/2014\/07\/Brigade-Anti-Terrorisme-1.jpg","articleSection":["Terrorisme"],"inLanguage":"fr-FR"},{"@type":"WebPage","@id":"https:\/\/www.webdo.tn\/fr\/actualite\/terrorisme\/terrorisme-arrestations-sidi-bouzid-au-kef-2\/180156\/","url":"https:\/\/www.webdo.tn\/fr\/actualite\/terrorisme\/terrorisme-arrestations-sidi-bouzid-au-kef-2\/180156\/","name":"Terrorisme : Arrestations \u00e0 Sidi Bouzid et au Kef","isPartOf":{"@id":"https:\/\/www.webdo.tn\/fr\/#website"},"primaryImageOfPage":{"@id":"https:\/\/www.webdo.tn\/fr\/actualite\/terrorisme\/terrorisme-arrestations-sidi-bouzid-au-kef-2\/180156\/#primaryimage"},"image":{"@id":"https:\/\/www.webdo.tn\/fr\/actualite\/terrorisme\/terrorisme-arrestations-sidi-bouzid-au-kef-2\/180156\/#primaryimage"},"thumbnailUrl":"https:\/\/www.webdo.tn\/fr\/wp-content\/uploads\/2014\/07\/Brigade-Anti-Terrorisme-1.jpg","datePublished":"2014-07-28T07:40:00+00:00","dateModified":"2025-06-04T18:19:49+00:00","description":"Terrorisme : Arrestations \u00e0 Sidi Bouzid et au Kef","breadcrumb":{"@id":"https:\/\/www.webdo.tn\/fr\/actualite\/terrorisme\/terrorisme-arrestations-sidi-bouzid-au-kef-2\/180156\/#breadcrumb"},"inLanguage":"fr-FR","potentialAction":[{"@type":"ReadAction","target":["https:\/\/www.webdo.tn\/fr\/actualite\/terrorisme\/terrorisme-arrestations-sidi-bouzid-au-kef-2\/180156\/"]}]},{"@type":"ImageObject","inLanguage":"fr-FR","@id":"https:\/\/www.webdo.tn\/fr\/actualite\/terrorisme\/terrorisme-arrestations-sidi-bouzid-au-kef-2\/180156\/#primaryimage","url":"https:\/\/www.webdo.tn\/fr\/wp-content\/uploads\/2014\/07\/Brigade-Anti-Terrorisme-1.jpg","contentUrl":"https:\/\/www.webdo.tn\/fr\/wp-content\/uploads\/2014\/07\/Brigade-Anti-Terrorisme-1.jpg","width":266,"height":200,"caption":"Terrorisme : Arrestations \u00e0 Sidi Bouzid et au Kef"},{"@type":"BreadcrumbList","@id":"https:\/\/www.webdo.tn\/fr\/actualite\/terrorisme\/terrorisme-arrestations-sidi-bouzid-au-kef-2\/180156\/#breadcrumb","itemListElement":[{"@type":"ListItem","position":1,"name":"Accueil","item":"https:\/\/www.webdo.tn\/fr\/"},{"@type":"ListItem","position":2,"name":"Terrorisme : Arrestations \u00e0 Sidi Bouzid et au Kef"}]},{"@type":"WebSite","@id":"https:\/\/www.webdo.tn\/fr\/#website","url":"https:\/\/www.webdo.tn\/fr\/","name":"webdo","description":"Tunisie - News en Tunisie et \u00e0 l&#039;international sur Webdo.tn","publisher":{"@id":"https:\/\/www.webdo.tn\/fr\/#organization"},"potentialAction":[{"@type":"SearchAction","target":{"@type":"EntryPoint","urlTemplate":"https:\/\/www.webdo.tn\/fr\/?s={search_term_string}"},"query-input":{"@type":"PropertyValueSpecification","valueRequired":true,"valueName":"search_term_string"}}],"inLanguage":"fr-FR"},{"@type":"Organization","@id":"https:\/\/www.webdo.tn\/fr\/#organization","name":"Webdo","alternateName":"Webdo.tn","url":"https:\/\/www.webdo.tn\/fr\/","logo":{"@type":"ImageObject","inLanguage":"fr-FR","@id":"https:\/\/www.webdo.tn\/fr\/#\/schema\/logo\/image\/","url":"https:\/\/www.webdo.tn\/fr\/wp-content\/uploads\/2025\/06\/Webdo-Tunisie_168377.jpg","contentUrl":"https:\/\/www.webdo.tn\/fr\/wp-content\/uploads\/2025\/06\/Webdo-Tunisie_168377.jpg","width":301,"height":301,"caption":"Webdo"},"image":{"@id":"https:\/\/www.webdo.tn\/fr\/#\/schema\/logo\/image\/"},"sameAs":["https:\/\/www.facebook.com\/webdotn","https:\/\/x.com\/webdo_tn"],"description":"Webdo est un m\u00e9dia num\u00e9rique tunisien fond\u00e9 en 2010, sp\u00e9cialis\u00e9 dans l\u2019actualit\u00e9 nationale et internationale, l\u2019\u00e9conomie, la soci\u00e9t\u00e9 et les analyses politiques. Le site s\u2019adresse \u00e0 un large public francophone et couvre l\u2019information tunisienne en temps r\u00e9el.","email":"redac@webdo.tn","legalName":"YNJ SARL","foundingDate":"2010-09-06","numberOfEmployees":{"@type":"QuantitativeValue","minValue":"11","maxValue":"50"}},{"@type":"Person","@id":"https:\/\/www.webdo.tn\/fr\/#\/schema\/person\/9a9c6118d687c117df8ef3cc36a4d175","name":"webdo.tn","image":{"@type":"ImageObject","inLanguage":"fr-FR","@id":"https:\/\/secure.gravatar.com\/avatar\/7ce1f28c0c3bbac99ff550b85ef8e44a6950c6ee24514fb6a5489e51d06f0298?s=96&d=mm&r=g","url":"https:\/\/secure.gravatar.com\/avatar\/7ce1f28c0c3bbac99ff550b85ef8e44a6950c6ee24514fb6a5489e51d06f0298?s=96&d=mm&r=g","contentUrl":"https:\/\/secure.gravatar.com\/avatar\/7ce1f28c0c3bbac99ff550b85ef8e44a6950c6ee24514fb6a5489e51d06f0298?s=96&d=mm&r=g","caption":"webdo.tn"},"url":"https:\/\/www.webdo.tn\/fr\/actualite\/author\/webdotn\/"}]}},"_links":{"self":[{"href":"https:\/\/www.webdo.tn\/fr\/wp-json\/wp\/v2\/posts\/180156","targetHints":{"allow":["GET"]}}],"collection":[{"href":"https:\/\/www.webdo.tn\/fr\/wp-json\/wp\/v2\/posts"}],"about":[{"href":"https:\/\/www.webdo.tn\/fr\/wp-json\/wp\/v2\/types\/post"}],"author":[{"embeddable":true,"href":"https:\/\/www.webdo.tn\/fr\/wp-json\/wp\/v2\/users\/3222"}],"replies":[{"embeddable":true,"href":"https:\/\/www.webdo.tn\/fr\/wp-json\/wp\/v2\/comments?post=180156"}],"version-history":[{"count":0,"href":"https:\/\/www.webdo.tn\/fr\/wp-json\/wp\/v2\/posts\/180156\/revisions"}],"wp:featuredmedia":[{"embeddable":true,"href":"https:\/\/www.webdo.tn\/fr\/wp-json\/wp\/v2\/media\/320836"}],"wp:attachment":[{"href":"https:\/\/www.webdo.tn\/fr\/wp-json\/wp\/v2\/media?parent=180156"}],"wp:term":[{"taxonomy":"category","embeddable":true,"href":"https:\/\/www.webdo.tn\/fr\/wp-json\/wp\/v2\/categories?post=180156"},{"taxonomy":"post_tag","embeddable":true,"href":"https:\/\/www.webdo.tn\/fr\/wp-json\/wp\/v2\/tags?post=180156"}],"curies":[{"name":"wp","href":"https:\/\/api.w.org\/{rel}","templated":true}]}}